{"id":88904,"date":"2014-02-13T15:03:05","date_gmt":"2014-02-13T15:03:05","guid":{"rendered":"http:\/\/www.pressenza.com\/?p=88904"},"modified":"2014-02-13T15:03:05","modified_gmt":"2014-02-13T15:03:05","slug":"nigeria-la-lotta-al-terrorismo-non-ha-portato-piu-sicurezza-alla-popolazione-civile","status":"publish","type":"post","link":"https:\/\/www.pressenza.com\/it\/2014\/02\/nigeria-la-lotta-al-terrorismo-non-ha-portato-piu-sicurezza-alla-popolazione-civile\/","title":{"rendered":"Nigeria: la lotta al terrorismo non ha portato pi\u00f9 sicurezza alla popolazione civile"},"content":{"rendered":"<p>&nbsp;<\/p>\n<p><img loading=\"lazy\" decoding=\"async\" title=\"Sfruttamento petrolifero sul delta del Niger (gas flaring).\" alt=\"Sfruttamento petrolifero sul delta del Niger (gas flaring).\" src=\"http:\/\/www.gfbv.it\/2c-stampa\/2014\/140213nigeria.jpg\" width=\"425\" height=\"319\" \/> Sfruttamento petrolifero sul delta del Niger (gas flaring).<\/p>\n<p>A nove mesi dalla proclamazione dello stato d&#8217;emergenza nei tre stati federali della Nigeria settentrionale la lotta al terrorismo della polizia e dell&#8217;esercito nigeriano non hanno comportato alcun cambiamento per quanto riguarda la sicurezza della popolazione civile. Dal 14 maggio 2013 ad oggi 1.5000 persone sono morte per mano della setta radical-islamica Boko Haram negli stati federali del Borno, Adamawa e Yobe. La violenza di Boko Haram non si rivolge solo contro la popolazione cristiana del paese ma prende di mira sempre pi\u00f9 anche la popolazione di fede musulmana. Di fatto oltre un terzo delle vittime \u00e8 musulmana. Boko Haram mira a diffondere terrore e caos nel paese e a delegittimare l&#8217;ordine istituzionale. Da inizio dell&#8217;anno ad oggi gi\u00e0 258 persone &#8211; Cristiani e Musulmani &#8211; sono morti per mano di Boko Haram.<\/p>\n<p>Lo scorso 11 febbraio circa 400 miliziani pesantemente armati di Boko Haram hanno preso d&#8217;assalto la cittadina di Konduga nello stato federale del Borno sparando all&#8217;impazzata contro le persone e dando fuoco a oltre 1.000 case e ad una moschea. Hanno cos\u00ec ucciso 51 persone e preso in ostaggio 20 ragazzine di una scuola prima di lasciare la cittadina.<\/p>\n<p>Dopo nove mesi di stato d&#8217;emergenza e guerra al terrorismo spesso condotta con estrema violenza le forze di sicurezza nigeriane non sono ancora riuscite a porre fine al terrore della setta. Credenti musulmani vengono spesso accusati arbitrariamente di sostenere Boko Haram semplicemente a causa del loro credo o della loro appartenenza etnica. In gennaio ad esempio sono stati arrestati 294 commercianti nel sud della Nigeria accusati di sostenere Boko Haram in virt\u00f9 della loro provenienza dalla Nigeria settentrionale. Dopo essere stati liberati i commercianti hanno comunque dovuto tornare nel nord del paese. La stessa sorte \u00e8 toccata a 84 persone provenienti dalle regione settentrionali del paese che stavano seguendo un corso di formazione nel sud della Nigeria.<\/p>\n<p>Secondo l&#8217;Associazione per i popoli minacciati, il governo e le forze dell&#8217;ordine nigeriano hanno gi\u00e0 perso la guerra contro Boko Haram se pensano di poter porre fine al terrorismo unicamente con la forza militare. Finch\u00e9 il governo non avvier\u00e0 un reale e credibile programma per porre fine al crescente impoverimento della popolazione nigeriana la setta radical-islamica continuer\u00e0 a trovare nuovi combattenti con relativa facilit\u00e0.<\/p>\n","protected":false},"excerpt":{"rendered":"<p>&nbsp; Sfruttamento petrolifero sul delta del Niger (gas flaring). A nove mesi dalla proclamazione dello stato d&#8217;emergenza nei tre stati federali della Nigeria settentrionale la lotta al terrorismo della polizia e dell&#8217;esercito nigeriano non hanno comportato alcun cambiamento per quanto&hellip;<\/p>\n","protected":false},"author":903,"featured_media":0,"comment_status":"closed","ping_status":"open","sticky":false,"template":"","format":"standard","meta":{"footnotes":""},"categories":[45,150,1261,55],"tags":[9032,4027,290],"class_list":["post-88904","post","type-post","status-publish","format-standard","hentry","category-africa-it","category-comunicati-stampa","category-diversita","category-politica","tag-boko-haram","tag-nigeria-it","tag-terrorismo"],"yoast_head":"<!-- This site is optimized with the Yoast SEO plugin v27.1.1 - https:\/\/yoast.com\/product\/yoast-seo-wordpress\/ -->\n<title>Nigeria: la lotta al terrorismo non ha portato pi\u00f9 sicurezza alla popolazione civile<\/title>\n<meta name=\"description\" content=\"&nbsp; Sfruttamento petrolifero sul delta del Niger (gas flaring). A nove mesi dalla proclamazione dello stato d&#039;emergenza nei tre stati federali della\" \/>\n<meta name=\"robots\" content=\"index, follow, max-snippet:-1, max-image-preview:large, max-video-preview:-1\" \/>\n<link rel=\"canonical\" href=\"https:\/\/www.pressenza.com\/it\/2014\/02\/nigeria-la-lotta-al-terrorismo-non-ha-portato-piu-sicurezza-alla-popolazione-civile\/\" \/>\n<meta property=\"og:locale\" content=\"it_IT\" \/>\n<meta property=\"og:type\" content=\"article\" \/>\n<meta property=\"og:title\" content=\"Nigeria: la lotta al terrorismo non ha portato pi\u00f9 sicurezza alla popolazione civile\" \/>\n<meta property=\"og:description\" content=\"&nbsp; Sfruttamento petrolifero sul delta del Niger (gas flaring). A nove mesi dalla proclamazione dello stato d&#039;emergenza nei tre stati federali della\" \/>\n<meta property=\"og:url\" content=\"https:\/\/www.pressenza.com\/it\/2014\/02\/nigeria-la-lotta-al-terrorismo-non-ha-portato-piu-sicurezza-alla-popolazione-civile\/\" \/>\n<meta property=\"og:site_name\" content=\"Pressenza\" \/>\n<meta property=\"article:publisher\" content=\"https:\/\/www.facebook.com\/PressenzaItalia\" \/>\n<meta property=\"article:author\" content=\"https:\/\/www.facebook.com\/popoliminacciati\" \/>\n<meta property=\"article:published_time\" content=\"2014-02-13T15:03:05+00:00\" \/>\n<meta property=\"og:image\" content=\"http:\/\/www.gfbv.it\/2c-stampa\/2014\/140213nigeria.jpg\" \/>\n<meta name=\"author\" content=\"Associazione per i Popoli Minacciati\" \/>\n<meta name=\"twitter:card\" content=\"summary_large_image\" \/>\n<meta name=\"twitter:creator\" content=\"@PressenzaIPA\" \/>\n<meta name=\"twitter:site\" content=\"@PressenzaIPA\" \/>\n<meta name=\"twitter:label1\" content=\"Scritto da\" \/>\n\t<meta name=\"twitter:data1\" content=\"Associazione per i Popoli Minacciati\" \/>\n\t<meta name=\"twitter:label2\" content=\"Tempo di lettura stimato\" \/>\n\t<meta name=\"twitter:data2\" content=\"2 minuti\" \/>\n<script type=\"application\/ld+json\" class=\"yoast-schema-graph\">{\"@context\":\"https:\/\/schema.org\",\"@graph\":[{\"@type\":\"Article\",\"@id\":\"https:\/\/www.pressenza.com\/it\/2014\/02\/nigeria-la-lotta-al-terrorismo-non-ha-portato-piu-sicurezza-alla-popolazione-civile\/#article\",\"isPartOf\":{\"@id\":\"https:\/\/www.pressenza.com\/it\/2014\/02\/nigeria-la-lotta-al-terrorismo-non-ha-portato-piu-sicurezza-alla-popolazione-civile\/\"},\"author\":{\"name\":\"Associazione per i Popoli Minacciati\",\"@id\":\"https:\/\/www.pressenza.com\/it\/#\/schema\/person\/cdd4529aa9392a0fa5dc5a848b317076\"},\"headline\":\"Nigeria: la lotta al terrorismo non ha portato pi\u00f9 sicurezza alla popolazione civile\",\"datePublished\":\"2014-02-13T15:03:05+00:00\",\"mainEntityOfPage\":{\"@id\":\"https:\/\/www.pressenza.com\/it\/2014\/02\/nigeria-la-lotta-al-terrorismo-non-ha-portato-piu-sicurezza-alla-popolazione-civile\/\"},\"wordCount\":391,\"publisher\":{\"@id\":\"https:\/\/www.pressenza.com\/it\/#organization\"},\"image\":{\"@id\":\"https:\/\/www.pressenza.com\/it\/2014\/02\/nigeria-la-lotta-al-terrorismo-non-ha-portato-piu-sicurezza-alla-popolazione-civile\/#primaryimage\"},\"thumbnailUrl\":\"http:\/\/www.gfbv.it\/2c-stampa\/2014\/140213nigeria.jpg\",\"keywords\":[\"Boko Haram\",\"Nigeria\",\"terrorismo\"],\"articleSection\":[\"Africa\",\"Comunicati Stampa\",\"Non discriminazione\",\"Politica\"],\"inLanguage\":\"it-IT\"},{\"@type\":\"WebPage\",\"@id\":\"https:\/\/www.pressenza.com\/it\/2014\/02\/nigeria-la-lotta-al-terrorismo-non-ha-portato-piu-sicurezza-alla-popolazione-civile\/\",\"url\":\"https:\/\/www.pressenza.com\/it\/2014\/02\/nigeria-la-lotta-al-terrorismo-non-ha-portato-piu-sicurezza-alla-popolazione-civile\/\",\"name\":\"Nigeria: la lotta al terrorismo non ha portato pi\u00f9 sicurezza alla popolazione civile\",\"isPartOf\":{\"@id\":\"https:\/\/www.pressenza.com\/it\/#website\"},\"primaryImageOfPage\":{\"@id\":\"https:\/\/www.pressenza.com\/it\/2014\/02\/nigeria-la-lotta-al-terrorismo-non-ha-portato-piu-sicurezza-alla-popolazione-civile\/#primaryimage\"},\"image\":{\"@id\":\"https:\/\/www.pressenza.com\/it\/2014\/02\/nigeria-la-lotta-al-terrorismo-non-ha-portato-piu-sicurezza-alla-popolazione-civile\/#primaryimage\"},\"thumbnailUrl\":\"http:\/\/www.gfbv.it\/2c-stampa\/2014\/140213nigeria.jpg\",\"datePublished\":\"2014-02-13T15:03:05+00:00\",\"description\":\"&nbsp; Sfruttamento petrolifero sul delta del Niger (gas flaring). A nove mesi dalla proclamazione dello stato d'emergenza nei tre stati federali della\",\"breadcrumb\":{\"@id\":\"https:\/\/www.pressenza.com\/it\/2014\/02\/nigeria-la-lotta-al-terrorismo-non-ha-portato-piu-sicurezza-alla-popolazione-civile\/#breadcrumb\"},\"inLanguage\":\"it-IT\",\"potentialAction\":[{\"@type\":\"ReadAction\",\"target\":[\"https:\/\/www.pressenza.com\/it\/2014\/02\/nigeria-la-lotta-al-terrorismo-non-ha-portato-piu-sicurezza-alla-popolazione-civile\/\"]}]},{\"@type\":\"ImageObject\",\"inLanguage\":\"it-IT\",\"@id\":\"https:\/\/www.pressenza.com\/it\/2014\/02\/nigeria-la-lotta-al-terrorismo-non-ha-portato-piu-sicurezza-alla-popolazione-civile\/#primaryimage\",\"url\":\"http:\/\/www.gfbv.it\/2c-stampa\/2014\/140213nigeria.jpg\",\"contentUrl\":\"http:\/\/www.gfbv.it\/2c-stampa\/2014\/140213nigeria.jpg\"},{\"@type\":\"BreadcrumbList\",\"@id\":\"https:\/\/www.pressenza.com\/it\/2014\/02\/nigeria-la-lotta-al-terrorismo-non-ha-portato-piu-sicurezza-alla-popolazione-civile\/#breadcrumb\",\"itemListElement\":[{\"@type\":\"ListItem\",\"position\":1,\"name\":\"Accueil\",\"item\":\"https:\/\/www.pressenza.com\/it\/\"},{\"@type\":\"ListItem\",\"position\":2,\"name\":\"Nigeria: la lotta al terrorismo non ha portato pi\u00f9 sicurezza alla popolazione civile\"}]},{\"@type\":\"WebSite\",\"@id\":\"https:\/\/www.pressenza.com\/it\/#website\",\"url\":\"https:\/\/www.pressenza.com\/it\/\",\"name\":\"Pressenza\",\"description\":\"Agenzia di Stampa Internazionale\",\"publisher\":{\"@id\":\"https:\/\/www.pressenza.com\/it\/#organization\"},\"potentialAction\":[{\"@type\":\"SearchAction\",\"target\":{\"@type\":\"EntryPoint\",\"urlTemplate\":\"https:\/\/www.pressenza.com\/it\/?s={search_term_string}\"},\"query-input\":{\"@type\":\"PropertyValueSpecification\",\"valueRequired\":true,\"valueName\":\"search_term_string\"}}],\"inLanguage\":\"it-IT\"},{\"@type\":\"Organization\",\"@id\":\"https:\/\/www.pressenza.com\/it\/#organization\",\"name\":\"Pressenza\",\"url\":\"https:\/\/www.pressenza.com\/it\/\",\"logo\":{\"@type\":\"ImageObject\",\"inLanguage\":\"it-IT\",\"@id\":\"https:\/\/www.pressenza.com\/it\/#\/schema\/logo\/image\/\",\"url\":\"https:\/\/www.pressenza.com\/wp-content\/uploads\/2022\/10\/pressenza_logo_200x200.jpg\",\"contentUrl\":\"https:\/\/www.pressenza.com\/wp-content\/uploads\/2022\/10\/pressenza_logo_200x200.jpg\",\"width\":200,\"height\":200,\"caption\":\"Pressenza\"},\"image\":{\"@id\":\"https:\/\/www.pressenza.com\/it\/#\/schema\/logo\/image\/\"},\"sameAs\":[\"https:\/\/www.facebook.com\/PressenzaItalia\",\"https:\/\/x.com\/PressenzaIPA\"]},{\"@type\":\"Person\",\"@id\":\"https:\/\/www.pressenza.com\/it\/#\/schema\/person\/cdd4529aa9392a0fa5dc5a848b317076\",\"name\":\"Associazione per i Popoli Minacciati\",\"description\":\"L'APM d\u00e0 voce alle vittime delle violazioni dei diritti umani. Assieme alle vittime, ci impegniamo per i diritti delle minoranze etniche, linguistiche e religiose minacciate e perseguitate, dei popoli senza Stato e delle comunit\u00e0 dei popoli indigeni. Senza condizionamenti politici o ideologici rendiamo noti crimini contro l'umanit\u00e0 e accusiamo i responsabili di genocidi, di esodi di massa, di repressioni, di persecuzioni e di discriminazioni. Siamo sempre dalla parte delle vittime di arbitr\u00ee e violenze. Con il nostro stato consultivo presso le Nazioni Unite abbiamo il diritto di parola alle Conferenze internazionali. In questo modo consentiamo ai rappresentanti di queste minoranze l'accesso agli organi dell'ONU. La nostra organizzazione lavora al livello internazionale: l'APM si trova in Germania, Italia (Sudtirolo), Francia, Svizzera, Austria, Lussemburgo e Bosnia-Herzegowina. www.gfbv.it\",\"sameAs\":[\"http:\/\/www.gfbv.it\/\",\"https:\/\/www.facebook.com\/popoliminacciati\"],\"url\":\"https:\/\/www.pressenza.com\/it\/author\/associazione-per-i-popoli-minacciati\/\"}]}<\/script>\n<!-- \/ Yoast SEO plugin. -->","yoast_head_json":{"title":"Nigeria: la lotta al terrorismo non ha portato pi\u00f9 sicurezza alla popolazione civile","description":"&nbsp; Sfruttamento petrolifero sul delta del Niger (gas flaring). A nove mesi dalla proclamazione dello stato d'emergenza nei tre stati federali della","robots":{"index":"index","follow":"follow","max-snippet":"max-snippet:-1","max-image-preview":"max-image-preview:large","max-video-preview":"max-video-preview:-1"},"canonical":"https:\/\/www.pressenza.com\/it\/2014\/02\/nigeria-la-lotta-al-terrorismo-non-ha-portato-piu-sicurezza-alla-popolazione-civile\/","og_locale":"it_IT","og_type":"article","og_title":"Nigeria: la lotta al terrorismo non ha portato pi\u00f9 sicurezza alla popolazione civile","og_description":"&nbsp; Sfruttamento petrolifero sul delta del Niger (gas flaring). A nove mesi dalla proclamazione dello stato d'emergenza nei tre stati federali della","og_url":"https:\/\/www.pressenza.com\/it\/2014\/02\/nigeria-la-lotta-al-terrorismo-non-ha-portato-piu-sicurezza-alla-popolazione-civile\/","og_site_name":"Pressenza","article_publisher":"https:\/\/www.facebook.com\/PressenzaItalia","article_author":"https:\/\/www.facebook.com\/popoliminacciati","article_published_time":"2014-02-13T15:03:05+00:00","og_image":[{"url":"http:\/\/www.gfbv.it\/2c-stampa\/2014\/140213nigeria.jpg","type":"","width":"","height":""}],"author":"Associazione per i Popoli Minacciati","twitter_card":"summary_large_image","twitter_creator":"@PressenzaIPA","twitter_site":"@PressenzaIPA","twitter_misc":{"Scritto da":"Associazione per i Popoli Minacciati","Tempo di lettura stimato":"2 minuti"},"schema":{"@context":"https:\/\/schema.org","@graph":[{"@type":"Article","@id":"https:\/\/www.pressenza.com\/it\/2014\/02\/nigeria-la-lotta-al-terrorismo-non-ha-portato-piu-sicurezza-alla-popolazione-civile\/#article","isPartOf":{"@id":"https:\/\/www.pressenza.com\/it\/2014\/02\/nigeria-la-lotta-al-terrorismo-non-ha-portato-piu-sicurezza-alla-popolazione-civile\/"},"author":{"name":"Associazione per i Popoli Minacciati","@id":"https:\/\/www.pressenza.com\/it\/#\/schema\/person\/cdd4529aa9392a0fa5dc5a848b317076"},"headline":"Nigeria: la lotta al terrorismo non ha portato pi\u00f9 sicurezza alla popolazione civile","datePublished":"2014-02-13T15:03:05+00:00","mainEntityOfPage":{"@id":"https:\/\/www.pressenza.com\/it\/2014\/02\/nigeria-la-lotta-al-terrorismo-non-ha-portato-piu-sicurezza-alla-popolazione-civile\/"},"wordCount":391,"publisher":{"@id":"https:\/\/www.pressenza.com\/it\/#organization"},"image":{"@id":"https:\/\/www.pressenza.com\/it\/2014\/02\/nigeria-la-lotta-al-terrorismo-non-ha-portato-piu-sicurezza-alla-popolazione-civile\/#primaryimage"},"thumbnailUrl":"http:\/\/www.gfbv.it\/2c-stampa\/2014\/140213nigeria.jpg","keywords":["Boko Haram","Nigeria","terrorismo"],"articleSection":["Africa","Comunicati Stampa","Non discriminazione","Politica"],"inLanguage":"it-IT"},{"@type":"WebPage","@id":"https:\/\/www.pressenza.com\/it\/2014\/02\/nigeria-la-lotta-al-terrorismo-non-ha-portato-piu-sicurezza-alla-popolazione-civile\/","url":"https:\/\/www.pressenza.com\/it\/2014\/02\/nigeria-la-lotta-al-terrorismo-non-ha-portato-piu-sicurezza-alla-popolazione-civile\/","name":"Nigeria: la lotta al terrorismo non ha portato pi\u00f9 sicurezza alla popolazione civile","isPartOf":{"@id":"https:\/\/www.pressenza.com\/it\/#website"},"primaryImageOfPage":{"@id":"https:\/\/www.pressenza.com\/it\/2014\/02\/nigeria-la-lotta-al-terrorismo-non-ha-portato-piu-sicurezza-alla-popolazione-civile\/#primaryimage"},"image":{"@id":"https:\/\/www.pressenza.com\/it\/2014\/02\/nigeria-la-lotta-al-terrorismo-non-ha-portato-piu-sicurezza-alla-popolazione-civile\/#primaryimage"},"thumbnailUrl":"http:\/\/www.gfbv.it\/2c-stampa\/2014\/140213nigeria.jpg","datePublished":"2014-02-13T15:03:05+00:00","description":"&nbsp; Sfruttamento petrolifero sul delta del Niger (gas flaring). A nove mesi dalla proclamazione dello stato d'emergenza nei tre stati federali della","breadcrumb":{"@id":"https:\/\/www.pressenza.com\/it\/2014\/02\/nigeria-la-lotta-al-terrorismo-non-ha-portato-piu-sicurezza-alla-popolazione-civile\/#breadcrumb"},"inLanguage":"it-IT","potentialAction":[{"@type":"ReadAction","target":["https:\/\/www.pressenza.com\/it\/2014\/02\/nigeria-la-lotta-al-terrorismo-non-ha-portato-piu-sicurezza-alla-popolazione-civile\/"]}]},{"@type":"ImageObject","inLanguage":"it-IT","@id":"https:\/\/www.pressenza.com\/it\/2014\/02\/nigeria-la-lotta-al-terrorismo-non-ha-portato-piu-sicurezza-alla-popolazione-civile\/#primaryimage","url":"http:\/\/www.gfbv.it\/2c-stampa\/2014\/140213nigeria.jpg","contentUrl":"http:\/\/www.gfbv.it\/2c-stampa\/2014\/140213nigeria.jpg"},{"@type":"BreadcrumbList","@id":"https:\/\/www.pressenza.com\/it\/2014\/02\/nigeria-la-lotta-al-terrorismo-non-ha-portato-piu-sicurezza-alla-popolazione-civile\/#breadcrumb","itemListElement":[{"@type":"ListItem","position":1,"name":"Accueil","item":"https:\/\/www.pressenza.com\/it\/"},{"@type":"ListItem","position":2,"name":"Nigeria: la lotta al terrorismo non ha portato pi\u00f9 sicurezza alla popolazione civile"}]},{"@type":"WebSite","@id":"https:\/\/www.pressenza.com\/it\/#website","url":"https:\/\/www.pressenza.com\/it\/","name":"Pressenza","description":"Agenzia di Stampa Internazionale","publisher":{"@id":"https:\/\/www.pressenza.com\/it\/#organization"},"potentialAction":[{"@type":"SearchAction","target":{"@type":"EntryPoint","urlTemplate":"https:\/\/www.pressenza.com\/it\/?s={search_term_string}"},"query-input":{"@type":"PropertyValueSpecification","valueRequired":true,"valueName":"search_term_string"}}],"inLanguage":"it-IT"},{"@type":"Organization","@id":"https:\/\/www.pressenza.com\/it\/#organization","name":"Pressenza","url":"https:\/\/www.pressenza.com\/it\/","logo":{"@type":"ImageObject","inLanguage":"it-IT","@id":"https:\/\/www.pressenza.com\/it\/#\/schema\/logo\/image\/","url":"https:\/\/www.pressenza.com\/wp-content\/uploads\/2022\/10\/pressenza_logo_200x200.jpg","contentUrl":"https:\/\/www.pressenza.com\/wp-content\/uploads\/2022\/10\/pressenza_logo_200x200.jpg","width":200,"height":200,"caption":"Pressenza"},"image":{"@id":"https:\/\/www.pressenza.com\/it\/#\/schema\/logo\/image\/"},"sameAs":["https:\/\/www.facebook.com\/PressenzaItalia","https:\/\/x.com\/PressenzaIPA"]},{"@type":"Person","@id":"https:\/\/www.pressenza.com\/it\/#\/schema\/person\/cdd4529aa9392a0fa5dc5a848b317076","name":"Associazione per i Popoli Minacciati","description":"L'APM d\u00e0 voce alle vittime delle violazioni dei diritti umani. Assieme alle vittime, ci impegniamo per i diritti delle minoranze etniche, linguistiche e religiose minacciate e perseguitate, dei popoli senza Stato e delle comunit\u00e0 dei popoli indigeni. Senza condizionamenti politici o ideologici rendiamo noti crimini contro l'umanit\u00e0 e accusiamo i responsabili di genocidi, di esodi di massa, di repressioni, di persecuzioni e di discriminazioni. Siamo sempre dalla parte delle vittime di arbitr\u00ee e violenze. Con il nostro stato consultivo presso le Nazioni Unite abbiamo il diritto di parola alle Conferenze internazionali. In questo modo consentiamo ai rappresentanti di queste minoranze l'accesso agli organi dell'ONU. La nostra organizzazione lavora al livello internazionale: l'APM si trova in Germania, Italia (Sudtirolo), Francia, Svizzera, Austria, Lussemburgo e Bosnia-Herzegowina. www.gfbv.it","sameAs":["http:\/\/www.gfbv.it\/","https:\/\/www.facebook.com\/popoliminacciati"],"url":"https:\/\/www.pressenza.com\/it\/author\/associazione-per-i-popoli-minacciati\/"}]}},"place":"","original_article_url":"","_links":{"self":[{"href":"https:\/\/www.pressenza.com\/it\/wp-json\/wp\/v2\/posts\/88904","targetHints":{"allow":["GET"]}}],"collection":[{"href":"https:\/\/www.pressenza.com\/it\/wp-json\/wp\/v2\/posts"}],"about":[{"href":"https:\/\/www.pressenza.com\/it\/wp-json\/wp\/v2\/types\/post"}],"author":[{"embeddable":true,"href":"https:\/\/www.pressenza.com\/it\/wp-json\/wp\/v2\/users\/903"}],"replies":[{"embeddable":true,"href":"https:\/\/www.pressenza.com\/it\/wp-json\/wp\/v2\/comments?post=88904"}],"version-history":[{"count":0,"href":"https:\/\/www.pressenza.com\/it\/wp-json\/wp\/v2\/posts\/88904\/revisions"}],"wp:attachment":[{"href":"https:\/\/www.pressenza.com\/it\/wp-json\/wp\/v2\/media?parent=88904"}],"wp:term":[{"taxonomy":"category","embeddable":true,"href":"https:\/\/www.pressenza.com\/it\/wp-json\/wp\/v2\/categories?post=88904"},{"taxonomy":"post_tag","embeddable":true,"href":"https:\/\/www.pressenza.com\/it\/wp-json\/wp\/v2\/tags?post=88904"}],"curies":[{"name":"wp","href":"https:\/\/api.w.org\/{rel}","templated":true}]}}