{"id":88578,"date":"2014-02-10T10:43:59","date_gmt":"2014-02-10T10:43:59","guid":{"rendered":"http:\/\/www.pressenza.com\/?p=88578"},"modified":"2014-02-10T10:43:59","modified_gmt":"2014-02-10T10:43:59","slug":"italicum-ovvero-il-lupo-perde-il-pelo-ma-non-il-vizio","status":"publish","type":"post","link":"https:\/\/www.pressenza.com\/it\/2014\/02\/italicum-ovvero-il-lupo-perde-il-pelo-ma-non-il-vizio\/","title":{"rendered":"Italicum, ovvero il lupo perde il pelo ma non il vizio"},"content":{"rendered":"<p>&nbsp;<\/p>\n<p><img decoding=\"async\" alt=\"\" src=\"http:\/\/www.partitoumanista.it\/3.0\/images\/articoli\/italicum.jpg\" \/><\/p>\n<p>La legge elettorale italicum \u00e8 profondamente sbagliata. I partiti di maggioranza sono cos\u00ec determinati a portare a casa il risultato da essere diventati una vera e propria carica di cavalleria sulla volont\u00e0 dei cittadini. Stanno travolgendo tutto ci\u00f2 che trovano davanti a s\u00e9, infischiandosene allegramente della volont\u00e0 popolare. Ormai la discussione squisitamente dedicata alle percentuali di torta, percentuali che verranno generosamente distribuite a loro stessi.<br \/>\nNel dibattito in generale si sentono opinioni pro e contro maggioritario. Vale la pena quindi approfondire molto di pi\u00f9 la discussione perch\u00e9 \u00e8 in gioco il nostro futuro.<br \/>\nPerch\u00e9 logica vuole che la sostituzione di un modello non condiviso apre la strada al metodo elettorale che veramente pu\u00f2 portare il cambiamento in Parlamento. Ovviamente la nostra scelta cade nel proporzionale puro, quindi senza sbarramenti,\u00a0con la possibilit\u00e0 di scelta dei candidati sulla scheda. Ma vediamo cosa c&#8217;\u00e8 sotto la punta dell&#8217;iceberg.<\/p>\n<p>Ormai molte voci autorevoli dicono apertamente che l&#8217;eliminazione della scelta dei candidati \u00e8 un metodo elettorale che limita fortemente la democrazia. Questo \u00e8 talmente palese che pure alcuni dei partiti presenti in parlamento ci sono arrivati; soprattutto per lo scontento che arrivava dagli &#8220;elettori&#8221;, ovvero noi gente comune.<\/p>\n<p>Ma c&#8217;\u00e8 <strong>un altro aspetto anche pi\u00f9 pesantemente antidemocratico della negazione delle preferenze: gli sbarramenti.<\/strong> Sono proprio questi ultimi che impediscono il normale svolgimento della democrazia. Sono, inoltre, le firme obbligatorie raccolte tramite pubblici ufficiali (a pagamento) che impediscono o limitano, nel migliore dei casi, la presentazione di nuovi soggetti politici. Se veramente vogliamo immaginare dei cambiamenti \u00e8 anche naturale che questi cambiamenti siano portati da movimenti e soggetti politici nuovi; essi nascono piccoli e vanno via via ingrandendosi e raccogliendo alla fine cos\u00ec tanti consensi da entrare in Parlamento. Con lo sbarramento, per\u00f2, cambia tutto. Se guardiamo i numeri, infatti, \u00e8 evidente che uno sbarramento, per esempio, al 4% corrispondente a circa 1.200.000 voti ed \u00e8 un limite assurdo per semplici cittadini.<\/p>\n<p>Per semplificare, a titolo di esempio, questa soglia potr\u00e0 essere raggiunta da alcuni tipi di movimenti:<br \/>\na) movimenti che nascono da soggetti (spesso singoli individui) dotati di una particolare quantit\u00e0 di ricchezza in grado di ottenere spazi mediatici e fare grandi campagne elettorali con mezzi economici privati.<\/p>\n<p>b) movimenti che nascono da soggetti influenti nella societ\u00e0 (es. artisti, imprenditori, ecc.) che costruiscono la loro fortuna intorno a un leader che gi\u00e0 aveva in partenza un potere mediatico.<\/p>\n<p>c) movimenti lobbystici in cui gruppi d&#8217;interesse trasversali si uniscono per influenzare direttamente la politica raccogliendo ingenti quantit\u00e0 di fondi per le elezioni.<\/p>\n<p>Sono solo degli esempi, per\u00f2 sono molto aderenti a quello che \u00e8 successo in questi ultimi anni. Risulta pi\u00f9 chiaro adesso spiegare qual&#8217;era fin dall&#8217;inizio il disegno del bipolarismo: eliminare alla radice qualunque forma di dissenso pi\u00f9 radicale, tagliando le gambe ai comuni cittadini che si presentano per entrare in Parlamento; poco importa quale sia la matrice all&#8217;origine del soggetto politico. In ultima analisi in politica non contano neanche pi\u00f9 le idee o la militanza, contano i mezzi (i soldi) con i quali si riesce a ripetere all&#8217;infinito (mediante i massmedia) la propria idea.<\/p>\n<p>Tutto questo potr\u00e0 essere anche opinabile, ma di fatto quello che si \u00e8 cercato di fare e si sta facendo, ancora una volta, \u00e8 di fermare la democrazia, impedendo la partecipazione alle elezioni e nel Parlamento sia alle minoranze, sia ai nuovi soggetti politici che portano la novit\u00e0 nelle istituzioni. In questo senso, per dovere di cronaca, il ruolo del M5S risulter\u00e0 particolarmente ipocrita, nella misura in cui non lotti per eliminare ogni sbarramento e ogni tipo di impedimento (raccolta firme) che limita la partecipazione dei cittadini alla politica.<br \/>\nC&#8217;\u00e8 da chiedersi come si intenderebbe combattere il nemico (la casta) se si usano poi le stesse armi. C&#8217;\u00e8 da chiedersi come si fa a fare una campagna mediatica piangendo davanti alle telecamere perch\u00e9 bisogna raccogliere le firme anche solo per presentarsi ad un elezione; per un movimento piccolo e nuovo sarebbe effettivamente come scalare l&#8217;Empire State Building a mani nude in un giorno di pioggia. Sinceramente, proprio non si capisce perch\u00e9 M5S vuole obbligare tutti gli altri movimenti, piccoli o nuovi, a percorrere la stessa via crucis. Questo comportamento pu\u00f2 essere guidato solo dal calcolo politico, dall&#8217;ipocrisia e dalla convenienza immediata.<\/p>\n<p>Se ragioniamo in questi termini di reale limitazione della democrazia della sovranit\u00e0 dei cittadini capiamo anche benissimo il metodo renzellum, che probabilmente sostituir\u00e0 il porcellum. Dopo aver alzato il ponte levatoio del castello assediato con un bello sbarramento all&#8217;8% (ma solo per i partiti che si presentano da soli e che guarda caso saranno quelli che veramente vorrebbero cambiare qualcosa), verr\u00e0 dato un premio di maggioranza con doppio turno alle coalizioni che superano il 37%. Ovvero: danno un premio a se stessi! Il metodo \u00e8 una bufala in cui il doppio turno diventa un&#8217;illusione ottica. Una scelta apparente in un contesto in cui non potremo scegliere pi\u00f9 niente tra tante opzioni di uno stesso sistema. Alla faccia della democrazia.<\/p>\n<p><strong>Quindi, cari elettori, state attenti: \u00e8 in arrivo un&#8217;altra fregatura. Non \u00e8 certo eliminando le rappresentanze di tutte le minoranze, non \u00e8 certo impedendoci (di fatto) di presentare nuovi soggetti politici, che si crea una nazione dove tutti potranno vivere meglio. Al contrario, aumenter\u00e0 l&#8217;astensionismo e lo scollamento tra la politica e i cittadini. Aumenter\u00e0, purtroppo, la delusione generale: diminuir\u00e0 la sovranit\u00e0 dei cittadini, che sembra essere il vero scopo di questa nuova legge elettorale.<\/strong> Andiamo verso periodi turbolenti in cui sar\u00e0 sempre pi\u00f9 necessario il cambiamento; questa \u00e8 la strategia con cui vogliono impedirci di portare nuove proposte e nuove facce dentro il palazzo.<\/p>\n<p>Non \u00e8 certo con la riproposizione di una variante aggraziata (ma neanche molto) del porcellum che si potranno minimamente cambiare le cose. <strong>Solo con il proporzionale puro, come deciso dalla consulta e come indicato, non a caso, anche dalla nostra costituzione, si pu\u00f2 avere uno strumento per sperare di riacciuffare la sovranit\u00e0 ormai parzialmente perduta. Il Partito Umanista ha sempre proposto e continua a sostenere l&#8217;unica legge elettorale giusta: il proporzionale puro.<\/strong><\/p>\n","protected":false},"excerpt":{"rendered":"<p>&nbsp; La legge elettorale italicum \u00e8 profondamente sbagliata. I partiti di maggioranza sono cos\u00ec determinati a portare a casa il risultato da essere diventati una vera e propria carica di cavalleria sulla volont\u00e0 dei cittadini. Stanno travolgendo tutto ci\u00f2 che&hellip;<\/p>\n","protected":false},"author":481,"featured_media":0,"comment_status":"closed","ping_status":"open","sticky":false,"template":"","format":"standard","meta":{"footnotes":""},"categories":[150,47,55],"tags":[8808,1659,8996,8995],"class_list":["post-88578","post","type-post","status-publish","format-standard","hentry","category-comunicati-stampa","category-europa","category-politica","tag-italicum","tag-legge-elettorale","tag-proporzionale-puro","tag-sistema-proporzionale"],"yoast_head":"<!-- This site is optimized with the Yoast SEO plugin v27.1.1 - https:\/\/yoast.com\/product\/yoast-seo-wordpress\/ -->\n<title>Italicum, ovvero il lupo perde il pelo ma non il vizio<\/title>\n<meta name=\"description\" content=\"&nbsp; La legge elettorale italicum \u00e8 profondamente sbagliata. I partiti di maggioranza sono cos\u00ec determinati a portare a casa il risultato da essere\" \/>\n<meta name=\"robots\" content=\"index, follow, max-snippet:-1, max-image-preview:large, max-video-preview:-1\" \/>\n<link rel=\"canonical\" href=\"https:\/\/www.pressenza.com\/it\/2014\/02\/italicum-ovvero-il-lupo-perde-il-pelo-ma-non-il-vizio\/\" \/>\n<meta property=\"og:locale\" content=\"it_IT\" \/>\n<meta property=\"og:type\" content=\"article\" \/>\n<meta property=\"og:title\" content=\"Italicum, ovvero il lupo perde il pelo ma non il vizio\" \/>\n<meta property=\"og:description\" content=\"&nbsp; La legge elettorale italicum \u00e8 profondamente sbagliata. I partiti di maggioranza sono cos\u00ec determinati a portare a casa il risultato da essere\" \/>\n<meta property=\"og:url\" content=\"https:\/\/www.pressenza.com\/it\/2014\/02\/italicum-ovvero-il-lupo-perde-il-pelo-ma-non-il-vizio\/\" \/>\n<meta property=\"og:site_name\" content=\"Pressenza\" \/>\n<meta property=\"article:publisher\" content=\"https:\/\/www.facebook.com\/PressenzaItalia\" \/>\n<meta property=\"article:author\" content=\"https:\/\/www.facebook.com\/pages\/Partito-Umanista\/\" \/>\n<meta property=\"article:published_time\" content=\"2014-02-10T10:43:59+00:00\" \/>\n<meta property=\"og:image\" content=\"http:\/\/www.partitoumanista.it\/3.0\/images\/articoli\/italicum.jpg\" \/>\n<meta name=\"author\" content=\"Partito Umanista\" \/>\n<meta name=\"twitter:card\" content=\"summary_large_image\" \/>\n<meta name=\"twitter:creator\" content=\"@partitoumanista\" \/>\n<meta name=\"twitter:site\" content=\"@PressenzaIPA\" \/>\n<meta name=\"twitter:label1\" content=\"Scritto da\" \/>\n\t<meta name=\"twitter:data1\" content=\"Partito Umanista\" \/>\n\t<meta name=\"twitter:label2\" content=\"Tempo di lettura stimato\" \/>\n\t<meta name=\"twitter:data2\" content=\"5 minuti\" \/>\n<script type=\"application\/ld+json\" class=\"yoast-schema-graph\">{\"@context\":\"https:\/\/schema.org\",\"@graph\":[{\"@type\":\"Article\",\"@id\":\"https:\/\/www.pressenza.com\/it\/2014\/02\/italicum-ovvero-il-lupo-perde-il-pelo-ma-non-il-vizio\/#article\",\"isPartOf\":{\"@id\":\"https:\/\/www.pressenza.com\/it\/2014\/02\/italicum-ovvero-il-lupo-perde-il-pelo-ma-non-il-vizio\/\"},\"author\":{\"name\":\"Partito Umanista\",\"@id\":\"https:\/\/www.pressenza.com\/it\/#\/schema\/person\/444a68b8b263dbd36ac1531293ea9cae\"},\"headline\":\"Italicum, ovvero il lupo perde il pelo ma non il vizio\",\"datePublished\":\"2014-02-10T10:43:59+00:00\",\"mainEntityOfPage\":{\"@id\":\"https:\/\/www.pressenza.com\/it\/2014\/02\/italicum-ovvero-il-lupo-perde-il-pelo-ma-non-il-vizio\/\"},\"wordCount\":1006,\"publisher\":{\"@id\":\"https:\/\/www.pressenza.com\/it\/#organization\"},\"image\":{\"@id\":\"https:\/\/www.pressenza.com\/it\/2014\/02\/italicum-ovvero-il-lupo-perde-il-pelo-ma-non-il-vizio\/#primaryimage\"},\"thumbnailUrl\":\"http:\/\/www.partitoumanista.it\/3.0\/images\/articoli\/italicum.jpg\",\"keywords\":[\"Italicum\",\"legge elettorale\",\"proporzionale puro\",\"sistema proporzionale\"],\"articleSection\":[\"Comunicati Stampa\",\"Europa\",\"Politica\"],\"inLanguage\":\"it-IT\"},{\"@type\":\"WebPage\",\"@id\":\"https:\/\/www.pressenza.com\/it\/2014\/02\/italicum-ovvero-il-lupo-perde-il-pelo-ma-non-il-vizio\/\",\"url\":\"https:\/\/www.pressenza.com\/it\/2014\/02\/italicum-ovvero-il-lupo-perde-il-pelo-ma-non-il-vizio\/\",\"name\":\"Italicum, ovvero il lupo perde il pelo ma non il vizio\",\"isPartOf\":{\"@id\":\"https:\/\/www.pressenza.com\/it\/#website\"},\"primaryImageOfPage\":{\"@id\":\"https:\/\/www.pressenza.com\/it\/2014\/02\/italicum-ovvero-il-lupo-perde-il-pelo-ma-non-il-vizio\/#primaryimage\"},\"image\":{\"@id\":\"https:\/\/www.pressenza.com\/it\/2014\/02\/italicum-ovvero-il-lupo-perde-il-pelo-ma-non-il-vizio\/#primaryimage\"},\"thumbnailUrl\":\"http:\/\/www.partitoumanista.it\/3.0\/images\/articoli\/italicum.jpg\",\"datePublished\":\"2014-02-10T10:43:59+00:00\",\"description\":\"&nbsp; La legge elettorale italicum \u00e8 profondamente sbagliata. I partiti di maggioranza sono cos\u00ec determinati a portare a casa il risultato da essere\",\"breadcrumb\":{\"@id\":\"https:\/\/www.pressenza.com\/it\/2014\/02\/italicum-ovvero-il-lupo-perde-il-pelo-ma-non-il-vizio\/#breadcrumb\"},\"inLanguage\":\"it-IT\",\"potentialAction\":[{\"@type\":\"ReadAction\",\"target\":[\"https:\/\/www.pressenza.com\/it\/2014\/02\/italicum-ovvero-il-lupo-perde-il-pelo-ma-non-il-vizio\/\"]}]},{\"@type\":\"ImageObject\",\"inLanguage\":\"it-IT\",\"@id\":\"https:\/\/www.pressenza.com\/it\/2014\/02\/italicum-ovvero-il-lupo-perde-il-pelo-ma-non-il-vizio\/#primaryimage\",\"url\":\"http:\/\/www.partitoumanista.it\/3.0\/images\/articoli\/italicum.jpg\",\"contentUrl\":\"http:\/\/www.partitoumanista.it\/3.0\/images\/articoli\/italicum.jpg\"},{\"@type\":\"BreadcrumbList\",\"@id\":\"https:\/\/www.pressenza.com\/it\/2014\/02\/italicum-ovvero-il-lupo-perde-il-pelo-ma-non-il-vizio\/#breadcrumb\",\"itemListElement\":[{\"@type\":\"ListItem\",\"position\":1,\"name\":\"Accueil\",\"item\":\"https:\/\/www.pressenza.com\/it\/\"},{\"@type\":\"ListItem\",\"position\":2,\"name\":\"Italicum, ovvero il lupo perde il pelo ma non il vizio\"}]},{\"@type\":\"WebSite\",\"@id\":\"https:\/\/www.pressenza.com\/it\/#website\",\"url\":\"https:\/\/www.pressenza.com\/it\/\",\"name\":\"Pressenza\",\"description\":\"Agenzia di Stampa Internazionale\",\"publisher\":{\"@id\":\"https:\/\/www.pressenza.com\/it\/#organization\"},\"potentialAction\":[{\"@type\":\"SearchAction\",\"target\":{\"@type\":\"EntryPoint\",\"urlTemplate\":\"https:\/\/www.pressenza.com\/it\/?s={search_term_string}\"},\"query-input\":{\"@type\":\"PropertyValueSpecification\",\"valueRequired\":true,\"valueName\":\"search_term_string\"}}],\"inLanguage\":\"it-IT\"},{\"@type\":\"Organization\",\"@id\":\"https:\/\/www.pressenza.com\/it\/#organization\",\"name\":\"Pressenza\",\"url\":\"https:\/\/www.pressenza.com\/it\/\",\"logo\":{\"@type\":\"ImageObject\",\"inLanguage\":\"it-IT\",\"@id\":\"https:\/\/www.pressenza.com\/it\/#\/schema\/logo\/image\/\",\"url\":\"https:\/\/www.pressenza.com\/wp-content\/uploads\/2022\/10\/pressenza_logo_200x200.jpg\",\"contentUrl\":\"https:\/\/www.pressenza.com\/wp-content\/uploads\/2022\/10\/pressenza_logo_200x200.jpg\",\"width\":200,\"height\":200,\"caption\":\"Pressenza\"},\"image\":{\"@id\":\"https:\/\/www.pressenza.com\/it\/#\/schema\/logo\/image\/\"},\"sameAs\":[\"https:\/\/www.facebook.com\/PressenzaItalia\",\"https:\/\/x.com\/PressenzaIPA\"]},{\"@type\":\"Person\",\"@id\":\"https:\/\/www.pressenza.com\/it\/#\/schema\/person\/444a68b8b263dbd36ac1531293ea9cae\",\"name\":\"Partito Umanista\",\"description\":\"www.partitoumanista.it\",\"sameAs\":[\"http:\/\/www.partitoumanista.it\",\"https:\/\/www.facebook.com\/pages\/Partito-Umanista\/\",\"https:\/\/x.com\/partitoumanista\"],\"url\":\"https:\/\/www.pressenza.com\/it\/author\/partito-umanista\/\"}]}<\/script>\n<!-- \/ Yoast SEO plugin. -->","yoast_head_json":{"title":"Italicum, ovvero il lupo perde il pelo ma non il vizio","description":"&nbsp; La legge elettorale italicum \u00e8 profondamente sbagliata. I partiti di maggioranza sono cos\u00ec determinati a portare a casa il risultato da essere","robots":{"index":"index","follow":"follow","max-snippet":"max-snippet:-1","max-image-preview":"max-image-preview:large","max-video-preview":"max-video-preview:-1"},"canonical":"https:\/\/www.pressenza.com\/it\/2014\/02\/italicum-ovvero-il-lupo-perde-il-pelo-ma-non-il-vizio\/","og_locale":"it_IT","og_type":"article","og_title":"Italicum, ovvero il lupo perde il pelo ma non il vizio","og_description":"&nbsp; La legge elettorale italicum \u00e8 profondamente sbagliata. I partiti di maggioranza sono cos\u00ec determinati a portare a casa il risultato da essere","og_url":"https:\/\/www.pressenza.com\/it\/2014\/02\/italicum-ovvero-il-lupo-perde-il-pelo-ma-non-il-vizio\/","og_site_name":"Pressenza","article_publisher":"https:\/\/www.facebook.com\/PressenzaItalia","article_author":"https:\/\/www.facebook.com\/pages\/Partito-Umanista\/","article_published_time":"2014-02-10T10:43:59+00:00","og_image":[{"url":"http:\/\/www.partitoumanista.it\/3.0\/images\/articoli\/italicum.jpg","type":"","width":"","height":""}],"author":"Partito Umanista","twitter_card":"summary_large_image","twitter_creator":"@partitoumanista","twitter_site":"@PressenzaIPA","twitter_misc":{"Scritto da":"Partito Umanista","Tempo di lettura stimato":"5 minuti"},"schema":{"@context":"https:\/\/schema.org","@graph":[{"@type":"Article","@id":"https:\/\/www.pressenza.com\/it\/2014\/02\/italicum-ovvero-il-lupo-perde-il-pelo-ma-non-il-vizio\/#article","isPartOf":{"@id":"https:\/\/www.pressenza.com\/it\/2014\/02\/italicum-ovvero-il-lupo-perde-il-pelo-ma-non-il-vizio\/"},"author":{"name":"Partito Umanista","@id":"https:\/\/www.pressenza.com\/it\/#\/schema\/person\/444a68b8b263dbd36ac1531293ea9cae"},"headline":"Italicum, ovvero il lupo perde il pelo ma non il vizio","datePublished":"2014-02-10T10:43:59+00:00","mainEntityOfPage":{"@id":"https:\/\/www.pressenza.com\/it\/2014\/02\/italicum-ovvero-il-lupo-perde-il-pelo-ma-non-il-vizio\/"},"wordCount":1006,"publisher":{"@id":"https:\/\/www.pressenza.com\/it\/#organization"},"image":{"@id":"https:\/\/www.pressenza.com\/it\/2014\/02\/italicum-ovvero-il-lupo-perde-il-pelo-ma-non-il-vizio\/#primaryimage"},"thumbnailUrl":"http:\/\/www.partitoumanista.it\/3.0\/images\/articoli\/italicum.jpg","keywords":["Italicum","legge elettorale","proporzionale puro","sistema proporzionale"],"articleSection":["Comunicati Stampa","Europa","Politica"],"inLanguage":"it-IT"},{"@type":"WebPage","@id":"https:\/\/www.pressenza.com\/it\/2014\/02\/italicum-ovvero-il-lupo-perde-il-pelo-ma-non-il-vizio\/","url":"https:\/\/www.pressenza.com\/it\/2014\/02\/italicum-ovvero-il-lupo-perde-il-pelo-ma-non-il-vizio\/","name":"Italicum, ovvero il lupo perde il pelo ma non il vizio","isPartOf":{"@id":"https:\/\/www.pressenza.com\/it\/#website"},"primaryImageOfPage":{"@id":"https:\/\/www.pressenza.com\/it\/2014\/02\/italicum-ovvero-il-lupo-perde-il-pelo-ma-non-il-vizio\/#primaryimage"},"image":{"@id":"https:\/\/www.pressenza.com\/it\/2014\/02\/italicum-ovvero-il-lupo-perde-il-pelo-ma-non-il-vizio\/#primaryimage"},"thumbnailUrl":"http:\/\/www.partitoumanista.it\/3.0\/images\/articoli\/italicum.jpg","datePublished":"2014-02-10T10:43:59+00:00","description":"&nbsp; La legge elettorale italicum \u00e8 profondamente sbagliata. I partiti di maggioranza sono cos\u00ec determinati a portare a casa il risultato da essere","breadcrumb":{"@id":"https:\/\/www.pressenza.com\/it\/2014\/02\/italicum-ovvero-il-lupo-perde-il-pelo-ma-non-il-vizio\/#breadcrumb"},"inLanguage":"it-IT","potentialAction":[{"@type":"ReadAction","target":["https:\/\/www.pressenza.com\/it\/2014\/02\/italicum-ovvero-il-lupo-perde-il-pelo-ma-non-il-vizio\/"]}]},{"@type":"ImageObject","inLanguage":"it-IT","@id":"https:\/\/www.pressenza.com\/it\/2014\/02\/italicum-ovvero-il-lupo-perde-il-pelo-ma-non-il-vizio\/#primaryimage","url":"http:\/\/www.partitoumanista.it\/3.0\/images\/articoli\/italicum.jpg","contentUrl":"http:\/\/www.partitoumanista.it\/3.0\/images\/articoli\/italicum.jpg"},{"@type":"BreadcrumbList","@id":"https:\/\/www.pressenza.com\/it\/2014\/02\/italicum-ovvero-il-lupo-perde-il-pelo-ma-non-il-vizio\/#breadcrumb","itemListElement":[{"@type":"ListItem","position":1,"name":"Accueil","item":"https:\/\/www.pressenza.com\/it\/"},{"@type":"ListItem","position":2,"name":"Italicum, ovvero il lupo perde il pelo ma non il vizio"}]},{"@type":"WebSite","@id":"https:\/\/www.pressenza.com\/it\/#website","url":"https:\/\/www.pressenza.com\/it\/","name":"Pressenza","description":"Agenzia di Stampa Internazionale","publisher":{"@id":"https:\/\/www.pressenza.com\/it\/#organization"},"potentialAction":[{"@type":"SearchAction","target":{"@type":"EntryPoint","urlTemplate":"https:\/\/www.pressenza.com\/it\/?s={search_term_string}"},"query-input":{"@type":"PropertyValueSpecification","valueRequired":true,"valueName":"search_term_string"}}],"inLanguage":"it-IT"},{"@type":"Organization","@id":"https:\/\/www.pressenza.com\/it\/#organization","name":"Pressenza","url":"https:\/\/www.pressenza.com\/it\/","logo":{"@type":"ImageObject","inLanguage":"it-IT","@id":"https:\/\/www.pressenza.com\/it\/#\/schema\/logo\/image\/","url":"https:\/\/www.pressenza.com\/wp-content\/uploads\/2022\/10\/pressenza_logo_200x200.jpg","contentUrl":"https:\/\/www.pressenza.com\/wp-content\/uploads\/2022\/10\/pressenza_logo_200x200.jpg","width":200,"height":200,"caption":"Pressenza"},"image":{"@id":"https:\/\/www.pressenza.com\/it\/#\/schema\/logo\/image\/"},"sameAs":["https:\/\/www.facebook.com\/PressenzaItalia","https:\/\/x.com\/PressenzaIPA"]},{"@type":"Person","@id":"https:\/\/www.pressenza.com\/it\/#\/schema\/person\/444a68b8b263dbd36ac1531293ea9cae","name":"Partito Umanista","description":"www.partitoumanista.it","sameAs":["http:\/\/www.partitoumanista.it","https:\/\/www.facebook.com\/pages\/Partito-Umanista\/","https:\/\/x.com\/partitoumanista"],"url":"https:\/\/www.pressenza.com\/it\/author\/partito-umanista\/"}]}},"place":"","original_article_url":"","_links":{"self":[{"href":"https:\/\/www.pressenza.com\/it\/wp-json\/wp\/v2\/posts\/88578","targetHints":{"allow":["GET"]}}],"collection":[{"href":"https:\/\/www.pressenza.com\/it\/wp-json\/wp\/v2\/posts"}],"about":[{"href":"https:\/\/www.pressenza.com\/it\/wp-json\/wp\/v2\/types\/post"}],"author":[{"embeddable":true,"href":"https:\/\/www.pressenza.com\/it\/wp-json\/wp\/v2\/users\/481"}],"replies":[{"embeddable":true,"href":"https:\/\/www.pressenza.com\/it\/wp-json\/wp\/v2\/comments?post=88578"}],"version-history":[{"count":0,"href":"https:\/\/www.pressenza.com\/it\/wp-json\/wp\/v2\/posts\/88578\/revisions"}],"wp:attachment":[{"href":"https:\/\/www.pressenza.com\/it\/wp-json\/wp\/v2\/media?parent=88578"}],"wp:term":[{"taxonomy":"category","embeddable":true,"href":"https:\/\/www.pressenza.com\/it\/wp-json\/wp\/v2\/categories?post=88578"},{"taxonomy":"post_tag","embeddable":true,"href":"https:\/\/www.pressenza.com\/it\/wp-json\/wp\/v2\/tags?post=88578"}],"curies":[{"name":"wp","href":"https:\/\/api.w.org\/{rel}","templated":true}]}}