{"id":882330,"date":"2019-07-06T16:44:19","date_gmt":"2019-07-06T15:44:19","guid":{"rendered":"https:\/\/www.pressenza.com\/?p=882330"},"modified":"2019-07-06T16:45:59","modified_gmt":"2019-07-06T15:45:59","slug":"combattenti-nonviolenti","status":"publish","type":"post","link":"https:\/\/www.pressenza.com\/it\/2019\/07\/combattenti-nonviolenti\/","title":{"rendered":"Combattenti Nonviolenti"},"content":{"rendered":"<p><strong>Pressenza ha intervistato gli amici dei Combattenti Nonviolenti,<\/strong> un\u2019iniziativa nonviolenta nata recentemente. In questo momento in cui ci si interroga sul come rispondere al crescente livello di violenza e discriminazione, al sentimento di odio e risentimento i Combattenti Nonviolenti propongono non solo una rete tra tutti quelli che si riconoscono nella nonviolenza ma anche un modello di azione quotidiana.<\/p>\n<p>&nbsp;<\/p>\n<p><em><strong>Come vi chiamate e perch\u00e9?<\/strong><\/em><br \/>\n&#8211; Combattenti Nonviolenti. Ci sembra necessario mettere in chiaro che siamo nonviolenti, come punto di partenza. Combattenti perch\u00e9 al di l\u00e0 di un comportamento che uno pu\u00f2 avere che \u00e8 di per s\u00e9 nonviolento, ci sembra importante che in alcune situazioni si cominci a non tirarsi indietro. Capita a volte di imbattersi in situazioni di discriminazione, che possono essere le classiche chiacchiere da bar che uno ci passa sopra, o anche qualcosa di pi\u00f9 pesante. In quelle situazioni noi abbiamo preso questo impegno che non stiamo zitti, non ci passiamo sopra e lo stesso vale anche in situazioni pi\u00f9 gravi, come le situazioni di violenza, per l\u2019appunto. Per cui \u201ccombattenti\u201d da questo punto di vista.<\/p>\n<p><em><strong>&#8211; Non vi sembra riduttivo che il \u201ccombattimento\u201d si traduca in una presa di posizione occasionale?<\/strong><\/em><br \/>\n&#8211; A volte questa presa di posizione potrebbe anche non essere una semplice presa di posizione, nel senso che se uno \u00e8 testimone di una situazione di violenza interviene e non \u00e8 che dice \u201cMi consenta, vorrei prendere posizione su questa cosa\u201d. L\u00ec uno interviene come pu\u00f2, per\u00f2 di sicuro non si volta dall\u2019altra parte. Rispetto all\u2019occasionalit\u00e0: da un certo punto di vista s\u00ec, \u00e8 occasionale, per\u00f2 d\u2019altra parte chi prende l\u2019impegno \u00e8 sempre non discriminatorio e nonviolento e questo non \u00e8 occasionale, \u00e8 un modo di stare nel mondo che secondo noi \u00e8 fondamentale. Altra cosa, sempre rispetto all\u2019occasionalit\u00e0: lo scopo dei Combattenti Nonviolenti \u00e8 creare una rete dove il minimo comune denominatore sia appunto quello della nonviolenza e della non discriminazione, per\u00f2 nel momento stesso in cui vi si riconoscono diverse persone, che siano singoli individui o associazioni e organizzazioni, questo di per s\u00e9 pu\u00f2 dare vita a qualcosa di interessante che va al di l\u00e0 dell\u2019aspetto circostanziale.<\/p>\n<p><em><strong>&#8211; Ma voi quindi che fate, concretamente?<\/strong><\/em><br \/>\n&#8211; Concretamente assumiamo questo impegno di non essere violenti, di non discriminare e di aiutare le persone in situazioni di pericolo. E quello di intervenire se dovessimo essere testimoni di violenza, discriminazione e omissione di soccorso. Questo \u00e8 quello che facciamo concretamente e chiunque aderisca ai Combattenti Nonviolenti \u00e8 tenuto a mantenere questo impegno morale, se cos\u00ec si pu\u00f2 chiamare. Poi l\u2019idea \u00e8 che da questa rete possano nascere anche altre cose, ma di fatto l\u2019impegno \u00e8 piuttosto minimo, \u00e8 tutto qui.<br \/>\n<em><strong>&#8211; Quindi c\u2019\u00e8 una grande libert\u00e0 di scelta e di manovra, perch\u00e9 la violenza \u00e8 di tanti tipi.<\/strong><\/em><br \/>\n&#8211; Esatto, questo \u00e8 un punto della questione, perch\u00e9 chiaramente non ci riferiamo soltanto alla violenza fisica ma anche alla violenza economica e psicologica e a tutte quelle forme di violenza che sono le varie forme di discriminazione.<\/p>\n<p><em><strong>&#8211; Perch\u00e9 \u201caiutare le persone in pericolo\u201d e non, per esempio, le persone in difficolt\u00e0?<\/strong><\/em><br \/>\n&#8211; Ci sembra molto interessante aiutare chi ne ha bisogno, chi si trova in difficolt\u00e0. Per\u00f2 poi diventa molto discrezionale e uno potrebbe dire: \u201cma come, tu sei un combattente nonviolento e non aiuti la signora con le buste pesanti della spesa!\u201d o cose di questo genere, e quindi tutto si complica. Ci sono situazioni in cui magari \u00e8 normale non aiutare una persona in difficolt\u00e0 perch\u00e9 si ha qualcosa di pi\u00f9 urgente da fare, ma non \u00e8 assolutamente normale che uno non aiuti una persona in pericolo, perch\u00e9 non esiste niente di pi\u00f9 urgente da fare.<\/p>\n<p><em><strong>&#8211; C\u2019era bisogno di mettere questo quarto punto, considerando la rarit\u00e0 di tali situazioni e l\u2019obbligo che uno dovrebbe comunque avere di intervenire?<\/strong><\/em><br \/>\n&#8211; C\u2019\u00e8 sembrato opportuno perch\u00e9 abbiamo l\u2019impressione che a livello sociale si stia relativizzando un po\u2019 tutto. Si sta relativizzando la discriminazione, per cui adesso per un\u2019offesa si dice: \u201cva be\u2019, ma cosa vuoi che sia, era uno scherzo!\u201d, per cose anche molto pesanti. E si sta relativizzando purtroppo anche questa cosa del soccorso. Questo in particolare succede con i migranti in mare, per\u00f2 ovviamente noi facciamo una cosa che ha un valore generale, per cui quando una persona \u00e8 in pericolo, ovunque sia, si aiuta. Noi mettiamo solo il minimo comune denominatore: se sto in mare e qualcuno \u00e8 in pericolo lo salvo, indipendentemente dal fatto che sia un migrante o un turista. Lo stesso vale per tutte le altre situazioni: il nostro intervento \u00e8 indipendente da considerazioni su chi siano le vittime o gli eventuali aggressori. Non discriminiamo ma siamo consapevoli che l\u2019argomento stesso \u00e8 fonte di discriminazione.<\/p>\n<p><em><strong>&#8211; Insomma, \u00e8 una cosa per persone coraggiose. Magari uno \u00e8 d\u2019accordo con gli ideali che proponete ma si sente un po\u2019 coniglio, poco coraggioso. Che cosa direste a un potenziale aderente che per\u00f2 si sente un po\u2019 coniglio?<\/strong><\/em><br \/>\n&#8211; L\u2019esperienza del coniglio credo che in qualche modo l\u2019abbiamo avuta tutti. Sono quelle situazioni su cui poi ci rimugini, pensi \u201cpotevo dire questo, fare quest\u2019altro\u2026\u201d. Si sta molto meglio quando in qualche modo si interviene. Non \u00e8 che il coraggio escluda la paura, il coraggio \u00e8 proprio di chi ha paura ma avanza lo stesso. Anche il coraggio \u00e8 una cosa che si retroalimenta e che si diffonde, cos\u00ec come si diffonde la discriminazione. Le persone ultimamente si sentono autorizzate a dire determinate cose e noi crediamo che anche la non discriminazione vada diffusa. Crediamo che se ogni qualvolta che uno dice una bestialit\u00e0 ci fosse qualcun altro che interviene, sempre, ci sentiremmo meno soli e ci verrebbe pi\u00f9 facile intervenire. Vogliamo essere quel \u201cqualcun altro\u201d l\u00ec.<\/p>\n<p><em><strong>&#8211; Dicevate una cosa interessante, che la non discriminazione necessita di essere anche diffusa. Non credete che il concetto di nonviolenza sia in qualche modo ancora pi\u00f9 oscuro del concetto di discriminazione?<\/strong><\/em><br \/>\n&#8211; S\u00ec, ed \u00e8 anche uno dei motivi per cui abbiamo scelto il termine \u201ccombattenti\u201d. Perch\u00e9 si \u00e8 soliti considerare la nonviolenza come qualcosa di molto \u201clight\u201d, un atteggiamento invisibile, in cui uno \u00e8 buono, sta nel suo e non disturba. Dal nostro punto di vista, non solo ci impegniamo a tenere un atteggiamento nonviolento ma anche a intervenire quando necessario.<\/p>\n<p><em><strong>&#8211; Tra i vostri scopi c\u2019\u00e8 quello di promuovere la conoscenza della nonviolenza?<\/strong><\/em><br \/>\n&#8211; Per ora non direttamente. Vogliamo fare in modo che le persone che aderiscono a questa rete si \u201cpubblicizzino\u201d, infatti nell\u2019adesione chiediamo se una persona vuole comparire nell\u2019elenco degli aderenti oppure no e anche se ha un sito internet e in quel caso riportiamo il link. In questo modo tutti quelli che aderiscono hanno anche una panoramica di questo universo molto vario che ha a che fare con questo minimo comune denominatore della nonviolenza e della non discriminazione ma che poi pu\u00f2 proporre tantissime attivit\u00e0 diverse.\u00a0 Quindi uno entra l\u00ec dentro e dice: 1-\u201cCavolo, non sono solo!\u201d e 2) \u201cChe bello che \u00e8 questo universo di nonviolenti e non discriminatori\u201d.<\/p>\n<p><em><strong>&#8211; Vi incontrate? C\u2019\u00e8 un luogo fisico, virtuale?<\/strong><\/em><br \/>\n&#8211; Tra i dati richiesti c\u2019\u00e8 anche la localit\u00e0, per cui avremo una mappa con il numero di aderenti sul territorio e in futuro si potrebbero pensare anche incontri in alcune localit\u00e0. Per il momento abbiamo un luogo virtuale, che \u00e8 il sito:\u00a0 <a href=\"https:\/\/www.combattentinonviolenti.org\/\">\u00a0www.combattentinonviolenti.org<\/a><\/p>\n","protected":false},"excerpt":{"rendered":"<p>In questo momento in cui ci si chiede come rispondere al crescente livello di violenza, discriminazione e odio, i Combattenti Nonviolenti propongono una rete nonviolenta e un preciso modello di azione quotidiana.<\/p>\n","protected":false},"author":858,"featured_media":882331,"comment_status":"closed","ping_status":"closed","sticky":false,"template":"","format":"standard","meta":{"footnotes":""},"categories":[11388,60,47,157,1262],"tags":[2980,60673,45350,54561,460,4659,60671,60670,1634,60672],"class_list":["post-882330","post","type-post","status-publish","format-standard","has-post-thumbnail","hentry","category-contenuti-originali","category-diritti-umani","category-europa","category-interviste","category-nonviolenza-argomento","tag-antirazzismo","tag-iniziative-umaniste","tag-mutuo-soccorso","tag-non-discriminazione-es-it","tag-nonviolenza","tag-rete","tag-rete-di-solidarieta","tag-rete-nonviolenta","tag-solidarieta","tag-solidarieta-militante"],"yoast_head":"<!-- This site is optimized with the Yoast SEO plugin v27.1.1 - https:\/\/yoast.com\/product\/yoast-seo-wordpress\/ -->\n<title>Combattenti Nonviolenti<\/title>\n<meta name=\"description\" content=\"In questo momento in cui ci si chiede come rispondere al crescente livello di violenza, discriminazione e odio, i Combattenti Nonviolenti propongono una rete nonviolenta e un preciso modello di azione quotidiana.\" \/>\n<meta name=\"robots\" content=\"index, follow, max-snippet:-1, max-image-preview:large, max-video-preview:-1\" \/>\n<link rel=\"canonical\" href=\"https:\/\/www.pressenza.com\/it\/2019\/07\/combattenti-nonviolenti\/\" \/>\n<meta property=\"og:locale\" content=\"it_IT\" \/>\n<meta property=\"og:type\" content=\"article\" \/>\n<meta property=\"og:title\" content=\"Combattenti Nonviolenti\" \/>\n<meta property=\"og:description\" content=\"In questo momento in cui ci si chiede come rispondere al crescente livello di violenza, discriminazione e odio, i Combattenti Nonviolenti propongono una rete nonviolenta e un preciso modello di azione quotidiana.\" \/>\n<meta property=\"og:url\" content=\"https:\/\/www.pressenza.com\/it\/2019\/07\/combattenti-nonviolenti\/\" \/>\n<meta property=\"og:site_name\" content=\"Pressenza\" \/>\n<meta property=\"article:publisher\" content=\"https:\/\/www.facebook.com\/PressenzaItalia\" \/>\n<meta property=\"article:published_time\" content=\"2019-07-06T15:44:19+00:00\" \/>\n<meta property=\"article:modified_time\" content=\"2019-07-06T15:45:59+00:00\" \/>\n<meta property=\"og:image\" content=\"https:\/\/www.pressenza.com\/wp-content\/uploads\/2019\/07\/Combattenti-Nonviolenti.jpg\" \/>\n\t<meta property=\"og:image:width\" content=\"1200\" \/>\n\t<meta property=\"og:image:height\" content=\"800\" \/>\n\t<meta property=\"og:image:type\" content=\"image\/jpeg\" \/>\n<meta name=\"author\" content=\"Vito Correddu\" \/>\n<meta name=\"twitter:card\" content=\"summary_large_image\" \/>\n<meta name=\"twitter:creator\" content=\"@PressenzaIPA\" \/>\n<meta name=\"twitter:site\" content=\"@PressenzaIPA\" \/>\n<meta name=\"twitter:label1\" content=\"Scritto da\" \/>\n\t<meta name=\"twitter:data1\" content=\"Vito Correddu\" \/>\n\t<meta name=\"twitter:label2\" content=\"Tempo di lettura stimato\" \/>\n\t<meta name=\"twitter:data2\" content=\"6 minuti\" \/>\n<script type=\"application\/ld+json\" class=\"yoast-schema-graph\">{\"@context\":\"https:\/\/schema.org\",\"@graph\":[{\"@type\":\"Article\",\"@id\":\"https:\/\/www.pressenza.com\/it\/2019\/07\/combattenti-nonviolenti\/#article\",\"isPartOf\":{\"@id\":\"https:\/\/www.pressenza.com\/it\/2019\/07\/combattenti-nonviolenti\/\"},\"author\":{\"name\":\"Vito Correddu\",\"@id\":\"https:\/\/www.pressenza.com\/it\/#\/schema\/person\/6e1777862da0f7519f55e821ac1a39b3\"},\"headline\":\"Combattenti Nonviolenti\",\"datePublished\":\"2019-07-06T15:44:19+00:00\",\"dateModified\":\"2019-07-06T15:45:59+00:00\",\"mainEntityOfPage\":{\"@id\":\"https:\/\/www.pressenza.com\/it\/2019\/07\/combattenti-nonviolenti\/\"},\"wordCount\":1214,\"publisher\":{\"@id\":\"https:\/\/www.pressenza.com\/it\/#organization\"},\"image\":{\"@id\":\"https:\/\/www.pressenza.com\/it\/2019\/07\/combattenti-nonviolenti\/#primaryimage\"},\"thumbnailUrl\":\"https:\/\/www.pressenza.com\/wp-content\/uploads\/2019\/07\/Combattenti-Nonviolenti.jpg\",\"keywords\":[\"antirazzismo\",\"iniziative umaniste\",\"mutuo soccorso\",\"non-discriminazione\",\"nonviolenza\",\"rete\",\"rete di solidariet\u00e0\",\"rete nonviolenta\",\"solidariet\u00e0\",\"solidariet\u00e0 militante\"],\"articleSection\":[\"contenuti originali\",\"Diritti Umani\",\"Europa\",\"Interviste\",\"Nonviolenza\"],\"inLanguage\":\"it-IT\"},{\"@type\":\"WebPage\",\"@id\":\"https:\/\/www.pressenza.com\/it\/2019\/07\/combattenti-nonviolenti\/\",\"url\":\"https:\/\/www.pressenza.com\/it\/2019\/07\/combattenti-nonviolenti\/\",\"name\":\"Combattenti Nonviolenti\",\"isPartOf\":{\"@id\":\"https:\/\/www.pressenza.com\/it\/#website\"},\"primaryImageOfPage\":{\"@id\":\"https:\/\/www.pressenza.com\/it\/2019\/07\/combattenti-nonviolenti\/#primaryimage\"},\"image\":{\"@id\":\"https:\/\/www.pressenza.com\/it\/2019\/07\/combattenti-nonviolenti\/#primaryimage\"},\"thumbnailUrl\":\"https:\/\/www.pressenza.com\/wp-content\/uploads\/2019\/07\/Combattenti-Nonviolenti.jpg\",\"datePublished\":\"2019-07-06T15:44:19+00:00\",\"dateModified\":\"2019-07-06T15:45:59+00:00\",\"description\":\"In questo momento in cui ci si chiede come rispondere al crescente livello di violenza, discriminazione e odio, i Combattenti Nonviolenti propongono una rete nonviolenta e un preciso modello di azione quotidiana.\",\"breadcrumb\":{\"@id\":\"https:\/\/www.pressenza.com\/it\/2019\/07\/combattenti-nonviolenti\/#breadcrumb\"},\"inLanguage\":\"it-IT\",\"potentialAction\":[{\"@type\":\"ReadAction\",\"target\":[\"https:\/\/www.pressenza.com\/it\/2019\/07\/combattenti-nonviolenti\/\"]}]},{\"@type\":\"ImageObject\",\"inLanguage\":\"it-IT\",\"@id\":\"https:\/\/www.pressenza.com\/it\/2019\/07\/combattenti-nonviolenti\/#primaryimage\",\"url\":\"https:\/\/www.pressenza.com\/wp-content\/uploads\/2019\/07\/Combattenti-Nonviolenti.jpg\",\"contentUrl\":\"https:\/\/www.pressenza.com\/wp-content\/uploads\/2019\/07\/Combattenti-Nonviolenti.jpg\",\"width\":1200,\"height\":800,\"caption\":\"Combattenti Nonviolenti\"},{\"@type\":\"BreadcrumbList\",\"@id\":\"https:\/\/www.pressenza.com\/it\/2019\/07\/combattenti-nonviolenti\/#breadcrumb\",\"itemListElement\":[{\"@type\":\"ListItem\",\"position\":1,\"name\":\"Accueil\",\"item\":\"https:\/\/www.pressenza.com\/it\/\"},{\"@type\":\"ListItem\",\"position\":2,\"name\":\"Combattenti Nonviolenti\"}]},{\"@type\":\"WebSite\",\"@id\":\"https:\/\/www.pressenza.com\/it\/#website\",\"url\":\"https:\/\/www.pressenza.com\/it\/\",\"name\":\"Pressenza\",\"description\":\"Agenzia di Stampa Internazionale\",\"publisher\":{\"@id\":\"https:\/\/www.pressenza.com\/it\/#organization\"},\"potentialAction\":[{\"@type\":\"SearchAction\",\"target\":{\"@type\":\"EntryPoint\",\"urlTemplate\":\"https:\/\/www.pressenza.com\/it\/?s={search_term_string}\"},\"query-input\":{\"@type\":\"PropertyValueSpecification\",\"valueRequired\":true,\"valueName\":\"search_term_string\"}}],\"inLanguage\":\"it-IT\"},{\"@type\":\"Organization\",\"@id\":\"https:\/\/www.pressenza.com\/it\/#organization\",\"name\":\"Pressenza\",\"url\":\"https:\/\/www.pressenza.com\/it\/\",\"logo\":{\"@type\":\"ImageObject\",\"inLanguage\":\"it-IT\",\"@id\":\"https:\/\/www.pressenza.com\/it\/#\/schema\/logo\/image\/\",\"url\":\"https:\/\/www.pressenza.com\/wp-content\/uploads\/2022\/10\/pressenza_logo_200x200.jpg\",\"contentUrl\":\"https:\/\/www.pressenza.com\/wp-content\/uploads\/2022\/10\/pressenza_logo_200x200.jpg\",\"width\":200,\"height\":200,\"caption\":\"Pressenza\"},\"image\":{\"@id\":\"https:\/\/www.pressenza.com\/it\/#\/schema\/logo\/image\/\"},\"sameAs\":[\"https:\/\/www.facebook.com\/PressenzaItalia\",\"https:\/\/x.com\/PressenzaIPA\"]},{\"@type\":\"Person\",\"@id\":\"https:\/\/www.pressenza.com\/it\/#\/schema\/person\/6e1777862da0f7519f55e821ac1a39b3\",\"name\":\"Vito Correddu\",\"description\":\"Membro del Centro di Studi Umanisti \\\"Salvatore Puledda\\\"\",\"url\":\"https:\/\/www.pressenza.com\/it\/author\/vito-correddu\/\"}]}<\/script>\n<!-- \/ Yoast SEO plugin. -->","yoast_head_json":{"title":"Combattenti Nonviolenti","description":"In questo momento in cui ci si chiede come rispondere al crescente livello di violenza, discriminazione e odio, i Combattenti Nonviolenti propongono una rete nonviolenta e un preciso modello di azione quotidiana.","robots":{"index":"index","follow":"follow","max-snippet":"max-snippet:-1","max-image-preview":"max-image-preview:large","max-video-preview":"max-video-preview:-1"},"canonical":"https:\/\/www.pressenza.com\/it\/2019\/07\/combattenti-nonviolenti\/","og_locale":"it_IT","og_type":"article","og_title":"Combattenti Nonviolenti","og_description":"In questo momento in cui ci si chiede come rispondere al crescente livello di violenza, discriminazione e odio, i Combattenti Nonviolenti propongono una rete nonviolenta e un preciso modello di azione quotidiana.","og_url":"https:\/\/www.pressenza.com\/it\/2019\/07\/combattenti-nonviolenti\/","og_site_name":"Pressenza","article_publisher":"https:\/\/www.facebook.com\/PressenzaItalia","article_published_time":"2019-07-06T15:44:19+00:00","article_modified_time":"2019-07-06T15:45:59+00:00","og_image":[{"width":1200,"height":800,"url":"https:\/\/www.pressenza.com\/wp-content\/uploads\/2019\/07\/Combattenti-Nonviolenti.jpg","type":"image\/jpeg"}],"author":"Vito Correddu","twitter_card":"summary_large_image","twitter_creator":"@PressenzaIPA","twitter_site":"@PressenzaIPA","twitter_misc":{"Scritto da":"Vito Correddu","Tempo di lettura stimato":"6 minuti"},"schema":{"@context":"https:\/\/schema.org","@graph":[{"@type":"Article","@id":"https:\/\/www.pressenza.com\/it\/2019\/07\/combattenti-nonviolenti\/#article","isPartOf":{"@id":"https:\/\/www.pressenza.com\/it\/2019\/07\/combattenti-nonviolenti\/"},"author":{"name":"Vito Correddu","@id":"https:\/\/www.pressenza.com\/it\/#\/schema\/person\/6e1777862da0f7519f55e821ac1a39b3"},"headline":"Combattenti Nonviolenti","datePublished":"2019-07-06T15:44:19+00:00","dateModified":"2019-07-06T15:45:59+00:00","mainEntityOfPage":{"@id":"https:\/\/www.pressenza.com\/it\/2019\/07\/combattenti-nonviolenti\/"},"wordCount":1214,"publisher":{"@id":"https:\/\/www.pressenza.com\/it\/#organization"},"image":{"@id":"https:\/\/www.pressenza.com\/it\/2019\/07\/combattenti-nonviolenti\/#primaryimage"},"thumbnailUrl":"https:\/\/www.pressenza.com\/wp-content\/uploads\/2019\/07\/Combattenti-Nonviolenti.jpg","keywords":["antirazzismo","iniziative umaniste","mutuo soccorso","non-discriminazione","nonviolenza","rete","rete di solidariet\u00e0","rete nonviolenta","solidariet\u00e0","solidariet\u00e0 militante"],"articleSection":["contenuti originali","Diritti Umani","Europa","Interviste","Nonviolenza"],"inLanguage":"it-IT"},{"@type":"WebPage","@id":"https:\/\/www.pressenza.com\/it\/2019\/07\/combattenti-nonviolenti\/","url":"https:\/\/www.pressenza.com\/it\/2019\/07\/combattenti-nonviolenti\/","name":"Combattenti Nonviolenti","isPartOf":{"@id":"https:\/\/www.pressenza.com\/it\/#website"},"primaryImageOfPage":{"@id":"https:\/\/www.pressenza.com\/it\/2019\/07\/combattenti-nonviolenti\/#primaryimage"},"image":{"@id":"https:\/\/www.pressenza.com\/it\/2019\/07\/combattenti-nonviolenti\/#primaryimage"},"thumbnailUrl":"https:\/\/www.pressenza.com\/wp-content\/uploads\/2019\/07\/Combattenti-Nonviolenti.jpg","datePublished":"2019-07-06T15:44:19+00:00","dateModified":"2019-07-06T15:45:59+00:00","description":"In questo momento in cui ci si chiede come rispondere al crescente livello di violenza, discriminazione e odio, i Combattenti Nonviolenti propongono una rete nonviolenta e un preciso modello di azione quotidiana.","breadcrumb":{"@id":"https:\/\/www.pressenza.com\/it\/2019\/07\/combattenti-nonviolenti\/#breadcrumb"},"inLanguage":"it-IT","potentialAction":[{"@type":"ReadAction","target":["https:\/\/www.pressenza.com\/it\/2019\/07\/combattenti-nonviolenti\/"]}]},{"@type":"ImageObject","inLanguage":"it-IT","@id":"https:\/\/www.pressenza.com\/it\/2019\/07\/combattenti-nonviolenti\/#primaryimage","url":"https:\/\/www.pressenza.com\/wp-content\/uploads\/2019\/07\/Combattenti-Nonviolenti.jpg","contentUrl":"https:\/\/www.pressenza.com\/wp-content\/uploads\/2019\/07\/Combattenti-Nonviolenti.jpg","width":1200,"height":800,"caption":"Combattenti Nonviolenti"},{"@type":"BreadcrumbList","@id":"https:\/\/www.pressenza.com\/it\/2019\/07\/combattenti-nonviolenti\/#breadcrumb","itemListElement":[{"@type":"ListItem","position":1,"name":"Accueil","item":"https:\/\/www.pressenza.com\/it\/"},{"@type":"ListItem","position":2,"name":"Combattenti Nonviolenti"}]},{"@type":"WebSite","@id":"https:\/\/www.pressenza.com\/it\/#website","url":"https:\/\/www.pressenza.com\/it\/","name":"Pressenza","description":"Agenzia di Stampa Internazionale","publisher":{"@id":"https:\/\/www.pressenza.com\/it\/#organization"},"potentialAction":[{"@type":"SearchAction","target":{"@type":"EntryPoint","urlTemplate":"https:\/\/www.pressenza.com\/it\/?s={search_term_string}"},"query-input":{"@type":"PropertyValueSpecification","valueRequired":true,"valueName":"search_term_string"}}],"inLanguage":"it-IT"},{"@type":"Organization","@id":"https:\/\/www.pressenza.com\/it\/#organization","name":"Pressenza","url":"https:\/\/www.pressenza.com\/it\/","logo":{"@type":"ImageObject","inLanguage":"it-IT","@id":"https:\/\/www.pressenza.com\/it\/#\/schema\/logo\/image\/","url":"https:\/\/www.pressenza.com\/wp-content\/uploads\/2022\/10\/pressenza_logo_200x200.jpg","contentUrl":"https:\/\/www.pressenza.com\/wp-content\/uploads\/2022\/10\/pressenza_logo_200x200.jpg","width":200,"height":200,"caption":"Pressenza"},"image":{"@id":"https:\/\/www.pressenza.com\/it\/#\/schema\/logo\/image\/"},"sameAs":["https:\/\/www.facebook.com\/PressenzaItalia","https:\/\/x.com\/PressenzaIPA"]},{"@type":"Person","@id":"https:\/\/www.pressenza.com\/it\/#\/schema\/person\/6e1777862da0f7519f55e821ac1a39b3","name":"Vito Correddu","description":"Membro del Centro di Studi Umanisti \"Salvatore Puledda\"","url":"https:\/\/www.pressenza.com\/it\/author\/vito-correddu\/"}]}},"place":"","original_article_url":"","_links":{"self":[{"href":"https:\/\/www.pressenza.com\/it\/wp-json\/wp\/v2\/posts\/882330","targetHints":{"allow":["GET"]}}],"collection":[{"href":"https:\/\/www.pressenza.com\/it\/wp-json\/wp\/v2\/posts"}],"about":[{"href":"https:\/\/www.pressenza.com\/it\/wp-json\/wp\/v2\/types\/post"}],"author":[{"embeddable":true,"href":"https:\/\/www.pressenza.com\/it\/wp-json\/wp\/v2\/users\/858"}],"replies":[{"embeddable":true,"href":"https:\/\/www.pressenza.com\/it\/wp-json\/wp\/v2\/comments?post=882330"}],"version-history":[{"count":0,"href":"https:\/\/www.pressenza.com\/it\/wp-json\/wp\/v2\/posts\/882330\/revisions"}],"wp:featuredmedia":[{"embeddable":true,"href":"https:\/\/www.pressenza.com\/it\/wp-json\/wp\/v2\/media\/882331"}],"wp:attachment":[{"href":"https:\/\/www.pressenza.com\/it\/wp-json\/wp\/v2\/media?parent=882330"}],"wp:term":[{"taxonomy":"category","embeddable":true,"href":"https:\/\/www.pressenza.com\/it\/wp-json\/wp\/v2\/categories?post=882330"},{"taxonomy":"post_tag","embeddable":true,"href":"https:\/\/www.pressenza.com\/it\/wp-json\/wp\/v2\/tags?post=882330"}],"curies":[{"name":"wp","href":"https:\/\/api.w.org\/{rel}","templated":true}]}}