{"id":880584,"date":"2019-07-03T16:50:59","date_gmt":"2019-07-03T15:50:59","guid":{"rendered":"https:\/\/www.pressenza.com\/?p=880584"},"modified":"2019-07-03T21:31:43","modified_gmt":"2019-07-03T20:31:43","slug":"e-il-nostro-futuro-che-e-a-rischio-greta-thunberg-e-ocasio-cortez-parlano-delle-ragioni-per-sperare-nellera-dellemergenza-climatica","status":"publish","type":"post","link":"https:\/\/www.pressenza.com\/it\/2019\/07\/e-il-nostro-futuro-che-e-a-rischio-greta-thunberg-e-ocasio-cortez-parlano-delle-ragioni-per-sperare-nellera-dellemergenza-climatica\/","title":{"rendered":"\u00c8 il nostro futuro che \u00e8 a rischio&#8221;: Greta Thunberg e Ocasio-Cortez parlano delle ragioni per sperare nell&#8217;era dell&#8217;emergenza climatica"},"content":{"rendered":"<div class=\"field field--name-field-subtitle field--type-text-long field--label-hidden\">\n<div class=\"field__items\">\n<div class=\"field__item even\">\n<div>\n<h4 style=\"padding-left: 30px;\"><em>&#8220;La speranza non \u00e8 qualcosa che hai. La speranza \u00e8 qualcosa che si crea, con le proprie azioni. La speranza \u00e8 qualcosa che devi manifestare al mondo, e una volta che una persona ha speranza, pu\u00f2 essere contagiosa&#8221;<br \/>\n<\/em><\/h4>\n<\/div>\n<\/div>\n<\/div>\n<\/div>\n<p class=\"discourse-comments-link\">&#8220;E allora, visto quanto il problema sia spaventoso, sono curiosa di sapere perch\u00e9 non sei cos\u00ec disperata da rimanere tutto il giorno sul divano ad aspettare l&#8217;apocalisse&#8221;.<\/p>\n<p class=\"discourse-comments-link\">Questa \u00e8 stata una delle domande che la parlamentare Alexandria Ocasio-Cortez ha posto all&#8217;attivista svedese Greta Thunberg, sedicenne, quando le due leader progressiste si sono incontrate iviavideo link per una conversazione sulla crisi climatica, su cosa ci vorr\u00e0 per creare un futuro sostenibile ed equo per tutti, e sui motivi di speranza in mezzo a tanta oscurit\u00e0.<\/p>\n<p class=\"discourse-comments-link\">&#8220;Quello che trovo incoraggiante \u00e8 avere tutte queste persone che combattono su pi\u00f9 fronti in modi diversi, per creare un futuro migliore e per farci evitare un crollo climatico catastrofico&#8221;, ha risposto Greta.<\/p>\n<p>La Thunberg-che ha contribuito a innescare <a href=\"https:\/\/www.commondreams.org\/news\/2019\/05\/24\/save-our-planet-save-our-future-youth-demand-action-massive-climate-strikes\">un movimento globale di attivismo climatico giovanile<\/a> con il suo <a href=\"https:\/\/www.theguardian.com\/world\/2019\/mar\/11\/greta-thunberg-schoolgirl-climate-change-warrior-some-people-can-let-things-go-i-cant\">sciopero solitario<\/a> al di fuori dell&#8217;edificio del Parlamento svedese lo scorso anno &#8211; non si \u00e8 mai tirata indietro rispetto ai rapporti apparentemente infiniti sulla devastazione ambientale, ai duri e urgenti <a href=\"https:\/\/www.commondreams.org\/news\/2018\/10\/08\/un-experts-warn-climate-catastrophe-2040-without-rapid-and-unprecedented-global\">avvertimenti<\/a> degli scienziati e agli <a href=\"https:\/\/www.commondreams.org\/news\/2019\/05\/13\/we-dont-know-planet-co2-levels-hit-415-ppm-first-time-3-million-years\">allarmanti grafici<\/a> che mostrano che le emissioni di carbonio continuano a salire a un ritmo insostenibile.<\/p>\n<p>Piuttosto, ha sostenuto, \u00e8 pi\u00f9 importante che mai <a href=\"https:\/\/www.commondreams.org\/news\/2019\/06\/05\/single-most-important-stat-planet-alarm-atmospheric-co2-soars-legit-scary-record\">confrontarsi senza paura con questi fatti <\/a>\u2014 e <a href=\"https:\/\/www.commondreams.org\/news\/2018\/12\/19\/depressed-and-then-diagnosed-autism-greta-thunberg-explains-why-hope-cannot-save\">agire di conseguenza<\/a>.<\/p>\n<p>Thunberg ha fatto eco a questo sentimento nella sua conversazione con Ocasio-Cortez, una <a href=\"https:\/\/www.theguardian.com\/environment\/2019\/jun\/29\/alexandria-ocasio-cortez-met-greta-thunberg-hope-contagious-climate\">versione ridotta<\/a> della quale \u00e8 stata pubblicata da <em>The Guardian<\/em> sabato scorso.<\/p>\n<p>&#8220;E&#8217; gi\u00e0 qui e continuer\u00e0 a peggiorare&#8221;, ha detto Thunberg a proposito dell&#8217;emergenza climatica asucui ha instancabilmente richiamato l&#8217;attenzione nelle proteste settimanali dei giovani\u00a0 di&#8221;Fridays for Future&#8221;, che sono diventate globali da quando hanno preso il via l&#8217;anno scorso.<\/p>\n<p>&#8220;Prima di iniziare lo sciopero da scuola&#8221;, ha detto Thunberg, &#8220;ero cos\u00ec depressa e praticamente non volevo fare niente. Ma quello che trovo incoraggiante \u00e8 avere tutte queste persone che combattono su pi\u00f9 fronti in modi diversi, per creare un futuro migliore e per farci evitare un crollo climatico catastrofico&#8221;.<\/p>\n<p>La ragione per cui i giovani hanno guidato la spinta per soluzioni coraggiose alla crisi climatica, ha detto Thunberg, \u00e8 perch\u00e9 &#8220;\u00e8 il nostro futuro che \u00e8 a rischio. La maggior parte di noi sa che questo ci influenzer\u00e0 nel corso della nostra vita &#8211; non \u00e8 solo qualcosa che potrebbe accadere in futuro&#8221;.<\/p>\n<blockquote><p><img loading=\"lazy\" decoding=\"async\" class=\"size-medium wp-image-879006 alignnone\" src=\"https:\/\/www.pressenza.com\/wp-content\/uploads\/2019\/06\/33E1D0B0-1432-4782-A32A-3688AEB60A31-225x300.jpeg\" alt=\"\" width=\"225\" height=\"300\" srcset=\"https:\/\/www.pressenza.com\/wp-content\/uploads\/2019\/06\/33E1D0B0-1432-4782-A32A-3688AEB60A31-225x300.jpeg 225w, https:\/\/www.pressenza.com\/wp-content\/uploads\/2019\/06\/33E1D0B0-1432-4782-A32A-3688AEB60A31-768x1025.jpeg 768w, https:\/\/www.pressenza.com\/wp-content\/uploads\/2019\/06\/33E1D0B0-1432-4782-A32A-3688AEB60A31-720x961.jpeg 720w, https:\/\/www.pressenza.com\/wp-content\/uploads\/2019\/06\/33E1D0B0-1432-4782-A32A-3688AEB60A31.jpeg 1222w\" sizes=\"auto, (max-width: 225px) 100vw, 225px\" \/><\/p><\/blockquote>\n<p>Ocasio-Cortez, la deputata democratica di New York che ha contribuito a inserire il <a href=\"https:\/\/www.commondreams.org\/more\/1587\">Green New Deal<\/a> nella discussione politica nazionale nelle settimane successive al suo insediamento, ha detto che anche lei ha provato disperazione nell&#8217;affrontare onestamente le crisi sistemiche negli Stati Uniti, come il crescente divario di reddito tra i ricchi e tutti gli altri.&#8221;<\/p>\n<p>Mi sentivo cos\u00ec impotente, e come se non ci fosse nulla che potessi fare per contrastare efficacemente l&#8217;enorme numero di strutture sociali ideate negli Stati Uniti per mantenere povera la classe operaia e per rendere i ricchi pi\u00f9 ricchi&#8221;, ha detto Ocasio-Cortez.<\/p>\n<p>Ma come la Thunberg, Ocasio-Cortez ha detto di aver trovato la speranza nella partecipazione alla lotta per la giustizia climatica.<\/p>\n<p>&#8220;Penso che ci\u00f2 che \u00e8 stato profondamente liberatorio&#8221;, ha detto, &#8220;\u00e8 stato impegnarmi nella mia prima azione &#8211; quando sono andata a <a href=\"https:\/\/www.commondreams.org\/tag\/dakota-access-pipeline\">Standing Rock<\/a>,\u00a0nel North\u00a0Dakota, per combattere contro un oleodotto. Sembrava impossibile all&#8217;epoca. Era solo gente normale, che arrivava e stava semplicemente in piedi\u00a0 per impedire il passaggio dell&#8217;oleodotto. Ma il solo l&#8217;atto di resistere ad alcune delle aziende pi\u00f9 potenti del mondo&#8221; mi ha fatto sentire estremamente potente, anche se non avevamo nulla a livello materiale.<\/p>\n<p>Attraverso questa lotta, la deputata ha detto: &#8220;Ho imparato che la speranza non \u00e8 qualcosa che si ha. La speranza \u00e8 qualcosa che si crea, con le proprie azioni. La speranza \u00e8 qualcosa che devi manifestare nel mondo, e una volta che una persona ha speranza, pu\u00f2 essere contagiosa&#8221;.<\/p>\n<p><a href=\"https:\/\/www.theguardian.com\/environment\/2019\/jun\/29\/alexandria-ocasio-cortez-met-greta-thunberg-hope-contagious-climate?CMP=share_btn_tw\"><strong><em>Leggi la versione ridotta della conversazione tra Thunberg e Ocasio-Cortez sul sito del<\/em> Guardian<em>.<\/em><\/strong><\/a><\/p>\n<p><em><strong>di <span class=\"pb-byline\"><a href=\"https:\/\/www.commondreams.org\/author\/jake-johnson-staff-writer\" target=\"_blank\" rel=\"noopener\">Jake Johnson, redattore dello staff di Common Dreams<\/a><\/span><\/strong><\/em><\/p>\n<p>&nbsp;<\/p>\n<p><em>Traduzione dall&#8217;inglese di Annalaura Erroi<\/em><\/p>\n","protected":false},"excerpt":{"rendered":"<p>&#8220;La speranza non \u00e8 qualcosa che hai. La speranza \u00e8 qualcosa che si crea, con le proprie azioni. La speranza \u00e8 qualcosa che devi manifestare al mondo, e una volta che una persona ha speranza, pu\u00f2 essere contagiosa&#8221; &#8220;E allora,&hellip;<\/p>\n","protected":false},"author":1013,"featured_media":879025,"comment_status":"closed","ping_status":"closed","sticky":false,"template":"","format":"standard","meta":{"footnotes":""},"categories":[59,62,38],"tags":[55014,39211,54158],"class_list":["post-880584","post","type-post","status-publish","format-standard","has-post-thumbnail","hentry","category-ambiente-ecologia","category-economia","category-internazionale","tag-alexandria-ocasio-cortez-it","tag-emergenza-climatica","tag-greta-thunberg-it"],"yoast_head":"<!-- This site is optimized with the Yoast SEO plugin v27.1.1 - https:\/\/yoast.com\/product\/yoast-seo-wordpress\/ -->\n<title>\u00c8 il nostro futuro che \u00e8 a rischio&quot;: Greta Thunberg e Ocasio-Cortez parlano delle ragioni per sperare nell&#039;era dell&#039;emergenza climatica<\/title>\n<meta name=\"description\" content=\"E allora, visto quanto il problema sia spaventoso, sono curioso di sapere perch\u00e9 non sei cos\u00ec disperata da rimanere tutto il giorno sul divano ad aspettare l&#039;apocalisse? &quot;Quello che trovo incoraggiante \u00e8 avere tutte queste persone che combattono su pi\u00f9 fronti in modi diversi, per creare un futuro migliore e per farci evitare un crollo climatico catastrofico&quot;, ha risposto Greta.\" \/>\n<meta name=\"robots\" content=\"index, follow, max-snippet:-1, max-image-preview:large, max-video-preview:-1\" \/>\n<link rel=\"canonical\" href=\"https:\/\/www.pressenza.com\/it\/2019\/07\/e-il-nostro-futuro-che-e-a-rischio-greta-thunberg-e-ocasio-cortez-parlano-delle-ragioni-per-sperare-nellera-dellemergenza-climatica\/\" \/>\n<meta property=\"og:locale\" content=\"it_IT\" \/>\n<meta property=\"og:type\" content=\"article\" \/>\n<meta property=\"og:title\" content=\"\u00c8 il nostro futuro che \u00e8 a rischio&quot;: Greta Thunberg e Ocasio-Cortez parlano delle ragioni per sperare nell&#039;era dell&#039;emergenza climatica\" \/>\n<meta property=\"og:description\" content=\"E allora, visto quanto il problema sia spaventoso, sono curioso di sapere perch\u00e9 non sei cos\u00ec disperata da rimanere tutto il giorno sul divano ad aspettare l&#039;apocalisse? &quot;Quello che trovo incoraggiante \u00e8 avere tutte queste persone che combattono su pi\u00f9 fronti in modi diversi, per creare un futuro migliore e per farci evitare un crollo climatico catastrofico&quot;, ha risposto Greta.\" \/>\n<meta property=\"og:url\" content=\"https:\/\/www.pressenza.com\/it\/2019\/07\/e-il-nostro-futuro-che-e-a-rischio-greta-thunberg-e-ocasio-cortez-parlano-delle-ragioni-per-sperare-nellera-dellemergenza-climatica\/\" \/>\n<meta property=\"og:site_name\" content=\"Pressenza\" \/>\n<meta property=\"article:publisher\" content=\"https:\/\/www.facebook.com\/PressenzaItalia\" \/>\n<meta property=\"article:author\" content=\"https:\/\/www.facebook.com\/PressenzaEnglish\/\" \/>\n<meta property=\"article:published_time\" content=\"2019-07-03T15:50:59+00:00\" \/>\n<meta property=\"article:modified_time\" content=\"2019-07-03T20:31:43+00:00\" \/>\n<meta property=\"og:image\" content=\"https:\/\/www.pressenza.com\/wp-content\/uploads\/2019\/06\/9A2CF628-205F-4FC7-94F1-C6433F840C72.jpeg\" \/>\n\t<meta property=\"og:image:width\" content=\"690\" \/>\n\t<meta property=\"og:image:height\" content=\"438\" \/>\n\t<meta property=\"og:image:type\" content=\"image\/jpeg\" \/>\n<meta name=\"author\" content=\"Pressenza London\" \/>\n<meta name=\"twitter:card\" content=\"summary_large_image\" \/>\n<meta name=\"twitter:creator\" content=\"@PressenzaIPA\" \/>\n<meta name=\"twitter:site\" content=\"@PressenzaIPA\" \/>\n<meta name=\"twitter:label1\" content=\"Scritto da\" \/>\n\t<meta name=\"twitter:data1\" content=\"Pressenza London\" \/>\n\t<meta name=\"twitter:label2\" content=\"Tempo di lettura stimato\" \/>\n\t<meta name=\"twitter:data2\" content=\"3 minuti\" \/>\n<script type=\"application\/ld+json\" class=\"yoast-schema-graph\">{\"@context\":\"https:\/\/schema.org\",\"@graph\":[{\"@type\":\"Article\",\"@id\":\"https:\/\/www.pressenza.com\/it\/2019\/07\/e-il-nostro-futuro-che-e-a-rischio-greta-thunberg-e-ocasio-cortez-parlano-delle-ragioni-per-sperare-nellera-dellemergenza-climatica\/#article\",\"isPartOf\":{\"@id\":\"https:\/\/www.pressenza.com\/it\/2019\/07\/e-il-nostro-futuro-che-e-a-rischio-greta-thunberg-e-ocasio-cortez-parlano-delle-ragioni-per-sperare-nellera-dellemergenza-climatica\/\"},\"author\":{\"name\":\"Pressenza London\",\"@id\":\"https:\/\/www.pressenza.com\/it\/#\/schema\/person\/17c976cc856ec7e8e3f8cdd1a45eb1b0\"},\"headline\":\"\u00c8 il nostro futuro che \u00e8 a rischio&#8221;: Greta Thunberg e Ocasio-Cortez parlano delle ragioni per sperare nell&#8217;era dell&#8217;emergenza climatica\",\"datePublished\":\"2019-07-03T15:50:59+00:00\",\"dateModified\":\"2019-07-03T20:31:43+00:00\",\"mainEntityOfPage\":{\"@id\":\"https:\/\/www.pressenza.com\/it\/2019\/07\/e-il-nostro-futuro-che-e-a-rischio-greta-thunberg-e-ocasio-cortez-parlano-delle-ragioni-per-sperare-nellera-dellemergenza-climatica\/\"},\"wordCount\":698,\"publisher\":{\"@id\":\"https:\/\/www.pressenza.com\/it\/#organization\"},\"image\":{\"@id\":\"https:\/\/www.pressenza.com\/it\/2019\/07\/e-il-nostro-futuro-che-e-a-rischio-greta-thunberg-e-ocasio-cortez-parlano-delle-ragioni-per-sperare-nellera-dellemergenza-climatica\/#primaryimage\"},\"thumbnailUrl\":\"https:\/\/www.pressenza.com\/wp-content\/uploads\/2019\/06\/9A2CF628-205F-4FC7-94F1-C6433F840C72.jpeg\",\"keywords\":[\"Alexandria Ocasio-Cortez\",\"emergenza climatica\",\"Greta Thunberg\"],\"articleSection\":[\"Ecologia ed Ambiente\",\"Economia\",\"Internazionale\"],\"inLanguage\":\"it-IT\"},{\"@type\":\"WebPage\",\"@id\":\"https:\/\/www.pressenza.com\/it\/2019\/07\/e-il-nostro-futuro-che-e-a-rischio-greta-thunberg-e-ocasio-cortez-parlano-delle-ragioni-per-sperare-nellera-dellemergenza-climatica\/\",\"url\":\"https:\/\/www.pressenza.com\/it\/2019\/07\/e-il-nostro-futuro-che-e-a-rischio-greta-thunberg-e-ocasio-cortez-parlano-delle-ragioni-per-sperare-nellera-dellemergenza-climatica\/\",\"name\":\"\u00c8 il nostro futuro che \u00e8 a rischio\\\": Greta Thunberg e Ocasio-Cortez parlano delle ragioni per sperare nell'era dell'emergenza climatica\",\"isPartOf\":{\"@id\":\"https:\/\/www.pressenza.com\/it\/#website\"},\"primaryImageOfPage\":{\"@id\":\"https:\/\/www.pressenza.com\/it\/2019\/07\/e-il-nostro-futuro-che-e-a-rischio-greta-thunberg-e-ocasio-cortez-parlano-delle-ragioni-per-sperare-nellera-dellemergenza-climatica\/#primaryimage\"},\"image\":{\"@id\":\"https:\/\/www.pressenza.com\/it\/2019\/07\/e-il-nostro-futuro-che-e-a-rischio-greta-thunberg-e-ocasio-cortez-parlano-delle-ragioni-per-sperare-nellera-dellemergenza-climatica\/#primaryimage\"},\"thumbnailUrl\":\"https:\/\/www.pressenza.com\/wp-content\/uploads\/2019\/06\/9A2CF628-205F-4FC7-94F1-C6433F840C72.jpeg\",\"datePublished\":\"2019-07-03T15:50:59+00:00\",\"dateModified\":\"2019-07-03T20:31:43+00:00\",\"description\":\"E allora, visto quanto il problema sia spaventoso, sono curioso di sapere perch\u00e9 non sei cos\u00ec disperata da rimanere tutto il giorno sul divano ad aspettare l'apocalisse? \\\"Quello che trovo incoraggiante \u00e8 avere tutte queste persone che combattono su pi\u00f9 fronti in modi diversi, per creare un futuro migliore e per farci evitare un crollo climatico catastrofico\\\", ha risposto Greta.\",\"breadcrumb\":{\"@id\":\"https:\/\/www.pressenza.com\/it\/2019\/07\/e-il-nostro-futuro-che-e-a-rischio-greta-thunberg-e-ocasio-cortez-parlano-delle-ragioni-per-sperare-nellera-dellemergenza-climatica\/#breadcrumb\"},\"inLanguage\":\"it-IT\",\"potentialAction\":[{\"@type\":\"ReadAction\",\"target\":[\"https:\/\/www.pressenza.com\/it\/2019\/07\/e-il-nostro-futuro-che-e-a-rischio-greta-thunberg-e-ocasio-cortez-parlano-delle-ragioni-per-sperare-nellera-dellemergenza-climatica\/\"]}]},{\"@type\":\"ImageObject\",\"inLanguage\":\"it-IT\",\"@id\":\"https:\/\/www.pressenza.com\/it\/2019\/07\/e-il-nostro-futuro-che-e-a-rischio-greta-thunberg-e-ocasio-cortez-parlano-delle-ragioni-per-sperare-nellera-dellemergenza-climatica\/#primaryimage\",\"url\":\"https:\/\/www.pressenza.com\/wp-content\/uploads\/2019\/06\/9A2CF628-205F-4FC7-94F1-C6433F840C72.jpeg\",\"contentUrl\":\"https:\/\/www.pressenza.com\/wp-content\/uploads\/2019\/06\/9A2CF628-205F-4FC7-94F1-C6433F840C72.jpeg\",\"width\":690,\"height\":438},{\"@type\":\"BreadcrumbList\",\"@id\":\"https:\/\/www.pressenza.com\/it\/2019\/07\/e-il-nostro-futuro-che-e-a-rischio-greta-thunberg-e-ocasio-cortez-parlano-delle-ragioni-per-sperare-nellera-dellemergenza-climatica\/#breadcrumb\",\"itemListElement\":[{\"@type\":\"ListItem\",\"position\":1,\"name\":\"Accueil\",\"item\":\"https:\/\/www.pressenza.com\/it\/\"},{\"@type\":\"ListItem\",\"position\":2,\"name\":\"\u00c8 il nostro futuro che \u00e8 a rischio&#8221;: Greta Thunberg e Ocasio-Cortez parlano delle ragioni per sperare nell&#8217;era dell&#8217;emergenza climatica\"}]},{\"@type\":\"WebSite\",\"@id\":\"https:\/\/www.pressenza.com\/it\/#website\",\"url\":\"https:\/\/www.pressenza.com\/it\/\",\"name\":\"Pressenza\",\"description\":\"Agenzia di Stampa Internazionale\",\"publisher\":{\"@id\":\"https:\/\/www.pressenza.com\/it\/#organization\"},\"potentialAction\":[{\"@type\":\"SearchAction\",\"target\":{\"@type\":\"EntryPoint\",\"urlTemplate\":\"https:\/\/www.pressenza.com\/it\/?s={search_term_string}\"},\"query-input\":{\"@type\":\"PropertyValueSpecification\",\"valueRequired\":true,\"valueName\":\"search_term_string\"}}],\"inLanguage\":\"it-IT\"},{\"@type\":\"Organization\",\"@id\":\"https:\/\/www.pressenza.com\/it\/#organization\",\"name\":\"Pressenza\",\"url\":\"https:\/\/www.pressenza.com\/it\/\",\"logo\":{\"@type\":\"ImageObject\",\"inLanguage\":\"it-IT\",\"@id\":\"https:\/\/www.pressenza.com\/it\/#\/schema\/logo\/image\/\",\"url\":\"https:\/\/www.pressenza.com\/wp-content\/uploads\/2022\/10\/pressenza_logo_200x200.jpg\",\"contentUrl\":\"https:\/\/www.pressenza.com\/wp-content\/uploads\/2022\/10\/pressenza_logo_200x200.jpg\",\"width\":200,\"height\":200,\"caption\":\"Pressenza\"},\"image\":{\"@id\":\"https:\/\/www.pressenza.com\/it\/#\/schema\/logo\/image\/\"},\"sameAs\":[\"https:\/\/www.facebook.com\/PressenzaItalia\",\"https:\/\/x.com\/PressenzaIPA\"]},{\"@type\":\"Person\",\"@id\":\"https:\/\/www.pressenza.com\/it\/#\/schema\/person\/17c976cc856ec7e8e3f8cdd1a45eb1b0\",\"name\":\"Pressenza London\",\"description\":\"News published by the Pressenza Bureau in London, United Kingdom\",\"sameAs\":[\"https:\/\/www.facebook.com\/PressenzaEnglish\/\",\"https:\/\/x.com\/PressenzaIPA\"],\"url\":\"https:\/\/www.pressenza.com\/it\/author\/pressenza-london\/\"}]}<\/script>\n<!-- \/ Yoast SEO plugin. -->","yoast_head_json":{"title":"\u00c8 il nostro futuro che \u00e8 a rischio\": Greta Thunberg e Ocasio-Cortez parlano delle ragioni per sperare nell'era dell'emergenza climatica","description":"E allora, visto quanto il problema sia spaventoso, sono curioso di sapere perch\u00e9 non sei cos\u00ec disperata da rimanere tutto il giorno sul divano ad aspettare l'apocalisse? \"Quello che trovo incoraggiante \u00e8 avere tutte queste persone che combattono su pi\u00f9 fronti in modi diversi, per creare un futuro migliore e per farci evitare un crollo climatico catastrofico\", ha risposto Greta.","robots":{"index":"index","follow":"follow","max-snippet":"max-snippet:-1","max-image-preview":"max-image-preview:large","max-video-preview":"max-video-preview:-1"},"canonical":"https:\/\/www.pressenza.com\/it\/2019\/07\/e-il-nostro-futuro-che-e-a-rischio-greta-thunberg-e-ocasio-cortez-parlano-delle-ragioni-per-sperare-nellera-dellemergenza-climatica\/","og_locale":"it_IT","og_type":"article","og_title":"\u00c8 il nostro futuro che \u00e8 a rischio\": Greta Thunberg e Ocasio-Cortez parlano delle ragioni per sperare nell'era dell'emergenza climatica","og_description":"E allora, visto quanto il problema sia spaventoso, sono curioso di sapere perch\u00e9 non sei cos\u00ec disperata da rimanere tutto il giorno sul divano ad aspettare l'apocalisse? \"Quello che trovo incoraggiante \u00e8 avere tutte queste persone che combattono su pi\u00f9 fronti in modi diversi, per creare un futuro migliore e per farci evitare un crollo climatico catastrofico\", ha risposto Greta.","og_url":"https:\/\/www.pressenza.com\/it\/2019\/07\/e-il-nostro-futuro-che-e-a-rischio-greta-thunberg-e-ocasio-cortez-parlano-delle-ragioni-per-sperare-nellera-dellemergenza-climatica\/","og_site_name":"Pressenza","article_publisher":"https:\/\/www.facebook.com\/PressenzaItalia","article_author":"https:\/\/www.facebook.com\/PressenzaEnglish\/","article_published_time":"2019-07-03T15:50:59+00:00","article_modified_time":"2019-07-03T20:31:43+00:00","og_image":[{"width":690,"height":438,"url":"https:\/\/www.pressenza.com\/wp-content\/uploads\/2019\/06\/9A2CF628-205F-4FC7-94F1-C6433F840C72.jpeg","type":"image\/jpeg"}],"author":"Pressenza London","twitter_card":"summary_large_image","twitter_creator":"@PressenzaIPA","twitter_site":"@PressenzaIPA","twitter_misc":{"Scritto da":"Pressenza London","Tempo di lettura stimato":"3 minuti"},"schema":{"@context":"https:\/\/schema.org","@graph":[{"@type":"Article","@id":"https:\/\/www.pressenza.com\/it\/2019\/07\/e-il-nostro-futuro-che-e-a-rischio-greta-thunberg-e-ocasio-cortez-parlano-delle-ragioni-per-sperare-nellera-dellemergenza-climatica\/#article","isPartOf":{"@id":"https:\/\/www.pressenza.com\/it\/2019\/07\/e-il-nostro-futuro-che-e-a-rischio-greta-thunberg-e-ocasio-cortez-parlano-delle-ragioni-per-sperare-nellera-dellemergenza-climatica\/"},"author":{"name":"Pressenza London","@id":"https:\/\/www.pressenza.com\/it\/#\/schema\/person\/17c976cc856ec7e8e3f8cdd1a45eb1b0"},"headline":"\u00c8 il nostro futuro che \u00e8 a rischio&#8221;: Greta Thunberg e Ocasio-Cortez parlano delle ragioni per sperare nell&#8217;era dell&#8217;emergenza climatica","datePublished":"2019-07-03T15:50:59+00:00","dateModified":"2019-07-03T20:31:43+00:00","mainEntityOfPage":{"@id":"https:\/\/www.pressenza.com\/it\/2019\/07\/e-il-nostro-futuro-che-e-a-rischio-greta-thunberg-e-ocasio-cortez-parlano-delle-ragioni-per-sperare-nellera-dellemergenza-climatica\/"},"wordCount":698,"publisher":{"@id":"https:\/\/www.pressenza.com\/it\/#organization"},"image":{"@id":"https:\/\/www.pressenza.com\/it\/2019\/07\/e-il-nostro-futuro-che-e-a-rischio-greta-thunberg-e-ocasio-cortez-parlano-delle-ragioni-per-sperare-nellera-dellemergenza-climatica\/#primaryimage"},"thumbnailUrl":"https:\/\/www.pressenza.com\/wp-content\/uploads\/2019\/06\/9A2CF628-205F-4FC7-94F1-C6433F840C72.jpeg","keywords":["Alexandria Ocasio-Cortez","emergenza climatica","Greta Thunberg"],"articleSection":["Ecologia ed Ambiente","Economia","Internazionale"],"inLanguage":"it-IT"},{"@type":"WebPage","@id":"https:\/\/www.pressenza.com\/it\/2019\/07\/e-il-nostro-futuro-che-e-a-rischio-greta-thunberg-e-ocasio-cortez-parlano-delle-ragioni-per-sperare-nellera-dellemergenza-climatica\/","url":"https:\/\/www.pressenza.com\/it\/2019\/07\/e-il-nostro-futuro-che-e-a-rischio-greta-thunberg-e-ocasio-cortez-parlano-delle-ragioni-per-sperare-nellera-dellemergenza-climatica\/","name":"\u00c8 il nostro futuro che \u00e8 a rischio\": Greta Thunberg e Ocasio-Cortez parlano delle ragioni per sperare nell'era dell'emergenza climatica","isPartOf":{"@id":"https:\/\/www.pressenza.com\/it\/#website"},"primaryImageOfPage":{"@id":"https:\/\/www.pressenza.com\/it\/2019\/07\/e-il-nostro-futuro-che-e-a-rischio-greta-thunberg-e-ocasio-cortez-parlano-delle-ragioni-per-sperare-nellera-dellemergenza-climatica\/#primaryimage"},"image":{"@id":"https:\/\/www.pressenza.com\/it\/2019\/07\/e-il-nostro-futuro-che-e-a-rischio-greta-thunberg-e-ocasio-cortez-parlano-delle-ragioni-per-sperare-nellera-dellemergenza-climatica\/#primaryimage"},"thumbnailUrl":"https:\/\/www.pressenza.com\/wp-content\/uploads\/2019\/06\/9A2CF628-205F-4FC7-94F1-C6433F840C72.jpeg","datePublished":"2019-07-03T15:50:59+00:00","dateModified":"2019-07-03T20:31:43+00:00","description":"E allora, visto quanto il problema sia spaventoso, sono curioso di sapere perch\u00e9 non sei cos\u00ec disperata da rimanere tutto il giorno sul divano ad aspettare l'apocalisse? \"Quello che trovo incoraggiante \u00e8 avere tutte queste persone che combattono su pi\u00f9 fronti in modi diversi, per creare un futuro migliore e per farci evitare un crollo climatico catastrofico\", ha risposto Greta.","breadcrumb":{"@id":"https:\/\/www.pressenza.com\/it\/2019\/07\/e-il-nostro-futuro-che-e-a-rischio-greta-thunberg-e-ocasio-cortez-parlano-delle-ragioni-per-sperare-nellera-dellemergenza-climatica\/#breadcrumb"},"inLanguage":"it-IT","potentialAction":[{"@type":"ReadAction","target":["https:\/\/www.pressenza.com\/it\/2019\/07\/e-il-nostro-futuro-che-e-a-rischio-greta-thunberg-e-ocasio-cortez-parlano-delle-ragioni-per-sperare-nellera-dellemergenza-climatica\/"]}]},{"@type":"ImageObject","inLanguage":"it-IT","@id":"https:\/\/www.pressenza.com\/it\/2019\/07\/e-il-nostro-futuro-che-e-a-rischio-greta-thunberg-e-ocasio-cortez-parlano-delle-ragioni-per-sperare-nellera-dellemergenza-climatica\/#primaryimage","url":"https:\/\/www.pressenza.com\/wp-content\/uploads\/2019\/06\/9A2CF628-205F-4FC7-94F1-C6433F840C72.jpeg","contentUrl":"https:\/\/www.pressenza.com\/wp-content\/uploads\/2019\/06\/9A2CF628-205F-4FC7-94F1-C6433F840C72.jpeg","width":690,"height":438},{"@type":"BreadcrumbList","@id":"https:\/\/www.pressenza.com\/it\/2019\/07\/e-il-nostro-futuro-che-e-a-rischio-greta-thunberg-e-ocasio-cortez-parlano-delle-ragioni-per-sperare-nellera-dellemergenza-climatica\/#breadcrumb","itemListElement":[{"@type":"ListItem","position":1,"name":"Accueil","item":"https:\/\/www.pressenza.com\/it\/"},{"@type":"ListItem","position":2,"name":"\u00c8 il nostro futuro che \u00e8 a rischio&#8221;: Greta Thunberg e Ocasio-Cortez parlano delle ragioni per sperare nell&#8217;era dell&#8217;emergenza climatica"}]},{"@type":"WebSite","@id":"https:\/\/www.pressenza.com\/it\/#website","url":"https:\/\/www.pressenza.com\/it\/","name":"Pressenza","description":"Agenzia di Stampa Internazionale","publisher":{"@id":"https:\/\/www.pressenza.com\/it\/#organization"},"potentialAction":[{"@type":"SearchAction","target":{"@type":"EntryPoint","urlTemplate":"https:\/\/www.pressenza.com\/it\/?s={search_term_string}"},"query-input":{"@type":"PropertyValueSpecification","valueRequired":true,"valueName":"search_term_string"}}],"inLanguage":"it-IT"},{"@type":"Organization","@id":"https:\/\/www.pressenza.com\/it\/#organization","name":"Pressenza","url":"https:\/\/www.pressenza.com\/it\/","logo":{"@type":"ImageObject","inLanguage":"it-IT","@id":"https:\/\/www.pressenza.com\/it\/#\/schema\/logo\/image\/","url":"https:\/\/www.pressenza.com\/wp-content\/uploads\/2022\/10\/pressenza_logo_200x200.jpg","contentUrl":"https:\/\/www.pressenza.com\/wp-content\/uploads\/2022\/10\/pressenza_logo_200x200.jpg","width":200,"height":200,"caption":"Pressenza"},"image":{"@id":"https:\/\/www.pressenza.com\/it\/#\/schema\/logo\/image\/"},"sameAs":["https:\/\/www.facebook.com\/PressenzaItalia","https:\/\/x.com\/PressenzaIPA"]},{"@type":"Person","@id":"https:\/\/www.pressenza.com\/it\/#\/schema\/person\/17c976cc856ec7e8e3f8cdd1a45eb1b0","name":"Pressenza London","description":"News published by the Pressenza Bureau in London, United Kingdom","sameAs":["https:\/\/www.facebook.com\/PressenzaEnglish\/","https:\/\/x.com\/PressenzaIPA"],"url":"https:\/\/www.pressenza.com\/it\/author\/pressenza-london\/"}]}},"place":"","original_article_url":"","_links":{"self":[{"href":"https:\/\/www.pressenza.com\/it\/wp-json\/wp\/v2\/posts\/880584","targetHints":{"allow":["GET"]}}],"collection":[{"href":"https:\/\/www.pressenza.com\/it\/wp-json\/wp\/v2\/posts"}],"about":[{"href":"https:\/\/www.pressenza.com\/it\/wp-json\/wp\/v2\/types\/post"}],"author":[{"embeddable":true,"href":"https:\/\/www.pressenza.com\/it\/wp-json\/wp\/v2\/users\/1013"}],"replies":[{"embeddable":true,"href":"https:\/\/www.pressenza.com\/it\/wp-json\/wp\/v2\/comments?post=880584"}],"version-history":[{"count":0,"href":"https:\/\/www.pressenza.com\/it\/wp-json\/wp\/v2\/posts\/880584\/revisions"}],"wp:featuredmedia":[{"embeddable":true,"href":"https:\/\/www.pressenza.com\/it\/wp-json\/wp\/v2\/media\/879025"}],"wp:attachment":[{"href":"https:\/\/www.pressenza.com\/it\/wp-json\/wp\/v2\/media?parent=880584"}],"wp:term":[{"taxonomy":"category","embeddable":true,"href":"https:\/\/www.pressenza.com\/it\/wp-json\/wp\/v2\/categories?post=880584"},{"taxonomy":"post_tag","embeddable":true,"href":"https:\/\/www.pressenza.com\/it\/wp-json\/wp\/v2\/tags?post=880584"}],"curies":[{"name":"wp","href":"https:\/\/api.w.org\/{rel}","templated":true}]}}