{"id":880555,"date":"2019-07-03T08:17:35","date_gmt":"2019-07-03T07:17:35","guid":{"rendered":"https:\/\/www.pressenza.com\/?p=880555"},"modified":"2019-07-03T08:19:18","modified_gmt":"2019-07-03T07:19:18","slug":"siamo-partiti-mediterranea-torna-in-mare","status":"publish","type":"post","link":"https:\/\/www.pressenza.com\/it\/2019\/07\/siamo-partiti-mediterranea-torna-in-mare\/","title":{"rendered":"Siamo partiti. Mediterranea torna in mare"},"content":{"rendered":"<p>Mediterranea non si \u00e8 mai fermata, perch\u00e9 non \u00e8 sequestrando una nave che si ferma Mediterranea. Ma adesso siamo tornati. Di nuovo. In mare.<\/p>\n<p>Non con Mare Jonio, che assurdamente rimane dietro il cancello di un porto per avere salvato 30 vite, tra cui la nostra piccola Alima, da morte certa. Non con i nostri comandanti, ad oggi indagati per favoreggiamento dell\u2019immigrazione clandestina, come Carola, semplicemente per avere fatto quello che \u00e8 giusto e quello che il diritto del mare e dei diritti umani prevede.<\/p>\n<p>Siamo partiti con quella che fino a ieri era la nostra barca di appoggio, la Alex, che adesso naviga nel Mediterraneo centrale per portare avanti la missione di Mediterranea: monitorare e denunciare le violazioni dei diritti umani in un mare che i governi europei hanno trasformato in un cimitero e un deserto, e prestare il primo soccorso, se incontreremo qualcuno che ha bisogno di aiuto.<\/p>\n<p>Raggiungeremo la cosiddetta SAR libica, una zona controllata da milizie colluse coi trafficanti di esseri umani legittimati dalle politiche italiane e dell\u2019Unione Europea. La nostra presenza \u00e8 l\u2019unico vero deterrente alla loro azione.<\/p>\n<p>Ancora una volta siamo andati dove non vorremmo essere, perch\u00e9 nessuno dovrebbe pi\u00f9 essere ridotto a naufrago per fuggire dalle bombe e dalle torture, e nessuno dovrebbe essere costretto ad andare in mare per difendere i diritti e la dignit\u00e0 delle persone contro la violenza e l\u2019arbitrio di scelte politiche crudeli e illegittime.<\/p>\n<p>Ancora una volta siamo andati dove \u00e8 necessario essere: in quel Mediterraneo dove oggi si gioca il futuro di tutte e tutti, perch\u00e9 in quel mare annega la nostra umanit\u00e0, la parte migliore della nostra civilt\u00e0 giuridica, la speranza di vivere in un mondo libero e pi\u00f9 giusto.<\/p>\n<p>Ancora una volta siamo in mare per salvarci.<\/p>\n<p>Non siamo soli: Open Arms e Aylan Kurdi di Sea-Eye saranno insieme a noi.<\/p>\n<p>Non siamo soli, soprattutto, perch\u00e9 Mediterranea siete voi, voi tutte e tutti che riempite le vie di terra, che siete a bordo in ogni istante, ovunque vi troviate, proteggendo i naviganti e aspettandoli nei porti, sempre.<\/p>\n<p>Buon vento Mediterranea!<\/p>\n<p><a href=\"https:\/\/mediterranearescue.org\/\">https:\/\/mediterranearescue.org<\/a><\/p>\n","protected":false},"excerpt":{"rendered":"<p>Mediterranea non si \u00e8 mai fermata, perch\u00e9 non \u00e8 sequestrando una nave che si ferma Mediterranea. Ma adesso siamo tornati. Di nuovo. In mare. Non con Mare Jonio, che assurdamente rimane dietro il cancello di un porto per avere salvato&hellip;<\/p>\n","protected":false},"author":594,"featured_media":880556,"comment_status":"closed","ping_status":"closed","sticky":false,"template":"","format":"standard","meta":{"footnotes":""},"categories":[45,150,47,54572],"tags":[1087,50743,44459,36895,53322,3788],"class_list":["post-880555","post","type-post","status-publish","format-standard","has-post-thumbnail","hentry","category-africa-it","category-comunicati-stampa","category-europa","category-migranti","tag-libia","tag-mediterranea","tag-open-arms","tag-salvataggi-in-mare","tag-sea-eye","tag-unione-europea"],"yoast_head":"<!-- This site is optimized with the Yoast SEO plugin v27.1.1 - https:\/\/yoast.com\/product\/yoast-seo-wordpress\/ -->\n<title>Siamo partiti. Mediterranea torna in mare<\/title>\n<meta name=\"description\" content=\"Mediterranea non si \u00e8 mai fermata, perch\u00e9 non \u00e8 sequestrando una nave che si ferma Mediterranea. Ma adesso siamo tornati. Di nuovo. In mare. Non con Mare\" \/>\n<meta name=\"robots\" content=\"index, follow, max-snippet:-1, max-image-preview:large, max-video-preview:-1\" \/>\n<link rel=\"canonical\" href=\"https:\/\/www.pressenza.com\/it\/2019\/07\/siamo-partiti-mediterranea-torna-in-mare\/\" \/>\n<meta property=\"og:locale\" content=\"it_IT\" \/>\n<meta property=\"og:type\" content=\"article\" \/>\n<meta property=\"og:title\" content=\"Siamo partiti. Mediterranea torna in mare\" \/>\n<meta property=\"og:description\" content=\"Mediterranea non si \u00e8 mai fermata, perch\u00e9 non \u00e8 sequestrando una nave che si ferma Mediterranea. Ma adesso siamo tornati. Di nuovo. In mare. Non con Mare\" \/>\n<meta property=\"og:url\" content=\"https:\/\/www.pressenza.com\/it\/2019\/07\/siamo-partiti-mediterranea-torna-in-mare\/\" \/>\n<meta property=\"og:site_name\" content=\"Pressenza\" \/>\n<meta property=\"article:publisher\" content=\"https:\/\/www.facebook.com\/PressenzaItalia\" \/>\n<meta property=\"article:author\" content=\"https:\/\/www.facebook.com\/PressenzaItalia\" \/>\n<meta property=\"article:published_time\" content=\"2019-07-03T07:17:35+00:00\" \/>\n<meta property=\"article:modified_time\" content=\"2019-07-03T07:19:18+00:00\" \/>\n<meta property=\"og:image\" content=\"https:\/\/www.pressenza.com\/wp-content\/uploads\/2019\/07\/partenza-Mediterranea.png\" \/>\n\t<meta property=\"og:image:width\" content=\"960\" \/>\n\t<meta property=\"og:image:height\" content=\"960\" \/>\n\t<meta property=\"og:image:type\" content=\"image\/png\" \/>\n<meta name=\"author\" content=\"Redazione Italia\" \/>\n<meta name=\"twitter:card\" content=\"summary_large_image\" \/>\n<meta name=\"twitter:creator\" content=\"@pressenza_it\" \/>\n<meta name=\"twitter:site\" content=\"@PressenzaIPA\" \/>\n<meta name=\"twitter:label1\" content=\"Scritto da\" \/>\n\t<meta name=\"twitter:data1\" content=\"Redazione Italia\" \/>\n\t<meta name=\"twitter:label2\" content=\"Tempo di lettura stimato\" \/>\n\t<meta name=\"twitter:data2\" content=\"2 minuti\" \/>\n<script type=\"application\/ld+json\" class=\"yoast-schema-graph\">{\"@context\":\"https:\/\/schema.org\",\"@graph\":[{\"@type\":\"Article\",\"@id\":\"https:\/\/www.pressenza.com\/it\/2019\/07\/siamo-partiti-mediterranea-torna-in-mare\/#article\",\"isPartOf\":{\"@id\":\"https:\/\/www.pressenza.com\/it\/2019\/07\/siamo-partiti-mediterranea-torna-in-mare\/\"},\"author\":{\"name\":\"Redazione Italia\",\"@id\":\"https:\/\/www.pressenza.com\/it\/#\/schema\/person\/d983e81827ae24f2c7b1a2123d197f8d\"},\"headline\":\"Siamo partiti. Mediterranea torna in mare\",\"datePublished\":\"2019-07-03T07:17:35+00:00\",\"dateModified\":\"2019-07-03T07:19:18+00:00\",\"mainEntityOfPage\":{\"@id\":\"https:\/\/www.pressenza.com\/it\/2019\/07\/siamo-partiti-mediterranea-torna-in-mare\/\"},\"wordCount\":352,\"publisher\":{\"@id\":\"https:\/\/www.pressenza.com\/it\/#organization\"},\"image\":{\"@id\":\"https:\/\/www.pressenza.com\/it\/2019\/07\/siamo-partiti-mediterranea-torna-in-mare\/#primaryimage\"},\"thumbnailUrl\":\"https:\/\/www.pressenza.com\/wp-content\/uploads\/2019\/07\/partenza-Mediterranea.png\",\"keywords\":[\"Libia\",\"Mediterranea\",\"Open Arms\",\"salvataggi in mare\",\"Sea Eye\",\"Unione Europea\"],\"articleSection\":[\"Africa\",\"Comunicati Stampa\",\"Europa\",\"Migranti\"],\"inLanguage\":\"it-IT\"},{\"@type\":\"WebPage\",\"@id\":\"https:\/\/www.pressenza.com\/it\/2019\/07\/siamo-partiti-mediterranea-torna-in-mare\/\",\"url\":\"https:\/\/www.pressenza.com\/it\/2019\/07\/siamo-partiti-mediterranea-torna-in-mare\/\",\"name\":\"Siamo partiti. Mediterranea torna in mare\",\"isPartOf\":{\"@id\":\"https:\/\/www.pressenza.com\/it\/#website\"},\"primaryImageOfPage\":{\"@id\":\"https:\/\/www.pressenza.com\/it\/2019\/07\/siamo-partiti-mediterranea-torna-in-mare\/#primaryimage\"},\"image\":{\"@id\":\"https:\/\/www.pressenza.com\/it\/2019\/07\/siamo-partiti-mediterranea-torna-in-mare\/#primaryimage\"},\"thumbnailUrl\":\"https:\/\/www.pressenza.com\/wp-content\/uploads\/2019\/07\/partenza-Mediterranea.png\",\"datePublished\":\"2019-07-03T07:17:35+00:00\",\"dateModified\":\"2019-07-03T07:19:18+00:00\",\"description\":\"Mediterranea non si \u00e8 mai fermata, perch\u00e9 non \u00e8 sequestrando una nave che si ferma Mediterranea. Ma adesso siamo tornati. Di nuovo. In mare. Non con Mare\",\"breadcrumb\":{\"@id\":\"https:\/\/www.pressenza.com\/it\/2019\/07\/siamo-partiti-mediterranea-torna-in-mare\/#breadcrumb\"},\"inLanguage\":\"it-IT\",\"potentialAction\":[{\"@type\":\"ReadAction\",\"target\":[\"https:\/\/www.pressenza.com\/it\/2019\/07\/siamo-partiti-mediterranea-torna-in-mare\/\"]}]},{\"@type\":\"ImageObject\",\"inLanguage\":\"it-IT\",\"@id\":\"https:\/\/www.pressenza.com\/it\/2019\/07\/siamo-partiti-mediterranea-torna-in-mare\/#primaryimage\",\"url\":\"https:\/\/www.pressenza.com\/wp-content\/uploads\/2019\/07\/partenza-Mediterranea.png\",\"contentUrl\":\"https:\/\/www.pressenza.com\/wp-content\/uploads\/2019\/07\/partenza-Mediterranea.png\",\"width\":960,\"height\":960},{\"@type\":\"BreadcrumbList\",\"@id\":\"https:\/\/www.pressenza.com\/it\/2019\/07\/siamo-partiti-mediterranea-torna-in-mare\/#breadcrumb\",\"itemListElement\":[{\"@type\":\"ListItem\",\"position\":1,\"name\":\"Accueil\",\"item\":\"https:\/\/www.pressenza.com\/it\/\"},{\"@type\":\"ListItem\",\"position\":2,\"name\":\"Siamo partiti. Mediterranea torna in mare\"}]},{\"@type\":\"WebSite\",\"@id\":\"https:\/\/www.pressenza.com\/it\/#website\",\"url\":\"https:\/\/www.pressenza.com\/it\/\",\"name\":\"Pressenza\",\"description\":\"Agenzia di Stampa Internazionale\",\"publisher\":{\"@id\":\"https:\/\/www.pressenza.com\/it\/#organization\"},\"potentialAction\":[{\"@type\":\"SearchAction\",\"target\":{\"@type\":\"EntryPoint\",\"urlTemplate\":\"https:\/\/www.pressenza.com\/it\/?s={search_term_string}\"},\"query-input\":{\"@type\":\"PropertyValueSpecification\",\"valueRequired\":true,\"valueName\":\"search_term_string\"}}],\"inLanguage\":\"it-IT\"},{\"@type\":\"Organization\",\"@id\":\"https:\/\/www.pressenza.com\/it\/#organization\",\"name\":\"Pressenza\",\"url\":\"https:\/\/www.pressenza.com\/it\/\",\"logo\":{\"@type\":\"ImageObject\",\"inLanguage\":\"it-IT\",\"@id\":\"https:\/\/www.pressenza.com\/it\/#\/schema\/logo\/image\/\",\"url\":\"https:\/\/www.pressenza.com\/wp-content\/uploads\/2022\/10\/pressenza_logo_200x200.jpg\",\"contentUrl\":\"https:\/\/www.pressenza.com\/wp-content\/uploads\/2022\/10\/pressenza_logo_200x200.jpg\",\"width\":200,\"height\":200,\"caption\":\"Pressenza\"},\"image\":{\"@id\":\"https:\/\/www.pressenza.com\/it\/#\/schema\/logo\/image\/\"},\"sameAs\":[\"https:\/\/www.facebook.com\/PressenzaItalia\",\"https:\/\/x.com\/PressenzaIPA\"]},{\"@type\":\"Person\",\"@id\":\"https:\/\/www.pressenza.com\/it\/#\/schema\/person\/d983e81827ae24f2c7b1a2123d197f8d\",\"name\":\"Redazione Italia\",\"description\":\"News from the Pressenza Bureau in Italy\",\"sameAs\":[\"https:\/\/www.pressenza.com\/it\/author\/redazione-italia\/\",\"https:\/\/www.facebook.com\/PressenzaItalia\",\"https:\/\/www.instagram.com\/pressenza_italia\/\",\"https:\/\/x.com\/pressenza_it\",\"https:\/\/www.youtube.com\/channel\/UCSalEIWjE1RSxkwjfftFuqg\"],\"url\":\"https:\/\/www.pressenza.com\/it\/author\/redazione-italia\/\"}]}<\/script>\n<!-- \/ Yoast SEO plugin. -->","yoast_head_json":{"title":"Siamo partiti. Mediterranea torna in mare","description":"Mediterranea non si \u00e8 mai fermata, perch\u00e9 non \u00e8 sequestrando una nave che si ferma Mediterranea. Ma adesso siamo tornati. Di nuovo. In mare. Non con Mare","robots":{"index":"index","follow":"follow","max-snippet":"max-snippet:-1","max-image-preview":"max-image-preview:large","max-video-preview":"max-video-preview:-1"},"canonical":"https:\/\/www.pressenza.com\/it\/2019\/07\/siamo-partiti-mediterranea-torna-in-mare\/","og_locale":"it_IT","og_type":"article","og_title":"Siamo partiti. Mediterranea torna in mare","og_description":"Mediterranea non si \u00e8 mai fermata, perch\u00e9 non \u00e8 sequestrando una nave che si ferma Mediterranea. Ma adesso siamo tornati. Di nuovo. In mare. Non con Mare","og_url":"https:\/\/www.pressenza.com\/it\/2019\/07\/siamo-partiti-mediterranea-torna-in-mare\/","og_site_name":"Pressenza","article_publisher":"https:\/\/www.facebook.com\/PressenzaItalia","article_author":"https:\/\/www.facebook.com\/PressenzaItalia","article_published_time":"2019-07-03T07:17:35+00:00","article_modified_time":"2019-07-03T07:19:18+00:00","og_image":[{"width":960,"height":960,"url":"https:\/\/www.pressenza.com\/wp-content\/uploads\/2019\/07\/partenza-Mediterranea.png","type":"image\/png"}],"author":"Redazione Italia","twitter_card":"summary_large_image","twitter_creator":"@pressenza_it","twitter_site":"@PressenzaIPA","twitter_misc":{"Scritto da":"Redazione Italia","Tempo di lettura stimato":"2 minuti"},"schema":{"@context":"https:\/\/schema.org","@graph":[{"@type":"Article","@id":"https:\/\/www.pressenza.com\/it\/2019\/07\/siamo-partiti-mediterranea-torna-in-mare\/#article","isPartOf":{"@id":"https:\/\/www.pressenza.com\/it\/2019\/07\/siamo-partiti-mediterranea-torna-in-mare\/"},"author":{"name":"Redazione Italia","@id":"https:\/\/www.pressenza.com\/it\/#\/schema\/person\/d983e81827ae24f2c7b1a2123d197f8d"},"headline":"Siamo partiti. Mediterranea torna in mare","datePublished":"2019-07-03T07:17:35+00:00","dateModified":"2019-07-03T07:19:18+00:00","mainEntityOfPage":{"@id":"https:\/\/www.pressenza.com\/it\/2019\/07\/siamo-partiti-mediterranea-torna-in-mare\/"},"wordCount":352,"publisher":{"@id":"https:\/\/www.pressenza.com\/it\/#organization"},"image":{"@id":"https:\/\/www.pressenza.com\/it\/2019\/07\/siamo-partiti-mediterranea-torna-in-mare\/#primaryimage"},"thumbnailUrl":"https:\/\/www.pressenza.com\/wp-content\/uploads\/2019\/07\/partenza-Mediterranea.png","keywords":["Libia","Mediterranea","Open Arms","salvataggi in mare","Sea Eye","Unione Europea"],"articleSection":["Africa","Comunicati Stampa","Europa","Migranti"],"inLanguage":"it-IT"},{"@type":"WebPage","@id":"https:\/\/www.pressenza.com\/it\/2019\/07\/siamo-partiti-mediterranea-torna-in-mare\/","url":"https:\/\/www.pressenza.com\/it\/2019\/07\/siamo-partiti-mediterranea-torna-in-mare\/","name":"Siamo partiti. Mediterranea torna in mare","isPartOf":{"@id":"https:\/\/www.pressenza.com\/it\/#website"},"primaryImageOfPage":{"@id":"https:\/\/www.pressenza.com\/it\/2019\/07\/siamo-partiti-mediterranea-torna-in-mare\/#primaryimage"},"image":{"@id":"https:\/\/www.pressenza.com\/it\/2019\/07\/siamo-partiti-mediterranea-torna-in-mare\/#primaryimage"},"thumbnailUrl":"https:\/\/www.pressenza.com\/wp-content\/uploads\/2019\/07\/partenza-Mediterranea.png","datePublished":"2019-07-03T07:17:35+00:00","dateModified":"2019-07-03T07:19:18+00:00","description":"Mediterranea non si \u00e8 mai fermata, perch\u00e9 non \u00e8 sequestrando una nave che si ferma Mediterranea. Ma adesso siamo tornati. Di nuovo. In mare. Non con Mare","breadcrumb":{"@id":"https:\/\/www.pressenza.com\/it\/2019\/07\/siamo-partiti-mediterranea-torna-in-mare\/#breadcrumb"},"inLanguage":"it-IT","potentialAction":[{"@type":"ReadAction","target":["https:\/\/www.pressenza.com\/it\/2019\/07\/siamo-partiti-mediterranea-torna-in-mare\/"]}]},{"@type":"ImageObject","inLanguage":"it-IT","@id":"https:\/\/www.pressenza.com\/it\/2019\/07\/siamo-partiti-mediterranea-torna-in-mare\/#primaryimage","url":"https:\/\/www.pressenza.com\/wp-content\/uploads\/2019\/07\/partenza-Mediterranea.png","contentUrl":"https:\/\/www.pressenza.com\/wp-content\/uploads\/2019\/07\/partenza-Mediterranea.png","width":960,"height":960},{"@type":"BreadcrumbList","@id":"https:\/\/www.pressenza.com\/it\/2019\/07\/siamo-partiti-mediterranea-torna-in-mare\/#breadcrumb","itemListElement":[{"@type":"ListItem","position":1,"name":"Accueil","item":"https:\/\/www.pressenza.com\/it\/"},{"@type":"ListItem","position":2,"name":"Siamo partiti. Mediterranea torna in mare"}]},{"@type":"WebSite","@id":"https:\/\/www.pressenza.com\/it\/#website","url":"https:\/\/www.pressenza.com\/it\/","name":"Pressenza","description":"Agenzia di Stampa Internazionale","publisher":{"@id":"https:\/\/www.pressenza.com\/it\/#organization"},"potentialAction":[{"@type":"SearchAction","target":{"@type":"EntryPoint","urlTemplate":"https:\/\/www.pressenza.com\/it\/?s={search_term_string}"},"query-input":{"@type":"PropertyValueSpecification","valueRequired":true,"valueName":"search_term_string"}}],"inLanguage":"it-IT"},{"@type":"Organization","@id":"https:\/\/www.pressenza.com\/it\/#organization","name":"Pressenza","url":"https:\/\/www.pressenza.com\/it\/","logo":{"@type":"ImageObject","inLanguage":"it-IT","@id":"https:\/\/www.pressenza.com\/it\/#\/schema\/logo\/image\/","url":"https:\/\/www.pressenza.com\/wp-content\/uploads\/2022\/10\/pressenza_logo_200x200.jpg","contentUrl":"https:\/\/www.pressenza.com\/wp-content\/uploads\/2022\/10\/pressenza_logo_200x200.jpg","width":200,"height":200,"caption":"Pressenza"},"image":{"@id":"https:\/\/www.pressenza.com\/it\/#\/schema\/logo\/image\/"},"sameAs":["https:\/\/www.facebook.com\/PressenzaItalia","https:\/\/x.com\/PressenzaIPA"]},{"@type":"Person","@id":"https:\/\/www.pressenza.com\/it\/#\/schema\/person\/d983e81827ae24f2c7b1a2123d197f8d","name":"Redazione Italia","description":"News from the Pressenza Bureau in Italy","sameAs":["https:\/\/www.pressenza.com\/it\/author\/redazione-italia\/","https:\/\/www.facebook.com\/PressenzaItalia","https:\/\/www.instagram.com\/pressenza_italia\/","https:\/\/x.com\/pressenza_it","https:\/\/www.youtube.com\/channel\/UCSalEIWjE1RSxkwjfftFuqg"],"url":"https:\/\/www.pressenza.com\/it\/author\/redazione-italia\/"}]}},"place":"","original_article_url":"","_links":{"self":[{"href":"https:\/\/www.pressenza.com\/it\/wp-json\/wp\/v2\/posts\/880555","targetHints":{"allow":["GET"]}}],"collection":[{"href":"https:\/\/www.pressenza.com\/it\/wp-json\/wp\/v2\/posts"}],"about":[{"href":"https:\/\/www.pressenza.com\/it\/wp-json\/wp\/v2\/types\/post"}],"author":[{"embeddable":true,"href":"https:\/\/www.pressenza.com\/it\/wp-json\/wp\/v2\/users\/594"}],"replies":[{"embeddable":true,"href":"https:\/\/www.pressenza.com\/it\/wp-json\/wp\/v2\/comments?post=880555"}],"version-history":[{"count":0,"href":"https:\/\/www.pressenza.com\/it\/wp-json\/wp\/v2\/posts\/880555\/revisions"}],"wp:featuredmedia":[{"embeddable":true,"href":"https:\/\/www.pressenza.com\/it\/wp-json\/wp\/v2\/media\/880556"}],"wp:attachment":[{"href":"https:\/\/www.pressenza.com\/it\/wp-json\/wp\/v2\/media?parent=880555"}],"wp:term":[{"taxonomy":"category","embeddable":true,"href":"https:\/\/www.pressenza.com\/it\/wp-json\/wp\/v2\/categories?post=880555"},{"taxonomy":"post_tag","embeddable":true,"href":"https:\/\/www.pressenza.com\/it\/wp-json\/wp\/v2\/tags?post=880555"}],"curies":[{"name":"wp","href":"https:\/\/api.w.org\/{rel}","templated":true}]}}