{"id":879914,"date":"2019-07-01T22:45:29","date_gmt":"2019-07-01T21:45:29","guid":{"rendered":"https:\/\/www.pressenza.com\/?p=879914"},"modified":"2019-07-01T22:49:07","modified_gmt":"2019-07-01T21:49:07","slug":"li-chiamano-invasori-ma-sono-ostaggi","status":"publish","type":"post","link":"https:\/\/www.pressenza.com\/it\/2019\/07\/li-chiamano-invasori-ma-sono-ostaggi\/","title":{"rendered":"Li chiamano invasori ma sono ostaggi"},"content":{"rendered":"<p style=\"background: white; margin: 0cm 0cm 4.5pt 0cm;\"><span style=\"font-size: 10.5pt; font-family: 'Helvetica',sans-serif; color: #1d2129;\">In Libia c\u2019\u00e8 una lunga\u00a0<a href=\"https:\/\/www.pressenza.com\/it\/2019\/05\/libia-il-bianco-e-il-nero\/\">guerra civile in corso<\/a>, da una parte Al Serraj col suo governo di unit\u00e0 nazionale sostenuto dall\u2019ONU, dalla Turchia, dal Quatar e ultima in ordine, ma che ha fortissimi interessi in gioco con le piattaforme d&#8217;estrazione di petrolio e gas: l\u2019Italia.<\/span><\/p>\n<p style=\"background: white; font-variant-ligatures: normal; font-variant-caps: normal; orphans: 2; text-align: start; widows: 2; -webkit-text-stroke-width: 0px; text-decoration-style: initial; text-decoration-color: initial; word-spacing: 0px; margin: 4.5pt 0cm 4.5pt 0cm;\"><span style=\"font-size: 10.5pt; font-family: 'Helvetica',sans-serif; color: #1d2129;\">Dall\u2019altra parte il generale Khalifa Haftar che si aspettava una cavalcata senza intoppi fino alla capitale Tripoli. L\u2019uomo forte della Cirenaica, la parte orientale della Libia, aveva cominciato l\u2019avanzata militare con il placet dei suoi numerosi alleati: quelli \u201cdichiarati\u201d Arabia Saudita, Emirati Arabi Uniti, Egitto, Russia e quelli \u201csegreti\u201d non dichiarati Francia su tutti. Anche se ormai lo schieramento \u00e8 molto fluido, con gli Stati Uniti, ad esempio, che a volte lo sostengono e a volte no.<br \/>\nOra per\u00f2 il consenso intorno alla sua leadership sta scemando e anche tra chi tradizionalmente ha sostenuto Haftar ci sono delle riserve sull\u2019avanzata verso Tripoli.<\/span><\/p>\n<p style=\"background: white; font-variant-ligatures: normal; font-variant-caps: normal; orphans: 2; text-align: start; widows: 2; -webkit-text-stroke-width: 0px; text-decoration-style: initial; text-decoration-color: initial; word-spacing: 0px; margin: 4.5pt 0cm 4.5pt 0cm;\"><span style=\"font-size: 10.5pt; font-family: 'Helvetica',sans-serif; color: #1d2129;\">Dopo quasi quattro mesi di <a href=\"https:\/\/www.pressenza.com\/it\/2019\/04\/libia-tutte-le-posizioni-in-campo\/\">combattimento serrato,<\/a> quest\u2019impasse sul piano militare sta moltiplicando i fronti del conflitto, e sono in corso contemporaneamente una guerra diplomatica, una cyberwarfare, (guerra d\u2019informazioni online) e una guerra economica per il controllo di banche e delle risorse naturali.<br \/>\nOggi Serraj dopo averlo richiesto d\u2019urgenza, ha preso un aereo da Tripoli ed \u00e8 venuto a colloquio con Salvini in qualit\u00e0 di Ministro dell\u2019Interno, sempre oggi poche ore fa, hanno convocato un Consiglio dei Ministri d\u2019urgenza, a porte chiuse; ufficialmente per stabilire questioni economiche, ufficiosamente credo per parlare di questioni strategiche e della partita che si sta combattendo in Libia.<br \/>\nSempre oggi di poche ore fa \u00e8 stato annunciato che il Generale Haftar sta per procedere a bombardare Tripoli.<\/span><\/p>\n<p style=\"background: white; font-variant-ligatures: normal; font-variant-caps: normal; orphans: 2; text-align: start; widows: 2; -webkit-text-stroke-width: 0px; text-decoration-style: initial; text-decoration-color: initial; word-spacing: 0px; margin: 4.5pt 0cm 4.5pt 0cm;\"><span style=\"font-size: 10.5pt; font-family: 'Helvetica',sans-serif; color: #1d2129;\">Contemporaneamente in questi giorni, le missioni militari di Francia e Italia, pi\u00f9 quelle inglesi e statunitensi si stanno contendendo il controllo del Niger, altro territorio dove si stanno scontrando interessi economici enormi.<br \/>\nDa l\u00ec si apre la via al controllo del <a href=\"https:\/\/www.pressenza.com\/it\/2019\/02\/cosi-continua-a-scappare-la-povera-gente\/\">Delta del Niger<\/a> dove praticamente tutte le multinazionali del petrolio da 50 anni sfruttano l\u2019estrazione dei giacimenti petroliferi a pi\u00f9 non posso; sempre dal controllo del Niger si aprono le vie verso il <a href=\"https:\/\/www.pressenza.com\/it\/2017\/02\/in-congo-le-vittime-del-nostro-benessere\/\">Congo<\/a> e verso il <a href=\"https:\/\/www.pressenza.com\/it\/2019\/01\/mali-guerra-civile-infinita-nel-sahel-limpegno-onu-appare-insufficiente\/\">Mali<\/a> che possono garantire lo sfruttamento delle terre rare, sono i minerali del futuro, le cosiddette terre rare, da questi dipendono l\u2019industria militare, aerospaziale ed elettronica, averne l\u2019accesso \u00e8 pi\u00f9 che strategico, per come \u00e8 impostata l\u2019economia occidentale \u00e8 vitale.<\/span><\/p>\n<p style=\"background: white; font-variant-ligatures: normal; font-variant-caps: normal; orphans: 2; text-align: start; widows: 2; -webkit-text-stroke-width: 0px; text-decoration-style: initial; text-decoration-color: initial; word-spacing: 0px; margin: 4.5pt 0cm 4.5pt 0cm;\"><span style=\"font-size: 10.5pt; font-family: 'Helvetica',sans-serif; color: #1d2129;\">E sempre in questi giorni si stanno decidendo le commissioni europee, e alcuni ruoli chiave come ad esempio, commissari europei, Presidenza europea, Presidenza della BCE ecc. dove ci sono Germania e Francia che tirano da una parte e Italia con un gruppetto di altri che tirano da un&#8217;altra, minacce di aperture d\u2019infrazioni, di commissariamenti, tiri incrociati di vario tipo e genere da pi\u00f9 parti, tutto per ridurre ognuno i propri avversari a pi\u00f9 miti consigli. (La chiamano persino Europa Unita)<\/span><\/p>\n<p style=\"background: white; font-variant-ligatures: normal; font-variant-caps: normal; orphans: 2; text-align: start; widows: 2; -webkit-text-stroke-width: 0px; text-decoration-style: initial; text-decoration-color: initial; word-spacing: 0px; margin: 4.5pt 0cm 4.5pt 0cm;\"><span style=\"font-size: 10.5pt; font-family: 'Helvetica',sans-serif; color: #1d2129;\">In mezzo a tutto questo macello, ancora adesso ci sono oltre 200.000 disperati che sono letteralmente rimasti incastrati in Libia, detenuti senza aver commesso nessun reato; se andiamo a vederne la <a href=\"https:\/\/www.sprar.it\/wp-content\/uploads\/2018\/11\/Atlante-Sprar-2017_Light.pdf\">provenienza<\/a> per lo pi\u00f9 provengono dal Niger, dal Mali, dal Congo, dal Gambia; esattamente da quelle aree africane dove gli stati occidentali, per procura delle multinazionali, si stanno contendendo interessi economici e di controllo strategico enormi. Sono persone come noi, che secondo la carta internazionale dell&#8217;uomo hanno pari diritti ai nostri, bisogno di cure, e co<\/span><span style=\"color: #1d2129; font-family: Helvetica, sans-serif; font-size: 10.5pt;\">me confermato da oltre 5 <\/span><a style=\"font-family: Helvetica, sans-serif; font-size: 10.5pt;\" href=\"https:\/\/unsmil.unmissions.org\/sites\/default\/files\/libya-migration-report-18dec2018.pdf\">rapporti ufficiali<\/a><span style=\"color: #1d2129; font-family: Helvetica, sans-serif; font-size: 10.5pt;\"> in mano ai vari governi europei, avrebbero almeno bisogno di fuggire, di salvarsi la vita scappare da torture, sevizie, ricatti, stupri, uccisioni, morti per stento, che avvengono tutti i giorni, proprio sotto i nostri occhi nei <\/span><a style=\"font-family: Helvetica, sans-serif; font-size: 10.5pt;\" href=\"https:\/\/www.pressenza.com\/it\/2018\/05\/libia-msf-migranti-detenuti-zuwara-condizioni-disumane\/\">centri di detenzione libici<\/a><span style=\"color: #1d2129; font-family: Helvetica, sans-serif; font-size: 10.5pt;\"> finanziati dai nostri governi tramite gli<\/span><a style=\"font-family: Helvetica, sans-serif; font-size: 10.5pt;\" href=\"https:\/\/www.pressenza.com\/it\/2018\/02\/un-anno-dallaccordo-italia-libia-amnesty-denuncia-migliaia-persone-intrappolate\/\"> accordi che abbiamo firmato<\/a><span style=\"color: #1d2129; font-family: Helvetica, sans-serif; font-size: 10.5pt;\"> per fermare non l&#8217;immgrazione ma una vera e proprio fuga, quella che le nostre stesse politiche occidentali in decenni di guerre e sfruttamento ha scatenato.\u00a0<\/span><\/p>\n<p style=\"background: white; font-variant-ligatures: normal; font-variant-caps: normal; orphans: 2; text-align: start; widows: 2; -webkit-text-stroke-width: 0px; text-decoration-style: initial; text-decoration-color: initial; word-spacing: 0px; margin: 4.5pt 0cm 4.5pt 0cm;\"><span style=\"font-size: 10.5pt; font-family: 'Helvetica',sans-serif; color: #1d2129;\">Ma in fondo si sa&#8230; forse \u00e8 chiedere troppo alle nostre coscienze quasi dormienti, meglio continuarli a chiamare come abbiamo sempre fatto qui<\/span><span style=\"font-size: 10.5pt; font-family: 'Helvetica',sans-serif; color: #1d2129;\">\u00a0in Italia; da noi li chiamiamo invasori, se non di peggio e quando proprio vada bene&#8230; &#8220;migranti&#8221;\u2026. perch\u00e9 si sa, fa meno impressione, di fronte a una opinione pubblica che si commuove davanti le foto dei gattini, qualcuno molto sensibile potrebbe rimanerci male, persino esserne urtato, se venissero chiamati per quello che sono: ostaggi rimasti incastrati nel mezzo ad uno schifoso sporco gioco<\/span><\/p>\n","protected":false},"excerpt":{"rendered":"<p>Una lunga guerra civile in corso, molte le parti in gioco, enormi gli interessi in gioco, nel mezzo, rimaste schiacciate, centinaia di migliaia di persone.  <\/p>\n","protected":false},"author":980,"featured_media":879919,"comment_status":"closed","ping_status":"closed","sticky":false,"template":"","format":"standard","meta":{"footnotes":""},"categories":[45,11388,60,47,54572,57],"tags":[49595,60470,3465,6162,55327,7910,13363,13291,1087,1782,2636,4458,208,3769,16359,60469],"class_list":["post-879914","post","type-post","status-publish","format-standard","has-post-thumbnail","hentry","category-africa-it","category-contenuti-originali","category-diritti-umani","category-europa","category-migranti","category-affari-esteri","tag-al-serraj","tag-centri-di-detenzione-libici","tag-congo-it","tag-delta-del-niger","tag-gambia-it","tag-gas","tag-guerra-civile-libica","tag-khalifa-haftar","tag-libia","tag-mali-it","tag-migranti","tag-niger-it","tag-onu","tag-petrolio","tag-salvini","tag-terre-rare"],"yoast_head":"<!-- This site is optimized with the Yoast SEO plugin v27.1.1 - https:\/\/yoast.com\/product\/yoast-seo-wordpress\/ -->\n<title>Li chiamano invasori ma sono ostaggi<\/title>\n<meta name=\"description\" content=\"Una lunga guerra civile in corso, molte le parti in gioco, enormi gli interessi in gioco, nel mezzo, rimaste schiacciate, centinaia di migliaia di persone.\" \/>\n<meta name=\"robots\" content=\"index, follow, max-snippet:-1, max-image-preview:large, max-video-preview:-1\" \/>\n<link rel=\"canonical\" href=\"https:\/\/www.pressenza.com\/it\/2019\/07\/li-chiamano-invasori-ma-sono-ostaggi\/\" \/>\n<meta property=\"og:locale\" content=\"it_IT\" \/>\n<meta property=\"og:type\" content=\"article\" \/>\n<meta property=\"og:title\" content=\"Li chiamano invasori ma sono ostaggi\" \/>\n<meta property=\"og:description\" content=\"Una lunga guerra civile in corso, molte le parti in gioco, enormi gli interessi in gioco, nel mezzo, rimaste schiacciate, centinaia di migliaia di persone.\" \/>\n<meta property=\"og:url\" content=\"https:\/\/www.pressenza.com\/it\/2019\/07\/li-chiamano-invasori-ma-sono-ostaggi\/\" \/>\n<meta property=\"og:site_name\" content=\"Pressenza\" \/>\n<meta property=\"article:publisher\" content=\"https:\/\/www.facebook.com\/PressenzaItalia\" \/>\n<meta property=\"article:author\" content=\"https:\/\/www.facebook.com\/valdarno.sostenibile\" \/>\n<meta property=\"article:published_time\" content=\"2019-07-01T21:45:29+00:00\" \/>\n<meta property=\"article:modified_time\" content=\"2019-07-01T21:49:07+00:00\" \/>\n<meta property=\"og:image\" content=\"https:\/\/www.pressenza.com\/wp-content\/uploads\/2019\/07\/Two-Nigerian-refugees-cry-and-embrace-in-a-detention-centre-in-Surman-Libya-in-August-2016-Reuters.jpg\" \/>\n\t<meta property=\"og:image:width\" content=\"1200\" \/>\n\t<meta property=\"og:image:height\" content=\"800\" \/>\n\t<meta property=\"og:image:type\" content=\"image\/jpeg\" \/>\n<meta name=\"author\" content=\"Luca Cellini\" \/>\n<meta name=\"twitter:card\" content=\"summary_large_image\" \/>\n<meta name=\"twitter:creator\" content=\"@LucaCellini68\" \/>\n<meta name=\"twitter:site\" content=\"@PressenzaIPA\" \/>\n<meta name=\"twitter:label1\" content=\"Scritto da\" \/>\n\t<meta name=\"twitter:data1\" content=\"Luca Cellini\" \/>\n\t<meta name=\"twitter:label2\" content=\"Tempo di lettura stimato\" \/>\n\t<meta name=\"twitter:data2\" content=\"4 minuti\" \/>\n<script type=\"application\/ld+json\" class=\"yoast-schema-graph\">{\"@context\":\"https:\/\/schema.org\",\"@graph\":[{\"@type\":\"Article\",\"@id\":\"https:\/\/www.pressenza.com\/it\/2019\/07\/li-chiamano-invasori-ma-sono-ostaggi\/#article\",\"isPartOf\":{\"@id\":\"https:\/\/www.pressenza.com\/it\/2019\/07\/li-chiamano-invasori-ma-sono-ostaggi\/\"},\"author\":{\"name\":\"Luca Cellini\",\"@id\":\"https:\/\/www.pressenza.com\/it\/#\/schema\/person\/6f5bf686b3d94620dc918fd3afbd9180\"},\"headline\":\"Li chiamano invasori ma sono ostaggi\",\"datePublished\":\"2019-07-01T21:45:29+00:00\",\"dateModified\":\"2019-07-01T21:49:07+00:00\",\"mainEntityOfPage\":{\"@id\":\"https:\/\/www.pressenza.com\/it\/2019\/07\/li-chiamano-invasori-ma-sono-ostaggi\/\"},\"wordCount\":739,\"publisher\":{\"@id\":\"https:\/\/www.pressenza.com\/it\/#organization\"},\"image\":{\"@id\":\"https:\/\/www.pressenza.com\/it\/2019\/07\/li-chiamano-invasori-ma-sono-ostaggi\/#primaryimage\"},\"thumbnailUrl\":\"https:\/\/www.pressenza.com\/wp-content\/uploads\/2019\/07\/Two-Nigerian-refugees-cry-and-embrace-in-a-detention-centre-in-Surman-Libya-in-August-2016-Reuters.jpg\",\"keywords\":[\"Al Serraj\",\"centri di detenzione libici\",\"Congo\",\"delta del Niger\",\"Gambia\",\"Gas\",\"guerra civile libica\",\"Khalifa Haftar\",\"Libia\",\"Mali\",\"migranti\",\"Niger\",\"ONU\",\"petrolio\",\"Salvini\",\"terre rare\"],\"articleSection\":[\"Africa\",\"contenuti originali\",\"Diritti Umani\",\"Europa\",\"Migranti\",\"Questioni internazionali\"],\"inLanguage\":\"it-IT\"},{\"@type\":\"WebPage\",\"@id\":\"https:\/\/www.pressenza.com\/it\/2019\/07\/li-chiamano-invasori-ma-sono-ostaggi\/\",\"url\":\"https:\/\/www.pressenza.com\/it\/2019\/07\/li-chiamano-invasori-ma-sono-ostaggi\/\",\"name\":\"Li chiamano invasori ma sono ostaggi\",\"isPartOf\":{\"@id\":\"https:\/\/www.pressenza.com\/it\/#website\"},\"primaryImageOfPage\":{\"@id\":\"https:\/\/www.pressenza.com\/it\/2019\/07\/li-chiamano-invasori-ma-sono-ostaggi\/#primaryimage\"},\"image\":{\"@id\":\"https:\/\/www.pressenza.com\/it\/2019\/07\/li-chiamano-invasori-ma-sono-ostaggi\/#primaryimage\"},\"thumbnailUrl\":\"https:\/\/www.pressenza.com\/wp-content\/uploads\/2019\/07\/Two-Nigerian-refugees-cry-and-embrace-in-a-detention-centre-in-Surman-Libya-in-August-2016-Reuters.jpg\",\"datePublished\":\"2019-07-01T21:45:29+00:00\",\"dateModified\":\"2019-07-01T21:49:07+00:00\",\"description\":\"Una lunga guerra civile in corso, molte le parti in gioco, enormi gli interessi in gioco, nel mezzo, rimaste schiacciate, centinaia di migliaia di persone.\",\"breadcrumb\":{\"@id\":\"https:\/\/www.pressenza.com\/it\/2019\/07\/li-chiamano-invasori-ma-sono-ostaggi\/#breadcrumb\"},\"inLanguage\":\"it-IT\",\"potentialAction\":[{\"@type\":\"ReadAction\",\"target\":[\"https:\/\/www.pressenza.com\/it\/2019\/07\/li-chiamano-invasori-ma-sono-ostaggi\/\"]}]},{\"@type\":\"ImageObject\",\"inLanguage\":\"it-IT\",\"@id\":\"https:\/\/www.pressenza.com\/it\/2019\/07\/li-chiamano-invasori-ma-sono-ostaggi\/#primaryimage\",\"url\":\"https:\/\/www.pressenza.com\/wp-content\/uploads\/2019\/07\/Two-Nigerian-refugees-cry-and-embrace-in-a-detention-centre-in-Surman-Libya-in-August-2016-Reuters.jpg\",\"contentUrl\":\"https:\/\/www.pressenza.com\/wp-content\/uploads\/2019\/07\/Two-Nigerian-refugees-cry-and-embrace-in-a-detention-centre-in-Surman-Libya-in-August-2016-Reuters.jpg\",\"width\":1200,\"height\":800,\"caption\":\"Due rifugiate nigeriane che si abbracciano in un centro di detenzione a Surman in Libia\"},{\"@type\":\"BreadcrumbList\",\"@id\":\"https:\/\/www.pressenza.com\/it\/2019\/07\/li-chiamano-invasori-ma-sono-ostaggi\/#breadcrumb\",\"itemListElement\":[{\"@type\":\"ListItem\",\"position\":1,\"name\":\"Accueil\",\"item\":\"https:\/\/www.pressenza.com\/it\/\"},{\"@type\":\"ListItem\",\"position\":2,\"name\":\"Li chiamano invasori ma sono ostaggi\"}]},{\"@type\":\"WebSite\",\"@id\":\"https:\/\/www.pressenza.com\/it\/#website\",\"url\":\"https:\/\/www.pressenza.com\/it\/\",\"name\":\"Pressenza\",\"description\":\"Agenzia di Stampa Internazionale\",\"publisher\":{\"@id\":\"https:\/\/www.pressenza.com\/it\/#organization\"},\"potentialAction\":[{\"@type\":\"SearchAction\",\"target\":{\"@type\":\"EntryPoint\",\"urlTemplate\":\"https:\/\/www.pressenza.com\/it\/?s={search_term_string}\"},\"query-input\":{\"@type\":\"PropertyValueSpecification\",\"valueRequired\":true,\"valueName\":\"search_term_string\"}}],\"inLanguage\":\"it-IT\"},{\"@type\":\"Organization\",\"@id\":\"https:\/\/www.pressenza.com\/it\/#organization\",\"name\":\"Pressenza\",\"url\":\"https:\/\/www.pressenza.com\/it\/\",\"logo\":{\"@type\":\"ImageObject\",\"inLanguage\":\"it-IT\",\"@id\":\"https:\/\/www.pressenza.com\/it\/#\/schema\/logo\/image\/\",\"url\":\"https:\/\/www.pressenza.com\/wp-content\/uploads\/2022\/10\/pressenza_logo_200x200.jpg\",\"contentUrl\":\"https:\/\/www.pressenza.com\/wp-content\/uploads\/2022\/10\/pressenza_logo_200x200.jpg\",\"width\":200,\"height\":200,\"caption\":\"Pressenza\"},\"image\":{\"@id\":\"https:\/\/www.pressenza.com\/it\/#\/schema\/logo\/image\/\"},\"sameAs\":[\"https:\/\/www.facebook.com\/PressenzaItalia\",\"https:\/\/x.com\/PressenzaIPA\"]},{\"@type\":\"Person\",\"@id\":\"https:\/\/www.pressenza.com\/it\/#\/schema\/person\/6f5bf686b3d94620dc918fd3afbd9180\",\"name\":\"Luca Cellini\",\"description\":\"Luca Cellini has participated with the Humanist Party. He was a volunteer with the Conscientious Objectors Association and an activist with Greenpeace. He participated in the Mir Sada International Peace March, a nonviolent peace convoy during the Bosnian conflict in Mostar and Sarajevo, to try to stop the conflict. He participated in the Social Forum and in the World March for Peace and Nonviolence. He founded the Valdarno Sustainability Committee with which he promotes the formation of the Valdarno Valdsieve coordination network to stop the construction of landfills and incinerators. He is passionate for writing, interested in alternative information, economics, research in the field of energy, strategies to achieve zero waste, and ecology, topics for which he has held public meetings and seminars for high school students. He works as a designer for the industry sector. Currently he engaged as volunteer in the fight against child exploitation and again Human Trafficking. Editor and columnist for Pressenza.\",\"sameAs\":[\"https:\/\/valdarnosostenibile.wordpress.com\/\",\"https:\/\/www.facebook.com\/valdarno.sostenibile\",\"https:\/\/x.com\/LucaCellini68\"],\"url\":\"https:\/\/www.pressenza.com\/it\/author\/luca-cellini\/\"}]}<\/script>\n<!-- \/ Yoast SEO plugin. -->","yoast_head_json":{"title":"Li chiamano invasori ma sono ostaggi","description":"Una lunga guerra civile in corso, molte le parti in gioco, enormi gli interessi in gioco, nel mezzo, rimaste schiacciate, centinaia di migliaia di persone.","robots":{"index":"index","follow":"follow","max-snippet":"max-snippet:-1","max-image-preview":"max-image-preview:large","max-video-preview":"max-video-preview:-1"},"canonical":"https:\/\/www.pressenza.com\/it\/2019\/07\/li-chiamano-invasori-ma-sono-ostaggi\/","og_locale":"it_IT","og_type":"article","og_title":"Li chiamano invasori ma sono ostaggi","og_description":"Una lunga guerra civile in corso, molte le parti in gioco, enormi gli interessi in gioco, nel mezzo, rimaste schiacciate, centinaia di migliaia di persone.","og_url":"https:\/\/www.pressenza.com\/it\/2019\/07\/li-chiamano-invasori-ma-sono-ostaggi\/","og_site_name":"Pressenza","article_publisher":"https:\/\/www.facebook.com\/PressenzaItalia","article_author":"https:\/\/www.facebook.com\/valdarno.sostenibile","article_published_time":"2019-07-01T21:45:29+00:00","article_modified_time":"2019-07-01T21:49:07+00:00","og_image":[{"width":1200,"height":800,"url":"https:\/\/www.pressenza.com\/wp-content\/uploads\/2019\/07\/Two-Nigerian-refugees-cry-and-embrace-in-a-detention-centre-in-Surman-Libya-in-August-2016-Reuters.jpg","type":"image\/jpeg"}],"author":"Luca Cellini","twitter_card":"summary_large_image","twitter_creator":"@LucaCellini68","twitter_site":"@PressenzaIPA","twitter_misc":{"Scritto da":"Luca Cellini","Tempo di lettura stimato":"4 minuti"},"schema":{"@context":"https:\/\/schema.org","@graph":[{"@type":"Article","@id":"https:\/\/www.pressenza.com\/it\/2019\/07\/li-chiamano-invasori-ma-sono-ostaggi\/#article","isPartOf":{"@id":"https:\/\/www.pressenza.com\/it\/2019\/07\/li-chiamano-invasori-ma-sono-ostaggi\/"},"author":{"name":"Luca Cellini","@id":"https:\/\/www.pressenza.com\/it\/#\/schema\/person\/6f5bf686b3d94620dc918fd3afbd9180"},"headline":"Li chiamano invasori ma sono ostaggi","datePublished":"2019-07-01T21:45:29+00:00","dateModified":"2019-07-01T21:49:07+00:00","mainEntityOfPage":{"@id":"https:\/\/www.pressenza.com\/it\/2019\/07\/li-chiamano-invasori-ma-sono-ostaggi\/"},"wordCount":739,"publisher":{"@id":"https:\/\/www.pressenza.com\/it\/#organization"},"image":{"@id":"https:\/\/www.pressenza.com\/it\/2019\/07\/li-chiamano-invasori-ma-sono-ostaggi\/#primaryimage"},"thumbnailUrl":"https:\/\/www.pressenza.com\/wp-content\/uploads\/2019\/07\/Two-Nigerian-refugees-cry-and-embrace-in-a-detention-centre-in-Surman-Libya-in-August-2016-Reuters.jpg","keywords":["Al Serraj","centri di detenzione libici","Congo","delta del Niger","Gambia","Gas","guerra civile libica","Khalifa Haftar","Libia","Mali","migranti","Niger","ONU","petrolio","Salvini","terre rare"],"articleSection":["Africa","contenuti originali","Diritti Umani","Europa","Migranti","Questioni internazionali"],"inLanguage":"it-IT"},{"@type":"WebPage","@id":"https:\/\/www.pressenza.com\/it\/2019\/07\/li-chiamano-invasori-ma-sono-ostaggi\/","url":"https:\/\/www.pressenza.com\/it\/2019\/07\/li-chiamano-invasori-ma-sono-ostaggi\/","name":"Li chiamano invasori ma sono ostaggi","isPartOf":{"@id":"https:\/\/www.pressenza.com\/it\/#website"},"primaryImageOfPage":{"@id":"https:\/\/www.pressenza.com\/it\/2019\/07\/li-chiamano-invasori-ma-sono-ostaggi\/#primaryimage"},"image":{"@id":"https:\/\/www.pressenza.com\/it\/2019\/07\/li-chiamano-invasori-ma-sono-ostaggi\/#primaryimage"},"thumbnailUrl":"https:\/\/www.pressenza.com\/wp-content\/uploads\/2019\/07\/Two-Nigerian-refugees-cry-and-embrace-in-a-detention-centre-in-Surman-Libya-in-August-2016-Reuters.jpg","datePublished":"2019-07-01T21:45:29+00:00","dateModified":"2019-07-01T21:49:07+00:00","description":"Una lunga guerra civile in corso, molte le parti in gioco, enormi gli interessi in gioco, nel mezzo, rimaste schiacciate, centinaia di migliaia di persone.","breadcrumb":{"@id":"https:\/\/www.pressenza.com\/it\/2019\/07\/li-chiamano-invasori-ma-sono-ostaggi\/#breadcrumb"},"inLanguage":"it-IT","potentialAction":[{"@type":"ReadAction","target":["https:\/\/www.pressenza.com\/it\/2019\/07\/li-chiamano-invasori-ma-sono-ostaggi\/"]}]},{"@type":"ImageObject","inLanguage":"it-IT","@id":"https:\/\/www.pressenza.com\/it\/2019\/07\/li-chiamano-invasori-ma-sono-ostaggi\/#primaryimage","url":"https:\/\/www.pressenza.com\/wp-content\/uploads\/2019\/07\/Two-Nigerian-refugees-cry-and-embrace-in-a-detention-centre-in-Surman-Libya-in-August-2016-Reuters.jpg","contentUrl":"https:\/\/www.pressenza.com\/wp-content\/uploads\/2019\/07\/Two-Nigerian-refugees-cry-and-embrace-in-a-detention-centre-in-Surman-Libya-in-August-2016-Reuters.jpg","width":1200,"height":800,"caption":"Due rifugiate nigeriane che si abbracciano in un centro di detenzione a Surman in Libia"},{"@type":"BreadcrumbList","@id":"https:\/\/www.pressenza.com\/it\/2019\/07\/li-chiamano-invasori-ma-sono-ostaggi\/#breadcrumb","itemListElement":[{"@type":"ListItem","position":1,"name":"Accueil","item":"https:\/\/www.pressenza.com\/it\/"},{"@type":"ListItem","position":2,"name":"Li chiamano invasori ma sono ostaggi"}]},{"@type":"WebSite","@id":"https:\/\/www.pressenza.com\/it\/#website","url":"https:\/\/www.pressenza.com\/it\/","name":"Pressenza","description":"Agenzia di Stampa Internazionale","publisher":{"@id":"https:\/\/www.pressenza.com\/it\/#organization"},"potentialAction":[{"@type":"SearchAction","target":{"@type":"EntryPoint","urlTemplate":"https:\/\/www.pressenza.com\/it\/?s={search_term_string}"},"query-input":{"@type":"PropertyValueSpecification","valueRequired":true,"valueName":"search_term_string"}}],"inLanguage":"it-IT"},{"@type":"Organization","@id":"https:\/\/www.pressenza.com\/it\/#organization","name":"Pressenza","url":"https:\/\/www.pressenza.com\/it\/","logo":{"@type":"ImageObject","inLanguage":"it-IT","@id":"https:\/\/www.pressenza.com\/it\/#\/schema\/logo\/image\/","url":"https:\/\/www.pressenza.com\/wp-content\/uploads\/2022\/10\/pressenza_logo_200x200.jpg","contentUrl":"https:\/\/www.pressenza.com\/wp-content\/uploads\/2022\/10\/pressenza_logo_200x200.jpg","width":200,"height":200,"caption":"Pressenza"},"image":{"@id":"https:\/\/www.pressenza.com\/it\/#\/schema\/logo\/image\/"},"sameAs":["https:\/\/www.facebook.com\/PressenzaItalia","https:\/\/x.com\/PressenzaIPA"]},{"@type":"Person","@id":"https:\/\/www.pressenza.com\/it\/#\/schema\/person\/6f5bf686b3d94620dc918fd3afbd9180","name":"Luca Cellini","description":"Luca Cellini has participated with the Humanist Party. He was a volunteer with the Conscientious Objectors Association and an activist with Greenpeace. He participated in the Mir Sada International Peace March, a nonviolent peace convoy during the Bosnian conflict in Mostar and Sarajevo, to try to stop the conflict. He participated in the Social Forum and in the World March for Peace and Nonviolence. He founded the Valdarno Sustainability Committee with which he promotes the formation of the Valdarno Valdsieve coordination network to stop the construction of landfills and incinerators. He is passionate for writing, interested in alternative information, economics, research in the field of energy, strategies to achieve zero waste, and ecology, topics for which he has held public meetings and seminars for high school students. He works as a designer for the industry sector. Currently he engaged as volunteer in the fight against child exploitation and again Human Trafficking. Editor and columnist for Pressenza.","sameAs":["https:\/\/valdarnosostenibile.wordpress.com\/","https:\/\/www.facebook.com\/valdarno.sostenibile","https:\/\/x.com\/LucaCellini68"],"url":"https:\/\/www.pressenza.com\/it\/author\/luca-cellini\/"}]}},"place":"","original_article_url":"","_links":{"self":[{"href":"https:\/\/www.pressenza.com\/it\/wp-json\/wp\/v2\/posts\/879914","targetHints":{"allow":["GET"]}}],"collection":[{"href":"https:\/\/www.pressenza.com\/it\/wp-json\/wp\/v2\/posts"}],"about":[{"href":"https:\/\/www.pressenza.com\/it\/wp-json\/wp\/v2\/types\/post"}],"author":[{"embeddable":true,"href":"https:\/\/www.pressenza.com\/it\/wp-json\/wp\/v2\/users\/980"}],"replies":[{"embeddable":true,"href":"https:\/\/www.pressenza.com\/it\/wp-json\/wp\/v2\/comments?post=879914"}],"version-history":[{"count":0,"href":"https:\/\/www.pressenza.com\/it\/wp-json\/wp\/v2\/posts\/879914\/revisions"}],"wp:featuredmedia":[{"embeddable":true,"href":"https:\/\/www.pressenza.com\/it\/wp-json\/wp\/v2\/media\/879919"}],"wp:attachment":[{"href":"https:\/\/www.pressenza.com\/it\/wp-json\/wp\/v2\/media?parent=879914"}],"wp:term":[{"taxonomy":"category","embeddable":true,"href":"https:\/\/www.pressenza.com\/it\/wp-json\/wp\/v2\/categories?post=879914"},{"taxonomy":"post_tag","embeddable":true,"href":"https:\/\/www.pressenza.com\/it\/wp-json\/wp\/v2\/tags?post=879914"}],"curies":[{"name":"wp","href":"https:\/\/api.w.org\/{rel}","templated":true}]}}