{"id":879120,"date":"2019-06-30T20:37:50","date_gmt":"2019-06-30T19:37:50","guid":{"rendered":"https:\/\/www.pressenza.com\/?p=879120"},"modified":"2019-06-30T21:11:47","modified_gmt":"2019-06-30T20:11:47","slug":"istanbul-ancora-una-volta-ha-assistito-alla-violenza-della-polizia-durante-la-17-marcia-del-pride","status":"publish","type":"post","link":"https:\/\/www.pressenza.com\/it\/2019\/06\/istanbul-ancora-una-volta-ha-assistito-alla-violenza-della-polizia-durante-la-17-marcia-del-pride\/","title":{"rendered":"Istanbul Pride, violenza della polizia ma anche sostegno delle opposizioni"},"content":{"rendered":"<p>Dopo Izmir, Mersin e Antalya anche la prefettura di Istanbul ha seguito la tradizione. Quindi anche quest\u2019anno non \u00e8 stato permesso alle persone di sfilare lungo le strade della citt\u00e0 per rivendicare pubblicamente i propri diritti e riaffermare la propria visibilit\u00e0. In sintesi, la motivazione della prefettura della vecchia Costantinopoli \u00e8 la seguente: &#8220;Evitare gli eventuali scontri tra gruppi di idee diverse, mantenere la quiete pubblica, preservare la sicurezza nazionale, conservare l&#8217;ordine pubblico, prevenire gli eventuali atti di terrorismo e difendere l&#8217;unit\u00e0 nazionale e la morale collettiva&#8221;.<\/p>\n<p>La risposta del movimento \u00e8 stata netta, chiara e molto determinata, esattamente come si legge in un passaggio del comunicato stampa seguito alla decisione della prefettura: \u201cE\u2019 molto ironico vedere l\u2019impegno per impedirci di marciare, quelle persone che commettono reati d\u2019ufficio, rubano i soldi del popolo, fanno passare il loro attaccamento alla poltrona come potenziale rischio all\u2019indipendenza del Paese e contemporaneamente ci accusano di essere immorali. Sono sempre loro che per mantenersi attaccati alle loro poltrone fanno crescere sempre di pi\u00f9 il fuoco dell\u2019odio contro di noi. Loro devono capire che le persone lgbti+ sono proprio la societ\u00e0 stessa. Invece coloro che ci definiscono come bersagli finiranno nella pattumiera della storia come una manciata di persone che amano il potere. Noi vinceremo e voi perderete!\u201d.<\/p>\n<p>E\u2019 dal 2013, data in cui si \u00e8 svolto un Pride con una partecipazione senza precedenti, che nella citt\u00e0 pi\u00f9 grande della Turchia non \u00e8 possibile marciare per i diritti delle persone lgbt, e non solo. Dopo il divieto di sei anni fa, tutte le manifestazioni pubbliche legate alla settimana del Pride sono state vietate ed ogni tentativo di effettuare la marcia \u00e8 stato respinto in modo violento da parte della polizia.<\/p>\n<p>Anche quest\u2019anno, numerose persone si sono radunate in zona Mis Sokak, Taksim e dopo pochi minuti la polizia ha iniziato a disperdere la massa: lacrimogeni, manganelli, spintoni con gli scudi ed in alcuni casi anche pallottole di plastica. Le telecamere del portale di notizia Sendika.org ed i cellulari del comitato organizzativo Istanbul Lgbti+ Pride hanno filmato anche quei momenti in cui i lacrimogeni venivano sparati dentro i locali dove secondo la polizia le persone si rifugiavano. Dopo qualche ora di tafferugli, in diverse zone del quartiere, alcune persone hanno letto dei brevi comunicati stampa davanti le telecamere. La frase comune era: &#8220;Abituatevi, non rinunciamo alla nostra lotta organizzata e alla nostra cultura di solidariet\u00e0, ci siamo e ci saremo&#8221;.<\/p>\n<p>Oggi, tra le persone che hanno partecipato al tentativo di creare un corteo, c\u2019erano anche due parlamentari dell\u2019opposizione; Ahmet \u015e\u0131k (HDP) e G\u00f6k\u00e7e G\u00f6k\u00e7en (CHP).<\/p>\n<p>Forse la novit\u00e0 assoluta di quest\u2019anno veniva proprio da quel mondo politico ed istituzionale. Tramite gli account twitter ufficiali, diversi comuni della Turchia si sono espressi, prima e dopo la settimana del Pride, in solidariet\u00e0 con le persone che cercano di rivendicare i loro diritti. Ovviamente si tratta dei municipi governati dai partiti dell\u2019opposizione, come: Bandirma, Findikli, Edremit, Odunpazari, Nilufer, Kusadasi, Kadikoy, Fethiye, Dat\u00e7a, Kemalpasa, Hopa, Germencik, Sisli, Bor\u00e7ka, Maltepe, Kartal, Tarsus, Fo\u00e7a, Besiktas, Burhaniye, Bodrum, Atasehir, Didim, Eskisehir, Mersin, Canakkale, Edirne, Izmir e Cukurova. Sono delle municipalit\u00e0 piccole (secondo i numeri della Turchia), ma anche delle grandi citt\u00e0 con pi\u00f9 di due milioni di abitanti. C\u2019era chi pubblicava la foto dei fiori con un breve messaggio e chi un pugno chiuso colorato con i colori dell\u2019arcobaleno. C\u2019era chi scriveva \u201cIl mondo \u00e8 bello con tutti i suoi colori\u201d e chi \u201cSiamo dalla parte dell\u2019amore contro l\u2019odio\u201d. Un gesto senza precedenti, anche se \u00e8 piccolo, che fa capire che un cambiamento \u00e8 in atto e la lotta e la determinazione di quelle persone che non mollano forse ha prodotto un risultato significativo.<\/p>\n","protected":false},"excerpt":{"rendered":"<p>Dopo Izmir, Mersin e Antalya anche la prefettura di Istanbul ha seguito la tradizione. Quindi anche quest\u2019anno non \u00e8 stato permesso alle persone di sfilare lungo le strade della citt\u00e0 per rivendicare pubblicamente i propri diritti e riaffermare la propria&hellip;<\/p>\n","protected":false},"author":899,"featured_media":879122,"comment_status":"closed","ping_status":"closed","sticky":false,"template":"","format":"standard","meta":{"footnotes":""},"categories":[11388,47,1261],"tags":[5533,5197,1470,5772,744],"class_list":["post-879120","post","type-post","status-publish","format-standard","has-post-thumbnail","hentry","category-contenuti-originali","category-europa","category-diversita","tag-diritti","tag-istanbul","tag-polizia","tag-pride","tag-violenza"],"yoast_head":"<!-- This site is optimized with the Yoast SEO plugin v27.1.1 - https:\/\/yoast.com\/product\/yoast-seo-wordpress\/ -->\n<title>Istanbul Pride, violenza della polizia ma anche sostegno delle opposizioni<\/title>\n<meta name=\"description\" content=\"E\u2019 dal 2013 che nella citt\u00e0 pi\u00f9 grande della Turchia non \u00e8 possibile marciare per i diritti delle persone lgbt. Dopo il divieto di sei anni fa, tutte le manifestazioni pubbliche legate al Pride sono state vietate ed ogni tentativo di effettuare la marcia \u00e8 stato respinto in modo violento\" \/>\n<meta name=\"robots\" content=\"index, follow, max-snippet:-1, max-image-preview:large, max-video-preview:-1\" \/>\n<link rel=\"canonical\" href=\"https:\/\/www.pressenza.com\/it\/2019\/06\/istanbul-ancora-una-volta-ha-assistito-alla-violenza-della-polizia-durante-la-17-marcia-del-pride\/\" \/>\n<meta property=\"og:locale\" content=\"it_IT\" \/>\n<meta property=\"og:type\" content=\"article\" \/>\n<meta property=\"og:title\" content=\"Istanbul Pride, violenza della polizia ma anche sostegno delle opposizioni\" \/>\n<meta property=\"og:description\" content=\"E\u2019 dal 2013 che nella citt\u00e0 pi\u00f9 grande della Turchia non \u00e8 possibile marciare per i diritti delle persone lgbt. Dopo il divieto di sei anni fa, tutte le manifestazioni pubbliche legate al Pride sono state vietate ed ogni tentativo di effettuare la marcia \u00e8 stato respinto in modo violento\" \/>\n<meta property=\"og:url\" content=\"https:\/\/www.pressenza.com\/it\/2019\/06\/istanbul-ancora-una-volta-ha-assistito-alla-violenza-della-polizia-durante-la-17-marcia-del-pride\/\" \/>\n<meta property=\"og:site_name\" content=\"Pressenza\" \/>\n<meta property=\"article:publisher\" content=\"https:\/\/www.facebook.com\/PressenzaItalia\" \/>\n<meta property=\"article:author\" content=\"https:\/\/www.facebook.com\/muratcinartorino\" \/>\n<meta property=\"article:published_time\" content=\"2019-06-30T19:37:50+00:00\" \/>\n<meta property=\"article:modified_time\" content=\"2019-06-30T20:11:47+00:00\" \/>\n<meta property=\"og:image\" content=\"https:\/\/www.pressenza.com\/wp-content\/uploads\/2019\/06\/pride-istanbul.png\" \/>\n\t<meta property=\"og:image:width\" content=\"750\" \/>\n\t<meta property=\"og:image:height\" content=\"415\" \/>\n\t<meta property=\"og:image:type\" content=\"image\/png\" \/>\n<meta name=\"author\" content=\"Murat Cinar\" \/>\n<meta name=\"twitter:card\" content=\"summary_large_image\" \/>\n<meta name=\"twitter:creator\" content=\"@muratcinar\" \/>\n<meta name=\"twitter:site\" content=\"@PressenzaIPA\" \/>\n<meta name=\"twitter:label1\" content=\"Scritto da\" \/>\n\t<meta name=\"twitter:data1\" content=\"Murat Cinar\" \/>\n\t<meta name=\"twitter:label2\" content=\"Tempo di lettura stimato\" \/>\n\t<meta name=\"twitter:data2\" content=\"3 minuti\" \/>\n<script type=\"application\/ld+json\" class=\"yoast-schema-graph\">{\"@context\":\"https:\/\/schema.org\",\"@graph\":[{\"@type\":\"Article\",\"@id\":\"https:\/\/www.pressenza.com\/it\/2019\/06\/istanbul-ancora-una-volta-ha-assistito-alla-violenza-della-polizia-durante-la-17-marcia-del-pride\/#article\",\"isPartOf\":{\"@id\":\"https:\/\/www.pressenza.com\/it\/2019\/06\/istanbul-ancora-una-volta-ha-assistito-alla-violenza-della-polizia-durante-la-17-marcia-del-pride\/\"},\"author\":{\"name\":\"Murat Cinar\",\"@id\":\"https:\/\/www.pressenza.com\/it\/#\/schema\/person\/e3b28c9575cd63576a05d54f8d67d1ac\"},\"headline\":\"Istanbul Pride, violenza della polizia ma anche sostegno delle opposizioni\",\"datePublished\":\"2019-06-30T19:37:50+00:00\",\"dateModified\":\"2019-06-30T20:11:47+00:00\",\"mainEntityOfPage\":{\"@id\":\"https:\/\/www.pressenza.com\/it\/2019\/06\/istanbul-ancora-una-volta-ha-assistito-alla-violenza-della-polizia-durante-la-17-marcia-del-pride\/\"},\"wordCount\":635,\"publisher\":{\"@id\":\"https:\/\/www.pressenza.com\/it\/#organization\"},\"image\":{\"@id\":\"https:\/\/www.pressenza.com\/it\/2019\/06\/istanbul-ancora-una-volta-ha-assistito-alla-violenza-della-polizia-durante-la-17-marcia-del-pride\/#primaryimage\"},\"thumbnailUrl\":\"https:\/\/www.pressenza.com\/wp-content\/uploads\/2019\/06\/pride-istanbul.png\",\"keywords\":[\"diritti\",\"Istanbul\",\"polizia\",\"pride\",\"violenza\"],\"articleSection\":[\"contenuti originali\",\"Europa\",\"Non discriminazione\"],\"inLanguage\":\"it-IT\"},{\"@type\":\"WebPage\",\"@id\":\"https:\/\/www.pressenza.com\/it\/2019\/06\/istanbul-ancora-una-volta-ha-assistito-alla-violenza-della-polizia-durante-la-17-marcia-del-pride\/\",\"url\":\"https:\/\/www.pressenza.com\/it\/2019\/06\/istanbul-ancora-una-volta-ha-assistito-alla-violenza-della-polizia-durante-la-17-marcia-del-pride\/\",\"name\":\"Istanbul Pride, violenza della polizia ma anche sostegno delle opposizioni\",\"isPartOf\":{\"@id\":\"https:\/\/www.pressenza.com\/it\/#website\"},\"primaryImageOfPage\":{\"@id\":\"https:\/\/www.pressenza.com\/it\/2019\/06\/istanbul-ancora-una-volta-ha-assistito-alla-violenza-della-polizia-durante-la-17-marcia-del-pride\/#primaryimage\"},\"image\":{\"@id\":\"https:\/\/www.pressenza.com\/it\/2019\/06\/istanbul-ancora-una-volta-ha-assistito-alla-violenza-della-polizia-durante-la-17-marcia-del-pride\/#primaryimage\"},\"thumbnailUrl\":\"https:\/\/www.pressenza.com\/wp-content\/uploads\/2019\/06\/pride-istanbul.png\",\"datePublished\":\"2019-06-30T19:37:50+00:00\",\"dateModified\":\"2019-06-30T20:11:47+00:00\",\"description\":\"E\u2019 dal 2013 che nella citt\u00e0 pi\u00f9 grande della Turchia non \u00e8 possibile marciare per i diritti delle persone lgbt. Dopo il divieto di sei anni fa, tutte le manifestazioni pubbliche legate al Pride sono state vietate ed ogni tentativo di effettuare la marcia \u00e8 stato respinto in modo violento\",\"breadcrumb\":{\"@id\":\"https:\/\/www.pressenza.com\/it\/2019\/06\/istanbul-ancora-una-volta-ha-assistito-alla-violenza-della-polizia-durante-la-17-marcia-del-pride\/#breadcrumb\"},\"inLanguage\":\"it-IT\",\"potentialAction\":[{\"@type\":\"ReadAction\",\"target\":[\"https:\/\/www.pressenza.com\/it\/2019\/06\/istanbul-ancora-una-volta-ha-assistito-alla-violenza-della-polizia-durante-la-17-marcia-del-pride\/\"]}]},{\"@type\":\"ImageObject\",\"inLanguage\":\"it-IT\",\"@id\":\"https:\/\/www.pressenza.com\/it\/2019\/06\/istanbul-ancora-una-volta-ha-assistito-alla-violenza-della-polizia-durante-la-17-marcia-del-pride\/#primaryimage\",\"url\":\"https:\/\/www.pressenza.com\/wp-content\/uploads\/2019\/06\/pride-istanbul.png\",\"contentUrl\":\"https:\/\/www.pressenza.com\/wp-content\/uploads\/2019\/06\/pride-istanbul.png\",\"width\":750,\"height\":415,\"caption\":\"pride istanbul\"},{\"@type\":\"BreadcrumbList\",\"@id\":\"https:\/\/www.pressenza.com\/it\/2019\/06\/istanbul-ancora-una-volta-ha-assistito-alla-violenza-della-polizia-durante-la-17-marcia-del-pride\/#breadcrumb\",\"itemListElement\":[{\"@type\":\"ListItem\",\"position\":1,\"name\":\"Accueil\",\"item\":\"https:\/\/www.pressenza.com\/it\/\"},{\"@type\":\"ListItem\",\"position\":2,\"name\":\"Istanbul Pride, violenza della polizia ma anche sostegno delle opposizioni\"}]},{\"@type\":\"WebSite\",\"@id\":\"https:\/\/www.pressenza.com\/it\/#website\",\"url\":\"https:\/\/www.pressenza.com\/it\/\",\"name\":\"Pressenza\",\"description\":\"Agenzia di Stampa Internazionale\",\"publisher\":{\"@id\":\"https:\/\/www.pressenza.com\/it\/#organization\"},\"potentialAction\":[{\"@type\":\"SearchAction\",\"target\":{\"@type\":\"EntryPoint\",\"urlTemplate\":\"https:\/\/www.pressenza.com\/it\/?s={search_term_string}\"},\"query-input\":{\"@type\":\"PropertyValueSpecification\",\"valueRequired\":true,\"valueName\":\"search_term_string\"}}],\"inLanguage\":\"it-IT\"},{\"@type\":\"Organization\",\"@id\":\"https:\/\/www.pressenza.com\/it\/#organization\",\"name\":\"Pressenza\",\"url\":\"https:\/\/www.pressenza.com\/it\/\",\"logo\":{\"@type\":\"ImageObject\",\"inLanguage\":\"it-IT\",\"@id\":\"https:\/\/www.pressenza.com\/it\/#\/schema\/logo\/image\/\",\"url\":\"https:\/\/www.pressenza.com\/wp-content\/uploads\/2022\/10\/pressenza_logo_200x200.jpg\",\"contentUrl\":\"https:\/\/www.pressenza.com\/wp-content\/uploads\/2022\/10\/pressenza_logo_200x200.jpg\",\"width\":200,\"height\":200,\"caption\":\"Pressenza\"},\"image\":{\"@id\":\"https:\/\/www.pressenza.com\/it\/#\/schema\/logo\/image\/\"},\"sameAs\":[\"https:\/\/www.facebook.com\/PressenzaItalia\",\"https:\/\/x.com\/PressenzaIPA\"]},{\"@type\":\"Person\",\"@id\":\"https:\/\/www.pressenza.com\/it\/#\/schema\/person\/e3b28c9575cd63576a05d54f8d67d1ac\",\"name\":\"Murat Cinar\",\"description\":\"One of the sons of Constantine, was born in 1981. Fruit of love of an immigrant couple in the former Ottoman city, she from Sebastia (Turkey) he from Batum (Georgia). Raised two steps away from the old Pera, between the Armenian and Jewish cultures. Big passion for photography, cinema, politics and inevitably journalism. After a short academic adventure in International Finance he landed in Italy back in 2001, first in Siena then in Turin, with the desire to study journalism, but he ended up attending Cinema and Television. He specializes in shooting and editing videos, photography and, lately, web marketing. Occasionally he writes in Turkey for the national magazine KaosGL, for the national daily Birgun and for various independent news portals such as Bianet and Sendika. In Italy he wrote for Il Manifesto and the monthly E-il mensile. He is one of the founders of the Glob011 monthly freepress, he worked for BabelMed and Prospettive Altre. Currently has collaborations with Pressenza and Caff\u00e8 dei Giornalisti. As long as he can get a little oxygen out of the city and a few hours free from work, he tries to write stories, frequenrly ironic ones, taken from what he observes and experiences. He tries to enrich his journey with Shiatsu, TaiChi and the passion for Fenerbah\u00e7e.\",\"sameAs\":[\"http:\/\/www.muratcinar.net\",\"https:\/\/www.facebook.com\/muratcinartorino\",\"https:\/\/www.instagram.com\/mcinar1981\",\"https:\/\/x.com\/muratcinar\",\"https:\/\/youtube.com\/c\/muratcinar\"],\"url\":\"https:\/\/www.pressenza.com\/it\/author\/murat-cinar\/\"}]}<\/script>\n<!-- \/ Yoast SEO plugin. -->","yoast_head_json":{"title":"Istanbul Pride, violenza della polizia ma anche sostegno delle opposizioni","description":"E\u2019 dal 2013 che nella citt\u00e0 pi\u00f9 grande della Turchia non \u00e8 possibile marciare per i diritti delle persone lgbt. Dopo il divieto di sei anni fa, tutte le manifestazioni pubbliche legate al Pride sono state vietate ed ogni tentativo di effettuare la marcia \u00e8 stato respinto in modo violento","robots":{"index":"index","follow":"follow","max-snippet":"max-snippet:-1","max-image-preview":"max-image-preview:large","max-video-preview":"max-video-preview:-1"},"canonical":"https:\/\/www.pressenza.com\/it\/2019\/06\/istanbul-ancora-una-volta-ha-assistito-alla-violenza-della-polizia-durante-la-17-marcia-del-pride\/","og_locale":"it_IT","og_type":"article","og_title":"Istanbul Pride, violenza della polizia ma anche sostegno delle opposizioni","og_description":"E\u2019 dal 2013 che nella citt\u00e0 pi\u00f9 grande della Turchia non \u00e8 possibile marciare per i diritti delle persone lgbt. Dopo il divieto di sei anni fa, tutte le manifestazioni pubbliche legate al Pride sono state vietate ed ogni tentativo di effettuare la marcia \u00e8 stato respinto in modo violento","og_url":"https:\/\/www.pressenza.com\/it\/2019\/06\/istanbul-ancora-una-volta-ha-assistito-alla-violenza-della-polizia-durante-la-17-marcia-del-pride\/","og_site_name":"Pressenza","article_publisher":"https:\/\/www.facebook.com\/PressenzaItalia","article_author":"https:\/\/www.facebook.com\/muratcinartorino","article_published_time":"2019-06-30T19:37:50+00:00","article_modified_time":"2019-06-30T20:11:47+00:00","og_image":[{"width":750,"height":415,"url":"https:\/\/www.pressenza.com\/wp-content\/uploads\/2019\/06\/pride-istanbul.png","type":"image\/png"}],"author":"Murat Cinar","twitter_card":"summary_large_image","twitter_creator":"@muratcinar","twitter_site":"@PressenzaIPA","twitter_misc":{"Scritto da":"Murat Cinar","Tempo di lettura stimato":"3 minuti"},"schema":{"@context":"https:\/\/schema.org","@graph":[{"@type":"Article","@id":"https:\/\/www.pressenza.com\/it\/2019\/06\/istanbul-ancora-una-volta-ha-assistito-alla-violenza-della-polizia-durante-la-17-marcia-del-pride\/#article","isPartOf":{"@id":"https:\/\/www.pressenza.com\/it\/2019\/06\/istanbul-ancora-una-volta-ha-assistito-alla-violenza-della-polizia-durante-la-17-marcia-del-pride\/"},"author":{"name":"Murat Cinar","@id":"https:\/\/www.pressenza.com\/it\/#\/schema\/person\/e3b28c9575cd63576a05d54f8d67d1ac"},"headline":"Istanbul Pride, violenza della polizia ma anche sostegno delle opposizioni","datePublished":"2019-06-30T19:37:50+00:00","dateModified":"2019-06-30T20:11:47+00:00","mainEntityOfPage":{"@id":"https:\/\/www.pressenza.com\/it\/2019\/06\/istanbul-ancora-una-volta-ha-assistito-alla-violenza-della-polizia-durante-la-17-marcia-del-pride\/"},"wordCount":635,"publisher":{"@id":"https:\/\/www.pressenza.com\/it\/#organization"},"image":{"@id":"https:\/\/www.pressenza.com\/it\/2019\/06\/istanbul-ancora-una-volta-ha-assistito-alla-violenza-della-polizia-durante-la-17-marcia-del-pride\/#primaryimage"},"thumbnailUrl":"https:\/\/www.pressenza.com\/wp-content\/uploads\/2019\/06\/pride-istanbul.png","keywords":["diritti","Istanbul","polizia","pride","violenza"],"articleSection":["contenuti originali","Europa","Non discriminazione"],"inLanguage":"it-IT"},{"@type":"WebPage","@id":"https:\/\/www.pressenza.com\/it\/2019\/06\/istanbul-ancora-una-volta-ha-assistito-alla-violenza-della-polizia-durante-la-17-marcia-del-pride\/","url":"https:\/\/www.pressenza.com\/it\/2019\/06\/istanbul-ancora-una-volta-ha-assistito-alla-violenza-della-polizia-durante-la-17-marcia-del-pride\/","name":"Istanbul Pride, violenza della polizia ma anche sostegno delle opposizioni","isPartOf":{"@id":"https:\/\/www.pressenza.com\/it\/#website"},"primaryImageOfPage":{"@id":"https:\/\/www.pressenza.com\/it\/2019\/06\/istanbul-ancora-una-volta-ha-assistito-alla-violenza-della-polizia-durante-la-17-marcia-del-pride\/#primaryimage"},"image":{"@id":"https:\/\/www.pressenza.com\/it\/2019\/06\/istanbul-ancora-una-volta-ha-assistito-alla-violenza-della-polizia-durante-la-17-marcia-del-pride\/#primaryimage"},"thumbnailUrl":"https:\/\/www.pressenza.com\/wp-content\/uploads\/2019\/06\/pride-istanbul.png","datePublished":"2019-06-30T19:37:50+00:00","dateModified":"2019-06-30T20:11:47+00:00","description":"E\u2019 dal 2013 che nella citt\u00e0 pi\u00f9 grande della Turchia non \u00e8 possibile marciare per i diritti delle persone lgbt. Dopo il divieto di sei anni fa, tutte le manifestazioni pubbliche legate al Pride sono state vietate ed ogni tentativo di effettuare la marcia \u00e8 stato respinto in modo violento","breadcrumb":{"@id":"https:\/\/www.pressenza.com\/it\/2019\/06\/istanbul-ancora-una-volta-ha-assistito-alla-violenza-della-polizia-durante-la-17-marcia-del-pride\/#breadcrumb"},"inLanguage":"it-IT","potentialAction":[{"@type":"ReadAction","target":["https:\/\/www.pressenza.com\/it\/2019\/06\/istanbul-ancora-una-volta-ha-assistito-alla-violenza-della-polizia-durante-la-17-marcia-del-pride\/"]}]},{"@type":"ImageObject","inLanguage":"it-IT","@id":"https:\/\/www.pressenza.com\/it\/2019\/06\/istanbul-ancora-una-volta-ha-assistito-alla-violenza-della-polizia-durante-la-17-marcia-del-pride\/#primaryimage","url":"https:\/\/www.pressenza.com\/wp-content\/uploads\/2019\/06\/pride-istanbul.png","contentUrl":"https:\/\/www.pressenza.com\/wp-content\/uploads\/2019\/06\/pride-istanbul.png","width":750,"height":415,"caption":"pride istanbul"},{"@type":"BreadcrumbList","@id":"https:\/\/www.pressenza.com\/it\/2019\/06\/istanbul-ancora-una-volta-ha-assistito-alla-violenza-della-polizia-durante-la-17-marcia-del-pride\/#breadcrumb","itemListElement":[{"@type":"ListItem","position":1,"name":"Accueil","item":"https:\/\/www.pressenza.com\/it\/"},{"@type":"ListItem","position":2,"name":"Istanbul Pride, violenza della polizia ma anche sostegno delle opposizioni"}]},{"@type":"WebSite","@id":"https:\/\/www.pressenza.com\/it\/#website","url":"https:\/\/www.pressenza.com\/it\/","name":"Pressenza","description":"Agenzia di Stampa Internazionale","publisher":{"@id":"https:\/\/www.pressenza.com\/it\/#organization"},"potentialAction":[{"@type":"SearchAction","target":{"@type":"EntryPoint","urlTemplate":"https:\/\/www.pressenza.com\/it\/?s={search_term_string}"},"query-input":{"@type":"PropertyValueSpecification","valueRequired":true,"valueName":"search_term_string"}}],"inLanguage":"it-IT"},{"@type":"Organization","@id":"https:\/\/www.pressenza.com\/it\/#organization","name":"Pressenza","url":"https:\/\/www.pressenza.com\/it\/","logo":{"@type":"ImageObject","inLanguage":"it-IT","@id":"https:\/\/www.pressenza.com\/it\/#\/schema\/logo\/image\/","url":"https:\/\/www.pressenza.com\/wp-content\/uploads\/2022\/10\/pressenza_logo_200x200.jpg","contentUrl":"https:\/\/www.pressenza.com\/wp-content\/uploads\/2022\/10\/pressenza_logo_200x200.jpg","width":200,"height":200,"caption":"Pressenza"},"image":{"@id":"https:\/\/www.pressenza.com\/it\/#\/schema\/logo\/image\/"},"sameAs":["https:\/\/www.facebook.com\/PressenzaItalia","https:\/\/x.com\/PressenzaIPA"]},{"@type":"Person","@id":"https:\/\/www.pressenza.com\/it\/#\/schema\/person\/e3b28c9575cd63576a05d54f8d67d1ac","name":"Murat Cinar","description":"One of the sons of Constantine, was born in 1981. Fruit of love of an immigrant couple in the former Ottoman city, she from Sebastia (Turkey) he from Batum (Georgia). Raised two steps away from the old Pera, between the Armenian and Jewish cultures. Big passion for photography, cinema, politics and inevitably journalism. After a short academic adventure in International Finance he landed in Italy back in 2001, first in Siena then in Turin, with the desire to study journalism, but he ended up attending Cinema and Television. He specializes in shooting and editing videos, photography and, lately, web marketing. Occasionally he writes in Turkey for the national magazine KaosGL, for the national daily Birgun and for various independent news portals such as Bianet and Sendika. In Italy he wrote for Il Manifesto and the monthly E-il mensile. He is one of the founders of the Glob011 monthly freepress, he worked for BabelMed and Prospettive Altre. Currently has collaborations with Pressenza and Caff\u00e8 dei Giornalisti. As long as he can get a little oxygen out of the city and a few hours free from work, he tries to write stories, frequenrly ironic ones, taken from what he observes and experiences. He tries to enrich his journey with Shiatsu, TaiChi and the passion for Fenerbah\u00e7e.","sameAs":["http:\/\/www.muratcinar.net","https:\/\/www.facebook.com\/muratcinartorino","https:\/\/www.instagram.com\/mcinar1981","https:\/\/x.com\/muratcinar","https:\/\/youtube.com\/c\/muratcinar"],"url":"https:\/\/www.pressenza.com\/it\/author\/murat-cinar\/"}]}},"place":"","original_article_url":"","_links":{"self":[{"href":"https:\/\/www.pressenza.com\/it\/wp-json\/wp\/v2\/posts\/879120","targetHints":{"allow":["GET"]}}],"collection":[{"href":"https:\/\/www.pressenza.com\/it\/wp-json\/wp\/v2\/posts"}],"about":[{"href":"https:\/\/www.pressenza.com\/it\/wp-json\/wp\/v2\/types\/post"}],"author":[{"embeddable":true,"href":"https:\/\/www.pressenza.com\/it\/wp-json\/wp\/v2\/users\/899"}],"replies":[{"embeddable":true,"href":"https:\/\/www.pressenza.com\/it\/wp-json\/wp\/v2\/comments?post=879120"}],"version-history":[{"count":0,"href":"https:\/\/www.pressenza.com\/it\/wp-json\/wp\/v2\/posts\/879120\/revisions"}],"wp:featuredmedia":[{"embeddable":true,"href":"https:\/\/www.pressenza.com\/it\/wp-json\/wp\/v2\/media\/879122"}],"wp:attachment":[{"href":"https:\/\/www.pressenza.com\/it\/wp-json\/wp\/v2\/media?parent=879120"}],"wp:term":[{"taxonomy":"category","embeddable":true,"href":"https:\/\/www.pressenza.com\/it\/wp-json\/wp\/v2\/categories?post=879120"},{"taxonomy":"post_tag","embeddable":true,"href":"https:\/\/www.pressenza.com\/it\/wp-json\/wp\/v2\/tags?post=879120"}],"curies":[{"name":"wp","href":"https:\/\/api.w.org\/{rel}","templated":true}]}}