{"id":87899,"date":"2014-02-04T14:01:40","date_gmt":"2014-02-04T14:01:40","guid":{"rendered":"http:\/\/www.pressenza.com\/?p=87899"},"modified":"2014-02-04T14:03:01","modified_gmt":"2014-02-04T14:03:01","slug":"buono-scuola-maroni-cambia-tutto-per-non-cambiare-nulla","status":"publish","type":"post","link":"https:\/\/www.pressenza.com\/it\/2014\/02\/buono-scuola-maroni-cambia-tutto-per-non-cambiare-nulla\/","title":{"rendered":"Buono Scuola: Maroni cambia tutto per non cambiare nulla"},"content":{"rendered":"<p align=\"left\">Prima le notizie di scontri nella giunta regionale tra l\u2019assessore all\u2019istruzione e la componente ciellina e poi l\u2019annuncio che in tema di \u201cbuono scuola\u201d, cio\u00e8 di finanziamento pubblico alla scuola privata, si cambia registro. \u201cStop ai contributi a pioggia\u201d, titola oggi il Corsera di Milano, e la Regione fa sapere che d\u2019ora in poi per avere il buono scuola bisogner\u00e0 presentare l\u2019indicatore Isee.<\/p>\n<p align=\"left\">Detto cos\u00ec suona quasi come una piccola rivoluzione. Da non crederci, insomma. E infatti non credeteci troppo, perch\u00e9 non di rivoluzione si tratta, ma piuttosto del tentativo di salvare il pi\u00f9 iniquo dei sussidi pubblici lombardi dalle contestazioni e dai probabili guai giudiziari o contabili.<\/p>\n<p align=\"left\">Ma andiamo con ordine e vediamo anzitutto cosa cambia e cosa non cambia nel sistema della<i>Dote Scuola<\/i>. Anzitutto, non varia minimamente la distribuzione delle quantit\u00e0 economiche da erogare per il prossimo anno scolastico: 30 milioni di euro vanno al buono scuola, riservato alle famiglie degli studenti delle scuole private, e 5 milioni (che si aggiungono ai 5 milioni di fondi vincolati dello Stato) vanno a finanziare il \u201ccontributo acquisto libri di testo e dotazioni tecnologiche\u201d, che sostituisce il precedente \u201csostegno reddito\u201d e che sar\u00e0 accessibile agli studenti delle statali, delle private e della formazione professionale.<\/p>\n<p align=\"left\">A questo proposito, va ricordato che la discriminazione degli studenti delle pubbliche era stata accentuato proprio\u00a0nel dicembre scorso, allorquando Maroni decise di indirizzare la quasi totalit\u00e0 dei tagli verso la scuola pubblica. Infatti, il buono scuola diminu\u00ec di poco, da 33 a 30 mln, mentre le voci \u201csostegno al reddito\u201d e \u201cmerito\u201d passarono rispettivamente da 23,5 a 5 mln da 5 mln a 0 (zero).<\/p>\n<p align=\"left\">L\u2019unica novit\u00e0 sta dunque nella modalit\u00e0 di attribuzione del buono scuola. Gi\u00e0, perch\u00e9 fino ad oggi in Lombardia c\u2019era uno scandalo nello scandalo, poich\u00e8 mentre i comuni mortali, comprese le famiglie delle scuole pubbliche, dovevano esibire la certificazione\u00a0<a href=\"http:\/\/it.wikipedia.org\/wiki\/ISEE\" target=\"_blank\">Isee<\/a>\u00a0per poter accedere a un qualsiasi contributo regionale, le famiglie delle scuole private \u2013e soltanto loro- potevano contare su un \u201cindicatore reddituale\u201d inventato ad hoc, che escludeva dal calcolo ogni patrimonio mobiliare e immobiliare. Fu cos\u00ec che per lunghi anni sussidi pubblici finivano nelle tasche di famiglie benestanti con tanto di casa di propriet\u00e0 in pieno centro di Milano.<\/p>\n<p align=\"left\">Ebbene, ora questo privilegio non c\u2019\u00e8 pi\u00f9 e ci vorr\u00e0 l\u2019Isee. Senza esagerare, beninteso, visto che per le famiglie della scuola pubblica il limite massimo \u00e8 di 15mila euro di reddito Isee, mentre per quelle delle private il limite \u00e8 di 38mila, che equivale a un reddito dichiarato fino a 100mila euro. E poi, questo sistema \u00e8 in vigore \u201cin via sperimentale\u201d e a giugno si ridiscute tutto.<\/p>\n<p align=\"left\">Per chi, come il sottoscritto, si batte da molti anni contro l\u2019odioso buono scuola, questa novit\u00e0 equivale certamente a una conferma della giustezza della battaglia fatta. Ma soprattutto significa che iniziano a fare effetto\u00a0le mobilitazioni degli ultimi mesi, dai\u00a0<a href=\"http:\/\/www.lucianomuhlbauer.it\/blog\/articolo.asp?articolo=1069\" target=\"_blank\">cortei studenteschi<\/a>\u00a0agli<a href=\"http:\/\/www.lucianomuhlbauer.it\/blog\/articolo.asp?articolo=1076\" target=\"_blank\">appelli<\/a>\u00a0e alla petizione sottoscritta da oltre 10mila cittadini, e le cause promosse da alcuni genitori della scuola pubblica.<\/p>\n<p align=\"left\">E cos\u00ec, visti anche i tempi che corrono, era meglio mettere le mani avanti, almeno sugli aspetti pi\u00f9 ripugnanti e indifendibili. Appunto, non per eliminare il privilegio e la discriminazione, bens\u00ec perch\u00e9 tutto rimanga come prima. Una ragione in pi\u00f9 per non abbassare la guardia e, anzi, rilanciare la mobilitazione per la scuola pubblica e per l\u2019abrogazione del buono scuola.<\/p>\n<p align=\"left\"><a href=\"http:\/\/www.lucianomuhlbauer.it\/\">\u00a0<\/a><\/p>\n","protected":false},"excerpt":{"rendered":"<p>Prima le notizie di scontri nella giunta regionale tra l\u2019assessore all\u2019istruzione e la componente ciellina e poi l\u2019annuncio che in tema di \u201cbuono scuola\u201d, cio\u00e8 di finanziamento pubblico alla scuola privata, si cambia registro. \u201cStop ai contributi a pioggia\u201d, titola&hellip;<\/p>\n","protected":false},"author":982,"featured_media":87902,"comment_status":"closed","ping_status":"open","sticky":false,"template":"","format":"standard","meta":{"footnotes":""},"categories":[1258,47,162,55],"tags":[3583,3582],"class_list":["post-87899","post","type-post","status-publish","format-standard","has-post-thumbnail","hentry","category-educazione","category-europa","category-opinioni","category-politica","tag-buono-scuola","tag-regione-lombardia"],"yoast_head":"<!-- This site is optimized with the Yoast SEO plugin v27.1.1 - https:\/\/yoast.com\/product\/yoast-seo-wordpress\/ -->\n<title>Buono Scuola: Maroni cambia tutto per non cambiare nulla<\/title>\n<meta name=\"description\" content=\"Prima le notizie di scontri nella giunta regionale tra l\u2019assessore all\u2019istruzione e la componente ciellina e poi l\u2019annuncio che in tema di \u201cbuono scuola\u201d,\" \/>\n<meta name=\"robots\" content=\"index, follow, max-snippet:-1, max-image-preview:large, max-video-preview:-1\" \/>\n<link rel=\"canonical\" href=\"https:\/\/www.pressenza.com\/it\/2014\/02\/buono-scuola-maroni-cambia-tutto-per-non-cambiare-nulla\/\" \/>\n<meta property=\"og:locale\" content=\"it_IT\" \/>\n<meta property=\"og:type\" content=\"article\" \/>\n<meta property=\"og:title\" content=\"Buono Scuola: Maroni cambia tutto per non cambiare nulla\" \/>\n<meta property=\"og:description\" content=\"Prima le notizie di scontri nella giunta regionale tra l\u2019assessore all\u2019istruzione e la componente ciellina e poi l\u2019annuncio che in tema di \u201cbuono scuola\u201d,\" \/>\n<meta property=\"og:url\" content=\"https:\/\/www.pressenza.com\/it\/2014\/02\/buono-scuola-maroni-cambia-tutto-per-non-cambiare-nulla\/\" \/>\n<meta property=\"og:site_name\" content=\"Pressenza\" \/>\n<meta property=\"article:publisher\" content=\"https:\/\/www.facebook.com\/PressenzaItalia\" \/>\n<meta property=\"article:author\" content=\"https:\/\/www.facebook.com\/luciano.muhlbauer\" \/>\n<meta property=\"article:published_time\" content=\"2014-02-04T14:01:40+00:00\" \/>\n<meta property=\"article:modified_time\" content=\"2014-02-04T14:03:01+00:00\" \/>\n<meta property=\"og:image\" content=\"https:\/\/www.pressenza.com\/wp-content\/uploads\/2014\/02\/Petizione-no-buono-scuola.jpg\" \/>\n\t<meta property=\"og:image:width\" content=\"150\" \/>\n\t<meta property=\"og:image:height\" content=\"117\" \/>\n\t<meta property=\"og:image:type\" content=\"image\/jpeg\" \/>\n<meta name=\"author\" content=\"Luciano Muhlbauer\" \/>\n<meta name=\"twitter:card\" content=\"summary_large_image\" \/>\n<meta name=\"twitter:creator\" content=\"@Muhlbauer_\" \/>\n<meta name=\"twitter:site\" content=\"@PressenzaIPA\" \/>\n<meta name=\"twitter:label1\" content=\"Scritto da\" \/>\n\t<meta name=\"twitter:data1\" content=\"Luciano Muhlbauer\" \/>\n\t<meta name=\"twitter:label2\" content=\"Tempo di lettura stimato\" \/>\n\t<meta name=\"twitter:data2\" content=\"3 minuti\" \/>\n<script type=\"application\/ld+json\" class=\"yoast-schema-graph\">{\"@context\":\"https:\/\/schema.org\",\"@graph\":[{\"@type\":\"Article\",\"@id\":\"https:\/\/www.pressenza.com\/it\/2014\/02\/buono-scuola-maroni-cambia-tutto-per-non-cambiare-nulla\/#article\",\"isPartOf\":{\"@id\":\"https:\/\/www.pressenza.com\/it\/2014\/02\/buono-scuola-maroni-cambia-tutto-per-non-cambiare-nulla\/\"},\"author\":{\"name\":\"Luciano Muhlbauer\",\"@id\":\"https:\/\/www.pressenza.com\/it\/#\/schema\/person\/39da6bde67055a1b8cddb12c57da5142\"},\"headline\":\"Buono Scuola: Maroni cambia tutto per non cambiare nulla\",\"datePublished\":\"2014-02-04T14:01:40+00:00\",\"dateModified\":\"2014-02-04T14:03:01+00:00\",\"mainEntityOfPage\":{\"@id\":\"https:\/\/www.pressenza.com\/it\/2014\/02\/buono-scuola-maroni-cambia-tutto-per-non-cambiare-nulla\/\"},\"wordCount\":563,\"publisher\":{\"@id\":\"https:\/\/www.pressenza.com\/it\/#organization\"},\"image\":{\"@id\":\"https:\/\/www.pressenza.com\/it\/2014\/02\/buono-scuola-maroni-cambia-tutto-per-non-cambiare-nulla\/#primaryimage\"},\"thumbnailUrl\":\"https:\/\/www.pressenza.com\/wp-content\/uploads\/2014\/02\/Petizione-no-buono-scuola.jpg\",\"keywords\":[\"Buono Scuola\",\"Regione Lombardia\"],\"articleSection\":[\"Educazione\",\"Europa\",\"Opinioni\",\"Politica\"],\"inLanguage\":\"it-IT\"},{\"@type\":\"WebPage\",\"@id\":\"https:\/\/www.pressenza.com\/it\/2014\/02\/buono-scuola-maroni-cambia-tutto-per-non-cambiare-nulla\/\",\"url\":\"https:\/\/www.pressenza.com\/it\/2014\/02\/buono-scuola-maroni-cambia-tutto-per-non-cambiare-nulla\/\",\"name\":\"Buono Scuola: Maroni cambia tutto per non cambiare nulla\",\"isPartOf\":{\"@id\":\"https:\/\/www.pressenza.com\/it\/#website\"},\"primaryImageOfPage\":{\"@id\":\"https:\/\/www.pressenza.com\/it\/2014\/02\/buono-scuola-maroni-cambia-tutto-per-non-cambiare-nulla\/#primaryimage\"},\"image\":{\"@id\":\"https:\/\/www.pressenza.com\/it\/2014\/02\/buono-scuola-maroni-cambia-tutto-per-non-cambiare-nulla\/#primaryimage\"},\"thumbnailUrl\":\"https:\/\/www.pressenza.com\/wp-content\/uploads\/2014\/02\/Petizione-no-buono-scuola.jpg\",\"datePublished\":\"2014-02-04T14:01:40+00:00\",\"dateModified\":\"2014-02-04T14:03:01+00:00\",\"description\":\"Prima le notizie di scontri nella giunta regionale tra l\u2019assessore all\u2019istruzione e la componente ciellina e poi l\u2019annuncio che in tema di \u201cbuono scuola\u201d,\",\"breadcrumb\":{\"@id\":\"https:\/\/www.pressenza.com\/it\/2014\/02\/buono-scuola-maroni-cambia-tutto-per-non-cambiare-nulla\/#breadcrumb\"},\"inLanguage\":\"it-IT\",\"potentialAction\":[{\"@type\":\"ReadAction\",\"target\":[\"https:\/\/www.pressenza.com\/it\/2014\/02\/buono-scuola-maroni-cambia-tutto-per-non-cambiare-nulla\/\"]}]},{\"@type\":\"ImageObject\",\"inLanguage\":\"it-IT\",\"@id\":\"https:\/\/www.pressenza.com\/it\/2014\/02\/buono-scuola-maroni-cambia-tutto-per-non-cambiare-nulla\/#primaryimage\",\"url\":\"https:\/\/www.pressenza.com\/wp-content\/uploads\/2014\/02\/Petizione-no-buono-scuola.jpg\",\"contentUrl\":\"https:\/\/www.pressenza.com\/wp-content\/uploads\/2014\/02\/Petizione-no-buono-scuola.jpg\",\"width\":150,\"height\":117},{\"@type\":\"BreadcrumbList\",\"@id\":\"https:\/\/www.pressenza.com\/it\/2014\/02\/buono-scuola-maroni-cambia-tutto-per-non-cambiare-nulla\/#breadcrumb\",\"itemListElement\":[{\"@type\":\"ListItem\",\"position\":1,\"name\":\"Accueil\",\"item\":\"https:\/\/www.pressenza.com\/it\/\"},{\"@type\":\"ListItem\",\"position\":2,\"name\":\"Buono Scuola: Maroni cambia tutto per non cambiare nulla\"}]},{\"@type\":\"WebSite\",\"@id\":\"https:\/\/www.pressenza.com\/it\/#website\",\"url\":\"https:\/\/www.pressenza.com\/it\/\",\"name\":\"Pressenza\",\"description\":\"Agenzia di Stampa Internazionale\",\"publisher\":{\"@id\":\"https:\/\/www.pressenza.com\/it\/#organization\"},\"potentialAction\":[{\"@type\":\"SearchAction\",\"target\":{\"@type\":\"EntryPoint\",\"urlTemplate\":\"https:\/\/www.pressenza.com\/it\/?s={search_term_string}\"},\"query-input\":{\"@type\":\"PropertyValueSpecification\",\"valueRequired\":true,\"valueName\":\"search_term_string\"}}],\"inLanguage\":\"it-IT\"},{\"@type\":\"Organization\",\"@id\":\"https:\/\/www.pressenza.com\/it\/#organization\",\"name\":\"Pressenza\",\"url\":\"https:\/\/www.pressenza.com\/it\/\",\"logo\":{\"@type\":\"ImageObject\",\"inLanguage\":\"it-IT\",\"@id\":\"https:\/\/www.pressenza.com\/it\/#\/schema\/logo\/image\/\",\"url\":\"https:\/\/www.pressenza.com\/wp-content\/uploads\/2022\/10\/pressenza_logo_200x200.jpg\",\"contentUrl\":\"https:\/\/www.pressenza.com\/wp-content\/uploads\/2022\/10\/pressenza_logo_200x200.jpg\",\"width\":200,\"height\":200,\"caption\":\"Pressenza\"},\"image\":{\"@id\":\"https:\/\/www.pressenza.com\/it\/#\/schema\/logo\/image\/\"},\"sameAs\":[\"https:\/\/www.facebook.com\/PressenzaItalia\",\"https:\/\/x.com\/PressenzaIPA\"]},{\"@type\":\"Person\",\"@id\":\"https:\/\/www.pressenza.com\/it\/#\/schema\/person\/39da6bde67055a1b8cddb12c57da5142\",\"name\":\"Luciano Muhlbauer\",\"description\":\"Collabora con le testate di informazione alternativa on line MilanoX e Milano In Movimento, \u00e8 stato tra i portavoce del Genoa Social Forum nel 2001 e uno dei segretari nazionali del sindacato di base SinCobas fino al 2005. Dal 2005 al 2010 \u00e8 stato consigliere regionale in Lombardia. www.lucianomuhlbauer.it\/blog\/\",\"sameAs\":[\"https:\/\/www.facebook.com\/luciano.muhlbauer\",\"https:\/\/x.com\/Muhlbauer_\"],\"url\":\"https:\/\/www.pressenza.com\/it\/author\/luciano-muhlbauer\/\"}]}<\/script>\n<!-- \/ Yoast SEO plugin. -->","yoast_head_json":{"title":"Buono Scuola: Maroni cambia tutto per non cambiare nulla","description":"Prima le notizie di scontri nella giunta regionale tra l\u2019assessore all\u2019istruzione e la componente ciellina e poi l\u2019annuncio che in tema di \u201cbuono scuola\u201d,","robots":{"index":"index","follow":"follow","max-snippet":"max-snippet:-1","max-image-preview":"max-image-preview:large","max-video-preview":"max-video-preview:-1"},"canonical":"https:\/\/www.pressenza.com\/it\/2014\/02\/buono-scuola-maroni-cambia-tutto-per-non-cambiare-nulla\/","og_locale":"it_IT","og_type":"article","og_title":"Buono Scuola: Maroni cambia tutto per non cambiare nulla","og_description":"Prima le notizie di scontri nella giunta regionale tra l\u2019assessore all\u2019istruzione e la componente ciellina e poi l\u2019annuncio che in tema di \u201cbuono scuola\u201d,","og_url":"https:\/\/www.pressenza.com\/it\/2014\/02\/buono-scuola-maroni-cambia-tutto-per-non-cambiare-nulla\/","og_site_name":"Pressenza","article_publisher":"https:\/\/www.facebook.com\/PressenzaItalia","article_author":"https:\/\/www.facebook.com\/luciano.muhlbauer","article_published_time":"2014-02-04T14:01:40+00:00","article_modified_time":"2014-02-04T14:03:01+00:00","og_image":[{"width":150,"height":117,"url":"https:\/\/www.pressenza.com\/wp-content\/uploads\/2014\/02\/Petizione-no-buono-scuola.jpg","type":"image\/jpeg"}],"author":"Luciano Muhlbauer","twitter_card":"summary_large_image","twitter_creator":"@Muhlbauer_","twitter_site":"@PressenzaIPA","twitter_misc":{"Scritto da":"Luciano Muhlbauer","Tempo di lettura stimato":"3 minuti"},"schema":{"@context":"https:\/\/schema.org","@graph":[{"@type":"Article","@id":"https:\/\/www.pressenza.com\/it\/2014\/02\/buono-scuola-maroni-cambia-tutto-per-non-cambiare-nulla\/#article","isPartOf":{"@id":"https:\/\/www.pressenza.com\/it\/2014\/02\/buono-scuola-maroni-cambia-tutto-per-non-cambiare-nulla\/"},"author":{"name":"Luciano Muhlbauer","@id":"https:\/\/www.pressenza.com\/it\/#\/schema\/person\/39da6bde67055a1b8cddb12c57da5142"},"headline":"Buono Scuola: Maroni cambia tutto per non cambiare nulla","datePublished":"2014-02-04T14:01:40+00:00","dateModified":"2014-02-04T14:03:01+00:00","mainEntityOfPage":{"@id":"https:\/\/www.pressenza.com\/it\/2014\/02\/buono-scuola-maroni-cambia-tutto-per-non-cambiare-nulla\/"},"wordCount":563,"publisher":{"@id":"https:\/\/www.pressenza.com\/it\/#organization"},"image":{"@id":"https:\/\/www.pressenza.com\/it\/2014\/02\/buono-scuola-maroni-cambia-tutto-per-non-cambiare-nulla\/#primaryimage"},"thumbnailUrl":"https:\/\/www.pressenza.com\/wp-content\/uploads\/2014\/02\/Petizione-no-buono-scuola.jpg","keywords":["Buono Scuola","Regione Lombardia"],"articleSection":["Educazione","Europa","Opinioni","Politica"],"inLanguage":"it-IT"},{"@type":"WebPage","@id":"https:\/\/www.pressenza.com\/it\/2014\/02\/buono-scuola-maroni-cambia-tutto-per-non-cambiare-nulla\/","url":"https:\/\/www.pressenza.com\/it\/2014\/02\/buono-scuola-maroni-cambia-tutto-per-non-cambiare-nulla\/","name":"Buono Scuola: Maroni cambia tutto per non cambiare nulla","isPartOf":{"@id":"https:\/\/www.pressenza.com\/it\/#website"},"primaryImageOfPage":{"@id":"https:\/\/www.pressenza.com\/it\/2014\/02\/buono-scuola-maroni-cambia-tutto-per-non-cambiare-nulla\/#primaryimage"},"image":{"@id":"https:\/\/www.pressenza.com\/it\/2014\/02\/buono-scuola-maroni-cambia-tutto-per-non-cambiare-nulla\/#primaryimage"},"thumbnailUrl":"https:\/\/www.pressenza.com\/wp-content\/uploads\/2014\/02\/Petizione-no-buono-scuola.jpg","datePublished":"2014-02-04T14:01:40+00:00","dateModified":"2014-02-04T14:03:01+00:00","description":"Prima le notizie di scontri nella giunta regionale tra l\u2019assessore all\u2019istruzione e la componente ciellina e poi l\u2019annuncio che in tema di \u201cbuono scuola\u201d,","breadcrumb":{"@id":"https:\/\/www.pressenza.com\/it\/2014\/02\/buono-scuola-maroni-cambia-tutto-per-non-cambiare-nulla\/#breadcrumb"},"inLanguage":"it-IT","potentialAction":[{"@type":"ReadAction","target":["https:\/\/www.pressenza.com\/it\/2014\/02\/buono-scuola-maroni-cambia-tutto-per-non-cambiare-nulla\/"]}]},{"@type":"ImageObject","inLanguage":"it-IT","@id":"https:\/\/www.pressenza.com\/it\/2014\/02\/buono-scuola-maroni-cambia-tutto-per-non-cambiare-nulla\/#primaryimage","url":"https:\/\/www.pressenza.com\/wp-content\/uploads\/2014\/02\/Petizione-no-buono-scuola.jpg","contentUrl":"https:\/\/www.pressenza.com\/wp-content\/uploads\/2014\/02\/Petizione-no-buono-scuola.jpg","width":150,"height":117},{"@type":"BreadcrumbList","@id":"https:\/\/www.pressenza.com\/it\/2014\/02\/buono-scuola-maroni-cambia-tutto-per-non-cambiare-nulla\/#breadcrumb","itemListElement":[{"@type":"ListItem","position":1,"name":"Accueil","item":"https:\/\/www.pressenza.com\/it\/"},{"@type":"ListItem","position":2,"name":"Buono Scuola: Maroni cambia tutto per non cambiare nulla"}]},{"@type":"WebSite","@id":"https:\/\/www.pressenza.com\/it\/#website","url":"https:\/\/www.pressenza.com\/it\/","name":"Pressenza","description":"Agenzia di Stampa Internazionale","publisher":{"@id":"https:\/\/www.pressenza.com\/it\/#organization"},"potentialAction":[{"@type":"SearchAction","target":{"@type":"EntryPoint","urlTemplate":"https:\/\/www.pressenza.com\/it\/?s={search_term_string}"},"query-input":{"@type":"PropertyValueSpecification","valueRequired":true,"valueName":"search_term_string"}}],"inLanguage":"it-IT"},{"@type":"Organization","@id":"https:\/\/www.pressenza.com\/it\/#organization","name":"Pressenza","url":"https:\/\/www.pressenza.com\/it\/","logo":{"@type":"ImageObject","inLanguage":"it-IT","@id":"https:\/\/www.pressenza.com\/it\/#\/schema\/logo\/image\/","url":"https:\/\/www.pressenza.com\/wp-content\/uploads\/2022\/10\/pressenza_logo_200x200.jpg","contentUrl":"https:\/\/www.pressenza.com\/wp-content\/uploads\/2022\/10\/pressenza_logo_200x200.jpg","width":200,"height":200,"caption":"Pressenza"},"image":{"@id":"https:\/\/www.pressenza.com\/it\/#\/schema\/logo\/image\/"},"sameAs":["https:\/\/www.facebook.com\/PressenzaItalia","https:\/\/x.com\/PressenzaIPA"]},{"@type":"Person","@id":"https:\/\/www.pressenza.com\/it\/#\/schema\/person\/39da6bde67055a1b8cddb12c57da5142","name":"Luciano Muhlbauer","description":"Collabora con le testate di informazione alternativa on line MilanoX e Milano In Movimento, \u00e8 stato tra i portavoce del Genoa Social Forum nel 2001 e uno dei segretari nazionali del sindacato di base SinCobas fino al 2005. Dal 2005 al 2010 \u00e8 stato consigliere regionale in Lombardia. www.lucianomuhlbauer.it\/blog\/","sameAs":["https:\/\/www.facebook.com\/luciano.muhlbauer","https:\/\/x.com\/Muhlbauer_"],"url":"https:\/\/www.pressenza.com\/it\/author\/luciano-muhlbauer\/"}]}},"place":"Milano","original_article_url":"","_links":{"self":[{"href":"https:\/\/www.pressenza.com\/it\/wp-json\/wp\/v2\/posts\/87899","targetHints":{"allow":["GET"]}}],"collection":[{"href":"https:\/\/www.pressenza.com\/it\/wp-json\/wp\/v2\/posts"}],"about":[{"href":"https:\/\/www.pressenza.com\/it\/wp-json\/wp\/v2\/types\/post"}],"author":[{"embeddable":true,"href":"https:\/\/www.pressenza.com\/it\/wp-json\/wp\/v2\/users\/982"}],"replies":[{"embeddable":true,"href":"https:\/\/www.pressenza.com\/it\/wp-json\/wp\/v2\/comments?post=87899"}],"version-history":[{"count":0,"href":"https:\/\/www.pressenza.com\/it\/wp-json\/wp\/v2\/posts\/87899\/revisions"}],"wp:featuredmedia":[{"embeddable":true,"href":"https:\/\/www.pressenza.com\/it\/wp-json\/wp\/v2\/media\/87902"}],"wp:attachment":[{"href":"https:\/\/www.pressenza.com\/it\/wp-json\/wp\/v2\/media?parent=87899"}],"wp:term":[{"taxonomy":"category","embeddable":true,"href":"https:\/\/www.pressenza.com\/it\/wp-json\/wp\/v2\/categories?post=87899"},{"taxonomy":"post_tag","embeddable":true,"href":"https:\/\/www.pressenza.com\/it\/wp-json\/wp\/v2\/tags?post=87899"}],"curies":[{"name":"wp","href":"https:\/\/api.w.org\/{rel}","templated":true}]}}