{"id":876774,"date":"2019-06-26T17:58:35","date_gmt":"2019-06-26T16:58:35","guid":{"rendered":"https:\/\/www.pressenza.com\/?p=876774"},"modified":"2019-06-26T21:40:20","modified_gmt":"2019-06-26T20:40:20","slug":"sea-watch-e-non-solo-testimonianza-di-una-giornalista-attivista","status":"publish","type":"post","link":"https:\/\/www.pressenza.com\/it\/2019\/06\/sea-watch-e-non-solo-testimonianza-di-una-giornalista-attivista\/","title":{"rendered":"Sea Watch e non solo: testimonianza di una giornalista-attivista"},"content":{"rendered":"<p>Mentre scrivo la drammatica vicenda dei migranti salvati dalla Sea Watch e rimasti bloccati per quasi due settimane in mare nell\u2019ennesimo, cinico braccio di ferro tra Italia e resto d\u2019Europa non si \u00e8 ancora conclusa, ma avendola seguita con passione mi sento di sottolinearne alcuni aspetti che vanno al di l\u00e0 della cronaca in continua evoluzione.<\/p>\n<p>La campagna di criminalizzazione della solidariet\u00e0 verso i migranti va avanti ormai da oltre due anni \u2013 e non solo in Italia. A ogni nuovo episodio si ha l\u2019impressione di aver toccato il fondo e invece succede qualcosa di ancora pi\u00f9 impensabile e ignobile. E non solo nei fatti \u2013 migliaia di persone torturate, stuprate e vendute in Libia e quando riescono a scappare da quell\u2019inferno lasciate annegare nel Mediterraneo, altre migliaia ammassate nei campi profughi lungo la rotta balcanica, per non parlare di chi muore nel tentativo di attraversare il blindatissimo confine tra Messico e Stati Uniti \u2013 ma anche nei termini usati, nei discorsi sempre pi\u00f9 deliranti, volgari, sessisti e violenti e nelle bugie spudorate e senza fine.<\/p>\n<p>Giorgia Meloni propone di affondare la Sea Watch, Salvini la definisce da giorni \u201cnave pirata\u201d, liquida sprezzante la sua capitana Carola Rakete come una \u201csbruffoncella che fa politica sulla pelle dei migranti\u201d (e lui no?), dichiara &#8220;possono restare l\u00ec fino a Natale&#8221;, invoca la \u201csacra difesa dei confini della patria\u201d, manco fossimo in guerra, dichiara \u201cmi sono rotto le palle\u201d, come se fosse al bar e ripete ossessivo l\u2019assurdit\u00e0 delle Ong complici degli scafisti. Il proclama bellicoso \u201cNon sbarcheranno mai!\u201d poi sembra pi\u00f9 la sparata da gradasso di un comandante che arringa le sue truppe che una dichiarazione realistica (alla fine i migranti salvati sbarcano sempre, ma dopo un\u2019attesa crudele e del tutto inutile).<\/p>\n<p>Il contrasto tra questo linguaggio indegno di un ministro della Repubblica (per fortuna la Meloni non lo \u00e8) e le dichiarazioni pacate e coraggiose della capitana della Sea Watch non potrebbe essere pi\u00f9 grande: l\u00e0 dove Salvini fa il forte con i deboli, dicendosi pronto a \u201cschierare la forza pubblica\u201d contro persone stremate e vulnerabili, Carola Rakete afferma con semplicit\u00e0: \u201cSo cosa rischio, ma i 42 naufraghi a bordo sono allo stremo. Li porto in salvo\u201d. E il rischio non \u00e8 da poco, in base al decreto sicurezza appena approvato dal governo: multa fino a 50.000 euro, confisca della nave e incriminazione per favoreggiamento dell\u2019immigrazione clandestina. Eppure, come tutti i Giusti che a cominciare da Antigone nel corso della storia hanno scelto di disobbedire alle leggi inique, nelle sue parole si sente la coerenza di chi mette la salvezza di altri esseri umani al di sopra di tutto, anche con un grande rischio personale.<\/p>\n<p>E\u2019 proprio questo che alla fine alimenta la speranza: chi aiuta e salva i migranti rappresenta oggi l\u2019avanguardia di un\u2019umanit\u00e0 che non vuole arrendersi a politiche brutali, ma tanti altri si stanno unendo a quella che per ora \u00e8 una minoranza \u2013 \u00e8 vero, inutile negarlo \u2013 ma che non lo rester\u00e0 a lungo. E in questo senso il compito di \u201cverit\u00e0 e giustizia\u201d degli attivisti, dei giornalisti e di chi, come me, \u00e8 un po\u2019 tutte e due le cose \u00e8 irrinunciabile e fondamentale.<\/p>\n<p>&nbsp;<\/p>\n<p><img loading=\"lazy\" decoding=\"async\" class=\"aligncenter wp-image-876775 size-full\" src=\"https:\/\/www.pressenza.com\/wp-content\/uploads\/2019\/06\/grazie-Carola.jpg\" alt=\"\" width=\"633\" height=\"1024\" srcset=\"https:\/\/www.pressenza.com\/wp-content\/uploads\/2019\/06\/grazie-Carola.jpg 633w, https:\/\/www.pressenza.com\/wp-content\/uploads\/2019\/06\/grazie-Carola-185x300.jpg 185w\" sizes=\"auto, (max-width: 633px) 100vw, 633px\" \/><\/p>\n<p>Disegno di\u00a0Francesco Piobbichi,\u00a0 attivista di Mediterranean Hope e membro del Forum Lampedusa Solidale.<\/p>\n<p><img loading=\"lazy\" decoding=\"async\" class=\"aligncenter wp-image-877100 size-full\" src=\"https:\/\/www.pressenza.com\/wp-content\/uploads\/2019\/06\/dichiarazioni-Carola.jpg\" alt=\"\" width=\"1199\" height=\"600\" srcset=\"https:\/\/www.pressenza.com\/wp-content\/uploads\/2019\/06\/dichiarazioni-Carola.jpg 1199w, https:\/\/www.pressenza.com\/wp-content\/uploads\/2019\/06\/dichiarazioni-Carola-300x150.jpg 300w, https:\/\/www.pressenza.com\/wp-content\/uploads\/2019\/06\/dichiarazioni-Carola-768x384.jpg 768w, https:\/\/www.pressenza.com\/wp-content\/uploads\/2019\/06\/dichiarazioni-Carola-720x360.jpg 720w\" sizes=\"auto, (max-width: 1199px) 100vw, 1199px\" \/><\/p>\n","protected":false},"excerpt":{"rendered":"<p>Mentre scrivo la drammatica vicenda dei migranti salvati dalla Sea Watch e rimasti bloccati per quasi due settimane in mare nell\u2019ennesimo, cinico braccio di ferro tra Italia e resto d\u2019Europa non si \u00e8 ancora conclusa, ma avendola seguita con passione&hellip;<\/p>\n","protected":false},"author":500,"featured_media":786528,"comment_status":"closed","ping_status":"closed","sticky":false,"template":"","format":"standard","meta":{"footnotes":""},"categories":[11388,56,38,54572,162],"tags":[7755,60274,367,17490,54115],"class_list":["post-876774","post","type-post","status-publish","format-standard","has-post-thumbnail","hentry","category-contenuti-originali","category-cultura","category-internazionale","category-migranti","category-opinioni","tag-attivisti","tag-carola-rakete","tag-giornalisti","tag-matteo-salvini","tag-sea-watch-it"],"yoast_head":"<!-- This site is optimized with the Yoast SEO plugin v27.1.1 - https:\/\/yoast.com\/product\/yoast-seo-wordpress\/ -->\n<title>Sea Watch e non solo: testimonianza di una giornalista-attivista<\/title>\n<meta name=\"description\" content=\"Mentre scrivo la drammatica vicenda dei migranti salvati dalla Sea Watch e rimasti bloccati per quasi due settimane in mare nell\u2019ennesimo, cinico braccio\" \/>\n<meta name=\"robots\" content=\"index, follow, max-snippet:-1, max-image-preview:large, max-video-preview:-1\" \/>\n<link rel=\"canonical\" href=\"https:\/\/www.pressenza.com\/it\/2019\/06\/sea-watch-e-non-solo-testimonianza-di-una-giornalista-attivista\/\" \/>\n<meta property=\"og:locale\" content=\"it_IT\" \/>\n<meta property=\"og:type\" content=\"article\" \/>\n<meta property=\"og:title\" content=\"Sea Watch e non solo: testimonianza di una giornalista-attivista\" \/>\n<meta property=\"og:description\" content=\"Mentre scrivo la drammatica vicenda dei migranti salvati dalla Sea Watch e rimasti bloccati per quasi due settimane in mare nell\u2019ennesimo, cinico braccio\" \/>\n<meta property=\"og:url\" content=\"https:\/\/www.pressenza.com\/it\/2019\/06\/sea-watch-e-non-solo-testimonianza-di-una-giornalista-attivista\/\" \/>\n<meta property=\"og:site_name\" content=\"Pressenza\" \/>\n<meta property=\"article:publisher\" content=\"https:\/\/www.facebook.com\/PressenzaItalia\" \/>\n<meta property=\"article:published_time\" content=\"2019-06-26T16:58:35+00:00\" \/>\n<meta property=\"article:modified_time\" content=\"2019-06-26T20:40:20+00:00\" \/>\n<meta property=\"og:image\" content=\"https:\/\/www.pressenza.com\/wp-content\/uploads\/2019\/01\/nave-Sea-watch.jpg\" \/>\n\t<meta property=\"og:image:width\" content=\"2000\" \/>\n\t<meta property=\"og:image:height\" content=\"1335\" \/>\n\t<meta property=\"og:image:type\" content=\"image\/jpeg\" \/>\n<meta name=\"author\" content=\"Anna Polo\" \/>\n<meta name=\"twitter:card\" content=\"summary_large_image\" \/>\n<meta name=\"twitter:creator\" content=\"@PressenzaIPA\" \/>\n<meta name=\"twitter:site\" content=\"@PressenzaIPA\" \/>\n<meta name=\"twitter:label1\" content=\"Scritto da\" \/>\n\t<meta name=\"twitter:data1\" content=\"Anna Polo\" \/>\n\t<meta name=\"twitter:label2\" content=\"Tempo di lettura stimato\" \/>\n\t<meta name=\"twitter:data2\" content=\"3 minuti\" \/>\n<script type=\"application\/ld+json\" class=\"yoast-schema-graph\">{\"@context\":\"https:\/\/schema.org\",\"@graph\":[{\"@type\":\"Article\",\"@id\":\"https:\/\/www.pressenza.com\/it\/2019\/06\/sea-watch-e-non-solo-testimonianza-di-una-giornalista-attivista\/#article\",\"isPartOf\":{\"@id\":\"https:\/\/www.pressenza.com\/it\/2019\/06\/sea-watch-e-non-solo-testimonianza-di-una-giornalista-attivista\/\"},\"author\":{\"name\":\"Anna Polo\",\"@id\":\"https:\/\/www.pressenza.com\/it\/#\/schema\/person\/f361ce2dfe3d4331d5ae6840551ffe67\"},\"headline\":\"Sea Watch e non solo: testimonianza di una giornalista-attivista\",\"datePublished\":\"2019-06-26T16:58:35+00:00\",\"dateModified\":\"2019-06-26T20:40:20+00:00\",\"mainEntityOfPage\":{\"@id\":\"https:\/\/www.pressenza.com\/it\/2019\/06\/sea-watch-e-non-solo-testimonianza-di-una-giornalista-attivista\/\"},\"wordCount\":548,\"publisher\":{\"@id\":\"https:\/\/www.pressenza.com\/it\/#organization\"},\"image\":{\"@id\":\"https:\/\/www.pressenza.com\/it\/2019\/06\/sea-watch-e-non-solo-testimonianza-di-una-giornalista-attivista\/#primaryimage\"},\"thumbnailUrl\":\"https:\/\/www.pressenza.com\/wp-content\/uploads\/2019\/01\/nave-Sea-watch.jpg\",\"keywords\":[\"attivisti\",\"Carola Rakete\",\"giornalisti\",\"Matteo Salvini\",\"Sea-Watch\"],\"articleSection\":[\"contenuti originali\",\"Cultura e Media\",\"Internazionale\",\"Migranti\",\"Opinioni\"],\"inLanguage\":\"it-IT\"},{\"@type\":\"WebPage\",\"@id\":\"https:\/\/www.pressenza.com\/it\/2019\/06\/sea-watch-e-non-solo-testimonianza-di-una-giornalista-attivista\/\",\"url\":\"https:\/\/www.pressenza.com\/it\/2019\/06\/sea-watch-e-non-solo-testimonianza-di-una-giornalista-attivista\/\",\"name\":\"Sea Watch e non solo: testimonianza di una giornalista-attivista\",\"isPartOf\":{\"@id\":\"https:\/\/www.pressenza.com\/it\/#website\"},\"primaryImageOfPage\":{\"@id\":\"https:\/\/www.pressenza.com\/it\/2019\/06\/sea-watch-e-non-solo-testimonianza-di-una-giornalista-attivista\/#primaryimage\"},\"image\":{\"@id\":\"https:\/\/www.pressenza.com\/it\/2019\/06\/sea-watch-e-non-solo-testimonianza-di-una-giornalista-attivista\/#primaryimage\"},\"thumbnailUrl\":\"https:\/\/www.pressenza.com\/wp-content\/uploads\/2019\/01\/nave-Sea-watch.jpg\",\"datePublished\":\"2019-06-26T16:58:35+00:00\",\"dateModified\":\"2019-06-26T20:40:20+00:00\",\"description\":\"Mentre scrivo la drammatica vicenda dei migranti salvati dalla Sea Watch e rimasti bloccati per quasi due settimane in mare nell\u2019ennesimo, cinico braccio\",\"breadcrumb\":{\"@id\":\"https:\/\/www.pressenza.com\/it\/2019\/06\/sea-watch-e-non-solo-testimonianza-di-una-giornalista-attivista\/#breadcrumb\"},\"inLanguage\":\"it-IT\",\"potentialAction\":[{\"@type\":\"ReadAction\",\"target\":[\"https:\/\/www.pressenza.com\/it\/2019\/06\/sea-watch-e-non-solo-testimonianza-di-una-giornalista-attivista\/\"]}]},{\"@type\":\"ImageObject\",\"inLanguage\":\"it-IT\",\"@id\":\"https:\/\/www.pressenza.com\/it\/2019\/06\/sea-watch-e-non-solo-testimonianza-di-una-giornalista-attivista\/#primaryimage\",\"url\":\"https:\/\/www.pressenza.com\/wp-content\/uploads\/2019\/01\/nave-Sea-watch.jpg\",\"contentUrl\":\"https:\/\/www.pressenza.com\/wp-content\/uploads\/2019\/01\/nave-Sea-watch.jpg\",\"width\":2000,\"height\":1335},{\"@type\":\"BreadcrumbList\",\"@id\":\"https:\/\/www.pressenza.com\/it\/2019\/06\/sea-watch-e-non-solo-testimonianza-di-una-giornalista-attivista\/#breadcrumb\",\"itemListElement\":[{\"@type\":\"ListItem\",\"position\":1,\"name\":\"Accueil\",\"item\":\"https:\/\/www.pressenza.com\/it\/\"},{\"@type\":\"ListItem\",\"position\":2,\"name\":\"Sea Watch e non solo: testimonianza di una giornalista-attivista\"}]},{\"@type\":\"WebSite\",\"@id\":\"https:\/\/www.pressenza.com\/it\/#website\",\"url\":\"https:\/\/www.pressenza.com\/it\/\",\"name\":\"Pressenza\",\"description\":\"Agenzia di Stampa Internazionale\",\"publisher\":{\"@id\":\"https:\/\/www.pressenza.com\/it\/#organization\"},\"potentialAction\":[{\"@type\":\"SearchAction\",\"target\":{\"@type\":\"EntryPoint\",\"urlTemplate\":\"https:\/\/www.pressenza.com\/it\/?s={search_term_string}\"},\"query-input\":{\"@type\":\"PropertyValueSpecification\",\"valueRequired\":true,\"valueName\":\"search_term_string\"}}],\"inLanguage\":\"it-IT\"},{\"@type\":\"Organization\",\"@id\":\"https:\/\/www.pressenza.com\/it\/#organization\",\"name\":\"Pressenza\",\"url\":\"https:\/\/www.pressenza.com\/it\/\",\"logo\":{\"@type\":\"ImageObject\",\"inLanguage\":\"it-IT\",\"@id\":\"https:\/\/www.pressenza.com\/it\/#\/schema\/logo\/image\/\",\"url\":\"https:\/\/www.pressenza.com\/wp-content\/uploads\/2022\/10\/pressenza_logo_200x200.jpg\",\"contentUrl\":\"https:\/\/www.pressenza.com\/wp-content\/uploads\/2022\/10\/pressenza_logo_200x200.jpg\",\"width\":200,\"height\":200,\"caption\":\"Pressenza\"},\"image\":{\"@id\":\"https:\/\/www.pressenza.com\/it\/#\/schema\/logo\/image\/\"},\"sameAs\":[\"https:\/\/www.facebook.com\/PressenzaItalia\",\"https:\/\/x.com\/PressenzaIPA\"]},{\"@type\":\"Person\",\"@id\":\"https:\/\/www.pressenza.com\/it\/#\/schema\/person\/f361ce2dfe3d4331d5ae6840551ffe67\",\"name\":\"Anna Polo\",\"description\":\"Impegnata per anni nel campo della pace e della nonviolenza, ha fatto parte dell'equipe relazioni della Marcia Mondiale per la Pace e la Nonviolenza e in seguito di Mondo senza guerre e senza violenza. Attualmente partecipa alla redazione italiana di Pressenza e si occupa principalmente del tema migrazioni, pubblicando articoli e interviste e organizzando eventi.\",\"url\":\"https:\/\/www.pressenza.com\/it\/author\/anna-polo\/\"}]}<\/script>\n<!-- \/ Yoast SEO plugin. -->","yoast_head_json":{"title":"Sea Watch e non solo: testimonianza di una giornalista-attivista","description":"Mentre scrivo la drammatica vicenda dei migranti salvati dalla Sea Watch e rimasti bloccati per quasi due settimane in mare nell\u2019ennesimo, cinico braccio","robots":{"index":"index","follow":"follow","max-snippet":"max-snippet:-1","max-image-preview":"max-image-preview:large","max-video-preview":"max-video-preview:-1"},"canonical":"https:\/\/www.pressenza.com\/it\/2019\/06\/sea-watch-e-non-solo-testimonianza-di-una-giornalista-attivista\/","og_locale":"it_IT","og_type":"article","og_title":"Sea Watch e non solo: testimonianza di una giornalista-attivista","og_description":"Mentre scrivo la drammatica vicenda dei migranti salvati dalla Sea Watch e rimasti bloccati per quasi due settimane in mare nell\u2019ennesimo, cinico braccio","og_url":"https:\/\/www.pressenza.com\/it\/2019\/06\/sea-watch-e-non-solo-testimonianza-di-una-giornalista-attivista\/","og_site_name":"Pressenza","article_publisher":"https:\/\/www.facebook.com\/PressenzaItalia","article_published_time":"2019-06-26T16:58:35+00:00","article_modified_time":"2019-06-26T20:40:20+00:00","og_image":[{"width":2000,"height":1335,"url":"https:\/\/www.pressenza.com\/wp-content\/uploads\/2019\/01\/nave-Sea-watch.jpg","type":"image\/jpeg"}],"author":"Anna Polo","twitter_card":"summary_large_image","twitter_creator":"@PressenzaIPA","twitter_site":"@PressenzaIPA","twitter_misc":{"Scritto da":"Anna Polo","Tempo di lettura stimato":"3 minuti"},"schema":{"@context":"https:\/\/schema.org","@graph":[{"@type":"Article","@id":"https:\/\/www.pressenza.com\/it\/2019\/06\/sea-watch-e-non-solo-testimonianza-di-una-giornalista-attivista\/#article","isPartOf":{"@id":"https:\/\/www.pressenza.com\/it\/2019\/06\/sea-watch-e-non-solo-testimonianza-di-una-giornalista-attivista\/"},"author":{"name":"Anna Polo","@id":"https:\/\/www.pressenza.com\/it\/#\/schema\/person\/f361ce2dfe3d4331d5ae6840551ffe67"},"headline":"Sea Watch e non solo: testimonianza di una giornalista-attivista","datePublished":"2019-06-26T16:58:35+00:00","dateModified":"2019-06-26T20:40:20+00:00","mainEntityOfPage":{"@id":"https:\/\/www.pressenza.com\/it\/2019\/06\/sea-watch-e-non-solo-testimonianza-di-una-giornalista-attivista\/"},"wordCount":548,"publisher":{"@id":"https:\/\/www.pressenza.com\/it\/#organization"},"image":{"@id":"https:\/\/www.pressenza.com\/it\/2019\/06\/sea-watch-e-non-solo-testimonianza-di-una-giornalista-attivista\/#primaryimage"},"thumbnailUrl":"https:\/\/www.pressenza.com\/wp-content\/uploads\/2019\/01\/nave-Sea-watch.jpg","keywords":["attivisti","Carola Rakete","giornalisti","Matteo Salvini","Sea-Watch"],"articleSection":["contenuti originali","Cultura e Media","Internazionale","Migranti","Opinioni"],"inLanguage":"it-IT"},{"@type":"WebPage","@id":"https:\/\/www.pressenza.com\/it\/2019\/06\/sea-watch-e-non-solo-testimonianza-di-una-giornalista-attivista\/","url":"https:\/\/www.pressenza.com\/it\/2019\/06\/sea-watch-e-non-solo-testimonianza-di-una-giornalista-attivista\/","name":"Sea Watch e non solo: testimonianza di una giornalista-attivista","isPartOf":{"@id":"https:\/\/www.pressenza.com\/it\/#website"},"primaryImageOfPage":{"@id":"https:\/\/www.pressenza.com\/it\/2019\/06\/sea-watch-e-non-solo-testimonianza-di-una-giornalista-attivista\/#primaryimage"},"image":{"@id":"https:\/\/www.pressenza.com\/it\/2019\/06\/sea-watch-e-non-solo-testimonianza-di-una-giornalista-attivista\/#primaryimage"},"thumbnailUrl":"https:\/\/www.pressenza.com\/wp-content\/uploads\/2019\/01\/nave-Sea-watch.jpg","datePublished":"2019-06-26T16:58:35+00:00","dateModified":"2019-06-26T20:40:20+00:00","description":"Mentre scrivo la drammatica vicenda dei migranti salvati dalla Sea Watch e rimasti bloccati per quasi due settimane in mare nell\u2019ennesimo, cinico braccio","breadcrumb":{"@id":"https:\/\/www.pressenza.com\/it\/2019\/06\/sea-watch-e-non-solo-testimonianza-di-una-giornalista-attivista\/#breadcrumb"},"inLanguage":"it-IT","potentialAction":[{"@type":"ReadAction","target":["https:\/\/www.pressenza.com\/it\/2019\/06\/sea-watch-e-non-solo-testimonianza-di-una-giornalista-attivista\/"]}]},{"@type":"ImageObject","inLanguage":"it-IT","@id":"https:\/\/www.pressenza.com\/it\/2019\/06\/sea-watch-e-non-solo-testimonianza-di-una-giornalista-attivista\/#primaryimage","url":"https:\/\/www.pressenza.com\/wp-content\/uploads\/2019\/01\/nave-Sea-watch.jpg","contentUrl":"https:\/\/www.pressenza.com\/wp-content\/uploads\/2019\/01\/nave-Sea-watch.jpg","width":2000,"height":1335},{"@type":"BreadcrumbList","@id":"https:\/\/www.pressenza.com\/it\/2019\/06\/sea-watch-e-non-solo-testimonianza-di-una-giornalista-attivista\/#breadcrumb","itemListElement":[{"@type":"ListItem","position":1,"name":"Accueil","item":"https:\/\/www.pressenza.com\/it\/"},{"@type":"ListItem","position":2,"name":"Sea Watch e non solo: testimonianza di una giornalista-attivista"}]},{"@type":"WebSite","@id":"https:\/\/www.pressenza.com\/it\/#website","url":"https:\/\/www.pressenza.com\/it\/","name":"Pressenza","description":"Agenzia di Stampa Internazionale","publisher":{"@id":"https:\/\/www.pressenza.com\/it\/#organization"},"potentialAction":[{"@type":"SearchAction","target":{"@type":"EntryPoint","urlTemplate":"https:\/\/www.pressenza.com\/it\/?s={search_term_string}"},"query-input":{"@type":"PropertyValueSpecification","valueRequired":true,"valueName":"search_term_string"}}],"inLanguage":"it-IT"},{"@type":"Organization","@id":"https:\/\/www.pressenza.com\/it\/#organization","name":"Pressenza","url":"https:\/\/www.pressenza.com\/it\/","logo":{"@type":"ImageObject","inLanguage":"it-IT","@id":"https:\/\/www.pressenza.com\/it\/#\/schema\/logo\/image\/","url":"https:\/\/www.pressenza.com\/wp-content\/uploads\/2022\/10\/pressenza_logo_200x200.jpg","contentUrl":"https:\/\/www.pressenza.com\/wp-content\/uploads\/2022\/10\/pressenza_logo_200x200.jpg","width":200,"height":200,"caption":"Pressenza"},"image":{"@id":"https:\/\/www.pressenza.com\/it\/#\/schema\/logo\/image\/"},"sameAs":["https:\/\/www.facebook.com\/PressenzaItalia","https:\/\/x.com\/PressenzaIPA"]},{"@type":"Person","@id":"https:\/\/www.pressenza.com\/it\/#\/schema\/person\/f361ce2dfe3d4331d5ae6840551ffe67","name":"Anna Polo","description":"Impegnata per anni nel campo della pace e della nonviolenza, ha fatto parte dell'equipe relazioni della Marcia Mondiale per la Pace e la Nonviolenza e in seguito di Mondo senza guerre e senza violenza. Attualmente partecipa alla redazione italiana di Pressenza e si occupa principalmente del tema migrazioni, pubblicando articoli e interviste e organizzando eventi.","url":"https:\/\/www.pressenza.com\/it\/author\/anna-polo\/"}]}},"place":"","original_article_url":"","_links":{"self":[{"href":"https:\/\/www.pressenza.com\/it\/wp-json\/wp\/v2\/posts\/876774","targetHints":{"allow":["GET"]}}],"collection":[{"href":"https:\/\/www.pressenza.com\/it\/wp-json\/wp\/v2\/posts"}],"about":[{"href":"https:\/\/www.pressenza.com\/it\/wp-json\/wp\/v2\/types\/post"}],"author":[{"embeddable":true,"href":"https:\/\/www.pressenza.com\/it\/wp-json\/wp\/v2\/users\/500"}],"replies":[{"embeddable":true,"href":"https:\/\/www.pressenza.com\/it\/wp-json\/wp\/v2\/comments?post=876774"}],"version-history":[{"count":0,"href":"https:\/\/www.pressenza.com\/it\/wp-json\/wp\/v2\/posts\/876774\/revisions"}],"wp:featuredmedia":[{"embeddable":true,"href":"https:\/\/www.pressenza.com\/it\/wp-json\/wp\/v2\/media\/786528"}],"wp:attachment":[{"href":"https:\/\/www.pressenza.com\/it\/wp-json\/wp\/v2\/media?parent=876774"}],"wp:term":[{"taxonomy":"category","embeddable":true,"href":"https:\/\/www.pressenza.com\/it\/wp-json\/wp\/v2\/categories?post=876774"},{"taxonomy":"post_tag","embeddable":true,"href":"https:\/\/www.pressenza.com\/it\/wp-json\/wp\/v2\/tags?post=876774"}],"curies":[{"name":"wp","href":"https:\/\/api.w.org\/{rel}","templated":true}]}}