{"id":87623,"date":"2014-02-01T20:45:50","date_gmt":"2014-02-01T20:45:50","guid":{"rendered":"http:\/\/www.pressenza.com\/?p=87623"},"modified":"2014-02-01T20:46:07","modified_gmt":"2014-02-01T20:46:07","slug":"protesta-di-massa-madrid-contro-la-riforma-della-legge-sullaborto","status":"publish","type":"post","link":"https:\/\/www.pressenza.com\/it\/2014\/02\/protesta-di-massa-madrid-contro-la-riforma-della-legge-sullaborto\/","title":{"rendered":"Protesta di massa a Madrid contro la riforma della legge sull\u2019aborto"},"content":{"rendered":"<p align=\"left\">Sabato 1\u00b0 febbraio 2014 decine di migliaia di persone hanno partecipato a Madrid a una grande manifestazione contro la riforma della legge sull\u2019aborto, promossa dal ministro spagnolo della Giustizia e della Sanit\u00e0, Alberto Ruiz Gallard\u00f3n.<\/p>\n<p align=\"left\">\u201cIl treno della libert\u00e0\u201d, un\u2019iniziativa nata nelle Asturie in difesa dei diritti delle donne, si \u00e8 estesa a molte altre citt\u00e0 spagnole ed \u00e8 giunta sabato nel centro della capitale spagnola. La mobilitazione, a cui si sono uniti sindacati e partiti politici, esige il ritiro del progetto di legge \u201cProtezione della vita del concepito e dei diritti della donna incinta\u201d, elaborato dal Ministero della Giustizia.<\/p>\n<p align=\"left\">I manifestanti, arrivati alla stazione madrilena di Atorcha, hanno deciso di consegnare al Congresso dei Deputati un documento in cui esprimono la loro opposizione al progetto di legge e appoggiano il mantenimento della normativa attuale. Esigono anche le dimissioni di Ruiz Gallard\u00f3n, che il 20 dicembre scorso ha annunciato la controriforma. Da allora in poi in Spagna si sono svolte incessanti proteste.<\/p>\n<p align=\"left\">Il progetto di legge, approvato dal Consiglio dei Ministri, impone determinate condizioni alla possibilit\u00e0 di abortire.\u00a0 L\u2019aborto sar\u00e0 legale solo in due casi: nelle prime 12 settimane di gestazione, se la donna \u00e8 stata violentata, o nelle prime 22 se esiste un grave rischio per la sua salute.<\/p>\n<p align=\"left\">Secondo i partiti di opposizione, il Partido Socialista Obrero Espa\u00f1ol (PSOE) e Izquierda Unida (IU), la legge allontaner\u00e0 la Spagna dal resto d\u2019Europa, facendola retrocedere di quasi trent\u2019anni.<\/p>\n<p align=\"left\">Traduzione dallo spagnolo di Anna Polo<\/p>\n<p>&nbsp;<\/p>\n","protected":false},"excerpt":{"rendered":"<p>Sabato 1\u00b0 febbraio 2014 decine di migliaia di persone hanno partecipato a Madrid a una grande manifestazione contro la riforma della legge sull\u2019aborto, promossa dal ministro spagnolo della Giustizia e della Sanit\u00e0, Alberto Ruiz Gallard\u00f3n. \u201cIl treno della libert\u00e0\u201d, un\u2019iniziativa&hellip;<\/p>\n","protected":false},"author":954,"featured_media":87624,"comment_status":"closed","ping_status":"open","sticky":false,"template":"","format":"standard","meta":{"footnotes":""},"categories":[60,47,1261,1259],"tags":[965,2675,8884],"class_list":["post-87623","post","type-post","status-publish","format-standard","has-post-thumbnail","hentry","category-diritti-umani","category-europa","category-diversita","category-salute-argomento","tag-madrid","tag-protesta","tag-riforma-della-legge-sulaborto"],"yoast_head":"<!-- This site is optimized with the Yoast SEO plugin v27.1.1 - https:\/\/yoast.com\/product\/yoast-seo-wordpress\/ -->\n<title>Protesta di massa a Madrid contro la riforma della legge sull\u2019aborto<\/title>\n<meta name=\"description\" content=\"Sabato 1\u00b0 febbraio 2014 decine di migliaia di persone hanno partecipato a Madrid a una grande manifestazione contro la riforma della legge sull\u2019aborto,\" \/>\n<meta name=\"robots\" content=\"index, follow, max-snippet:-1, max-image-preview:large, max-video-preview:-1\" \/>\n<link rel=\"canonical\" href=\"https:\/\/www.pressenza.com\/it\/2014\/02\/protesta-di-massa-madrid-contro-la-riforma-della-legge-sullaborto\/\" \/>\n<meta property=\"og:locale\" content=\"it_IT\" \/>\n<meta property=\"og:type\" content=\"article\" \/>\n<meta property=\"og:title\" content=\"Protesta di massa a Madrid contro la riforma della legge sull\u2019aborto\" \/>\n<meta property=\"og:description\" content=\"Sabato 1\u00b0 febbraio 2014 decine di migliaia di persone hanno partecipato a Madrid a una grande manifestazione contro la riforma della legge sull\u2019aborto,\" \/>\n<meta property=\"og:url\" content=\"https:\/\/www.pressenza.com\/it\/2014\/02\/protesta-di-massa-madrid-contro-la-riforma-della-legge-sullaborto\/\" \/>\n<meta property=\"og:site_name\" content=\"Pressenza\" \/>\n<meta property=\"article:publisher\" content=\"https:\/\/www.facebook.com\/PressenzaItalia\" \/>\n<meta property=\"article:author\" content=\"https:\/\/www.facebook.com\/Hispantv\" \/>\n<meta property=\"article:published_time\" content=\"2014-02-01T20:45:50+00:00\" \/>\n<meta property=\"article:modified_time\" content=\"2014-02-01T20:46:07+00:00\" \/>\n<meta property=\"og:image\" content=\"https:\/\/www.pressenza.com\/wp-content\/uploads\/2014\/02\/manifestazione-x-aborto-Madrid.jpg\" \/>\n\t<meta property=\"og:image:width\" content=\"377\" \/>\n\t<meta property=\"og:image:height\" content=\"230\" \/>\n\t<meta property=\"og:image:type\" content=\"image\/jpeg\" \/>\n<meta name=\"author\" content=\"HispanTV\" \/>\n<meta name=\"twitter:card\" content=\"summary_large_image\" \/>\n<meta name=\"twitter:creator\" content=\"@Hispantv\" \/>\n<meta name=\"twitter:site\" content=\"@PressenzaIPA\" \/>\n<meta name=\"twitter:label1\" content=\"Scritto da\" \/>\n\t<meta name=\"twitter:data1\" content=\"HispanTV\" \/>\n\t<meta name=\"twitter:label2\" content=\"Tempo di lettura stimato\" \/>\n\t<meta name=\"twitter:data2\" content=\"1 minuto\" \/>\n<script type=\"application\/ld+json\" class=\"yoast-schema-graph\">{\"@context\":\"https:\/\/schema.org\",\"@graph\":[{\"@type\":\"Article\",\"@id\":\"https:\/\/www.pressenza.com\/it\/2014\/02\/protesta-di-massa-madrid-contro-la-riforma-della-legge-sullaborto\/#article\",\"isPartOf\":{\"@id\":\"https:\/\/www.pressenza.com\/it\/2014\/02\/protesta-di-massa-madrid-contro-la-riforma-della-legge-sullaborto\/\"},\"author\":{\"name\":\"HispanTV\",\"@id\":\"https:\/\/www.pressenza.com\/it\/#\/schema\/person\/2e5ffdf0e238fbba512bcf5c97959187\"},\"headline\":\"Protesta di massa a Madrid contro la riforma della legge sull\u2019aborto\",\"datePublished\":\"2014-02-01T20:45:50+00:00\",\"dateModified\":\"2014-02-01T20:46:07+00:00\",\"mainEntityOfPage\":{\"@id\":\"https:\/\/www.pressenza.com\/it\/2014\/02\/protesta-di-massa-madrid-contro-la-riforma-della-legge-sullaborto\/\"},\"wordCount\":257,\"publisher\":{\"@id\":\"https:\/\/www.pressenza.com\/it\/#organization\"},\"image\":{\"@id\":\"https:\/\/www.pressenza.com\/it\/2014\/02\/protesta-di-massa-madrid-contro-la-riforma-della-legge-sullaborto\/#primaryimage\"},\"thumbnailUrl\":\"https:\/\/www.pressenza.com\/wp-content\/uploads\/2014\/02\/manifestazione-x-aborto-Madrid.jpg\",\"keywords\":[\"Madrid\",\"protesta\",\"riforma della legge sul'aborto\"],\"articleSection\":[\"Diritti Umani\",\"Europa\",\"Non discriminazione\",\"Salute\"],\"inLanguage\":\"it-IT\"},{\"@type\":\"WebPage\",\"@id\":\"https:\/\/www.pressenza.com\/it\/2014\/02\/protesta-di-massa-madrid-contro-la-riforma-della-legge-sullaborto\/\",\"url\":\"https:\/\/www.pressenza.com\/it\/2014\/02\/protesta-di-massa-madrid-contro-la-riforma-della-legge-sullaborto\/\",\"name\":\"Protesta di massa a Madrid contro la riforma della legge sull\u2019aborto\",\"isPartOf\":{\"@id\":\"https:\/\/www.pressenza.com\/it\/#website\"},\"primaryImageOfPage\":{\"@id\":\"https:\/\/www.pressenza.com\/it\/2014\/02\/protesta-di-massa-madrid-contro-la-riforma-della-legge-sullaborto\/#primaryimage\"},\"image\":{\"@id\":\"https:\/\/www.pressenza.com\/it\/2014\/02\/protesta-di-massa-madrid-contro-la-riforma-della-legge-sullaborto\/#primaryimage\"},\"thumbnailUrl\":\"https:\/\/www.pressenza.com\/wp-content\/uploads\/2014\/02\/manifestazione-x-aborto-Madrid.jpg\",\"datePublished\":\"2014-02-01T20:45:50+00:00\",\"dateModified\":\"2014-02-01T20:46:07+00:00\",\"description\":\"Sabato 1\u00b0 febbraio 2014 decine di migliaia di persone hanno partecipato a Madrid a una grande manifestazione contro la riforma della legge sull\u2019aborto,\",\"breadcrumb\":{\"@id\":\"https:\/\/www.pressenza.com\/it\/2014\/02\/protesta-di-massa-madrid-contro-la-riforma-della-legge-sullaborto\/#breadcrumb\"},\"inLanguage\":\"it-IT\",\"potentialAction\":[{\"@type\":\"ReadAction\",\"target\":[\"https:\/\/www.pressenza.com\/it\/2014\/02\/protesta-di-massa-madrid-contro-la-riforma-della-legge-sullaborto\/\"]}]},{\"@type\":\"ImageObject\",\"inLanguage\":\"it-IT\",\"@id\":\"https:\/\/www.pressenza.com\/it\/2014\/02\/protesta-di-massa-madrid-contro-la-riforma-della-legge-sullaborto\/#primaryimage\",\"url\":\"https:\/\/www.pressenza.com\/wp-content\/uploads\/2014\/02\/manifestazione-x-aborto-Madrid.jpg\",\"contentUrl\":\"https:\/\/www.pressenza.com\/wp-content\/uploads\/2014\/02\/manifestazione-x-aborto-Madrid.jpg\",\"width\":377,\"height\":230},{\"@type\":\"BreadcrumbList\",\"@id\":\"https:\/\/www.pressenza.com\/it\/2014\/02\/protesta-di-massa-madrid-contro-la-riforma-della-legge-sullaborto\/#breadcrumb\",\"itemListElement\":[{\"@type\":\"ListItem\",\"position\":1,\"name\":\"Accueil\",\"item\":\"https:\/\/www.pressenza.com\/it\/\"},{\"@type\":\"ListItem\",\"position\":2,\"name\":\"Protesta di massa a Madrid contro la riforma della legge sull\u2019aborto\"}]},{\"@type\":\"WebSite\",\"@id\":\"https:\/\/www.pressenza.com\/it\/#website\",\"url\":\"https:\/\/www.pressenza.com\/it\/\",\"name\":\"Pressenza\",\"description\":\"Agenzia di Stampa Internazionale\",\"publisher\":{\"@id\":\"https:\/\/www.pressenza.com\/it\/#organization\"},\"potentialAction\":[{\"@type\":\"SearchAction\",\"target\":{\"@type\":\"EntryPoint\",\"urlTemplate\":\"https:\/\/www.pressenza.com\/it\/?s={search_term_string}\"},\"query-input\":{\"@type\":\"PropertyValueSpecification\",\"valueRequired\":true,\"valueName\":\"search_term_string\"}}],\"inLanguage\":\"it-IT\"},{\"@type\":\"Organization\",\"@id\":\"https:\/\/www.pressenza.com\/it\/#organization\",\"name\":\"Pressenza\",\"url\":\"https:\/\/www.pressenza.com\/it\/\",\"logo\":{\"@type\":\"ImageObject\",\"inLanguage\":\"it-IT\",\"@id\":\"https:\/\/www.pressenza.com\/it\/#\/schema\/logo\/image\/\",\"url\":\"https:\/\/www.pressenza.com\/wp-content\/uploads\/2022\/10\/pressenza_logo_200x200.jpg\",\"contentUrl\":\"https:\/\/www.pressenza.com\/wp-content\/uploads\/2022\/10\/pressenza_logo_200x200.jpg\",\"width\":200,\"height\":200,\"caption\":\"Pressenza\"},\"image\":{\"@id\":\"https:\/\/www.pressenza.com\/it\/#\/schema\/logo\/image\/\"},\"sameAs\":[\"https:\/\/www.facebook.com\/PressenzaItalia\",\"https:\/\/x.com\/PressenzaIPA\"]},{\"@type\":\"Person\",\"@id\":\"https:\/\/www.pressenza.com\/it\/#\/schema\/person\/2e5ffdf0e238fbba512bcf5c97959187\",\"name\":\"HispanTV\",\"description\":\"Trabajar bajo el f\u00e9rreo compromiso como medio de comunicaci\u00f3n para fomentar el acercamiento entre los pueblos de Ir\u00e1n, el Hispanoamericano y los de Medio Oriente, considerando adem\u00e1s la necesidad de crear una mayor cercan\u00eda entre todos los pueblos de Am\u00e9rica Latina. http:\/\/www.hispantv.com\/\",\"sameAs\":[\"http:\/\/www.hispantv.ir\",\"https:\/\/www.facebook.com\/Hispantv\",\"https:\/\/x.com\/Hispantv\"],\"url\":\"https:\/\/www.pressenza.com\/it\/author\/hispantv\/\"}]}<\/script>\n<!-- \/ Yoast SEO plugin. -->","yoast_head_json":{"title":"Protesta di massa a Madrid contro la riforma della legge sull\u2019aborto","description":"Sabato 1\u00b0 febbraio 2014 decine di migliaia di persone hanno partecipato a Madrid a una grande manifestazione contro la riforma della legge sull\u2019aborto,","robots":{"index":"index","follow":"follow","max-snippet":"max-snippet:-1","max-image-preview":"max-image-preview:large","max-video-preview":"max-video-preview:-1"},"canonical":"https:\/\/www.pressenza.com\/it\/2014\/02\/protesta-di-massa-madrid-contro-la-riforma-della-legge-sullaborto\/","og_locale":"it_IT","og_type":"article","og_title":"Protesta di massa a Madrid contro la riforma della legge sull\u2019aborto","og_description":"Sabato 1\u00b0 febbraio 2014 decine di migliaia di persone hanno partecipato a Madrid a una grande manifestazione contro la riforma della legge sull\u2019aborto,","og_url":"https:\/\/www.pressenza.com\/it\/2014\/02\/protesta-di-massa-madrid-contro-la-riforma-della-legge-sullaborto\/","og_site_name":"Pressenza","article_publisher":"https:\/\/www.facebook.com\/PressenzaItalia","article_author":"https:\/\/www.facebook.com\/Hispantv","article_published_time":"2014-02-01T20:45:50+00:00","article_modified_time":"2014-02-01T20:46:07+00:00","og_image":[{"width":377,"height":230,"url":"https:\/\/www.pressenza.com\/wp-content\/uploads\/2014\/02\/manifestazione-x-aborto-Madrid.jpg","type":"image\/jpeg"}],"author":"HispanTV","twitter_card":"summary_large_image","twitter_creator":"@Hispantv","twitter_site":"@PressenzaIPA","twitter_misc":{"Scritto da":"HispanTV","Tempo di lettura stimato":"1 minuto"},"schema":{"@context":"https:\/\/schema.org","@graph":[{"@type":"Article","@id":"https:\/\/www.pressenza.com\/it\/2014\/02\/protesta-di-massa-madrid-contro-la-riforma-della-legge-sullaborto\/#article","isPartOf":{"@id":"https:\/\/www.pressenza.com\/it\/2014\/02\/protesta-di-massa-madrid-contro-la-riforma-della-legge-sullaborto\/"},"author":{"name":"HispanTV","@id":"https:\/\/www.pressenza.com\/it\/#\/schema\/person\/2e5ffdf0e238fbba512bcf5c97959187"},"headline":"Protesta di massa a Madrid contro la riforma della legge sull\u2019aborto","datePublished":"2014-02-01T20:45:50+00:00","dateModified":"2014-02-01T20:46:07+00:00","mainEntityOfPage":{"@id":"https:\/\/www.pressenza.com\/it\/2014\/02\/protesta-di-massa-madrid-contro-la-riforma-della-legge-sullaborto\/"},"wordCount":257,"publisher":{"@id":"https:\/\/www.pressenza.com\/it\/#organization"},"image":{"@id":"https:\/\/www.pressenza.com\/it\/2014\/02\/protesta-di-massa-madrid-contro-la-riforma-della-legge-sullaborto\/#primaryimage"},"thumbnailUrl":"https:\/\/www.pressenza.com\/wp-content\/uploads\/2014\/02\/manifestazione-x-aborto-Madrid.jpg","keywords":["Madrid","protesta","riforma della legge sul'aborto"],"articleSection":["Diritti Umani","Europa","Non discriminazione","Salute"],"inLanguage":"it-IT"},{"@type":"WebPage","@id":"https:\/\/www.pressenza.com\/it\/2014\/02\/protesta-di-massa-madrid-contro-la-riforma-della-legge-sullaborto\/","url":"https:\/\/www.pressenza.com\/it\/2014\/02\/protesta-di-massa-madrid-contro-la-riforma-della-legge-sullaborto\/","name":"Protesta di massa a Madrid contro la riforma della legge sull\u2019aborto","isPartOf":{"@id":"https:\/\/www.pressenza.com\/it\/#website"},"primaryImageOfPage":{"@id":"https:\/\/www.pressenza.com\/it\/2014\/02\/protesta-di-massa-madrid-contro-la-riforma-della-legge-sullaborto\/#primaryimage"},"image":{"@id":"https:\/\/www.pressenza.com\/it\/2014\/02\/protesta-di-massa-madrid-contro-la-riforma-della-legge-sullaborto\/#primaryimage"},"thumbnailUrl":"https:\/\/www.pressenza.com\/wp-content\/uploads\/2014\/02\/manifestazione-x-aborto-Madrid.jpg","datePublished":"2014-02-01T20:45:50+00:00","dateModified":"2014-02-01T20:46:07+00:00","description":"Sabato 1\u00b0 febbraio 2014 decine di migliaia di persone hanno partecipato a Madrid a una grande manifestazione contro la riforma della legge sull\u2019aborto,","breadcrumb":{"@id":"https:\/\/www.pressenza.com\/it\/2014\/02\/protesta-di-massa-madrid-contro-la-riforma-della-legge-sullaborto\/#breadcrumb"},"inLanguage":"it-IT","potentialAction":[{"@type":"ReadAction","target":["https:\/\/www.pressenza.com\/it\/2014\/02\/protesta-di-massa-madrid-contro-la-riforma-della-legge-sullaborto\/"]}]},{"@type":"ImageObject","inLanguage":"it-IT","@id":"https:\/\/www.pressenza.com\/it\/2014\/02\/protesta-di-massa-madrid-contro-la-riforma-della-legge-sullaborto\/#primaryimage","url":"https:\/\/www.pressenza.com\/wp-content\/uploads\/2014\/02\/manifestazione-x-aborto-Madrid.jpg","contentUrl":"https:\/\/www.pressenza.com\/wp-content\/uploads\/2014\/02\/manifestazione-x-aborto-Madrid.jpg","width":377,"height":230},{"@type":"BreadcrumbList","@id":"https:\/\/www.pressenza.com\/it\/2014\/02\/protesta-di-massa-madrid-contro-la-riforma-della-legge-sullaborto\/#breadcrumb","itemListElement":[{"@type":"ListItem","position":1,"name":"Accueil","item":"https:\/\/www.pressenza.com\/it\/"},{"@type":"ListItem","position":2,"name":"Protesta di massa a Madrid contro la riforma della legge sull\u2019aborto"}]},{"@type":"WebSite","@id":"https:\/\/www.pressenza.com\/it\/#website","url":"https:\/\/www.pressenza.com\/it\/","name":"Pressenza","description":"Agenzia di Stampa Internazionale","publisher":{"@id":"https:\/\/www.pressenza.com\/it\/#organization"},"potentialAction":[{"@type":"SearchAction","target":{"@type":"EntryPoint","urlTemplate":"https:\/\/www.pressenza.com\/it\/?s={search_term_string}"},"query-input":{"@type":"PropertyValueSpecification","valueRequired":true,"valueName":"search_term_string"}}],"inLanguage":"it-IT"},{"@type":"Organization","@id":"https:\/\/www.pressenza.com\/it\/#organization","name":"Pressenza","url":"https:\/\/www.pressenza.com\/it\/","logo":{"@type":"ImageObject","inLanguage":"it-IT","@id":"https:\/\/www.pressenza.com\/it\/#\/schema\/logo\/image\/","url":"https:\/\/www.pressenza.com\/wp-content\/uploads\/2022\/10\/pressenza_logo_200x200.jpg","contentUrl":"https:\/\/www.pressenza.com\/wp-content\/uploads\/2022\/10\/pressenza_logo_200x200.jpg","width":200,"height":200,"caption":"Pressenza"},"image":{"@id":"https:\/\/www.pressenza.com\/it\/#\/schema\/logo\/image\/"},"sameAs":["https:\/\/www.facebook.com\/PressenzaItalia","https:\/\/x.com\/PressenzaIPA"]},{"@type":"Person","@id":"https:\/\/www.pressenza.com\/it\/#\/schema\/person\/2e5ffdf0e238fbba512bcf5c97959187","name":"HispanTV","description":"Trabajar bajo el f\u00e9rreo compromiso como medio de comunicaci\u00f3n para fomentar el acercamiento entre los pueblos de Ir\u00e1n, el Hispanoamericano y los de Medio Oriente, considerando adem\u00e1s la necesidad de crear una mayor cercan\u00eda entre todos los pueblos de Am\u00e9rica Latina. http:\/\/www.hispantv.com\/","sameAs":["http:\/\/www.hispantv.ir","https:\/\/www.facebook.com\/Hispantv","https:\/\/x.com\/Hispantv"],"url":"https:\/\/www.pressenza.com\/it\/author\/hispantv\/"}]}},"place":"","original_article_url":"","_links":{"self":[{"href":"https:\/\/www.pressenza.com\/it\/wp-json\/wp\/v2\/posts\/87623","targetHints":{"allow":["GET"]}}],"collection":[{"href":"https:\/\/www.pressenza.com\/it\/wp-json\/wp\/v2\/posts"}],"about":[{"href":"https:\/\/www.pressenza.com\/it\/wp-json\/wp\/v2\/types\/post"}],"author":[{"embeddable":true,"href":"https:\/\/www.pressenza.com\/it\/wp-json\/wp\/v2\/users\/954"}],"replies":[{"embeddable":true,"href":"https:\/\/www.pressenza.com\/it\/wp-json\/wp\/v2\/comments?post=87623"}],"version-history":[{"count":0,"href":"https:\/\/www.pressenza.com\/it\/wp-json\/wp\/v2\/posts\/87623\/revisions"}],"wp:featuredmedia":[{"embeddable":true,"href":"https:\/\/www.pressenza.com\/it\/wp-json\/wp\/v2\/media\/87624"}],"wp:attachment":[{"href":"https:\/\/www.pressenza.com\/it\/wp-json\/wp\/v2\/media?parent=87623"}],"wp:term":[{"taxonomy":"category","embeddable":true,"href":"https:\/\/www.pressenza.com\/it\/wp-json\/wp\/v2\/categories?post=87623"},{"taxonomy":"post_tag","embeddable":true,"href":"https:\/\/www.pressenza.com\/it\/wp-json\/wp\/v2\/tags?post=87623"}],"curies":[{"name":"wp","href":"https:\/\/api.w.org\/{rel}","templated":true}]}}