{"id":876088,"date":"2019-06-25T13:26:27","date_gmt":"2019-06-25T12:26:27","guid":{"rendered":"https:\/\/www.pressenza.com\/?p=876088"},"modified":"2019-06-25T13:26:27","modified_gmt":"2019-06-25T12:26:27","slug":"340-organizzazioni-invitano-ue-a-interrompere-immediatamente-negoziati-commerciali-con-brasile","status":"publish","type":"post","link":"https:\/\/www.pressenza.com\/it\/2019\/06\/340-organizzazioni-invitano-ue-a-interrompere-immediatamente-negoziati-commerciali-con-brasile\/","title":{"rendered":"Oltre 340 organizzazioni invitano l&#8217;UE ad interrompere immediatamente i negoziati commerciali con il Brasile"},"content":{"rendered":"<p>In una lettera aperta, pi\u00f9 di 340 organizzazioni della societ\u00e0 civile chiedono all&#8217;Unione Europea di bloccare immediatamente i negoziati per un accordo di libero scambio con il Mercosur (Brasile, Argentina, Paraguay e Uruguay) a causa del deterioramento dei diritti umani e della situazione ecologica in Brasile. La lettera \u00e8 indirizzata ai Presidenti delle istituzioni europee in vista della riunione ministeriale della prossima settimana a Bruxelles, dove i Ministri degli esteri dell&#8217;UE e del Mercosur lavoreranno per concludere i negoziati.<\/p>\n<p>All&#8217;attenzione del Presidente del Consiglio Europeo<\/p>\n<p>del Presidente della Commissione Europea<\/p>\n<p>del Presidente del Parlamento Europeo<\/p>\n<p>Noi sottoscritte organizzazioni della societ\u00e0 civile rivolgiamo un appello all&#8217;Unione Europea affinch\u00e9 usi la sua influenza per evitare un peggioramento dei diritti umani e della condizione ambientale in Brasile.<\/p>\n<p>Nel mese di aprile, pi\u00f9 di 600 scienziati europei e due organizzazioni indigene brasiliane, in rappresentanza di 300 gruppi indigeni brasiliani, hanno chiesto che l&#8217;UE agisca in qualit\u00e0 di leader globale nel sostenere i diritti umani, la dignit\u00e0 umana e un clima abitabile, facendo in modo che la sostenibilit\u00e0 sia la base dei negoziati commerciali con il Brasile. Siamo pienamente d&#8217;accordo su questo principio.<\/p>\n<p>L&#8217;UE e i suoi Stati membri, vincolati dal trattato sull&#8217;Unione Europea, si sono impegnati a rispettare e promuovere i diritti umani come obiettivo generale nei loro rapporti con gli altri paesi. La commissaria per il commercio Cecilia Malmstr\u00f6m ha inoltre chiaramente affermato la necessit\u00e0 di nuovi accordi commerciali dell&#8217;UE per realizzare uno sviluppo sostenibile.<\/p>\n<p>Dall&#8217;insediamento del presidente brasiliano Jair Bolsonaro nel gennaio 2019, abbiamo assistito ad un aumento delle violazioni dei diritti umani, degli attacchi alle minoranze, alle popolazioni indigene, LGBTQ e altre comunit\u00e0 tradizionali. Inoltre, l&#8217;amministrazione continua a minacciare il funzionamento democratico di base della societ\u00e0 civile, promuovendo un assalto frontale ad alcune delle regioni pi\u00f9 ecologicamente preziose del mondo.<\/p>\n<p>Siamo profondamente preoccupati per quanto segue:<\/p>\n<p>La delimitazione delle terre indigene \u00e8 stata posta sotto la giurisdizione del Ministero dell&#8217;Agricoltura, aprendo la strada a pesanti commerci agro-alimentari di bestiame e soia per accelerare la loro diffusione in Amazzonia, la pi\u00f9 grande foresta tropicale del mondo e nel Cerrado, la savana pi\u00f9 ricca di biodiversit\u00e0 del mondo. Anche se questa controversa misura sembra essere stata temporaneamente invertita nel mese di maggio dal Senato brasiliano, il Presidente Bolsonaro pu\u00f2 ancora porre il veto<\/p>\n<p>Nelle zone rurali del Brasile sono in aumento gli attacchi alle persone che difendono i loro territori o le loro risorse naturali, con un conseguente aumento delle morti di leader di comunit\u00e0, contadini e attivisti.<\/p>\n<p>La promessa della campagna di Bolsonaro di &#8220;porre fine a qualsiasi forma di attivismo&#8221; \u00e8 stata attuata il suo primo giorno di mandato, conferendo al governo il potere di &#8220;supervisionare, coordinare, monitorare e osservare le attivit\u00e0 e le azioni di agenzie internazionali e organizzazioni non governative sul territorio nazionale&#8221;.<\/p>\n<p>Sia il Ministero dell&#8217;Ambiente che il Ministero degli Affari Esteri sono ora guidati da negazionisti del riscaldamento globale, cosa che ha portato all&#8217;abolizione dei dipartimenti competenti per il cambiamento climatico. Anche se il Brasile rimane firmatario dell&#8217;accordo di Parigi sul cambiamento climatico, \u00e8 sempre pi\u00f9 improbabile che l&#8217;amministrazione prenda le misure necessarie per l&#8217;attuazione dell&#8217;accordo.<\/p>\n<p>La legislazione e le politiche socio-ambientali sono state drasticamente indebolite. Durante i primi 100 giorni del nuovo governo il codice forestale \u00e8 stato minato da nuove misure che propongono la riduzione delle riserve legali e una scadenza pi\u00f9 flessibile per la regolarizzazione dei terreni da parte dei <em>landgrabbers (ndt.: quelli che si impossessano della terra)<\/em>. Nel gennaio 2019, la deforestazione in Amazzonia, secondo quanto riferito, \u00e8 aumentato del 54 per cento rispetto allo stesso periodo nel 2018.<\/p>\n<p>Gli attori della societ\u00e0 civile, gli attivisti, i contadini, i lavoratori e le minoranze sono esposti a pericoli estremi a causa della retorica incendiaria del governo Bolsonaro e dei suoi sostenitori. Questo include la definizione dei membri dei movimenti di base, come il movimento dei Lavoratori Senza Terra e il Movimento dei senzatetto, come &#8220;terroristi&#8221;, generando preoccupazioni che la controversa legge brasiliana contro il terrorismo possa essere usata per criminalizzare gli attivisti sociali.<\/p>\n<p>L&#8217;UE \u00e8 il secondo partner commerciale del Brasile, il secondo pi\u00f9 grande importatore di soia brasiliana e un grande importatore di carne bovina brasiliana e di altri prodotti agricoli.\u00a0L&#8217;UE, pertanto, ha la responsabilit\u00e0 di affrontare le ingiustizie in materia di diritti umani e ambientali che hanno luogo in Brasile sotto il governo Bolsonaro. Deve usare la sua influenza per sostenere la societ\u00e0 civile, i diritti umani e l&#8217;ambiente.<\/p>\n<p>L&#8217;UE sta negoziando un accordo commerciale di vasta portata con il Mercosur, che mira ad ampliare l&#8217;accesso al mercato e gli scambi commerciali tra le due regioni, compreso il Brasile. \u00c8 imperativo che l&#8217;UE invii un messaggio inequivocabile al presidente Bolsonaro: il rifiuto di negoziare un accordo commerciale con il Brasile finch\u00e9 non termineranno le violazioni dei diritti umani e non verranno implementate misure rigorose per porre fine a un&#8217;ulteriore deforestazione e verranno presi impegni concreti per attuare l&#8217;accordo di Parigi.<\/p>\n<p>In passato, l&#8217;UE ha sospeso commerci preferenziali con i paesi coinvolti nella violazione di diritti umani, come il Myanmar e le Filippine. Inoltre, l&#8217;UE ha limitato importazioni di prodotti la cui produzione era legata ai diritti umani nel caso di minerali per uso bellico. \u00c8 giunto il momento che l&#8217;UE assuma una posizione analoga e severa per impedire il deterioramento dei diritti umani e della situazione ambientale in Brasile.<\/p>\n<p>Vi invitiamo pertanto a<\/p>\n<p>1. Fermare immediatamente i negoziati per un accordo di libero scambio UE-Mercosur.<\/p>\n<p>2. Garantire che nessun prodotto brasiliano venduto nell&#8217;UE, n\u00e9 sui mercati finanziari che ne sono alla base, porti ad un aumento della deforestazione, all&#8217;accaparramento delle terre dei popoli originari o a violazioni dei diritti umani.<\/p>\n<p>3. Richiedere conferma, con prove materiali, che il governo brasiliano rispetter\u00e0 gli impegni assunti nell&#8217;ambito dell&#8217;accordo di Parigi sui cambiamenti climatici.<\/p>\n<p>4. Aumentare il sostegno alla societ\u00e0 civile brasiliana, compreso il rafforzamento dell\u2019attuazione del Piano d&#8217;azione dell&#8217;UE in materia di Diritti umani e Democrazia, nonch\u00e9 le consultazioni proattive con le organizzazioni della societ\u00e0 civile brasiliana che sono impegnate nei diritti umani e nel funzionamento democratico della societ\u00e0 civile brasiliana.<\/p>\n<p>5. Monitorare e rispondere alle violazioni dei diritti umani, comprese le indagini sui casi avvenuti dall&#8217;elezione di Bolsonaro e rafforzare i meccanismi di protezione dei difensori dei diritti umani. Per coloro che sono pi\u00f9 a rischio, compresi i popoli indigeni e i difensori dell&#8217;ambiente, l&#8217;UE dovrebbe fornire un sostegno diretto e urgente nei casi in cui \u00e8 necessario, anche attraverso le rappresentanze politiche.<\/p>\n<p>In fede<\/p>\n<p><a href=\"http:\/\/s2bnetwork.org\/wp-content\/uploads\/2019\/06\/Joint-letter-Brazil-EU-Mercosur.pdf\">Qui<\/a> l\u2019elenco delle organizzazioni firmatarie<\/p>\n<p>Traduzione dall\u2019inglese di Annalaura Erroi<\/p>\n","protected":false},"excerpt":{"rendered":"<p>In una lettera aperta, pi\u00f9 di 340 organizzazioni della societ\u00e0 civile chiedono all&#8217;Unione Europea di bloccare immediatamente i negoziati per un accordo di libero scambio con il Mercosur (Brasile, Argentina, Paraguay e Uruguay) a causa del deterioramento dei diritti umani&hellip;<\/p>\n","protected":false},"author":594,"featured_media":874635,"comment_status":"closed","ping_status":"closed","sticky":false,"template":"","format":"standard","meta":{"footnotes":""},"categories":[150,60,47,48],"tags":[3993,54560,897,3788],"class_list":["post-876088","post","type-post","status-publish","format-standard","has-post-thumbnail","hentry","category-comunicati-stampa","category-diritti-umani","category-europa","category-sud-america","tag-brasile","tag-diritti-umani-es-it","tag-diritti-umani","tag-unione-europea"],"yoast_head":"<!-- This site is optimized with the Yoast SEO plugin v27.1.1 - https:\/\/yoast.com\/product\/yoast-seo-wordpress\/ -->\n<title>Oltre 340 organizzazioni invitano l&#039;UE ad interrompere immediatamente i negoziati commerciali con il Brasile<\/title>\n<meta name=\"description\" content=\"In una lettera aperta, pi\u00f9 di 340 organizzazioni della societ\u00e0 civile chiedono all&#039;Unione Europea di bloccare immediatamente i negoziati per un accordo di\" \/>\n<meta name=\"robots\" content=\"index, follow, max-snippet:-1, max-image-preview:large, max-video-preview:-1\" \/>\n<link rel=\"canonical\" href=\"https:\/\/www.pressenza.com\/it\/2019\/06\/340-organizzazioni-invitano-ue-a-interrompere-immediatamente-negoziati-commerciali-con-brasile\/\" \/>\n<meta property=\"og:locale\" content=\"it_IT\" \/>\n<meta property=\"og:type\" content=\"article\" \/>\n<meta property=\"og:title\" content=\"Oltre 340 organizzazioni invitano l&#039;UE ad interrompere immediatamente i negoziati commerciali con il Brasile\" \/>\n<meta property=\"og:description\" content=\"In una lettera aperta, pi\u00f9 di 340 organizzazioni della societ\u00e0 civile chiedono all&#039;Unione Europea di bloccare immediatamente i negoziati per un accordo di\" \/>\n<meta property=\"og:url\" content=\"https:\/\/www.pressenza.com\/it\/2019\/06\/340-organizzazioni-invitano-ue-a-interrompere-immediatamente-negoziati-commerciali-con-brasile\/\" \/>\n<meta property=\"og:site_name\" content=\"Pressenza\" \/>\n<meta property=\"article:publisher\" content=\"https:\/\/www.facebook.com\/PressenzaItalia\" \/>\n<meta property=\"article:author\" content=\"https:\/\/www.facebook.com\/PressenzaItalia\" \/>\n<meta property=\"article:published_time\" content=\"2019-06-25T12:26:27+00:00\" \/>\n<meta property=\"og:image\" content=\"https:\/\/www.pressenza.com\/wp-content\/uploads\/2019\/06\/EU-Brasilien-Mercosur-Menschenrechte-Klimawandel-Umweltzerst\u00f6rung-offener-Brief-1.jpg\" \/>\n\t<meta property=\"og:image:width\" content=\"2048\" \/>\n\t<meta property=\"og:image:height\" content=\"1360\" \/>\n\t<meta property=\"og:image:type\" content=\"image\/jpeg\" \/>\n<meta name=\"author\" content=\"Redazione Italia\" \/>\n<meta name=\"twitter:card\" content=\"summary_large_image\" \/>\n<meta name=\"twitter:creator\" content=\"@pressenza_it\" \/>\n<meta name=\"twitter:site\" content=\"@PressenzaIPA\" \/>\n<meta name=\"twitter:label1\" content=\"Scritto da\" \/>\n\t<meta name=\"twitter:data1\" content=\"Redazione Italia\" \/>\n\t<meta name=\"twitter:label2\" content=\"Tempo di lettura stimato\" \/>\n\t<meta name=\"twitter:data2\" content=\"5 minuti\" \/>\n<script type=\"application\/ld+json\" class=\"yoast-schema-graph\">{\"@context\":\"https:\/\/schema.org\",\"@graph\":[{\"@type\":\"Article\",\"@id\":\"https:\/\/www.pressenza.com\/it\/2019\/06\/340-organizzazioni-invitano-ue-a-interrompere-immediatamente-negoziati-commerciali-con-brasile\/#article\",\"isPartOf\":{\"@id\":\"https:\/\/www.pressenza.com\/it\/2019\/06\/340-organizzazioni-invitano-ue-a-interrompere-immediatamente-negoziati-commerciali-con-brasile\/\"},\"author\":{\"name\":\"Redazione Italia\",\"@id\":\"https:\/\/www.pressenza.com\/it\/#\/schema\/person\/d983e81827ae24f2c7b1a2123d197f8d\"},\"headline\":\"Oltre 340 organizzazioni invitano l&#8217;UE ad interrompere immediatamente i negoziati commerciali con il Brasile\",\"datePublished\":\"2019-06-25T12:26:27+00:00\",\"mainEntityOfPage\":{\"@id\":\"https:\/\/www.pressenza.com\/it\/2019\/06\/340-organizzazioni-invitano-ue-a-interrompere-immediatamente-negoziati-commerciali-con-brasile\/\"},\"wordCount\":1116,\"publisher\":{\"@id\":\"https:\/\/www.pressenza.com\/it\/#organization\"},\"image\":{\"@id\":\"https:\/\/www.pressenza.com\/it\/2019\/06\/340-organizzazioni-invitano-ue-a-interrompere-immediatamente-negoziati-commerciali-con-brasile\/#primaryimage\"},\"thumbnailUrl\":\"https:\/\/www.pressenza.com\/wp-content\/uploads\/2019\/06\/EU-Brasilien-Mercosur-Menschenrechte-Klimawandel-Umweltzerst\u00f6rung-offener-Brief-1.jpg\",\"keywords\":[\"Brasile\",\"diritti umani\",\"diritti umani\",\"Unione Europea\"],\"articleSection\":[\"Comunicati Stampa\",\"Diritti Umani\",\"Europa\",\"Sud America\"],\"inLanguage\":\"it-IT\"},{\"@type\":\"WebPage\",\"@id\":\"https:\/\/www.pressenza.com\/it\/2019\/06\/340-organizzazioni-invitano-ue-a-interrompere-immediatamente-negoziati-commerciali-con-brasile\/\",\"url\":\"https:\/\/www.pressenza.com\/it\/2019\/06\/340-organizzazioni-invitano-ue-a-interrompere-immediatamente-negoziati-commerciali-con-brasile\/\",\"name\":\"Oltre 340 organizzazioni invitano l'UE ad interrompere immediatamente i negoziati commerciali con il Brasile\",\"isPartOf\":{\"@id\":\"https:\/\/www.pressenza.com\/it\/#website\"},\"primaryImageOfPage\":{\"@id\":\"https:\/\/www.pressenza.com\/it\/2019\/06\/340-organizzazioni-invitano-ue-a-interrompere-immediatamente-negoziati-commerciali-con-brasile\/#primaryimage\"},\"image\":{\"@id\":\"https:\/\/www.pressenza.com\/it\/2019\/06\/340-organizzazioni-invitano-ue-a-interrompere-immediatamente-negoziati-commerciali-con-brasile\/#primaryimage\"},\"thumbnailUrl\":\"https:\/\/www.pressenza.com\/wp-content\/uploads\/2019\/06\/EU-Brasilien-Mercosur-Menschenrechte-Klimawandel-Umweltzerst\u00f6rung-offener-Brief-1.jpg\",\"datePublished\":\"2019-06-25T12:26:27+00:00\",\"description\":\"In una lettera aperta, pi\u00f9 di 340 organizzazioni della societ\u00e0 civile chiedono all'Unione Europea di bloccare immediatamente i negoziati per un accordo di\",\"breadcrumb\":{\"@id\":\"https:\/\/www.pressenza.com\/it\/2019\/06\/340-organizzazioni-invitano-ue-a-interrompere-immediatamente-negoziati-commerciali-con-brasile\/#breadcrumb\"},\"inLanguage\":\"it-IT\",\"potentialAction\":[{\"@type\":\"ReadAction\",\"target\":[\"https:\/\/www.pressenza.com\/it\/2019\/06\/340-organizzazioni-invitano-ue-a-interrompere-immediatamente-negoziati-commerciali-con-brasile\/\"]}]},{\"@type\":\"ImageObject\",\"inLanguage\":\"it-IT\",\"@id\":\"https:\/\/www.pressenza.com\/it\/2019\/06\/340-organizzazioni-invitano-ue-a-interrompere-immediatamente-negoziati-commerciali-con-brasile\/#primaryimage\",\"url\":\"https:\/\/www.pressenza.com\/wp-content\/uploads\/2019\/06\/EU-Brasilien-Mercosur-Menschenrechte-Klimawandel-Umweltzerst\u00f6rung-offener-Brief-1.jpg\",\"contentUrl\":\"https:\/\/www.pressenza.com\/wp-content\/uploads\/2019\/06\/EU-Brasilien-Mercosur-Menschenrechte-Klimawandel-Umweltzerst\u00f6rung-offener-Brief-1.jpg\",\"width\":2048,\"height\":1360,\"caption\":\"Pr\u00e1tica de queimar o quintal para \u0093limpar\u0094 e desfazer do lixo. Photo by Icaro Cooke Vieira\/CIFOR cifor.org blog.cifor.org If you use one of our photos, please credit it accordingly and let us know. You can reach us through our Flickr account or at: cifor-mediainfo@cgiar.org and m.edliadi@cgiar.org\"},{\"@type\":\"BreadcrumbList\",\"@id\":\"https:\/\/www.pressenza.com\/it\/2019\/06\/340-organizzazioni-invitano-ue-a-interrompere-immediatamente-negoziati-commerciali-con-brasile\/#breadcrumb\",\"itemListElement\":[{\"@type\":\"ListItem\",\"position\":1,\"name\":\"Accueil\",\"item\":\"https:\/\/www.pressenza.com\/it\/\"},{\"@type\":\"ListItem\",\"position\":2,\"name\":\"Oltre 340 organizzazioni invitano l&#8217;UE ad interrompere immediatamente i negoziati commerciali con il Brasile\"}]},{\"@type\":\"WebSite\",\"@id\":\"https:\/\/www.pressenza.com\/it\/#website\",\"url\":\"https:\/\/www.pressenza.com\/it\/\",\"name\":\"Pressenza\",\"description\":\"Agenzia di Stampa Internazionale\",\"publisher\":{\"@id\":\"https:\/\/www.pressenza.com\/it\/#organization\"},\"potentialAction\":[{\"@type\":\"SearchAction\",\"target\":{\"@type\":\"EntryPoint\",\"urlTemplate\":\"https:\/\/www.pressenza.com\/it\/?s={search_term_string}\"},\"query-input\":{\"@type\":\"PropertyValueSpecification\",\"valueRequired\":true,\"valueName\":\"search_term_string\"}}],\"inLanguage\":\"it-IT\"},{\"@type\":\"Organization\",\"@id\":\"https:\/\/www.pressenza.com\/it\/#organization\",\"name\":\"Pressenza\",\"url\":\"https:\/\/www.pressenza.com\/it\/\",\"logo\":{\"@type\":\"ImageObject\",\"inLanguage\":\"it-IT\",\"@id\":\"https:\/\/www.pressenza.com\/it\/#\/schema\/logo\/image\/\",\"url\":\"https:\/\/www.pressenza.com\/wp-content\/uploads\/2022\/10\/pressenza_logo_200x200.jpg\",\"contentUrl\":\"https:\/\/www.pressenza.com\/wp-content\/uploads\/2022\/10\/pressenza_logo_200x200.jpg\",\"width\":200,\"height\":200,\"caption\":\"Pressenza\"},\"image\":{\"@id\":\"https:\/\/www.pressenza.com\/it\/#\/schema\/logo\/image\/\"},\"sameAs\":[\"https:\/\/www.facebook.com\/PressenzaItalia\",\"https:\/\/x.com\/PressenzaIPA\"]},{\"@type\":\"Person\",\"@id\":\"https:\/\/www.pressenza.com\/it\/#\/schema\/person\/d983e81827ae24f2c7b1a2123d197f8d\",\"name\":\"Redazione Italia\",\"description\":\"News from the Pressenza Bureau in Italy\",\"sameAs\":[\"https:\/\/www.pressenza.com\/it\/author\/redazione-italia\/\",\"https:\/\/www.facebook.com\/PressenzaItalia\",\"https:\/\/www.instagram.com\/pressenza_italia\/\",\"https:\/\/x.com\/pressenza_it\",\"https:\/\/www.youtube.com\/channel\/UCSalEIWjE1RSxkwjfftFuqg\"],\"url\":\"https:\/\/www.pressenza.com\/it\/author\/redazione-italia\/\"}]}<\/script>\n<!-- \/ Yoast SEO plugin. -->","yoast_head_json":{"title":"Oltre 340 organizzazioni invitano l'UE ad interrompere immediatamente i negoziati commerciali con il Brasile","description":"In una lettera aperta, pi\u00f9 di 340 organizzazioni della societ\u00e0 civile chiedono all'Unione Europea di bloccare immediatamente i negoziati per un accordo di","robots":{"index":"index","follow":"follow","max-snippet":"max-snippet:-1","max-image-preview":"max-image-preview:large","max-video-preview":"max-video-preview:-1"},"canonical":"https:\/\/www.pressenza.com\/it\/2019\/06\/340-organizzazioni-invitano-ue-a-interrompere-immediatamente-negoziati-commerciali-con-brasile\/","og_locale":"it_IT","og_type":"article","og_title":"Oltre 340 organizzazioni invitano l'UE ad interrompere immediatamente i negoziati commerciali con il Brasile","og_description":"In una lettera aperta, pi\u00f9 di 340 organizzazioni della societ\u00e0 civile chiedono all'Unione Europea di bloccare immediatamente i negoziati per un accordo di","og_url":"https:\/\/www.pressenza.com\/it\/2019\/06\/340-organizzazioni-invitano-ue-a-interrompere-immediatamente-negoziati-commerciali-con-brasile\/","og_site_name":"Pressenza","article_publisher":"https:\/\/www.facebook.com\/PressenzaItalia","article_author":"https:\/\/www.facebook.com\/PressenzaItalia","article_published_time":"2019-06-25T12:26:27+00:00","og_image":[{"width":2048,"height":1360,"url":"https:\/\/www.pressenza.com\/wp-content\/uploads\/2019\/06\/EU-Brasilien-Mercosur-Menschenrechte-Klimawandel-Umweltzerst\u00f6rung-offener-Brief-1.jpg","type":"image\/jpeg"}],"author":"Redazione Italia","twitter_card":"summary_large_image","twitter_creator":"@pressenza_it","twitter_site":"@PressenzaIPA","twitter_misc":{"Scritto da":"Redazione Italia","Tempo di lettura stimato":"5 minuti"},"schema":{"@context":"https:\/\/schema.org","@graph":[{"@type":"Article","@id":"https:\/\/www.pressenza.com\/it\/2019\/06\/340-organizzazioni-invitano-ue-a-interrompere-immediatamente-negoziati-commerciali-con-brasile\/#article","isPartOf":{"@id":"https:\/\/www.pressenza.com\/it\/2019\/06\/340-organizzazioni-invitano-ue-a-interrompere-immediatamente-negoziati-commerciali-con-brasile\/"},"author":{"name":"Redazione Italia","@id":"https:\/\/www.pressenza.com\/it\/#\/schema\/person\/d983e81827ae24f2c7b1a2123d197f8d"},"headline":"Oltre 340 organizzazioni invitano l&#8217;UE ad interrompere immediatamente i negoziati commerciali con il Brasile","datePublished":"2019-06-25T12:26:27+00:00","mainEntityOfPage":{"@id":"https:\/\/www.pressenza.com\/it\/2019\/06\/340-organizzazioni-invitano-ue-a-interrompere-immediatamente-negoziati-commerciali-con-brasile\/"},"wordCount":1116,"publisher":{"@id":"https:\/\/www.pressenza.com\/it\/#organization"},"image":{"@id":"https:\/\/www.pressenza.com\/it\/2019\/06\/340-organizzazioni-invitano-ue-a-interrompere-immediatamente-negoziati-commerciali-con-brasile\/#primaryimage"},"thumbnailUrl":"https:\/\/www.pressenza.com\/wp-content\/uploads\/2019\/06\/EU-Brasilien-Mercosur-Menschenrechte-Klimawandel-Umweltzerst\u00f6rung-offener-Brief-1.jpg","keywords":["Brasile","diritti umani","diritti umani","Unione Europea"],"articleSection":["Comunicati Stampa","Diritti Umani","Europa","Sud America"],"inLanguage":"it-IT"},{"@type":"WebPage","@id":"https:\/\/www.pressenza.com\/it\/2019\/06\/340-organizzazioni-invitano-ue-a-interrompere-immediatamente-negoziati-commerciali-con-brasile\/","url":"https:\/\/www.pressenza.com\/it\/2019\/06\/340-organizzazioni-invitano-ue-a-interrompere-immediatamente-negoziati-commerciali-con-brasile\/","name":"Oltre 340 organizzazioni invitano l'UE ad interrompere immediatamente i negoziati commerciali con il Brasile","isPartOf":{"@id":"https:\/\/www.pressenza.com\/it\/#website"},"primaryImageOfPage":{"@id":"https:\/\/www.pressenza.com\/it\/2019\/06\/340-organizzazioni-invitano-ue-a-interrompere-immediatamente-negoziati-commerciali-con-brasile\/#primaryimage"},"image":{"@id":"https:\/\/www.pressenza.com\/it\/2019\/06\/340-organizzazioni-invitano-ue-a-interrompere-immediatamente-negoziati-commerciali-con-brasile\/#primaryimage"},"thumbnailUrl":"https:\/\/www.pressenza.com\/wp-content\/uploads\/2019\/06\/EU-Brasilien-Mercosur-Menschenrechte-Klimawandel-Umweltzerst\u00f6rung-offener-Brief-1.jpg","datePublished":"2019-06-25T12:26:27+00:00","description":"In una lettera aperta, pi\u00f9 di 340 organizzazioni della societ\u00e0 civile chiedono all'Unione Europea di bloccare immediatamente i negoziati per un accordo di","breadcrumb":{"@id":"https:\/\/www.pressenza.com\/it\/2019\/06\/340-organizzazioni-invitano-ue-a-interrompere-immediatamente-negoziati-commerciali-con-brasile\/#breadcrumb"},"inLanguage":"it-IT","potentialAction":[{"@type":"ReadAction","target":["https:\/\/www.pressenza.com\/it\/2019\/06\/340-organizzazioni-invitano-ue-a-interrompere-immediatamente-negoziati-commerciali-con-brasile\/"]}]},{"@type":"ImageObject","inLanguage":"it-IT","@id":"https:\/\/www.pressenza.com\/it\/2019\/06\/340-organizzazioni-invitano-ue-a-interrompere-immediatamente-negoziati-commerciali-con-brasile\/#primaryimage","url":"https:\/\/www.pressenza.com\/wp-content\/uploads\/2019\/06\/EU-Brasilien-Mercosur-Menschenrechte-Klimawandel-Umweltzerst\u00f6rung-offener-Brief-1.jpg","contentUrl":"https:\/\/www.pressenza.com\/wp-content\/uploads\/2019\/06\/EU-Brasilien-Mercosur-Menschenrechte-Klimawandel-Umweltzerst\u00f6rung-offener-Brief-1.jpg","width":2048,"height":1360,"caption":"Pr\u00e1tica de queimar o quintal para \u0093limpar\u0094 e desfazer do lixo. Photo by Icaro Cooke Vieira\/CIFOR cifor.org blog.cifor.org If you use one of our photos, please credit it accordingly and let us know. You can reach us through our Flickr account or at: cifor-mediainfo@cgiar.org and m.edliadi@cgiar.org"},{"@type":"BreadcrumbList","@id":"https:\/\/www.pressenza.com\/it\/2019\/06\/340-organizzazioni-invitano-ue-a-interrompere-immediatamente-negoziati-commerciali-con-brasile\/#breadcrumb","itemListElement":[{"@type":"ListItem","position":1,"name":"Accueil","item":"https:\/\/www.pressenza.com\/it\/"},{"@type":"ListItem","position":2,"name":"Oltre 340 organizzazioni invitano l&#8217;UE ad interrompere immediatamente i negoziati commerciali con il Brasile"}]},{"@type":"WebSite","@id":"https:\/\/www.pressenza.com\/it\/#website","url":"https:\/\/www.pressenza.com\/it\/","name":"Pressenza","description":"Agenzia di Stampa Internazionale","publisher":{"@id":"https:\/\/www.pressenza.com\/it\/#organization"},"potentialAction":[{"@type":"SearchAction","target":{"@type":"EntryPoint","urlTemplate":"https:\/\/www.pressenza.com\/it\/?s={search_term_string}"},"query-input":{"@type":"PropertyValueSpecification","valueRequired":true,"valueName":"search_term_string"}}],"inLanguage":"it-IT"},{"@type":"Organization","@id":"https:\/\/www.pressenza.com\/it\/#organization","name":"Pressenza","url":"https:\/\/www.pressenza.com\/it\/","logo":{"@type":"ImageObject","inLanguage":"it-IT","@id":"https:\/\/www.pressenza.com\/it\/#\/schema\/logo\/image\/","url":"https:\/\/www.pressenza.com\/wp-content\/uploads\/2022\/10\/pressenza_logo_200x200.jpg","contentUrl":"https:\/\/www.pressenza.com\/wp-content\/uploads\/2022\/10\/pressenza_logo_200x200.jpg","width":200,"height":200,"caption":"Pressenza"},"image":{"@id":"https:\/\/www.pressenza.com\/it\/#\/schema\/logo\/image\/"},"sameAs":["https:\/\/www.facebook.com\/PressenzaItalia","https:\/\/x.com\/PressenzaIPA"]},{"@type":"Person","@id":"https:\/\/www.pressenza.com\/it\/#\/schema\/person\/d983e81827ae24f2c7b1a2123d197f8d","name":"Redazione Italia","description":"News from the Pressenza Bureau in Italy","sameAs":["https:\/\/www.pressenza.com\/it\/author\/redazione-italia\/","https:\/\/www.facebook.com\/PressenzaItalia","https:\/\/www.instagram.com\/pressenza_italia\/","https:\/\/x.com\/pressenza_it","https:\/\/www.youtube.com\/channel\/UCSalEIWjE1RSxkwjfftFuqg"],"url":"https:\/\/www.pressenza.com\/it\/author\/redazione-italia\/"}]}},"place":"","original_article_url":"","_links":{"self":[{"href":"https:\/\/www.pressenza.com\/it\/wp-json\/wp\/v2\/posts\/876088","targetHints":{"allow":["GET"]}}],"collection":[{"href":"https:\/\/www.pressenza.com\/it\/wp-json\/wp\/v2\/posts"}],"about":[{"href":"https:\/\/www.pressenza.com\/it\/wp-json\/wp\/v2\/types\/post"}],"author":[{"embeddable":true,"href":"https:\/\/www.pressenza.com\/it\/wp-json\/wp\/v2\/users\/594"}],"replies":[{"embeddable":true,"href":"https:\/\/www.pressenza.com\/it\/wp-json\/wp\/v2\/comments?post=876088"}],"version-history":[{"count":0,"href":"https:\/\/www.pressenza.com\/it\/wp-json\/wp\/v2\/posts\/876088\/revisions"}],"wp:featuredmedia":[{"embeddable":true,"href":"https:\/\/www.pressenza.com\/it\/wp-json\/wp\/v2\/media\/874635"}],"wp:attachment":[{"href":"https:\/\/www.pressenza.com\/it\/wp-json\/wp\/v2\/media?parent=876088"}],"wp:term":[{"taxonomy":"category","embeddable":true,"href":"https:\/\/www.pressenza.com\/it\/wp-json\/wp\/v2\/categories?post=876088"},{"taxonomy":"post_tag","embeddable":true,"href":"https:\/\/www.pressenza.com\/it\/wp-json\/wp\/v2\/tags?post=876088"}],"curies":[{"name":"wp","href":"https:\/\/api.w.org\/{rel}","templated":true}]}}