{"id":873784,"date":"2019-06-20T16:20:42","date_gmt":"2019-06-20T15:20:42","guid":{"rendered":"https:\/\/www.pressenza.com\/?p=873784"},"modified":"2019-06-21T11:43:58","modified_gmt":"2019-06-21T10:43:58","slug":"giornata-mondiale-dei-rifugiati-116-avvocati-e-avvocate-svizzeri-contro-il-reato-di-solidarieta","status":"publish","type":"post","link":"https:\/\/www.pressenza.com\/it\/2019\/06\/giornata-mondiale-dei-rifugiati-116-avvocati-e-avvocate-svizzeri-contro-il-reato-di-solidarieta\/","title":{"rendered":"Giornata mondiale dei rifugiati: 116 avvocati e avvocate svizzeri contro il reato di solidariet\u00e0"},"content":{"rendered":"<div class=\"text\">\n<p>116 avvocati e avvocate svizzeri hanno aderito alla campagna in favore della modifica dell\u2019art. 116 della legge sugli stranieri e la loro integrazione (LEtrI), nonch\u00e9 della depenalizzazione dell\u2019aiuto alle persone in fuga se mosso da motivi rispettabili. Con la \u201cDichiarazione delle avvocate e degli avvocati svizzeri sul reato di solidariet\u00e0\u201d, essi invitano il Potere giudiziario dei vari Cantoni a cessare di perseguire e\/o condannare gli atti di solidariet\u00e0.<\/p>\n<p>I firmatari della Dichiarazione, che esercitano in tutta la Svizzera, si sono impegnati a difendere tutte le persone perseguite per aver dimostrato solidariet\u00e0 nei confronti di un essere umano perseguitato e nel bisogno.\u00a0<strong>Paolo Bernasconi<\/strong>\u00a0dr.h.c, avvocato a Lugano e firmatario della dichiarazione, ricorda che \u201c<em><strong>il Preambolo della nostra Costituzione federale ci obbliga ad operare con uno spirito di solidariet\u00e0<\/strong><\/em>\u201d.<\/p>\n<p>\u201c<em><strong>Non voglio solo applicare la legge, ma anche cambiarla quando la sua applicazione conduce a delle ingiustizie<\/strong><\/em>, come \u00e8 il caso dell\u2019art. 116 LEtrI. Punire qualcuno perch\u00e9 ha aiutato delle persone in difficolt\u00e0 non pu\u00f2 in alcun caso essere considerato giusto\u201d, ha dichiarato l\u2019avvocatessa bernese\u00a0<strong>Melanie Aebli<\/strong>.<\/p>\n<p>Per\u00a0<strong>Olivier Peter<\/strong>, avvocato a Ginevra e primo firmatario della Dichiarazione, l\u2019articolo 116 \u00e8 in contraddizione con la ragion d\u2019essere del diritto penale. \u201c<em><strong>La repressione penale deve essere limitata alle infrazioni che ledono gli interessi altrui o gli interessi pubblici<\/strong><\/em>. Come si pu\u00f2 conciliare questo principio con l\u2019art. 116 LEtrI e la sua applicazione nei casi di aiuto portato a fini umanitari? Cosa c&#8217;\u00e8 di male nel prendersi cura di un malato, nel dare riparo a una donna incinta o a un senzatetto, nell&#8217;aggiungere un posto a tavola per nutrire una persona affamata?\u201d<\/p>\n<p>Questo dichiarazione si inserisce in una pi\u00f9 ampia campagna condotta, tra gli altri, dalla consigliera nazionale Lisa Mazzone (<a href=\"https:\/\/www.parlament.ch\/it\/ratsbetrieb\/suche-curia-vista\/geschaeft?AffairId=20180461\">iniziativa parlamentare 18.461 &#8220;Basta con il reato di solidariet\u00e0&#8221;<\/a>) e Solidariet\u00e9 sans fronti\u00e8res (<a href=\"http:\/\/articolo116.strikingly.com\/\">petizione &#8220;La solidariet\u00e0 non \u00e8 un crimine&#8221;<\/a>).<\/p>\n<p>&gt;\u00a0<a href=\"https:\/\/www.sosf.ch\/cms\/upload\/pdf\/116LEI_Declaration_IT_def.pdf\">Dichiarazione<br \/>\n<\/a>&gt;\u00a0<a href=\"https:\/\/www.sosf.ch\/cms\/upload\/pdf\/Liste_signataires_Site.pdf\">Firmatari<\/a><\/p>\n<\/div>\n","protected":false},"excerpt":{"rendered":"<p>116 avvocati e avvocate svizzeri hanno aderito alla campagna in favore della modifica dell\u2019art. 116 della legge sugli stranieri e la loro integrazione (LEtrI), nonch\u00e9 della depenalizzazione dell\u2019aiuto alle persone in fuga se mosso da motivi rispettabili. Con la \u201cDichiarazione&hellip;<\/p>\n","protected":false},"author":594,"featured_media":250833,"comment_status":"closed","ping_status":"closed","sticky":false,"template":"","format":"standard","meta":{"footnotes":""},"categories":[150,60,47],"tags":[28200,3420,1634,6334],"class_list":["post-873784","post","type-post","status-publish","format-standard","has-post-thumbnail","hentry","category-comunicati-stampa","category-diritti-umani","category-europa","tag-giornata-mondiale-del-rifugiato","tag-rifugiati","tag-solidarieta","tag-svizzera"],"yoast_head":"<!-- This site is optimized with the Yoast SEO plugin v27.1.1 - https:\/\/yoast.com\/product\/yoast-seo-wordpress\/ -->\n<title>Giornata mondiale dei rifugiati: 116 avvocati e avvocate svizzeri contro il reato di solidariet\u00e0<\/title>\n<meta name=\"description\" content=\"116 avvocati e avvocate svizzeri hanno aderito alla campagna in favore della modifica dell\u2019art. 116 della legge sugli stranieri e la loro integrazione\" \/>\n<meta name=\"robots\" content=\"index, follow, max-snippet:-1, max-image-preview:large, max-video-preview:-1\" \/>\n<link rel=\"canonical\" href=\"https:\/\/www.pressenza.com\/it\/2019\/06\/giornata-mondiale-dei-rifugiati-116-avvocati-e-avvocate-svizzeri-contro-il-reato-di-solidarieta\/\" \/>\n<meta property=\"og:locale\" content=\"it_IT\" \/>\n<meta property=\"og:type\" content=\"article\" \/>\n<meta property=\"og:title\" content=\"Giornata mondiale dei rifugiati: 116 avvocati e avvocate svizzeri contro il reato di solidariet\u00e0\" \/>\n<meta property=\"og:description\" content=\"116 avvocati e avvocate svizzeri hanno aderito alla campagna in favore della modifica dell\u2019art. 116 della legge sugli stranieri e la loro integrazione\" \/>\n<meta property=\"og:url\" content=\"https:\/\/www.pressenza.com\/it\/2019\/06\/giornata-mondiale-dei-rifugiati-116-avvocati-e-avvocate-svizzeri-contro-il-reato-di-solidarieta\/\" \/>\n<meta property=\"og:site_name\" content=\"Pressenza\" \/>\n<meta property=\"article:publisher\" content=\"https:\/\/www.facebook.com\/PressenzaItalia\" \/>\n<meta property=\"article:author\" content=\"https:\/\/www.facebook.com\/PressenzaItalia\" \/>\n<meta property=\"article:published_time\" content=\"2019-06-20T15:20:42+00:00\" \/>\n<meta property=\"article:modified_time\" content=\"2019-06-21T10:43:58+00:00\" \/>\n<meta property=\"og:image\" content=\"https:\/\/www.pressenza.com\/wp-content\/uploads\/2015\/11\/stadi-benvenuto-a-rifugiati.jpg\" \/>\n\t<meta property=\"og:image:width\" content=\"600\" \/>\n\t<meta property=\"og:image:height\" content=\"400\" \/>\n\t<meta property=\"og:image:type\" content=\"image\/jpeg\" \/>\n<meta name=\"author\" content=\"Redazione Italia\" \/>\n<meta name=\"twitter:card\" content=\"summary_large_image\" \/>\n<meta name=\"twitter:creator\" content=\"@pressenza_it\" \/>\n<meta name=\"twitter:site\" content=\"@PressenzaIPA\" \/>\n<meta name=\"twitter:label1\" content=\"Scritto da\" \/>\n\t<meta name=\"twitter:data1\" content=\"Redazione Italia\" \/>\n\t<meta name=\"twitter:label2\" content=\"Tempo di lettura stimato\" \/>\n\t<meta name=\"twitter:data2\" content=\"2 minuti\" \/>\n<script type=\"application\/ld+json\" class=\"yoast-schema-graph\">{\"@context\":\"https:\/\/schema.org\",\"@graph\":[{\"@type\":\"Article\",\"@id\":\"https:\/\/www.pressenza.com\/it\/2019\/06\/giornata-mondiale-dei-rifugiati-116-avvocati-e-avvocate-svizzeri-contro-il-reato-di-solidarieta\/#article\",\"isPartOf\":{\"@id\":\"https:\/\/www.pressenza.com\/it\/2019\/06\/giornata-mondiale-dei-rifugiati-116-avvocati-e-avvocate-svizzeri-contro-il-reato-di-solidarieta\/\"},\"author\":{\"name\":\"Redazione Italia\",\"@id\":\"https:\/\/www.pressenza.com\/it\/#\/schema\/person\/d983e81827ae24f2c7b1a2123d197f8d\"},\"headline\":\"Giornata mondiale dei rifugiati: 116 avvocati e avvocate svizzeri contro il reato di solidariet\u00e0\",\"datePublished\":\"2019-06-20T15:20:42+00:00\",\"dateModified\":\"2019-06-21T10:43:58+00:00\",\"mainEntityOfPage\":{\"@id\":\"https:\/\/www.pressenza.com\/it\/2019\/06\/giornata-mondiale-dei-rifugiati-116-avvocati-e-avvocate-svizzeri-contro-il-reato-di-solidarieta\/\"},\"wordCount\":326,\"publisher\":{\"@id\":\"https:\/\/www.pressenza.com\/it\/#organization\"},\"image\":{\"@id\":\"https:\/\/www.pressenza.com\/it\/2019\/06\/giornata-mondiale-dei-rifugiati-116-avvocati-e-avvocate-svizzeri-contro-il-reato-di-solidarieta\/#primaryimage\"},\"thumbnailUrl\":\"https:\/\/www.pressenza.com\/wp-content\/uploads\/2015\/11\/stadi-benvenuto-a-rifugiati.jpg\",\"keywords\":[\"Giornata Mondiale del Rifugiato\",\"rifugiati\",\"solidariet\u00e0\",\"Svizzera\"],\"articleSection\":[\"Comunicati Stampa\",\"Diritti Umani\",\"Europa\"],\"inLanguage\":\"it-IT\"},{\"@type\":\"WebPage\",\"@id\":\"https:\/\/www.pressenza.com\/it\/2019\/06\/giornata-mondiale-dei-rifugiati-116-avvocati-e-avvocate-svizzeri-contro-il-reato-di-solidarieta\/\",\"url\":\"https:\/\/www.pressenza.com\/it\/2019\/06\/giornata-mondiale-dei-rifugiati-116-avvocati-e-avvocate-svizzeri-contro-il-reato-di-solidarieta\/\",\"name\":\"Giornata mondiale dei rifugiati: 116 avvocati e avvocate svizzeri contro il reato di solidariet\u00e0\",\"isPartOf\":{\"@id\":\"https:\/\/www.pressenza.com\/it\/#website\"},\"primaryImageOfPage\":{\"@id\":\"https:\/\/www.pressenza.com\/it\/2019\/06\/giornata-mondiale-dei-rifugiati-116-avvocati-e-avvocate-svizzeri-contro-il-reato-di-solidarieta\/#primaryimage\"},\"image\":{\"@id\":\"https:\/\/www.pressenza.com\/it\/2019\/06\/giornata-mondiale-dei-rifugiati-116-avvocati-e-avvocate-svizzeri-contro-il-reato-di-solidarieta\/#primaryimage\"},\"thumbnailUrl\":\"https:\/\/www.pressenza.com\/wp-content\/uploads\/2015\/11\/stadi-benvenuto-a-rifugiati.jpg\",\"datePublished\":\"2019-06-20T15:20:42+00:00\",\"dateModified\":\"2019-06-21T10:43:58+00:00\",\"description\":\"116 avvocati e avvocate svizzeri hanno aderito alla campagna in favore della modifica dell\u2019art. 116 della legge sugli stranieri e la loro integrazione\",\"breadcrumb\":{\"@id\":\"https:\/\/www.pressenza.com\/it\/2019\/06\/giornata-mondiale-dei-rifugiati-116-avvocati-e-avvocate-svizzeri-contro-il-reato-di-solidarieta\/#breadcrumb\"},\"inLanguage\":\"it-IT\",\"potentialAction\":[{\"@type\":\"ReadAction\",\"target\":[\"https:\/\/www.pressenza.com\/it\/2019\/06\/giornata-mondiale-dei-rifugiati-116-avvocati-e-avvocate-svizzeri-contro-il-reato-di-solidarieta\/\"]}]},{\"@type\":\"ImageObject\",\"inLanguage\":\"it-IT\",\"@id\":\"https:\/\/www.pressenza.com\/it\/2019\/06\/giornata-mondiale-dei-rifugiati-116-avvocati-e-avvocate-svizzeri-contro-il-reato-di-solidarieta\/#primaryimage\",\"url\":\"https:\/\/www.pressenza.com\/wp-content\/uploads\/2015\/11\/stadi-benvenuto-a-rifugiati.jpg\",\"contentUrl\":\"https:\/\/www.pressenza.com\/wp-content\/uploads\/2015\/11\/stadi-benvenuto-a-rifugiati.jpg\",\"width\":600,\"height\":400},{\"@type\":\"BreadcrumbList\",\"@id\":\"https:\/\/www.pressenza.com\/it\/2019\/06\/giornata-mondiale-dei-rifugiati-116-avvocati-e-avvocate-svizzeri-contro-il-reato-di-solidarieta\/#breadcrumb\",\"itemListElement\":[{\"@type\":\"ListItem\",\"position\":1,\"name\":\"Accueil\",\"item\":\"https:\/\/www.pressenza.com\/it\/\"},{\"@type\":\"ListItem\",\"position\":2,\"name\":\"Giornata mondiale dei rifugiati: 116 avvocati e avvocate svizzeri contro il reato di solidariet\u00e0\"}]},{\"@type\":\"WebSite\",\"@id\":\"https:\/\/www.pressenza.com\/it\/#website\",\"url\":\"https:\/\/www.pressenza.com\/it\/\",\"name\":\"Pressenza\",\"description\":\"Agenzia di Stampa Internazionale\",\"publisher\":{\"@id\":\"https:\/\/www.pressenza.com\/it\/#organization\"},\"potentialAction\":[{\"@type\":\"SearchAction\",\"target\":{\"@type\":\"EntryPoint\",\"urlTemplate\":\"https:\/\/www.pressenza.com\/it\/?s={search_term_string}\"},\"query-input\":{\"@type\":\"PropertyValueSpecification\",\"valueRequired\":true,\"valueName\":\"search_term_string\"}}],\"inLanguage\":\"it-IT\"},{\"@type\":\"Organization\",\"@id\":\"https:\/\/www.pressenza.com\/it\/#organization\",\"name\":\"Pressenza\",\"url\":\"https:\/\/www.pressenza.com\/it\/\",\"logo\":{\"@type\":\"ImageObject\",\"inLanguage\":\"it-IT\",\"@id\":\"https:\/\/www.pressenza.com\/it\/#\/schema\/logo\/image\/\",\"url\":\"https:\/\/www.pressenza.com\/wp-content\/uploads\/2022\/10\/pressenza_logo_200x200.jpg\",\"contentUrl\":\"https:\/\/www.pressenza.com\/wp-content\/uploads\/2022\/10\/pressenza_logo_200x200.jpg\",\"width\":200,\"height\":200,\"caption\":\"Pressenza\"},\"image\":{\"@id\":\"https:\/\/www.pressenza.com\/it\/#\/schema\/logo\/image\/\"},\"sameAs\":[\"https:\/\/www.facebook.com\/PressenzaItalia\",\"https:\/\/x.com\/PressenzaIPA\"]},{\"@type\":\"Person\",\"@id\":\"https:\/\/www.pressenza.com\/it\/#\/schema\/person\/d983e81827ae24f2c7b1a2123d197f8d\",\"name\":\"Redazione Italia\",\"description\":\"News from the Pressenza Bureau in Italy\",\"sameAs\":[\"https:\/\/www.pressenza.com\/it\/author\/redazione-italia\/\",\"https:\/\/www.facebook.com\/PressenzaItalia\",\"https:\/\/www.instagram.com\/pressenza_italia\/\",\"https:\/\/x.com\/pressenza_it\",\"https:\/\/www.youtube.com\/channel\/UCSalEIWjE1RSxkwjfftFuqg\"],\"url\":\"https:\/\/www.pressenza.com\/it\/author\/redazione-italia\/\"}]}<\/script>\n<!-- \/ Yoast SEO plugin. -->","yoast_head_json":{"title":"Giornata mondiale dei rifugiati: 116 avvocati e avvocate svizzeri contro il reato di solidariet\u00e0","description":"116 avvocati e avvocate svizzeri hanno aderito alla campagna in favore della modifica dell\u2019art. 116 della legge sugli stranieri e la loro integrazione","robots":{"index":"index","follow":"follow","max-snippet":"max-snippet:-1","max-image-preview":"max-image-preview:large","max-video-preview":"max-video-preview:-1"},"canonical":"https:\/\/www.pressenza.com\/it\/2019\/06\/giornata-mondiale-dei-rifugiati-116-avvocati-e-avvocate-svizzeri-contro-il-reato-di-solidarieta\/","og_locale":"it_IT","og_type":"article","og_title":"Giornata mondiale dei rifugiati: 116 avvocati e avvocate svizzeri contro il reato di solidariet\u00e0","og_description":"116 avvocati e avvocate svizzeri hanno aderito alla campagna in favore della modifica dell\u2019art. 116 della legge sugli stranieri e la loro integrazione","og_url":"https:\/\/www.pressenza.com\/it\/2019\/06\/giornata-mondiale-dei-rifugiati-116-avvocati-e-avvocate-svizzeri-contro-il-reato-di-solidarieta\/","og_site_name":"Pressenza","article_publisher":"https:\/\/www.facebook.com\/PressenzaItalia","article_author":"https:\/\/www.facebook.com\/PressenzaItalia","article_published_time":"2019-06-20T15:20:42+00:00","article_modified_time":"2019-06-21T10:43:58+00:00","og_image":[{"width":600,"height":400,"url":"https:\/\/www.pressenza.com\/wp-content\/uploads\/2015\/11\/stadi-benvenuto-a-rifugiati.jpg","type":"image\/jpeg"}],"author":"Redazione Italia","twitter_card":"summary_large_image","twitter_creator":"@pressenza_it","twitter_site":"@PressenzaIPA","twitter_misc":{"Scritto da":"Redazione Italia","Tempo di lettura stimato":"2 minuti"},"schema":{"@context":"https:\/\/schema.org","@graph":[{"@type":"Article","@id":"https:\/\/www.pressenza.com\/it\/2019\/06\/giornata-mondiale-dei-rifugiati-116-avvocati-e-avvocate-svizzeri-contro-il-reato-di-solidarieta\/#article","isPartOf":{"@id":"https:\/\/www.pressenza.com\/it\/2019\/06\/giornata-mondiale-dei-rifugiati-116-avvocati-e-avvocate-svizzeri-contro-il-reato-di-solidarieta\/"},"author":{"name":"Redazione Italia","@id":"https:\/\/www.pressenza.com\/it\/#\/schema\/person\/d983e81827ae24f2c7b1a2123d197f8d"},"headline":"Giornata mondiale dei rifugiati: 116 avvocati e avvocate svizzeri contro il reato di solidariet\u00e0","datePublished":"2019-06-20T15:20:42+00:00","dateModified":"2019-06-21T10:43:58+00:00","mainEntityOfPage":{"@id":"https:\/\/www.pressenza.com\/it\/2019\/06\/giornata-mondiale-dei-rifugiati-116-avvocati-e-avvocate-svizzeri-contro-il-reato-di-solidarieta\/"},"wordCount":326,"publisher":{"@id":"https:\/\/www.pressenza.com\/it\/#organization"},"image":{"@id":"https:\/\/www.pressenza.com\/it\/2019\/06\/giornata-mondiale-dei-rifugiati-116-avvocati-e-avvocate-svizzeri-contro-il-reato-di-solidarieta\/#primaryimage"},"thumbnailUrl":"https:\/\/www.pressenza.com\/wp-content\/uploads\/2015\/11\/stadi-benvenuto-a-rifugiati.jpg","keywords":["Giornata Mondiale del Rifugiato","rifugiati","solidariet\u00e0","Svizzera"],"articleSection":["Comunicati Stampa","Diritti Umani","Europa"],"inLanguage":"it-IT"},{"@type":"WebPage","@id":"https:\/\/www.pressenza.com\/it\/2019\/06\/giornata-mondiale-dei-rifugiati-116-avvocati-e-avvocate-svizzeri-contro-il-reato-di-solidarieta\/","url":"https:\/\/www.pressenza.com\/it\/2019\/06\/giornata-mondiale-dei-rifugiati-116-avvocati-e-avvocate-svizzeri-contro-il-reato-di-solidarieta\/","name":"Giornata mondiale dei rifugiati: 116 avvocati e avvocate svizzeri contro il reato di solidariet\u00e0","isPartOf":{"@id":"https:\/\/www.pressenza.com\/it\/#website"},"primaryImageOfPage":{"@id":"https:\/\/www.pressenza.com\/it\/2019\/06\/giornata-mondiale-dei-rifugiati-116-avvocati-e-avvocate-svizzeri-contro-il-reato-di-solidarieta\/#primaryimage"},"image":{"@id":"https:\/\/www.pressenza.com\/it\/2019\/06\/giornata-mondiale-dei-rifugiati-116-avvocati-e-avvocate-svizzeri-contro-il-reato-di-solidarieta\/#primaryimage"},"thumbnailUrl":"https:\/\/www.pressenza.com\/wp-content\/uploads\/2015\/11\/stadi-benvenuto-a-rifugiati.jpg","datePublished":"2019-06-20T15:20:42+00:00","dateModified":"2019-06-21T10:43:58+00:00","description":"116 avvocati e avvocate svizzeri hanno aderito alla campagna in favore della modifica dell\u2019art. 116 della legge sugli stranieri e la loro integrazione","breadcrumb":{"@id":"https:\/\/www.pressenza.com\/it\/2019\/06\/giornata-mondiale-dei-rifugiati-116-avvocati-e-avvocate-svizzeri-contro-il-reato-di-solidarieta\/#breadcrumb"},"inLanguage":"it-IT","potentialAction":[{"@type":"ReadAction","target":["https:\/\/www.pressenza.com\/it\/2019\/06\/giornata-mondiale-dei-rifugiati-116-avvocati-e-avvocate-svizzeri-contro-il-reato-di-solidarieta\/"]}]},{"@type":"ImageObject","inLanguage":"it-IT","@id":"https:\/\/www.pressenza.com\/it\/2019\/06\/giornata-mondiale-dei-rifugiati-116-avvocati-e-avvocate-svizzeri-contro-il-reato-di-solidarieta\/#primaryimage","url":"https:\/\/www.pressenza.com\/wp-content\/uploads\/2015\/11\/stadi-benvenuto-a-rifugiati.jpg","contentUrl":"https:\/\/www.pressenza.com\/wp-content\/uploads\/2015\/11\/stadi-benvenuto-a-rifugiati.jpg","width":600,"height":400},{"@type":"BreadcrumbList","@id":"https:\/\/www.pressenza.com\/it\/2019\/06\/giornata-mondiale-dei-rifugiati-116-avvocati-e-avvocate-svizzeri-contro-il-reato-di-solidarieta\/#breadcrumb","itemListElement":[{"@type":"ListItem","position":1,"name":"Accueil","item":"https:\/\/www.pressenza.com\/it\/"},{"@type":"ListItem","position":2,"name":"Giornata mondiale dei rifugiati: 116 avvocati e avvocate svizzeri contro il reato di solidariet\u00e0"}]},{"@type":"WebSite","@id":"https:\/\/www.pressenza.com\/it\/#website","url":"https:\/\/www.pressenza.com\/it\/","name":"Pressenza","description":"Agenzia di Stampa Internazionale","publisher":{"@id":"https:\/\/www.pressenza.com\/it\/#organization"},"potentialAction":[{"@type":"SearchAction","target":{"@type":"EntryPoint","urlTemplate":"https:\/\/www.pressenza.com\/it\/?s={search_term_string}"},"query-input":{"@type":"PropertyValueSpecification","valueRequired":true,"valueName":"search_term_string"}}],"inLanguage":"it-IT"},{"@type":"Organization","@id":"https:\/\/www.pressenza.com\/it\/#organization","name":"Pressenza","url":"https:\/\/www.pressenza.com\/it\/","logo":{"@type":"ImageObject","inLanguage":"it-IT","@id":"https:\/\/www.pressenza.com\/it\/#\/schema\/logo\/image\/","url":"https:\/\/www.pressenza.com\/wp-content\/uploads\/2022\/10\/pressenza_logo_200x200.jpg","contentUrl":"https:\/\/www.pressenza.com\/wp-content\/uploads\/2022\/10\/pressenza_logo_200x200.jpg","width":200,"height":200,"caption":"Pressenza"},"image":{"@id":"https:\/\/www.pressenza.com\/it\/#\/schema\/logo\/image\/"},"sameAs":["https:\/\/www.facebook.com\/PressenzaItalia","https:\/\/x.com\/PressenzaIPA"]},{"@type":"Person","@id":"https:\/\/www.pressenza.com\/it\/#\/schema\/person\/d983e81827ae24f2c7b1a2123d197f8d","name":"Redazione Italia","description":"News from the Pressenza Bureau in Italy","sameAs":["https:\/\/www.pressenza.com\/it\/author\/redazione-italia\/","https:\/\/www.facebook.com\/PressenzaItalia","https:\/\/www.instagram.com\/pressenza_italia\/","https:\/\/x.com\/pressenza_it","https:\/\/www.youtube.com\/channel\/UCSalEIWjE1RSxkwjfftFuqg"],"url":"https:\/\/www.pressenza.com\/it\/author\/redazione-italia\/"}]}},"place":"","original_article_url":"","_links":{"self":[{"href":"https:\/\/www.pressenza.com\/it\/wp-json\/wp\/v2\/posts\/873784","targetHints":{"allow":["GET"]}}],"collection":[{"href":"https:\/\/www.pressenza.com\/it\/wp-json\/wp\/v2\/posts"}],"about":[{"href":"https:\/\/www.pressenza.com\/it\/wp-json\/wp\/v2\/types\/post"}],"author":[{"embeddable":true,"href":"https:\/\/www.pressenza.com\/it\/wp-json\/wp\/v2\/users\/594"}],"replies":[{"embeddable":true,"href":"https:\/\/www.pressenza.com\/it\/wp-json\/wp\/v2\/comments?post=873784"}],"version-history":[{"count":0,"href":"https:\/\/www.pressenza.com\/it\/wp-json\/wp\/v2\/posts\/873784\/revisions"}],"wp:featuredmedia":[{"embeddable":true,"href":"https:\/\/www.pressenza.com\/it\/wp-json\/wp\/v2\/media\/250833"}],"wp:attachment":[{"href":"https:\/\/www.pressenza.com\/it\/wp-json\/wp\/v2\/media?parent=873784"}],"wp:term":[{"taxonomy":"category","embeddable":true,"href":"https:\/\/www.pressenza.com\/it\/wp-json\/wp\/v2\/categories?post=873784"},{"taxonomy":"post_tag","embeddable":true,"href":"https:\/\/www.pressenza.com\/it\/wp-json\/wp\/v2\/tags?post=873784"}],"curies":[{"name":"wp","href":"https:\/\/api.w.org\/{rel}","templated":true}]}}