{"id":873179,"date":"2019-06-19T17:47:35","date_gmt":"2019-06-19T16:47:35","guid":{"rendered":"https:\/\/www.pressenza.com\/?p=873179"},"modified":"2019-06-19T17:49:43","modified_gmt":"2019-06-19T16:49:43","slug":"da-buenos-aires-a-maputo-viaggio-nel-sistema-debito","status":"publish","type":"post","link":"https:\/\/www.pressenza.com\/it\/2019\/06\/da-buenos-aires-a-maputo-viaggio-nel-sistema-debito\/","title":{"rendered":"Da Buenos Aires a Maputo, viaggio nel &#8216;sistema debito&#8217;"},"content":{"rendered":"<p>&#8220;La nuova crisi internazionale del debito \u00e8 gi\u00e0 iniziata: per ora non ha caratteri spettacolari come quella del 1982 ma ne vedremo, nei prossimi anni, nuovi sviluppi&#8221;. A parlare \u00e8 lo storico e politologo Eric Toussaint,<br \/>\nportavoce del &#8216;Comitato per l&#8217;abolizione dei debiti illegittimi&#8217; o &#8216;Cadtm&#8217;, fondato in Belgio alla fine degli anni novanta e ora attivo in diversi Paesi del mondo tra Europa Africa, Asia e America Latina.<\/p>\n<p>Ieri, a Roma, lo studioso \u00e8 stato ospite dell&#8217;Agenzia Dire per l&#8217;incontro &#8220;Sistema InDebito&#8221;, in cui ha tracciato, insieme ad altri relatori, un ampio affresco sulla storia e le prospettive internazionali del debito sovrano.<\/p>\n<p>\u00c8 in Argentina, secondo Toussaint, che la nuova crisi mondiale si \u00e8 gi\u00e0 innescata: &#8220;L&#8217;anno scorso, il Paese ha dovuto indebitarsi con il Fondo monetario internazionale per 57 miliardi di dollari, ovvero il principale credito concesso dall&#8217;Fmi fin dalla sua nascita&#8221;.<\/p>\n<p>&#8220;Se guardiamo all&#8217;Africa- prosegue lo studioso- il Mozambico \u00e8 un caso di crisi terribile ed emblematica del debito, con un popolo che soffre, ma tanti altri Paesi e popoli d&#8217;Africa subsahariana sono minacciati direttamente da questa nuova crisi&#8221;.<\/p>\n<p>Sull&#8217;Africa \u00e8 intervenuto ieri anche padre Janvier Yameogo, sacerdote burkinabe&#8217;, ricordando il &#8216;suo&#8217; presidente Thomas Sankara, assassinato nel 1987 &#8220;con la convergenza di tutte le forze, sia interne che esterne al Paese, che non avevano voglia di lasciargli denunciare l&#8217;ingiustizia e il carattere odioso del debito per i Paesi poveri&#8221;.<\/p>\n<p>Sostegno alla conferenza \u00e8 arrivato anche da Peter Turkson, prefetto del dicastero Vaticano per lo Sviluppo umano integrale, che in una lettera ha incoraggiato chi mantiene alta &#8220;l&#8217;attenzione pubblica sulle problematiche legate all&#8217;indebitamento degli Stati&#8221;. In prima linea, tra questi, c&#8217;\u00e8 il missionario comboniano Alex Zanotelli: &#8220;Non definiamo il debito il sistema, chiamiamolo invece &#8216;o&#8217; sistema, come a Napoli<br \/>\nchiamiamo la camorra- ha detto il sacerdote- tra i due vedo poche diversit\u00e0&#8221;. Il riferimento \u00e8 al titolo del libro di Toussaint &#8216;Il Sistema &#8211; Storia del debito sovrano e del suo ripudio&#8217; (Bordeaux 2019).<\/p>\n<p>&#8220;L&#8217;anno scorso nel mondo sono stati spesi 1.800 miliardi di dollari in armi, pari a quasi a 5 miliardi di dollari al giorno, per permettere a quell&#8217;1 per cento di popolazione che controlla le risorse mondiali di andare avanti &#8211; ha aggiunto Zanotelli, citando dati del Sipri di Stoccolma &#8211; armi finanziate attraverso il debito&#8221;.<\/p>\n<p>Un capitolo a parte \u00e8 stato aperto sulla situazione dell&#8217;Italia, che per l&#8217;indebitamento eccessivo <a class=\"matchTooltip\">oggi<\/a> rischia una multa miliardaria da parte della Commissione Europea: &#8220;Coloro che si presentano come &#8216;nuovi&#8217; promettendo meno tasse per rimettere in moto i consumi, stanno in realt\u00e0 conducendo il Paese in<br \/>\ndirezione opposta&#8221; ha affermato Vittorio Lovera, presidente del Cadtm Italia: &#8220;Dal 1974 a <a class=\"matchTooltip\">oggi<\/a> il mancato introito causato dalla riduzione delle aliquote ammonta a 146 miliardi, che lo Stato recupera chiedendo nuovi prestiti alle banche&#8221;.<\/p>\n<p>&nbsp;<\/p>\n","protected":false},"excerpt":{"rendered":"<p>&#8220;La nuova crisi internazionale del debito \u00e8 gi\u00e0 iniziata: per ora non ha caratteri spettacolari come quella del 1982 ma ne vedremo, nei prossimi anni, nuovi sviluppi&#8221;. A parlare \u00e8 lo storico e politologo Eric Toussaint, portavoce del &#8216;Comitato per&hellip;<\/p>\n","protected":false},"author":1478,"featured_media":873195,"comment_status":"closed","ping_status":"closed","sticky":false,"template":"","format":"standard","meta":{"footnotes":""},"categories":[62,47,162],"tags":[59956,1661,891,786],"class_list":["post-873179","post","type-post","status-publish","format-standard","has-post-thumbnail","hentry","category-economia","category-europa","category-opinioni","tag-cadtm-it","tag-crisi","tag-debito","tag-economia-it"],"yoast_head":"<!-- This site is optimized with the Yoast SEO plugin v27.1.1 - https:\/\/yoast.com\/product\/yoast-seo-wordpress\/ -->\n<title>Da Buenos Aires a Maputo, viaggio nel &#039;sistema debito&#039;<\/title>\n<meta name=\"description\" content=\"&quot;La nuova crisi internazionale del debito \u00e8 gi\u00e0 iniziata: per ora non ha caratteri spettacolari come quella del 1982 ma ne vedremo, nei prossimi anni, nuovi sviluppi&quot;. A parlare \u00e8 lo storico e politologo Eric Toussaint,portavoce del &#039;Comitato per l&#039;abolizione dei debiti illegittimi&#039; o &#039;Cadtm&#039;\" \/>\n<meta name=\"robots\" content=\"index, follow, max-snippet:-1, max-image-preview:large, max-video-preview:-1\" \/>\n<link rel=\"canonical\" href=\"https:\/\/www.pressenza.com\/it\/2019\/06\/da-buenos-aires-a-maputo-viaggio-nel-sistema-debito\/\" \/>\n<meta property=\"og:locale\" content=\"it_IT\" \/>\n<meta property=\"og:type\" content=\"article\" \/>\n<meta property=\"og:title\" content=\"Da Buenos Aires a Maputo, viaggio nel &#039;sistema debito&#039;\" \/>\n<meta property=\"og:description\" content=\"&quot;La nuova crisi internazionale del debito \u00e8 gi\u00e0 iniziata: per ora non ha caratteri spettacolari come quella del 1982 ma ne vedremo, nei prossimi anni, nuovi sviluppi&quot;. A parlare \u00e8 lo storico e politologo Eric Toussaint,portavoce del &#039;Comitato per l&#039;abolizione dei debiti illegittimi&#039; o &#039;Cadtm&#039;\" \/>\n<meta property=\"og:url\" content=\"https:\/\/www.pressenza.com\/it\/2019\/06\/da-buenos-aires-a-maputo-viaggio-nel-sistema-debito\/\" \/>\n<meta property=\"og:site_name\" content=\"Pressenza\" \/>\n<meta property=\"article:publisher\" content=\"https:\/\/www.facebook.com\/PressenzaItalia\" \/>\n<meta property=\"article:published_time\" content=\"2019-06-19T16:47:35+00:00\" \/>\n<meta property=\"article:modified_time\" content=\"2019-06-19T16:49:43+00:00\" \/>\n<meta property=\"og:image\" content=\"https:\/\/www.pressenza.com\/wp-content\/uploads\/2019\/06\/Debito.jpg\" \/>\n\t<meta property=\"og:image:width\" content=\"622\" \/>\n\t<meta property=\"og:image:height\" content=\"387\" \/>\n\t<meta property=\"og:image:type\" content=\"image\/jpeg\" \/>\n<meta name=\"author\" content=\"Agenzia DIRE\" \/>\n<meta name=\"twitter:card\" content=\"summary_large_image\" \/>\n<meta name=\"twitter:creator\" content=\"@PressenzaIPA\" \/>\n<meta name=\"twitter:site\" content=\"@PressenzaIPA\" \/>\n<meta name=\"twitter:label1\" content=\"Scritto da\" \/>\n\t<meta name=\"twitter:data1\" content=\"Agenzia DIRE\" \/>\n\t<meta name=\"twitter:label2\" content=\"Tempo di lettura stimato\" \/>\n\t<meta name=\"twitter:data2\" content=\"2 minuti\" \/>\n<script type=\"application\/ld+json\" class=\"yoast-schema-graph\">{\"@context\":\"https:\/\/schema.org\",\"@graph\":[{\"@type\":\"Article\",\"@id\":\"https:\/\/www.pressenza.com\/it\/2019\/06\/da-buenos-aires-a-maputo-viaggio-nel-sistema-debito\/#article\",\"isPartOf\":{\"@id\":\"https:\/\/www.pressenza.com\/it\/2019\/06\/da-buenos-aires-a-maputo-viaggio-nel-sistema-debito\/\"},\"author\":{\"name\":\"Agenzia DIRE\",\"@id\":\"https:\/\/www.pressenza.com\/it\/#\/schema\/person\/bb13dad7d75de3f57ef0c4246101316b\"},\"headline\":\"Da Buenos Aires a Maputo, viaggio nel &#8216;sistema debito&#8217;\",\"datePublished\":\"2019-06-19T16:47:35+00:00\",\"dateModified\":\"2019-06-19T16:49:43+00:00\",\"mainEntityOfPage\":{\"@id\":\"https:\/\/www.pressenza.com\/it\/2019\/06\/da-buenos-aires-a-maputo-viaggio-nel-sistema-debito\/\"},\"wordCount\":468,\"publisher\":{\"@id\":\"https:\/\/www.pressenza.com\/it\/#organization\"},\"image\":{\"@id\":\"https:\/\/www.pressenza.com\/it\/2019\/06\/da-buenos-aires-a-maputo-viaggio-nel-sistema-debito\/#primaryimage\"},\"thumbnailUrl\":\"https:\/\/www.pressenza.com\/wp-content\/uploads\/2019\/06\/Debito.jpg\",\"keywords\":[\"CADTM\",\"crisi\",\"debito\",\"economia\"],\"articleSection\":[\"Economia\",\"Europa\",\"Opinioni\"],\"inLanguage\":\"it-IT\"},{\"@type\":\"WebPage\",\"@id\":\"https:\/\/www.pressenza.com\/it\/2019\/06\/da-buenos-aires-a-maputo-viaggio-nel-sistema-debito\/\",\"url\":\"https:\/\/www.pressenza.com\/it\/2019\/06\/da-buenos-aires-a-maputo-viaggio-nel-sistema-debito\/\",\"name\":\"Da Buenos Aires a Maputo, viaggio nel 'sistema debito'\",\"isPartOf\":{\"@id\":\"https:\/\/www.pressenza.com\/it\/#website\"},\"primaryImageOfPage\":{\"@id\":\"https:\/\/www.pressenza.com\/it\/2019\/06\/da-buenos-aires-a-maputo-viaggio-nel-sistema-debito\/#primaryimage\"},\"image\":{\"@id\":\"https:\/\/www.pressenza.com\/it\/2019\/06\/da-buenos-aires-a-maputo-viaggio-nel-sistema-debito\/#primaryimage\"},\"thumbnailUrl\":\"https:\/\/www.pressenza.com\/wp-content\/uploads\/2019\/06\/Debito.jpg\",\"datePublished\":\"2019-06-19T16:47:35+00:00\",\"dateModified\":\"2019-06-19T16:49:43+00:00\",\"description\":\"\\\"La nuova crisi internazionale del debito \u00e8 gi\u00e0 iniziata: per ora non ha caratteri spettacolari come quella del 1982 ma ne vedremo, nei prossimi anni, nuovi sviluppi\\\". A parlare \u00e8 lo storico e politologo Eric Toussaint,portavoce del 'Comitato per l'abolizione dei debiti illegittimi' o 'Cadtm'\",\"breadcrumb\":{\"@id\":\"https:\/\/www.pressenza.com\/it\/2019\/06\/da-buenos-aires-a-maputo-viaggio-nel-sistema-debito\/#breadcrumb\"},\"inLanguage\":\"it-IT\",\"potentialAction\":[{\"@type\":\"ReadAction\",\"target\":[\"https:\/\/www.pressenza.com\/it\/2019\/06\/da-buenos-aires-a-maputo-viaggio-nel-sistema-debito\/\"]}]},{\"@type\":\"ImageObject\",\"inLanguage\":\"it-IT\",\"@id\":\"https:\/\/www.pressenza.com\/it\/2019\/06\/da-buenos-aires-a-maputo-viaggio-nel-sistema-debito\/#primaryimage\",\"url\":\"https:\/\/www.pressenza.com\/wp-content\/uploads\/2019\/06\/Debito.jpg\",\"contentUrl\":\"https:\/\/www.pressenza.com\/wp-content\/uploads\/2019\/06\/Debito.jpg\",\"width\":622,\"height\":387},{\"@type\":\"BreadcrumbList\",\"@id\":\"https:\/\/www.pressenza.com\/it\/2019\/06\/da-buenos-aires-a-maputo-viaggio-nel-sistema-debito\/#breadcrumb\",\"itemListElement\":[{\"@type\":\"ListItem\",\"position\":1,\"name\":\"Accueil\",\"item\":\"https:\/\/www.pressenza.com\/it\/\"},{\"@type\":\"ListItem\",\"position\":2,\"name\":\"Da Buenos Aires a Maputo, viaggio nel &#8216;sistema debito&#8217;\"}]},{\"@type\":\"WebSite\",\"@id\":\"https:\/\/www.pressenza.com\/it\/#website\",\"url\":\"https:\/\/www.pressenza.com\/it\/\",\"name\":\"Pressenza\",\"description\":\"Agenzia di Stampa Internazionale\",\"publisher\":{\"@id\":\"https:\/\/www.pressenza.com\/it\/#organization\"},\"potentialAction\":[{\"@type\":\"SearchAction\",\"target\":{\"@type\":\"EntryPoint\",\"urlTemplate\":\"https:\/\/www.pressenza.com\/it\/?s={search_term_string}\"},\"query-input\":{\"@type\":\"PropertyValueSpecification\",\"valueRequired\":true,\"valueName\":\"search_term_string\"}}],\"inLanguage\":\"it-IT\"},{\"@type\":\"Organization\",\"@id\":\"https:\/\/www.pressenza.com\/it\/#organization\",\"name\":\"Pressenza\",\"url\":\"https:\/\/www.pressenza.com\/it\/\",\"logo\":{\"@type\":\"ImageObject\",\"inLanguage\":\"it-IT\",\"@id\":\"https:\/\/www.pressenza.com\/it\/#\/schema\/logo\/image\/\",\"url\":\"https:\/\/www.pressenza.com\/wp-content\/uploads\/2022\/10\/pressenza_logo_200x200.jpg\",\"contentUrl\":\"https:\/\/www.pressenza.com\/wp-content\/uploads\/2022\/10\/pressenza_logo_200x200.jpg\",\"width\":200,\"height\":200,\"caption\":\"Pressenza\"},\"image\":{\"@id\":\"https:\/\/www.pressenza.com\/it\/#\/schema\/logo\/image\/\"},\"sameAs\":[\"https:\/\/www.facebook.com\/PressenzaItalia\",\"https:\/\/x.com\/PressenzaIPA\"]},{\"@type\":\"Person\",\"@id\":\"https:\/\/www.pressenza.com\/it\/#\/schema\/person\/bb13dad7d75de3f57ef0c4246101316b\",\"name\":\"Agenzia DIRE\",\"description\":\"La DIRE \u00e8 una delle principali agenzie di stampa nazionali, trasmette sui propri notiziari multimediali tutte le notizie dell'ultimo minuto, approfondimenti, interviste, newsletter tematiche. Specializzata in politiche parlamentari e di governo, oltre che esteri, sanit\u00e0, ambiente, welfare, politiche regionali e locali, giovani. Su Dire.it pubblica, ogni giorno, tutte le principali notizie. E' presente su tutto il territorio nazionale con sei sedi, cinquanta giornalisti e corrispondenti da tutte le regioni.\",\"sameAs\":[\"http:\/\/www.dire.it\/\"],\"url\":\"https:\/\/www.pressenza.com\/it\/author\/agenzia-dire\/\"}]}<\/script>\n<!-- \/ Yoast SEO plugin. -->","yoast_head_json":{"title":"Da Buenos Aires a Maputo, viaggio nel 'sistema debito'","description":"\"La nuova crisi internazionale del debito \u00e8 gi\u00e0 iniziata: per ora non ha caratteri spettacolari come quella del 1982 ma ne vedremo, nei prossimi anni, nuovi sviluppi\". A parlare \u00e8 lo storico e politologo Eric Toussaint,portavoce del 'Comitato per l'abolizione dei debiti illegittimi' o 'Cadtm'","robots":{"index":"index","follow":"follow","max-snippet":"max-snippet:-1","max-image-preview":"max-image-preview:large","max-video-preview":"max-video-preview:-1"},"canonical":"https:\/\/www.pressenza.com\/it\/2019\/06\/da-buenos-aires-a-maputo-viaggio-nel-sistema-debito\/","og_locale":"it_IT","og_type":"article","og_title":"Da Buenos Aires a Maputo, viaggio nel 'sistema debito'","og_description":"\"La nuova crisi internazionale del debito \u00e8 gi\u00e0 iniziata: per ora non ha caratteri spettacolari come quella del 1982 ma ne vedremo, nei prossimi anni, nuovi sviluppi\". A parlare \u00e8 lo storico e politologo Eric Toussaint,portavoce del 'Comitato per l'abolizione dei debiti illegittimi' o 'Cadtm'","og_url":"https:\/\/www.pressenza.com\/it\/2019\/06\/da-buenos-aires-a-maputo-viaggio-nel-sistema-debito\/","og_site_name":"Pressenza","article_publisher":"https:\/\/www.facebook.com\/PressenzaItalia","article_published_time":"2019-06-19T16:47:35+00:00","article_modified_time":"2019-06-19T16:49:43+00:00","og_image":[{"width":622,"height":387,"url":"https:\/\/www.pressenza.com\/wp-content\/uploads\/2019\/06\/Debito.jpg","type":"image\/jpeg"}],"author":"Agenzia DIRE","twitter_card":"summary_large_image","twitter_creator":"@PressenzaIPA","twitter_site":"@PressenzaIPA","twitter_misc":{"Scritto da":"Agenzia DIRE","Tempo di lettura stimato":"2 minuti"},"schema":{"@context":"https:\/\/schema.org","@graph":[{"@type":"Article","@id":"https:\/\/www.pressenza.com\/it\/2019\/06\/da-buenos-aires-a-maputo-viaggio-nel-sistema-debito\/#article","isPartOf":{"@id":"https:\/\/www.pressenza.com\/it\/2019\/06\/da-buenos-aires-a-maputo-viaggio-nel-sistema-debito\/"},"author":{"name":"Agenzia DIRE","@id":"https:\/\/www.pressenza.com\/it\/#\/schema\/person\/bb13dad7d75de3f57ef0c4246101316b"},"headline":"Da Buenos Aires a Maputo, viaggio nel &#8216;sistema debito&#8217;","datePublished":"2019-06-19T16:47:35+00:00","dateModified":"2019-06-19T16:49:43+00:00","mainEntityOfPage":{"@id":"https:\/\/www.pressenza.com\/it\/2019\/06\/da-buenos-aires-a-maputo-viaggio-nel-sistema-debito\/"},"wordCount":468,"publisher":{"@id":"https:\/\/www.pressenza.com\/it\/#organization"},"image":{"@id":"https:\/\/www.pressenza.com\/it\/2019\/06\/da-buenos-aires-a-maputo-viaggio-nel-sistema-debito\/#primaryimage"},"thumbnailUrl":"https:\/\/www.pressenza.com\/wp-content\/uploads\/2019\/06\/Debito.jpg","keywords":["CADTM","crisi","debito","economia"],"articleSection":["Economia","Europa","Opinioni"],"inLanguage":"it-IT"},{"@type":"WebPage","@id":"https:\/\/www.pressenza.com\/it\/2019\/06\/da-buenos-aires-a-maputo-viaggio-nel-sistema-debito\/","url":"https:\/\/www.pressenza.com\/it\/2019\/06\/da-buenos-aires-a-maputo-viaggio-nel-sistema-debito\/","name":"Da Buenos Aires a Maputo, viaggio nel 'sistema debito'","isPartOf":{"@id":"https:\/\/www.pressenza.com\/it\/#website"},"primaryImageOfPage":{"@id":"https:\/\/www.pressenza.com\/it\/2019\/06\/da-buenos-aires-a-maputo-viaggio-nel-sistema-debito\/#primaryimage"},"image":{"@id":"https:\/\/www.pressenza.com\/it\/2019\/06\/da-buenos-aires-a-maputo-viaggio-nel-sistema-debito\/#primaryimage"},"thumbnailUrl":"https:\/\/www.pressenza.com\/wp-content\/uploads\/2019\/06\/Debito.jpg","datePublished":"2019-06-19T16:47:35+00:00","dateModified":"2019-06-19T16:49:43+00:00","description":"\"La nuova crisi internazionale del debito \u00e8 gi\u00e0 iniziata: per ora non ha caratteri spettacolari come quella del 1982 ma ne vedremo, nei prossimi anni, nuovi sviluppi\". A parlare \u00e8 lo storico e politologo Eric Toussaint,portavoce del 'Comitato per l'abolizione dei debiti illegittimi' o 'Cadtm'","breadcrumb":{"@id":"https:\/\/www.pressenza.com\/it\/2019\/06\/da-buenos-aires-a-maputo-viaggio-nel-sistema-debito\/#breadcrumb"},"inLanguage":"it-IT","potentialAction":[{"@type":"ReadAction","target":["https:\/\/www.pressenza.com\/it\/2019\/06\/da-buenos-aires-a-maputo-viaggio-nel-sistema-debito\/"]}]},{"@type":"ImageObject","inLanguage":"it-IT","@id":"https:\/\/www.pressenza.com\/it\/2019\/06\/da-buenos-aires-a-maputo-viaggio-nel-sistema-debito\/#primaryimage","url":"https:\/\/www.pressenza.com\/wp-content\/uploads\/2019\/06\/Debito.jpg","contentUrl":"https:\/\/www.pressenza.com\/wp-content\/uploads\/2019\/06\/Debito.jpg","width":622,"height":387},{"@type":"BreadcrumbList","@id":"https:\/\/www.pressenza.com\/it\/2019\/06\/da-buenos-aires-a-maputo-viaggio-nel-sistema-debito\/#breadcrumb","itemListElement":[{"@type":"ListItem","position":1,"name":"Accueil","item":"https:\/\/www.pressenza.com\/it\/"},{"@type":"ListItem","position":2,"name":"Da Buenos Aires a Maputo, viaggio nel &#8216;sistema debito&#8217;"}]},{"@type":"WebSite","@id":"https:\/\/www.pressenza.com\/it\/#website","url":"https:\/\/www.pressenza.com\/it\/","name":"Pressenza","description":"Agenzia di Stampa Internazionale","publisher":{"@id":"https:\/\/www.pressenza.com\/it\/#organization"},"potentialAction":[{"@type":"SearchAction","target":{"@type":"EntryPoint","urlTemplate":"https:\/\/www.pressenza.com\/it\/?s={search_term_string}"},"query-input":{"@type":"PropertyValueSpecification","valueRequired":true,"valueName":"search_term_string"}}],"inLanguage":"it-IT"},{"@type":"Organization","@id":"https:\/\/www.pressenza.com\/it\/#organization","name":"Pressenza","url":"https:\/\/www.pressenza.com\/it\/","logo":{"@type":"ImageObject","inLanguage":"it-IT","@id":"https:\/\/www.pressenza.com\/it\/#\/schema\/logo\/image\/","url":"https:\/\/www.pressenza.com\/wp-content\/uploads\/2022\/10\/pressenza_logo_200x200.jpg","contentUrl":"https:\/\/www.pressenza.com\/wp-content\/uploads\/2022\/10\/pressenza_logo_200x200.jpg","width":200,"height":200,"caption":"Pressenza"},"image":{"@id":"https:\/\/www.pressenza.com\/it\/#\/schema\/logo\/image\/"},"sameAs":["https:\/\/www.facebook.com\/PressenzaItalia","https:\/\/x.com\/PressenzaIPA"]},{"@type":"Person","@id":"https:\/\/www.pressenza.com\/it\/#\/schema\/person\/bb13dad7d75de3f57ef0c4246101316b","name":"Agenzia DIRE","description":"La DIRE \u00e8 una delle principali agenzie di stampa nazionali, trasmette sui propri notiziari multimediali tutte le notizie dell'ultimo minuto, approfondimenti, interviste, newsletter tematiche. Specializzata in politiche parlamentari e di governo, oltre che esteri, sanit\u00e0, ambiente, welfare, politiche regionali e locali, giovani. Su Dire.it pubblica, ogni giorno, tutte le principali notizie. E' presente su tutto il territorio nazionale con sei sedi, cinquanta giornalisti e corrispondenti da tutte le regioni.","sameAs":["http:\/\/www.dire.it\/"],"url":"https:\/\/www.pressenza.com\/it\/author\/agenzia-dire\/"}]}},"place":"","original_article_url":"","_links":{"self":[{"href":"https:\/\/www.pressenza.com\/it\/wp-json\/wp\/v2\/posts\/873179","targetHints":{"allow":["GET"]}}],"collection":[{"href":"https:\/\/www.pressenza.com\/it\/wp-json\/wp\/v2\/posts"}],"about":[{"href":"https:\/\/www.pressenza.com\/it\/wp-json\/wp\/v2\/types\/post"}],"author":[{"embeddable":true,"href":"https:\/\/www.pressenza.com\/it\/wp-json\/wp\/v2\/users\/1478"}],"replies":[{"embeddable":true,"href":"https:\/\/www.pressenza.com\/it\/wp-json\/wp\/v2\/comments?post=873179"}],"version-history":[{"count":0,"href":"https:\/\/www.pressenza.com\/it\/wp-json\/wp\/v2\/posts\/873179\/revisions"}],"wp:featuredmedia":[{"embeddable":true,"href":"https:\/\/www.pressenza.com\/it\/wp-json\/wp\/v2\/media\/873195"}],"wp:attachment":[{"href":"https:\/\/www.pressenza.com\/it\/wp-json\/wp\/v2\/media?parent=873179"}],"wp:term":[{"taxonomy":"category","embeddable":true,"href":"https:\/\/www.pressenza.com\/it\/wp-json\/wp\/v2\/categories?post=873179"},{"taxonomy":"post_tag","embeddable":true,"href":"https:\/\/www.pressenza.com\/it\/wp-json\/wp\/v2\/tags?post=873179"}],"curies":[{"name":"wp","href":"https:\/\/api.w.org\/{rel}","templated":true}]}}