{"id":872601,"date":"2019-06-18T12:01:59","date_gmt":"2019-06-18T11:01:59","guid":{"rendered":"https:\/\/www.pressenza.com\/?p=872601"},"modified":"2019-06-18T13:14:38","modified_gmt":"2019-06-18T12:14:38","slug":"nuova-nave-cargo-in-arrivo-a-genova-gravissime-le-responsabilita-del-governo-rinnoviamo-il-nostro-appello-ai-portuali","status":"publish","type":"post","link":"https:\/\/www.pressenza.com\/it\/2019\/06\/nuova-nave-cargo-in-arrivo-a-genova-gravissime-le-responsabilita-del-governo-rinnoviamo-il-nostro-appello-ai-portuali\/","title":{"rendered":"Nuova nave-cargo in arrivo a Genova: gravissime le responsabilit\u00e0 del Governo, rinnoviamo il nostro appello ai portuali"},"content":{"rendered":"<p lang=\"it-IT\" align=\"JUSTIFY\">E\u2019 previsto fra due giorni &#8211; la mattina di gioved\u00ec 20 giugno &#8211; l\u2019arrivo nel porto di Genova di un\u2019altra nave-cargo saudita, la Bahri Jazan, con il probabile intento di imbarcare i 4 gruppi elettrogeni della Teknel che, a seguito delle mobilitazioni dei lavoratori portuali, erano stati trasferiti nelle scorse settimane al Centro smistamento merci (Csm) per essere ispezionati. Ancora una volta rinnoviamo il nostro appello al Governo a sospendere immediatamente l\u2019invio di ogni tipo di materiale militare destinato all\u2019Arabia Saudita e contestualmente invitiamo le maestranze del porto di Genova a non prestare il proprio servizio per operazioni di carico di merci e materiali militari o di uso duale destinati ai sauditi.<\/p>\n<p lang=\"it-IT\" align=\"JUSTIFY\">Come noto, grazie alla mobilitazione dei lavoratori portuali e della societ\u00e0 civile, lo scorso 21 maggio la nave cargo saudita Bahri Yanbu \u00e8 salpata dal porto di Genova senza imbarcare il materiale \u201cdual use\u201d, ma con specifiche anche militari, destinato all\u2019Arabia Saudita. Si tratta di 4 gruppi elettrogeni su rimorchio, dotati di palo telescopico del tipo TK 13046 prodotti dall\u2019azienda Teknel di Roma per alimentare centri di comunicazione, comando e controllo per operazioni di natura aerea e terrestre. Questi generatori \u2013 come documenta la Relazione governativa sulle esportazioni di materiali militari (si veda foto allegata) \u2013 fanno parte di un ordinativo di 18 gruppi elettrogeni del valore 7.829.780 di euro la cui esportazione \u00e8 stata autorizzata alla Teknel da parte del competente organo nazionale, l\u2019Autorit\u00e0 nazionale &#8211; UAMA (Unit\u00e0 per le autorizzazioni dei materiali di armamento) che fa capo al Ministero degli Esteri. A seguito di questa autorizzazione tali prodotti sono da ritenersi, a tutti gli effetti, materiali ad uso militare sia per la tipologia di materiale sia per il destinatario e utilizzatore finale: la Guardia Nazionale Saudita, corpo di natura militare, secondo molte fonti dispiegato nel conflitto in Yemen.<\/p>\n<p lang=\"it-IT\" align=\"JUSTIFY\">Non \u00e8 compito, quindi, n\u00e9 delle autorit\u00e0 locali (Prefettura, Questura, Autorit\u00e0 Portuale ecc.), n\u00e9 dell\u2019azienda e nemmeno dei lavoratori portuali o dei loro sindacati stabilire se si tratta o meno di materiali militari: ci\u00f2 \u00e8 gi\u00e0 stato definitivamente stabilito dall\u2019Autorit\u00e0 nazionale UAMA che ne ha autorizzato l\u2019esportazione proprio in tale forma e con le opportune procedure.<\/p>\n<p lang=\"it-IT\" align=\"JUSTIFY\">Dobbiamo purtroppo prendere atto che da parte del Governo italiano non sono ancora giunte decisioni riguardanti il blocco dell&#8217;invio di materiali militari verso i Paesi coinvolti nel conflitto in Yemen, come invece fatto da altri Paesi europei nostri partner. Nessuna decisione formale \u00e8 stata presa nonostante il Presidente del Consiglio Conte abbia dichiarato lo scorso 28 dicembre 2018 davanti alla stampa nazionale e internazionale che \u00abil governo italiano \u00e8 contrario alla vendita di armi all\u2019Arabia Saudita per il ruolo che sta svolgendo nella guerra in Yemen. Adesso si tratta solamente di formalizzare questa posizione e di trarne delle conseguenze\u00bb. Nulla di tutto ci\u00f2 purtroppo \u00e8 ancora avvenuto.<\/p>\n<p align=\"JUSTIFY\"><span lang=\"it-IT\">Anche alla luce di questi ulteriori sviluppi<\/span><span lang=\"it-IT\">\u00a0le nostre organizzazioni rinnovano l\u2019appello:<\/span><\/p>\n<ul>\n<li>\n<p lang=\"it-IT\" align=\"JUSTIFY\">al governo italiano di sospendere l\u2019invio di ogni tipo di materiali d\u2019armamento alla coalizione miliare capeggiata dall\u2019Arabia Saudita e dagli Emirati Arabi Uniti che da pi\u00f9 di quattro anni \u00e8 intervenuta nel conflitto in Yemen utilizzando anche bombe aeree di fabbricazione italiana per effettuare bombardamenti indiscriminati che gli esperti delle Nazioni Unite hanno definito come \u201ccrimini di guerra\u201d. Queste esportazioni sono in totale contrasto con la legge 185\/1990 e col Trattato internazionale sul commercio delle armi (ATT) ratificato dal nostro Paese.<\/p>\n<\/li>\n<li>\n<p lang=\"it-IT\" align=\"JUSTIFY\">al Presidente del Consiglio, Giuseppe Conte, e al Ministro degli Affari Esteri, Enzo Moavero Milanesi, di farsi promotori, presso i paesi dell\u2019Unione europea, di un\u2019istanza di embargo o almeno di sospensione di forniture di armamenti e sistemi militari nei confronti dell\u2019Arabia Saudita e degli Emirati Arabi Uniti cos\u00ec come richiesto da numerose risoluzioni votate ad ampia maggioranza dal Parlamento europeo.<\/p>\n<\/li>\n<li>\n<p lang=\"it-IT\" align=\"JUSTIFY\">al Parlamento italiano chiediamo di esaminare con attenzione le autorizzazione rilasciate dal governo per forniture di armi italiane nelle zone di conflitto, in particolare per quanto riguarda la guerra in corso in Yemen. In questo senso chiediamo che sia finalmente calendarizzato e affrontato il dibattito in Commissione Esteri alla Camera fermo ormai da troppi mesi pur in presenza di alcuni testi di Risoluzione gi\u00e0 formalmente presentati.<\/p>\n<\/li>\n<li>\n<p lang=\"it-IT\" align=\"JUSTIFY\">ai sindacati ed ai lavoratori portuali e aeroportuali chiediamo di mantenere alta l\u2019attenzione su tutti i materiali di tipo militare destinati a Paesi esteri che possono essere utilizzati per commettere gravi violazioni del diritto umanitario e delle convenzioni internazionali sancite dall\u2019Italia. Di rifiutarsi di offrire il proprio lavoro per effettuare trasbordi di questi materiali militari, in particolare di quelli destinati alle forze armate dei Paesi impegnati nel conflitto in Yemen. Chiediamo ai sindacati di predisporre le misure necessarie affinch\u00e9 i lavoratori che non intendono offrire il loro lavoro, siano pienamente tutelati.<\/p>\n<\/li>\n<li>\n<p lang=\"it-IT\" align=\"JUSTIFY\">a tutte le associazioni della societ\u00e0 civile ed ai sindacati chiediamo di manifestare la propria adesione a queste richieste e di coordinarsi con le nostre associazioni che hanno ripetutamente chiesto ai precedenti Governi e all\u2019attuale Governo Conte di sospendere l\u2019invio di sistemi militari all\u2019Arabia Saudita.<\/p>\n<\/li>\n<\/ul>\n<p lang=\"it-IT\" align=\"JUSTIFY\">******<\/p>\n<p lang=\"it-IT\" align=\"JUSTIFY\">Amnesty International Italia, Comitato per la riconversione RWM e il lavoro sostenibile, Movimento dei Focolari Italia, Rete della Pace, Rete Italiana per il Disarmo, Oxfam Italia<\/p>\n","protected":false},"excerpt":{"rendered":"<p>E\u2019 previsto fra due giorni &#8211; la mattina di gioved\u00ec 20 giugno &#8211; l\u2019arrivo nel porto di Genova di un\u2019altra nave-cargo saudita, la Bahri Jazan, con il probabile intento di imbarcare i 4 gruppi elettrogeni della Teknel che, a seguito&hellip;<\/p>\n","protected":false},"author":235,"featured_media":872612,"comment_status":"closed","ping_status":"closed","sticky":false,"template":"","format":"standard","meta":{"footnotes":""},"categories":[150,47,52,1263],"tags":[3338,230,59900,3040,4629],"class_list":["post-872601","post","type-post","status-publish","format-standard","has-post-thumbnail","hentry","category-comunicati-stampa","category-europa","category-medio-oriente","category-pace-disarmo","tag-arabia-saudita","tag-armi","tag-bahri-jazan","tag-genova","tag-yemen"],"yoast_head":"<!-- This site is optimized with the Yoast SEO plugin v27.1.1 - https:\/\/yoast.com\/product\/yoast-seo-wordpress\/ -->\n<title>Nuova nave-cargo in arrivo a Genova: gravissime le responsabilit\u00e0 del Governo, rinnoviamo il nostro appello ai portuali<\/title>\n<meta name=\"description\" content=\"E\u2019 previsto fra due giorni - la mattina di gioved\u00ec 20 giugno - l\u2019arrivo nel porto di Genova di un\u2019altra nave-cargo saudita, la Bahri Jazan, con il\" \/>\n<meta name=\"robots\" content=\"index, follow, max-snippet:-1, max-image-preview:large, max-video-preview:-1\" \/>\n<link rel=\"canonical\" href=\"https:\/\/www.pressenza.com\/it\/2019\/06\/nuova-nave-cargo-in-arrivo-a-genova-gravissime-le-responsabilita-del-governo-rinnoviamo-il-nostro-appello-ai-portuali\/\" \/>\n<meta property=\"og:locale\" content=\"it_IT\" \/>\n<meta property=\"og:type\" content=\"article\" \/>\n<meta property=\"og:title\" content=\"Nuova nave-cargo in arrivo a Genova: gravissime le responsabilit\u00e0 del Governo, rinnoviamo il nostro appello ai portuali\" \/>\n<meta property=\"og:description\" content=\"E\u2019 previsto fra due giorni - la mattina di gioved\u00ec 20 giugno - l\u2019arrivo nel porto di Genova di un\u2019altra nave-cargo saudita, la Bahri Jazan, con il\" \/>\n<meta property=\"og:url\" content=\"https:\/\/www.pressenza.com\/it\/2019\/06\/nuova-nave-cargo-in-arrivo-a-genova-gravissime-le-responsabilita-del-governo-rinnoviamo-il-nostro-appello-ai-portuali\/\" \/>\n<meta property=\"og:site_name\" content=\"Pressenza\" \/>\n<meta property=\"article:publisher\" content=\"https:\/\/www.facebook.com\/PressenzaItalia\" \/>\n<meta property=\"article:author\" content=\"https:\/\/www.facebook.com\/retedisarmo\/\" \/>\n<meta property=\"article:published_time\" content=\"2019-06-18T11:01:59+00:00\" \/>\n<meta property=\"article:modified_time\" content=\"2019-06-18T12:14:38+00:00\" \/>\n<meta property=\"og:image\" content=\"https:\/\/www.pressenza.com\/wp-content\/uploads\/2019\/06\/BAHRI_JAZAN.jpg\" \/>\n\t<meta property=\"og:image:width\" content=\"800\" \/>\n\t<meta property=\"og:image:height\" content=\"533\" \/>\n\t<meta property=\"og:image:type\" content=\"image\/jpeg\" \/>\n<meta name=\"author\" content=\"Rete Italiana per il Disarmo\" \/>\n<meta name=\"twitter:card\" content=\"summary_large_image\" \/>\n<meta name=\"twitter:creator\" content=\"@PressenzaIPA\" \/>\n<meta name=\"twitter:site\" content=\"@PressenzaIPA\" \/>\n<meta name=\"twitter:label1\" content=\"Scritto da\" \/>\n\t<meta name=\"twitter:data1\" content=\"Rete Italiana per il Disarmo\" \/>\n\t<meta name=\"twitter:label2\" content=\"Tempo di lettura stimato\" \/>\n\t<meta name=\"twitter:data2\" content=\"4 minuti\" \/>\n<script type=\"application\/ld+json\" class=\"yoast-schema-graph\">{\"@context\":\"https:\/\/schema.org\",\"@graph\":[{\"@type\":\"Article\",\"@id\":\"https:\/\/www.pressenza.com\/it\/2019\/06\/nuova-nave-cargo-in-arrivo-a-genova-gravissime-le-responsabilita-del-governo-rinnoviamo-il-nostro-appello-ai-portuali\/#article\",\"isPartOf\":{\"@id\":\"https:\/\/www.pressenza.com\/it\/2019\/06\/nuova-nave-cargo-in-arrivo-a-genova-gravissime-le-responsabilita-del-governo-rinnoviamo-il-nostro-appello-ai-portuali\/\"},\"author\":{\"name\":\"Rete Italiana per il Disarmo\",\"@id\":\"https:\/\/www.pressenza.com\/it\/#\/schema\/person\/68db3ba40086f89be9c210065b21fb6e\"},\"headline\":\"Nuova nave-cargo in arrivo a Genova: gravissime le responsabilit\u00e0 del Governo, rinnoviamo il nostro appello ai portuali\",\"datePublished\":\"2019-06-18T11:01:59+00:00\",\"dateModified\":\"2019-06-18T12:14:38+00:00\",\"mainEntityOfPage\":{\"@id\":\"https:\/\/www.pressenza.com\/it\/2019\/06\/nuova-nave-cargo-in-arrivo-a-genova-gravissime-le-responsabilita-del-governo-rinnoviamo-il-nostro-appello-ai-portuali\/\"},\"wordCount\":867,\"publisher\":{\"@id\":\"https:\/\/www.pressenza.com\/it\/#organization\"},\"image\":{\"@id\":\"https:\/\/www.pressenza.com\/it\/2019\/06\/nuova-nave-cargo-in-arrivo-a-genova-gravissime-le-responsabilita-del-governo-rinnoviamo-il-nostro-appello-ai-portuali\/#primaryimage\"},\"thumbnailUrl\":\"https:\/\/www.pressenza.com\/wp-content\/uploads\/2019\/06\/BAHRI_JAZAN.jpg\",\"keywords\":[\"Arabia Saudita\",\"armi\",\"Bahri Jazan\",\"Genova\",\"Yemen\"],\"articleSection\":[\"Comunicati Stampa\",\"Europa\",\"Medio Oriente\",\"Pace e Disarmo\"],\"inLanguage\":\"it-IT\"},{\"@type\":\"WebPage\",\"@id\":\"https:\/\/www.pressenza.com\/it\/2019\/06\/nuova-nave-cargo-in-arrivo-a-genova-gravissime-le-responsabilita-del-governo-rinnoviamo-il-nostro-appello-ai-portuali\/\",\"url\":\"https:\/\/www.pressenza.com\/it\/2019\/06\/nuova-nave-cargo-in-arrivo-a-genova-gravissime-le-responsabilita-del-governo-rinnoviamo-il-nostro-appello-ai-portuali\/\",\"name\":\"Nuova nave-cargo in arrivo a Genova: gravissime le responsabilit\u00e0 del Governo, rinnoviamo il nostro appello ai portuali\",\"isPartOf\":{\"@id\":\"https:\/\/www.pressenza.com\/it\/#website\"},\"primaryImageOfPage\":{\"@id\":\"https:\/\/www.pressenza.com\/it\/2019\/06\/nuova-nave-cargo-in-arrivo-a-genova-gravissime-le-responsabilita-del-governo-rinnoviamo-il-nostro-appello-ai-portuali\/#primaryimage\"},\"image\":{\"@id\":\"https:\/\/www.pressenza.com\/it\/2019\/06\/nuova-nave-cargo-in-arrivo-a-genova-gravissime-le-responsabilita-del-governo-rinnoviamo-il-nostro-appello-ai-portuali\/#primaryimage\"},\"thumbnailUrl\":\"https:\/\/www.pressenza.com\/wp-content\/uploads\/2019\/06\/BAHRI_JAZAN.jpg\",\"datePublished\":\"2019-06-18T11:01:59+00:00\",\"dateModified\":\"2019-06-18T12:14:38+00:00\",\"description\":\"E\u2019 previsto fra due giorni - la mattina di gioved\u00ec 20 giugno - l\u2019arrivo nel porto di Genova di un\u2019altra nave-cargo saudita, la Bahri Jazan, con il\",\"breadcrumb\":{\"@id\":\"https:\/\/www.pressenza.com\/it\/2019\/06\/nuova-nave-cargo-in-arrivo-a-genova-gravissime-le-responsabilita-del-governo-rinnoviamo-il-nostro-appello-ai-portuali\/#breadcrumb\"},\"inLanguage\":\"it-IT\",\"potentialAction\":[{\"@type\":\"ReadAction\",\"target\":[\"https:\/\/www.pressenza.com\/it\/2019\/06\/nuova-nave-cargo-in-arrivo-a-genova-gravissime-le-responsabilita-del-governo-rinnoviamo-il-nostro-appello-ai-portuali\/\"]}]},{\"@type\":\"ImageObject\",\"inLanguage\":\"it-IT\",\"@id\":\"https:\/\/www.pressenza.com\/it\/2019\/06\/nuova-nave-cargo-in-arrivo-a-genova-gravissime-le-responsabilita-del-governo-rinnoviamo-il-nostro-appello-ai-portuali\/#primaryimage\",\"url\":\"https:\/\/www.pressenza.com\/wp-content\/uploads\/2019\/06\/BAHRI_JAZAN.jpg\",\"contentUrl\":\"https:\/\/www.pressenza.com\/wp-content\/uploads\/2019\/06\/BAHRI_JAZAN.jpg\",\"width\":800,\"height\":533},{\"@type\":\"BreadcrumbList\",\"@id\":\"https:\/\/www.pressenza.com\/it\/2019\/06\/nuova-nave-cargo-in-arrivo-a-genova-gravissime-le-responsabilita-del-governo-rinnoviamo-il-nostro-appello-ai-portuali\/#breadcrumb\",\"itemListElement\":[{\"@type\":\"ListItem\",\"position\":1,\"name\":\"Accueil\",\"item\":\"https:\/\/www.pressenza.com\/it\/\"},{\"@type\":\"ListItem\",\"position\":2,\"name\":\"Nuova nave-cargo in arrivo a Genova: gravissime le responsabilit\u00e0 del Governo, rinnoviamo il nostro appello ai portuali\"}]},{\"@type\":\"WebSite\",\"@id\":\"https:\/\/www.pressenza.com\/it\/#website\",\"url\":\"https:\/\/www.pressenza.com\/it\/\",\"name\":\"Pressenza\",\"description\":\"Agenzia di Stampa Internazionale\",\"publisher\":{\"@id\":\"https:\/\/www.pressenza.com\/it\/#organization\"},\"potentialAction\":[{\"@type\":\"SearchAction\",\"target\":{\"@type\":\"EntryPoint\",\"urlTemplate\":\"https:\/\/www.pressenza.com\/it\/?s={search_term_string}\"},\"query-input\":{\"@type\":\"PropertyValueSpecification\",\"valueRequired\":true,\"valueName\":\"search_term_string\"}}],\"inLanguage\":\"it-IT\"},{\"@type\":\"Organization\",\"@id\":\"https:\/\/www.pressenza.com\/it\/#organization\",\"name\":\"Pressenza\",\"url\":\"https:\/\/www.pressenza.com\/it\/\",\"logo\":{\"@type\":\"ImageObject\",\"inLanguage\":\"it-IT\",\"@id\":\"https:\/\/www.pressenza.com\/it\/#\/schema\/logo\/image\/\",\"url\":\"https:\/\/www.pressenza.com\/wp-content\/uploads\/2022\/10\/pressenza_logo_200x200.jpg\",\"contentUrl\":\"https:\/\/www.pressenza.com\/wp-content\/uploads\/2022\/10\/pressenza_logo_200x200.jpg\",\"width\":200,\"height\":200,\"caption\":\"Pressenza\"},\"image\":{\"@id\":\"https:\/\/www.pressenza.com\/it\/#\/schema\/logo\/image\/\"},\"sameAs\":[\"https:\/\/www.facebook.com\/PressenzaItalia\",\"https:\/\/x.com\/PressenzaIPA\"]},{\"@type\":\"Person\",\"@id\":\"https:\/\/www.pressenza.com\/it\/#\/schema\/person\/68db3ba40086f89be9c210065b21fb6e\",\"name\":\"Rete Italiana per il Disarmo\",\"description\":\"www.disarmo.org\",\"sameAs\":[\"http:\/\/www.disarmo.org\/\",\"https:\/\/www.facebook.com\/retedisarmo\/\"],\"url\":\"https:\/\/www.pressenza.com\/it\/author\/rete-disarmo\/\"}]}<\/script>\n<!-- \/ Yoast SEO plugin. -->","yoast_head_json":{"title":"Nuova nave-cargo in arrivo a Genova: gravissime le responsabilit\u00e0 del Governo, rinnoviamo il nostro appello ai portuali","description":"E\u2019 previsto fra due giorni - la mattina di gioved\u00ec 20 giugno - l\u2019arrivo nel porto di Genova di un\u2019altra nave-cargo saudita, la Bahri Jazan, con il","robots":{"index":"index","follow":"follow","max-snippet":"max-snippet:-1","max-image-preview":"max-image-preview:large","max-video-preview":"max-video-preview:-1"},"canonical":"https:\/\/www.pressenza.com\/it\/2019\/06\/nuova-nave-cargo-in-arrivo-a-genova-gravissime-le-responsabilita-del-governo-rinnoviamo-il-nostro-appello-ai-portuali\/","og_locale":"it_IT","og_type":"article","og_title":"Nuova nave-cargo in arrivo a Genova: gravissime le responsabilit\u00e0 del Governo, rinnoviamo il nostro appello ai portuali","og_description":"E\u2019 previsto fra due giorni - la mattina di gioved\u00ec 20 giugno - l\u2019arrivo nel porto di Genova di un\u2019altra nave-cargo saudita, la Bahri Jazan, con il","og_url":"https:\/\/www.pressenza.com\/it\/2019\/06\/nuova-nave-cargo-in-arrivo-a-genova-gravissime-le-responsabilita-del-governo-rinnoviamo-il-nostro-appello-ai-portuali\/","og_site_name":"Pressenza","article_publisher":"https:\/\/www.facebook.com\/PressenzaItalia","article_author":"https:\/\/www.facebook.com\/retedisarmo\/","article_published_time":"2019-06-18T11:01:59+00:00","article_modified_time":"2019-06-18T12:14:38+00:00","og_image":[{"width":800,"height":533,"url":"https:\/\/www.pressenza.com\/wp-content\/uploads\/2019\/06\/BAHRI_JAZAN.jpg","type":"image\/jpeg"}],"author":"Rete Italiana per il Disarmo","twitter_card":"summary_large_image","twitter_creator":"@PressenzaIPA","twitter_site":"@PressenzaIPA","twitter_misc":{"Scritto da":"Rete Italiana per il Disarmo","Tempo di lettura stimato":"4 minuti"},"schema":{"@context":"https:\/\/schema.org","@graph":[{"@type":"Article","@id":"https:\/\/www.pressenza.com\/it\/2019\/06\/nuova-nave-cargo-in-arrivo-a-genova-gravissime-le-responsabilita-del-governo-rinnoviamo-il-nostro-appello-ai-portuali\/#article","isPartOf":{"@id":"https:\/\/www.pressenza.com\/it\/2019\/06\/nuova-nave-cargo-in-arrivo-a-genova-gravissime-le-responsabilita-del-governo-rinnoviamo-il-nostro-appello-ai-portuali\/"},"author":{"name":"Rete Italiana per il Disarmo","@id":"https:\/\/www.pressenza.com\/it\/#\/schema\/person\/68db3ba40086f89be9c210065b21fb6e"},"headline":"Nuova nave-cargo in arrivo a Genova: gravissime le responsabilit\u00e0 del Governo, rinnoviamo il nostro appello ai portuali","datePublished":"2019-06-18T11:01:59+00:00","dateModified":"2019-06-18T12:14:38+00:00","mainEntityOfPage":{"@id":"https:\/\/www.pressenza.com\/it\/2019\/06\/nuova-nave-cargo-in-arrivo-a-genova-gravissime-le-responsabilita-del-governo-rinnoviamo-il-nostro-appello-ai-portuali\/"},"wordCount":867,"publisher":{"@id":"https:\/\/www.pressenza.com\/it\/#organization"},"image":{"@id":"https:\/\/www.pressenza.com\/it\/2019\/06\/nuova-nave-cargo-in-arrivo-a-genova-gravissime-le-responsabilita-del-governo-rinnoviamo-il-nostro-appello-ai-portuali\/#primaryimage"},"thumbnailUrl":"https:\/\/www.pressenza.com\/wp-content\/uploads\/2019\/06\/BAHRI_JAZAN.jpg","keywords":["Arabia Saudita","armi","Bahri Jazan","Genova","Yemen"],"articleSection":["Comunicati Stampa","Europa","Medio Oriente","Pace e Disarmo"],"inLanguage":"it-IT"},{"@type":"WebPage","@id":"https:\/\/www.pressenza.com\/it\/2019\/06\/nuova-nave-cargo-in-arrivo-a-genova-gravissime-le-responsabilita-del-governo-rinnoviamo-il-nostro-appello-ai-portuali\/","url":"https:\/\/www.pressenza.com\/it\/2019\/06\/nuova-nave-cargo-in-arrivo-a-genova-gravissime-le-responsabilita-del-governo-rinnoviamo-il-nostro-appello-ai-portuali\/","name":"Nuova nave-cargo in arrivo a Genova: gravissime le responsabilit\u00e0 del Governo, rinnoviamo il nostro appello ai portuali","isPartOf":{"@id":"https:\/\/www.pressenza.com\/it\/#website"},"primaryImageOfPage":{"@id":"https:\/\/www.pressenza.com\/it\/2019\/06\/nuova-nave-cargo-in-arrivo-a-genova-gravissime-le-responsabilita-del-governo-rinnoviamo-il-nostro-appello-ai-portuali\/#primaryimage"},"image":{"@id":"https:\/\/www.pressenza.com\/it\/2019\/06\/nuova-nave-cargo-in-arrivo-a-genova-gravissime-le-responsabilita-del-governo-rinnoviamo-il-nostro-appello-ai-portuali\/#primaryimage"},"thumbnailUrl":"https:\/\/www.pressenza.com\/wp-content\/uploads\/2019\/06\/BAHRI_JAZAN.jpg","datePublished":"2019-06-18T11:01:59+00:00","dateModified":"2019-06-18T12:14:38+00:00","description":"E\u2019 previsto fra due giorni - la mattina di gioved\u00ec 20 giugno - l\u2019arrivo nel porto di Genova di un\u2019altra nave-cargo saudita, la Bahri Jazan, con il","breadcrumb":{"@id":"https:\/\/www.pressenza.com\/it\/2019\/06\/nuova-nave-cargo-in-arrivo-a-genova-gravissime-le-responsabilita-del-governo-rinnoviamo-il-nostro-appello-ai-portuali\/#breadcrumb"},"inLanguage":"it-IT","potentialAction":[{"@type":"ReadAction","target":["https:\/\/www.pressenza.com\/it\/2019\/06\/nuova-nave-cargo-in-arrivo-a-genova-gravissime-le-responsabilita-del-governo-rinnoviamo-il-nostro-appello-ai-portuali\/"]}]},{"@type":"ImageObject","inLanguage":"it-IT","@id":"https:\/\/www.pressenza.com\/it\/2019\/06\/nuova-nave-cargo-in-arrivo-a-genova-gravissime-le-responsabilita-del-governo-rinnoviamo-il-nostro-appello-ai-portuali\/#primaryimage","url":"https:\/\/www.pressenza.com\/wp-content\/uploads\/2019\/06\/BAHRI_JAZAN.jpg","contentUrl":"https:\/\/www.pressenza.com\/wp-content\/uploads\/2019\/06\/BAHRI_JAZAN.jpg","width":800,"height":533},{"@type":"BreadcrumbList","@id":"https:\/\/www.pressenza.com\/it\/2019\/06\/nuova-nave-cargo-in-arrivo-a-genova-gravissime-le-responsabilita-del-governo-rinnoviamo-il-nostro-appello-ai-portuali\/#breadcrumb","itemListElement":[{"@type":"ListItem","position":1,"name":"Accueil","item":"https:\/\/www.pressenza.com\/it\/"},{"@type":"ListItem","position":2,"name":"Nuova nave-cargo in arrivo a Genova: gravissime le responsabilit\u00e0 del Governo, rinnoviamo il nostro appello ai portuali"}]},{"@type":"WebSite","@id":"https:\/\/www.pressenza.com\/it\/#website","url":"https:\/\/www.pressenza.com\/it\/","name":"Pressenza","description":"Agenzia di Stampa Internazionale","publisher":{"@id":"https:\/\/www.pressenza.com\/it\/#organization"},"potentialAction":[{"@type":"SearchAction","target":{"@type":"EntryPoint","urlTemplate":"https:\/\/www.pressenza.com\/it\/?s={search_term_string}"},"query-input":{"@type":"PropertyValueSpecification","valueRequired":true,"valueName":"search_term_string"}}],"inLanguage":"it-IT"},{"@type":"Organization","@id":"https:\/\/www.pressenza.com\/it\/#organization","name":"Pressenza","url":"https:\/\/www.pressenza.com\/it\/","logo":{"@type":"ImageObject","inLanguage":"it-IT","@id":"https:\/\/www.pressenza.com\/it\/#\/schema\/logo\/image\/","url":"https:\/\/www.pressenza.com\/wp-content\/uploads\/2022\/10\/pressenza_logo_200x200.jpg","contentUrl":"https:\/\/www.pressenza.com\/wp-content\/uploads\/2022\/10\/pressenza_logo_200x200.jpg","width":200,"height":200,"caption":"Pressenza"},"image":{"@id":"https:\/\/www.pressenza.com\/it\/#\/schema\/logo\/image\/"},"sameAs":["https:\/\/www.facebook.com\/PressenzaItalia","https:\/\/x.com\/PressenzaIPA"]},{"@type":"Person","@id":"https:\/\/www.pressenza.com\/it\/#\/schema\/person\/68db3ba40086f89be9c210065b21fb6e","name":"Rete Italiana per il Disarmo","description":"www.disarmo.org","sameAs":["http:\/\/www.disarmo.org\/","https:\/\/www.facebook.com\/retedisarmo\/"],"url":"https:\/\/www.pressenza.com\/it\/author\/rete-disarmo\/"}]}},"place":"","original_article_url":"","_links":{"self":[{"href":"https:\/\/www.pressenza.com\/it\/wp-json\/wp\/v2\/posts\/872601","targetHints":{"allow":["GET"]}}],"collection":[{"href":"https:\/\/www.pressenza.com\/it\/wp-json\/wp\/v2\/posts"}],"about":[{"href":"https:\/\/www.pressenza.com\/it\/wp-json\/wp\/v2\/types\/post"}],"author":[{"embeddable":true,"href":"https:\/\/www.pressenza.com\/it\/wp-json\/wp\/v2\/users\/235"}],"replies":[{"embeddable":true,"href":"https:\/\/www.pressenza.com\/it\/wp-json\/wp\/v2\/comments?post=872601"}],"version-history":[{"count":0,"href":"https:\/\/www.pressenza.com\/it\/wp-json\/wp\/v2\/posts\/872601\/revisions"}],"wp:featuredmedia":[{"embeddable":true,"href":"https:\/\/www.pressenza.com\/it\/wp-json\/wp\/v2\/media\/872612"}],"wp:attachment":[{"href":"https:\/\/www.pressenza.com\/it\/wp-json\/wp\/v2\/media?parent=872601"}],"wp:term":[{"taxonomy":"category","embeddable":true,"href":"https:\/\/www.pressenza.com\/it\/wp-json\/wp\/v2\/categories?post=872601"},{"taxonomy":"post_tag","embeddable":true,"href":"https:\/\/www.pressenza.com\/it\/wp-json\/wp\/v2\/tags?post=872601"}],"curies":[{"name":"wp","href":"https:\/\/api.w.org\/{rel}","templated":true}]}}