{"id":871926,"date":"2019-06-16T10:49:30","date_gmt":"2019-06-16T09:49:30","guid":{"rendered":"https:\/\/www.pressenza.com\/?p=871926"},"modified":"2019-06-16T10:49:30","modified_gmt":"2019-06-16T09:49:30","slug":"colpi-di-mortaio-e-inquinamento-nel-parco-del-gran-sasso","status":"publish","type":"post","link":"https:\/\/www.pressenza.com\/it\/2019\/06\/colpi-di-mortaio-e-inquinamento-nel-parco-del-gran-sasso\/","title":{"rendered":"Colpi di mortaio e inquinamento nel Parco del Gran Sasso"},"content":{"rendered":"<div dir=\"ltr\"><span style=\"font-size: large;\">Piovono colpi di mortaio ed altre armi da fuoco in un Parco nazionale e in una Zona di Protezione Speciale dell&#8217;Unione Europea, dove volano grifoni, aquile, falchi pellegrini. Detta cos\u00ec sembrerebbe ai pi\u00f9 una boutade considerato il controsenso in termini ma \u00e8 quello che si verifica da tanti, troppi anni, a Monte Stabiata, vicino la frazione aquilana di Collebrincioni.<\/p>\n<p>Dopo tante proteste improvvisamente il Comando Militare Esercito Abruzzo si \u00e8 finalmente accorto che esistono, dal 1997, le norme che regolano le attivit\u00e0 nelle Zone di Protezione Speciale e che prevedono che qualsiasi iniziativa possa avere effetti in un sito della Rete Natura2000 debba essere assoggettata a Valutazione di Incidenza Ambientale.<\/p>\n<p><\/span><\/div>\n<div><span style=\"font-size: large;\">Il 3 giugno scorso il Comando ha depositato la documentazione con lo Studio di Incidenza Ambientale che dovr\u00e0 essere esaminata dal Comitato Valutazione di Impatto Ambientale della Regione Abruzzo, previo parere dell&#8217;Ente Parco del Gran Sasso e Monti della Laga. Cittadini, associazioni ed enti possono presentare osservazioni entro il 3 luglio.<\/p>\n<p><\/span><\/div>\n<div><span style=\"font-size: large;\">Baster\u00e0 leggere la descrizione fornita nel sito WEB della regione per capire quali possono essere gli impatti &#8220;<i><\/i><\/span><span style=\"font-size: large;\"><i>L\u2019area addestrativa di Monte Stabiata \u00e8 un poligono occasionale a cielo aperto. \u00c8 gestito dal Comando del 9\u00b0 reggimento alpini \u201cL\u2019Aquila\u201d che a sua volta dipende dalla Brigata alpina Taurinense di stanza in Torino. Il poligono ha una superficie totale di circa 3378 ettari, di cui circa 2\/3 del demanio e 1\/3 appartenente a privati cittadini. Il poligono \u00e8 ubicato a nord-nord est dell\u2019abitato di L\u2019Aquila, in localit\u00e0 Collebrincioni e occupa una parte di Monte Stabiata, tra la frazione aquilana e i cosiddetti &#8220;Coppi di Aragno&#8221;, la montagna a sud di San Pietro della Jenca. Nel comprensorio di Monte Stabiata \u00e8 possibile svolgere le seguenti attivit\u00e0, fino a livello di compagnia:<br \/>\n&#8211; lancio di bombe a mano;<br \/>\n&#8211; lezioni di tiro con armi portatili individuali e di reparto, diurne e notturne;<br \/>\n&#8211; tiri con mortai;<br \/>\n&#8211; esercitazioni a fuoco di plotone fucilieri appiedato, diurne e notturne, durante le quali vengono effettuate in combinazione le attivit\u00e0 sopraelencate.<\/i>&#8221;<br \/>\n<\/span><\/div>\n<div><span style=\"font-size: large;\">\u00a0<\/span><\/div>\n<div><span style=\"font-size: large;\">La Stazione Ornitologica Abruzzese presenter\u00e0 le proprie osservazioni contrarie ed auspica una vasta mobilitazione contro questa attivit\u00e0 militare che dovrebbe essere considerata un vero e proprio anacronismo in un&#8217;area protetta nazionale. Pensare che un colpo di mortaio oppure il transito di mezzi cingolati sia sostenibile in un sito di valore internazionale per la biodiversit\u00e0 e la Natura in genere \u00e8, a nostro avviso, un evidente controsenso. Che cosa penser\u00e0 una specie protetta che si vede arrivare il colpo di mortaio o una bomba a mano sul proprio nido?<br \/>\n<\/span><\/div>\n<div dir=\"ltr\"><span style=\"font-size: large;\">\u00a0<\/span><\/div>\n<div><span style=\"font-size: large;\">Tra l&#8217;altro gli impatti delle attivit\u00e0 svolte finora sono del tutto evidenti, da quelli palesi come le tracce dei mezzi cingolati sopra i pascoli a quelli pi\u00f9 subdoli come la contaminazione da metalli pesanti. Infatti\u00a0 in tre dei venticinque punti dove sono stati raccolti campioni di suolo, poi analizzato direttamente dai militari, \u00e8 stato riscontrato il superamento delle Concentrazioni Soglia di Contaminazione per il piombo. Si \u00e8 quindi reso necessario un procedimento di bonifica dei suoli. Su questo aspetto chiederemo approfondimenti sui limiti utilizzati, visto che sono stati considerati quelli per le &#8220;zone industriali&#8221; (1.000 mg\/kg) che sono 10 volte i limiti per le aree a verde (100 mg\/kg). Ci risulta che gran parte dell&#8217;area sia utilizzata per pascolo ed altre attivit\u00e0 agro-silvo-pastorali. Se avessero usato questi limiti il numero dei campioni con criticit\u00e0 sarebbe molto pi\u00f9 elevato.<\/p>\n<p><\/span><\/div>\n<div><span style=\"font-size: large;\">Riteniamo che oltre 3.000 ettari di prezioso territorio appenninico debbano essere restituiti agli usi compatibili, dal pascolo alle attivit\u00e0 turistiche a basso impatto, e, soprattutto, alla conservazione della Natura.<br \/>\n<\/span><\/div>\n<div><\/div>\n<div dir=\"ltr\"><span style=\"font-size: large;\">\u00a0<\/span><\/div>\n<div><span style=\"font-size: large;\">Qui il link alla procedura:\u00a0<a href=\"https:\/\/www.regione.abruzzo.it\/content\/attivit%C3%A0-%E2%80%9Caddestrativa-militare-svolta-presso-il-poligono-di-tiro-cielo-aperto-occasionale\" target=\"_blank\" rel=\"noopener\" data-saferedirecturl=\"https:\/\/www.google.com\/url?q=https:\/\/www.regione.abruzzo.it\/content\/attivit%25C3%25A0-%25E2%2580%259Caddestrativa-militare-svolta-presso-il-poligono-di-tiro-cielo-aperto-occasionale&amp;source=gmail&amp;ust=1560762673180000&amp;usg=AFQjCNHwdCMsx2vaHVdSBxDdQRJ72i-9ag\">https:\/\/www.regione.abruzzo.<wbr \/>it\/content\/attivit%C3%A0-%E2%<wbr \/>80%9Caddestrativa-militare-<wbr \/>svolta-presso-il-poligono-di-<wbr \/>tiro-cielo-aperto-occasionale<\/a><br \/>\n<\/span><\/div>\n<div dir=\"ltr\"><i><span style=\"font-size: large;\">\u00a0<\/span><\/i><\/div>\n<div><span style=\"font-size: large;\"><b>STAZIONE ORNITOLOGICA ABRUZZESE ONLUS<\/b><\/span><\/div>\n","protected":false},"excerpt":{"rendered":"<p>Piovono colpi di mortaio ed altre armi da fuoco in un Parco nazionale e in una Zona di Protezione Speciale dell&#8217;Unione Europea, dove volano grifoni, aquile, falchi pellegrini. Detta cos\u00ec sembrerebbe ai pi\u00f9 una boutade considerato il controsenso in termini&hellip;<\/p>\n","protected":false},"author":594,"featured_media":871927,"comment_status":"closed","ping_status":"closed","sticky":false,"template":"","format":"standard","meta":{"footnotes":""},"categories":[150,59,47],"tags":[59823,59822,59821,12800],"class_list":["post-871926","post","type-post","status-publish","format-standard","has-post-thumbnail","hentry","category-comunicati-stampa","category-ambiente-ecologia","category-europa","tag-attivita-militari","tag-parco-nazionale-del-gran-sasso","tag-poligono","tag-servitu-militari"],"yoast_head":"<!-- This site is optimized with the Yoast SEO plugin v27.1.1 - https:\/\/yoast.com\/product\/yoast-seo-wordpress\/ -->\n<title>Colpi di mortaio e inquinamento nel Parco del Gran Sasso<\/title>\n<meta name=\"description\" content=\"Piovono colpi di mortaio ed altre armi da fuoco in un Parco nazionale e in una Zona di Protezione Speciale dell&#039;Unione Europea, dove volano grifoni,\" \/>\n<meta name=\"robots\" content=\"index, follow, max-snippet:-1, max-image-preview:large, max-video-preview:-1\" \/>\n<link rel=\"canonical\" href=\"https:\/\/www.pressenza.com\/it\/2019\/06\/colpi-di-mortaio-e-inquinamento-nel-parco-del-gran-sasso\/\" \/>\n<meta property=\"og:locale\" content=\"it_IT\" \/>\n<meta property=\"og:type\" content=\"article\" \/>\n<meta property=\"og:title\" content=\"Colpi di mortaio e inquinamento nel Parco del Gran Sasso\" \/>\n<meta property=\"og:description\" content=\"Piovono colpi di mortaio ed altre armi da fuoco in un Parco nazionale e in una Zona di Protezione Speciale dell&#039;Unione Europea, dove volano grifoni,\" \/>\n<meta property=\"og:url\" content=\"https:\/\/www.pressenza.com\/it\/2019\/06\/colpi-di-mortaio-e-inquinamento-nel-parco-del-gran-sasso\/\" \/>\n<meta property=\"og:site_name\" content=\"Pressenza\" \/>\n<meta property=\"article:publisher\" content=\"https:\/\/www.facebook.com\/PressenzaItalia\" \/>\n<meta property=\"article:author\" content=\"https:\/\/www.facebook.com\/PressenzaItalia\" \/>\n<meta property=\"article:published_time\" content=\"2019-06-16T09:49:30+00:00\" \/>\n<meta property=\"og:image\" content=\"https:\/\/www.pressenza.com\/wp-content\/uploads\/2019\/06\/area-del-poligono-di-Monte-Stabiata-in-Comune-dellAquila.jpg\" \/>\n\t<meta property=\"og:image:width\" content=\"382\" \/>\n\t<meta property=\"og:image:height\" content=\"390\" \/>\n\t<meta property=\"og:image:type\" content=\"image\/jpeg\" \/>\n<meta name=\"author\" content=\"Redazione Italia\" \/>\n<meta name=\"twitter:card\" content=\"summary_large_image\" \/>\n<meta name=\"twitter:creator\" content=\"@pressenza_it\" \/>\n<meta name=\"twitter:site\" content=\"@PressenzaIPA\" \/>\n<meta name=\"twitter:label1\" content=\"Scritto da\" \/>\n\t<meta name=\"twitter:data1\" content=\"Redazione Italia\" \/>\n\t<meta name=\"twitter:label2\" content=\"Tempo di lettura stimato\" \/>\n\t<meta name=\"twitter:data2\" content=\"3 minuti\" \/>\n<script type=\"application\/ld+json\" class=\"yoast-schema-graph\">{\"@context\":\"https:\/\/schema.org\",\"@graph\":[{\"@type\":\"Article\",\"@id\":\"https:\/\/www.pressenza.com\/it\/2019\/06\/colpi-di-mortaio-e-inquinamento-nel-parco-del-gran-sasso\/#article\",\"isPartOf\":{\"@id\":\"https:\/\/www.pressenza.com\/it\/2019\/06\/colpi-di-mortaio-e-inquinamento-nel-parco-del-gran-sasso\/\"},\"author\":{\"name\":\"Redazione Italia\",\"@id\":\"https:\/\/www.pressenza.com\/it\/#\/schema\/person\/d983e81827ae24f2c7b1a2123d197f8d\"},\"headline\":\"Colpi di mortaio e inquinamento nel Parco del Gran Sasso\",\"datePublished\":\"2019-06-16T09:49:30+00:00\",\"mainEntityOfPage\":{\"@id\":\"https:\/\/www.pressenza.com\/it\/2019\/06\/colpi-di-mortaio-e-inquinamento-nel-parco-del-gran-sasso\/\"},\"wordCount\":611,\"publisher\":{\"@id\":\"https:\/\/www.pressenza.com\/it\/#organization\"},\"image\":{\"@id\":\"https:\/\/www.pressenza.com\/it\/2019\/06\/colpi-di-mortaio-e-inquinamento-nel-parco-del-gran-sasso\/#primaryimage\"},\"thumbnailUrl\":\"https:\/\/www.pressenza.com\/wp-content\/uploads\/2019\/06\/area-del-poligono-di-Monte-Stabiata-in-Comune-dellAquila.jpg\",\"keywords\":[\"attivit\u00e0 militari\",\"Parco Nazionale del Gran Sasso\",\"poligono\",\"servit\u00f9 militari\"],\"articleSection\":[\"Comunicati Stampa\",\"Ecologia ed Ambiente\",\"Europa\"],\"inLanguage\":\"it-IT\"},{\"@type\":\"WebPage\",\"@id\":\"https:\/\/www.pressenza.com\/it\/2019\/06\/colpi-di-mortaio-e-inquinamento-nel-parco-del-gran-sasso\/\",\"url\":\"https:\/\/www.pressenza.com\/it\/2019\/06\/colpi-di-mortaio-e-inquinamento-nel-parco-del-gran-sasso\/\",\"name\":\"Colpi di mortaio e inquinamento nel Parco del Gran Sasso\",\"isPartOf\":{\"@id\":\"https:\/\/www.pressenza.com\/it\/#website\"},\"primaryImageOfPage\":{\"@id\":\"https:\/\/www.pressenza.com\/it\/2019\/06\/colpi-di-mortaio-e-inquinamento-nel-parco-del-gran-sasso\/#primaryimage\"},\"image\":{\"@id\":\"https:\/\/www.pressenza.com\/it\/2019\/06\/colpi-di-mortaio-e-inquinamento-nel-parco-del-gran-sasso\/#primaryimage\"},\"thumbnailUrl\":\"https:\/\/www.pressenza.com\/wp-content\/uploads\/2019\/06\/area-del-poligono-di-Monte-Stabiata-in-Comune-dellAquila.jpg\",\"datePublished\":\"2019-06-16T09:49:30+00:00\",\"description\":\"Piovono colpi di mortaio ed altre armi da fuoco in un Parco nazionale e in una Zona di Protezione Speciale dell'Unione Europea, dove volano grifoni,\",\"breadcrumb\":{\"@id\":\"https:\/\/www.pressenza.com\/it\/2019\/06\/colpi-di-mortaio-e-inquinamento-nel-parco-del-gran-sasso\/#breadcrumb\"},\"inLanguage\":\"it-IT\",\"potentialAction\":[{\"@type\":\"ReadAction\",\"target\":[\"https:\/\/www.pressenza.com\/it\/2019\/06\/colpi-di-mortaio-e-inquinamento-nel-parco-del-gran-sasso\/\"]}]},{\"@type\":\"ImageObject\",\"inLanguage\":\"it-IT\",\"@id\":\"https:\/\/www.pressenza.com\/it\/2019\/06\/colpi-di-mortaio-e-inquinamento-nel-parco-del-gran-sasso\/#primaryimage\",\"url\":\"https:\/\/www.pressenza.com\/wp-content\/uploads\/2019\/06\/area-del-poligono-di-Monte-Stabiata-in-Comune-dellAquila.jpg\",\"contentUrl\":\"https:\/\/www.pressenza.com\/wp-content\/uploads\/2019\/06\/area-del-poligono-di-Monte-Stabiata-in-Comune-dellAquila.jpg\",\"width\":382,\"height\":390},{\"@type\":\"BreadcrumbList\",\"@id\":\"https:\/\/www.pressenza.com\/it\/2019\/06\/colpi-di-mortaio-e-inquinamento-nel-parco-del-gran-sasso\/#breadcrumb\",\"itemListElement\":[{\"@type\":\"ListItem\",\"position\":1,\"name\":\"Accueil\",\"item\":\"https:\/\/www.pressenza.com\/it\/\"},{\"@type\":\"ListItem\",\"position\":2,\"name\":\"Colpi di mortaio e inquinamento nel Parco del Gran Sasso\"}]},{\"@type\":\"WebSite\",\"@id\":\"https:\/\/www.pressenza.com\/it\/#website\",\"url\":\"https:\/\/www.pressenza.com\/it\/\",\"name\":\"Pressenza\",\"description\":\"Agenzia di Stampa Internazionale\",\"publisher\":{\"@id\":\"https:\/\/www.pressenza.com\/it\/#organization\"},\"potentialAction\":[{\"@type\":\"SearchAction\",\"target\":{\"@type\":\"EntryPoint\",\"urlTemplate\":\"https:\/\/www.pressenza.com\/it\/?s={search_term_string}\"},\"query-input\":{\"@type\":\"PropertyValueSpecification\",\"valueRequired\":true,\"valueName\":\"search_term_string\"}}],\"inLanguage\":\"it-IT\"},{\"@type\":\"Organization\",\"@id\":\"https:\/\/www.pressenza.com\/it\/#organization\",\"name\":\"Pressenza\",\"url\":\"https:\/\/www.pressenza.com\/it\/\",\"logo\":{\"@type\":\"ImageObject\",\"inLanguage\":\"it-IT\",\"@id\":\"https:\/\/www.pressenza.com\/it\/#\/schema\/logo\/image\/\",\"url\":\"https:\/\/www.pressenza.com\/wp-content\/uploads\/2022\/10\/pressenza_logo_200x200.jpg\",\"contentUrl\":\"https:\/\/www.pressenza.com\/wp-content\/uploads\/2022\/10\/pressenza_logo_200x200.jpg\",\"width\":200,\"height\":200,\"caption\":\"Pressenza\"},\"image\":{\"@id\":\"https:\/\/www.pressenza.com\/it\/#\/schema\/logo\/image\/\"},\"sameAs\":[\"https:\/\/www.facebook.com\/PressenzaItalia\",\"https:\/\/x.com\/PressenzaIPA\"]},{\"@type\":\"Person\",\"@id\":\"https:\/\/www.pressenza.com\/it\/#\/schema\/person\/d983e81827ae24f2c7b1a2123d197f8d\",\"name\":\"Redazione Italia\",\"description\":\"News from the Pressenza Bureau in Italy\",\"sameAs\":[\"https:\/\/www.pressenza.com\/it\/author\/redazione-italia\/\",\"https:\/\/www.facebook.com\/PressenzaItalia\",\"https:\/\/www.instagram.com\/pressenza_italia\/\",\"https:\/\/x.com\/pressenza_it\",\"https:\/\/www.youtube.com\/channel\/UCSalEIWjE1RSxkwjfftFuqg\"],\"url\":\"https:\/\/www.pressenza.com\/it\/author\/redazione-italia\/\"}]}<\/script>\n<!-- \/ Yoast SEO plugin. -->","yoast_head_json":{"title":"Colpi di mortaio e inquinamento nel Parco del Gran Sasso","description":"Piovono colpi di mortaio ed altre armi da fuoco in un Parco nazionale e in una Zona di Protezione Speciale dell'Unione Europea, dove volano grifoni,","robots":{"index":"index","follow":"follow","max-snippet":"max-snippet:-1","max-image-preview":"max-image-preview:large","max-video-preview":"max-video-preview:-1"},"canonical":"https:\/\/www.pressenza.com\/it\/2019\/06\/colpi-di-mortaio-e-inquinamento-nel-parco-del-gran-sasso\/","og_locale":"it_IT","og_type":"article","og_title":"Colpi di mortaio e inquinamento nel Parco del Gran Sasso","og_description":"Piovono colpi di mortaio ed altre armi da fuoco in un Parco nazionale e in una Zona di Protezione Speciale dell'Unione Europea, dove volano grifoni,","og_url":"https:\/\/www.pressenza.com\/it\/2019\/06\/colpi-di-mortaio-e-inquinamento-nel-parco-del-gran-sasso\/","og_site_name":"Pressenza","article_publisher":"https:\/\/www.facebook.com\/PressenzaItalia","article_author":"https:\/\/www.facebook.com\/PressenzaItalia","article_published_time":"2019-06-16T09:49:30+00:00","og_image":[{"width":382,"height":390,"url":"https:\/\/www.pressenza.com\/wp-content\/uploads\/2019\/06\/area-del-poligono-di-Monte-Stabiata-in-Comune-dellAquila.jpg","type":"image\/jpeg"}],"author":"Redazione Italia","twitter_card":"summary_large_image","twitter_creator":"@pressenza_it","twitter_site":"@PressenzaIPA","twitter_misc":{"Scritto da":"Redazione Italia","Tempo di lettura stimato":"3 minuti"},"schema":{"@context":"https:\/\/schema.org","@graph":[{"@type":"Article","@id":"https:\/\/www.pressenza.com\/it\/2019\/06\/colpi-di-mortaio-e-inquinamento-nel-parco-del-gran-sasso\/#article","isPartOf":{"@id":"https:\/\/www.pressenza.com\/it\/2019\/06\/colpi-di-mortaio-e-inquinamento-nel-parco-del-gran-sasso\/"},"author":{"name":"Redazione Italia","@id":"https:\/\/www.pressenza.com\/it\/#\/schema\/person\/d983e81827ae24f2c7b1a2123d197f8d"},"headline":"Colpi di mortaio e inquinamento nel Parco del Gran Sasso","datePublished":"2019-06-16T09:49:30+00:00","mainEntityOfPage":{"@id":"https:\/\/www.pressenza.com\/it\/2019\/06\/colpi-di-mortaio-e-inquinamento-nel-parco-del-gran-sasso\/"},"wordCount":611,"publisher":{"@id":"https:\/\/www.pressenza.com\/it\/#organization"},"image":{"@id":"https:\/\/www.pressenza.com\/it\/2019\/06\/colpi-di-mortaio-e-inquinamento-nel-parco-del-gran-sasso\/#primaryimage"},"thumbnailUrl":"https:\/\/www.pressenza.com\/wp-content\/uploads\/2019\/06\/area-del-poligono-di-Monte-Stabiata-in-Comune-dellAquila.jpg","keywords":["attivit\u00e0 militari","Parco Nazionale del Gran Sasso","poligono","servit\u00f9 militari"],"articleSection":["Comunicati Stampa","Ecologia ed Ambiente","Europa"],"inLanguage":"it-IT"},{"@type":"WebPage","@id":"https:\/\/www.pressenza.com\/it\/2019\/06\/colpi-di-mortaio-e-inquinamento-nel-parco-del-gran-sasso\/","url":"https:\/\/www.pressenza.com\/it\/2019\/06\/colpi-di-mortaio-e-inquinamento-nel-parco-del-gran-sasso\/","name":"Colpi di mortaio e inquinamento nel Parco del Gran Sasso","isPartOf":{"@id":"https:\/\/www.pressenza.com\/it\/#website"},"primaryImageOfPage":{"@id":"https:\/\/www.pressenza.com\/it\/2019\/06\/colpi-di-mortaio-e-inquinamento-nel-parco-del-gran-sasso\/#primaryimage"},"image":{"@id":"https:\/\/www.pressenza.com\/it\/2019\/06\/colpi-di-mortaio-e-inquinamento-nel-parco-del-gran-sasso\/#primaryimage"},"thumbnailUrl":"https:\/\/www.pressenza.com\/wp-content\/uploads\/2019\/06\/area-del-poligono-di-Monte-Stabiata-in-Comune-dellAquila.jpg","datePublished":"2019-06-16T09:49:30+00:00","description":"Piovono colpi di mortaio ed altre armi da fuoco in un Parco nazionale e in una Zona di Protezione Speciale dell'Unione Europea, dove volano grifoni,","breadcrumb":{"@id":"https:\/\/www.pressenza.com\/it\/2019\/06\/colpi-di-mortaio-e-inquinamento-nel-parco-del-gran-sasso\/#breadcrumb"},"inLanguage":"it-IT","potentialAction":[{"@type":"ReadAction","target":["https:\/\/www.pressenza.com\/it\/2019\/06\/colpi-di-mortaio-e-inquinamento-nel-parco-del-gran-sasso\/"]}]},{"@type":"ImageObject","inLanguage":"it-IT","@id":"https:\/\/www.pressenza.com\/it\/2019\/06\/colpi-di-mortaio-e-inquinamento-nel-parco-del-gran-sasso\/#primaryimage","url":"https:\/\/www.pressenza.com\/wp-content\/uploads\/2019\/06\/area-del-poligono-di-Monte-Stabiata-in-Comune-dellAquila.jpg","contentUrl":"https:\/\/www.pressenza.com\/wp-content\/uploads\/2019\/06\/area-del-poligono-di-Monte-Stabiata-in-Comune-dellAquila.jpg","width":382,"height":390},{"@type":"BreadcrumbList","@id":"https:\/\/www.pressenza.com\/it\/2019\/06\/colpi-di-mortaio-e-inquinamento-nel-parco-del-gran-sasso\/#breadcrumb","itemListElement":[{"@type":"ListItem","position":1,"name":"Accueil","item":"https:\/\/www.pressenza.com\/it\/"},{"@type":"ListItem","position":2,"name":"Colpi di mortaio e inquinamento nel Parco del Gran Sasso"}]},{"@type":"WebSite","@id":"https:\/\/www.pressenza.com\/it\/#website","url":"https:\/\/www.pressenza.com\/it\/","name":"Pressenza","description":"Agenzia di Stampa Internazionale","publisher":{"@id":"https:\/\/www.pressenza.com\/it\/#organization"},"potentialAction":[{"@type":"SearchAction","target":{"@type":"EntryPoint","urlTemplate":"https:\/\/www.pressenza.com\/it\/?s={search_term_string}"},"query-input":{"@type":"PropertyValueSpecification","valueRequired":true,"valueName":"search_term_string"}}],"inLanguage":"it-IT"},{"@type":"Organization","@id":"https:\/\/www.pressenza.com\/it\/#organization","name":"Pressenza","url":"https:\/\/www.pressenza.com\/it\/","logo":{"@type":"ImageObject","inLanguage":"it-IT","@id":"https:\/\/www.pressenza.com\/it\/#\/schema\/logo\/image\/","url":"https:\/\/www.pressenza.com\/wp-content\/uploads\/2022\/10\/pressenza_logo_200x200.jpg","contentUrl":"https:\/\/www.pressenza.com\/wp-content\/uploads\/2022\/10\/pressenza_logo_200x200.jpg","width":200,"height":200,"caption":"Pressenza"},"image":{"@id":"https:\/\/www.pressenza.com\/it\/#\/schema\/logo\/image\/"},"sameAs":["https:\/\/www.facebook.com\/PressenzaItalia","https:\/\/x.com\/PressenzaIPA"]},{"@type":"Person","@id":"https:\/\/www.pressenza.com\/it\/#\/schema\/person\/d983e81827ae24f2c7b1a2123d197f8d","name":"Redazione Italia","description":"News from the Pressenza Bureau in Italy","sameAs":["https:\/\/www.pressenza.com\/it\/author\/redazione-italia\/","https:\/\/www.facebook.com\/PressenzaItalia","https:\/\/www.instagram.com\/pressenza_italia\/","https:\/\/x.com\/pressenza_it","https:\/\/www.youtube.com\/channel\/UCSalEIWjE1RSxkwjfftFuqg"],"url":"https:\/\/www.pressenza.com\/it\/author\/redazione-italia\/"}]}},"place":"","original_article_url":"","_links":{"self":[{"href":"https:\/\/www.pressenza.com\/it\/wp-json\/wp\/v2\/posts\/871926","targetHints":{"allow":["GET"]}}],"collection":[{"href":"https:\/\/www.pressenza.com\/it\/wp-json\/wp\/v2\/posts"}],"about":[{"href":"https:\/\/www.pressenza.com\/it\/wp-json\/wp\/v2\/types\/post"}],"author":[{"embeddable":true,"href":"https:\/\/www.pressenza.com\/it\/wp-json\/wp\/v2\/users\/594"}],"replies":[{"embeddable":true,"href":"https:\/\/www.pressenza.com\/it\/wp-json\/wp\/v2\/comments?post=871926"}],"version-history":[{"count":0,"href":"https:\/\/www.pressenza.com\/it\/wp-json\/wp\/v2\/posts\/871926\/revisions"}],"wp:featuredmedia":[{"embeddable":true,"href":"https:\/\/www.pressenza.com\/it\/wp-json\/wp\/v2\/media\/871927"}],"wp:attachment":[{"href":"https:\/\/www.pressenza.com\/it\/wp-json\/wp\/v2\/media?parent=871926"}],"wp:term":[{"taxonomy":"category","embeddable":true,"href":"https:\/\/www.pressenza.com\/it\/wp-json\/wp\/v2\/categories?post=871926"},{"taxonomy":"post_tag","embeddable":true,"href":"https:\/\/www.pressenza.com\/it\/wp-json\/wp\/v2\/tags?post=871926"}],"curies":[{"name":"wp","href":"https:\/\/api.w.org\/{rel}","templated":true}]}}