{"id":871333,"date":"2019-06-14T21:08:14","date_gmt":"2019-06-14T20:08:14","guid":{"rendered":"https:\/\/www.pressenza.com\/?p=871333"},"modified":"2019-06-14T21:08:14","modified_gmt":"2019-06-14T20:08:14","slug":"linvestitura-politica-piu-incerta-della-citta-di-barcellona","status":"publish","type":"post","link":"https:\/\/www.pressenza.com\/it\/2019\/06\/linvestitura-politica-piu-incerta-della-citta-di-barcellona\/","title":{"rendered":"L&#8217;investitura politica pi\u00f9 incerta della citt\u00e0 di Barcellona"},"content":{"rendered":"<p>Barcelona en Com\u00fa ha appena realizzato una votazione senza precedenti tra i suoi militanti, chiamandoli a esprimersi per decidere un possibile patto di governo.\u00a0 Il voto \u00e8 durato 24 ore, con la partecipazione di 4.000 iscritti su 10.000. La maggioranza ha appoggiato un patto con il PSC (Partit Socialista de Catalunya), presentando Ada Colau come sindaco.<\/p>\n<p>Domani, sabato 15 giugno, Barcellona elegger\u00e0 il suo nuovo sindaco. I risultati elettorali hanno creato una situazione difficile da governare, definita eccezionale da Ada Colau. La forza che ha ottenuto il maggior numero di voti \u00e8 stata Esquerra Republicana de Catalunya (ERC) presieduta da Ernest Maragall, che ha superato l\u2019attuale sindaco di soli 5.000 voti e ottenuto lo stesso numero di consiglieri di Barcelona en Com\u00fa, ossia 10. Si tratta di un numero insufficiente per governare, dato che la maggioranza assoluta \u00e8 di 21.<\/p>\n<p>La citt\u00e0 di Barcellona ha dimostrato di essere in maggioranza di sinistra e non indipendentista, distribuendo i voti tra le diverse forze con queste caratteristiche.<\/p>\n<p>Durante queste tre settimane, gli scenari di possibili patti tra le forze sono stati un mistero assoluto per gli elettori. Le possibilit\u00e0 erano un\u2019alleanza a tre, la nomina a sindaco di Ernest Maragall o la riconferma di Ada Colau.<\/p>\n<p>Il primo scenario era impossibile a causa dello scontro ideologico: indipendentisti e PSC, il partito che ha sostenuto l\u2019articolo 155 in Catalogna dopo il referendum del 1\u00b0 ottobre 2017, non avrebbero mai potuto trovare un accordo.<\/p>\n<p>Esquerra Republicana e Barcelona en Com\u00fa arrivano a 20 consiglieri e hanno bisogno di un altro voto per ottenere la maggioranza. Un patto tra Barcelona en Com\u00fa e i socialisti arriverebbe a 18 consiglieri; ne servirebbero dunque altri 3 per arrivare a 21.<\/p>\n<p>Ada Colau ha espresso pi\u00f9 volte attraverso i media il suo interesse per la creazione di un\u2019alleanza a tre, ma senza successo. Ha fatto allora la sua mossa proponendosi come sindaco con il sostegno dei socialisti. Ernest Maragall, che secondo la sindaca non ha mai fatto un&#8217;offerta, alla fine ha concordato una possibilit\u00e0 di alleanza di ERC con Barcelona en Com\u00fa \u00a0candidandosi a sua volta a sindaco.<\/p>\n<p>Barcelona en Com\u00fa ha cos\u00ec consultato la base presentando due possibilit\u00e0: sostenere un\u2019alleanza con i socialisti e Ada Colau come sindaco, o una coalizione con ERC con Ernest Maragall come sindaco.<\/p>\n<p>Ha prevalso la prima opzione e il 15 giugno \u00a0Ada Colau si presenter\u00e0 per l&#8217;investitura, ma come otterr\u00e0 i 3 voti mancanti? Le votazioni sono segrete e Barcelona en Com\u00fa ha ribadito di non aver fatto patti con nessuno in questo senso, ma l\u2019ex premier francese Valls, rappresentante di Ciutadans, ha espresso pubblicamente la disponibilit\u00e0 a fornire questi tre voti.<\/p>\n<p>A questo punto, \u00e8 necessario fare uno sforzo per immaginare lo scenario: Barcellona in Com\u00fa stringe un accordo con i socialisti, con cui aveva rotto per via del loro appoggio all\u2019articolo 155 (che sospendeva di fatto l\u2019autonomia della Catalogna, N.d.T.) e accetta l\u2019appoggio di un partito di destra (Ciutadans).<\/p>\n<p>Motivi sufficienti perch\u00e9 gli indipendentisti di ERC abbiano ferocemente criticato questa possibilit\u00e0. \u00a0Nella conferenza stampa tenuta oggi alle 19 e dopo aver conosciuto il risultato della consultazione della base, Ada Colau ha manifestato il suo disappunto per le azioni di ERC e ricordato che per la prima volta un partito ha consultato la sua base per decidere un patto di governo. Se ERC avesse \u00a0fatto la stessa cosa, ha aggiunto, lo scenario attuale sarebbe diverso. Nella stessa conferenza stampa ha ribadito la mancanza di dialogo con Ernest Maragall e con Valls, dicendo che se questi cede i suoi voti \u00e8 una questione sua e non un accordo.<\/p>\n<p>Traduzione dallo spagnolo di Anna Polo<\/p>\n","protected":false},"excerpt":{"rendered":"<p>Barcelona en Com\u00fa ha appena realizzato una votazione senza precedenti tra i suoi militanti, chiamandoli a esprimersi per decidere un possibile patto di governo.\u00a0 Il voto \u00e8 durato 24 ore, con la partecipazione di 4.000 iscritti su 10.000. La maggioranza&hellip;<\/p>\n","protected":false},"author":647,"featured_media":871312,"comment_status":"closed","ping_status":"closed","sticky":false,"template":"","format":"standard","meta":{"footnotes":""},"categories":[11388,47,55],"tags":[35634,3687,616,25262],"class_list":["post-871333","post","type-post","status-publish","format-standard","has-post-thumbnail","hentry","category-contenuti-originali","category-europa","category-politica","tag-ada-colau-it","tag-barcellona","tag-elezioni","tag-sindaco"],"yoast_head":"<!-- This site is optimized with the Yoast SEO plugin v27.1.1 - https:\/\/yoast.com\/product\/yoast-seo-wordpress\/ -->\n<title>L&#039;investitura politica pi\u00f9 incerta della citt\u00e0 di Barcellona<\/title>\n<meta name=\"description\" content=\"Barcelona en Com\u00fa ha appena realizzato una votazione senza precedenti tra i suoi militanti, chiamandoli a esprimersi per decidere un possibile patto di\" \/>\n<meta name=\"robots\" content=\"index, follow, max-snippet:-1, max-image-preview:large, max-video-preview:-1\" \/>\n<link rel=\"canonical\" href=\"https:\/\/www.pressenza.com\/it\/2019\/06\/linvestitura-politica-piu-incerta-della-citta-di-barcellona\/\" \/>\n<meta property=\"og:locale\" content=\"it_IT\" \/>\n<meta property=\"og:type\" content=\"article\" \/>\n<meta property=\"og:title\" content=\"L&#039;investitura politica pi\u00f9 incerta della citt\u00e0 di Barcellona\" \/>\n<meta property=\"og:description\" content=\"Barcelona en Com\u00fa ha appena realizzato una votazione senza precedenti tra i suoi militanti, chiamandoli a esprimersi per decidere un possibile patto di\" \/>\n<meta property=\"og:url\" content=\"https:\/\/www.pressenza.com\/it\/2019\/06\/linvestitura-politica-piu-incerta-della-citta-di-barcellona\/\" \/>\n<meta property=\"og:site_name\" content=\"Pressenza\" \/>\n<meta property=\"article:publisher\" content=\"https:\/\/www.facebook.com\/PressenzaItalia\" \/>\n<meta property=\"article:published_time\" content=\"2019-06-14T20:08:14+00:00\" \/>\n<meta property=\"og:image\" content=\"https:\/\/www.pressenza.com\/wp-content\/uploads\/2019\/06\/ADA_alcaldesa-720x405.png\" \/>\n\t<meta property=\"og:image:width\" content=\"720\" \/>\n\t<meta property=\"og:image:height\" content=\"405\" \/>\n\t<meta property=\"og:image:type\" content=\"image\/png\" \/>\n<meta name=\"author\" content=\"Raquel Paricio\" \/>\n<meta name=\"twitter:card\" content=\"summary_large_image\" \/>\n<meta name=\"twitter:creator\" content=\"@PressenzaIPA\" \/>\n<meta name=\"twitter:site\" content=\"@PressenzaIPA\" \/>\n<meta name=\"twitter:label1\" content=\"Scritto da\" \/>\n\t<meta name=\"twitter:data1\" content=\"Raquel Paricio\" \/>\n\t<meta name=\"twitter:label2\" content=\"Tempo di lettura stimato\" \/>\n\t<meta name=\"twitter:data2\" content=\"3 minuti\" \/>\n<script type=\"application\/ld+json\" class=\"yoast-schema-graph\">{\"@context\":\"https:\/\/schema.org\",\"@graph\":[{\"@type\":\"Article\",\"@id\":\"https:\/\/www.pressenza.com\/it\/2019\/06\/linvestitura-politica-piu-incerta-della-citta-di-barcellona\/#article\",\"isPartOf\":{\"@id\":\"https:\/\/www.pressenza.com\/it\/2019\/06\/linvestitura-politica-piu-incerta-della-citta-di-barcellona\/\"},\"author\":{\"name\":\"Raquel Paricio\",\"@id\":\"https:\/\/www.pressenza.com\/it\/#\/schema\/person\/7104466338f7b188aedd367b5e15c977\"},\"headline\":\"L&#8217;investitura politica pi\u00f9 incerta della citt\u00e0 di Barcellona\",\"datePublished\":\"2019-06-14T20:08:14+00:00\",\"mainEntityOfPage\":{\"@id\":\"https:\/\/www.pressenza.com\/it\/2019\/06\/linvestitura-politica-piu-incerta-della-citta-di-barcellona\/\"},\"wordCount\":602,\"publisher\":{\"@id\":\"https:\/\/www.pressenza.com\/it\/#organization\"},\"image\":{\"@id\":\"https:\/\/www.pressenza.com\/it\/2019\/06\/linvestitura-politica-piu-incerta-della-citta-di-barcellona\/#primaryimage\"},\"thumbnailUrl\":\"https:\/\/www.pressenza.com\/wp-content\/uploads\/2019\/06\/ADA_alcaldesa.png\",\"keywords\":[\"Ada Colau\",\"Barcellona\",\"elezioni\",\"sindaco\"],\"articleSection\":[\"contenuti originali\",\"Europa\",\"Politica\"],\"inLanguage\":\"it-IT\"},{\"@type\":\"WebPage\",\"@id\":\"https:\/\/www.pressenza.com\/it\/2019\/06\/linvestitura-politica-piu-incerta-della-citta-di-barcellona\/\",\"url\":\"https:\/\/www.pressenza.com\/it\/2019\/06\/linvestitura-politica-piu-incerta-della-citta-di-barcellona\/\",\"name\":\"L'investitura politica pi\u00f9 incerta della citt\u00e0 di Barcellona\",\"isPartOf\":{\"@id\":\"https:\/\/www.pressenza.com\/it\/#website\"},\"primaryImageOfPage\":{\"@id\":\"https:\/\/www.pressenza.com\/it\/2019\/06\/linvestitura-politica-piu-incerta-della-citta-di-barcellona\/#primaryimage\"},\"image\":{\"@id\":\"https:\/\/www.pressenza.com\/it\/2019\/06\/linvestitura-politica-piu-incerta-della-citta-di-barcellona\/#primaryimage\"},\"thumbnailUrl\":\"https:\/\/www.pressenza.com\/wp-content\/uploads\/2019\/06\/ADA_alcaldesa.png\",\"datePublished\":\"2019-06-14T20:08:14+00:00\",\"description\":\"Barcelona en Com\u00fa ha appena realizzato una votazione senza precedenti tra i suoi militanti, chiamandoli a esprimersi per decidere un possibile patto di\",\"breadcrumb\":{\"@id\":\"https:\/\/www.pressenza.com\/it\/2019\/06\/linvestitura-politica-piu-incerta-della-citta-di-barcellona\/#breadcrumb\"},\"inLanguage\":\"it-IT\",\"potentialAction\":[{\"@type\":\"ReadAction\",\"target\":[\"https:\/\/www.pressenza.com\/it\/2019\/06\/linvestitura-politica-piu-incerta-della-citta-di-barcellona\/\"]}]},{\"@type\":\"ImageObject\",\"inLanguage\":\"it-IT\",\"@id\":\"https:\/\/www.pressenza.com\/it\/2019\/06\/linvestitura-politica-piu-incerta-della-citta-di-barcellona\/#primaryimage\",\"url\":\"https:\/\/www.pressenza.com\/wp-content\/uploads\/2019\/06\/ADA_alcaldesa.png\",\"contentUrl\":\"https:\/\/www.pressenza.com\/wp-content\/uploads\/2019\/06\/ADA_alcaldesa.png\",\"width\":1334,\"height\":750},{\"@type\":\"BreadcrumbList\",\"@id\":\"https:\/\/www.pressenza.com\/it\/2019\/06\/linvestitura-politica-piu-incerta-della-citta-di-barcellona\/#breadcrumb\",\"itemListElement\":[{\"@type\":\"ListItem\",\"position\":1,\"name\":\"Accueil\",\"item\":\"https:\/\/www.pressenza.com\/it\/\"},{\"@type\":\"ListItem\",\"position\":2,\"name\":\"L&#8217;investitura politica pi\u00f9 incerta della citt\u00e0 di Barcellona\"}]},{\"@type\":\"WebSite\",\"@id\":\"https:\/\/www.pressenza.com\/it\/#website\",\"url\":\"https:\/\/www.pressenza.com\/it\/\",\"name\":\"Pressenza\",\"description\":\"Agenzia di Stampa Internazionale\",\"publisher\":{\"@id\":\"https:\/\/www.pressenza.com\/it\/#organization\"},\"potentialAction\":[{\"@type\":\"SearchAction\",\"target\":{\"@type\":\"EntryPoint\",\"urlTemplate\":\"https:\/\/www.pressenza.com\/it\/?s={search_term_string}\"},\"query-input\":{\"@type\":\"PropertyValueSpecification\",\"valueRequired\":true,\"valueName\":\"search_term_string\"}}],\"inLanguage\":\"it-IT\"},{\"@type\":\"Organization\",\"@id\":\"https:\/\/www.pressenza.com\/it\/#organization\",\"name\":\"Pressenza\",\"url\":\"https:\/\/www.pressenza.com\/it\/\",\"logo\":{\"@type\":\"ImageObject\",\"inLanguage\":\"it-IT\",\"@id\":\"https:\/\/www.pressenza.com\/it\/#\/schema\/logo\/image\/\",\"url\":\"https:\/\/www.pressenza.com\/wp-content\/uploads\/2022\/10\/pressenza_logo_200x200.jpg\",\"contentUrl\":\"https:\/\/www.pressenza.com\/wp-content\/uploads\/2022\/10\/pressenza_logo_200x200.jpg\",\"width\":200,\"height\":200,\"caption\":\"Pressenza\"},\"image\":{\"@id\":\"https:\/\/www.pressenza.com\/it\/#\/schema\/logo\/image\/\"},\"sameAs\":[\"https:\/\/www.facebook.com\/PressenzaItalia\",\"https:\/\/x.com\/PressenzaIPA\"]},{\"@type\":\"Person\",\"@id\":\"https:\/\/www.pressenza.com\/it\/#\/schema\/person\/7104466338f7b188aedd367b5e15c977\",\"name\":\"Raquel Paricio\",\"description\":\"Docente. Artista. Humanista. Doctora en Arte y Tecnolog\u00eda. Investiga en las diferentes escuelas de meditaci\u00f3n de diferentes culturas.\",\"url\":\"https:\/\/www.pressenza.com\/it\/author\/raquel-paricio\/\"}]}<\/script>\n<!-- \/ Yoast SEO plugin. -->","yoast_head_json":{"title":"L'investitura politica pi\u00f9 incerta della citt\u00e0 di Barcellona","description":"Barcelona en Com\u00fa ha appena realizzato una votazione senza precedenti tra i suoi militanti, chiamandoli a esprimersi per decidere un possibile patto di","robots":{"index":"index","follow":"follow","max-snippet":"max-snippet:-1","max-image-preview":"max-image-preview:large","max-video-preview":"max-video-preview:-1"},"canonical":"https:\/\/www.pressenza.com\/it\/2019\/06\/linvestitura-politica-piu-incerta-della-citta-di-barcellona\/","og_locale":"it_IT","og_type":"article","og_title":"L'investitura politica pi\u00f9 incerta della citt\u00e0 di Barcellona","og_description":"Barcelona en Com\u00fa ha appena realizzato una votazione senza precedenti tra i suoi militanti, chiamandoli a esprimersi per decidere un possibile patto di","og_url":"https:\/\/www.pressenza.com\/it\/2019\/06\/linvestitura-politica-piu-incerta-della-citta-di-barcellona\/","og_site_name":"Pressenza","article_publisher":"https:\/\/www.facebook.com\/PressenzaItalia","article_published_time":"2019-06-14T20:08:14+00:00","og_image":[{"width":720,"height":405,"url":"https:\/\/www.pressenza.com\/wp-content\/uploads\/2019\/06\/ADA_alcaldesa-720x405.png","type":"image\/png"}],"author":"Raquel Paricio","twitter_card":"summary_large_image","twitter_creator":"@PressenzaIPA","twitter_site":"@PressenzaIPA","twitter_misc":{"Scritto da":"Raquel Paricio","Tempo di lettura stimato":"3 minuti"},"schema":{"@context":"https:\/\/schema.org","@graph":[{"@type":"Article","@id":"https:\/\/www.pressenza.com\/it\/2019\/06\/linvestitura-politica-piu-incerta-della-citta-di-barcellona\/#article","isPartOf":{"@id":"https:\/\/www.pressenza.com\/it\/2019\/06\/linvestitura-politica-piu-incerta-della-citta-di-barcellona\/"},"author":{"name":"Raquel Paricio","@id":"https:\/\/www.pressenza.com\/it\/#\/schema\/person\/7104466338f7b188aedd367b5e15c977"},"headline":"L&#8217;investitura politica pi\u00f9 incerta della citt\u00e0 di Barcellona","datePublished":"2019-06-14T20:08:14+00:00","mainEntityOfPage":{"@id":"https:\/\/www.pressenza.com\/it\/2019\/06\/linvestitura-politica-piu-incerta-della-citta-di-barcellona\/"},"wordCount":602,"publisher":{"@id":"https:\/\/www.pressenza.com\/it\/#organization"},"image":{"@id":"https:\/\/www.pressenza.com\/it\/2019\/06\/linvestitura-politica-piu-incerta-della-citta-di-barcellona\/#primaryimage"},"thumbnailUrl":"https:\/\/www.pressenza.com\/wp-content\/uploads\/2019\/06\/ADA_alcaldesa.png","keywords":["Ada Colau","Barcellona","elezioni","sindaco"],"articleSection":["contenuti originali","Europa","Politica"],"inLanguage":"it-IT"},{"@type":"WebPage","@id":"https:\/\/www.pressenza.com\/it\/2019\/06\/linvestitura-politica-piu-incerta-della-citta-di-barcellona\/","url":"https:\/\/www.pressenza.com\/it\/2019\/06\/linvestitura-politica-piu-incerta-della-citta-di-barcellona\/","name":"L'investitura politica pi\u00f9 incerta della citt\u00e0 di Barcellona","isPartOf":{"@id":"https:\/\/www.pressenza.com\/it\/#website"},"primaryImageOfPage":{"@id":"https:\/\/www.pressenza.com\/it\/2019\/06\/linvestitura-politica-piu-incerta-della-citta-di-barcellona\/#primaryimage"},"image":{"@id":"https:\/\/www.pressenza.com\/it\/2019\/06\/linvestitura-politica-piu-incerta-della-citta-di-barcellona\/#primaryimage"},"thumbnailUrl":"https:\/\/www.pressenza.com\/wp-content\/uploads\/2019\/06\/ADA_alcaldesa.png","datePublished":"2019-06-14T20:08:14+00:00","description":"Barcelona en Com\u00fa ha appena realizzato una votazione senza precedenti tra i suoi militanti, chiamandoli a esprimersi per decidere un possibile patto di","breadcrumb":{"@id":"https:\/\/www.pressenza.com\/it\/2019\/06\/linvestitura-politica-piu-incerta-della-citta-di-barcellona\/#breadcrumb"},"inLanguage":"it-IT","potentialAction":[{"@type":"ReadAction","target":["https:\/\/www.pressenza.com\/it\/2019\/06\/linvestitura-politica-piu-incerta-della-citta-di-barcellona\/"]}]},{"@type":"ImageObject","inLanguage":"it-IT","@id":"https:\/\/www.pressenza.com\/it\/2019\/06\/linvestitura-politica-piu-incerta-della-citta-di-barcellona\/#primaryimage","url":"https:\/\/www.pressenza.com\/wp-content\/uploads\/2019\/06\/ADA_alcaldesa.png","contentUrl":"https:\/\/www.pressenza.com\/wp-content\/uploads\/2019\/06\/ADA_alcaldesa.png","width":1334,"height":750},{"@type":"BreadcrumbList","@id":"https:\/\/www.pressenza.com\/it\/2019\/06\/linvestitura-politica-piu-incerta-della-citta-di-barcellona\/#breadcrumb","itemListElement":[{"@type":"ListItem","position":1,"name":"Accueil","item":"https:\/\/www.pressenza.com\/it\/"},{"@type":"ListItem","position":2,"name":"L&#8217;investitura politica pi\u00f9 incerta della citt\u00e0 di Barcellona"}]},{"@type":"WebSite","@id":"https:\/\/www.pressenza.com\/it\/#website","url":"https:\/\/www.pressenza.com\/it\/","name":"Pressenza","description":"Agenzia di Stampa Internazionale","publisher":{"@id":"https:\/\/www.pressenza.com\/it\/#organization"},"potentialAction":[{"@type":"SearchAction","target":{"@type":"EntryPoint","urlTemplate":"https:\/\/www.pressenza.com\/it\/?s={search_term_string}"},"query-input":{"@type":"PropertyValueSpecification","valueRequired":true,"valueName":"search_term_string"}}],"inLanguage":"it-IT"},{"@type":"Organization","@id":"https:\/\/www.pressenza.com\/it\/#organization","name":"Pressenza","url":"https:\/\/www.pressenza.com\/it\/","logo":{"@type":"ImageObject","inLanguage":"it-IT","@id":"https:\/\/www.pressenza.com\/it\/#\/schema\/logo\/image\/","url":"https:\/\/www.pressenza.com\/wp-content\/uploads\/2022\/10\/pressenza_logo_200x200.jpg","contentUrl":"https:\/\/www.pressenza.com\/wp-content\/uploads\/2022\/10\/pressenza_logo_200x200.jpg","width":200,"height":200,"caption":"Pressenza"},"image":{"@id":"https:\/\/www.pressenza.com\/it\/#\/schema\/logo\/image\/"},"sameAs":["https:\/\/www.facebook.com\/PressenzaItalia","https:\/\/x.com\/PressenzaIPA"]},{"@type":"Person","@id":"https:\/\/www.pressenza.com\/it\/#\/schema\/person\/7104466338f7b188aedd367b5e15c977","name":"Raquel Paricio","description":"Docente. Artista. Humanista. Doctora en Arte y Tecnolog\u00eda. Investiga en las diferentes escuelas de meditaci\u00f3n de diferentes culturas.","url":"https:\/\/www.pressenza.com\/it\/author\/raquel-paricio\/"}]}},"place":"","original_article_url":"","_links":{"self":[{"href":"https:\/\/www.pressenza.com\/it\/wp-json\/wp\/v2\/posts\/871333","targetHints":{"allow":["GET"]}}],"collection":[{"href":"https:\/\/www.pressenza.com\/it\/wp-json\/wp\/v2\/posts"}],"about":[{"href":"https:\/\/www.pressenza.com\/it\/wp-json\/wp\/v2\/types\/post"}],"author":[{"embeddable":true,"href":"https:\/\/www.pressenza.com\/it\/wp-json\/wp\/v2\/users\/647"}],"replies":[{"embeddable":true,"href":"https:\/\/www.pressenza.com\/it\/wp-json\/wp\/v2\/comments?post=871333"}],"version-history":[{"count":0,"href":"https:\/\/www.pressenza.com\/it\/wp-json\/wp\/v2\/posts\/871333\/revisions"}],"wp:featuredmedia":[{"embeddable":true,"href":"https:\/\/www.pressenza.com\/it\/wp-json\/wp\/v2\/media\/871312"}],"wp:attachment":[{"href":"https:\/\/www.pressenza.com\/it\/wp-json\/wp\/v2\/media?parent=871333"}],"wp:term":[{"taxonomy":"category","embeddable":true,"href":"https:\/\/www.pressenza.com\/it\/wp-json\/wp\/v2\/categories?post=871333"},{"taxonomy":"post_tag","embeddable":true,"href":"https:\/\/www.pressenza.com\/it\/wp-json\/wp\/v2\/tags?post=871333"}],"curies":[{"name":"wp","href":"https:\/\/api.w.org\/{rel}","templated":true}]}}