{"id":870138,"date":"2019-06-12T20:01:06","date_gmt":"2019-06-12T19:01:06","guid":{"rendered":"https:\/\/www.pressenza.com\/?p=870138"},"modified":"2019-06-12T20:01:58","modified_gmt":"2019-06-12T19:01:58","slug":"corteo-ad-arzano-napoli-contro-licenziamento-politico","status":"publish","type":"post","link":"https:\/\/www.pressenza.com\/it\/2019\/06\/corteo-ad-arzano-napoli-contro-licenziamento-politico\/","title":{"rendered":"Corteo ad Arzano (Napoli) contro licenziamento politico"},"content":{"rendered":"<p><span id=\"msgText_new_message_draft1560365537591_695847b8-4b5f-7538-fd08-b548ff684fa8\" dir=\"ltr\"><b><a class=\"matchTooltip\">Oggi<\/a>, mercoled\u00ec 12 giugno, mille persone hanno sfilato in corteo verso la zona industriale di Arzano<\/b> <b>contro il licenziamento di Giuliano. <\/b><\/span><span id=\"msgText_new_message_draft1560365537591_695847b8-4b5f-7538-fd08-b548ff684fa8\" dir=\"ltr\"><b>Giuliano Granato<\/b>, c<b>oordinatore nazionale di Potere al Popolo!<\/b> e attivista dell&#8217;Ex OPG &#8220;Je so&#8217; pazzo&#8221;, appena pochi giorni fa si \u00e8 visto consegnare dalla Klevers (importante ditta che da anni si occupa di coibentazione) una <b>lettera di licenziamento<\/b> per un presunto &#8220;giustificato motivo oggettivo&#8221; a fronte di un calo di fatturato.<\/span><\/p>\n<p><span id=\"msgText_new_message_draft1560365537591_695847b8-4b5f-7538-fd08-b548ff684fa8\" dir=\"ltr\">Dietro queste parole c&#8217;\u00e8 per\u00f2 la chiara <b>volont\u00e0 di mettere alla porta un lavoratore ritenuto &#8220;scomodo&#8221;<\/b> e fattosi conoscere in azienda per non aver mai chinato la testa.<\/span><\/p>\n<p><span id=\"msgText_new_message_draft1560365537591_695847b8-4b5f-7538-fd08-b548ff684fa8\" dir=\"ltr\">Non a caso la lettera di licenziamento <b>\u00e8 arrivata solo poche settimane dopo il rifiuto da parte dell&#8217;azienda della nomina di Giuliano come rappresentante sindacale dell&#8217;Unione Sindacale di Base. <\/b>Giuliano infatti risulta l&#8217;unico destinatario di tale lettera! <\/span><\/p>\n<p><span id=\"msgText_new_message_draft1560365537591_695847b8-4b5f-7538-fd08-b548ff684fa8\" dir=\"ltr\">\u00c8 davvero inverosimile che il modesto stipendio di un unico dipendente possa risanare i profitti di una grande impresa come la Klevers. Molto pi\u00f9 verosimile \u00e8 che <b>la scelta del licenziamento sia stata determinata dall&#8217;attivit\u00e0 sindacale di Giuliano e dalla costante attenzione esercitata in azienda sulle condizioni lavorative dei dipendenti e per la tutela dei diritti di tutti.<\/b><\/span><\/p>\n<p><span id=\"msgText_new_message_draft1560365537591_695847b8-4b5f-7538-fd08-b548ff684fa8\" dir=\"ltr\">La speranza della dirigenza della Klevers di togliersi di torno un problema sbattendo fuori Giuliano non ha per\u00f2 fatto i conti con la r<b>eazione e la solidariet\u00e0 messa in campo dalla comunit\u00e0 di Potere al popolo! e delle tante realt\u00e0 sindacali che si sono immediatamente mobilitate in tutta Italia.<\/b><\/span><\/p>\n<p><span id=\"msgText_new_message_draft1560365537591_695847b8-4b5f-7538-fd08-b548ff684fa8\" dir=\"ltr\"><b>La manifestazione \u00e8 solo un primo passo nella battaglia legale, politica e mediatica che porteremo davanti ai cancelli della fabbrica di Arzano e oltre. <\/b>Dalla Klevers vogliamo lanciare con forza una risposta che vada verso tutti i luoghi di lavoro in cui il licenziamento \u00e8 usato come strumento di paura per tentare di &#8220;tenere buoni&#8221; i lavoratori. <\/span><\/p>\n<p><span id=\"msgText_new_message_draft1560365537591_695847b8-4b5f-7538-fd08-b548ff684fa8\" dir=\"ltr\"><b>Per Giuliano, per tutti noi, contro i licenziamenti politici.<\/b><\/span><\/p>\n","protected":false},"excerpt":{"rendered":"<p>Oggi, mercoled\u00ec 12 giugno, mille persone hanno sfilato in corteo verso la zona industriale di Arzano contro il licenziamento di Giuliano. Giuliano Granato, coordinatore nazionale di Potere al Popolo! e attivista dell&#8217;Ex OPG &#8220;Je so&#8217; pazzo&#8221;, appena pochi giorni fa&hellip;<\/p>\n","protected":false},"author":1515,"featured_media":870139,"comment_status":"closed","ping_status":"closed","sticky":false,"template":"","format":"standard","meta":{"footnotes":""},"categories":[150,60,47],"tags":[59686,59687,59689,59688],"class_list":["post-870138","post","type-post","status-publish","format-standard","has-post-thumbnail","hentry","category-comunicati-stampa","category-diritti-umani","category-europa","tag-arzano","tag-giuliano-granato","tag-klevers","tag-licenziamento"],"yoast_head":"<!-- This site is optimized with the Yoast SEO plugin v27.1.1 - https:\/\/yoast.com\/product\/yoast-seo-wordpress\/ -->\n<title>Corteo ad Arzano (Napoli) contro licenziamento politico<\/title>\n<meta name=\"description\" content=\"Giuliano Granato, coordinatore nazionale di Potere al Popolo!, si \u00e8 visto consegnare una lettera di licenziamento per un presunto &quot;giustificato motivo oggettivo&quot; a fronte di un calo di fatturato. Dietro queste parole c&#039;\u00e8 per\u00f2 la volont\u00e0 di mettere alla porta un lavoratore ritenuto &quot;scomodo&quot;\" \/>\n<meta name=\"robots\" content=\"index, follow, max-snippet:-1, max-image-preview:large, max-video-preview:-1\" \/>\n<link rel=\"canonical\" href=\"https:\/\/www.pressenza.com\/it\/2019\/06\/corteo-ad-arzano-napoli-contro-licenziamento-politico\/\" \/>\n<meta property=\"og:locale\" content=\"it_IT\" \/>\n<meta property=\"og:type\" content=\"article\" \/>\n<meta property=\"og:title\" content=\"Corteo ad Arzano (Napoli) contro licenziamento politico\" \/>\n<meta property=\"og:description\" content=\"Giuliano Granato, coordinatore nazionale di Potere al Popolo!, si \u00e8 visto consegnare una lettera di licenziamento per un presunto &quot;giustificato motivo oggettivo&quot; a fronte di un calo di fatturato. Dietro queste parole c&#039;\u00e8 per\u00f2 la volont\u00e0 di mettere alla porta un lavoratore ritenuto &quot;scomodo&quot;\" \/>\n<meta property=\"og:url\" content=\"https:\/\/www.pressenza.com\/it\/2019\/06\/corteo-ad-arzano-napoli-contro-licenziamento-politico\/\" \/>\n<meta property=\"og:site_name\" content=\"Pressenza\" \/>\n<meta property=\"article:publisher\" content=\"https:\/\/www.facebook.com\/PressenzaItalia\" \/>\n<meta property=\"article:published_time\" content=\"2019-06-12T19:01:06+00:00\" \/>\n<meta property=\"article:modified_time\" content=\"2019-06-12T19:01:58+00:00\" \/>\n<meta property=\"og:image\" content=\"https:\/\/www.pressenza.com\/wp-content\/uploads\/2019\/06\/Corteo-per-Giuliano-Granato.jpg\" \/>\n\t<meta property=\"og:image:width\" content=\"720\" \/>\n\t<meta property=\"og:image:height\" content=\"481\" \/>\n\t<meta property=\"og:image:type\" content=\"image\/jpeg\" \/>\n<meta name=\"author\" content=\"Potere Al Popolo\" \/>\n<meta name=\"twitter:card\" content=\"summary_large_image\" \/>\n<meta name=\"twitter:creator\" content=\"@PressenzaIPA\" \/>\n<meta name=\"twitter:site\" content=\"@PressenzaIPA\" \/>\n<meta name=\"twitter:label1\" content=\"Scritto da\" \/>\n\t<meta name=\"twitter:data1\" content=\"Potere Al Popolo\" \/>\n\t<meta name=\"twitter:label2\" content=\"Tempo di lettura stimato\" \/>\n\t<meta name=\"twitter:data2\" content=\"2 minuti\" \/>\n<script type=\"application\/ld+json\" class=\"yoast-schema-graph\">{\"@context\":\"https:\/\/schema.org\",\"@graph\":[{\"@type\":\"Article\",\"@id\":\"https:\/\/www.pressenza.com\/it\/2019\/06\/corteo-ad-arzano-napoli-contro-licenziamento-politico\/#article\",\"isPartOf\":{\"@id\":\"https:\/\/www.pressenza.com\/it\/2019\/06\/corteo-ad-arzano-napoli-contro-licenziamento-politico\/\"},\"author\":{\"name\":\"Potere Al Popolo\",\"@id\":\"https:\/\/www.pressenza.com\/it\/#\/schema\/person\/d82b464065b17ccca8a55d1e444cceeb\"},\"headline\":\"Corteo ad Arzano (Napoli) contro licenziamento politico\",\"datePublished\":\"2019-06-12T19:01:06+00:00\",\"dateModified\":\"2019-06-12T19:01:58+00:00\",\"mainEntityOfPage\":{\"@id\":\"https:\/\/www.pressenza.com\/it\/2019\/06\/corteo-ad-arzano-napoli-contro-licenziamento-politico\/\"},\"wordCount\":315,\"publisher\":{\"@id\":\"https:\/\/www.pressenza.com\/it\/#organization\"},\"image\":{\"@id\":\"https:\/\/www.pressenza.com\/it\/2019\/06\/corteo-ad-arzano-napoli-contro-licenziamento-politico\/#primaryimage\"},\"thumbnailUrl\":\"https:\/\/www.pressenza.com\/wp-content\/uploads\/2019\/06\/Corteo-per-Giuliano-Granato.jpg\",\"keywords\":[\"Arzano\",\"Giuliano Granato\",\"Klevers\",\"licenziamento\"],\"articleSection\":[\"Comunicati Stampa\",\"Diritti Umani\",\"Europa\"],\"inLanguage\":\"it-IT\"},{\"@type\":\"WebPage\",\"@id\":\"https:\/\/www.pressenza.com\/it\/2019\/06\/corteo-ad-arzano-napoli-contro-licenziamento-politico\/\",\"url\":\"https:\/\/www.pressenza.com\/it\/2019\/06\/corteo-ad-arzano-napoli-contro-licenziamento-politico\/\",\"name\":\"Corteo ad Arzano (Napoli) contro licenziamento politico\",\"isPartOf\":{\"@id\":\"https:\/\/www.pressenza.com\/it\/#website\"},\"primaryImageOfPage\":{\"@id\":\"https:\/\/www.pressenza.com\/it\/2019\/06\/corteo-ad-arzano-napoli-contro-licenziamento-politico\/#primaryimage\"},\"image\":{\"@id\":\"https:\/\/www.pressenza.com\/it\/2019\/06\/corteo-ad-arzano-napoli-contro-licenziamento-politico\/#primaryimage\"},\"thumbnailUrl\":\"https:\/\/www.pressenza.com\/wp-content\/uploads\/2019\/06\/Corteo-per-Giuliano-Granato.jpg\",\"datePublished\":\"2019-06-12T19:01:06+00:00\",\"dateModified\":\"2019-06-12T19:01:58+00:00\",\"description\":\"Giuliano Granato, coordinatore nazionale di Potere al Popolo!, si \u00e8 visto consegnare una lettera di licenziamento per un presunto \\\"giustificato motivo oggettivo\\\" a fronte di un calo di fatturato. Dietro queste parole c'\u00e8 per\u00f2 la volont\u00e0 di mettere alla porta un lavoratore ritenuto \\\"scomodo\\\"\",\"breadcrumb\":{\"@id\":\"https:\/\/www.pressenza.com\/it\/2019\/06\/corteo-ad-arzano-napoli-contro-licenziamento-politico\/#breadcrumb\"},\"inLanguage\":\"it-IT\",\"potentialAction\":[{\"@type\":\"ReadAction\",\"target\":[\"https:\/\/www.pressenza.com\/it\/2019\/06\/corteo-ad-arzano-napoli-contro-licenziamento-politico\/\"]}]},{\"@type\":\"ImageObject\",\"inLanguage\":\"it-IT\",\"@id\":\"https:\/\/www.pressenza.com\/it\/2019\/06\/corteo-ad-arzano-napoli-contro-licenziamento-politico\/#primaryimage\",\"url\":\"https:\/\/www.pressenza.com\/wp-content\/uploads\/2019\/06\/Corteo-per-Giuliano-Granato.jpg\",\"contentUrl\":\"https:\/\/www.pressenza.com\/wp-content\/uploads\/2019\/06\/Corteo-per-Giuliano-Granato.jpg\",\"width\":720,\"height\":481,\"caption\":\"Corteo per Giuliano Granato\"},{\"@type\":\"BreadcrumbList\",\"@id\":\"https:\/\/www.pressenza.com\/it\/2019\/06\/corteo-ad-arzano-napoli-contro-licenziamento-politico\/#breadcrumb\",\"itemListElement\":[{\"@type\":\"ListItem\",\"position\":1,\"name\":\"Accueil\",\"item\":\"https:\/\/www.pressenza.com\/it\/\"},{\"@type\":\"ListItem\",\"position\":2,\"name\":\"Corteo ad Arzano (Napoli) contro licenziamento politico\"}]},{\"@type\":\"WebSite\",\"@id\":\"https:\/\/www.pressenza.com\/it\/#website\",\"url\":\"https:\/\/www.pressenza.com\/it\/\",\"name\":\"Pressenza\",\"description\":\"Agenzia di Stampa Internazionale\",\"publisher\":{\"@id\":\"https:\/\/www.pressenza.com\/it\/#organization\"},\"potentialAction\":[{\"@type\":\"SearchAction\",\"target\":{\"@type\":\"EntryPoint\",\"urlTemplate\":\"https:\/\/www.pressenza.com\/it\/?s={search_term_string}\"},\"query-input\":{\"@type\":\"PropertyValueSpecification\",\"valueRequired\":true,\"valueName\":\"search_term_string\"}}],\"inLanguage\":\"it-IT\"},{\"@type\":\"Organization\",\"@id\":\"https:\/\/www.pressenza.com\/it\/#organization\",\"name\":\"Pressenza\",\"url\":\"https:\/\/www.pressenza.com\/it\/\",\"logo\":{\"@type\":\"ImageObject\",\"inLanguage\":\"it-IT\",\"@id\":\"https:\/\/www.pressenza.com\/it\/#\/schema\/logo\/image\/\",\"url\":\"https:\/\/www.pressenza.com\/wp-content\/uploads\/2022\/10\/pressenza_logo_200x200.jpg\",\"contentUrl\":\"https:\/\/www.pressenza.com\/wp-content\/uploads\/2022\/10\/pressenza_logo_200x200.jpg\",\"width\":200,\"height\":200,\"caption\":\"Pressenza\"},\"image\":{\"@id\":\"https:\/\/www.pressenza.com\/it\/#\/schema\/logo\/image\/\"},\"sameAs\":[\"https:\/\/www.facebook.com\/PressenzaItalia\",\"https:\/\/x.com\/PressenzaIPA\"]},{\"@type\":\"Person\",\"@id\":\"https:\/\/www.pressenza.com\/it\/#\/schema\/person\/d82b464065b17ccca8a55d1e444cceeb\",\"name\":\"Potere Al Popolo\",\"url\":\"https:\/\/www.pressenza.com\/it\/author\/potere-al-popolo\/\"}]}<\/script>\n<!-- \/ Yoast SEO plugin. -->","yoast_head_json":{"title":"Corteo ad Arzano (Napoli) contro licenziamento politico","description":"Giuliano Granato, coordinatore nazionale di Potere al Popolo!, si \u00e8 visto consegnare una lettera di licenziamento per un presunto \"giustificato motivo oggettivo\" a fronte di un calo di fatturato. Dietro queste parole c'\u00e8 per\u00f2 la volont\u00e0 di mettere alla porta un lavoratore ritenuto \"scomodo\"","robots":{"index":"index","follow":"follow","max-snippet":"max-snippet:-1","max-image-preview":"max-image-preview:large","max-video-preview":"max-video-preview:-1"},"canonical":"https:\/\/www.pressenza.com\/it\/2019\/06\/corteo-ad-arzano-napoli-contro-licenziamento-politico\/","og_locale":"it_IT","og_type":"article","og_title":"Corteo ad Arzano (Napoli) contro licenziamento politico","og_description":"Giuliano Granato, coordinatore nazionale di Potere al Popolo!, si \u00e8 visto consegnare una lettera di licenziamento per un presunto \"giustificato motivo oggettivo\" a fronte di un calo di fatturato. Dietro queste parole c'\u00e8 per\u00f2 la volont\u00e0 di mettere alla porta un lavoratore ritenuto \"scomodo\"","og_url":"https:\/\/www.pressenza.com\/it\/2019\/06\/corteo-ad-arzano-napoli-contro-licenziamento-politico\/","og_site_name":"Pressenza","article_publisher":"https:\/\/www.facebook.com\/PressenzaItalia","article_published_time":"2019-06-12T19:01:06+00:00","article_modified_time":"2019-06-12T19:01:58+00:00","og_image":[{"width":720,"height":481,"url":"https:\/\/www.pressenza.com\/wp-content\/uploads\/2019\/06\/Corteo-per-Giuliano-Granato.jpg","type":"image\/jpeg"}],"author":"Potere Al Popolo","twitter_card":"summary_large_image","twitter_creator":"@PressenzaIPA","twitter_site":"@PressenzaIPA","twitter_misc":{"Scritto da":"Potere Al Popolo","Tempo di lettura stimato":"2 minuti"},"schema":{"@context":"https:\/\/schema.org","@graph":[{"@type":"Article","@id":"https:\/\/www.pressenza.com\/it\/2019\/06\/corteo-ad-arzano-napoli-contro-licenziamento-politico\/#article","isPartOf":{"@id":"https:\/\/www.pressenza.com\/it\/2019\/06\/corteo-ad-arzano-napoli-contro-licenziamento-politico\/"},"author":{"name":"Potere Al Popolo","@id":"https:\/\/www.pressenza.com\/it\/#\/schema\/person\/d82b464065b17ccca8a55d1e444cceeb"},"headline":"Corteo ad Arzano (Napoli) contro licenziamento politico","datePublished":"2019-06-12T19:01:06+00:00","dateModified":"2019-06-12T19:01:58+00:00","mainEntityOfPage":{"@id":"https:\/\/www.pressenza.com\/it\/2019\/06\/corteo-ad-arzano-napoli-contro-licenziamento-politico\/"},"wordCount":315,"publisher":{"@id":"https:\/\/www.pressenza.com\/it\/#organization"},"image":{"@id":"https:\/\/www.pressenza.com\/it\/2019\/06\/corteo-ad-arzano-napoli-contro-licenziamento-politico\/#primaryimage"},"thumbnailUrl":"https:\/\/www.pressenza.com\/wp-content\/uploads\/2019\/06\/Corteo-per-Giuliano-Granato.jpg","keywords":["Arzano","Giuliano Granato","Klevers","licenziamento"],"articleSection":["Comunicati Stampa","Diritti Umani","Europa"],"inLanguage":"it-IT"},{"@type":"WebPage","@id":"https:\/\/www.pressenza.com\/it\/2019\/06\/corteo-ad-arzano-napoli-contro-licenziamento-politico\/","url":"https:\/\/www.pressenza.com\/it\/2019\/06\/corteo-ad-arzano-napoli-contro-licenziamento-politico\/","name":"Corteo ad Arzano (Napoli) contro licenziamento politico","isPartOf":{"@id":"https:\/\/www.pressenza.com\/it\/#website"},"primaryImageOfPage":{"@id":"https:\/\/www.pressenza.com\/it\/2019\/06\/corteo-ad-arzano-napoli-contro-licenziamento-politico\/#primaryimage"},"image":{"@id":"https:\/\/www.pressenza.com\/it\/2019\/06\/corteo-ad-arzano-napoli-contro-licenziamento-politico\/#primaryimage"},"thumbnailUrl":"https:\/\/www.pressenza.com\/wp-content\/uploads\/2019\/06\/Corteo-per-Giuliano-Granato.jpg","datePublished":"2019-06-12T19:01:06+00:00","dateModified":"2019-06-12T19:01:58+00:00","description":"Giuliano Granato, coordinatore nazionale di Potere al Popolo!, si \u00e8 visto consegnare una lettera di licenziamento per un presunto \"giustificato motivo oggettivo\" a fronte di un calo di fatturato. Dietro queste parole c'\u00e8 per\u00f2 la volont\u00e0 di mettere alla porta un lavoratore ritenuto \"scomodo\"","breadcrumb":{"@id":"https:\/\/www.pressenza.com\/it\/2019\/06\/corteo-ad-arzano-napoli-contro-licenziamento-politico\/#breadcrumb"},"inLanguage":"it-IT","potentialAction":[{"@type":"ReadAction","target":["https:\/\/www.pressenza.com\/it\/2019\/06\/corteo-ad-arzano-napoli-contro-licenziamento-politico\/"]}]},{"@type":"ImageObject","inLanguage":"it-IT","@id":"https:\/\/www.pressenza.com\/it\/2019\/06\/corteo-ad-arzano-napoli-contro-licenziamento-politico\/#primaryimage","url":"https:\/\/www.pressenza.com\/wp-content\/uploads\/2019\/06\/Corteo-per-Giuliano-Granato.jpg","contentUrl":"https:\/\/www.pressenza.com\/wp-content\/uploads\/2019\/06\/Corteo-per-Giuliano-Granato.jpg","width":720,"height":481,"caption":"Corteo per Giuliano Granato"},{"@type":"BreadcrumbList","@id":"https:\/\/www.pressenza.com\/it\/2019\/06\/corteo-ad-arzano-napoli-contro-licenziamento-politico\/#breadcrumb","itemListElement":[{"@type":"ListItem","position":1,"name":"Accueil","item":"https:\/\/www.pressenza.com\/it\/"},{"@type":"ListItem","position":2,"name":"Corteo ad Arzano (Napoli) contro licenziamento politico"}]},{"@type":"WebSite","@id":"https:\/\/www.pressenza.com\/it\/#website","url":"https:\/\/www.pressenza.com\/it\/","name":"Pressenza","description":"Agenzia di Stampa Internazionale","publisher":{"@id":"https:\/\/www.pressenza.com\/it\/#organization"},"potentialAction":[{"@type":"SearchAction","target":{"@type":"EntryPoint","urlTemplate":"https:\/\/www.pressenza.com\/it\/?s={search_term_string}"},"query-input":{"@type":"PropertyValueSpecification","valueRequired":true,"valueName":"search_term_string"}}],"inLanguage":"it-IT"},{"@type":"Organization","@id":"https:\/\/www.pressenza.com\/it\/#organization","name":"Pressenza","url":"https:\/\/www.pressenza.com\/it\/","logo":{"@type":"ImageObject","inLanguage":"it-IT","@id":"https:\/\/www.pressenza.com\/it\/#\/schema\/logo\/image\/","url":"https:\/\/www.pressenza.com\/wp-content\/uploads\/2022\/10\/pressenza_logo_200x200.jpg","contentUrl":"https:\/\/www.pressenza.com\/wp-content\/uploads\/2022\/10\/pressenza_logo_200x200.jpg","width":200,"height":200,"caption":"Pressenza"},"image":{"@id":"https:\/\/www.pressenza.com\/it\/#\/schema\/logo\/image\/"},"sameAs":["https:\/\/www.facebook.com\/PressenzaItalia","https:\/\/x.com\/PressenzaIPA"]},{"@type":"Person","@id":"https:\/\/www.pressenza.com\/it\/#\/schema\/person\/d82b464065b17ccca8a55d1e444cceeb","name":"Potere Al Popolo","url":"https:\/\/www.pressenza.com\/it\/author\/potere-al-popolo\/"}]}},"place":"","original_article_url":"","_links":{"self":[{"href":"https:\/\/www.pressenza.com\/it\/wp-json\/wp\/v2\/posts\/870138","targetHints":{"allow":["GET"]}}],"collection":[{"href":"https:\/\/www.pressenza.com\/it\/wp-json\/wp\/v2\/posts"}],"about":[{"href":"https:\/\/www.pressenza.com\/it\/wp-json\/wp\/v2\/types\/post"}],"author":[{"embeddable":true,"href":"https:\/\/www.pressenza.com\/it\/wp-json\/wp\/v2\/users\/1515"}],"replies":[{"embeddable":true,"href":"https:\/\/www.pressenza.com\/it\/wp-json\/wp\/v2\/comments?post=870138"}],"version-history":[{"count":0,"href":"https:\/\/www.pressenza.com\/it\/wp-json\/wp\/v2\/posts\/870138\/revisions"}],"wp:featuredmedia":[{"embeddable":true,"href":"https:\/\/www.pressenza.com\/it\/wp-json\/wp\/v2\/media\/870139"}],"wp:attachment":[{"href":"https:\/\/www.pressenza.com\/it\/wp-json\/wp\/v2\/media?parent=870138"}],"wp:term":[{"taxonomy":"category","embeddable":true,"href":"https:\/\/www.pressenza.com\/it\/wp-json\/wp\/v2\/categories?post=870138"},{"taxonomy":"post_tag","embeddable":true,"href":"https:\/\/www.pressenza.com\/it\/wp-json\/wp\/v2\/tags?post=870138"}],"curies":[{"name":"wp","href":"https:\/\/api.w.org\/{rel}","templated":true}]}}