{"id":869502,"date":"2019-06-11T13:15:50","date_gmt":"2019-06-11T12:15:50","guid":{"rendered":"https:\/\/www.pressenza.com\/?p=869502"},"modified":"2019-06-11T13:15:50","modified_gmt":"2019-06-11T12:15:50","slug":"storytelling-for-social-impact","status":"publish","type":"post","link":"https:\/\/www.pressenza.com\/it\/2019\/06\/storytelling-for-social-impact\/","title":{"rendered":"Storytelling for Social Impact"},"content":{"rendered":"<p><strong>Luned\u00ec 17 giugno 2019 dalle ore 18:00 alle 20:00<\/strong><\/p>\n<p><strong><a href=\"https:\/\/www.facebook.com\/chiamamilano\/?eid=ARDO7zn_vMVvwECIdvjf2FP934fY11ISPSC0HAvq8PcQim2caz-SXt5w7HDZYISYL8-XPbXMElSroFAq\">ChiAmaMilano<\/a><\/strong><\/p>\n<p><strong>via Laghetto 2, Milano<\/strong><\/p>\n<p><strong>Organizzato da\u00a0<a href=\"https:\/\/www.facebook.com\/WisePlacesGenerazione\/?eid=ARBnpLendG1MB8h1VwjnqbO2X0SnPg2G_5c0T6j5bymwGjGyw74DRgg6qk0Ruqd_0P6uhFEKLtAs27a7\" data-hovercard=\"\/ajax\/hovercard\/page.php?id=2272353982853644&amp;extragetparams=%7B%22eid%22%3A%22ARBnpLendG1MB8h1VwjnqbO2X0SnPg2G_5c0T6j5bymwGjGyw74DRgg6qk0Ruqd_0P6uhFEKLtAs27a7%22%7D\" data-hovercard-position=\"below\">Wise Places<\/a><\/strong><\/p>\n<p>In questo momento di fervore sociale, molti di noi ci stiamo impegnando ad immaginare e co-creare una societ\u00e0 giusta e sostenibile. Siamo consapevoli del fatto che i modelli attuali stanno degradando l&#8217;ambiente e interferendo con il clima in un modo che render\u00e0 il nostro pianeta sempre pi\u00f9 ostile alla vita, se non troviamo modo di invertire la traiettoria e rigenerare i nostri ecosistemi. Ci troviamo davanti a un bivio in cui dobbiamo inventare una nuova narrativa, sapendo che tutto nasce dall&#8217;immaginazione e che, nei fatti, siamo le storie che raccontiamo a noi stessi e agli altri.<\/p>\n<p>Sarah Marder di <a href=\"https:\/\/www.facebook.com\/WisePlacesGenerazione\/\">Wise Places<\/a> &#8212; un&#8217;associazione culturale che promuove iniziative e contenuti che sensibilizzano riguardo alla relazione simbiotica fra noi e i nostri luoghi &#8212; propone un corso di circa 90 minuti in tema di Storytelling For Social Impact. La prima parte sar\u00e0 dedicata a capire perch\u00e9 \u00e8 utile lo storytelling sociale mentre la seconda parte si focalizzer\u00e0 sul come, esaminando un archetipo di struttura narrativa, ovvero &#8220;il viaggio dell&#8217;eroe&#8221; basato sul lavoro di Joseph Campbell e Christopher Vogler.<\/p>\n<p>L&#8217;intenzione \u00e8 aiutare le persone a rendersi conto di quanto possiamo co-creare una nuova societ\u00e0 tramite le storie che raccontiamo, visto che le storie sono dei \u201cprincipi organizzanti\u201d potenti all\u2019interno delle nostre menti.<\/p>\n<p>La parte finale dell&#8217;incontro sar\u00e0 dedicata alla proposta di creare un primo presidio Workshop Unesco Chair (WUC) a Milano per indagare un paesaggio interiore su cui Sarah sta riflettendo e lavorando in questo momento, ovvero il bisogno di coltivare la resilienza emotiva all&#8217;interno della comunit\u00e0 di attivisti climatici ed altre persone consapevoli della gravit\u00e0 della situazione ambientale e climatica.<\/p>\n<p>Sarah \u00e8 un&#8217;attivista di <a href=\"https:\/\/www.facebook.com\/hashtag\/fridaysforfuture\">#FridaysForFuture<\/a> e vive in prima persona il bisogno di approfondire questo tema e proporr\u00e0 un percorso di laboratori esperienziali alla crocevia fra collaborative filmmaking, crescita personale e &#8220;community building&#8221;. Cerca 5-10 persone disposte a partecipare in questo progetto pilota. Insieme indagheranno i temi stabiliti e creeranno dei cortometraggi.<\/p>\n<p>&nbsp;<\/p>\n","protected":false},"excerpt":{"rendered":"<p>Luned\u00ec 17 giugno 2019 dalle ore 18:00 alle 20:00 ChiAmaMilano via Laghetto 2, Milano Organizzato da\u00a0Wise Places In questo momento di fervore sociale, molti di noi ci stiamo impegnando ad immaginare e co-creare una societ\u00e0 giusta e sostenibile. Siamo consapevoli&hellip;<\/p>\n","protected":false},"author":1600,"featured_media":869503,"comment_status":"closed","ping_status":"closed","sticky":false,"template":"","format":"standard","meta":{"footnotes":""},"categories":[56,59,47],"tags":[7908,59655,53987,31178],"class_list":["post-869502","post","type-post","status-publish","format-standard","has-post-thumbnail","hentry","category-cultura","category-ambiente-ecologia","category-europa","tag-clima","tag-cortometraggi","tag-fridays-for-future","tag-storytelling"],"yoast_head":"<!-- This site is optimized with the Yoast SEO plugin v27.1.1 - https:\/\/yoast.com\/product\/yoast-seo-wordpress\/ -->\n<title>Storytelling for Social Impact<\/title>\n<meta name=\"description\" content=\"Luned\u00ec 17 giugno 2019 dalle ore 18:00 alle 20:00 ChiAmaMilano via Laghetto 2, Milano Organizzato da\u00a0Wise Places In questo momento di fervore sociale,\" \/>\n<meta name=\"robots\" content=\"index, follow, max-snippet:-1, max-image-preview:large, max-video-preview:-1\" \/>\n<link rel=\"canonical\" href=\"https:\/\/www.pressenza.com\/it\/2019\/06\/storytelling-for-social-impact\/\" \/>\n<meta property=\"og:locale\" content=\"it_IT\" \/>\n<meta property=\"og:type\" content=\"article\" \/>\n<meta property=\"og:title\" content=\"Storytelling for Social Impact\" \/>\n<meta property=\"og:description\" content=\"Luned\u00ec 17 giugno 2019 dalle ore 18:00 alle 20:00 ChiAmaMilano via Laghetto 2, Milano Organizzato da\u00a0Wise Places In questo momento di fervore sociale,\" \/>\n<meta property=\"og:url\" content=\"https:\/\/www.pressenza.com\/it\/2019\/06\/storytelling-for-social-impact\/\" \/>\n<meta property=\"og:site_name\" content=\"Pressenza\" \/>\n<meta property=\"article:publisher\" content=\"https:\/\/www.facebook.com\/PressenzaItalia\" \/>\n<meta property=\"article:published_time\" content=\"2019-06-11T12:15:50+00:00\" \/>\n<meta property=\"og:image\" content=\"https:\/\/www.pressenza.com\/wp-content\/uploads\/2019\/06\/story-telling-Sarah.jpg\" \/>\n\t<meta property=\"og:image:width\" content=\"2048\" \/>\n\t<meta property=\"og:image:height\" content=\"1365\" \/>\n\t<meta property=\"og:image:type\" content=\"image\/jpeg\" \/>\n<meta name=\"author\" content=\"Sarah Marder\" \/>\n<meta name=\"twitter:card\" content=\"summary_large_image\" \/>\n<meta name=\"twitter:creator\" content=\"@PressenzaIPA\" \/>\n<meta name=\"twitter:site\" content=\"@PressenzaIPA\" \/>\n<meta name=\"twitter:label1\" content=\"Scritto da\" \/>\n\t<meta name=\"twitter:data1\" content=\"Sarah Marder\" \/>\n\t<meta name=\"twitter:label2\" content=\"Tempo di lettura stimato\" \/>\n\t<meta name=\"twitter:data2\" content=\"2 minuti\" \/>\n<script type=\"application\/ld+json\" class=\"yoast-schema-graph\">{\"@context\":\"https:\/\/schema.org\",\"@graph\":[{\"@type\":\"Article\",\"@id\":\"https:\/\/www.pressenza.com\/it\/2019\/06\/storytelling-for-social-impact\/#article\",\"isPartOf\":{\"@id\":\"https:\/\/www.pressenza.com\/it\/2019\/06\/storytelling-for-social-impact\/\"},\"author\":{\"name\":\"Sarah Marder\",\"@id\":\"https:\/\/www.pressenza.com\/it\/#\/schema\/person\/9bc570cc018e5c928d92606b81c6c35d\"},\"headline\":\"Storytelling for Social Impact\",\"datePublished\":\"2019-06-11T12:15:50+00:00\",\"mainEntityOfPage\":{\"@id\":\"https:\/\/www.pressenza.com\/it\/2019\/06\/storytelling-for-social-impact\/\"},\"wordCount\":343,\"publisher\":{\"@id\":\"https:\/\/www.pressenza.com\/it\/#organization\"},\"image\":{\"@id\":\"https:\/\/www.pressenza.com\/it\/2019\/06\/storytelling-for-social-impact\/#primaryimage\"},\"thumbnailUrl\":\"https:\/\/www.pressenza.com\/wp-content\/uploads\/2019\/06\/story-telling-Sarah.jpg\",\"keywords\":[\"clima\",\"cortometraggi\",\"Fridays for Future\",\"storytelling\"],\"articleSection\":[\"Cultura e Media\",\"Ecologia ed Ambiente\",\"Europa\"],\"inLanguage\":\"it-IT\"},{\"@type\":\"WebPage\",\"@id\":\"https:\/\/www.pressenza.com\/it\/2019\/06\/storytelling-for-social-impact\/\",\"url\":\"https:\/\/www.pressenza.com\/it\/2019\/06\/storytelling-for-social-impact\/\",\"name\":\"Storytelling for Social Impact\",\"isPartOf\":{\"@id\":\"https:\/\/www.pressenza.com\/it\/#website\"},\"primaryImageOfPage\":{\"@id\":\"https:\/\/www.pressenza.com\/it\/2019\/06\/storytelling-for-social-impact\/#primaryimage\"},\"image\":{\"@id\":\"https:\/\/www.pressenza.com\/it\/2019\/06\/storytelling-for-social-impact\/#primaryimage\"},\"thumbnailUrl\":\"https:\/\/www.pressenza.com\/wp-content\/uploads\/2019\/06\/story-telling-Sarah.jpg\",\"datePublished\":\"2019-06-11T12:15:50+00:00\",\"description\":\"Luned\u00ec 17 giugno 2019 dalle ore 18:00 alle 20:00 ChiAmaMilano via Laghetto 2, Milano Organizzato da\u00a0Wise Places In questo momento di fervore sociale,\",\"breadcrumb\":{\"@id\":\"https:\/\/www.pressenza.com\/it\/2019\/06\/storytelling-for-social-impact\/#breadcrumb\"},\"inLanguage\":\"it-IT\",\"potentialAction\":[{\"@type\":\"ReadAction\",\"target\":[\"https:\/\/www.pressenza.com\/it\/2019\/06\/storytelling-for-social-impact\/\"]}]},{\"@type\":\"ImageObject\",\"inLanguage\":\"it-IT\",\"@id\":\"https:\/\/www.pressenza.com\/it\/2019\/06\/storytelling-for-social-impact\/#primaryimage\",\"url\":\"https:\/\/www.pressenza.com\/wp-content\/uploads\/2019\/06\/story-telling-Sarah.jpg\",\"contentUrl\":\"https:\/\/www.pressenza.com\/wp-content\/uploads\/2019\/06\/story-telling-Sarah.jpg\",\"width\":2048,\"height\":1365},{\"@type\":\"BreadcrumbList\",\"@id\":\"https:\/\/www.pressenza.com\/it\/2019\/06\/storytelling-for-social-impact\/#breadcrumb\",\"itemListElement\":[{\"@type\":\"ListItem\",\"position\":1,\"name\":\"Accueil\",\"item\":\"https:\/\/www.pressenza.com\/it\/\"},{\"@type\":\"ListItem\",\"position\":2,\"name\":\"Storytelling for Social Impact\"}]},{\"@type\":\"WebSite\",\"@id\":\"https:\/\/www.pressenza.com\/it\/#website\",\"url\":\"https:\/\/www.pressenza.com\/it\/\",\"name\":\"Pressenza\",\"description\":\"Agenzia di Stampa Internazionale\",\"publisher\":{\"@id\":\"https:\/\/www.pressenza.com\/it\/#organization\"},\"potentialAction\":[{\"@type\":\"SearchAction\",\"target\":{\"@type\":\"EntryPoint\",\"urlTemplate\":\"https:\/\/www.pressenza.com\/it\/?s={search_term_string}\"},\"query-input\":{\"@type\":\"PropertyValueSpecification\",\"valueRequired\":true,\"valueName\":\"search_term_string\"}}],\"inLanguage\":\"it-IT\"},{\"@type\":\"Organization\",\"@id\":\"https:\/\/www.pressenza.com\/it\/#organization\",\"name\":\"Pressenza\",\"url\":\"https:\/\/www.pressenza.com\/it\/\",\"logo\":{\"@type\":\"ImageObject\",\"inLanguage\":\"it-IT\",\"@id\":\"https:\/\/www.pressenza.com\/it\/#\/schema\/logo\/image\/\",\"url\":\"https:\/\/www.pressenza.com\/wp-content\/uploads\/2022\/10\/pressenza_logo_200x200.jpg\",\"contentUrl\":\"https:\/\/www.pressenza.com\/wp-content\/uploads\/2022\/10\/pressenza_logo_200x200.jpg\",\"width\":200,\"height\":200,\"caption\":\"Pressenza\"},\"image\":{\"@id\":\"https:\/\/www.pressenza.com\/it\/#\/schema\/logo\/image\/\"},\"sameAs\":[\"https:\/\/www.facebook.com\/PressenzaItalia\",\"https:\/\/x.com\/PressenzaIPA\"]},{\"@type\":\"Person\",\"@id\":\"https:\/\/www.pressenza.com\/it\/#\/schema\/person\/9bc570cc018e5c928d92606b81c6c35d\",\"name\":\"Sarah Marder\",\"url\":\"https:\/\/www.pressenza.com\/it\/author\/sarah-marder\/\"}]}<\/script>\n<!-- \/ Yoast SEO plugin. -->","yoast_head_json":{"title":"Storytelling for Social Impact","description":"Luned\u00ec 17 giugno 2019 dalle ore 18:00 alle 20:00 ChiAmaMilano via Laghetto 2, Milano Organizzato da\u00a0Wise Places In questo momento di fervore sociale,","robots":{"index":"index","follow":"follow","max-snippet":"max-snippet:-1","max-image-preview":"max-image-preview:large","max-video-preview":"max-video-preview:-1"},"canonical":"https:\/\/www.pressenza.com\/it\/2019\/06\/storytelling-for-social-impact\/","og_locale":"it_IT","og_type":"article","og_title":"Storytelling for Social Impact","og_description":"Luned\u00ec 17 giugno 2019 dalle ore 18:00 alle 20:00 ChiAmaMilano via Laghetto 2, Milano Organizzato da\u00a0Wise Places In questo momento di fervore sociale,","og_url":"https:\/\/www.pressenza.com\/it\/2019\/06\/storytelling-for-social-impact\/","og_site_name":"Pressenza","article_publisher":"https:\/\/www.facebook.com\/PressenzaItalia","article_published_time":"2019-06-11T12:15:50+00:00","og_image":[{"width":2048,"height":1365,"url":"https:\/\/www.pressenza.com\/wp-content\/uploads\/2019\/06\/story-telling-Sarah.jpg","type":"image\/jpeg"}],"author":"Sarah Marder","twitter_card":"summary_large_image","twitter_creator":"@PressenzaIPA","twitter_site":"@PressenzaIPA","twitter_misc":{"Scritto da":"Sarah Marder","Tempo di lettura stimato":"2 minuti"},"schema":{"@context":"https:\/\/schema.org","@graph":[{"@type":"Article","@id":"https:\/\/www.pressenza.com\/it\/2019\/06\/storytelling-for-social-impact\/#article","isPartOf":{"@id":"https:\/\/www.pressenza.com\/it\/2019\/06\/storytelling-for-social-impact\/"},"author":{"name":"Sarah Marder","@id":"https:\/\/www.pressenza.com\/it\/#\/schema\/person\/9bc570cc018e5c928d92606b81c6c35d"},"headline":"Storytelling for Social Impact","datePublished":"2019-06-11T12:15:50+00:00","mainEntityOfPage":{"@id":"https:\/\/www.pressenza.com\/it\/2019\/06\/storytelling-for-social-impact\/"},"wordCount":343,"publisher":{"@id":"https:\/\/www.pressenza.com\/it\/#organization"},"image":{"@id":"https:\/\/www.pressenza.com\/it\/2019\/06\/storytelling-for-social-impact\/#primaryimage"},"thumbnailUrl":"https:\/\/www.pressenza.com\/wp-content\/uploads\/2019\/06\/story-telling-Sarah.jpg","keywords":["clima","cortometraggi","Fridays for Future","storytelling"],"articleSection":["Cultura e Media","Ecologia ed Ambiente","Europa"],"inLanguage":"it-IT"},{"@type":"WebPage","@id":"https:\/\/www.pressenza.com\/it\/2019\/06\/storytelling-for-social-impact\/","url":"https:\/\/www.pressenza.com\/it\/2019\/06\/storytelling-for-social-impact\/","name":"Storytelling for Social Impact","isPartOf":{"@id":"https:\/\/www.pressenza.com\/it\/#website"},"primaryImageOfPage":{"@id":"https:\/\/www.pressenza.com\/it\/2019\/06\/storytelling-for-social-impact\/#primaryimage"},"image":{"@id":"https:\/\/www.pressenza.com\/it\/2019\/06\/storytelling-for-social-impact\/#primaryimage"},"thumbnailUrl":"https:\/\/www.pressenza.com\/wp-content\/uploads\/2019\/06\/story-telling-Sarah.jpg","datePublished":"2019-06-11T12:15:50+00:00","description":"Luned\u00ec 17 giugno 2019 dalle ore 18:00 alle 20:00 ChiAmaMilano via Laghetto 2, Milano Organizzato da\u00a0Wise Places In questo momento di fervore sociale,","breadcrumb":{"@id":"https:\/\/www.pressenza.com\/it\/2019\/06\/storytelling-for-social-impact\/#breadcrumb"},"inLanguage":"it-IT","potentialAction":[{"@type":"ReadAction","target":["https:\/\/www.pressenza.com\/it\/2019\/06\/storytelling-for-social-impact\/"]}]},{"@type":"ImageObject","inLanguage":"it-IT","@id":"https:\/\/www.pressenza.com\/it\/2019\/06\/storytelling-for-social-impact\/#primaryimage","url":"https:\/\/www.pressenza.com\/wp-content\/uploads\/2019\/06\/story-telling-Sarah.jpg","contentUrl":"https:\/\/www.pressenza.com\/wp-content\/uploads\/2019\/06\/story-telling-Sarah.jpg","width":2048,"height":1365},{"@type":"BreadcrumbList","@id":"https:\/\/www.pressenza.com\/it\/2019\/06\/storytelling-for-social-impact\/#breadcrumb","itemListElement":[{"@type":"ListItem","position":1,"name":"Accueil","item":"https:\/\/www.pressenza.com\/it\/"},{"@type":"ListItem","position":2,"name":"Storytelling for Social Impact"}]},{"@type":"WebSite","@id":"https:\/\/www.pressenza.com\/it\/#website","url":"https:\/\/www.pressenza.com\/it\/","name":"Pressenza","description":"Agenzia di Stampa Internazionale","publisher":{"@id":"https:\/\/www.pressenza.com\/it\/#organization"},"potentialAction":[{"@type":"SearchAction","target":{"@type":"EntryPoint","urlTemplate":"https:\/\/www.pressenza.com\/it\/?s={search_term_string}"},"query-input":{"@type":"PropertyValueSpecification","valueRequired":true,"valueName":"search_term_string"}}],"inLanguage":"it-IT"},{"@type":"Organization","@id":"https:\/\/www.pressenza.com\/it\/#organization","name":"Pressenza","url":"https:\/\/www.pressenza.com\/it\/","logo":{"@type":"ImageObject","inLanguage":"it-IT","@id":"https:\/\/www.pressenza.com\/it\/#\/schema\/logo\/image\/","url":"https:\/\/www.pressenza.com\/wp-content\/uploads\/2022\/10\/pressenza_logo_200x200.jpg","contentUrl":"https:\/\/www.pressenza.com\/wp-content\/uploads\/2022\/10\/pressenza_logo_200x200.jpg","width":200,"height":200,"caption":"Pressenza"},"image":{"@id":"https:\/\/www.pressenza.com\/it\/#\/schema\/logo\/image\/"},"sameAs":["https:\/\/www.facebook.com\/PressenzaItalia","https:\/\/x.com\/PressenzaIPA"]},{"@type":"Person","@id":"https:\/\/www.pressenza.com\/it\/#\/schema\/person\/9bc570cc018e5c928d92606b81c6c35d","name":"Sarah Marder","url":"https:\/\/www.pressenza.com\/it\/author\/sarah-marder\/"}]}},"place":"Milano","original_article_url":"","_links":{"self":[{"href":"https:\/\/www.pressenza.com\/it\/wp-json\/wp\/v2\/posts\/869502","targetHints":{"allow":["GET"]}}],"collection":[{"href":"https:\/\/www.pressenza.com\/it\/wp-json\/wp\/v2\/posts"}],"about":[{"href":"https:\/\/www.pressenza.com\/it\/wp-json\/wp\/v2\/types\/post"}],"author":[{"embeddable":true,"href":"https:\/\/www.pressenza.com\/it\/wp-json\/wp\/v2\/users\/1600"}],"replies":[{"embeddable":true,"href":"https:\/\/www.pressenza.com\/it\/wp-json\/wp\/v2\/comments?post=869502"}],"version-history":[{"count":0,"href":"https:\/\/www.pressenza.com\/it\/wp-json\/wp\/v2\/posts\/869502\/revisions"}],"wp:featuredmedia":[{"embeddable":true,"href":"https:\/\/www.pressenza.com\/it\/wp-json\/wp\/v2\/media\/869503"}],"wp:attachment":[{"href":"https:\/\/www.pressenza.com\/it\/wp-json\/wp\/v2\/media?parent=869502"}],"wp:term":[{"taxonomy":"category","embeddable":true,"href":"https:\/\/www.pressenza.com\/it\/wp-json\/wp\/v2\/categories?post=869502"},{"taxonomy":"post_tag","embeddable":true,"href":"https:\/\/www.pressenza.com\/it\/wp-json\/wp\/v2\/tags?post=869502"}],"curies":[{"name":"wp","href":"https:\/\/api.w.org\/{rel}","templated":true}]}}