{"id":868849,"date":"2019-06-09T09:17:19","date_gmt":"2019-06-09T08:17:19","guid":{"rendered":"https:\/\/www.pressenza.com\/?p=868849"},"modified":"2019-06-09T09:17:19","modified_gmt":"2019-06-09T08:17:19","slug":"francia-difensore-dei-diritti-umani-condannato-per-un-tweet","status":"publish","type":"post","link":"https:\/\/www.pressenza.com\/it\/2019\/06\/francia-difensore-dei-diritti-umani-condannato-per-un-tweet\/","title":{"rendered":"Francia difensore dei diritti umani condannato per un tweet"},"content":{"rendered":"<p>Il 27 maggio scorso, la Corte d\u2019Appello di Douai ha iniziato l\u2019esame del ricorso di\u00a0<strong>Loan Torondel, un difensore dei diritti umani francese<\/strong>, condannato in primo grado per diffamazione a una multa di 1500 euro (poi sospesa) e al rimborso di 500 euro per danni e 475 per spese processuali.<\/p>\n<p>Nel gennaio 2018 Torondel aveva pubblicato sul suo profilo Twitter\u00a0la foto di un migrante e di due agenti di poliziaintenzionati a sequestrare un sacco a pelo nonostante la temperatura rigida. Nel testo, ironico, Torondel proponeva\u00a0un dialogo immaginario tra uno degli agenti e il migrante: \u201c<em>Ma fa due gradi!\u201d, \u201cForse, signore, ma noi siamo la Nazione francese<\/em>\u201d, facendo il verso a un\u2019affermazione simile del presidente Macron.<\/p>\n<p>\u201c<em>Loan Torondel non ha fatto nulla di sbagliato e la sua condanna per diffamazione deve essere annullata. Questa accusa espone i difensori dei diritti umani che forniscono aiuti alle persone in cerca di un luogo sicuro in Europa a subire molestie e a essere bersagliati attraverso il sistema di giustizia penale semplicemente per agire con umanit\u00e0 e compassione<\/em>\u201c, ha dichiarato\u00a0<strong>Katia Roux,<\/strong>\u00a0advocacy sui difensori dei diritti umani di Amnesty International Francia.<\/p>\n<p>\u201c<em>Se la condanna venisse confermata, costituir\u00e0 un pericoloso precedente per chiunque tenti di documentare gli abusi della polizia in Francia.\u00a0Avr\u00e0 anche un effetto raggelante sul lavoro delle persone che difendono i diritti dei migranti e dei rifugiati e li metter\u00e0 in una situazione ancora pi\u00f9 precaria<\/em>\u201c.<\/p>\n<p>\u201c<em>Le leggi sul reato di diffamazione che inibiscono le legittime critiche ai funzionari pubblici sono contrarie al diritto alla libert\u00e0 di espressione e devono essere abrogate.\u00a0Le autorit\u00e0 devono smettere di attaccare i difensori dei diritti umani attraverso i tribunali<\/em>\u201c.<\/p>\n<p><strong>Il contesto<\/strong><\/p>\n<p>All\u2019epoca Torondel faceva il\u00a0volontario nel gruppo \u201cL\u2019albergo dei migranti\u201d a Calais. Da Calais era stato sgomberato anche il migrante ripreso nella foto.<\/p>\n<p>Sono sempre pi\u00f9 frequenti, in Francia e non solo, i casi di\u00a0persone che praticano la solidariet\u00e0 alle quali lo stato risponde con multe e carcere.<\/p>\n<p>&nbsp;<\/p>\n","protected":false},"excerpt":{"rendered":"<p>Il 27 maggio scorso, la Corte d\u2019Appello di Douai ha iniziato l\u2019esame del ricorso di\u00a0Loan Torondel, un difensore dei diritti umani francese, condannato in primo grado per diffamazione a una multa di 1500 euro (poi sospesa) e al rimborso di&hellip;<\/p>\n","protected":false},"author":432,"featured_media":868850,"comment_status":"closed","ping_status":"closed","sticky":false,"template":"","format":"standard","meta":{"footnotes":""},"categories":[150,60,52],"tags":[45354,3208,59599,2636,1470],"class_list":["post-868849","post","type-post","status-publish","format-standard","has-post-thumbnail","hentry","category-comunicati-stampa","category-diritti-umani","category-medio-oriente","tag-criminalizzazione-della-solidarieta","tag-francia-it","tag-loan-torondel-it","tag-migranti","tag-polizia"],"yoast_head":"<!-- This site is optimized with the Yoast SEO plugin v27.1.1 - https:\/\/yoast.com\/product\/yoast-seo-wordpress\/ -->\n<title>Francia difensore dei diritti umani condannato per un tweet<\/title>\n<meta name=\"description\" content=\"Il 27 maggio scorso, la Corte d\u2019Appello di Douai ha iniziato l\u2019esame del ricorso di\u00a0Loan Torondel, un difensore dei diritti umani francese, condannato in\" \/>\n<meta name=\"robots\" content=\"index, follow, max-snippet:-1, max-image-preview:large, max-video-preview:-1\" \/>\n<link rel=\"canonical\" href=\"https:\/\/www.pressenza.com\/it\/2019\/06\/francia-difensore-dei-diritti-umani-condannato-per-un-tweet\/\" \/>\n<meta property=\"og:locale\" content=\"it_IT\" \/>\n<meta property=\"og:type\" content=\"article\" \/>\n<meta property=\"og:title\" content=\"Francia difensore dei diritti umani condannato per un tweet\" \/>\n<meta property=\"og:description\" content=\"Il 27 maggio scorso, la Corte d\u2019Appello di Douai ha iniziato l\u2019esame del ricorso di\u00a0Loan Torondel, un difensore dei diritti umani francese, condannato in\" \/>\n<meta property=\"og:url\" content=\"https:\/\/www.pressenza.com\/it\/2019\/06\/francia-difensore-dei-diritti-umani-condannato-per-un-tweet\/\" \/>\n<meta property=\"og:site_name\" content=\"Pressenza\" \/>\n<meta property=\"article:publisher\" content=\"https:\/\/www.facebook.com\/PressenzaItalia\" \/>\n<meta property=\"article:author\" content=\"https:\/\/www.facebook.com\/amnestyglobal\" \/>\n<meta property=\"article:published_time\" content=\"2019-06-09T08:17:19+00:00\" \/>\n<meta property=\"og:image\" content=\"https:\/\/www.pressenza.com\/wp-content\/uploads\/2019\/06\/Loan-Torondel.jpg\" \/>\n\t<meta property=\"og:image:width\" content=\"1920\" \/>\n\t<meta property=\"og:image:height\" content=\"700\" \/>\n\t<meta property=\"og:image:type\" content=\"image\/jpeg\" \/>\n<meta name=\"author\" content=\"Amnesty International\" \/>\n<meta name=\"twitter:card\" content=\"summary_large_image\" \/>\n<meta name=\"twitter:creator\" content=\"@amnesty\" \/>\n<meta name=\"twitter:site\" content=\"@PressenzaIPA\" \/>\n<meta name=\"twitter:label1\" content=\"Scritto da\" \/>\n\t<meta name=\"twitter:data1\" content=\"Amnesty International\" \/>\n\t<meta name=\"twitter:label2\" content=\"Tempo di lettura stimato\" \/>\n\t<meta name=\"twitter:data2\" content=\"2 minuti\" \/>\n<script type=\"application\/ld+json\" class=\"yoast-schema-graph\">{\"@context\":\"https:\/\/schema.org\",\"@graph\":[{\"@type\":\"Article\",\"@id\":\"https:\/\/www.pressenza.com\/it\/2019\/06\/francia-difensore-dei-diritti-umani-condannato-per-un-tweet\/#article\",\"isPartOf\":{\"@id\":\"https:\/\/www.pressenza.com\/it\/2019\/06\/francia-difensore-dei-diritti-umani-condannato-per-un-tweet\/\"},\"author\":{\"name\":\"Amnesty International\",\"@id\":\"https:\/\/www.pressenza.com\/it\/#\/schema\/person\/9b981b05c7ecf09292e6acb3223b2d9d\"},\"headline\":\"Francia difensore dei diritti umani condannato per un tweet\",\"datePublished\":\"2019-06-09T08:17:19+00:00\",\"mainEntityOfPage\":{\"@id\":\"https:\/\/www.pressenza.com\/it\/2019\/06\/francia-difensore-dei-diritti-umani-condannato-per-un-tweet\/\"},\"wordCount\":337,\"publisher\":{\"@id\":\"https:\/\/www.pressenza.com\/it\/#organization\"},\"image\":{\"@id\":\"https:\/\/www.pressenza.com\/it\/2019\/06\/francia-difensore-dei-diritti-umani-condannato-per-un-tweet\/#primaryimage\"},\"thumbnailUrl\":\"https:\/\/www.pressenza.com\/wp-content\/uploads\/2019\/06\/Loan-Torondel.jpg\",\"keywords\":[\"criminalizzazione della solidariet\u00e0\",\"Francia\",\"Loan Torondel\",\"migranti\",\"polizia\"],\"articleSection\":[\"Comunicati Stampa\",\"Diritti Umani\",\"Medio Oriente\"],\"inLanguage\":\"it-IT\"},{\"@type\":\"WebPage\",\"@id\":\"https:\/\/www.pressenza.com\/it\/2019\/06\/francia-difensore-dei-diritti-umani-condannato-per-un-tweet\/\",\"url\":\"https:\/\/www.pressenza.com\/it\/2019\/06\/francia-difensore-dei-diritti-umani-condannato-per-un-tweet\/\",\"name\":\"Francia difensore dei diritti umani condannato per un tweet\",\"isPartOf\":{\"@id\":\"https:\/\/www.pressenza.com\/it\/#website\"},\"primaryImageOfPage\":{\"@id\":\"https:\/\/www.pressenza.com\/it\/2019\/06\/francia-difensore-dei-diritti-umani-condannato-per-un-tweet\/#primaryimage\"},\"image\":{\"@id\":\"https:\/\/www.pressenza.com\/it\/2019\/06\/francia-difensore-dei-diritti-umani-condannato-per-un-tweet\/#primaryimage\"},\"thumbnailUrl\":\"https:\/\/www.pressenza.com\/wp-content\/uploads\/2019\/06\/Loan-Torondel.jpg\",\"datePublished\":\"2019-06-09T08:17:19+00:00\",\"description\":\"Il 27 maggio scorso, la Corte d\u2019Appello di Douai ha iniziato l\u2019esame del ricorso di\u00a0Loan Torondel, un difensore dei diritti umani francese, condannato in\",\"breadcrumb\":{\"@id\":\"https:\/\/www.pressenza.com\/it\/2019\/06\/francia-difensore-dei-diritti-umani-condannato-per-un-tweet\/#breadcrumb\"},\"inLanguage\":\"it-IT\",\"potentialAction\":[{\"@type\":\"ReadAction\",\"target\":[\"https:\/\/www.pressenza.com\/it\/2019\/06\/francia-difensore-dei-diritti-umani-condannato-per-un-tweet\/\"]}]},{\"@type\":\"ImageObject\",\"inLanguage\":\"it-IT\",\"@id\":\"https:\/\/www.pressenza.com\/it\/2019\/06\/francia-difensore-dei-diritti-umani-condannato-per-un-tweet\/#primaryimage\",\"url\":\"https:\/\/www.pressenza.com\/wp-content\/uploads\/2019\/06\/Loan-Torondel.jpg\",\"contentUrl\":\"https:\/\/www.pressenza.com\/wp-content\/uploads\/2019\/06\/Loan-Torondel.jpg\",\"width\":1920,\"height\":700,\"caption\":\"Francia, confermata in appello la condanna di un difensore dei diritti umani\"},{\"@type\":\"BreadcrumbList\",\"@id\":\"https:\/\/www.pressenza.com\/it\/2019\/06\/francia-difensore-dei-diritti-umani-condannato-per-un-tweet\/#breadcrumb\",\"itemListElement\":[{\"@type\":\"ListItem\",\"position\":1,\"name\":\"Accueil\",\"item\":\"https:\/\/www.pressenza.com\/it\/\"},{\"@type\":\"ListItem\",\"position\":2,\"name\":\"Francia difensore dei diritti umani condannato per un tweet\"}]},{\"@type\":\"WebSite\",\"@id\":\"https:\/\/www.pressenza.com\/it\/#website\",\"url\":\"https:\/\/www.pressenza.com\/it\/\",\"name\":\"Pressenza\",\"description\":\"Agenzia di Stampa Internazionale\",\"publisher\":{\"@id\":\"https:\/\/www.pressenza.com\/it\/#organization\"},\"potentialAction\":[{\"@type\":\"SearchAction\",\"target\":{\"@type\":\"EntryPoint\",\"urlTemplate\":\"https:\/\/www.pressenza.com\/it\/?s={search_term_string}\"},\"query-input\":{\"@type\":\"PropertyValueSpecification\",\"valueRequired\":true,\"valueName\":\"search_term_string\"}}],\"inLanguage\":\"it-IT\"},{\"@type\":\"Organization\",\"@id\":\"https:\/\/www.pressenza.com\/it\/#organization\",\"name\":\"Pressenza\",\"url\":\"https:\/\/www.pressenza.com\/it\/\",\"logo\":{\"@type\":\"ImageObject\",\"inLanguage\":\"it-IT\",\"@id\":\"https:\/\/www.pressenza.com\/it\/#\/schema\/logo\/image\/\",\"url\":\"https:\/\/www.pressenza.com\/wp-content\/uploads\/2022\/10\/pressenza_logo_200x200.jpg\",\"contentUrl\":\"https:\/\/www.pressenza.com\/wp-content\/uploads\/2022\/10\/pressenza_logo_200x200.jpg\",\"width\":200,\"height\":200,\"caption\":\"Pressenza\"},\"image\":{\"@id\":\"https:\/\/www.pressenza.com\/it\/#\/schema\/logo\/image\/\"},\"sameAs\":[\"https:\/\/www.facebook.com\/PressenzaItalia\",\"https:\/\/x.com\/PressenzaIPA\"]},{\"@type\":\"Person\",\"@id\":\"https:\/\/www.pressenza.com\/it\/#\/schema\/person\/9b981b05c7ecf09292e6acb3223b2d9d\",\"name\":\"Amnesty International\",\"description\":\"Amnesty International is a global movement of more than 3 million supporters, members and activists in over 150 countries and territories who campaign to end grave abuses of human rights. Our vision is for every person to enjoy all the rights enshrined in the Universal Declaration of Human Rights and other international human rights standards. www.amnesty.org\",\"sameAs\":[\"http:\/\/www.amnesty.it\",\"https:\/\/www.facebook.com\/amnestyglobal\",\"https:\/\/x.com\/amnesty\"],\"url\":\"https:\/\/www.pressenza.com\/it\/author\/amnesty-international\/\"}]}<\/script>\n<!-- \/ Yoast SEO plugin. -->","yoast_head_json":{"title":"Francia difensore dei diritti umani condannato per un tweet","description":"Il 27 maggio scorso, la Corte d\u2019Appello di Douai ha iniziato l\u2019esame del ricorso di\u00a0Loan Torondel, un difensore dei diritti umani francese, condannato in","robots":{"index":"index","follow":"follow","max-snippet":"max-snippet:-1","max-image-preview":"max-image-preview:large","max-video-preview":"max-video-preview:-1"},"canonical":"https:\/\/www.pressenza.com\/it\/2019\/06\/francia-difensore-dei-diritti-umani-condannato-per-un-tweet\/","og_locale":"it_IT","og_type":"article","og_title":"Francia difensore dei diritti umani condannato per un tweet","og_description":"Il 27 maggio scorso, la Corte d\u2019Appello di Douai ha iniziato l\u2019esame del ricorso di\u00a0Loan Torondel, un difensore dei diritti umani francese, condannato in","og_url":"https:\/\/www.pressenza.com\/it\/2019\/06\/francia-difensore-dei-diritti-umani-condannato-per-un-tweet\/","og_site_name":"Pressenza","article_publisher":"https:\/\/www.facebook.com\/PressenzaItalia","article_author":"https:\/\/www.facebook.com\/amnestyglobal","article_published_time":"2019-06-09T08:17:19+00:00","og_image":[{"width":1920,"height":700,"url":"https:\/\/www.pressenza.com\/wp-content\/uploads\/2019\/06\/Loan-Torondel.jpg","type":"image\/jpeg"}],"author":"Amnesty International","twitter_card":"summary_large_image","twitter_creator":"@amnesty","twitter_site":"@PressenzaIPA","twitter_misc":{"Scritto da":"Amnesty International","Tempo di lettura stimato":"2 minuti"},"schema":{"@context":"https:\/\/schema.org","@graph":[{"@type":"Article","@id":"https:\/\/www.pressenza.com\/it\/2019\/06\/francia-difensore-dei-diritti-umani-condannato-per-un-tweet\/#article","isPartOf":{"@id":"https:\/\/www.pressenza.com\/it\/2019\/06\/francia-difensore-dei-diritti-umani-condannato-per-un-tweet\/"},"author":{"name":"Amnesty International","@id":"https:\/\/www.pressenza.com\/it\/#\/schema\/person\/9b981b05c7ecf09292e6acb3223b2d9d"},"headline":"Francia difensore dei diritti umani condannato per un tweet","datePublished":"2019-06-09T08:17:19+00:00","mainEntityOfPage":{"@id":"https:\/\/www.pressenza.com\/it\/2019\/06\/francia-difensore-dei-diritti-umani-condannato-per-un-tweet\/"},"wordCount":337,"publisher":{"@id":"https:\/\/www.pressenza.com\/it\/#organization"},"image":{"@id":"https:\/\/www.pressenza.com\/it\/2019\/06\/francia-difensore-dei-diritti-umani-condannato-per-un-tweet\/#primaryimage"},"thumbnailUrl":"https:\/\/www.pressenza.com\/wp-content\/uploads\/2019\/06\/Loan-Torondel.jpg","keywords":["criminalizzazione della solidariet\u00e0","Francia","Loan Torondel","migranti","polizia"],"articleSection":["Comunicati Stampa","Diritti Umani","Medio Oriente"],"inLanguage":"it-IT"},{"@type":"WebPage","@id":"https:\/\/www.pressenza.com\/it\/2019\/06\/francia-difensore-dei-diritti-umani-condannato-per-un-tweet\/","url":"https:\/\/www.pressenza.com\/it\/2019\/06\/francia-difensore-dei-diritti-umani-condannato-per-un-tweet\/","name":"Francia difensore dei diritti umani condannato per un tweet","isPartOf":{"@id":"https:\/\/www.pressenza.com\/it\/#website"},"primaryImageOfPage":{"@id":"https:\/\/www.pressenza.com\/it\/2019\/06\/francia-difensore-dei-diritti-umani-condannato-per-un-tweet\/#primaryimage"},"image":{"@id":"https:\/\/www.pressenza.com\/it\/2019\/06\/francia-difensore-dei-diritti-umani-condannato-per-un-tweet\/#primaryimage"},"thumbnailUrl":"https:\/\/www.pressenza.com\/wp-content\/uploads\/2019\/06\/Loan-Torondel.jpg","datePublished":"2019-06-09T08:17:19+00:00","description":"Il 27 maggio scorso, la Corte d\u2019Appello di Douai ha iniziato l\u2019esame del ricorso di\u00a0Loan Torondel, un difensore dei diritti umani francese, condannato in","breadcrumb":{"@id":"https:\/\/www.pressenza.com\/it\/2019\/06\/francia-difensore-dei-diritti-umani-condannato-per-un-tweet\/#breadcrumb"},"inLanguage":"it-IT","potentialAction":[{"@type":"ReadAction","target":["https:\/\/www.pressenza.com\/it\/2019\/06\/francia-difensore-dei-diritti-umani-condannato-per-un-tweet\/"]}]},{"@type":"ImageObject","inLanguage":"it-IT","@id":"https:\/\/www.pressenza.com\/it\/2019\/06\/francia-difensore-dei-diritti-umani-condannato-per-un-tweet\/#primaryimage","url":"https:\/\/www.pressenza.com\/wp-content\/uploads\/2019\/06\/Loan-Torondel.jpg","contentUrl":"https:\/\/www.pressenza.com\/wp-content\/uploads\/2019\/06\/Loan-Torondel.jpg","width":1920,"height":700,"caption":"Francia, confermata in appello la condanna di un difensore dei diritti umani"},{"@type":"BreadcrumbList","@id":"https:\/\/www.pressenza.com\/it\/2019\/06\/francia-difensore-dei-diritti-umani-condannato-per-un-tweet\/#breadcrumb","itemListElement":[{"@type":"ListItem","position":1,"name":"Accueil","item":"https:\/\/www.pressenza.com\/it\/"},{"@type":"ListItem","position":2,"name":"Francia difensore dei diritti umani condannato per un tweet"}]},{"@type":"WebSite","@id":"https:\/\/www.pressenza.com\/it\/#website","url":"https:\/\/www.pressenza.com\/it\/","name":"Pressenza","description":"Agenzia di Stampa Internazionale","publisher":{"@id":"https:\/\/www.pressenza.com\/it\/#organization"},"potentialAction":[{"@type":"SearchAction","target":{"@type":"EntryPoint","urlTemplate":"https:\/\/www.pressenza.com\/it\/?s={search_term_string}"},"query-input":{"@type":"PropertyValueSpecification","valueRequired":true,"valueName":"search_term_string"}}],"inLanguage":"it-IT"},{"@type":"Organization","@id":"https:\/\/www.pressenza.com\/it\/#organization","name":"Pressenza","url":"https:\/\/www.pressenza.com\/it\/","logo":{"@type":"ImageObject","inLanguage":"it-IT","@id":"https:\/\/www.pressenza.com\/it\/#\/schema\/logo\/image\/","url":"https:\/\/www.pressenza.com\/wp-content\/uploads\/2022\/10\/pressenza_logo_200x200.jpg","contentUrl":"https:\/\/www.pressenza.com\/wp-content\/uploads\/2022\/10\/pressenza_logo_200x200.jpg","width":200,"height":200,"caption":"Pressenza"},"image":{"@id":"https:\/\/www.pressenza.com\/it\/#\/schema\/logo\/image\/"},"sameAs":["https:\/\/www.facebook.com\/PressenzaItalia","https:\/\/x.com\/PressenzaIPA"]},{"@type":"Person","@id":"https:\/\/www.pressenza.com\/it\/#\/schema\/person\/9b981b05c7ecf09292e6acb3223b2d9d","name":"Amnesty International","description":"Amnesty International is a global movement of more than 3 million supporters, members and activists in over 150 countries and territories who campaign to end grave abuses of human rights. Our vision is for every person to enjoy all the rights enshrined in the Universal Declaration of Human Rights and other international human rights standards. www.amnesty.org","sameAs":["http:\/\/www.amnesty.it","https:\/\/www.facebook.com\/amnestyglobal","https:\/\/x.com\/amnesty"],"url":"https:\/\/www.pressenza.com\/it\/author\/amnesty-international\/"}]}},"place":"","original_article_url":"","_links":{"self":[{"href":"https:\/\/www.pressenza.com\/it\/wp-json\/wp\/v2\/posts\/868849","targetHints":{"allow":["GET"]}}],"collection":[{"href":"https:\/\/www.pressenza.com\/it\/wp-json\/wp\/v2\/posts"}],"about":[{"href":"https:\/\/www.pressenza.com\/it\/wp-json\/wp\/v2\/types\/post"}],"author":[{"embeddable":true,"href":"https:\/\/www.pressenza.com\/it\/wp-json\/wp\/v2\/users\/432"}],"replies":[{"embeddable":true,"href":"https:\/\/www.pressenza.com\/it\/wp-json\/wp\/v2\/comments?post=868849"}],"version-history":[{"count":0,"href":"https:\/\/www.pressenza.com\/it\/wp-json\/wp\/v2\/posts\/868849\/revisions"}],"wp:featuredmedia":[{"embeddable":true,"href":"https:\/\/www.pressenza.com\/it\/wp-json\/wp\/v2\/media\/868850"}],"wp:attachment":[{"href":"https:\/\/www.pressenza.com\/it\/wp-json\/wp\/v2\/media?parent=868849"}],"wp:term":[{"taxonomy":"category","embeddable":true,"href":"https:\/\/www.pressenza.com\/it\/wp-json\/wp\/v2\/categories?post=868849"},{"taxonomy":"post_tag","embeddable":true,"href":"https:\/\/www.pressenza.com\/it\/wp-json\/wp\/v2\/tags?post=868849"}],"curies":[{"name":"wp","href":"https:\/\/api.w.org\/{rel}","templated":true}]}}