{"id":866458,"date":"2019-06-05T14:28:35","date_gmt":"2019-06-05T13:28:35","guid":{"rendered":"https:\/\/www.pressenza.com\/?p=866458"},"modified":"2019-06-05T14:28:35","modified_gmt":"2019-06-05T13:28:35","slug":"presentata-al-senato-mozione-per-il-disarmo-nucleare","status":"publish","type":"post","link":"https:\/\/www.pressenza.com\/it\/2019\/06\/presentata-al-senato-mozione-per-il-disarmo-nucleare\/","title":{"rendered":"Presentata al Senato mozione per il disarmo nucleare"},"content":{"rendered":"<p>Il 29 di maggio \u00e8 stata depositata presso il Senato della Repubblica Italiana una importante mozione, prima firmataria la Senatrice Loredana De Petris, in cui si chiede al Senato di impegnare il governo a firmare il Trattato di Proibizione delle Armi Nucleari, uno degli obiettivi promossi dalla II Marcia Mondiale per la Pace e la Nonviolenza.<\/p>\n<p>La mozione verr\u00e0 illustrata in dettaglio durante il <a href=\"https:\/\/www.pacefemministainazione.org\/2019\/06\/04\/7-giugno-convegno-della-wilpf-a-roma\/\">convegno della WILPF<\/a> del 7 di giugno ( dalle 11 alle 17) presso la Sala Valdese &#8211; Via Marianna Dionigi,59 a Roma<\/p>\n<p>&nbsp;<\/p>\n<p>Qui il testo completo della mozione<\/p>\n<p>Atto n. 1-00132<\/p>\n<p>Pubblicato il 29 maggio 2019, nella seduta n. 115<\/p>\n<p><a title=\"Il link apre una nuova finestra\" href=\"http:\/\/www.senato.it\/loc\/link.asp?leg=18&amp;tipodoc=sanasen&amp;id=17578\">DE PETRIS<\/a>\u00a0,\u00a0<a title=\"Il link apre una nuova finestra\" href=\"http:\/\/www.senato.it\/loc\/link.asp?leg=18&amp;tipodoc=sanasen&amp;id=32625\">ERRANI<\/a>\u00a0,\u00a0<a title=\"Il link apre una nuova finestra\" href=\"http:\/\/www.senato.it\/loc\/link.asp?leg=18&amp;tipodoc=sanasen&amp;id=29110\">GRASSO<\/a>\u00a0,\u00a0<a title=\"Il link apre una nuova finestra\" href=\"http:\/\/www.senato.it\/loc\/link.asp?leg=18&amp;tipodoc=sanasen&amp;id=29450\">LAFORGIA<\/a>\u00a0,\u00a0<a title=\"Il link apre una nuova finestra\" href=\"http:\/\/www.senato.it\/loc\/link.asp?leg=18&amp;tipodoc=sanasen&amp;id=32615\">DE FALCO<\/a>\u00a0,\u00a0<a title=\"Il link apre una nuova finestra\" href=\"http:\/\/www.senato.it\/loc\/link.asp?leg=18&amp;tipodoc=sanasen&amp;id=32435\">SEGRE<\/a>\u00a0,\u00a0<a title=\"Il link apre una nuova finestra\" href=\"http:\/\/www.senato.it\/loc\/link.asp?leg=18&amp;tipodoc=sanasen&amp;id=29130\">MARTELLI<\/a>\u00a0,\u00a0<a title=\"Il link apre una nuova finestra\" href=\"http:\/\/www.senato.it\/loc\/link.asp?leg=18&amp;tipodoc=sanasen&amp;id=29055\">BUCCARELLA<\/a>\u00a0,\u00a0<a title=\"Il link apre una nuova finestra\" href=\"http:\/\/www.senato.it\/loc\/link.asp?leg=18&amp;tipodoc=sanasen&amp;id=32614\">DE BONIS<\/a><\/p>\n<p>Il Senato,<\/p>\n<p>premesso che:<\/p>\n<p>il 7 luglio 2017 si sono conclusi in sede ONU i negoziati, iniziati nel mese di marzo, per il disarmo nucleare, con l&#8217;approvazione da parte di due terzi dei 192 Stati membri delle Nazioni Unite del Trattato per la proibizione delle armi nucleari;<\/p>\n<p>il testo del Trattato \u00e8 stato adottato con il voto a favore di 122 Stati, un voto contrario e un astenuto, salutato da cinque minuti di applausi dell&#8217;assemblea, e successivamente aperto alla firma a New York il 20 settembre 2017;<\/p>\n<p>premessa fondamentale del Trattato \u00e8 il riconoscimento, di particolare rilievo in uno strumento giuridico internazionale, delle &#8220;catastrofiche conseguenze umanitarie&#8221; delle armi nucleari, e che la loro completa eliminazione &#8220;rimane il solo modo di garantire che esse non siano mai usate in qualsiasi circostanza&#8221;. L&#8217;art. 4, in particolare, \u00e8 rubricato &#8220;Verso la totale eliminazione delle armi nucleari&#8221;, e l&#8217;art. 12 impegna gli Stati aderenti a farsi promotori del bando presso gli altri Paesi, in modo che il Trattato raggiunga l&#8217;universalit\u00e0;<\/p>\n<p>il nucleo centrale del Trattato \u00e8 l&#8217;art. 1 che vieta in termini molto fermi agli Stati che vi aderiranno di sviluppare, testare, produrre e acquisire qualsiasi dispositivo nucleare esplosivo, qualunque sia la sua potenza; trasferirli o riceverli a o da chicchessia; consentirne lo schieramento (vieta quindi esplicitamente il\u00a0nuclear sharing, in base al quale l&#8217;Italia ospita sul proprio territorio circa 70 testate termonucleari); assistere, incoraggiare o indurre chicchessia in siffatte azioni proibite;<\/p>\n<p>il trattato vieta non solo l&#8217;uso delle armi nucleari, ma anche la minaccia, negando quindi la legittimit\u00e0 della deterrenza che ha consentito la crescita esponenziale degli arsenali nucleari durante la &#8220;Guerra fredda&#8221;, e la folle corsa agli armamenti oggi, purtroppo, ripresa;<\/p>\n<p>sebbene sin dal 1996 la Corte internazionale di giustizia de L&#8217;Aia, con la decisione dell&#8217;8 luglio 1996, avesse solennemente affermato che &#8220;la minaccia e l&#8217;uso delle armi nucleari \u00e8, in linea generale, in contrasto con le norme del diritto internazionale applicabile ai conflitti armati e, in particolare, con i principi e le regole del diritto umanitario&#8221;, nessun trattato per l&#8217;effettivo disarmo nucleare era mai stato perseguito, lasciando il mondo alla merc\u00e8 del folle utilizzo di armamenti con capacit\u00e0 distruttiva globale;<\/p>\n<p>considerato che:<\/p>\n<p>gi\u00e0 nel 1959 Oskar Morgenstern, fondatore dell&#8217;Istituto per gli studi superiori di Vienna, scriveva: &#8220;Un giorno un&#8217;arma nucleare esploder\u00e0 in modo puramente accidentale, senza alcuna connessione con piani militari. La mente umana non pu\u00f2 costruire qualcosa che sia infallibile&#8221;. Nel 1971 Stati Uniti e Unione Sovietica, avendo ben presente il problema, firmarono un accordo bilaterale che conteneva questa considerazione: &#8220;La stessa esistenza di armi nucleari, anche gestite con le pi\u00f9 sofisticate procedure di comando e controllo, \u00e8 ovviamente fonte di continua preoccupazione. Malgrado le precauzioni pi\u00f9 elaborate, \u00e8 concepibile che un guasto tecnico o un errore umano o un incidente frainteso o un&#8217;azione non autorizzata possa scatenare un disastro o una guerra nucleare&#8221;;<\/p>\n<p>per definire i tipi di incidenti possibili la Marina statunitense ha coniato due termini: &#8220;freccia spezzata&#8221; (broken arrow), per definire lo scoppio di un&#8217;arma nucleare che non implichi il pericolo di scatenare una guerra, e &#8220;lampo nucleare&#8221; (nucflash), l&#8217;incidente che causi un&#8217;esplosione termonucleare &#8220;tale da creare il rischio di una guerra&#8221;;<\/p>\n<p>il Dipartimento della difesa statunitense nel 1981 ha pubblicato una lista di 32 incidenti (broken arrow) nei quali si \u00e8 rischiato lo scoppio di un ordigno nucleare. Si tenga presente in proposito che le attuali testate hanno una potenza circa 50.000 volte maggiore di quella esplosa ad Hiroshima;<\/p>\n<p>oltre ai rischi di incidenti &#8220;involontari&#8221; non pu\u00f2 certo non riconoscersi che l&#8217;attuale quadro di instabilit\u00e0 internazionale, la denuncia da parte degli Stati Uniti del trattato Intermediate-range nuclear forces (IFN) e le inaccettabili &#8220;sperimentazioni&#8221; della Corea del Nord rendono drammaticamente evidente l&#8217;inizio di una nuova corsa agli armamenti nucleari;<\/p>\n<p>considerato inoltre che:<\/p>\n<p>i Paesi aderenti alla NATO non hanno partecipato ai negoziati per la definizione del Trattato per la proibizione delle armi nucleari, ad eccezione dell&#8217;Olanda, e ci\u00f2 in aperta violazione del trattato di non proliferazione nucleare del 1970 che, all&#8217;art. VI, impegnava ogni Stato parte al perseguimento in buona fede dei negoziati &#8220;su misure efficaci per la cessazione della corsa agli armamenti e per l&#8217;eliminazione degli arsenali nucleari, nonch\u00e9 su un trattato di disarmo generale e completo sottoposto a controllo internazionale efficace&#8221;;<\/p>\n<p>la posizione dell&#8217;Italia, pur con alcune peculiarit\u00e0, non ha fatto eccezione, accodandosi alle decisioni di non partecipazione assunta probabilmente proprio in sede NATO e senza che il nostro Parlamento sia stato in alcun modo investito di una qualche decisione al riguardo;<\/p>\n<p>il Trattato entrer\u00e0 in vigore entro 90 giorni da quando sar\u00e0 ratificato da 50 Paesi. Attualmente hanno aderito al Trattato 70 nazioni ed \u00e8 stato ratificato da 20;<\/p>\n<p>sussistono sia le ragioni di opportunit\u00e0 storica che di diritto internazionale affinch\u00e9 l&#8217;Italia aderisca al Trattato per la proibizione delle armi nucleari adottato dalle Nazioni Unite il 7 luglio 2017,<\/p>\n<p>impegna il Governo:<\/p>\n<p>1) a disporre gli atti necessari all&#8217;adesione dell&#8217;Italia al Trattato delle Nazioni Unite relativo al divieto delle armi nucleari, fatto a New York il 7 luglio 2017 e aperto alla firma il 20 settembre 2017;<\/p>\n<p>2) a presentare conseguentemente alle Camere il disegno di legge per l&#8217;autorizzazione alla ratifica e per l&#8217;esecuzione del Trattato.<\/p>\n","protected":false},"excerpt":{"rendered":"<p>Il 29 di maggio \u00e8 stata depositata presso il Senato della Repubblica Italiana una importante mozione, prima firmataria la Senatrice Loredana De Petris, in cui si chiede al Senato di impegnare il governo a firmare il Trattato di Proibizione delle&hellip;<\/p>\n","protected":false},"author":1565,"featured_media":810417,"comment_status":"closed","ping_status":"closed","sticky":false,"template":"","format":"standard","meta":{"footnotes":""},"categories":[47,38,1263],"tags":[3854,59494,3491,41996,532,38991],"class_list":["post-866458","post","type-post","status-publish","format-standard","has-post-thumbnail","hentry","category-europa","category-internazionale","category-pace-disarmo","tag-disarmo-nucleare","tag-loredana-de-petris","tag-marcia-mondiale-per-la-pace-e-la-nonviolenza","tag-2a-marcia-mondiale-per-la-pace-e-la-nonviolenza","tag-senato","tag-tpan"],"yoast_head":"<!-- This site is optimized with the Yoast SEO plugin v27.1.1 - https:\/\/yoast.com\/product\/yoast-seo-wordpress\/ -->\n<title>Presentata al Senato mozione per il disarmo nucleare<\/title>\n<meta name=\"description\" content=\"Il 29 di maggio \u00e8 stata depositata presso il Senato della Repubblica Italiana una importante mozione, prima firmataria la Senatrice Loredana De Petris, in\" \/>\n<meta name=\"robots\" content=\"index, follow, max-snippet:-1, max-image-preview:large, max-video-preview:-1\" \/>\n<link rel=\"canonical\" href=\"https:\/\/www.pressenza.com\/it\/2019\/06\/presentata-al-senato-mozione-per-il-disarmo-nucleare\/\" \/>\n<meta property=\"og:locale\" content=\"it_IT\" \/>\n<meta property=\"og:type\" content=\"article\" \/>\n<meta property=\"og:title\" content=\"Presentata al Senato mozione per il disarmo nucleare\" \/>\n<meta property=\"og:description\" content=\"Il 29 di maggio \u00e8 stata depositata presso il Senato della Repubblica Italiana una importante mozione, prima firmataria la Senatrice Loredana De Petris, in\" \/>\n<meta property=\"og:url\" content=\"https:\/\/www.pressenza.com\/it\/2019\/06\/presentata-al-senato-mozione-per-il-disarmo-nucleare\/\" \/>\n<meta property=\"og:site_name\" content=\"Pressenza\" \/>\n<meta property=\"article:publisher\" content=\"https:\/\/www.facebook.com\/PressenzaItalia\" \/>\n<meta property=\"article:published_time\" content=\"2019-06-05T13:28:35+00:00\" \/>\n<meta property=\"og:image\" content=\"https:\/\/www.pressenza.com\/wp-content\/uploads\/2019\/02\/Aula-del-Senato.jpg\" \/>\n\t<meta property=\"og:image:width\" content=\"835\" \/>\n\t<meta property=\"og:image:height\" content=\"437\" \/>\n\t<meta property=\"og:image:type\" content=\"image\/jpeg\" \/>\n<meta name=\"author\" content=\"Marcia Mondiale per la Pace e la Nonviolenza\" \/>\n<meta name=\"twitter:card\" content=\"summary_large_image\" \/>\n<meta name=\"twitter:creator\" content=\"@PressenzaIPA\" \/>\n<meta name=\"twitter:site\" content=\"@PressenzaIPA\" \/>\n<meta name=\"twitter:label1\" content=\"Scritto da\" \/>\n\t<meta name=\"twitter:data1\" content=\"Marcia Mondiale per la Pace e la Nonviolenza\" \/>\n\t<meta name=\"twitter:label2\" content=\"Tempo di lettura stimato\" \/>\n\t<meta name=\"twitter:data2\" content=\"5 minuti\" \/>\n<script type=\"application\/ld+json\" class=\"yoast-schema-graph\">{\"@context\":\"https:\/\/schema.org\",\"@graph\":[{\"@type\":\"Article\",\"@id\":\"https:\/\/www.pressenza.com\/it\/2019\/06\/presentata-al-senato-mozione-per-il-disarmo-nucleare\/#article\",\"isPartOf\":{\"@id\":\"https:\/\/www.pressenza.com\/it\/2019\/06\/presentata-al-senato-mozione-per-il-disarmo-nucleare\/\"},\"author\":{\"name\":\"Marcia Mondiale per la Pace e la Nonviolenza\",\"@id\":\"https:\/\/www.pressenza.com\/it\/#\/schema\/person\/7695876a0aa9e0602a5de3babecd54ff\"},\"headline\":\"Presentata al Senato mozione per il disarmo nucleare\",\"datePublished\":\"2019-06-05T13:28:35+00:00\",\"mainEntityOfPage\":{\"@id\":\"https:\/\/www.pressenza.com\/it\/2019\/06\/presentata-al-senato-mozione-per-il-disarmo-nucleare\/\"},\"wordCount\":967,\"publisher\":{\"@id\":\"https:\/\/www.pressenza.com\/it\/#organization\"},\"image\":{\"@id\":\"https:\/\/www.pressenza.com\/it\/2019\/06\/presentata-al-senato-mozione-per-il-disarmo-nucleare\/#primaryimage\"},\"thumbnailUrl\":\"https:\/\/www.pressenza.com\/wp-content\/uploads\/2019\/02\/Aula-del-Senato.jpg\",\"keywords\":[\"disarmo nucleare\",\"Loredana De Petris\",\"Marcia Mondiale per la Pace e la Nonviolenza\",\"Seconda Marcia Mondiale per la Pace e la Nonviolenza\",\"Senato\",\"TPAN\"],\"articleSection\":[\"Europa\",\"Internazionale\",\"Pace e Disarmo\"],\"inLanguage\":\"it-IT\"},{\"@type\":\"WebPage\",\"@id\":\"https:\/\/www.pressenza.com\/it\/2019\/06\/presentata-al-senato-mozione-per-il-disarmo-nucleare\/\",\"url\":\"https:\/\/www.pressenza.com\/it\/2019\/06\/presentata-al-senato-mozione-per-il-disarmo-nucleare\/\",\"name\":\"Presentata al Senato mozione per il disarmo nucleare\",\"isPartOf\":{\"@id\":\"https:\/\/www.pressenza.com\/it\/#website\"},\"primaryImageOfPage\":{\"@id\":\"https:\/\/www.pressenza.com\/it\/2019\/06\/presentata-al-senato-mozione-per-il-disarmo-nucleare\/#primaryimage\"},\"image\":{\"@id\":\"https:\/\/www.pressenza.com\/it\/2019\/06\/presentata-al-senato-mozione-per-il-disarmo-nucleare\/#primaryimage\"},\"thumbnailUrl\":\"https:\/\/www.pressenza.com\/wp-content\/uploads\/2019\/02\/Aula-del-Senato.jpg\",\"datePublished\":\"2019-06-05T13:28:35+00:00\",\"description\":\"Il 29 di maggio \u00e8 stata depositata presso il Senato della Repubblica Italiana una importante mozione, prima firmataria la Senatrice Loredana De Petris, in\",\"breadcrumb\":{\"@id\":\"https:\/\/www.pressenza.com\/it\/2019\/06\/presentata-al-senato-mozione-per-il-disarmo-nucleare\/#breadcrumb\"},\"inLanguage\":\"it-IT\",\"potentialAction\":[{\"@type\":\"ReadAction\",\"target\":[\"https:\/\/www.pressenza.com\/it\/2019\/06\/presentata-al-senato-mozione-per-il-disarmo-nucleare\/\"]}]},{\"@type\":\"ImageObject\",\"inLanguage\":\"it-IT\",\"@id\":\"https:\/\/www.pressenza.com\/it\/2019\/06\/presentata-al-senato-mozione-per-il-disarmo-nucleare\/#primaryimage\",\"url\":\"https:\/\/www.pressenza.com\/wp-content\/uploads\/2019\/02\/Aula-del-Senato.jpg\",\"contentUrl\":\"https:\/\/www.pressenza.com\/wp-content\/uploads\/2019\/02\/Aula-del-Senato.jpg\",\"width\":835,\"height\":437,\"caption\":\"Aula del Senato\"},{\"@type\":\"BreadcrumbList\",\"@id\":\"https:\/\/www.pressenza.com\/it\/2019\/06\/presentata-al-senato-mozione-per-il-disarmo-nucleare\/#breadcrumb\",\"itemListElement\":[{\"@type\":\"ListItem\",\"position\":1,\"name\":\"Accueil\",\"item\":\"https:\/\/www.pressenza.com\/it\/\"},{\"@type\":\"ListItem\",\"position\":2,\"name\":\"Presentata al Senato mozione per il disarmo nucleare\"}]},{\"@type\":\"WebSite\",\"@id\":\"https:\/\/www.pressenza.com\/it\/#website\",\"url\":\"https:\/\/www.pressenza.com\/it\/\",\"name\":\"Pressenza\",\"description\":\"Agenzia di Stampa Internazionale\",\"publisher\":{\"@id\":\"https:\/\/www.pressenza.com\/it\/#organization\"},\"potentialAction\":[{\"@type\":\"SearchAction\",\"target\":{\"@type\":\"EntryPoint\",\"urlTemplate\":\"https:\/\/www.pressenza.com\/it\/?s={search_term_string}\"},\"query-input\":{\"@type\":\"PropertyValueSpecification\",\"valueRequired\":true,\"valueName\":\"search_term_string\"}}],\"inLanguage\":\"it-IT\"},{\"@type\":\"Organization\",\"@id\":\"https:\/\/www.pressenza.com\/it\/#organization\",\"name\":\"Pressenza\",\"url\":\"https:\/\/www.pressenza.com\/it\/\",\"logo\":{\"@type\":\"ImageObject\",\"inLanguage\":\"it-IT\",\"@id\":\"https:\/\/www.pressenza.com\/it\/#\/schema\/logo\/image\/\",\"url\":\"https:\/\/www.pressenza.com\/wp-content\/uploads\/2022\/10\/pressenza_logo_200x200.jpg\",\"contentUrl\":\"https:\/\/www.pressenza.com\/wp-content\/uploads\/2022\/10\/pressenza_logo_200x200.jpg\",\"width\":200,\"height\":200,\"caption\":\"Pressenza\"},\"image\":{\"@id\":\"https:\/\/www.pressenza.com\/it\/#\/schema\/logo\/image\/\"},\"sameAs\":[\"https:\/\/www.facebook.com\/PressenzaItalia\",\"https:\/\/x.com\/PressenzaIPA\"]},{\"@type\":\"Person\",\"@id\":\"https:\/\/www.pressenza.com\/it\/#\/schema\/person\/7695876a0aa9e0602a5de3babecd54ff\",\"name\":\"Marcia Mondiale per la Pace e la Nonviolenza\",\"sameAs\":[\"https:\/\/theworldmarch.org\"],\"url\":\"https:\/\/www.pressenza.com\/it\/author\/marcia-mondiale-per-la-pace-e-la-nonviolenza\/\"}]}<\/script>\n<!-- \/ Yoast SEO plugin. -->","yoast_head_json":{"title":"Presentata al Senato mozione per il disarmo nucleare","description":"Il 29 di maggio \u00e8 stata depositata presso il Senato della Repubblica Italiana una importante mozione, prima firmataria la Senatrice Loredana De Petris, in","robots":{"index":"index","follow":"follow","max-snippet":"max-snippet:-1","max-image-preview":"max-image-preview:large","max-video-preview":"max-video-preview:-1"},"canonical":"https:\/\/www.pressenza.com\/it\/2019\/06\/presentata-al-senato-mozione-per-il-disarmo-nucleare\/","og_locale":"it_IT","og_type":"article","og_title":"Presentata al Senato mozione per il disarmo nucleare","og_description":"Il 29 di maggio \u00e8 stata depositata presso il Senato della Repubblica Italiana una importante mozione, prima firmataria la Senatrice Loredana De Petris, in","og_url":"https:\/\/www.pressenza.com\/it\/2019\/06\/presentata-al-senato-mozione-per-il-disarmo-nucleare\/","og_site_name":"Pressenza","article_publisher":"https:\/\/www.facebook.com\/PressenzaItalia","article_published_time":"2019-06-05T13:28:35+00:00","og_image":[{"width":835,"height":437,"url":"https:\/\/www.pressenza.com\/wp-content\/uploads\/2019\/02\/Aula-del-Senato.jpg","type":"image\/jpeg"}],"author":"Marcia Mondiale per la Pace e la Nonviolenza","twitter_card":"summary_large_image","twitter_creator":"@PressenzaIPA","twitter_site":"@PressenzaIPA","twitter_misc":{"Scritto da":"Marcia Mondiale per la Pace e la Nonviolenza","Tempo di lettura stimato":"5 minuti"},"schema":{"@context":"https:\/\/schema.org","@graph":[{"@type":"Article","@id":"https:\/\/www.pressenza.com\/it\/2019\/06\/presentata-al-senato-mozione-per-il-disarmo-nucleare\/#article","isPartOf":{"@id":"https:\/\/www.pressenza.com\/it\/2019\/06\/presentata-al-senato-mozione-per-il-disarmo-nucleare\/"},"author":{"name":"Marcia Mondiale per la Pace e la Nonviolenza","@id":"https:\/\/www.pressenza.com\/it\/#\/schema\/person\/7695876a0aa9e0602a5de3babecd54ff"},"headline":"Presentata al Senato mozione per il disarmo nucleare","datePublished":"2019-06-05T13:28:35+00:00","mainEntityOfPage":{"@id":"https:\/\/www.pressenza.com\/it\/2019\/06\/presentata-al-senato-mozione-per-il-disarmo-nucleare\/"},"wordCount":967,"publisher":{"@id":"https:\/\/www.pressenza.com\/it\/#organization"},"image":{"@id":"https:\/\/www.pressenza.com\/it\/2019\/06\/presentata-al-senato-mozione-per-il-disarmo-nucleare\/#primaryimage"},"thumbnailUrl":"https:\/\/www.pressenza.com\/wp-content\/uploads\/2019\/02\/Aula-del-Senato.jpg","keywords":["disarmo nucleare","Loredana De Petris","Marcia Mondiale per la Pace e la Nonviolenza","Seconda Marcia Mondiale per la Pace e la Nonviolenza","Senato","TPAN"],"articleSection":["Europa","Internazionale","Pace e Disarmo"],"inLanguage":"it-IT"},{"@type":"WebPage","@id":"https:\/\/www.pressenza.com\/it\/2019\/06\/presentata-al-senato-mozione-per-il-disarmo-nucleare\/","url":"https:\/\/www.pressenza.com\/it\/2019\/06\/presentata-al-senato-mozione-per-il-disarmo-nucleare\/","name":"Presentata al Senato mozione per il disarmo nucleare","isPartOf":{"@id":"https:\/\/www.pressenza.com\/it\/#website"},"primaryImageOfPage":{"@id":"https:\/\/www.pressenza.com\/it\/2019\/06\/presentata-al-senato-mozione-per-il-disarmo-nucleare\/#primaryimage"},"image":{"@id":"https:\/\/www.pressenza.com\/it\/2019\/06\/presentata-al-senato-mozione-per-il-disarmo-nucleare\/#primaryimage"},"thumbnailUrl":"https:\/\/www.pressenza.com\/wp-content\/uploads\/2019\/02\/Aula-del-Senato.jpg","datePublished":"2019-06-05T13:28:35+00:00","description":"Il 29 di maggio \u00e8 stata depositata presso il Senato della Repubblica Italiana una importante mozione, prima firmataria la Senatrice Loredana De Petris, in","breadcrumb":{"@id":"https:\/\/www.pressenza.com\/it\/2019\/06\/presentata-al-senato-mozione-per-il-disarmo-nucleare\/#breadcrumb"},"inLanguage":"it-IT","potentialAction":[{"@type":"ReadAction","target":["https:\/\/www.pressenza.com\/it\/2019\/06\/presentata-al-senato-mozione-per-il-disarmo-nucleare\/"]}]},{"@type":"ImageObject","inLanguage":"it-IT","@id":"https:\/\/www.pressenza.com\/it\/2019\/06\/presentata-al-senato-mozione-per-il-disarmo-nucleare\/#primaryimage","url":"https:\/\/www.pressenza.com\/wp-content\/uploads\/2019\/02\/Aula-del-Senato.jpg","contentUrl":"https:\/\/www.pressenza.com\/wp-content\/uploads\/2019\/02\/Aula-del-Senato.jpg","width":835,"height":437,"caption":"Aula del Senato"},{"@type":"BreadcrumbList","@id":"https:\/\/www.pressenza.com\/it\/2019\/06\/presentata-al-senato-mozione-per-il-disarmo-nucleare\/#breadcrumb","itemListElement":[{"@type":"ListItem","position":1,"name":"Accueil","item":"https:\/\/www.pressenza.com\/it\/"},{"@type":"ListItem","position":2,"name":"Presentata al Senato mozione per il disarmo nucleare"}]},{"@type":"WebSite","@id":"https:\/\/www.pressenza.com\/it\/#website","url":"https:\/\/www.pressenza.com\/it\/","name":"Pressenza","description":"Agenzia di Stampa Internazionale","publisher":{"@id":"https:\/\/www.pressenza.com\/it\/#organization"},"potentialAction":[{"@type":"SearchAction","target":{"@type":"EntryPoint","urlTemplate":"https:\/\/www.pressenza.com\/it\/?s={search_term_string}"},"query-input":{"@type":"PropertyValueSpecification","valueRequired":true,"valueName":"search_term_string"}}],"inLanguage":"it-IT"},{"@type":"Organization","@id":"https:\/\/www.pressenza.com\/it\/#organization","name":"Pressenza","url":"https:\/\/www.pressenza.com\/it\/","logo":{"@type":"ImageObject","inLanguage":"it-IT","@id":"https:\/\/www.pressenza.com\/it\/#\/schema\/logo\/image\/","url":"https:\/\/www.pressenza.com\/wp-content\/uploads\/2022\/10\/pressenza_logo_200x200.jpg","contentUrl":"https:\/\/www.pressenza.com\/wp-content\/uploads\/2022\/10\/pressenza_logo_200x200.jpg","width":200,"height":200,"caption":"Pressenza"},"image":{"@id":"https:\/\/www.pressenza.com\/it\/#\/schema\/logo\/image\/"},"sameAs":["https:\/\/www.facebook.com\/PressenzaItalia","https:\/\/x.com\/PressenzaIPA"]},{"@type":"Person","@id":"https:\/\/www.pressenza.com\/it\/#\/schema\/person\/7695876a0aa9e0602a5de3babecd54ff","name":"Marcia Mondiale per la Pace e la Nonviolenza","sameAs":["https:\/\/theworldmarch.org"],"url":"https:\/\/www.pressenza.com\/it\/author\/marcia-mondiale-per-la-pace-e-la-nonviolenza\/"}]}},"place":"","original_article_url":"","_links":{"self":[{"href":"https:\/\/www.pressenza.com\/it\/wp-json\/wp\/v2\/posts\/866458","targetHints":{"allow":["GET"]}}],"collection":[{"href":"https:\/\/www.pressenza.com\/it\/wp-json\/wp\/v2\/posts"}],"about":[{"href":"https:\/\/www.pressenza.com\/it\/wp-json\/wp\/v2\/types\/post"}],"author":[{"embeddable":true,"href":"https:\/\/www.pressenza.com\/it\/wp-json\/wp\/v2\/users\/1565"}],"replies":[{"embeddable":true,"href":"https:\/\/www.pressenza.com\/it\/wp-json\/wp\/v2\/comments?post=866458"}],"version-history":[{"count":0,"href":"https:\/\/www.pressenza.com\/it\/wp-json\/wp\/v2\/posts\/866458\/revisions"}],"wp:featuredmedia":[{"embeddable":true,"href":"https:\/\/www.pressenza.com\/it\/wp-json\/wp\/v2\/media\/810417"}],"wp:attachment":[{"href":"https:\/\/www.pressenza.com\/it\/wp-json\/wp\/v2\/media?parent=866458"}],"wp:term":[{"taxonomy":"category","embeddable":true,"href":"https:\/\/www.pressenza.com\/it\/wp-json\/wp\/v2\/categories?post=866458"},{"taxonomy":"post_tag","embeddable":true,"href":"https:\/\/www.pressenza.com\/it\/wp-json\/wp\/v2\/tags?post=866458"}],"curies":[{"name":"wp","href":"https:\/\/api.w.org\/{rel}","templated":true}]}}