{"id":86541,"date":"2014-01-25T14:52:10","date_gmt":"2014-01-25T14:52:10","guid":{"rendered":"http:\/\/www.pressenza.com\/?p=86541"},"modified":"2014-01-25T14:57:48","modified_gmt":"2014-01-25T14:57:48","slug":"anno-nuovo-dinamiche-vecchie-vendesi-patrimonio-e-servizi-pubblici-fondamentali","status":"publish","type":"post","link":"https:\/\/www.pressenza.com\/it\/2014\/01\/anno-nuovo-dinamiche-vecchie-vendesi-patrimonio-e-servizi-pubblici-fondamentali\/","title":{"rendered":"Anno nuovo, dinamiche vecchie: vendesi patrimonio e servizi pubblici fondamentali"},"content":{"rendered":"<div><img loading=\"lazy\" decoding=\"async\" class=\"alignright\" alt=\"\" src=\"https:\/\/www.pressenza.com\/wp-content\/uploads\/2013\/11\/Acqua.png\" width=\"377\" height=\"197\" \/><\/div>\n<div>\n<div>Con l&#8217;inizio dell&#8217;anno politico si riapre la partita delle privatizzazioni.<\/div>\n<p>Da ieri, aziende pubbliche e servizi pubblici fondamentali dello Stato italiano sono stati dichiarati ufficilamente gli obiettivi centrali e immediati della strategia di privatizzazione d<wbr \/>ell&#8217;attuale Governo Letta; parallelamente la solerte Senatrice Lanzillotta ripropone un emendamento al Decreto Enti locali per mettere in vendita la quota comunale di Acea e l&#8217;interezza delle altre due municipalizzate, Ama e Atac, oltre alla dismissione del patrimonio pubblico e ai licenziamenti dei lavoratori.<\/p>\n<div>La partita che sapevamo iniziata allo scadere dello scorso anno si ripropone ora in tutta la sua dimensione e prospettiva. Dai livelli nazionali a quelli locali l&#8217;indicazione \u00e8 vendere i beni pubblici, disconoscere l&#8217;esito referendario del 2011, ignorare l&#8217;impoverimento sociale che si crea, far pesare ancora una volta il costo sulla collettivit\u00e0 per far arricchire le solite lobbies economiche e finanziarie.<\/div>\n<\/div>\n<p>Il Parlamento, che dovr\u00e0 esprimersi a breve, non pu\u00f2 diventare solo il terminale dei diktat monetari ma al contrario farsi garante dei diritti della cittadinanza. Su ci\u00f2 chiederemo ai parlamentari di prendere una posizione chiara e inequivocabile.<\/p>\n<p>Nessuna novit\u00e0 per quanto ci riguarda, se non la consapevolezza che i privatizzatori vogliono incassare e sono determinati a passare sopra tutto e tutti. Oggi hanno riaperto in grande stile l&#8217;offensiva.<br \/>\nI movimenti sociali, dunque, sono chiamati ad uno sforzo profondo per difendere i beni comuni e i servizi pubblici, ma anche, a disegnare un&#8217;alternativa radicale all&#8217;attuale situazione di crisi e sfruttamento.<\/p>\n<p>Per questo, il movimento dell&#8217;acqua, invita a partecipare all&#8217;assemblea pubblica del 31 gennaio che gi\u00e0 era convocata alle 17.00 sotto la Regione Lazio, in difesa dell&#8217;acqua e dei beni comuni, consapevoli che, alla luce dei fatti, siamo chiamati a una risposta determinata e repentina.<\/p>\n","protected":false},"excerpt":{"rendered":"<p>Con l&#8217;inizio dell&#8217;anno politico si riapre la partita delle privatizzazioni. Da ieri, aziende pubbliche e servizi pubblici fondamentali dello Stato italiano sono stati dichiarati ufficilamente gli obiettivi centrali e immediati della strategia di privatizzazione dell&#8217;attuale Governo Letta; parallelamente la solerte&hellip;<\/p>\n","protected":false},"author":700,"featured_media":0,"comment_status":"closed","ping_status":"open","sticky":false,"template":"","format":"standard","meta":{"footnotes":""},"categories":[150,59,47],"tags":[189,971,185,2689],"class_list":["post-86541","post","type-post","status-publish","format-standard","hentry","category-comunicati-stampa","category-ambiente-ecologia","category-europa","tag-acqua","tag-bene-comune","tag-governo","tag-privatizzazioni"],"yoast_head":"<!-- This site is optimized with the Yoast SEO plugin v27.1.1 - https:\/\/yoast.com\/product\/yoast-seo-wordpress\/ -->\n<title>Anno nuovo, dinamiche vecchie: vendesi patrimonio e servizi pubblici fondamentali<\/title>\n<meta name=\"description\" content=\"Con l&#039;inizio dell&#039;anno politico si riapre la partita delle privatizzazioni. Da ieri, aziende pubbliche e servizi pubblici fondamentali dello Stato\" \/>\n<meta name=\"robots\" content=\"index, follow, max-snippet:-1, max-image-preview:large, max-video-preview:-1\" \/>\n<link rel=\"canonical\" href=\"https:\/\/www.pressenza.com\/it\/2014\/01\/anno-nuovo-dinamiche-vecchie-vendesi-patrimonio-e-servizi-pubblici-fondamentali\/\" \/>\n<meta property=\"og:locale\" content=\"it_IT\" \/>\n<meta property=\"og:type\" content=\"article\" \/>\n<meta property=\"og:title\" content=\"Anno nuovo, dinamiche vecchie: vendesi patrimonio e servizi pubblici fondamentali\" \/>\n<meta property=\"og:description\" content=\"Con l&#039;inizio dell&#039;anno politico si riapre la partita delle privatizzazioni. Da ieri, aziende pubbliche e servizi pubblici fondamentali dello Stato\" \/>\n<meta property=\"og:url\" content=\"https:\/\/www.pressenza.com\/it\/2014\/01\/anno-nuovo-dinamiche-vecchie-vendesi-patrimonio-e-servizi-pubblici-fondamentali\/\" \/>\n<meta property=\"og:site_name\" content=\"Pressenza\" \/>\n<meta property=\"article:publisher\" content=\"https:\/\/www.facebook.com\/PressenzaItalia\" \/>\n<meta property=\"article:author\" content=\"https:\/\/www.facebook.com\/acquabenecomune\/\" \/>\n<meta property=\"article:published_time\" content=\"2014-01-25T14:52:10+00:00\" \/>\n<meta property=\"article:modified_time\" content=\"2014-01-25T14:57:48+00:00\" \/>\n<meta property=\"og:image\" content=\"https:\/\/www.pressenza.com\/wp-content\/uploads\/2013\/11\/Acqua.png\" \/>\n<meta name=\"author\" content=\"Forum Italiano dei Movimenti per l&#039;Acqua\" \/>\n<meta name=\"twitter:card\" content=\"summary_large_image\" \/>\n<meta name=\"twitter:creator\" content=\"@AcquaBeneComuna\" \/>\n<meta name=\"twitter:site\" content=\"@PressenzaIPA\" \/>\n<meta name=\"twitter:label1\" content=\"Scritto da\" \/>\n\t<meta name=\"twitter:data1\" content=\"Forum Italiano dei Movimenti per l&#039;Acqua\" \/>\n\t<meta name=\"twitter:label2\" content=\"Tempo di lettura stimato\" \/>\n\t<meta name=\"twitter:data2\" content=\"1 minuto\" \/>\n<script type=\"application\/ld+json\" class=\"yoast-schema-graph\">{\"@context\":\"https:\/\/schema.org\",\"@graph\":[{\"@type\":\"Article\",\"@id\":\"https:\/\/www.pressenza.com\/it\/2014\/01\/anno-nuovo-dinamiche-vecchie-vendesi-patrimonio-e-servizi-pubblici-fondamentali\/#article\",\"isPartOf\":{\"@id\":\"https:\/\/www.pressenza.com\/it\/2014\/01\/anno-nuovo-dinamiche-vecchie-vendesi-patrimonio-e-servizi-pubblici-fondamentali\/\"},\"author\":{\"name\":\"Forum Italiano dei Movimenti per l'Acqua\",\"@id\":\"https:\/\/www.pressenza.com\/it\/#\/schema\/person\/8ea6254d3fae985857543f96866364c6\"},\"headline\":\"Anno nuovo, dinamiche vecchie: vendesi patrimonio e servizi pubblici fondamentali\",\"datePublished\":\"2014-01-25T14:52:10+00:00\",\"dateModified\":\"2014-01-25T14:57:48+00:00\",\"mainEntityOfPage\":{\"@id\":\"https:\/\/www.pressenza.com\/it\/2014\/01\/anno-nuovo-dinamiche-vecchie-vendesi-patrimonio-e-servizi-pubblici-fondamentali\/\"},\"wordCount\":301,\"publisher\":{\"@id\":\"https:\/\/www.pressenza.com\/it\/#organization\"},\"image\":{\"@id\":\"https:\/\/www.pressenza.com\/it\/2014\/01\/anno-nuovo-dinamiche-vecchie-vendesi-patrimonio-e-servizi-pubblici-fondamentali\/#primaryimage\"},\"thumbnailUrl\":\"https:\/\/www.pressenza.com\/wp-content\/uploads\/2013\/11\/Acqua.png\",\"keywords\":[\"acqua\",\"bene comune\",\"governo\",\"privatizzazioni\"],\"articleSection\":[\"Comunicati Stampa\",\"Ecologia ed Ambiente\",\"Europa\"],\"inLanguage\":\"it-IT\"},{\"@type\":\"WebPage\",\"@id\":\"https:\/\/www.pressenza.com\/it\/2014\/01\/anno-nuovo-dinamiche-vecchie-vendesi-patrimonio-e-servizi-pubblici-fondamentali\/\",\"url\":\"https:\/\/www.pressenza.com\/it\/2014\/01\/anno-nuovo-dinamiche-vecchie-vendesi-patrimonio-e-servizi-pubblici-fondamentali\/\",\"name\":\"Anno nuovo, dinamiche vecchie: vendesi patrimonio e servizi pubblici fondamentali\",\"isPartOf\":{\"@id\":\"https:\/\/www.pressenza.com\/it\/#website\"},\"primaryImageOfPage\":{\"@id\":\"https:\/\/www.pressenza.com\/it\/2014\/01\/anno-nuovo-dinamiche-vecchie-vendesi-patrimonio-e-servizi-pubblici-fondamentali\/#primaryimage\"},\"image\":{\"@id\":\"https:\/\/www.pressenza.com\/it\/2014\/01\/anno-nuovo-dinamiche-vecchie-vendesi-patrimonio-e-servizi-pubblici-fondamentali\/#primaryimage\"},\"thumbnailUrl\":\"https:\/\/www.pressenza.com\/wp-content\/uploads\/2013\/11\/Acqua.png\",\"datePublished\":\"2014-01-25T14:52:10+00:00\",\"dateModified\":\"2014-01-25T14:57:48+00:00\",\"description\":\"Con l'inizio dell'anno politico si riapre la partita delle privatizzazioni. Da ieri, aziende pubbliche e servizi pubblici fondamentali dello Stato\",\"breadcrumb\":{\"@id\":\"https:\/\/www.pressenza.com\/it\/2014\/01\/anno-nuovo-dinamiche-vecchie-vendesi-patrimonio-e-servizi-pubblici-fondamentali\/#breadcrumb\"},\"inLanguage\":\"it-IT\",\"potentialAction\":[{\"@type\":\"ReadAction\",\"target\":[\"https:\/\/www.pressenza.com\/it\/2014\/01\/anno-nuovo-dinamiche-vecchie-vendesi-patrimonio-e-servizi-pubblici-fondamentali\/\"]}]},{\"@type\":\"ImageObject\",\"inLanguage\":\"it-IT\",\"@id\":\"https:\/\/www.pressenza.com\/it\/2014\/01\/anno-nuovo-dinamiche-vecchie-vendesi-patrimonio-e-servizi-pubblici-fondamentali\/#primaryimage\",\"url\":\"https:\/\/www.pressenza.com\/wp-content\/uploads\/2013\/11\/Acqua.png\",\"contentUrl\":\"https:\/\/www.pressenza.com\/wp-content\/uploads\/2013\/11\/Acqua.png\"},{\"@type\":\"BreadcrumbList\",\"@id\":\"https:\/\/www.pressenza.com\/it\/2014\/01\/anno-nuovo-dinamiche-vecchie-vendesi-patrimonio-e-servizi-pubblici-fondamentali\/#breadcrumb\",\"itemListElement\":[{\"@type\":\"ListItem\",\"position\":1,\"name\":\"Accueil\",\"item\":\"https:\/\/www.pressenza.com\/it\/\"},{\"@type\":\"ListItem\",\"position\":2,\"name\":\"Anno nuovo, dinamiche vecchie: vendesi patrimonio e servizi pubblici fondamentali\"}]},{\"@type\":\"WebSite\",\"@id\":\"https:\/\/www.pressenza.com\/it\/#website\",\"url\":\"https:\/\/www.pressenza.com\/it\/\",\"name\":\"Pressenza\",\"description\":\"Agenzia di Stampa Internazionale\",\"publisher\":{\"@id\":\"https:\/\/www.pressenza.com\/it\/#organization\"},\"potentialAction\":[{\"@type\":\"SearchAction\",\"target\":{\"@type\":\"EntryPoint\",\"urlTemplate\":\"https:\/\/www.pressenza.com\/it\/?s={search_term_string}\"},\"query-input\":{\"@type\":\"PropertyValueSpecification\",\"valueRequired\":true,\"valueName\":\"search_term_string\"}}],\"inLanguage\":\"it-IT\"},{\"@type\":\"Organization\",\"@id\":\"https:\/\/www.pressenza.com\/it\/#organization\",\"name\":\"Pressenza\",\"url\":\"https:\/\/www.pressenza.com\/it\/\",\"logo\":{\"@type\":\"ImageObject\",\"inLanguage\":\"it-IT\",\"@id\":\"https:\/\/www.pressenza.com\/it\/#\/schema\/logo\/image\/\",\"url\":\"https:\/\/www.pressenza.com\/wp-content\/uploads\/2022\/10\/pressenza_logo_200x200.jpg\",\"contentUrl\":\"https:\/\/www.pressenza.com\/wp-content\/uploads\/2022\/10\/pressenza_logo_200x200.jpg\",\"width\":200,\"height\":200,\"caption\":\"Pressenza\"},\"image\":{\"@id\":\"https:\/\/www.pressenza.com\/it\/#\/schema\/logo\/image\/\"},\"sameAs\":[\"https:\/\/www.facebook.com\/PressenzaItalia\",\"https:\/\/x.com\/PressenzaIPA\"]},{\"@type\":\"Person\",\"@id\":\"https:\/\/www.pressenza.com\/it\/#\/schema\/person\/8ea6254d3fae985857543f96866364c6\",\"name\":\"Forum Italiano dei Movimenti per l'Acqua\",\"description\":\"Siamo quelli che vogliono l'acqua pubblica, quelli che credono che un bene universale fondamentale per la vita non debba essere affidato alle logiche del mercato e del profitto. Quelli che insieme alla pi\u00f9 vasta coalizione sociale mai vista in questo paese e a milioni di cittadine e cittadini, hanno vinto i referendum per l'acqua bene comune del 12 e 13 giugno 2011. www.acquabenecomune.org\/\",\"sameAs\":[\"https:\/\/www.facebook.com\/acquabenecomune\/\",\"https:\/\/x.com\/AcquaBeneComuna\"],\"url\":\"https:\/\/www.pressenza.com\/it\/author\/forum-italiano-dei-movimenti-per-acqua\/\"}]}<\/script>\n<!-- \/ Yoast SEO plugin. -->","yoast_head_json":{"title":"Anno nuovo, dinamiche vecchie: vendesi patrimonio e servizi pubblici fondamentali","description":"Con l'inizio dell'anno politico si riapre la partita delle privatizzazioni. Da ieri, aziende pubbliche e servizi pubblici fondamentali dello Stato","robots":{"index":"index","follow":"follow","max-snippet":"max-snippet:-1","max-image-preview":"max-image-preview:large","max-video-preview":"max-video-preview:-1"},"canonical":"https:\/\/www.pressenza.com\/it\/2014\/01\/anno-nuovo-dinamiche-vecchie-vendesi-patrimonio-e-servizi-pubblici-fondamentali\/","og_locale":"it_IT","og_type":"article","og_title":"Anno nuovo, dinamiche vecchie: vendesi patrimonio e servizi pubblici fondamentali","og_description":"Con l'inizio dell'anno politico si riapre la partita delle privatizzazioni. Da ieri, aziende pubbliche e servizi pubblici fondamentali dello Stato","og_url":"https:\/\/www.pressenza.com\/it\/2014\/01\/anno-nuovo-dinamiche-vecchie-vendesi-patrimonio-e-servizi-pubblici-fondamentali\/","og_site_name":"Pressenza","article_publisher":"https:\/\/www.facebook.com\/PressenzaItalia","article_author":"https:\/\/www.facebook.com\/acquabenecomune\/","article_published_time":"2014-01-25T14:52:10+00:00","article_modified_time":"2014-01-25T14:57:48+00:00","og_image":[{"url":"https:\/\/www.pressenza.com\/wp-content\/uploads\/2013\/11\/Acqua.png","type":"","width":"","height":""}],"author":"Forum Italiano dei Movimenti per l'Acqua","twitter_card":"summary_large_image","twitter_creator":"@AcquaBeneComuna","twitter_site":"@PressenzaIPA","twitter_misc":{"Scritto da":"Forum Italiano dei Movimenti per l'Acqua","Tempo di lettura stimato":"1 minuto"},"schema":{"@context":"https:\/\/schema.org","@graph":[{"@type":"Article","@id":"https:\/\/www.pressenza.com\/it\/2014\/01\/anno-nuovo-dinamiche-vecchie-vendesi-patrimonio-e-servizi-pubblici-fondamentali\/#article","isPartOf":{"@id":"https:\/\/www.pressenza.com\/it\/2014\/01\/anno-nuovo-dinamiche-vecchie-vendesi-patrimonio-e-servizi-pubblici-fondamentali\/"},"author":{"name":"Forum Italiano dei Movimenti per l'Acqua","@id":"https:\/\/www.pressenza.com\/it\/#\/schema\/person\/8ea6254d3fae985857543f96866364c6"},"headline":"Anno nuovo, dinamiche vecchie: vendesi patrimonio e servizi pubblici fondamentali","datePublished":"2014-01-25T14:52:10+00:00","dateModified":"2014-01-25T14:57:48+00:00","mainEntityOfPage":{"@id":"https:\/\/www.pressenza.com\/it\/2014\/01\/anno-nuovo-dinamiche-vecchie-vendesi-patrimonio-e-servizi-pubblici-fondamentali\/"},"wordCount":301,"publisher":{"@id":"https:\/\/www.pressenza.com\/it\/#organization"},"image":{"@id":"https:\/\/www.pressenza.com\/it\/2014\/01\/anno-nuovo-dinamiche-vecchie-vendesi-patrimonio-e-servizi-pubblici-fondamentali\/#primaryimage"},"thumbnailUrl":"https:\/\/www.pressenza.com\/wp-content\/uploads\/2013\/11\/Acqua.png","keywords":["acqua","bene comune","governo","privatizzazioni"],"articleSection":["Comunicati Stampa","Ecologia ed Ambiente","Europa"],"inLanguage":"it-IT"},{"@type":"WebPage","@id":"https:\/\/www.pressenza.com\/it\/2014\/01\/anno-nuovo-dinamiche-vecchie-vendesi-patrimonio-e-servizi-pubblici-fondamentali\/","url":"https:\/\/www.pressenza.com\/it\/2014\/01\/anno-nuovo-dinamiche-vecchie-vendesi-patrimonio-e-servizi-pubblici-fondamentali\/","name":"Anno nuovo, dinamiche vecchie: vendesi patrimonio e servizi pubblici fondamentali","isPartOf":{"@id":"https:\/\/www.pressenza.com\/it\/#website"},"primaryImageOfPage":{"@id":"https:\/\/www.pressenza.com\/it\/2014\/01\/anno-nuovo-dinamiche-vecchie-vendesi-patrimonio-e-servizi-pubblici-fondamentali\/#primaryimage"},"image":{"@id":"https:\/\/www.pressenza.com\/it\/2014\/01\/anno-nuovo-dinamiche-vecchie-vendesi-patrimonio-e-servizi-pubblici-fondamentali\/#primaryimage"},"thumbnailUrl":"https:\/\/www.pressenza.com\/wp-content\/uploads\/2013\/11\/Acqua.png","datePublished":"2014-01-25T14:52:10+00:00","dateModified":"2014-01-25T14:57:48+00:00","description":"Con l'inizio dell'anno politico si riapre la partita delle privatizzazioni. Da ieri, aziende pubbliche e servizi pubblici fondamentali dello Stato","breadcrumb":{"@id":"https:\/\/www.pressenza.com\/it\/2014\/01\/anno-nuovo-dinamiche-vecchie-vendesi-patrimonio-e-servizi-pubblici-fondamentali\/#breadcrumb"},"inLanguage":"it-IT","potentialAction":[{"@type":"ReadAction","target":["https:\/\/www.pressenza.com\/it\/2014\/01\/anno-nuovo-dinamiche-vecchie-vendesi-patrimonio-e-servizi-pubblici-fondamentali\/"]}]},{"@type":"ImageObject","inLanguage":"it-IT","@id":"https:\/\/www.pressenza.com\/it\/2014\/01\/anno-nuovo-dinamiche-vecchie-vendesi-patrimonio-e-servizi-pubblici-fondamentali\/#primaryimage","url":"https:\/\/www.pressenza.com\/wp-content\/uploads\/2013\/11\/Acqua.png","contentUrl":"https:\/\/www.pressenza.com\/wp-content\/uploads\/2013\/11\/Acqua.png"},{"@type":"BreadcrumbList","@id":"https:\/\/www.pressenza.com\/it\/2014\/01\/anno-nuovo-dinamiche-vecchie-vendesi-patrimonio-e-servizi-pubblici-fondamentali\/#breadcrumb","itemListElement":[{"@type":"ListItem","position":1,"name":"Accueil","item":"https:\/\/www.pressenza.com\/it\/"},{"@type":"ListItem","position":2,"name":"Anno nuovo, dinamiche vecchie: vendesi patrimonio e servizi pubblici fondamentali"}]},{"@type":"WebSite","@id":"https:\/\/www.pressenza.com\/it\/#website","url":"https:\/\/www.pressenza.com\/it\/","name":"Pressenza","description":"Agenzia di Stampa Internazionale","publisher":{"@id":"https:\/\/www.pressenza.com\/it\/#organization"},"potentialAction":[{"@type":"SearchAction","target":{"@type":"EntryPoint","urlTemplate":"https:\/\/www.pressenza.com\/it\/?s={search_term_string}"},"query-input":{"@type":"PropertyValueSpecification","valueRequired":true,"valueName":"search_term_string"}}],"inLanguage":"it-IT"},{"@type":"Organization","@id":"https:\/\/www.pressenza.com\/it\/#organization","name":"Pressenza","url":"https:\/\/www.pressenza.com\/it\/","logo":{"@type":"ImageObject","inLanguage":"it-IT","@id":"https:\/\/www.pressenza.com\/it\/#\/schema\/logo\/image\/","url":"https:\/\/www.pressenza.com\/wp-content\/uploads\/2022\/10\/pressenza_logo_200x200.jpg","contentUrl":"https:\/\/www.pressenza.com\/wp-content\/uploads\/2022\/10\/pressenza_logo_200x200.jpg","width":200,"height":200,"caption":"Pressenza"},"image":{"@id":"https:\/\/www.pressenza.com\/it\/#\/schema\/logo\/image\/"},"sameAs":["https:\/\/www.facebook.com\/PressenzaItalia","https:\/\/x.com\/PressenzaIPA"]},{"@type":"Person","@id":"https:\/\/www.pressenza.com\/it\/#\/schema\/person\/8ea6254d3fae985857543f96866364c6","name":"Forum Italiano dei Movimenti per l'Acqua","description":"Siamo quelli che vogliono l'acqua pubblica, quelli che credono che un bene universale fondamentale per la vita non debba essere affidato alle logiche del mercato e del profitto. Quelli che insieme alla pi\u00f9 vasta coalizione sociale mai vista in questo paese e a milioni di cittadine e cittadini, hanno vinto i referendum per l'acqua bene comune del 12 e 13 giugno 2011. www.acquabenecomune.org\/","sameAs":["https:\/\/www.facebook.com\/acquabenecomune\/","https:\/\/x.com\/AcquaBeneComuna"],"url":"https:\/\/www.pressenza.com\/it\/author\/forum-italiano-dei-movimenti-per-acqua\/"}]}},"place":"","original_article_url":"","_links":{"self":[{"href":"https:\/\/www.pressenza.com\/it\/wp-json\/wp\/v2\/posts\/86541","targetHints":{"allow":["GET"]}}],"collection":[{"href":"https:\/\/www.pressenza.com\/it\/wp-json\/wp\/v2\/posts"}],"about":[{"href":"https:\/\/www.pressenza.com\/it\/wp-json\/wp\/v2\/types\/post"}],"author":[{"embeddable":true,"href":"https:\/\/www.pressenza.com\/it\/wp-json\/wp\/v2\/users\/700"}],"replies":[{"embeddable":true,"href":"https:\/\/www.pressenza.com\/it\/wp-json\/wp\/v2\/comments?post=86541"}],"version-history":[{"count":0,"href":"https:\/\/www.pressenza.com\/it\/wp-json\/wp\/v2\/posts\/86541\/revisions"}],"wp:attachment":[{"href":"https:\/\/www.pressenza.com\/it\/wp-json\/wp\/v2\/media?parent=86541"}],"wp:term":[{"taxonomy":"category","embeddable":true,"href":"https:\/\/www.pressenza.com\/it\/wp-json\/wp\/v2\/categories?post=86541"},{"taxonomy":"post_tag","embeddable":true,"href":"https:\/\/www.pressenza.com\/it\/wp-json\/wp\/v2\/tags?post=86541"}],"curies":[{"name":"wp","href":"https:\/\/api.w.org\/{rel}","templated":true}]}}