{"id":86425,"date":"2014-01-24T21:19:40","date_gmt":"2014-01-24T21:19:40","guid":{"rendered":"http:\/\/www.pressenza.com\/?p=86425"},"modified":"2014-01-24T21:31:16","modified_gmt":"2014-01-24T21:31:16","slug":"green-sin-dallinizio-primo-workshop-roma","status":"publish","type":"post","link":"https:\/\/www.pressenza.com\/it\/2014\/01\/green-sin-dallinizio-primo-workshop-roma\/","title":{"rendered":"Green sin dall&#8217;inizio: primo workshop a Roma"},"content":{"rendered":"<p><img loading=\"lazy\" decoding=\"async\" class=\"alignright\" alt=\"\" src=\"https:\/\/www.pressenza.com\/wp-content\/uploads\/2013\/01\/Giornalisti-nellerba.jpg\" width=\"301\" height=\"290\" \/><\/p>\n<p>Primo workshop del ciclo &#8220;SI FA PRESTO A DIRE GREEN&#8221;<\/p>\n<p><strong>30 gennaio 2014 &#8211; ore 9-13.30<\/strong><\/p>\n<p>Macroarea di Scienze &#8211; Universit\u00e0 di Roma Tor Vergata<\/p>\n<p>Come si indaga sulla &#8220;greeenicit\u00e0&#8221; delle imprese? Come districarsi tra green e greenwashing? Perch\u00e9 \u00e8 necessario che tutti prodotti siano &#8220;green sin dall&#8217;inizio&#8221;? Cosa fa un eco-designer? Come si costruisce un&#8217;inchiesta giornalistica scientifica-ambientale?<\/p>\n<p>Il 30 gennaio, con il workshop &#8220;GREEN SIN DALL&#8217;INIZIO&#8221;, si d\u00e0 il via al ciclo dei workshop gratuiti &#8220;Giornalisti Nell&#8217;Erba &#8211; SI FA PRESTO A DIRE GREEN&#8221;. Dalle 9 alle 13.30, nell&#8217;Aula Magna della Macroarea di Scienze dell&#8217;Universit\u00e0 di Roma Tor Vergata, si svolger\u00e0 un laboratorio di giornalismo scientifico che ruota intorno al tema dell&#8217;eco-progettazione.<\/p>\n<p>La mattinata \u00e8 divisa in pi\u00f9 parti. Dopo un flash panel iniziale in cui si introduce e si d\u00e0 panoramica generale dell&#8217;argomento &#8220;green sin dall&#8217;inizio&#8221;. si passa all&#8217;approfondimento con due esperti che portano casi di studio\/esempi. Segue l&#8217;angolo del linguista. Dopo il\u00a0break, \u00a0la seconda parte, quella di laboratorio vero e proprio, con l&#8217;aiuto di tutor gNe e di tutor ANSAScienzaLab.\u00a0Nella terza parte, le interviste agli esperti.<\/p>\n<p>Partepano ragazzi delle scuole medie e di licei di Roma e Provincia, studenti universitari, ricercatori e giovani colleghi giornalisti. La sfida dei relatori sar\u00e0 soprattutto questa: individuare la formula giusta per comunicare efficacemente con tutti i partecipanti. Una sfida che Giornalisti Nell&#8217;Erba propone, gi\u00e0 da tempo, per convogliare gli sforzi di ogni attore degli appuntamenti formativi verso una &#8220;lingua&#8221; \u00a0giusta per parlare di Ambiente e Scienza.<\/p>\n<p>In allegato, programma del primo workshop e locandina, pi\u00f9 locandina dell&#8217;intero ciclo.<\/p>\n<p>I workshop sono gratuiti, ma con prenotazione obbligatoria a <a href=\"mailto:info@giornalistinellerba.org\" target=\"_blank\">info@giornalistinellerba.org<\/a><\/p>\n<p>Il progetto, realizzato dall&#8217;Associazione di Promozione Sociale Il Refuso, \u00e8 stato premiato ed \u00e8 co-sostenuto dalla Regione Lazio. Partner dell&#8221;intero ciclo: FIMA (Federazione Italiana Media Ambientali), UNIVERSITA&#8217; di ROMA TOR VERGATA, Consiglio Nazionale ORDINE DEI GIORNALISTI, ANSA, CARLSBERG Italia, UNILEVER, NOVAMONT, QUALENERGIA, GREENME, <a href=\"http:\/\/RINNOVABILI.IT\" target=\"_blank\">RINNOVABILI.IT<\/a><\/p>\n","protected":false},"excerpt":{"rendered":"<p>Primo workshop del ciclo &#8220;SI FA PRESTO A DIRE GREEN&#8221; 30 gennaio 2014 &#8211; ore 9-13.30 Macroarea di Scienze &#8211; Universit\u00e0 di Roma Tor Vergata Come si indaga sulla &#8220;greeenicit\u00e0&#8221; delle imprese? Come districarsi tra green e greenwashing? Perch\u00e9 \u00e8&hellip;<\/p>\n","protected":false},"author":753,"featured_media":0,"comment_status":"closed","ping_status":"open","sticky":false,"template":"","format":"standard","meta":{"footnotes":""},"categories":[150,59,1258,47],"tags":[225,4499,1767,3873,8651],"class_list":["post-86425","post","type-post","status-publish","format-standard","hentry","category-comunicati-stampa","category-ambiente-ecologia","category-educazione","category-europa","tag-ambiente","tag-educazione-2","tag-giornalismo","tag-roma","tag-universita-di-roma-tor-vergata"],"yoast_head":"<!-- This site is optimized with the Yoast SEO plugin v27.1.1 - https:\/\/yoast.com\/product\/yoast-seo-wordpress\/ -->\n<title>Green sin dall&#039;inizio: primo workshop a Roma<\/title>\n<meta name=\"description\" content=\"Primo workshop del ciclo &quot;SI FA PRESTO A DIRE GREEN&quot; 30 gennaio 2014 - ore 9-13.30 Macroarea di Scienze - Universit\u00e0 di Roma Tor Vergata Come si indaga\" \/>\n<meta name=\"robots\" content=\"index, follow, max-snippet:-1, max-image-preview:large, max-video-preview:-1\" \/>\n<link rel=\"canonical\" href=\"https:\/\/www.pressenza.com\/it\/2014\/01\/green-sin-dallinizio-primo-workshop-roma\/\" \/>\n<meta property=\"og:locale\" content=\"it_IT\" \/>\n<meta property=\"og:type\" content=\"article\" \/>\n<meta property=\"og:title\" content=\"Green sin dall&#039;inizio: primo workshop a Roma\" \/>\n<meta property=\"og:description\" content=\"Primo workshop del ciclo &quot;SI FA PRESTO A DIRE GREEN&quot; 30 gennaio 2014 - ore 9-13.30 Macroarea di Scienze - Universit\u00e0 di Roma Tor Vergata Come si indaga\" \/>\n<meta property=\"og:url\" content=\"https:\/\/www.pressenza.com\/it\/2014\/01\/green-sin-dallinizio-primo-workshop-roma\/\" \/>\n<meta property=\"og:site_name\" content=\"Pressenza\" \/>\n<meta property=\"article:publisher\" content=\"https:\/\/www.facebook.com\/PressenzaItalia\" \/>\n<meta property=\"article:published_time\" content=\"2014-01-24T21:19:40+00:00\" \/>\n<meta property=\"article:modified_time\" content=\"2014-01-24T21:31:16+00:00\" \/>\n<meta property=\"og:image\" content=\"https:\/\/www.pressenza.com\/wp-content\/uploads\/2013\/01\/Giornalisti-nellerba.jpg\" \/>\n<meta name=\"author\" content=\"Giornalisti Nell&#039;Erba\" \/>\n<meta name=\"twitter:card\" content=\"summary_large_image\" \/>\n<meta name=\"twitter:creator\" content=\"@PressenzaIPA\" \/>\n<meta name=\"twitter:site\" content=\"@PressenzaIPA\" \/>\n<meta name=\"twitter:label1\" content=\"Scritto da\" \/>\n\t<meta name=\"twitter:data1\" content=\"Giornalisti Nell&#039;Erba\" \/>\n\t<meta name=\"twitter:label2\" content=\"Tempo di lettura stimato\" \/>\n\t<meta name=\"twitter:data2\" content=\"2 minuti\" \/>\n<script type=\"application\/ld+json\" class=\"yoast-schema-graph\">{\"@context\":\"https:\/\/schema.org\",\"@graph\":[{\"@type\":\"Article\",\"@id\":\"https:\/\/www.pressenza.com\/it\/2014\/01\/green-sin-dallinizio-primo-workshop-roma\/#article\",\"isPartOf\":{\"@id\":\"https:\/\/www.pressenza.com\/it\/2014\/01\/green-sin-dallinizio-primo-workshop-roma\/\"},\"author\":{\"name\":\"Giornalisti Nell'Erba\",\"@id\":\"https:\/\/www.pressenza.com\/it\/#\/schema\/person\/99049849e1fad38def99fd575222e3b6\"},\"headline\":\"Green sin dall&#8217;inizio: primo workshop a Roma\",\"datePublished\":\"2014-01-24T21:19:40+00:00\",\"dateModified\":\"2014-01-24T21:31:16+00:00\",\"mainEntityOfPage\":{\"@id\":\"https:\/\/www.pressenza.com\/it\/2014\/01\/green-sin-dallinizio-primo-workshop-roma\/\"},\"wordCount\":332,\"publisher\":{\"@id\":\"https:\/\/www.pressenza.com\/it\/#organization\"},\"image\":{\"@id\":\"https:\/\/www.pressenza.com\/it\/2014\/01\/green-sin-dallinizio-primo-workshop-roma\/#primaryimage\"},\"thumbnailUrl\":\"https:\/\/www.pressenza.com\/wp-content\/uploads\/2013\/01\/Giornalisti-nellerba.jpg\",\"keywords\":[\"ambiente\",\"educazione\",\"giornalismo\",\"Roma\",\"Universit\u00e0 di Roma Tor Vergata\"],\"articleSection\":[\"Comunicati Stampa\",\"Ecologia ed Ambiente\",\"Educazione\",\"Europa\"],\"inLanguage\":\"it-IT\"},{\"@type\":\"WebPage\",\"@id\":\"https:\/\/www.pressenza.com\/it\/2014\/01\/green-sin-dallinizio-primo-workshop-roma\/\",\"url\":\"https:\/\/www.pressenza.com\/it\/2014\/01\/green-sin-dallinizio-primo-workshop-roma\/\",\"name\":\"Green sin dall'inizio: primo workshop a Roma\",\"isPartOf\":{\"@id\":\"https:\/\/www.pressenza.com\/it\/#website\"},\"primaryImageOfPage\":{\"@id\":\"https:\/\/www.pressenza.com\/it\/2014\/01\/green-sin-dallinizio-primo-workshop-roma\/#primaryimage\"},\"image\":{\"@id\":\"https:\/\/www.pressenza.com\/it\/2014\/01\/green-sin-dallinizio-primo-workshop-roma\/#primaryimage\"},\"thumbnailUrl\":\"https:\/\/www.pressenza.com\/wp-content\/uploads\/2013\/01\/Giornalisti-nellerba.jpg\",\"datePublished\":\"2014-01-24T21:19:40+00:00\",\"dateModified\":\"2014-01-24T21:31:16+00:00\",\"description\":\"Primo workshop del ciclo \\\"SI FA PRESTO A DIRE GREEN\\\" 30 gennaio 2014 - ore 9-13.30 Macroarea di Scienze - Universit\u00e0 di Roma Tor Vergata Come si indaga\",\"breadcrumb\":{\"@id\":\"https:\/\/www.pressenza.com\/it\/2014\/01\/green-sin-dallinizio-primo-workshop-roma\/#breadcrumb\"},\"inLanguage\":\"it-IT\",\"potentialAction\":[{\"@type\":\"ReadAction\",\"target\":[\"https:\/\/www.pressenza.com\/it\/2014\/01\/green-sin-dallinizio-primo-workshop-roma\/\"]}]},{\"@type\":\"ImageObject\",\"inLanguage\":\"it-IT\",\"@id\":\"https:\/\/www.pressenza.com\/it\/2014\/01\/green-sin-dallinizio-primo-workshop-roma\/#primaryimage\",\"url\":\"https:\/\/www.pressenza.com\/wp-content\/uploads\/2013\/01\/Giornalisti-nellerba.jpg\",\"contentUrl\":\"https:\/\/www.pressenza.com\/wp-content\/uploads\/2013\/01\/Giornalisti-nellerba.jpg\"},{\"@type\":\"BreadcrumbList\",\"@id\":\"https:\/\/www.pressenza.com\/it\/2014\/01\/green-sin-dallinizio-primo-workshop-roma\/#breadcrumb\",\"itemListElement\":[{\"@type\":\"ListItem\",\"position\":1,\"name\":\"Accueil\",\"item\":\"https:\/\/www.pressenza.com\/it\/\"},{\"@type\":\"ListItem\",\"position\":2,\"name\":\"Green sin dall&#8217;inizio: primo workshop a Roma\"}]},{\"@type\":\"WebSite\",\"@id\":\"https:\/\/www.pressenza.com\/it\/#website\",\"url\":\"https:\/\/www.pressenza.com\/it\/\",\"name\":\"Pressenza\",\"description\":\"Agenzia di Stampa Internazionale\",\"publisher\":{\"@id\":\"https:\/\/www.pressenza.com\/it\/#organization\"},\"potentialAction\":[{\"@type\":\"SearchAction\",\"target\":{\"@type\":\"EntryPoint\",\"urlTemplate\":\"https:\/\/www.pressenza.com\/it\/?s={search_term_string}\"},\"query-input\":{\"@type\":\"PropertyValueSpecification\",\"valueRequired\":true,\"valueName\":\"search_term_string\"}}],\"inLanguage\":\"it-IT\"},{\"@type\":\"Organization\",\"@id\":\"https:\/\/www.pressenza.com\/it\/#organization\",\"name\":\"Pressenza\",\"url\":\"https:\/\/www.pressenza.com\/it\/\",\"logo\":{\"@type\":\"ImageObject\",\"inLanguage\":\"it-IT\",\"@id\":\"https:\/\/www.pressenza.com\/it\/#\/schema\/logo\/image\/\",\"url\":\"https:\/\/www.pressenza.com\/wp-content\/uploads\/2022\/10\/pressenza_logo_200x200.jpg\",\"contentUrl\":\"https:\/\/www.pressenza.com\/wp-content\/uploads\/2022\/10\/pressenza_logo_200x200.jpg\",\"width\":200,\"height\":200,\"caption\":\"Pressenza\"},\"image\":{\"@id\":\"https:\/\/www.pressenza.com\/it\/#\/schema\/logo\/image\/\"},\"sameAs\":[\"https:\/\/www.facebook.com\/PressenzaItalia\",\"https:\/\/x.com\/PressenzaIPA\"]},{\"@type\":\"Person\",\"@id\":\"https:\/\/www.pressenza.com\/it\/#\/schema\/person\/99049849e1fad38def99fd575222e3b6\",\"name\":\"Giornalisti Nell'Erba\",\"description\":\"www.giornalistinellerba.org\",\"url\":\"https:\/\/www.pressenza.com\/it\/author\/giornalisti-nell-erba\/\"}]}<\/script>\n<!-- \/ Yoast SEO plugin. -->","yoast_head_json":{"title":"Green sin dall'inizio: primo workshop a Roma","description":"Primo workshop del ciclo \"SI FA PRESTO A DIRE GREEN\" 30 gennaio 2014 - ore 9-13.30 Macroarea di Scienze - Universit\u00e0 di Roma Tor Vergata Come si indaga","robots":{"index":"index","follow":"follow","max-snippet":"max-snippet:-1","max-image-preview":"max-image-preview:large","max-video-preview":"max-video-preview:-1"},"canonical":"https:\/\/www.pressenza.com\/it\/2014\/01\/green-sin-dallinizio-primo-workshop-roma\/","og_locale":"it_IT","og_type":"article","og_title":"Green sin dall'inizio: primo workshop a Roma","og_description":"Primo workshop del ciclo \"SI FA PRESTO A DIRE GREEN\" 30 gennaio 2014 - ore 9-13.30 Macroarea di Scienze - Universit\u00e0 di Roma Tor Vergata Come si indaga","og_url":"https:\/\/www.pressenza.com\/it\/2014\/01\/green-sin-dallinizio-primo-workshop-roma\/","og_site_name":"Pressenza","article_publisher":"https:\/\/www.facebook.com\/PressenzaItalia","article_published_time":"2014-01-24T21:19:40+00:00","article_modified_time":"2014-01-24T21:31:16+00:00","og_image":[{"url":"https:\/\/www.pressenza.com\/wp-content\/uploads\/2013\/01\/Giornalisti-nellerba.jpg","type":"","width":"","height":""}],"author":"Giornalisti Nell'Erba","twitter_card":"summary_large_image","twitter_creator":"@PressenzaIPA","twitter_site":"@PressenzaIPA","twitter_misc":{"Scritto da":"Giornalisti Nell'Erba","Tempo di lettura stimato":"2 minuti"},"schema":{"@context":"https:\/\/schema.org","@graph":[{"@type":"Article","@id":"https:\/\/www.pressenza.com\/it\/2014\/01\/green-sin-dallinizio-primo-workshop-roma\/#article","isPartOf":{"@id":"https:\/\/www.pressenza.com\/it\/2014\/01\/green-sin-dallinizio-primo-workshop-roma\/"},"author":{"name":"Giornalisti Nell'Erba","@id":"https:\/\/www.pressenza.com\/it\/#\/schema\/person\/99049849e1fad38def99fd575222e3b6"},"headline":"Green sin dall&#8217;inizio: primo workshop a Roma","datePublished":"2014-01-24T21:19:40+00:00","dateModified":"2014-01-24T21:31:16+00:00","mainEntityOfPage":{"@id":"https:\/\/www.pressenza.com\/it\/2014\/01\/green-sin-dallinizio-primo-workshop-roma\/"},"wordCount":332,"publisher":{"@id":"https:\/\/www.pressenza.com\/it\/#organization"},"image":{"@id":"https:\/\/www.pressenza.com\/it\/2014\/01\/green-sin-dallinizio-primo-workshop-roma\/#primaryimage"},"thumbnailUrl":"https:\/\/www.pressenza.com\/wp-content\/uploads\/2013\/01\/Giornalisti-nellerba.jpg","keywords":["ambiente","educazione","giornalismo","Roma","Universit\u00e0 di Roma Tor Vergata"],"articleSection":["Comunicati Stampa","Ecologia ed Ambiente","Educazione","Europa"],"inLanguage":"it-IT"},{"@type":"WebPage","@id":"https:\/\/www.pressenza.com\/it\/2014\/01\/green-sin-dallinizio-primo-workshop-roma\/","url":"https:\/\/www.pressenza.com\/it\/2014\/01\/green-sin-dallinizio-primo-workshop-roma\/","name":"Green sin dall'inizio: primo workshop a Roma","isPartOf":{"@id":"https:\/\/www.pressenza.com\/it\/#website"},"primaryImageOfPage":{"@id":"https:\/\/www.pressenza.com\/it\/2014\/01\/green-sin-dallinizio-primo-workshop-roma\/#primaryimage"},"image":{"@id":"https:\/\/www.pressenza.com\/it\/2014\/01\/green-sin-dallinizio-primo-workshop-roma\/#primaryimage"},"thumbnailUrl":"https:\/\/www.pressenza.com\/wp-content\/uploads\/2013\/01\/Giornalisti-nellerba.jpg","datePublished":"2014-01-24T21:19:40+00:00","dateModified":"2014-01-24T21:31:16+00:00","description":"Primo workshop del ciclo \"SI FA PRESTO A DIRE GREEN\" 30 gennaio 2014 - ore 9-13.30 Macroarea di Scienze - Universit\u00e0 di Roma Tor Vergata Come si indaga","breadcrumb":{"@id":"https:\/\/www.pressenza.com\/it\/2014\/01\/green-sin-dallinizio-primo-workshop-roma\/#breadcrumb"},"inLanguage":"it-IT","potentialAction":[{"@type":"ReadAction","target":["https:\/\/www.pressenza.com\/it\/2014\/01\/green-sin-dallinizio-primo-workshop-roma\/"]}]},{"@type":"ImageObject","inLanguage":"it-IT","@id":"https:\/\/www.pressenza.com\/it\/2014\/01\/green-sin-dallinizio-primo-workshop-roma\/#primaryimage","url":"https:\/\/www.pressenza.com\/wp-content\/uploads\/2013\/01\/Giornalisti-nellerba.jpg","contentUrl":"https:\/\/www.pressenza.com\/wp-content\/uploads\/2013\/01\/Giornalisti-nellerba.jpg"},{"@type":"BreadcrumbList","@id":"https:\/\/www.pressenza.com\/it\/2014\/01\/green-sin-dallinizio-primo-workshop-roma\/#breadcrumb","itemListElement":[{"@type":"ListItem","position":1,"name":"Accueil","item":"https:\/\/www.pressenza.com\/it\/"},{"@type":"ListItem","position":2,"name":"Green sin dall&#8217;inizio: primo workshop a Roma"}]},{"@type":"WebSite","@id":"https:\/\/www.pressenza.com\/it\/#website","url":"https:\/\/www.pressenza.com\/it\/","name":"Pressenza","description":"Agenzia di Stampa Internazionale","publisher":{"@id":"https:\/\/www.pressenza.com\/it\/#organization"},"potentialAction":[{"@type":"SearchAction","target":{"@type":"EntryPoint","urlTemplate":"https:\/\/www.pressenza.com\/it\/?s={search_term_string}"},"query-input":{"@type":"PropertyValueSpecification","valueRequired":true,"valueName":"search_term_string"}}],"inLanguage":"it-IT"},{"@type":"Organization","@id":"https:\/\/www.pressenza.com\/it\/#organization","name":"Pressenza","url":"https:\/\/www.pressenza.com\/it\/","logo":{"@type":"ImageObject","inLanguage":"it-IT","@id":"https:\/\/www.pressenza.com\/it\/#\/schema\/logo\/image\/","url":"https:\/\/www.pressenza.com\/wp-content\/uploads\/2022\/10\/pressenza_logo_200x200.jpg","contentUrl":"https:\/\/www.pressenza.com\/wp-content\/uploads\/2022\/10\/pressenza_logo_200x200.jpg","width":200,"height":200,"caption":"Pressenza"},"image":{"@id":"https:\/\/www.pressenza.com\/it\/#\/schema\/logo\/image\/"},"sameAs":["https:\/\/www.facebook.com\/PressenzaItalia","https:\/\/x.com\/PressenzaIPA"]},{"@type":"Person","@id":"https:\/\/www.pressenza.com\/it\/#\/schema\/person\/99049849e1fad38def99fd575222e3b6","name":"Giornalisti Nell'Erba","description":"www.giornalistinellerba.org","url":"https:\/\/www.pressenza.com\/it\/author\/giornalisti-nell-erba\/"}]}},"place":"","original_article_url":"","_links":{"self":[{"href":"https:\/\/www.pressenza.com\/it\/wp-json\/wp\/v2\/posts\/86425","targetHints":{"allow":["GET"]}}],"collection":[{"href":"https:\/\/www.pressenza.com\/it\/wp-json\/wp\/v2\/posts"}],"about":[{"href":"https:\/\/www.pressenza.com\/it\/wp-json\/wp\/v2\/types\/post"}],"author":[{"embeddable":true,"href":"https:\/\/www.pressenza.com\/it\/wp-json\/wp\/v2\/users\/753"}],"replies":[{"embeddable":true,"href":"https:\/\/www.pressenza.com\/it\/wp-json\/wp\/v2\/comments?post=86425"}],"version-history":[{"count":0,"href":"https:\/\/www.pressenza.com\/it\/wp-json\/wp\/v2\/posts\/86425\/revisions"}],"wp:attachment":[{"href":"https:\/\/www.pressenza.com\/it\/wp-json\/wp\/v2\/media?parent=86425"}],"wp:term":[{"taxonomy":"category","embeddable":true,"href":"https:\/\/www.pressenza.com\/it\/wp-json\/wp\/v2\/categories?post=86425"},{"taxonomy":"post_tag","embeddable":true,"href":"https:\/\/www.pressenza.com\/it\/wp-json\/wp\/v2\/tags?post=86425"}],"curies":[{"name":"wp","href":"https:\/\/api.w.org\/{rel}","templated":true}]}}