{"id":86390,"date":"2014-01-24T10:31:42","date_gmt":"2014-01-24T10:31:42","guid":{"rendered":"http:\/\/www.pressenza.com\/?p=86390"},"modified":"2014-01-24T10:32:01","modified_gmt":"2014-01-24T10:32:01","slug":"1-febbraio-2014-il-treno-della-liberta","status":"publish","type":"post","link":"https:\/\/www.pressenza.com\/it\/2014\/01\/1-febbraio-2014-il-treno-della-liberta\/","title":{"rendered":"1\u00b0 febbraio 2014, il treno della libert\u00e0"},"content":{"rendered":"<p align=\"left\">Il treno passer\u00e0 da diverse citt\u00e0 spagnole e arriver\u00e0 alla stazione Athoca di Madrid il 1\u00b0 febbraio per esigere che si mantenga l\u2019attuale legge sulla salute sessuale e riproduttiva e l\u2019interruzione volontaria della gravidanza.<\/p>\n<p align=\"left\">In concomitanza sono previste mobilitazioni davanti ad ambasciate e consolati spagnoli, con iniziative a Parigi, Bruxelles, Milano, Roma e Firenze.<\/p>\n<p align=\"left\">ROMA: piazza\u00a0di Spagna, ore 15.00, sotto all&#8217;Ambasciata spagnola<\/p>\n<p align=\"left\">MILANO: via Fatebenefratelli 26, dalle ore 14.00, sotto al Consolato spagnolo<\/p>\n<p align=\"left\">FIRENZE: via de&#8217; Servi 13, orario da definire, sotto al Consolato spagnolo<\/p>\n<p align=\"left\"><a href=\"http:\/\/www.eltrendelalibertad.com\/\" target=\"_blank\">http:\/\/www.eltrendelalibertad.com\/<\/a><\/p>\n<p align=\"left\">Blog\u00a0<a href=\"http:\/\/womenareurope.wordpress.com\/\" target=\"_blank\">http:\/\/womenareurope.wordpress.com<\/a><\/p>\n<p align=\"left\">Pagina FB\u00a0<a href=\"https:\/\/www.facebook.com\/womenareurope\" target=\"_blank\">https:\/\/www.facebook.com\/womenareurope<\/a><\/p>\n<p align=\"left\">Adesioni:\u00a0<a href=\"http:\/\/goo.gl\/EFgIQ3\" target=\"_blank\">http:\/\/goo.gl\/EFgIQ3<\/a><\/p>\n<p align=\"left\">\n","protected":false},"excerpt":{"rendered":"<p>Il treno passer\u00e0 da diverse citt\u00e0 spagnole e arriver\u00e0 alla stazione Athoca di Madrid il 1\u00b0 febbraio per esigere che si mantenga l\u2019attuale legge sulla salute sessuale e riproduttiva e l\u2019interruzione volontaria della gravidanza. In concomitanza sono previste mobilitazioni davanti&hellip;<\/p>\n","protected":false},"author":594,"featured_media":86391,"comment_status":"closed","ping_status":"open","sticky":false,"template":"","format":"standard","meta":{"footnotes":""},"categories":[150,60,47,55],"tags":[8760,1602],"class_list":["post-86390","post","type-post","status-publish","format-standard","has-post-thumbnail","hentry","category-comunicati-stampa","category-diritti-umani","category-europa","category-politica","tag-legge-sullaborto","tag-spagna"],"yoast_head":"<!-- This site is optimized with the Yoast SEO plugin v27.1.1 - https:\/\/yoast.com\/product\/yoast-seo-wordpress\/ -->\n<title>1\u00b0 febbraio 2014, il treno della libert\u00e0<\/title>\n<meta name=\"description\" content=\"Il treno passer\u00e0 da diverse citt\u00e0 spagnole e arriver\u00e0 alla stazione Athoca di Madrid il 1\u00b0 febbraio per esigere che si mantenga l\u2019attuale legge sulla\" \/>\n<meta name=\"robots\" content=\"index, follow, max-snippet:-1, max-image-preview:large, max-video-preview:-1\" \/>\n<link rel=\"canonical\" href=\"https:\/\/www.pressenza.com\/it\/2014\/01\/1-febbraio-2014-il-treno-della-liberta\/\" \/>\n<meta property=\"og:locale\" content=\"it_IT\" \/>\n<meta property=\"og:type\" content=\"article\" \/>\n<meta property=\"og:title\" content=\"1\u00b0 febbraio 2014, il treno della libert\u00e0\" \/>\n<meta property=\"og:description\" content=\"Il treno passer\u00e0 da diverse citt\u00e0 spagnole e arriver\u00e0 alla stazione Athoca di Madrid il 1\u00b0 febbraio per esigere che si mantenga l\u2019attuale legge sulla\" \/>\n<meta property=\"og:url\" content=\"https:\/\/www.pressenza.com\/it\/2014\/01\/1-febbraio-2014-il-treno-della-liberta\/\" \/>\n<meta property=\"og:site_name\" content=\"Pressenza\" \/>\n<meta property=\"article:publisher\" content=\"https:\/\/www.facebook.com\/PressenzaItalia\" \/>\n<meta property=\"article:author\" content=\"https:\/\/www.facebook.com\/PressenzaItalia\" \/>\n<meta property=\"article:published_time\" content=\"2014-01-24T10:31:42+00:00\" \/>\n<meta property=\"article:modified_time\" content=\"2014-01-24T10:32:01+00:00\" \/>\n<meta property=\"og:image\" content=\"https:\/\/www.pressenza.com\/wp-content\/uploads\/2014\/01\/tren_libertad3.jpg.png\" \/>\n\t<meta property=\"og:image:width\" content=\"900\" \/>\n\t<meta property=\"og:image:height\" content=\"341\" \/>\n\t<meta property=\"og:image:type\" content=\"image\/png\" \/>\n<meta name=\"author\" content=\"Redazione Italia\" \/>\n<meta name=\"twitter:card\" content=\"summary_large_image\" \/>\n<meta name=\"twitter:creator\" content=\"@pressenza_it\" \/>\n<meta name=\"twitter:site\" content=\"@PressenzaIPA\" \/>\n<meta name=\"twitter:label1\" content=\"Scritto da\" \/>\n\t<meta name=\"twitter:data1\" content=\"Redazione Italia\" \/>\n\t<meta name=\"twitter:label2\" content=\"Tempo di lettura stimato\" \/>\n\t<meta name=\"twitter:data2\" content=\"1 minuto\" \/>\n<script type=\"application\/ld+json\" class=\"yoast-schema-graph\">{\"@context\":\"https:\/\/schema.org\",\"@graph\":[{\"@type\":\"Article\",\"@id\":\"https:\/\/www.pressenza.com\/it\/2014\/01\/1-febbraio-2014-il-treno-della-liberta\/#article\",\"isPartOf\":{\"@id\":\"https:\/\/www.pressenza.com\/it\/2014\/01\/1-febbraio-2014-il-treno-della-liberta\/\"},\"author\":{\"name\":\"Redazione Italia\",\"@id\":\"https:\/\/www.pressenza.com\/it\/#\/schema\/person\/d983e81827ae24f2c7b1a2123d197f8d\"},\"headline\":\"1\u00b0 febbraio 2014, il treno della libert\u00e0\",\"datePublished\":\"2014-01-24T10:31:42+00:00\",\"dateModified\":\"2014-01-24T10:32:01+00:00\",\"mainEntityOfPage\":{\"@id\":\"https:\/\/www.pressenza.com\/it\/2014\/01\/1-febbraio-2014-il-treno-della-liberta\/\"},\"wordCount\":110,\"publisher\":{\"@id\":\"https:\/\/www.pressenza.com\/it\/#organization\"},\"image\":{\"@id\":\"https:\/\/www.pressenza.com\/it\/2014\/01\/1-febbraio-2014-il-treno-della-liberta\/#primaryimage\"},\"thumbnailUrl\":\"https:\/\/www.pressenza.com\/wp-content\/uploads\/2014\/01\/tren_libertad3.jpg.png\",\"keywords\":[\"legge sull'aborto\",\"Spagna\"],\"articleSection\":[\"Comunicati Stampa\",\"Diritti Umani\",\"Europa\",\"Politica\"],\"inLanguage\":\"it-IT\"},{\"@type\":\"WebPage\",\"@id\":\"https:\/\/www.pressenza.com\/it\/2014\/01\/1-febbraio-2014-il-treno-della-liberta\/\",\"url\":\"https:\/\/www.pressenza.com\/it\/2014\/01\/1-febbraio-2014-il-treno-della-liberta\/\",\"name\":\"1\u00b0 febbraio 2014, il treno della libert\u00e0\",\"isPartOf\":{\"@id\":\"https:\/\/www.pressenza.com\/it\/#website\"},\"primaryImageOfPage\":{\"@id\":\"https:\/\/www.pressenza.com\/it\/2014\/01\/1-febbraio-2014-il-treno-della-liberta\/#primaryimage\"},\"image\":{\"@id\":\"https:\/\/www.pressenza.com\/it\/2014\/01\/1-febbraio-2014-il-treno-della-liberta\/#primaryimage\"},\"thumbnailUrl\":\"https:\/\/www.pressenza.com\/wp-content\/uploads\/2014\/01\/tren_libertad3.jpg.png\",\"datePublished\":\"2014-01-24T10:31:42+00:00\",\"dateModified\":\"2014-01-24T10:32:01+00:00\",\"description\":\"Il treno passer\u00e0 da diverse citt\u00e0 spagnole e arriver\u00e0 alla stazione Athoca di Madrid il 1\u00b0 febbraio per esigere che si mantenga l\u2019attuale legge sulla\",\"breadcrumb\":{\"@id\":\"https:\/\/www.pressenza.com\/it\/2014\/01\/1-febbraio-2014-il-treno-della-liberta\/#breadcrumb\"},\"inLanguage\":\"it-IT\",\"potentialAction\":[{\"@type\":\"ReadAction\",\"target\":[\"https:\/\/www.pressenza.com\/it\/2014\/01\/1-febbraio-2014-il-treno-della-liberta\/\"]}]},{\"@type\":\"ImageObject\",\"inLanguage\":\"it-IT\",\"@id\":\"https:\/\/www.pressenza.com\/it\/2014\/01\/1-febbraio-2014-il-treno-della-liberta\/#primaryimage\",\"url\":\"https:\/\/www.pressenza.com\/wp-content\/uploads\/2014\/01\/tren_libertad3.jpg.png\",\"contentUrl\":\"https:\/\/www.pressenza.com\/wp-content\/uploads\/2014\/01\/tren_libertad3.jpg.png\",\"width\":900,\"height\":341},{\"@type\":\"BreadcrumbList\",\"@id\":\"https:\/\/www.pressenza.com\/it\/2014\/01\/1-febbraio-2014-il-treno-della-liberta\/#breadcrumb\",\"itemListElement\":[{\"@type\":\"ListItem\",\"position\":1,\"name\":\"Accueil\",\"item\":\"https:\/\/www.pressenza.com\/it\/\"},{\"@type\":\"ListItem\",\"position\":2,\"name\":\"1\u00b0 febbraio 2014, il treno della libert\u00e0\"}]},{\"@type\":\"WebSite\",\"@id\":\"https:\/\/www.pressenza.com\/it\/#website\",\"url\":\"https:\/\/www.pressenza.com\/it\/\",\"name\":\"Pressenza\",\"description\":\"Agenzia di Stampa Internazionale\",\"publisher\":{\"@id\":\"https:\/\/www.pressenza.com\/it\/#organization\"},\"potentialAction\":[{\"@type\":\"SearchAction\",\"target\":{\"@type\":\"EntryPoint\",\"urlTemplate\":\"https:\/\/www.pressenza.com\/it\/?s={search_term_string}\"},\"query-input\":{\"@type\":\"PropertyValueSpecification\",\"valueRequired\":true,\"valueName\":\"search_term_string\"}}],\"inLanguage\":\"it-IT\"},{\"@type\":\"Organization\",\"@id\":\"https:\/\/www.pressenza.com\/it\/#organization\",\"name\":\"Pressenza\",\"url\":\"https:\/\/www.pressenza.com\/it\/\",\"logo\":{\"@type\":\"ImageObject\",\"inLanguage\":\"it-IT\",\"@id\":\"https:\/\/www.pressenza.com\/it\/#\/schema\/logo\/image\/\",\"url\":\"https:\/\/www.pressenza.com\/wp-content\/uploads\/2022\/10\/pressenza_logo_200x200.jpg\",\"contentUrl\":\"https:\/\/www.pressenza.com\/wp-content\/uploads\/2022\/10\/pressenza_logo_200x200.jpg\",\"width\":200,\"height\":200,\"caption\":\"Pressenza\"},\"image\":{\"@id\":\"https:\/\/www.pressenza.com\/it\/#\/schema\/logo\/image\/\"},\"sameAs\":[\"https:\/\/www.facebook.com\/PressenzaItalia\",\"https:\/\/x.com\/PressenzaIPA\"]},{\"@type\":\"Person\",\"@id\":\"https:\/\/www.pressenza.com\/it\/#\/schema\/person\/d983e81827ae24f2c7b1a2123d197f8d\",\"name\":\"Redazione Italia\",\"description\":\"News from the Pressenza Bureau in Italy\",\"sameAs\":[\"https:\/\/www.pressenza.com\/it\/author\/redazione-italia\/\",\"https:\/\/www.facebook.com\/PressenzaItalia\",\"https:\/\/www.instagram.com\/pressenza_italia\/\",\"https:\/\/x.com\/pressenza_it\",\"https:\/\/www.youtube.com\/channel\/UCSalEIWjE1RSxkwjfftFuqg\"],\"url\":\"https:\/\/www.pressenza.com\/it\/author\/redazione-italia\/\"}]}<\/script>\n<!-- \/ Yoast SEO plugin. -->","yoast_head_json":{"title":"1\u00b0 febbraio 2014, il treno della libert\u00e0","description":"Il treno passer\u00e0 da diverse citt\u00e0 spagnole e arriver\u00e0 alla stazione Athoca di Madrid il 1\u00b0 febbraio per esigere che si mantenga l\u2019attuale legge sulla","robots":{"index":"index","follow":"follow","max-snippet":"max-snippet:-1","max-image-preview":"max-image-preview:large","max-video-preview":"max-video-preview:-1"},"canonical":"https:\/\/www.pressenza.com\/it\/2014\/01\/1-febbraio-2014-il-treno-della-liberta\/","og_locale":"it_IT","og_type":"article","og_title":"1\u00b0 febbraio 2014, il treno della libert\u00e0","og_description":"Il treno passer\u00e0 da diverse citt\u00e0 spagnole e arriver\u00e0 alla stazione Athoca di Madrid il 1\u00b0 febbraio per esigere che si mantenga l\u2019attuale legge sulla","og_url":"https:\/\/www.pressenza.com\/it\/2014\/01\/1-febbraio-2014-il-treno-della-liberta\/","og_site_name":"Pressenza","article_publisher":"https:\/\/www.facebook.com\/PressenzaItalia","article_author":"https:\/\/www.facebook.com\/PressenzaItalia","article_published_time":"2014-01-24T10:31:42+00:00","article_modified_time":"2014-01-24T10:32:01+00:00","og_image":[{"width":900,"height":341,"url":"https:\/\/www.pressenza.com\/wp-content\/uploads\/2014\/01\/tren_libertad3.jpg.png","type":"image\/png"}],"author":"Redazione Italia","twitter_card":"summary_large_image","twitter_creator":"@pressenza_it","twitter_site":"@PressenzaIPA","twitter_misc":{"Scritto da":"Redazione Italia","Tempo di lettura stimato":"1 minuto"},"schema":{"@context":"https:\/\/schema.org","@graph":[{"@type":"Article","@id":"https:\/\/www.pressenza.com\/it\/2014\/01\/1-febbraio-2014-il-treno-della-liberta\/#article","isPartOf":{"@id":"https:\/\/www.pressenza.com\/it\/2014\/01\/1-febbraio-2014-il-treno-della-liberta\/"},"author":{"name":"Redazione Italia","@id":"https:\/\/www.pressenza.com\/it\/#\/schema\/person\/d983e81827ae24f2c7b1a2123d197f8d"},"headline":"1\u00b0 febbraio 2014, il treno della libert\u00e0","datePublished":"2014-01-24T10:31:42+00:00","dateModified":"2014-01-24T10:32:01+00:00","mainEntityOfPage":{"@id":"https:\/\/www.pressenza.com\/it\/2014\/01\/1-febbraio-2014-il-treno-della-liberta\/"},"wordCount":110,"publisher":{"@id":"https:\/\/www.pressenza.com\/it\/#organization"},"image":{"@id":"https:\/\/www.pressenza.com\/it\/2014\/01\/1-febbraio-2014-il-treno-della-liberta\/#primaryimage"},"thumbnailUrl":"https:\/\/www.pressenza.com\/wp-content\/uploads\/2014\/01\/tren_libertad3.jpg.png","keywords":["legge sull'aborto","Spagna"],"articleSection":["Comunicati Stampa","Diritti Umani","Europa","Politica"],"inLanguage":"it-IT"},{"@type":"WebPage","@id":"https:\/\/www.pressenza.com\/it\/2014\/01\/1-febbraio-2014-il-treno-della-liberta\/","url":"https:\/\/www.pressenza.com\/it\/2014\/01\/1-febbraio-2014-il-treno-della-liberta\/","name":"1\u00b0 febbraio 2014, il treno della libert\u00e0","isPartOf":{"@id":"https:\/\/www.pressenza.com\/it\/#website"},"primaryImageOfPage":{"@id":"https:\/\/www.pressenza.com\/it\/2014\/01\/1-febbraio-2014-il-treno-della-liberta\/#primaryimage"},"image":{"@id":"https:\/\/www.pressenza.com\/it\/2014\/01\/1-febbraio-2014-il-treno-della-liberta\/#primaryimage"},"thumbnailUrl":"https:\/\/www.pressenza.com\/wp-content\/uploads\/2014\/01\/tren_libertad3.jpg.png","datePublished":"2014-01-24T10:31:42+00:00","dateModified":"2014-01-24T10:32:01+00:00","description":"Il treno passer\u00e0 da diverse citt\u00e0 spagnole e arriver\u00e0 alla stazione Athoca di Madrid il 1\u00b0 febbraio per esigere che si mantenga l\u2019attuale legge sulla","breadcrumb":{"@id":"https:\/\/www.pressenza.com\/it\/2014\/01\/1-febbraio-2014-il-treno-della-liberta\/#breadcrumb"},"inLanguage":"it-IT","potentialAction":[{"@type":"ReadAction","target":["https:\/\/www.pressenza.com\/it\/2014\/01\/1-febbraio-2014-il-treno-della-liberta\/"]}]},{"@type":"ImageObject","inLanguage":"it-IT","@id":"https:\/\/www.pressenza.com\/it\/2014\/01\/1-febbraio-2014-il-treno-della-liberta\/#primaryimage","url":"https:\/\/www.pressenza.com\/wp-content\/uploads\/2014\/01\/tren_libertad3.jpg.png","contentUrl":"https:\/\/www.pressenza.com\/wp-content\/uploads\/2014\/01\/tren_libertad3.jpg.png","width":900,"height":341},{"@type":"BreadcrumbList","@id":"https:\/\/www.pressenza.com\/it\/2014\/01\/1-febbraio-2014-il-treno-della-liberta\/#breadcrumb","itemListElement":[{"@type":"ListItem","position":1,"name":"Accueil","item":"https:\/\/www.pressenza.com\/it\/"},{"@type":"ListItem","position":2,"name":"1\u00b0 febbraio 2014, il treno della libert\u00e0"}]},{"@type":"WebSite","@id":"https:\/\/www.pressenza.com\/it\/#website","url":"https:\/\/www.pressenza.com\/it\/","name":"Pressenza","description":"Agenzia di Stampa Internazionale","publisher":{"@id":"https:\/\/www.pressenza.com\/it\/#organization"},"potentialAction":[{"@type":"SearchAction","target":{"@type":"EntryPoint","urlTemplate":"https:\/\/www.pressenza.com\/it\/?s={search_term_string}"},"query-input":{"@type":"PropertyValueSpecification","valueRequired":true,"valueName":"search_term_string"}}],"inLanguage":"it-IT"},{"@type":"Organization","@id":"https:\/\/www.pressenza.com\/it\/#organization","name":"Pressenza","url":"https:\/\/www.pressenza.com\/it\/","logo":{"@type":"ImageObject","inLanguage":"it-IT","@id":"https:\/\/www.pressenza.com\/it\/#\/schema\/logo\/image\/","url":"https:\/\/www.pressenza.com\/wp-content\/uploads\/2022\/10\/pressenza_logo_200x200.jpg","contentUrl":"https:\/\/www.pressenza.com\/wp-content\/uploads\/2022\/10\/pressenza_logo_200x200.jpg","width":200,"height":200,"caption":"Pressenza"},"image":{"@id":"https:\/\/www.pressenza.com\/it\/#\/schema\/logo\/image\/"},"sameAs":["https:\/\/www.facebook.com\/PressenzaItalia","https:\/\/x.com\/PressenzaIPA"]},{"@type":"Person","@id":"https:\/\/www.pressenza.com\/it\/#\/schema\/person\/d983e81827ae24f2c7b1a2123d197f8d","name":"Redazione Italia","description":"News from the Pressenza Bureau in Italy","sameAs":["https:\/\/www.pressenza.com\/it\/author\/redazione-italia\/","https:\/\/www.facebook.com\/PressenzaItalia","https:\/\/www.instagram.com\/pressenza_italia\/","https:\/\/x.com\/pressenza_it","https:\/\/www.youtube.com\/channel\/UCSalEIWjE1RSxkwjfftFuqg"],"url":"https:\/\/www.pressenza.com\/it\/author\/redazione-italia\/"}]}},"place":"","original_article_url":"","_links":{"self":[{"href":"https:\/\/www.pressenza.com\/it\/wp-json\/wp\/v2\/posts\/86390","targetHints":{"allow":["GET"]}}],"collection":[{"href":"https:\/\/www.pressenza.com\/it\/wp-json\/wp\/v2\/posts"}],"about":[{"href":"https:\/\/www.pressenza.com\/it\/wp-json\/wp\/v2\/types\/post"}],"author":[{"embeddable":true,"href":"https:\/\/www.pressenza.com\/it\/wp-json\/wp\/v2\/users\/594"}],"replies":[{"embeddable":true,"href":"https:\/\/www.pressenza.com\/it\/wp-json\/wp\/v2\/comments?post=86390"}],"version-history":[{"count":0,"href":"https:\/\/www.pressenza.com\/it\/wp-json\/wp\/v2\/posts\/86390\/revisions"}],"wp:featuredmedia":[{"embeddable":true,"href":"https:\/\/www.pressenza.com\/it\/wp-json\/wp\/v2\/media\/86391"}],"wp:attachment":[{"href":"https:\/\/www.pressenza.com\/it\/wp-json\/wp\/v2\/media?parent=86390"}],"wp:term":[{"taxonomy":"category","embeddable":true,"href":"https:\/\/www.pressenza.com\/it\/wp-json\/wp\/v2\/categories?post=86390"},{"taxonomy":"post_tag","embeddable":true,"href":"https:\/\/www.pressenza.com\/it\/wp-json\/wp\/v2\/tags?post=86390"}],"curies":[{"name":"wp","href":"https:\/\/api.w.org\/{rel}","templated":true}]}}