{"id":859342,"date":"2019-05-23T15:45:41","date_gmt":"2019-05-23T14:45:41","guid":{"rendered":"https:\/\/www.pressenza.com\/?p=859342"},"modified":"2019-05-23T15:54:12","modified_gmt":"2019-05-23T14:54:12","slug":"associazioni-e-movimenti-scrivono-al-governo-del-cambianiente","status":"publish","type":"post","link":"https:\/\/www.pressenza.com\/it\/2019\/05\/associazioni-e-movimenti-scrivono-al-governo-del-cambianiente\/","title":{"rendered":"Associazioni e movimenti scrivono al governo del &#8220;cambianiente&#8221;"},"content":{"rendered":"<div class=\"adn ads\" data-message-id=\"#msg-f:1634320168593958799\" data-legacy-message-id=\"16ae4588ca4ca78f\">\n<div class=\"gs\">\n<div class=\"\">\n<div id=\":1gd\" class=\"ii gt\">\n<div id=\":rm\" class=\"a3s aXjCH \">\n<div dir=\"ltr\">\n<div class=\"gmail_quote\">\n<div dir=\"ltr\">\n<p>Dalla Val di Susa alle piazze di Roma, dalla Sicilia alle mobilitazioni del Salento, pi\u00f9 di cinquanta fra singole sostenitrici e sostenitori, organizzazioni e movimenti ambientalisti e della societ\u00e0 civile scrivono al governo: &#8220;Avete mancato tutti gli impegni, per mettervi al servizio di interessi che nulla hanno a che fare con quelli dei cittadini italiani e dell&#8217;ecosistema. Ne pagherete le conseguenze&#8221;.<br \/>\nLeggi, firma anche Tu e diffondi la lettera.<\/p>\n<p>Grazie<\/p>\n<p>Coordinamento Nazionale No Triv<\/p>\n<p><b>LETTERA DI MOVIMENTI E ASSOCIAZIONI AL GOVERNO DEL CAMBIANIENTE<br \/>\n<\/b><\/p>\n<p>Promossa da:<br \/>\nCampagna Stop TTIP\/CETA Italia, Forum Italiano dei Movimenti per l&#8217;Acqua, Coordinamento nazionale No Triv, Abruzzo Beni comuni, No Tap Brindisi, Coordinamento Regionale Acqua Pubblica di Basilicata, Comitato No Tunnel TAV di Firenze Liberiamo la Basilicata, Associazione Botteghe del Mondo, Associazione Michele Mancino, Attac Italia, Ambiente&amp;Salute Bolzano, Cattolici per la Vita della Valle, Comitato Stop TTIP Sondrio, Comitato StopTTIP Udine, Distretto rurale di economia solidale Parco Agricolo Sud Milano, Energia Felice, Epha Basilicata, Fairwatch, Gruppo Unitario Foreste Italiane GUFI, Fair, Mag 4 Piemonte, Medicina Democratica, Navdanya International, Reorient, Rete Legalit\u00e0 per il Clima, Terra! Onlus, Transform, Usicons, Forum Pontino dei Diritti e Beni Comuni.<\/p>\n<p>E da:<br \/>\nAlex Zanotelli, Missionario Comboniano, Mario Agostinelli, Energia Felice, Enzo Di Salvatore, Costituzionalista; Franco Calamida, CostituzioneBeniComuni; Donato Cardigliano, Ass. Bianca Guidetti Serra; Michele Carducci, Costituzionalista; Alberto Castagnola, Ress Roma; Paolo Cerrone, Officine Culturali Roma Nord Ovest; Giuseppe Chieppa, Teresa De Noia, direttore rivista Valori; Teresa De Noia, Giuseppe Di Bello, Liberiamo la Basilicata; Laura Cima, Primalepersone; Laura Favro Bertrando, Dialogoinvalle; Patrizia Gentilini, Isde; Francesco Gesualdi; Antonella Leto, Forum siciliano acqua e beni comuni, Alberto Lucarelli, Comitato di Difesa dei Beni Comuni Sociali e Sovrani, Gianni Meazza, Dimensioni Diverse; Elisa Marini; Francesco Martone; Tiziana Medici, No eolico selvaggio; Anna Maria Palermo, docente Potenza; Renato Ramello, No TAV Torino; Maria Ricciardi Giannoni, Liberacittadinanza; Daniela Padoan, Laudato s\u00ec; Italo Pent, Dialogoinvalle; Legamjonici Taranto, Marcello Travaglini, docente Potenza; Marino Trizio, Associazione Citt\u00e0 Plurale Matera; Giovanna Ubaldeschi, Coordinamento Nazionale del Partito Umanista; Vincenzo Vasciaveo, Dres Pasm, Guido Viale, Laudato s\u00ec; Emilio Zecca, Coordinamento Democrazia costituzionale.<\/p>\n<p><b>Onorevole Presidente del Consiglio Giuseppe Conte<br \/>\nOnorevoli Vicepresidenti Luigi Di Maio, Matteo Salvini<\/b><\/p>\n<p>Siamo alcuni movimenti sociali che hanno percorso le strade di Roma il 23 marzo, portando ancora una volta in piazza proposte urgenti di cambiamento radicale per un Paese troppo lontano da obiettivi climatici e sociali anche solo accettabili.<\/p>\n<div>\n<p>Abbiamo sotto gli occhi il costante degrado umano e politico della classe dirigente passata e presente, e da voi oggi rappresentata ai massimi livelli, che si riflette sulla drammatica incapacit\u00e0 di progettare il futuro dell&#8217;Italia in un momento chiave del nostro vivere comune.<\/p>\n<\/div>\n<div>\n<p>Mentre le emissioni globali continuano ad aumentare e poterle contenere senza cambiare i modelli attuali di produzione e consumo si rivela sempre pi\u00f9 un&#8217;utopia, i leader mondiali non riescono ad accordarsi su regole comuni per invertire la traiettoria di uno sviluppo insostenibile.<\/p>\n<\/div>\n<div>\n<p>La predazione delle risorse naturali, l&#8217;attacco alle comunit\u00e0 locali e ai diritti delle persone, sono caratteristici di un sistema globalizzato in cui le grandi imprese scorrazzano con il beneplacito degli Stati, tanto solleciti nello stringere accordi di liberalizzazione commerciale quanto inadempienti negli impegni sul clima.<\/p>\n<\/div>\n<div>\n<p>All&#8217;enfasi quasi religiosa con cui viene lodata e perseguita la crescita senza freni, fa da contraltare il costante impoverimento morale ed economico delle persone, spinte verso l&#8217;individualismo, la precariet\u00e0, la paura e l&#8217;indifferenza.<\/p>\n<\/div>\n<div>\n<p>Con la spinta alle privatizzazioni, all&#8217;estrattivismo e alle grandi opere dannose e imposte, la guerra ai poveri e ai migranti, il vostro malgoverno sta peggiorando la nostra qualit\u00e0 della vita e del dibattito pubblico.<br \/>\nL&#8217;Italia \u00e8 uno dei Paesi in cui questa deriva \u00e8 pi\u00f9 evidente, dopo decenni in cui governi di ogni colore hanno sostenuto la stessa agenda neoliberista, antidemocratica e antipopolare.<\/p>\n<\/div>\n<div>\n<p>Il vostro esecutivo non fa alcuna eccezione, se non per il fatto di essersi contraddistinto per una incoerenza ancora maggiore.<\/p>\n<\/div>\n<div>\n<p>Le vostre promesse elettorali, molto pi\u00f9 radicali di quelle finora ascoltate da partiti con ambizioni di governo, sono state completamente disattese. No Tap, No Tav, No Triv, Stop Ttip, No Muos, No grandi navi, Acqua bene comune, Stop pesticidi sono solo alcune delle parole d&#8217;ordine portate avanti da tanti movimenti sociali e ambientalisti che il governo &#8211; e in particolare il Movimento 5 Stelle &#8211; ha fatto proprie con impegni pubblici, salvo poi varare misure di segno totalmente opposto.<\/p>\n<\/div>\n<div>\n<p>Oggi, alla vigilia di nuove elezioni, la classe politica da voi selezionata e rappresentata, non immune da fenomeni corruttivi, appare palesemente inadeguata a gestire le derive di un&#8217;Unione europea dalla forte impronta neoliberista, securitaria e inchiodata all\u2019austerity.<\/p>\n<\/div>\n<div>\n<p>Occorrerebbe fronteggiare questi impulsi con la ferma volont\u00e0 di impostare una radicale inversione di tendenza nelle politiche economiche e sociali a livello nazionale, per renderle compatibili con la transizione ecologica e con la giustizia sociale e intergenerazionale. Costi quel che costi.<\/p>\n<\/div>\n<div>\n<p>Purtroppo in questo Governo &#8211; come in quelli precedenti &#8211; mancano competenza e visione per aiutare il Paese ad attraversare il guado. Come dimostrano le manifestazioni nelle nostre citt\u00e0 e balconi, i movimenti sociali delle persone comuni, ancora una volta, si stanno assumendo la responsabilit\u00e0 di contestare e contrastare l&#8217;inettitudine e l&#8217;immobilismo della vostra politica sui temi di maggiore importanza per la vita di tutti.<\/p>\n<\/div>\n<div>\n<p>Le centinaia di migliaia di persone che nel corso dell&#8217;ultimo anno hanno manifestato da Venaus fino in Sicilia, passando per Taranto, il Salento del Tap e la Basilicata di Tempa Rossa e Viggiano, che hanno marciato per il clima e contro un sistema disumano e violento, rinnovano la pressione su questo governo e nei confronti di un&#8217;Europa che \u00e8 sempre meno interessata alla democrazia, ai diritti dei cittadini e delle cittadine e al nostro futuro.<\/p>\n<\/div>\n<div>\n<p>Siamo sempre in quei luoghi dove le contraddizioni sono pi\u00f9 evidenti e tragiche, e continueremo a coltivare una visione globale della solidariet\u00e0, sostenendo ovunque coloro che &#8211; come noi &#8211; tentano di salvare il proprio futuro dalla vostra irresponsabilit\u00e0.<\/p>\n<\/div>\n<div>\n<p>Questo non \u00e8 un appello, \u00e8 una pubblica affermazione della nostra consapevolezza, una profonda consapevolezza collettiva, che il governo italiano, sulla scia dei precedenti, non \u00e8 certamente un governo del cambiamento, ma un governo al servizio di interessi che nulla hanno a che fare con gli interessi dei cittadini italiani e con i diritti sanciti dalla nostra Costituzione.<\/p>\n<\/div>\n<div>\n<p>Continuiamo e continueremo a lottare e costruire il vero cambiamento, per il Bene Comune di questo Paese e del Pianeta.<\/p>\n<\/div>\n<\/div>\n<\/div>\n<\/div>\n<\/div>\n<\/div>\n<\/div>\n<\/div>\n<\/div>\n<div class=\"gA gt acV\">\n<div class=\"gB xu\">\n<div class=\"ip iq\">\n<div id=\":1gc\"><\/div>\n<\/div>\n<\/div>\n<\/div>\n","protected":false},"excerpt":{"rendered":"<p>Dalla Val di Susa alle piazze di Roma, dalla Sicilia alle mobilitazioni del Salento, pi\u00f9 di cinquanta fra singole sostenitrici e sostenitori, organizzazioni e movimenti ambientalisti e della societ\u00e0 civile scrivono al governo: &#8220;Avete mancato tutti gli impegni, per mettervi&hellip;<\/p>\n","protected":false},"author":594,"featured_media":859363,"comment_status":"closed","ping_status":"closed","sticky":false,"template":"","format":"standard","meta":{"footnotes":""},"categories":[150,47,55],"tags":[9019,9775,185,31919,19659],"class_list":["post-859342","post","type-post","status-publish","format-standard","has-post-thumbnail","hentry","category-comunicati-stampa","category-europa","category-politica","tag-acqua-bene-comune","tag-cambiamento-climatico","tag-governo","tag-grandi-opere-inutili","tag-movimenti"],"yoast_head":"<!-- This site is optimized with the Yoast SEO plugin v27.1.1 - https:\/\/yoast.com\/product\/yoast-seo-wordpress\/ -->\n<title>Associazioni e movimenti scrivono al governo del &quot;cambianiente&quot;<\/title>\n<meta name=\"description\" content=\"Dalla Val di Susa alle piazze di Roma, dalla Sicilia alle mobilitazioni del Salento, pi\u00f9 di cinquanta fra singole sostenitrici e sostenitori,\" \/>\n<meta name=\"robots\" content=\"index, follow, max-snippet:-1, max-image-preview:large, max-video-preview:-1\" \/>\n<link rel=\"canonical\" href=\"https:\/\/www.pressenza.com\/it\/2019\/05\/associazioni-e-movimenti-scrivono-al-governo-del-cambianiente\/\" \/>\n<meta property=\"og:locale\" content=\"it_IT\" \/>\n<meta property=\"og:type\" content=\"article\" \/>\n<meta property=\"og:title\" content=\"Associazioni e movimenti scrivono al governo del &quot;cambianiente&quot;\" \/>\n<meta property=\"og:description\" content=\"Dalla Val di Susa alle piazze di Roma, dalla Sicilia alle mobilitazioni del Salento, pi\u00f9 di cinquanta fra singole sostenitrici e sostenitori,\" \/>\n<meta property=\"og:url\" content=\"https:\/\/www.pressenza.com\/it\/2019\/05\/associazioni-e-movimenti-scrivono-al-governo-del-cambianiente\/\" \/>\n<meta property=\"og:site_name\" content=\"Pressenza\" \/>\n<meta property=\"article:publisher\" content=\"https:\/\/www.facebook.com\/PressenzaItalia\" \/>\n<meta property=\"article:author\" content=\"https:\/\/www.facebook.com\/PressenzaItalia\" \/>\n<meta property=\"article:published_time\" content=\"2019-05-23T14:45:41+00:00\" \/>\n<meta property=\"article:modified_time\" content=\"2019-05-23T14:54:12+00:00\" \/>\n<meta property=\"og:image\" content=\"https:\/\/www.pressenza.com\/wp-content\/uploads\/2019\/05\/cambianiente.jpg\" \/>\n\t<meta property=\"og:image:width\" content=\"476\" \/>\n\t<meta property=\"og:image:height\" content=\"263\" \/>\n\t<meta property=\"og:image:type\" content=\"image\/jpeg\" \/>\n<meta name=\"author\" content=\"Redazione Italia\" \/>\n<meta name=\"twitter:card\" content=\"summary_large_image\" \/>\n<meta name=\"twitter:creator\" content=\"@pressenza_it\" \/>\n<meta name=\"twitter:site\" content=\"@PressenzaIPA\" \/>\n<meta name=\"twitter:label1\" content=\"Scritto da\" \/>\n\t<meta name=\"twitter:data1\" content=\"Redazione Italia\" \/>\n\t<meta name=\"twitter:label2\" content=\"Tempo di lettura stimato\" \/>\n\t<meta name=\"twitter:data2\" content=\"5 minuti\" \/>\n<script type=\"application\/ld+json\" class=\"yoast-schema-graph\">{\"@context\":\"https:\/\/schema.org\",\"@graph\":[{\"@type\":\"Article\",\"@id\":\"https:\/\/www.pressenza.com\/it\/2019\/05\/associazioni-e-movimenti-scrivono-al-governo-del-cambianiente\/#article\",\"isPartOf\":{\"@id\":\"https:\/\/www.pressenza.com\/it\/2019\/05\/associazioni-e-movimenti-scrivono-al-governo-del-cambianiente\/\"},\"author\":{\"name\":\"Redazione Italia\",\"@id\":\"https:\/\/www.pressenza.com\/it\/#\/schema\/person\/d983e81827ae24f2c7b1a2123d197f8d\"},\"headline\":\"Associazioni e movimenti scrivono al governo del &#8220;cambianiente&#8221;\",\"datePublished\":\"2019-05-23T14:45:41+00:00\",\"dateModified\":\"2019-05-23T14:54:12+00:00\",\"mainEntityOfPage\":{\"@id\":\"https:\/\/www.pressenza.com\/it\/2019\/05\/associazioni-e-movimenti-scrivono-al-governo-del-cambianiente\/\"},\"wordCount\":1069,\"publisher\":{\"@id\":\"https:\/\/www.pressenza.com\/it\/#organization\"},\"image\":{\"@id\":\"https:\/\/www.pressenza.com\/it\/2019\/05\/associazioni-e-movimenti-scrivono-al-governo-del-cambianiente\/#primaryimage\"},\"thumbnailUrl\":\"https:\/\/www.pressenza.com\/wp-content\/uploads\/2019\/05\/cambianiente.jpg\",\"keywords\":[\"acqua bene comune\",\"cambiamento climatico\",\"governo\",\"Grandi opere inutili\",\"movimenti\"],\"articleSection\":[\"Comunicati Stampa\",\"Europa\",\"Politica\"],\"inLanguage\":\"it-IT\"},{\"@type\":\"WebPage\",\"@id\":\"https:\/\/www.pressenza.com\/it\/2019\/05\/associazioni-e-movimenti-scrivono-al-governo-del-cambianiente\/\",\"url\":\"https:\/\/www.pressenza.com\/it\/2019\/05\/associazioni-e-movimenti-scrivono-al-governo-del-cambianiente\/\",\"name\":\"Associazioni e movimenti scrivono al governo del \\\"cambianiente\\\"\",\"isPartOf\":{\"@id\":\"https:\/\/www.pressenza.com\/it\/#website\"},\"primaryImageOfPage\":{\"@id\":\"https:\/\/www.pressenza.com\/it\/2019\/05\/associazioni-e-movimenti-scrivono-al-governo-del-cambianiente\/#primaryimage\"},\"image\":{\"@id\":\"https:\/\/www.pressenza.com\/it\/2019\/05\/associazioni-e-movimenti-scrivono-al-governo-del-cambianiente\/#primaryimage\"},\"thumbnailUrl\":\"https:\/\/www.pressenza.com\/wp-content\/uploads\/2019\/05\/cambianiente.jpg\",\"datePublished\":\"2019-05-23T14:45:41+00:00\",\"dateModified\":\"2019-05-23T14:54:12+00:00\",\"description\":\"Dalla Val di Susa alle piazze di Roma, dalla Sicilia alle mobilitazioni del Salento, pi\u00f9 di cinquanta fra singole sostenitrici e sostenitori,\",\"breadcrumb\":{\"@id\":\"https:\/\/www.pressenza.com\/it\/2019\/05\/associazioni-e-movimenti-scrivono-al-governo-del-cambianiente\/#breadcrumb\"},\"inLanguage\":\"it-IT\",\"potentialAction\":[{\"@type\":\"ReadAction\",\"target\":[\"https:\/\/www.pressenza.com\/it\/2019\/05\/associazioni-e-movimenti-scrivono-al-governo-del-cambianiente\/\"]}]},{\"@type\":\"ImageObject\",\"inLanguage\":\"it-IT\",\"@id\":\"https:\/\/www.pressenza.com\/it\/2019\/05\/associazioni-e-movimenti-scrivono-al-governo-del-cambianiente\/#primaryimage\",\"url\":\"https:\/\/www.pressenza.com\/wp-content\/uploads\/2019\/05\/cambianiente.jpg\",\"contentUrl\":\"https:\/\/www.pressenza.com\/wp-content\/uploads\/2019\/05\/cambianiente.jpg\",\"width\":476,\"height\":263,\"caption\":\"cambianiente\"},{\"@type\":\"BreadcrumbList\",\"@id\":\"https:\/\/www.pressenza.com\/it\/2019\/05\/associazioni-e-movimenti-scrivono-al-governo-del-cambianiente\/#breadcrumb\",\"itemListElement\":[{\"@type\":\"ListItem\",\"position\":1,\"name\":\"Accueil\",\"item\":\"https:\/\/www.pressenza.com\/it\/\"},{\"@type\":\"ListItem\",\"position\":2,\"name\":\"Associazioni e movimenti scrivono al governo del &#8220;cambianiente&#8221;\"}]},{\"@type\":\"WebSite\",\"@id\":\"https:\/\/www.pressenza.com\/it\/#website\",\"url\":\"https:\/\/www.pressenza.com\/it\/\",\"name\":\"Pressenza\",\"description\":\"Agenzia di Stampa Internazionale\",\"publisher\":{\"@id\":\"https:\/\/www.pressenza.com\/it\/#organization\"},\"potentialAction\":[{\"@type\":\"SearchAction\",\"target\":{\"@type\":\"EntryPoint\",\"urlTemplate\":\"https:\/\/www.pressenza.com\/it\/?s={search_term_string}\"},\"query-input\":{\"@type\":\"PropertyValueSpecification\",\"valueRequired\":true,\"valueName\":\"search_term_string\"}}],\"inLanguage\":\"it-IT\"},{\"@type\":\"Organization\",\"@id\":\"https:\/\/www.pressenza.com\/it\/#organization\",\"name\":\"Pressenza\",\"url\":\"https:\/\/www.pressenza.com\/it\/\",\"logo\":{\"@type\":\"ImageObject\",\"inLanguage\":\"it-IT\",\"@id\":\"https:\/\/www.pressenza.com\/it\/#\/schema\/logo\/image\/\",\"url\":\"https:\/\/www.pressenza.com\/wp-content\/uploads\/2022\/10\/pressenza_logo_200x200.jpg\",\"contentUrl\":\"https:\/\/www.pressenza.com\/wp-content\/uploads\/2022\/10\/pressenza_logo_200x200.jpg\",\"width\":200,\"height\":200,\"caption\":\"Pressenza\"},\"image\":{\"@id\":\"https:\/\/www.pressenza.com\/it\/#\/schema\/logo\/image\/\"},\"sameAs\":[\"https:\/\/www.facebook.com\/PressenzaItalia\",\"https:\/\/x.com\/PressenzaIPA\"]},{\"@type\":\"Person\",\"@id\":\"https:\/\/www.pressenza.com\/it\/#\/schema\/person\/d983e81827ae24f2c7b1a2123d197f8d\",\"name\":\"Redazione Italia\",\"description\":\"News from the Pressenza Bureau in Italy\",\"sameAs\":[\"https:\/\/www.pressenza.com\/it\/author\/redazione-italia\/\",\"https:\/\/www.facebook.com\/PressenzaItalia\",\"https:\/\/www.instagram.com\/pressenza_italia\/\",\"https:\/\/x.com\/pressenza_it\",\"https:\/\/www.youtube.com\/channel\/UCSalEIWjE1RSxkwjfftFuqg\"],\"url\":\"https:\/\/www.pressenza.com\/it\/author\/redazione-italia\/\"}]}<\/script>\n<!-- \/ Yoast SEO plugin. -->","yoast_head_json":{"title":"Associazioni e movimenti scrivono al governo del \"cambianiente\"","description":"Dalla Val di Susa alle piazze di Roma, dalla Sicilia alle mobilitazioni del Salento, pi\u00f9 di cinquanta fra singole sostenitrici e sostenitori,","robots":{"index":"index","follow":"follow","max-snippet":"max-snippet:-1","max-image-preview":"max-image-preview:large","max-video-preview":"max-video-preview:-1"},"canonical":"https:\/\/www.pressenza.com\/it\/2019\/05\/associazioni-e-movimenti-scrivono-al-governo-del-cambianiente\/","og_locale":"it_IT","og_type":"article","og_title":"Associazioni e movimenti scrivono al governo del \"cambianiente\"","og_description":"Dalla Val di Susa alle piazze di Roma, dalla Sicilia alle mobilitazioni del Salento, pi\u00f9 di cinquanta fra singole sostenitrici e sostenitori,","og_url":"https:\/\/www.pressenza.com\/it\/2019\/05\/associazioni-e-movimenti-scrivono-al-governo-del-cambianiente\/","og_site_name":"Pressenza","article_publisher":"https:\/\/www.facebook.com\/PressenzaItalia","article_author":"https:\/\/www.facebook.com\/PressenzaItalia","article_published_time":"2019-05-23T14:45:41+00:00","article_modified_time":"2019-05-23T14:54:12+00:00","og_image":[{"width":476,"height":263,"url":"https:\/\/www.pressenza.com\/wp-content\/uploads\/2019\/05\/cambianiente.jpg","type":"image\/jpeg"}],"author":"Redazione Italia","twitter_card":"summary_large_image","twitter_creator":"@pressenza_it","twitter_site":"@PressenzaIPA","twitter_misc":{"Scritto da":"Redazione Italia","Tempo di lettura stimato":"5 minuti"},"schema":{"@context":"https:\/\/schema.org","@graph":[{"@type":"Article","@id":"https:\/\/www.pressenza.com\/it\/2019\/05\/associazioni-e-movimenti-scrivono-al-governo-del-cambianiente\/#article","isPartOf":{"@id":"https:\/\/www.pressenza.com\/it\/2019\/05\/associazioni-e-movimenti-scrivono-al-governo-del-cambianiente\/"},"author":{"name":"Redazione Italia","@id":"https:\/\/www.pressenza.com\/it\/#\/schema\/person\/d983e81827ae24f2c7b1a2123d197f8d"},"headline":"Associazioni e movimenti scrivono al governo del &#8220;cambianiente&#8221;","datePublished":"2019-05-23T14:45:41+00:00","dateModified":"2019-05-23T14:54:12+00:00","mainEntityOfPage":{"@id":"https:\/\/www.pressenza.com\/it\/2019\/05\/associazioni-e-movimenti-scrivono-al-governo-del-cambianiente\/"},"wordCount":1069,"publisher":{"@id":"https:\/\/www.pressenza.com\/it\/#organization"},"image":{"@id":"https:\/\/www.pressenza.com\/it\/2019\/05\/associazioni-e-movimenti-scrivono-al-governo-del-cambianiente\/#primaryimage"},"thumbnailUrl":"https:\/\/www.pressenza.com\/wp-content\/uploads\/2019\/05\/cambianiente.jpg","keywords":["acqua bene comune","cambiamento climatico","governo","Grandi opere inutili","movimenti"],"articleSection":["Comunicati Stampa","Europa","Politica"],"inLanguage":"it-IT"},{"@type":"WebPage","@id":"https:\/\/www.pressenza.com\/it\/2019\/05\/associazioni-e-movimenti-scrivono-al-governo-del-cambianiente\/","url":"https:\/\/www.pressenza.com\/it\/2019\/05\/associazioni-e-movimenti-scrivono-al-governo-del-cambianiente\/","name":"Associazioni e movimenti scrivono al governo del \"cambianiente\"","isPartOf":{"@id":"https:\/\/www.pressenza.com\/it\/#website"},"primaryImageOfPage":{"@id":"https:\/\/www.pressenza.com\/it\/2019\/05\/associazioni-e-movimenti-scrivono-al-governo-del-cambianiente\/#primaryimage"},"image":{"@id":"https:\/\/www.pressenza.com\/it\/2019\/05\/associazioni-e-movimenti-scrivono-al-governo-del-cambianiente\/#primaryimage"},"thumbnailUrl":"https:\/\/www.pressenza.com\/wp-content\/uploads\/2019\/05\/cambianiente.jpg","datePublished":"2019-05-23T14:45:41+00:00","dateModified":"2019-05-23T14:54:12+00:00","description":"Dalla Val di Susa alle piazze di Roma, dalla Sicilia alle mobilitazioni del Salento, pi\u00f9 di cinquanta fra singole sostenitrici e sostenitori,","breadcrumb":{"@id":"https:\/\/www.pressenza.com\/it\/2019\/05\/associazioni-e-movimenti-scrivono-al-governo-del-cambianiente\/#breadcrumb"},"inLanguage":"it-IT","potentialAction":[{"@type":"ReadAction","target":["https:\/\/www.pressenza.com\/it\/2019\/05\/associazioni-e-movimenti-scrivono-al-governo-del-cambianiente\/"]}]},{"@type":"ImageObject","inLanguage":"it-IT","@id":"https:\/\/www.pressenza.com\/it\/2019\/05\/associazioni-e-movimenti-scrivono-al-governo-del-cambianiente\/#primaryimage","url":"https:\/\/www.pressenza.com\/wp-content\/uploads\/2019\/05\/cambianiente.jpg","contentUrl":"https:\/\/www.pressenza.com\/wp-content\/uploads\/2019\/05\/cambianiente.jpg","width":476,"height":263,"caption":"cambianiente"},{"@type":"BreadcrumbList","@id":"https:\/\/www.pressenza.com\/it\/2019\/05\/associazioni-e-movimenti-scrivono-al-governo-del-cambianiente\/#breadcrumb","itemListElement":[{"@type":"ListItem","position":1,"name":"Accueil","item":"https:\/\/www.pressenza.com\/it\/"},{"@type":"ListItem","position":2,"name":"Associazioni e movimenti scrivono al governo del &#8220;cambianiente&#8221;"}]},{"@type":"WebSite","@id":"https:\/\/www.pressenza.com\/it\/#website","url":"https:\/\/www.pressenza.com\/it\/","name":"Pressenza","description":"Agenzia di Stampa Internazionale","publisher":{"@id":"https:\/\/www.pressenza.com\/it\/#organization"},"potentialAction":[{"@type":"SearchAction","target":{"@type":"EntryPoint","urlTemplate":"https:\/\/www.pressenza.com\/it\/?s={search_term_string}"},"query-input":{"@type":"PropertyValueSpecification","valueRequired":true,"valueName":"search_term_string"}}],"inLanguage":"it-IT"},{"@type":"Organization","@id":"https:\/\/www.pressenza.com\/it\/#organization","name":"Pressenza","url":"https:\/\/www.pressenza.com\/it\/","logo":{"@type":"ImageObject","inLanguage":"it-IT","@id":"https:\/\/www.pressenza.com\/it\/#\/schema\/logo\/image\/","url":"https:\/\/www.pressenza.com\/wp-content\/uploads\/2022\/10\/pressenza_logo_200x200.jpg","contentUrl":"https:\/\/www.pressenza.com\/wp-content\/uploads\/2022\/10\/pressenza_logo_200x200.jpg","width":200,"height":200,"caption":"Pressenza"},"image":{"@id":"https:\/\/www.pressenza.com\/it\/#\/schema\/logo\/image\/"},"sameAs":["https:\/\/www.facebook.com\/PressenzaItalia","https:\/\/x.com\/PressenzaIPA"]},{"@type":"Person","@id":"https:\/\/www.pressenza.com\/it\/#\/schema\/person\/d983e81827ae24f2c7b1a2123d197f8d","name":"Redazione Italia","description":"News from the Pressenza Bureau in Italy","sameAs":["https:\/\/www.pressenza.com\/it\/author\/redazione-italia\/","https:\/\/www.facebook.com\/PressenzaItalia","https:\/\/www.instagram.com\/pressenza_italia\/","https:\/\/x.com\/pressenza_it","https:\/\/www.youtube.com\/channel\/UCSalEIWjE1RSxkwjfftFuqg"],"url":"https:\/\/www.pressenza.com\/it\/author\/redazione-italia\/"}]}},"place":"","original_article_url":"","_links":{"self":[{"href":"https:\/\/www.pressenza.com\/it\/wp-json\/wp\/v2\/posts\/859342","targetHints":{"allow":["GET"]}}],"collection":[{"href":"https:\/\/www.pressenza.com\/it\/wp-json\/wp\/v2\/posts"}],"about":[{"href":"https:\/\/www.pressenza.com\/it\/wp-json\/wp\/v2\/types\/post"}],"author":[{"embeddable":true,"href":"https:\/\/www.pressenza.com\/it\/wp-json\/wp\/v2\/users\/594"}],"replies":[{"embeddable":true,"href":"https:\/\/www.pressenza.com\/it\/wp-json\/wp\/v2\/comments?post=859342"}],"version-history":[{"count":0,"href":"https:\/\/www.pressenza.com\/it\/wp-json\/wp\/v2\/posts\/859342\/revisions"}],"wp:featuredmedia":[{"embeddable":true,"href":"https:\/\/www.pressenza.com\/it\/wp-json\/wp\/v2\/media\/859363"}],"wp:attachment":[{"href":"https:\/\/www.pressenza.com\/it\/wp-json\/wp\/v2\/media?parent=859342"}],"wp:term":[{"taxonomy":"category","embeddable":true,"href":"https:\/\/www.pressenza.com\/it\/wp-json\/wp\/v2\/categories?post=859342"},{"taxonomy":"post_tag","embeddable":true,"href":"https:\/\/www.pressenza.com\/it\/wp-json\/wp\/v2\/tags?post=859342"}],"curies":[{"name":"wp","href":"https:\/\/api.w.org\/{rel}","templated":true}]}}