{"id":859180,"date":"2019-05-23T09:45:30","date_gmt":"2019-05-23T08:45:30","guid":{"rendered":"https:\/\/www.pressenza.com\/?p=859180"},"modified":"2019-05-23T09:46:11","modified_gmt":"2019-05-23T08:46:11","slug":"riportiamogli-a-casa-loro-thedrama-boicottaggio-culturale-antirazzista","status":"publish","type":"post","link":"https:\/\/www.pressenza.com\/it\/2019\/05\/riportiamogli-a-casa-loro-thedrama-boicottaggio-culturale-antirazzista\/","title":{"rendered":"Riportiamogli a casa l&#8217;oro: TheDrama, boicottaggio culturale antirazzista"},"content":{"rendered":"<p align=\"justify\">Il 5 marzo 2019 i <b>TheDrama<\/b> creano una pagina facebook fake-salviniana <b>STOP Barconi<\/b>, correlandosi a tutte quelle proLega; in poco tempo superano la soglia dei 28.000 followers.<\/p>\n<p align=\"justify\">Il 13 maggio annunciano un\u2019azione eclatante a sostegno del blocco navale totale. Nel mirino c\u2019\u00e8 la SeaWatch3 al largo di Lampedusa. Un esempio per tutti Laura, commenta con maiuscole e puntini di sospensione: \u00abCI SIAMO ROTTI LE PALLE CON QUESTI SBARCHI\u2026UNA STORIA CHE VA\u2019 AVANTI DA ANNI\u2026 NESSUNO LI VUOLE A \u2018STI AVANZI D\u2019AFRICA\u2026 NON SN PROFUGHI\u2026.FANNO PENA AI SOLITI BUONISTI CATTOLICI E ALLA AMMUFFITA SINISTRA\u2026\u2026QUANTI CALCI NEL CULO!!!! VOGLIONO SOLO ESSERE MANTENUTI\u2026\u2026DA SEMPRE\u2026.\u00bb A chi cerca di farla ragionare Laura \u2018grida\u2019 che le stanno sullo stomaco, che i razzisti sono loro, i migranti.<\/p>\n<p align=\"justify\">Tra il 15 e il 16 maggio la pubblicazione reiterata di post \u2018strategici\u2019 incrementa le aspettative.<\/p>\n<p align=\"justify\">Il 17 maggio tutti sono invitati alla massima condivisione di un video sul respingimento in diretta di un barcone.<\/p>\n<p align=\"justify\"><img loading=\"lazy\" decoding=\"async\" class=\"aligncenter size-full wp-image-859190\" src=\"https:\/\/www.pressenza.com\/wp-content\/uploads\/2019\/05\/blocco-navale-totale.jpg\" alt=\"\" width=\"504\" height=\"280\" srcset=\"https:\/\/www.pressenza.com\/wp-content\/uploads\/2019\/05\/blocco-navale-totale.jpg 504w, https:\/\/www.pressenza.com\/wp-content\/uploads\/2019\/05\/blocco-navale-totale-300x167.jpg 300w\" sizes=\"auto, (max-width: 504px) 100vw, 504px\" \/><\/p>\n<p align=\"justify\">I commenti xenofobi e sovranisti si sprecano, si applaude al gesto. Delle parole <b>Riportiamogli a casa l\u2019oro <\/b>colgono il suono senza il significato; non sprecano tempo a guardare il video. Se lo avessero fatto, si sarebbero resi conto che il barcone \u00e8 una petroliera che conduce, un frame dopo l\u2019altro, in quell\u2019<a href=\"https:\/\/www.pressenza.com\/it\/2019\/05\/milano-marcia-pacifica-per-la-pace-e-la-liberta-monetaria-dei-paesi-dellafrica\/\">Africa sfruttata e depredata dalle multinazionali<\/a>, sottomessa in gran parte al CFA, moneta comune delle ex-colonie francesi, \u201c braccio armato del neocolonialismo geopolitico e finanziario\u201d .<\/p>\n<p align=\"justify\">\u00abCon theDrama \u2013scrivono gli autori su Youtube- la musica entra nel mondo dell\u2019arte pubblica contemporanea grazie a uno dei pi\u00f9 grandi troll messi in piedi dai tempi del Volo su Vienna.\u00bb<\/p>\n<p align=\"justify\"><b>Riportiamogli a casa l\u2019oro<\/b> \u00e8 un\u2019azione di sabotaggio culturale e musicale all\u2019interno di uno spazio \u2018social\u2019 connotato politicamente come luogo di rivendicazione di primato nazionale di tipo razzista. \u00abL\u2019intenzione \u2013affermano- \u00e8 mettere l\u2019ascoltatore di fronte a un paradosso cognitivo: il testo \u00e8 infatti tratto da un\u2019intervista radiofonica del 2015 a Daniela Santanch\u00e8 nella quale la senatrice dichiarava che per risolvere il problema dei migranti era necessario \u201caffondare i barconi\u201d. L\u2019utente \u00e8 quindi nella condizione di ascoltare qualcuno che incita ad \u201cusare la forza\u201d ed \u201caffondare i barconi\u201d in un luogo in cui, per\u00f2, i barconi non sono quelli carichi di migranti ma le petroliere con cui da almeno mezzo secolo deprediamo il continente da cui molti di quei migranti provengono.\u00bb<\/p>\n<p align=\"justify\"><img loading=\"lazy\" decoding=\"async\" class=\"aligncenter size-large wp-image-859217\" src=\"https:\/\/www.pressenza.com\/wp-content\/uploads\/2019\/05\/Riportiamogli-a-Casa-lOro-720x405.jpg\" alt=\"\" width=\"720\" height=\"405\" srcset=\"https:\/\/www.pressenza.com\/wp-content\/uploads\/2019\/05\/Riportiamogli-a-Casa-lOro-720x405.jpg 720w, https:\/\/www.pressenza.com\/wp-content\/uploads\/2019\/05\/Riportiamogli-a-Casa-lOro-300x169.jpg 300w, https:\/\/www.pressenza.com\/wp-content\/uploads\/2019\/05\/Riportiamogli-a-Casa-lOro-768x432.jpg 768w, https:\/\/www.pressenza.com\/wp-content\/uploads\/2019\/05\/Riportiamogli-a-Casa-lOro-750x422.jpg 750w, https:\/\/www.pressenza.com\/wp-content\/uploads\/2019\/05\/Riportiamogli-a-Casa-lOro.jpg 1600w\" sizes=\"auto, (max-width: 720px) 100vw, 720px\" \/> <img loading=\"lazy\" decoding=\"async\" class=\"aligncenter size-large wp-image-859226\" src=\"https:\/\/www.pressenza.com\/wp-content\/uploads\/2019\/05\/cover-720x275.jpg\" alt=\"\" width=\"720\" height=\"275\" srcset=\"https:\/\/www.pressenza.com\/wp-content\/uploads\/2019\/05\/cover-720x275.jpg 720w, https:\/\/www.pressenza.com\/wp-content\/uploads\/2019\/05\/cover-300x115.jpg 300w, https:\/\/www.pressenza.com\/wp-content\/uploads\/2019\/05\/cover-768x293.jpg 768w, https:\/\/www.pressenza.com\/wp-content\/uploads\/2019\/05\/cover.jpg 820w\" sizes=\"auto, (max-width: 720px) 100vw, 720px\" \/><\/p>\n<p align=\"justify\"><a href=\"https:\/\/www.facebook.com\/STOP-Barconi-1182483921912312\/\">https:\/\/www.facebook.com\/STOP-Barconi-1182483921912312\/<\/a><\/p>\n<p align=\"justify\"><a href=\"https:\/\/youtu.be\/6FUw5eWnQ94\">https:\/\/youtu.be\/6FUw5eWnQ94<\/a><\/p>\n<p align=\"justify\"><a href=\"https:\/\/soundcloud.com\/followthedrama\">https:\/\/soundcloud.com\/followthedrama<\/a><\/p>\n<p align=\"justify\">\n","protected":false},"excerpt":{"rendered":"<p>Il 5 marzo 2019 i TheDrama creano una pagina facebook fake-salviniana STOP Barconi, correlandosi a tutte quelle proLega; in poco tempo superano la soglia dei 28.000 followers. Il 13 maggio annunciano un\u2019azione eclatante a sostegno del blocco navale totale. Nel&hellip;<\/p>\n","protected":false},"author":1641,"featured_media":859217,"comment_status":"closed","ping_status":"closed","sticky":false,"template":"","format":"standard","meta":{"footnotes":""},"categories":[11388,56,47,38,54572],"tags":[17490,59031,54562,59030],"class_list":["post-859180","post","type-post","status-publish","format-standard","has-post-thumbnail","hentry","category-contenuti-originali","category-cultura","category-europa","category-internazionale","category-migranti","tag-matteo-salvini","tag-performance-it","tag-razzismo-es-it","tag-thedrama"],"yoast_head":"<!-- This site is optimized with the Yoast SEO plugin v27.1.1 - https:\/\/yoast.com\/product\/yoast-seo-wordpress\/ -->\n<title>Riportiamogli a casa l&#039;oro: TheDrama, boicottaggio culturale antirazzista<\/title>\n<meta name=\"description\" content=\"Il 5 marzo 2019 i TheDrama creano una pagina facebook fake-salviniana STOP Barconi, correlandosi a tutte quelle proLega; in poco tempo superano la soglia\" \/>\n<meta name=\"robots\" content=\"index, follow, max-snippet:-1, max-image-preview:large, max-video-preview:-1\" \/>\n<link rel=\"canonical\" href=\"https:\/\/www.pressenza.com\/it\/2019\/05\/riportiamogli-a-casa-loro-thedrama-boicottaggio-culturale-antirazzista\/\" \/>\n<meta property=\"og:locale\" content=\"it_IT\" \/>\n<meta property=\"og:type\" content=\"article\" \/>\n<meta property=\"og:title\" content=\"Riportiamogli a casa l&#039;oro: TheDrama, boicottaggio culturale antirazzista\" \/>\n<meta property=\"og:description\" content=\"Il 5 marzo 2019 i TheDrama creano una pagina facebook fake-salviniana STOP Barconi, correlandosi a tutte quelle proLega; in poco tempo superano la soglia\" \/>\n<meta property=\"og:url\" content=\"https:\/\/www.pressenza.com\/it\/2019\/05\/riportiamogli-a-casa-loro-thedrama-boicottaggio-culturale-antirazzista\/\" \/>\n<meta property=\"og:site_name\" content=\"Pressenza\" \/>\n<meta property=\"article:publisher\" content=\"https:\/\/www.facebook.com\/PressenzaItalia\" \/>\n<meta property=\"article:published_time\" content=\"2019-05-23T08:45:30+00:00\" \/>\n<meta property=\"article:modified_time\" content=\"2019-05-23T08:46:11+00:00\" \/>\n<meta property=\"og:image\" content=\"https:\/\/www.pressenza.com\/wp-content\/uploads\/2019\/05\/Riportiamogli-a-Casa-lOro.jpg\" \/>\n\t<meta property=\"og:image:width\" content=\"1600\" \/>\n\t<meta property=\"og:image:height\" content=\"900\" \/>\n\t<meta property=\"og:image:type\" content=\"image\/jpeg\" \/>\n<meta name=\"author\" content=\"Raffaella Ganci\" \/>\n<meta name=\"twitter:card\" content=\"summary_large_image\" \/>\n<meta name=\"twitter:creator\" content=\"@PressenzaIPA\" \/>\n<meta name=\"twitter:site\" content=\"@PressenzaIPA\" \/>\n<meta name=\"twitter:label1\" content=\"Scritto da\" \/>\n\t<meta name=\"twitter:data1\" content=\"Raffaella Ganci\" \/>\n\t<meta name=\"twitter:label2\" content=\"Tempo di lettura stimato\" \/>\n\t<meta name=\"twitter:data2\" content=\"2 minuti\" \/>\n<script type=\"application\/ld+json\" class=\"yoast-schema-graph\">{\"@context\":\"https:\/\/schema.org\",\"@graph\":[{\"@type\":\"Article\",\"@id\":\"https:\/\/www.pressenza.com\/it\/2019\/05\/riportiamogli-a-casa-loro-thedrama-boicottaggio-culturale-antirazzista\/#article\",\"isPartOf\":{\"@id\":\"https:\/\/www.pressenza.com\/it\/2019\/05\/riportiamogli-a-casa-loro-thedrama-boicottaggio-culturale-antirazzista\/\"},\"author\":{\"name\":\"Raffaella Ganci\",\"@id\":\"https:\/\/www.pressenza.com\/it\/#\/schema\/person\/c109297998385ce39667977134ce25b2\"},\"headline\":\"Riportiamogli a casa l&#8217;oro: TheDrama, boicottaggio culturale antirazzista\",\"datePublished\":\"2019-05-23T08:45:30+00:00\",\"dateModified\":\"2019-05-23T08:46:11+00:00\",\"mainEntityOfPage\":{\"@id\":\"https:\/\/www.pressenza.com\/it\/2019\/05\/riportiamogli-a-casa-loro-thedrama-boicottaggio-culturale-antirazzista\/\"},\"wordCount\":409,\"publisher\":{\"@id\":\"https:\/\/www.pressenza.com\/it\/#organization\"},\"image\":{\"@id\":\"https:\/\/www.pressenza.com\/it\/2019\/05\/riportiamogli-a-casa-loro-thedrama-boicottaggio-culturale-antirazzista\/#primaryimage\"},\"thumbnailUrl\":\"https:\/\/www.pressenza.com\/wp-content\/uploads\/2019\/05\/Riportiamogli-a-Casa-lOro.jpg\",\"keywords\":[\"Matteo Salvini\",\"performance\",\"razzismo\",\"TheDrama\"],\"articleSection\":[\"contenuti originali\",\"Cultura e Media\",\"Europa\",\"Internazionale\",\"Migranti\"],\"inLanguage\":\"it-IT\"},{\"@type\":\"WebPage\",\"@id\":\"https:\/\/www.pressenza.com\/it\/2019\/05\/riportiamogli-a-casa-loro-thedrama-boicottaggio-culturale-antirazzista\/\",\"url\":\"https:\/\/www.pressenza.com\/it\/2019\/05\/riportiamogli-a-casa-loro-thedrama-boicottaggio-culturale-antirazzista\/\",\"name\":\"Riportiamogli a casa l'oro: TheDrama, boicottaggio culturale antirazzista\",\"isPartOf\":{\"@id\":\"https:\/\/www.pressenza.com\/it\/#website\"},\"primaryImageOfPage\":{\"@id\":\"https:\/\/www.pressenza.com\/it\/2019\/05\/riportiamogli-a-casa-loro-thedrama-boicottaggio-culturale-antirazzista\/#primaryimage\"},\"image\":{\"@id\":\"https:\/\/www.pressenza.com\/it\/2019\/05\/riportiamogli-a-casa-loro-thedrama-boicottaggio-culturale-antirazzista\/#primaryimage\"},\"thumbnailUrl\":\"https:\/\/www.pressenza.com\/wp-content\/uploads\/2019\/05\/Riportiamogli-a-Casa-lOro.jpg\",\"datePublished\":\"2019-05-23T08:45:30+00:00\",\"dateModified\":\"2019-05-23T08:46:11+00:00\",\"description\":\"Il 5 marzo 2019 i TheDrama creano una pagina facebook fake-salviniana STOP Barconi, correlandosi a tutte quelle proLega; in poco tempo superano la soglia\",\"breadcrumb\":{\"@id\":\"https:\/\/www.pressenza.com\/it\/2019\/05\/riportiamogli-a-casa-loro-thedrama-boicottaggio-culturale-antirazzista\/#breadcrumb\"},\"inLanguage\":\"it-IT\",\"potentialAction\":[{\"@type\":\"ReadAction\",\"target\":[\"https:\/\/www.pressenza.com\/it\/2019\/05\/riportiamogli-a-casa-loro-thedrama-boicottaggio-culturale-antirazzista\/\"]}]},{\"@type\":\"ImageObject\",\"inLanguage\":\"it-IT\",\"@id\":\"https:\/\/www.pressenza.com\/it\/2019\/05\/riportiamogli-a-casa-loro-thedrama-boicottaggio-culturale-antirazzista\/#primaryimage\",\"url\":\"https:\/\/www.pressenza.com\/wp-content\/uploads\/2019\/05\/Riportiamogli-a-Casa-lOro.jpg\",\"contentUrl\":\"https:\/\/www.pressenza.com\/wp-content\/uploads\/2019\/05\/Riportiamogli-a-Casa-lOro.jpg\",\"width\":1600,\"height\":900},{\"@type\":\"BreadcrumbList\",\"@id\":\"https:\/\/www.pressenza.com\/it\/2019\/05\/riportiamogli-a-casa-loro-thedrama-boicottaggio-culturale-antirazzista\/#breadcrumb\",\"itemListElement\":[{\"@type\":\"ListItem\",\"position\":1,\"name\":\"Accueil\",\"item\":\"https:\/\/www.pressenza.com\/it\/\"},{\"@type\":\"ListItem\",\"position\":2,\"name\":\"Riportiamogli a casa l&#8217;oro: TheDrama, boicottaggio culturale antirazzista\"}]},{\"@type\":\"WebSite\",\"@id\":\"https:\/\/www.pressenza.com\/it\/#website\",\"url\":\"https:\/\/www.pressenza.com\/it\/\",\"name\":\"Pressenza\",\"description\":\"Agenzia di Stampa Internazionale\",\"publisher\":{\"@id\":\"https:\/\/www.pressenza.com\/it\/#organization\"},\"potentialAction\":[{\"@type\":\"SearchAction\",\"target\":{\"@type\":\"EntryPoint\",\"urlTemplate\":\"https:\/\/www.pressenza.com\/it\/?s={search_term_string}\"},\"query-input\":{\"@type\":\"PropertyValueSpecification\",\"valueRequired\":true,\"valueName\":\"search_term_string\"}}],\"inLanguage\":\"it-IT\"},{\"@type\":\"Organization\",\"@id\":\"https:\/\/www.pressenza.com\/it\/#organization\",\"name\":\"Pressenza\",\"url\":\"https:\/\/www.pressenza.com\/it\/\",\"logo\":{\"@type\":\"ImageObject\",\"inLanguage\":\"it-IT\",\"@id\":\"https:\/\/www.pressenza.com\/it\/#\/schema\/logo\/image\/\",\"url\":\"https:\/\/www.pressenza.com\/wp-content\/uploads\/2022\/10\/pressenza_logo_200x200.jpg\",\"contentUrl\":\"https:\/\/www.pressenza.com\/wp-content\/uploads\/2022\/10\/pressenza_logo_200x200.jpg\",\"width\":200,\"height\":200,\"caption\":\"Pressenza\"},\"image\":{\"@id\":\"https:\/\/www.pressenza.com\/it\/#\/schema\/logo\/image\/\"},\"sameAs\":[\"https:\/\/www.facebook.com\/PressenzaItalia\",\"https:\/\/x.com\/PressenzaIPA\"]},{\"@type\":\"Person\",\"@id\":\"https:\/\/www.pressenza.com\/it\/#\/schema\/person\/c109297998385ce39667977134ce25b2\",\"name\":\"Raffaella Ganci\",\"description\":\"Raffaella Ganci \u00e8 nata a Palermo. Dal 2006 vive a Firenze ed \u00e8 qui che ha cominciato a interessarsi alla Street Art. Nel 2015 ha iniziato la sua attivit\u00e0 di attivista culturale indipendente con la mostra La Terra Guasta. T.S. Eliot e la Street art allestita presso la Biblioteca Nazionale di Firenze. https:\/\/www.facebook.com\/terraguasta\/ https:\/\/www.youtube.com\/watch?v=JHTPcBH-ST4&amp;t=6s https:\/\/www.youtube.com\/channel\/UCWi5-o0gYl5dsbX7hK7s3eg\",\"url\":\"https:\/\/www.pressenza.com\/it\/author\/raffaella-ganci\/\"}]}<\/script>\n<!-- \/ Yoast SEO plugin. -->","yoast_head_json":{"title":"Riportiamogli a casa l'oro: TheDrama, boicottaggio culturale antirazzista","description":"Il 5 marzo 2019 i TheDrama creano una pagina facebook fake-salviniana STOP Barconi, correlandosi a tutte quelle proLega; in poco tempo superano la soglia","robots":{"index":"index","follow":"follow","max-snippet":"max-snippet:-1","max-image-preview":"max-image-preview:large","max-video-preview":"max-video-preview:-1"},"canonical":"https:\/\/www.pressenza.com\/it\/2019\/05\/riportiamogli-a-casa-loro-thedrama-boicottaggio-culturale-antirazzista\/","og_locale":"it_IT","og_type":"article","og_title":"Riportiamogli a casa l'oro: TheDrama, boicottaggio culturale antirazzista","og_description":"Il 5 marzo 2019 i TheDrama creano una pagina facebook fake-salviniana STOP Barconi, correlandosi a tutte quelle proLega; in poco tempo superano la soglia","og_url":"https:\/\/www.pressenza.com\/it\/2019\/05\/riportiamogli-a-casa-loro-thedrama-boicottaggio-culturale-antirazzista\/","og_site_name":"Pressenza","article_publisher":"https:\/\/www.facebook.com\/PressenzaItalia","article_published_time":"2019-05-23T08:45:30+00:00","article_modified_time":"2019-05-23T08:46:11+00:00","og_image":[{"width":1600,"height":900,"url":"https:\/\/www.pressenza.com\/wp-content\/uploads\/2019\/05\/Riportiamogli-a-Casa-lOro.jpg","type":"image\/jpeg"}],"author":"Raffaella Ganci","twitter_card":"summary_large_image","twitter_creator":"@PressenzaIPA","twitter_site":"@PressenzaIPA","twitter_misc":{"Scritto da":"Raffaella Ganci","Tempo di lettura stimato":"2 minuti"},"schema":{"@context":"https:\/\/schema.org","@graph":[{"@type":"Article","@id":"https:\/\/www.pressenza.com\/it\/2019\/05\/riportiamogli-a-casa-loro-thedrama-boicottaggio-culturale-antirazzista\/#article","isPartOf":{"@id":"https:\/\/www.pressenza.com\/it\/2019\/05\/riportiamogli-a-casa-loro-thedrama-boicottaggio-culturale-antirazzista\/"},"author":{"name":"Raffaella Ganci","@id":"https:\/\/www.pressenza.com\/it\/#\/schema\/person\/c109297998385ce39667977134ce25b2"},"headline":"Riportiamogli a casa l&#8217;oro: TheDrama, boicottaggio culturale antirazzista","datePublished":"2019-05-23T08:45:30+00:00","dateModified":"2019-05-23T08:46:11+00:00","mainEntityOfPage":{"@id":"https:\/\/www.pressenza.com\/it\/2019\/05\/riportiamogli-a-casa-loro-thedrama-boicottaggio-culturale-antirazzista\/"},"wordCount":409,"publisher":{"@id":"https:\/\/www.pressenza.com\/it\/#organization"},"image":{"@id":"https:\/\/www.pressenza.com\/it\/2019\/05\/riportiamogli-a-casa-loro-thedrama-boicottaggio-culturale-antirazzista\/#primaryimage"},"thumbnailUrl":"https:\/\/www.pressenza.com\/wp-content\/uploads\/2019\/05\/Riportiamogli-a-Casa-lOro.jpg","keywords":["Matteo Salvini","performance","razzismo","TheDrama"],"articleSection":["contenuti originali","Cultura e Media","Europa","Internazionale","Migranti"],"inLanguage":"it-IT"},{"@type":"WebPage","@id":"https:\/\/www.pressenza.com\/it\/2019\/05\/riportiamogli-a-casa-loro-thedrama-boicottaggio-culturale-antirazzista\/","url":"https:\/\/www.pressenza.com\/it\/2019\/05\/riportiamogli-a-casa-loro-thedrama-boicottaggio-culturale-antirazzista\/","name":"Riportiamogli a casa l'oro: TheDrama, boicottaggio culturale antirazzista","isPartOf":{"@id":"https:\/\/www.pressenza.com\/it\/#website"},"primaryImageOfPage":{"@id":"https:\/\/www.pressenza.com\/it\/2019\/05\/riportiamogli-a-casa-loro-thedrama-boicottaggio-culturale-antirazzista\/#primaryimage"},"image":{"@id":"https:\/\/www.pressenza.com\/it\/2019\/05\/riportiamogli-a-casa-loro-thedrama-boicottaggio-culturale-antirazzista\/#primaryimage"},"thumbnailUrl":"https:\/\/www.pressenza.com\/wp-content\/uploads\/2019\/05\/Riportiamogli-a-Casa-lOro.jpg","datePublished":"2019-05-23T08:45:30+00:00","dateModified":"2019-05-23T08:46:11+00:00","description":"Il 5 marzo 2019 i TheDrama creano una pagina facebook fake-salviniana STOP Barconi, correlandosi a tutte quelle proLega; in poco tempo superano la soglia","breadcrumb":{"@id":"https:\/\/www.pressenza.com\/it\/2019\/05\/riportiamogli-a-casa-loro-thedrama-boicottaggio-culturale-antirazzista\/#breadcrumb"},"inLanguage":"it-IT","potentialAction":[{"@type":"ReadAction","target":["https:\/\/www.pressenza.com\/it\/2019\/05\/riportiamogli-a-casa-loro-thedrama-boicottaggio-culturale-antirazzista\/"]}]},{"@type":"ImageObject","inLanguage":"it-IT","@id":"https:\/\/www.pressenza.com\/it\/2019\/05\/riportiamogli-a-casa-loro-thedrama-boicottaggio-culturale-antirazzista\/#primaryimage","url":"https:\/\/www.pressenza.com\/wp-content\/uploads\/2019\/05\/Riportiamogli-a-Casa-lOro.jpg","contentUrl":"https:\/\/www.pressenza.com\/wp-content\/uploads\/2019\/05\/Riportiamogli-a-Casa-lOro.jpg","width":1600,"height":900},{"@type":"BreadcrumbList","@id":"https:\/\/www.pressenza.com\/it\/2019\/05\/riportiamogli-a-casa-loro-thedrama-boicottaggio-culturale-antirazzista\/#breadcrumb","itemListElement":[{"@type":"ListItem","position":1,"name":"Accueil","item":"https:\/\/www.pressenza.com\/it\/"},{"@type":"ListItem","position":2,"name":"Riportiamogli a casa l&#8217;oro: TheDrama, boicottaggio culturale antirazzista"}]},{"@type":"WebSite","@id":"https:\/\/www.pressenza.com\/it\/#website","url":"https:\/\/www.pressenza.com\/it\/","name":"Pressenza","description":"Agenzia di Stampa Internazionale","publisher":{"@id":"https:\/\/www.pressenza.com\/it\/#organization"},"potentialAction":[{"@type":"SearchAction","target":{"@type":"EntryPoint","urlTemplate":"https:\/\/www.pressenza.com\/it\/?s={search_term_string}"},"query-input":{"@type":"PropertyValueSpecification","valueRequired":true,"valueName":"search_term_string"}}],"inLanguage":"it-IT"},{"@type":"Organization","@id":"https:\/\/www.pressenza.com\/it\/#organization","name":"Pressenza","url":"https:\/\/www.pressenza.com\/it\/","logo":{"@type":"ImageObject","inLanguage":"it-IT","@id":"https:\/\/www.pressenza.com\/it\/#\/schema\/logo\/image\/","url":"https:\/\/www.pressenza.com\/wp-content\/uploads\/2022\/10\/pressenza_logo_200x200.jpg","contentUrl":"https:\/\/www.pressenza.com\/wp-content\/uploads\/2022\/10\/pressenza_logo_200x200.jpg","width":200,"height":200,"caption":"Pressenza"},"image":{"@id":"https:\/\/www.pressenza.com\/it\/#\/schema\/logo\/image\/"},"sameAs":["https:\/\/www.facebook.com\/PressenzaItalia","https:\/\/x.com\/PressenzaIPA"]},{"@type":"Person","@id":"https:\/\/www.pressenza.com\/it\/#\/schema\/person\/c109297998385ce39667977134ce25b2","name":"Raffaella Ganci","description":"Raffaella Ganci \u00e8 nata a Palermo. Dal 2006 vive a Firenze ed \u00e8 qui che ha cominciato a interessarsi alla Street Art. Nel 2015 ha iniziato la sua attivit\u00e0 di attivista culturale indipendente con la mostra La Terra Guasta. T.S. Eliot e la Street art allestita presso la Biblioteca Nazionale di Firenze. https:\/\/www.facebook.com\/terraguasta\/ https:\/\/www.youtube.com\/watch?v=JHTPcBH-ST4&amp;t=6s https:\/\/www.youtube.com\/channel\/UCWi5-o0gYl5dsbX7hK7s3eg","url":"https:\/\/www.pressenza.com\/it\/author\/raffaella-ganci\/"}]}},"place":"Internet","original_article_url":"","_links":{"self":[{"href":"https:\/\/www.pressenza.com\/it\/wp-json\/wp\/v2\/posts\/859180","targetHints":{"allow":["GET"]}}],"collection":[{"href":"https:\/\/www.pressenza.com\/it\/wp-json\/wp\/v2\/posts"}],"about":[{"href":"https:\/\/www.pressenza.com\/it\/wp-json\/wp\/v2\/types\/post"}],"author":[{"embeddable":true,"href":"https:\/\/www.pressenza.com\/it\/wp-json\/wp\/v2\/users\/1641"}],"replies":[{"embeddable":true,"href":"https:\/\/www.pressenza.com\/it\/wp-json\/wp\/v2\/comments?post=859180"}],"version-history":[{"count":0,"href":"https:\/\/www.pressenza.com\/it\/wp-json\/wp\/v2\/posts\/859180\/revisions"}],"wp:featuredmedia":[{"embeddable":true,"href":"https:\/\/www.pressenza.com\/it\/wp-json\/wp\/v2\/media\/859217"}],"wp:attachment":[{"href":"https:\/\/www.pressenza.com\/it\/wp-json\/wp\/v2\/media?parent=859180"}],"wp:term":[{"taxonomy":"category","embeddable":true,"href":"https:\/\/www.pressenza.com\/it\/wp-json\/wp\/v2\/categories?post=859180"},{"taxonomy":"post_tag","embeddable":true,"href":"https:\/\/www.pressenza.com\/it\/wp-json\/wp\/v2\/tags?post=859180"}],"curies":[{"name":"wp","href":"https:\/\/api.w.org\/{rel}","templated":true}]}}