{"id":859034,"date":"2019-05-22T22:00:42","date_gmt":"2019-05-22T21:00:42","guid":{"rendered":"https:\/\/www.pressenza.com\/?p=859034"},"modified":"2019-05-22T22:01:38","modified_gmt":"2019-05-22T21:01:38","slug":"libano-garantiamo-la-scuola-guadagnamo-sorrisi-mostra-fotografica-a-milano","status":"publish","type":"post","link":"https:\/\/www.pressenza.com\/it\/2019\/05\/libano-garantiamo-la-scuola-guadagnamo-sorrisi-mostra-fotografica-a-milano\/","title":{"rendered":"Libano: garantiamo la scuola, guadagnamo sorrisi, mostra fotografica a Milano"},"content":{"rendered":"<p><span id=\"msgText_new_message_draft1558555989570_8ec8a975-9e71-f078-df98-57a8f1284a8e\" dir=\"ltr\">&#8220;I sorrisi dei bambini sono i protagonisti di questa mostra. Gli scatti dei fotografi, anche se realizzati in contesti tristi, di povert\u00e0 e disagio, restituiscono l&#8217;entusiasmo dei nostri bambini e delle comunit\u00e0 con cui<br \/>\nlavoriamo&#8221;. Cos\u00ec alla &#8216;Dire&#8217; Davide Amurri, responsabile di Avsi in Libano, ong che insieme con Terre des Hommes e War Child Holland porta avanti un progetto educativo in Libano e Giordania, finanziato dal fondo Madad dell&#8217;Unione Europea.<\/span><\/p>\n<p><span id=\"msgText_new_message_draft1558555989570_8ec8a975-9e71-f078-df98-57a8f1284a8e\" dir=\"ltr\">Il piano \u00e8 rivolto ai bambini profughi siriani ma anche ai piccoli delle famiglie locali svantaggiate. Da questa azione, che coinvolge quasi 25mila minori dai tre ai 14 anni, \u00e8 nata la mostra fotografica &#8216;Back to the future. Scatti di voglia di vita dei bambini siriani rifugiati&#8217;, che sar\u00e0 inaugurata <a class=\"matchTooltip\">domani<\/a> a Milano. L&#8217;esposizione, in corso fino al 30 maggio, si compone di una ventina di lavori realizzati da tre fotografi internazionali: il britannico Andy Hall, lo spagnolo Diego Ibarra Sanchez e l&#8217;olandese Arie Kievit.<\/span><\/p>\n<p><span id=\"msgText_new_message_draft1558555989570_8ec8a975-9e71-f078-df98-57a8f1284a8e\" dir=\"ltr\">&#8220;Questi fotoreporter &#8211; racconta Amurri dal Libano &#8211; hanno visitato spesso il nostro progetto. Grazie alle loro qualit\u00e0 tecniche e umane hanno colto lo spirito del nostro lavoro, che vogliamo raccontare al pubblico italiano&#8221;. E in cosa consiste? &#8220;Si compone di attivita&#8217; a vari livelli&#8221; spiega il responsabile. Pi\u00f9 in generale, prosegue, &#8220;puntiamo a garantire che i minori vadano a scuola, e non la abbandonino. Le barriere di contesto sono tante&#8221;. Si va dalle difficolt\u00e0 delle famiglie povere che non riescono ad acquistare i materiali al problema dei trasporti: i campi profughi informali spesso sono lontani dalle strutture<br \/>\nscolastiche. Ma la povert\u00e0 porta con se&#8217; anche il rischio che i bambini debbano lavorare per aiutare le famiglie, o che gli adolescenti incorrano i matrimoni precoci. &#8220;Pi\u00f9 crescono &#8211; dice Amurri &#8211; piu\u00f9 queste prospettive si fanno concrete&#8221;.<\/span><\/p>\n<p><span id=\"msgText_new_message_draft1558555989570_8ec8a975-9e71-f078-df98-57a8f1284a8e\" dir=\"ltr\">Avsi, Terre des Hommes e War Child Holland &#8211; in collaborazione con una ventina di realt\u00e0 locali &#8211; adattano l&#8217;azione all&#8217;et\u00e0, spiega ancora il project manager: &#8220;Offriamo attivit\u00e0 prescolari ai bambini dai tre ai cinque anni. Per quanto riguarda quelli tra i sei e i sette anni invece, andiamo a cercarli casa per casa affinch\u00e8 siano iscritti a scuola. Le famiglie profughe a volte non sanno dove sono le strutture o hanno paura a lasciare i campi. Infine, ai minori tra gli otto e i 14 anni offriamo corsi di alfabetizzazione di base, per recuperare gli anni di studio persi. Li prepariamo all&#8217;esame con cui poi vengono reinseriti nel<br \/>\nsistema scolastico&#8221;. Piu&#8217; in generale, sottolinea Amurri, &#8220;garantiamo un ambiente sicuro e protetto in cui i minori possano sviluppare le proprie capacit\u00e0&#8221;. Quindi, arriva la seconda fase: mantenere i bambini a scuola a partire da corsi di sostegno.<\/span><\/p>\n<p><span id=\"msgText_new_message_draft1558555989570_8ec8a975-9e71-f078-df98-57a8f1284a8e\" dir=\"ltr\">&#8220;Non dobbiamo pensare per\u00f2 che i genitori ritirino con leggerezza i figli da scuola&#8221; dice il cooperante. &#8220;Nonostante le difficolt\u00e0 del contesto, l&#8217;educazione dei figli \u00e8 una delle priorit\u00e0 pi\u00f9 alte che le famiglie hanno. Quando accade, vivono con estremo dolore il fatto di dover scegliere se spendere per la scuola o il cibo. In realt\u00e0 \u00e8 normale che un genitore senta la responsabilit\u00e0 di garantire l&#8217;istruzione ai propri figli, ma in un contesto del genere non \u00e8 affatto scontato&#8221;.<\/span><\/p>\n<p><span id=\"msgText_new_message_draft1558555989570_8ec8a975-9e71-f078-df98-57a8f1284a8e\" dir=\"ltr\">Il lavoro delle tre ong, che coinvolge 25 scuole tra Libano e Giordania e in altri 27 centri gestiti dalle associazioni, si realizza in collaborazione con insegnanti, operatori locali ma soprattutto famiglie. &#8220;un ottimo modo &#8211; evidenzia Amurri &#8211; per dare un segno tangibile del fatto che vogliano aiutare tutti, non solo i rifugiati&#8221;.<\/span><\/p>\n<p><span id=\"msgText_new_message_draft1558555989570_8ec8a975-9e71-f078-df98-57a8f1284a8e\" dir=\"ltr\">Come spiega ancora il responsabile, dallo scoppio della guerra siriana, Giordania e Libano accolgono circa due milioni di profughi, a fronte di una popolazione totale di circa otto milioni. &#8220;E&#8217; come se in Italia ospitassimo 20 milioni di profughi&#8221;. Facile quindi che si creino invidie, tensioni e rivalit\u00e0, ma &#8220;mettere in relazione i bambini &#8211; profughi e non &#8211; e le famiglie, aiuta ad allentarla&#8221;.<\/span><\/p>\n","protected":false},"excerpt":{"rendered":"<p>&#8220;I sorrisi dei bambini sono i protagonisti di questa mostra. Gli scatti dei fotografi, anche se realizzati in contesti tristi, di povert\u00e0 e disagio, restituiscono l&#8217;entusiasmo dei nostri bambini e delle comunit\u00e0 con cui lavoriamo&#8221;. Cos\u00ec alla &#8216;Dire&#8217; Davide Amurri,&hellip;<\/p>\n","protected":false},"author":1478,"featured_media":859057,"comment_status":"closed","ping_status":"closed","sticky":false,"template":"","format":"standard","meta":{"footnotes":""},"categories":[60,52,20606],"tags":[1226,4438,4257,3011,234],"class_list":["post-859034","post","type-post","status-publish","format-standard","has-post-thumbnail","hentry","category-diritti-umani","category-medio-oriente","category-non-categorizzato","tag-giordania","tag-libano","tag-mostra-fotografica","tag-scuola","tag-siria-it"],"yoast_head":"<!-- This site is optimized with the Yoast SEO plugin v27.1.1 - https:\/\/yoast.com\/product\/yoast-seo-wordpress\/ -->\n<title>Libano: garantiamo la scuola, guadagnamo sorrisi, mostra fotografica a Milano<\/title>\n<meta name=\"description\" content=\"I sorrisi dei bambini sono i protagonisti di questa mostra. Gli scatti dei fotografi, anche se realizzati in contesti tristi, di povert\u00e0 e disagio, restituiscono l&#039;entusiasmo dei nostri bambini e delle comunit\u00e0 con cuilavoriamo\" \/>\n<meta name=\"robots\" content=\"index, follow, max-snippet:-1, max-image-preview:large, max-video-preview:-1\" \/>\n<link rel=\"canonical\" href=\"https:\/\/www.pressenza.com\/it\/2019\/05\/libano-garantiamo-la-scuola-guadagnamo-sorrisi-mostra-fotografica-a-milano\/\" \/>\n<meta property=\"og:locale\" content=\"it_IT\" \/>\n<meta property=\"og:type\" content=\"article\" \/>\n<meta property=\"og:title\" content=\"Libano: garantiamo la scuola, guadagnamo sorrisi, mostra fotografica a Milano\" \/>\n<meta property=\"og:description\" content=\"I sorrisi dei bambini sono i protagonisti di questa mostra. Gli scatti dei fotografi, anche se realizzati in contesti tristi, di povert\u00e0 e disagio, restituiscono l&#039;entusiasmo dei nostri bambini e delle comunit\u00e0 con cuilavoriamo\" \/>\n<meta property=\"og:url\" content=\"https:\/\/www.pressenza.com\/it\/2019\/05\/libano-garantiamo-la-scuola-guadagnamo-sorrisi-mostra-fotografica-a-milano\/\" \/>\n<meta property=\"og:site_name\" content=\"Pressenza\" \/>\n<meta property=\"article:publisher\" content=\"https:\/\/www.facebook.com\/PressenzaItalia\" \/>\n<meta property=\"article:published_time\" content=\"2019-05-22T21:00:42+00:00\" \/>\n<meta property=\"article:modified_time\" content=\"2019-05-22T21:01:38+00:00\" \/>\n<meta property=\"og:image\" content=\"https:\/\/www.pressenza.com\/wp-content\/uploads\/2019\/05\/bambini-profughi.jpg\" \/>\n\t<meta property=\"og:image:width\" content=\"756\" \/>\n\t<meta property=\"og:image:height\" content=\"503\" \/>\n\t<meta property=\"og:image:type\" content=\"image\/jpeg\" \/>\n<meta name=\"author\" content=\"Agenzia DIRE\" \/>\n<meta name=\"twitter:card\" content=\"summary_large_image\" \/>\n<meta name=\"twitter:creator\" content=\"@PressenzaIPA\" \/>\n<meta name=\"twitter:site\" content=\"@PressenzaIPA\" \/>\n<meta name=\"twitter:label1\" content=\"Scritto da\" \/>\n\t<meta name=\"twitter:data1\" content=\"Agenzia DIRE\" \/>\n\t<meta name=\"twitter:label2\" content=\"Tempo di lettura stimato\" \/>\n\t<meta name=\"twitter:data2\" content=\"3 minuti\" \/>\n<script type=\"application\/ld+json\" class=\"yoast-schema-graph\">{\"@context\":\"https:\/\/schema.org\",\"@graph\":[{\"@type\":\"Article\",\"@id\":\"https:\/\/www.pressenza.com\/it\/2019\/05\/libano-garantiamo-la-scuola-guadagnamo-sorrisi-mostra-fotografica-a-milano\/#article\",\"isPartOf\":{\"@id\":\"https:\/\/www.pressenza.com\/it\/2019\/05\/libano-garantiamo-la-scuola-guadagnamo-sorrisi-mostra-fotografica-a-milano\/\"},\"author\":{\"name\":\"Agenzia DIRE\",\"@id\":\"https:\/\/www.pressenza.com\/it\/#\/schema\/person\/bb13dad7d75de3f57ef0c4246101316b\"},\"headline\":\"Libano: garantiamo la scuola, guadagnamo sorrisi, mostra fotografica a Milano\",\"datePublished\":\"2019-05-22T21:00:42+00:00\",\"dateModified\":\"2019-05-22T21:01:38+00:00\",\"mainEntityOfPage\":{\"@id\":\"https:\/\/www.pressenza.com\/it\/2019\/05\/libano-garantiamo-la-scuola-guadagnamo-sorrisi-mostra-fotografica-a-milano\/\"},\"wordCount\":647,\"publisher\":{\"@id\":\"https:\/\/www.pressenza.com\/it\/#organization\"},\"image\":{\"@id\":\"https:\/\/www.pressenza.com\/it\/2019\/05\/libano-garantiamo-la-scuola-guadagnamo-sorrisi-mostra-fotografica-a-milano\/#primaryimage\"},\"thumbnailUrl\":\"https:\/\/www.pressenza.com\/wp-content\/uploads\/2019\/05\/bambini-profughi.jpg\",\"keywords\":[\"Giordania\",\"Libano\",\"Mostra fotografica\",\"scuola\",\"Siria\"],\"articleSection\":[\"Diritti Umani\",\"Medio Oriente\",\"non categorizzato\"],\"inLanguage\":\"it-IT\"},{\"@type\":\"WebPage\",\"@id\":\"https:\/\/www.pressenza.com\/it\/2019\/05\/libano-garantiamo-la-scuola-guadagnamo-sorrisi-mostra-fotografica-a-milano\/\",\"url\":\"https:\/\/www.pressenza.com\/it\/2019\/05\/libano-garantiamo-la-scuola-guadagnamo-sorrisi-mostra-fotografica-a-milano\/\",\"name\":\"Libano: garantiamo la scuola, guadagnamo sorrisi, mostra fotografica a Milano\",\"isPartOf\":{\"@id\":\"https:\/\/www.pressenza.com\/it\/#website\"},\"primaryImageOfPage\":{\"@id\":\"https:\/\/www.pressenza.com\/it\/2019\/05\/libano-garantiamo-la-scuola-guadagnamo-sorrisi-mostra-fotografica-a-milano\/#primaryimage\"},\"image\":{\"@id\":\"https:\/\/www.pressenza.com\/it\/2019\/05\/libano-garantiamo-la-scuola-guadagnamo-sorrisi-mostra-fotografica-a-milano\/#primaryimage\"},\"thumbnailUrl\":\"https:\/\/www.pressenza.com\/wp-content\/uploads\/2019\/05\/bambini-profughi.jpg\",\"datePublished\":\"2019-05-22T21:00:42+00:00\",\"dateModified\":\"2019-05-22T21:01:38+00:00\",\"description\":\"I sorrisi dei bambini sono i protagonisti di questa mostra. Gli scatti dei fotografi, anche se realizzati in contesti tristi, di povert\u00e0 e disagio, restituiscono l'entusiasmo dei nostri bambini e delle comunit\u00e0 con cuilavoriamo\",\"breadcrumb\":{\"@id\":\"https:\/\/www.pressenza.com\/it\/2019\/05\/libano-garantiamo-la-scuola-guadagnamo-sorrisi-mostra-fotografica-a-milano\/#breadcrumb\"},\"inLanguage\":\"it-IT\",\"potentialAction\":[{\"@type\":\"ReadAction\",\"target\":[\"https:\/\/www.pressenza.com\/it\/2019\/05\/libano-garantiamo-la-scuola-guadagnamo-sorrisi-mostra-fotografica-a-milano\/\"]}]},{\"@type\":\"ImageObject\",\"inLanguage\":\"it-IT\",\"@id\":\"https:\/\/www.pressenza.com\/it\/2019\/05\/libano-garantiamo-la-scuola-guadagnamo-sorrisi-mostra-fotografica-a-milano\/#primaryimage\",\"url\":\"https:\/\/www.pressenza.com\/wp-content\/uploads\/2019\/05\/bambini-profughi.jpg\",\"contentUrl\":\"https:\/\/www.pressenza.com\/wp-content\/uploads\/2019\/05\/bambini-profughi.jpg\",\"width\":756,\"height\":503},{\"@type\":\"BreadcrumbList\",\"@id\":\"https:\/\/www.pressenza.com\/it\/2019\/05\/libano-garantiamo-la-scuola-guadagnamo-sorrisi-mostra-fotografica-a-milano\/#breadcrumb\",\"itemListElement\":[{\"@type\":\"ListItem\",\"position\":1,\"name\":\"Accueil\",\"item\":\"https:\/\/www.pressenza.com\/it\/\"},{\"@type\":\"ListItem\",\"position\":2,\"name\":\"Libano: garantiamo la scuola, guadagnamo sorrisi, mostra fotografica a Milano\"}]},{\"@type\":\"WebSite\",\"@id\":\"https:\/\/www.pressenza.com\/it\/#website\",\"url\":\"https:\/\/www.pressenza.com\/it\/\",\"name\":\"Pressenza\",\"description\":\"Agenzia di Stampa Internazionale\",\"publisher\":{\"@id\":\"https:\/\/www.pressenza.com\/it\/#organization\"},\"potentialAction\":[{\"@type\":\"SearchAction\",\"target\":{\"@type\":\"EntryPoint\",\"urlTemplate\":\"https:\/\/www.pressenza.com\/it\/?s={search_term_string}\"},\"query-input\":{\"@type\":\"PropertyValueSpecification\",\"valueRequired\":true,\"valueName\":\"search_term_string\"}}],\"inLanguage\":\"it-IT\"},{\"@type\":\"Organization\",\"@id\":\"https:\/\/www.pressenza.com\/it\/#organization\",\"name\":\"Pressenza\",\"url\":\"https:\/\/www.pressenza.com\/it\/\",\"logo\":{\"@type\":\"ImageObject\",\"inLanguage\":\"it-IT\",\"@id\":\"https:\/\/www.pressenza.com\/it\/#\/schema\/logo\/image\/\",\"url\":\"https:\/\/www.pressenza.com\/wp-content\/uploads\/2022\/10\/pressenza_logo_200x200.jpg\",\"contentUrl\":\"https:\/\/www.pressenza.com\/wp-content\/uploads\/2022\/10\/pressenza_logo_200x200.jpg\",\"width\":200,\"height\":200,\"caption\":\"Pressenza\"},\"image\":{\"@id\":\"https:\/\/www.pressenza.com\/it\/#\/schema\/logo\/image\/\"},\"sameAs\":[\"https:\/\/www.facebook.com\/PressenzaItalia\",\"https:\/\/x.com\/PressenzaIPA\"]},{\"@type\":\"Person\",\"@id\":\"https:\/\/www.pressenza.com\/it\/#\/schema\/person\/bb13dad7d75de3f57ef0c4246101316b\",\"name\":\"Agenzia DIRE\",\"description\":\"La DIRE \u00e8 una delle principali agenzie di stampa nazionali, trasmette sui propri notiziari multimediali tutte le notizie dell'ultimo minuto, approfondimenti, interviste, newsletter tematiche. Specializzata in politiche parlamentari e di governo, oltre che esteri, sanit\u00e0, ambiente, welfare, politiche regionali e locali, giovani. Su Dire.it pubblica, ogni giorno, tutte le principali notizie. E' presente su tutto il territorio nazionale con sei sedi, cinquanta giornalisti e corrispondenti da tutte le regioni.\",\"sameAs\":[\"http:\/\/www.dire.it\/\"],\"url\":\"https:\/\/www.pressenza.com\/it\/author\/agenzia-dire\/\"}]}<\/script>\n<!-- \/ Yoast SEO plugin. -->","yoast_head_json":{"title":"Libano: garantiamo la scuola, guadagnamo sorrisi, mostra fotografica a Milano","description":"I sorrisi dei bambini sono i protagonisti di questa mostra. Gli scatti dei fotografi, anche se realizzati in contesti tristi, di povert\u00e0 e disagio, restituiscono l'entusiasmo dei nostri bambini e delle comunit\u00e0 con cuilavoriamo","robots":{"index":"index","follow":"follow","max-snippet":"max-snippet:-1","max-image-preview":"max-image-preview:large","max-video-preview":"max-video-preview:-1"},"canonical":"https:\/\/www.pressenza.com\/it\/2019\/05\/libano-garantiamo-la-scuola-guadagnamo-sorrisi-mostra-fotografica-a-milano\/","og_locale":"it_IT","og_type":"article","og_title":"Libano: garantiamo la scuola, guadagnamo sorrisi, mostra fotografica a Milano","og_description":"I sorrisi dei bambini sono i protagonisti di questa mostra. Gli scatti dei fotografi, anche se realizzati in contesti tristi, di povert\u00e0 e disagio, restituiscono l'entusiasmo dei nostri bambini e delle comunit\u00e0 con cuilavoriamo","og_url":"https:\/\/www.pressenza.com\/it\/2019\/05\/libano-garantiamo-la-scuola-guadagnamo-sorrisi-mostra-fotografica-a-milano\/","og_site_name":"Pressenza","article_publisher":"https:\/\/www.facebook.com\/PressenzaItalia","article_published_time":"2019-05-22T21:00:42+00:00","article_modified_time":"2019-05-22T21:01:38+00:00","og_image":[{"width":756,"height":503,"url":"https:\/\/www.pressenza.com\/wp-content\/uploads\/2019\/05\/bambini-profughi.jpg","type":"image\/jpeg"}],"author":"Agenzia DIRE","twitter_card":"summary_large_image","twitter_creator":"@PressenzaIPA","twitter_site":"@PressenzaIPA","twitter_misc":{"Scritto da":"Agenzia DIRE","Tempo di lettura stimato":"3 minuti"},"schema":{"@context":"https:\/\/schema.org","@graph":[{"@type":"Article","@id":"https:\/\/www.pressenza.com\/it\/2019\/05\/libano-garantiamo-la-scuola-guadagnamo-sorrisi-mostra-fotografica-a-milano\/#article","isPartOf":{"@id":"https:\/\/www.pressenza.com\/it\/2019\/05\/libano-garantiamo-la-scuola-guadagnamo-sorrisi-mostra-fotografica-a-milano\/"},"author":{"name":"Agenzia DIRE","@id":"https:\/\/www.pressenza.com\/it\/#\/schema\/person\/bb13dad7d75de3f57ef0c4246101316b"},"headline":"Libano: garantiamo la scuola, guadagnamo sorrisi, mostra fotografica a Milano","datePublished":"2019-05-22T21:00:42+00:00","dateModified":"2019-05-22T21:01:38+00:00","mainEntityOfPage":{"@id":"https:\/\/www.pressenza.com\/it\/2019\/05\/libano-garantiamo-la-scuola-guadagnamo-sorrisi-mostra-fotografica-a-milano\/"},"wordCount":647,"publisher":{"@id":"https:\/\/www.pressenza.com\/it\/#organization"},"image":{"@id":"https:\/\/www.pressenza.com\/it\/2019\/05\/libano-garantiamo-la-scuola-guadagnamo-sorrisi-mostra-fotografica-a-milano\/#primaryimage"},"thumbnailUrl":"https:\/\/www.pressenza.com\/wp-content\/uploads\/2019\/05\/bambini-profughi.jpg","keywords":["Giordania","Libano","Mostra fotografica","scuola","Siria"],"articleSection":["Diritti Umani","Medio Oriente","non categorizzato"],"inLanguage":"it-IT"},{"@type":"WebPage","@id":"https:\/\/www.pressenza.com\/it\/2019\/05\/libano-garantiamo-la-scuola-guadagnamo-sorrisi-mostra-fotografica-a-milano\/","url":"https:\/\/www.pressenza.com\/it\/2019\/05\/libano-garantiamo-la-scuola-guadagnamo-sorrisi-mostra-fotografica-a-milano\/","name":"Libano: garantiamo la scuola, guadagnamo sorrisi, mostra fotografica a Milano","isPartOf":{"@id":"https:\/\/www.pressenza.com\/it\/#website"},"primaryImageOfPage":{"@id":"https:\/\/www.pressenza.com\/it\/2019\/05\/libano-garantiamo-la-scuola-guadagnamo-sorrisi-mostra-fotografica-a-milano\/#primaryimage"},"image":{"@id":"https:\/\/www.pressenza.com\/it\/2019\/05\/libano-garantiamo-la-scuola-guadagnamo-sorrisi-mostra-fotografica-a-milano\/#primaryimage"},"thumbnailUrl":"https:\/\/www.pressenza.com\/wp-content\/uploads\/2019\/05\/bambini-profughi.jpg","datePublished":"2019-05-22T21:00:42+00:00","dateModified":"2019-05-22T21:01:38+00:00","description":"I sorrisi dei bambini sono i protagonisti di questa mostra. Gli scatti dei fotografi, anche se realizzati in contesti tristi, di povert\u00e0 e disagio, restituiscono l'entusiasmo dei nostri bambini e delle comunit\u00e0 con cuilavoriamo","breadcrumb":{"@id":"https:\/\/www.pressenza.com\/it\/2019\/05\/libano-garantiamo-la-scuola-guadagnamo-sorrisi-mostra-fotografica-a-milano\/#breadcrumb"},"inLanguage":"it-IT","potentialAction":[{"@type":"ReadAction","target":["https:\/\/www.pressenza.com\/it\/2019\/05\/libano-garantiamo-la-scuola-guadagnamo-sorrisi-mostra-fotografica-a-milano\/"]}]},{"@type":"ImageObject","inLanguage":"it-IT","@id":"https:\/\/www.pressenza.com\/it\/2019\/05\/libano-garantiamo-la-scuola-guadagnamo-sorrisi-mostra-fotografica-a-milano\/#primaryimage","url":"https:\/\/www.pressenza.com\/wp-content\/uploads\/2019\/05\/bambini-profughi.jpg","contentUrl":"https:\/\/www.pressenza.com\/wp-content\/uploads\/2019\/05\/bambini-profughi.jpg","width":756,"height":503},{"@type":"BreadcrumbList","@id":"https:\/\/www.pressenza.com\/it\/2019\/05\/libano-garantiamo-la-scuola-guadagnamo-sorrisi-mostra-fotografica-a-milano\/#breadcrumb","itemListElement":[{"@type":"ListItem","position":1,"name":"Accueil","item":"https:\/\/www.pressenza.com\/it\/"},{"@type":"ListItem","position":2,"name":"Libano: garantiamo la scuola, guadagnamo sorrisi, mostra fotografica a Milano"}]},{"@type":"WebSite","@id":"https:\/\/www.pressenza.com\/it\/#website","url":"https:\/\/www.pressenza.com\/it\/","name":"Pressenza","description":"Agenzia di Stampa Internazionale","publisher":{"@id":"https:\/\/www.pressenza.com\/it\/#organization"},"potentialAction":[{"@type":"SearchAction","target":{"@type":"EntryPoint","urlTemplate":"https:\/\/www.pressenza.com\/it\/?s={search_term_string}"},"query-input":{"@type":"PropertyValueSpecification","valueRequired":true,"valueName":"search_term_string"}}],"inLanguage":"it-IT"},{"@type":"Organization","@id":"https:\/\/www.pressenza.com\/it\/#organization","name":"Pressenza","url":"https:\/\/www.pressenza.com\/it\/","logo":{"@type":"ImageObject","inLanguage":"it-IT","@id":"https:\/\/www.pressenza.com\/it\/#\/schema\/logo\/image\/","url":"https:\/\/www.pressenza.com\/wp-content\/uploads\/2022\/10\/pressenza_logo_200x200.jpg","contentUrl":"https:\/\/www.pressenza.com\/wp-content\/uploads\/2022\/10\/pressenza_logo_200x200.jpg","width":200,"height":200,"caption":"Pressenza"},"image":{"@id":"https:\/\/www.pressenza.com\/it\/#\/schema\/logo\/image\/"},"sameAs":["https:\/\/www.facebook.com\/PressenzaItalia","https:\/\/x.com\/PressenzaIPA"]},{"@type":"Person","@id":"https:\/\/www.pressenza.com\/it\/#\/schema\/person\/bb13dad7d75de3f57ef0c4246101316b","name":"Agenzia DIRE","description":"La DIRE \u00e8 una delle principali agenzie di stampa nazionali, trasmette sui propri notiziari multimediali tutte le notizie dell'ultimo minuto, approfondimenti, interviste, newsletter tematiche. Specializzata in politiche parlamentari e di governo, oltre che esteri, sanit\u00e0, ambiente, welfare, politiche regionali e locali, giovani. Su Dire.it pubblica, ogni giorno, tutte le principali notizie. E' presente su tutto il territorio nazionale con sei sedi, cinquanta giornalisti e corrispondenti da tutte le regioni.","sameAs":["http:\/\/www.dire.it\/"],"url":"https:\/\/www.pressenza.com\/it\/author\/agenzia-dire\/"}]}},"place":"","original_article_url":"","_links":{"self":[{"href":"https:\/\/www.pressenza.com\/it\/wp-json\/wp\/v2\/posts\/859034","targetHints":{"allow":["GET"]}}],"collection":[{"href":"https:\/\/www.pressenza.com\/it\/wp-json\/wp\/v2\/posts"}],"about":[{"href":"https:\/\/www.pressenza.com\/it\/wp-json\/wp\/v2\/types\/post"}],"author":[{"embeddable":true,"href":"https:\/\/www.pressenza.com\/it\/wp-json\/wp\/v2\/users\/1478"}],"replies":[{"embeddable":true,"href":"https:\/\/www.pressenza.com\/it\/wp-json\/wp\/v2\/comments?post=859034"}],"version-history":[{"count":0,"href":"https:\/\/www.pressenza.com\/it\/wp-json\/wp\/v2\/posts\/859034\/revisions"}],"wp:featuredmedia":[{"embeddable":true,"href":"https:\/\/www.pressenza.com\/it\/wp-json\/wp\/v2\/media\/859057"}],"wp:attachment":[{"href":"https:\/\/www.pressenza.com\/it\/wp-json\/wp\/v2\/media?parent=859034"}],"wp:term":[{"taxonomy":"category","embeddable":true,"href":"https:\/\/www.pressenza.com\/it\/wp-json\/wp\/v2\/categories?post=859034"},{"taxonomy":"post_tag","embeddable":true,"href":"https:\/\/www.pressenza.com\/it\/wp-json\/wp\/v2\/tags?post=859034"}],"curies":[{"name":"wp","href":"https:\/\/api.w.org\/{rel}","templated":true}]}}