{"id":852390,"date":"2019-05-06T12:46:29","date_gmt":"2019-05-06T11:46:29","guid":{"rendered":"https:\/\/www.pressenza.com\/?p=852390"},"modified":"2019-05-06T12:46:29","modified_gmt":"2019-05-06T11:46:29","slug":"sovranismo-ed-europeismo-alla-prova-del-clima","status":"publish","type":"post","link":"https:\/\/www.pressenza.com\/it\/2019\/05\/sovranismo-ed-europeismo-alla-prova-del-clima\/","title":{"rendered":"Sovranismo ed europeismo alla prova del clima"},"content":{"rendered":"<p>Il sovranismo (che si esprime soprattutto nel respingere profughi e migranti, perch\u00e9 sul resto, euro, fiscal compact e simili, le posizioni sono diverse o ondivaghe) si accompagna quasi ovunque al negazionismo nei confronti dei cambiamenti climatici. In Europa Salvini, Orban e Afd sono gli esponenti pi\u00f9 espliciti di questo abbinamento, che accomuna comunque tutte le destre. Livore e ignoranza di queste posizioni &#8211; che toccano il culmine nel dileggio, spesso volgare, di Greta Thunberg e di chi le d\u00e0 credito &#8211; si vedono bene su stampa, media e social fiancheggiatori di quelle forze. Viceversa, europeismo (a oltranza) in campo economico e riconoscimento (a parole) degli accordi di Parigi sul clima accomunano apparentemente i partiti europei di centro e sinistra. Ma non \u00e8 cos\u00ec.<\/p>\n<p>Respingimento ed emarginazione dei migranti sono in realt\u00e0 promossi dalla Commissione Europea e dalle forze di centrosinistra che la esprimono, che a Salvini, Orban e Afd lasciano solo il compito di assumersene vanto e responsabilit\u00e0 per nascondere quella di tutta l\u2019Unione, di fatto accodata al loro oltranzismo.<\/p>\n<p>Quanto al clima, il quadro \u00e8 lo stesso. Agli uni il compito di trattarlo da bufala (una tempesta di neve in pieno maggio che riscaldamento \u00e8 mai?), ma i primi a non rispettare gli impegni di Parigi sono i partiti di centro sinistra (e in Italia, i 5stelle). A dettare le politiche in questo campo sono i negazionisti: guai a misure che danneggiano il business petrolifero o quelli correlati (cio\u00e8 quasi tutti)! Fatto sta che i partiti di centro sinistra \u2013 e anche quelli di sinistra \u2013 non sanno assolutamente come affrontare le trasformazioni economiche e sociali che la transizione energetica comporta. Non ci hanno mai pensato perch\u00e9 non ci hanno mai veramente creduto: prova di un\u2019irresponsabilit\u00e0 abissale, ma anche dell\u2019ignoranza di tutto l\u2019establishment europeo e mondiale, che ha cercato, in modo per loro controproducente, di mascherare la propria inerzia con gli inviti a Greta. Facile, sotto elezioni e dopo il climate strike mondiale, dire che bisogna decarbonizzare tutto e investire nelle rinnovabili. Poi non si ha nemmeno il coraggio di bloccare il Tav, per non parlare del Tap, che dovrebbe inondarci di gas\u2026<\/p>\n<p>Cos\u00ec, quale che sia la composizione del prossimo Parlamento Europeo, la manfrina continuer\u00e0 per (alcuni) anni, fino a che non sbatter\u00e0 contro la realt\u00e0 incontestabile che tutto ci\u00f2 che quei signori hanno fatto finora non ha niente a che fare con le cose da fare.<\/p>\n<p>Proviamo a delineare quello scenario. \u201cFortezza Europa\u201d verr\u00e0 consolidata per \u201cdifenderci\u201d dai migranti, confermando le previsioni del Pentagono, che gi\u00e0 quindici anni fa aveva indicato questo esito per le (fu) cittadelle del benessere: USA, Europa e Giappone. Ma la foto di Salvini e Orban su una torretta circondata dal filo spinato dovrebbe dirci qualcosa sul futuro di questa scelta. L\u2019Europa si trasformer\u00e0 in un campo di concentramento per chi si trova al suo interno (le fortezze sono questo) e in un campo di battaglia per chi ne \u00e8 fuori e non riesce pi\u00f9 a entrare. Ma il deterioramento del clima andr\u00e0 avanti, e a passi da gigante. Agli eventi estremi sul suolo europeo si far\u00e0 fronte con lo stato di eccezione, cio\u00e8 la sospensione di tutti i diritti, unica risposta che quella scelta contempli. Mentre gli eventi estremi al di l\u00e0 della frontiera europea provocheranno migrazioni di milioni di persone costrette a contendersi risorse sempre pi\u00f9 limitate.<\/p>\n<p>Sappiamo che cosa comportino situazioni del genere in stati dittatoriali o in territori in preda al caos: guerre di tutti contro tutti e moltiplicazione del terrorismo. Situazioni in cui sar\u00e0 comunque sempre pi\u00f9 difficile fare affari anche per i cittadini europei. La logica della fortezza assediata \u00e8 quella: se \u00e8 difficile entrarvi, \u00e8 anche sempre pi\u00f9 difficile uscirne e anche estrarre e \u201cportare a casa\u201d le risorse di cui si nutre l\u2019economia europea. Poi, in Europa ci sono 40 milioni di residenti, in parte \u201cnaturalizzati\u201d, in parte \u201cospiti\u201d, in parte emarginati che espellere \u00e8 sempre pi\u00f9 difficile, che hanno un loro riferimento nelle popolazioni escluse e che saranno indotti a trasferire quei conflitti in terra europea. Per alcuni di loro vorr\u00e0 dire fare stragi che offriranno nuove occasioni per irrigidire lo stato di eccezione. E\u2019 questo che vogliamo?<\/p>\n<p>Se il quadro verso cui marciano compatte le destre di tutto il mondo (Trump in testa) \u00e8 questo, indicazioni diverse da parte delle forze che non vorrebbero un esito del genere non ci sono: n\u00e9 in campo climatico, n\u00e9 in campo politico e sociale. Consce o meno che ne siano, sono tutte a rimorchio del traino sovranista e negazionista, e lo si vede gi\u00e0 oggi. Perch\u00e9 l\u2019alternativa \u00e8 radicale e quelle forze non sono attrezzate per perseguirla e neanche per capirla. Solo i movimenti costituitisi con il \u201crisveglio\u201d invocato da Greta hanno colto nel segno, ma di qui a farsi trovare preparati nel momento in cui deterioramento del clima e avanzata di questo fascismo del Ventunesimo secolo avranno fatto capire che bisogna correre ai ripari, il passo \u00e8 lungo e percorrerlo non sar\u00e0 facile.<\/p>\n<p>Di una cosa siamo per\u00f2 certi: quel momento arriver\u00e0 presto. Getter\u00e0 nel panico molti politici, ma soprattutto una popolazione che si scoprir\u00e0 senza alcun punto di riferimento. \u00a0A meno di riconoscere subito che al centro di tutto c\u2019\u00e8 proprio il clima; che tutti gli obiettivi di una politica sana &#8211; occupazione, reddito, cibo, salute, istruzione, casa, vivibilit\u00e0, accoglienza dei migranti &#8211; dipendono dalla lotta contro il riscaldamento climatico, che va dunque trattato come questione prioritaria e inderogabile.<\/p>\n<p>Molte amministrazioni locali e alcuni parlamenti hanno dichiarato l\u2019emergenza climatica, senza per\u00f2 prendere per ora misure concrete che possano essere di esempio e di traino per il resto del mondo. E\u2019 la strada giusta anche per noi. A ogni collettivo, associazione, movimento o lotta, spetta il compito di individuare &#8211; nel contesto di un\u2019azienda, una scuola, un dipartimento, un quartiere, una citt\u00e0 &#8211; i nessi che collegano le misure concrete in cui va articolata la lotta per il clima alla formulazione di politiche generali che non inseguano pi\u00f9 \u201ccrescita\u201d e consumo, ma una convivenza diversa, entro cui ripartire tra tutti oneri e benefici di una svolta radicale ma irrinunciabile.<\/p>\n","protected":false},"excerpt":{"rendered":"<p>Il sovranismo (che si esprime soprattutto nel respingere profughi e migranti, perch\u00e9 sul resto, euro, fiscal compact e simili, le posizioni sono diverse o ondivaghe) si accompagna quasi ovunque al negazionismo nei confronti dei cambiamenti climatici. In Europa Salvini, Orban&hellip;<\/p>\n","protected":false},"author":1616,"featured_media":852392,"comment_status":"closed","ping_status":"closed","sticky":false,"template":"","format":"standard","meta":{"footnotes":""},"categories":[11388,59,47,162,55],"tags":[7908,58451,17082,54158,2636,50823,41758],"class_list":["post-852390","post","type-post","status-publish","format-standard","has-post-thumbnail","hentry","category-contenuti-originali","category-ambiente-ecologia","category-europa","category-opinioni","category-politica","tag-clima","tag-europeismo","tag-fortezza-europa","tag-greta-thunberg-it","tag-migranti","tag-sovranismo","tag-transizione-energetica"],"yoast_head":"<!-- This site is optimized with the Yoast SEO plugin v27.1.1 - https:\/\/yoast.com\/product\/yoast-seo-wordpress\/ -->\n<title>Sovranismo ed europeismo alla prova del clima<\/title>\n<meta name=\"description\" content=\"Il sovranismo (che si esprime soprattutto nel respingere profughi e migranti, perch\u00e9 sul resto, euro, fiscal compact e simili, le posizioni sono diverse o\" \/>\n<meta name=\"robots\" content=\"index, follow, max-snippet:-1, max-image-preview:large, max-video-preview:-1\" \/>\n<link rel=\"canonical\" href=\"https:\/\/www.pressenza.com\/it\/2019\/05\/sovranismo-ed-europeismo-alla-prova-del-clima\/\" \/>\n<meta property=\"og:locale\" content=\"it_IT\" \/>\n<meta property=\"og:type\" content=\"article\" \/>\n<meta property=\"og:title\" content=\"Sovranismo ed europeismo alla prova del clima\" \/>\n<meta property=\"og:description\" content=\"Il sovranismo (che si esprime soprattutto nel respingere profughi e migranti, perch\u00e9 sul resto, euro, fiscal compact e simili, le posizioni sono diverse o\" \/>\n<meta property=\"og:url\" content=\"https:\/\/www.pressenza.com\/it\/2019\/05\/sovranismo-ed-europeismo-alla-prova-del-clima\/\" \/>\n<meta property=\"og:site_name\" content=\"Pressenza\" \/>\n<meta property=\"article:publisher\" content=\"https:\/\/www.facebook.com\/PressenzaItalia\" \/>\n<meta property=\"article:published_time\" content=\"2019-05-06T11:46:29+00:00\" \/>\n<meta property=\"og:image\" content=\"https:\/\/www.pressenza.com\/wp-content\/uploads\/2019\/05\/cartelli-bambini.jpg\" \/>\n\t<meta property=\"og:image:width\" content=\"2048\" \/>\n\t<meta property=\"og:image:height\" content=\"1152\" \/>\n\t<meta property=\"og:image:type\" content=\"image\/jpeg\" \/>\n<meta name=\"author\" content=\"Guido Viale\" \/>\n<meta name=\"twitter:card\" content=\"summary_large_image\" \/>\n<meta name=\"twitter:creator\" content=\"@PressenzaIPA\" \/>\n<meta name=\"twitter:site\" content=\"@PressenzaIPA\" \/>\n<meta name=\"twitter:label1\" content=\"Scritto da\" \/>\n\t<meta name=\"twitter:data1\" content=\"Guido Viale\" \/>\n\t<meta name=\"twitter:label2\" content=\"Tempo di lettura stimato\" \/>\n\t<meta name=\"twitter:data2\" content=\"5 minuti\" \/>\n<script type=\"application\/ld+json\" class=\"yoast-schema-graph\">{\"@context\":\"https:\/\/schema.org\",\"@graph\":[{\"@type\":\"Article\",\"@id\":\"https:\/\/www.pressenza.com\/it\/2019\/05\/sovranismo-ed-europeismo-alla-prova-del-clima\/#article\",\"isPartOf\":{\"@id\":\"https:\/\/www.pressenza.com\/it\/2019\/05\/sovranismo-ed-europeismo-alla-prova-del-clima\/\"},\"author\":{\"name\":\"Guido Viale\",\"@id\":\"https:\/\/www.pressenza.com\/it\/#\/schema\/person\/7e30fb1d68799cd117e655ba05ad06ef\"},\"headline\":\"Sovranismo ed europeismo alla prova del clima\",\"datePublished\":\"2019-05-06T11:46:29+00:00\",\"mainEntityOfPage\":{\"@id\":\"https:\/\/www.pressenza.com\/it\/2019\/05\/sovranismo-ed-europeismo-alla-prova-del-clima\/\"},\"wordCount\":1016,\"publisher\":{\"@id\":\"https:\/\/www.pressenza.com\/it\/#organization\"},\"image\":{\"@id\":\"https:\/\/www.pressenza.com\/it\/2019\/05\/sovranismo-ed-europeismo-alla-prova-del-clima\/#primaryimage\"},\"thumbnailUrl\":\"https:\/\/www.pressenza.com\/wp-content\/uploads\/2019\/05\/cartelli-bambini.jpg\",\"keywords\":[\"clima\",\"europeismo\",\"Fortezza Europa\",\"Greta Thunberg\",\"migranti\",\"sovranismo\",\"transizione energetica\"],\"articleSection\":[\"contenuti originali\",\"Ecologia ed Ambiente\",\"Europa\",\"Opinioni\",\"Politica\"],\"inLanguage\":\"it-IT\"},{\"@type\":\"WebPage\",\"@id\":\"https:\/\/www.pressenza.com\/it\/2019\/05\/sovranismo-ed-europeismo-alla-prova-del-clima\/\",\"url\":\"https:\/\/www.pressenza.com\/it\/2019\/05\/sovranismo-ed-europeismo-alla-prova-del-clima\/\",\"name\":\"Sovranismo ed europeismo alla prova del clima\",\"isPartOf\":{\"@id\":\"https:\/\/www.pressenza.com\/it\/#website\"},\"primaryImageOfPage\":{\"@id\":\"https:\/\/www.pressenza.com\/it\/2019\/05\/sovranismo-ed-europeismo-alla-prova-del-clima\/#primaryimage\"},\"image\":{\"@id\":\"https:\/\/www.pressenza.com\/it\/2019\/05\/sovranismo-ed-europeismo-alla-prova-del-clima\/#primaryimage\"},\"thumbnailUrl\":\"https:\/\/www.pressenza.com\/wp-content\/uploads\/2019\/05\/cartelli-bambini.jpg\",\"datePublished\":\"2019-05-06T11:46:29+00:00\",\"description\":\"Il sovranismo (che si esprime soprattutto nel respingere profughi e migranti, perch\u00e9 sul resto, euro, fiscal compact e simili, le posizioni sono diverse o\",\"breadcrumb\":{\"@id\":\"https:\/\/www.pressenza.com\/it\/2019\/05\/sovranismo-ed-europeismo-alla-prova-del-clima\/#breadcrumb\"},\"inLanguage\":\"it-IT\",\"potentialAction\":[{\"@type\":\"ReadAction\",\"target\":[\"https:\/\/www.pressenza.com\/it\/2019\/05\/sovranismo-ed-europeismo-alla-prova-del-clima\/\"]}]},{\"@type\":\"ImageObject\",\"inLanguage\":\"it-IT\",\"@id\":\"https:\/\/www.pressenza.com\/it\/2019\/05\/sovranismo-ed-europeismo-alla-prova-del-clima\/#primaryimage\",\"url\":\"https:\/\/www.pressenza.com\/wp-content\/uploads\/2019\/05\/cartelli-bambini.jpg\",\"contentUrl\":\"https:\/\/www.pressenza.com\/wp-content\/uploads\/2019\/05\/cartelli-bambini.jpg\",\"width\":2048,\"height\":1152,\"caption\":\"Sovranismo ed europeismo alla prova del clima\"},{\"@type\":\"BreadcrumbList\",\"@id\":\"https:\/\/www.pressenza.com\/it\/2019\/05\/sovranismo-ed-europeismo-alla-prova-del-clima\/#breadcrumb\",\"itemListElement\":[{\"@type\":\"ListItem\",\"position\":1,\"name\":\"Accueil\",\"item\":\"https:\/\/www.pressenza.com\/it\/\"},{\"@type\":\"ListItem\",\"position\":2,\"name\":\"Sovranismo ed europeismo alla prova del clima\"}]},{\"@type\":\"WebSite\",\"@id\":\"https:\/\/www.pressenza.com\/it\/#website\",\"url\":\"https:\/\/www.pressenza.com\/it\/\",\"name\":\"Pressenza\",\"description\":\"Agenzia di Stampa Internazionale\",\"publisher\":{\"@id\":\"https:\/\/www.pressenza.com\/it\/#organization\"},\"potentialAction\":[{\"@type\":\"SearchAction\",\"target\":{\"@type\":\"EntryPoint\",\"urlTemplate\":\"https:\/\/www.pressenza.com\/it\/?s={search_term_string}\"},\"query-input\":{\"@type\":\"PropertyValueSpecification\",\"valueRequired\":true,\"valueName\":\"search_term_string\"}}],\"inLanguage\":\"it-IT\"},{\"@type\":\"Organization\",\"@id\":\"https:\/\/www.pressenza.com\/it\/#organization\",\"name\":\"Pressenza\",\"url\":\"https:\/\/www.pressenza.com\/it\/\",\"logo\":{\"@type\":\"ImageObject\",\"inLanguage\":\"it-IT\",\"@id\":\"https:\/\/www.pressenza.com\/it\/#\/schema\/logo\/image\/\",\"url\":\"https:\/\/www.pressenza.com\/wp-content\/uploads\/2022\/10\/pressenza_logo_200x200.jpg\",\"contentUrl\":\"https:\/\/www.pressenza.com\/wp-content\/uploads\/2022\/10\/pressenza_logo_200x200.jpg\",\"width\":200,\"height\":200,\"caption\":\"Pressenza\"},\"image\":{\"@id\":\"https:\/\/www.pressenza.com\/it\/#\/schema\/logo\/image\/\"},\"sameAs\":[\"https:\/\/www.facebook.com\/PressenzaItalia\",\"https:\/\/x.com\/PressenzaIPA\"]},{\"@type\":\"Person\",\"@id\":\"https:\/\/www.pressenza.com\/it\/#\/schema\/person\/7e30fb1d68799cd117e655ba05ad06ef\",\"name\":\"Guido Viale\",\"description\":\"Guido Viale was born in Tokyo in 1943 and lives in Milan. He participated in the student movement of 1968 in Turin and was a member of the Lotta Continua group until 1976. He graduated in philosophy at the University of Turin. He worked as a teacher, preceptor, translator, journalist, researcher and consultant. He has carried out studies and economic research with various companies and worked on cooperation projects in Asia, Africa, Middle East and Latin America. He has been a member of the technical and scientific committee of the Italian Agency for Environmental Protection. Among his publications: A Disposable World, Everybody in Taxi, At Home, Government of Garbage, Life and Death of the Car, Virtues that Change the World. With Editions NdA Press of Rimini he published: Evidence of a different world, Ecological conversion, Europe can be reinvented together with refugees and migrants. With Interno4 Editiors he published in 2017, Slessico Familiare, Words worn out - open perspectives, a repertoire for the times to come. In Interno4 Editions he also published in 2018 an updated edition of his important book on the 1968 protest movement.\",\"sameAs\":[\"https:\/\/www.guidoviale.it\/\"],\"url\":\"https:\/\/www.pressenza.com\/it\/author\/guido-viale\/\"}]}<\/script>\n<!-- \/ Yoast SEO plugin. -->","yoast_head_json":{"title":"Sovranismo ed europeismo alla prova del clima","description":"Il sovranismo (che si esprime soprattutto nel respingere profughi e migranti, perch\u00e9 sul resto, euro, fiscal compact e simili, le posizioni sono diverse o","robots":{"index":"index","follow":"follow","max-snippet":"max-snippet:-1","max-image-preview":"max-image-preview:large","max-video-preview":"max-video-preview:-1"},"canonical":"https:\/\/www.pressenza.com\/it\/2019\/05\/sovranismo-ed-europeismo-alla-prova-del-clima\/","og_locale":"it_IT","og_type":"article","og_title":"Sovranismo ed europeismo alla prova del clima","og_description":"Il sovranismo (che si esprime soprattutto nel respingere profughi e migranti, perch\u00e9 sul resto, euro, fiscal compact e simili, le posizioni sono diverse o","og_url":"https:\/\/www.pressenza.com\/it\/2019\/05\/sovranismo-ed-europeismo-alla-prova-del-clima\/","og_site_name":"Pressenza","article_publisher":"https:\/\/www.facebook.com\/PressenzaItalia","article_published_time":"2019-05-06T11:46:29+00:00","og_image":[{"width":2048,"height":1152,"url":"https:\/\/www.pressenza.com\/wp-content\/uploads\/2019\/05\/cartelli-bambini.jpg","type":"image\/jpeg"}],"author":"Guido Viale","twitter_card":"summary_large_image","twitter_creator":"@PressenzaIPA","twitter_site":"@PressenzaIPA","twitter_misc":{"Scritto da":"Guido Viale","Tempo di lettura stimato":"5 minuti"},"schema":{"@context":"https:\/\/schema.org","@graph":[{"@type":"Article","@id":"https:\/\/www.pressenza.com\/it\/2019\/05\/sovranismo-ed-europeismo-alla-prova-del-clima\/#article","isPartOf":{"@id":"https:\/\/www.pressenza.com\/it\/2019\/05\/sovranismo-ed-europeismo-alla-prova-del-clima\/"},"author":{"name":"Guido Viale","@id":"https:\/\/www.pressenza.com\/it\/#\/schema\/person\/7e30fb1d68799cd117e655ba05ad06ef"},"headline":"Sovranismo ed europeismo alla prova del clima","datePublished":"2019-05-06T11:46:29+00:00","mainEntityOfPage":{"@id":"https:\/\/www.pressenza.com\/it\/2019\/05\/sovranismo-ed-europeismo-alla-prova-del-clima\/"},"wordCount":1016,"publisher":{"@id":"https:\/\/www.pressenza.com\/it\/#organization"},"image":{"@id":"https:\/\/www.pressenza.com\/it\/2019\/05\/sovranismo-ed-europeismo-alla-prova-del-clima\/#primaryimage"},"thumbnailUrl":"https:\/\/www.pressenza.com\/wp-content\/uploads\/2019\/05\/cartelli-bambini.jpg","keywords":["clima","europeismo","Fortezza Europa","Greta Thunberg","migranti","sovranismo","transizione energetica"],"articleSection":["contenuti originali","Ecologia ed Ambiente","Europa","Opinioni","Politica"],"inLanguage":"it-IT"},{"@type":"WebPage","@id":"https:\/\/www.pressenza.com\/it\/2019\/05\/sovranismo-ed-europeismo-alla-prova-del-clima\/","url":"https:\/\/www.pressenza.com\/it\/2019\/05\/sovranismo-ed-europeismo-alla-prova-del-clima\/","name":"Sovranismo ed europeismo alla prova del clima","isPartOf":{"@id":"https:\/\/www.pressenza.com\/it\/#website"},"primaryImageOfPage":{"@id":"https:\/\/www.pressenza.com\/it\/2019\/05\/sovranismo-ed-europeismo-alla-prova-del-clima\/#primaryimage"},"image":{"@id":"https:\/\/www.pressenza.com\/it\/2019\/05\/sovranismo-ed-europeismo-alla-prova-del-clima\/#primaryimage"},"thumbnailUrl":"https:\/\/www.pressenza.com\/wp-content\/uploads\/2019\/05\/cartelli-bambini.jpg","datePublished":"2019-05-06T11:46:29+00:00","description":"Il sovranismo (che si esprime soprattutto nel respingere profughi e migranti, perch\u00e9 sul resto, euro, fiscal compact e simili, le posizioni sono diverse o","breadcrumb":{"@id":"https:\/\/www.pressenza.com\/it\/2019\/05\/sovranismo-ed-europeismo-alla-prova-del-clima\/#breadcrumb"},"inLanguage":"it-IT","potentialAction":[{"@type":"ReadAction","target":["https:\/\/www.pressenza.com\/it\/2019\/05\/sovranismo-ed-europeismo-alla-prova-del-clima\/"]}]},{"@type":"ImageObject","inLanguage":"it-IT","@id":"https:\/\/www.pressenza.com\/it\/2019\/05\/sovranismo-ed-europeismo-alla-prova-del-clima\/#primaryimage","url":"https:\/\/www.pressenza.com\/wp-content\/uploads\/2019\/05\/cartelli-bambini.jpg","contentUrl":"https:\/\/www.pressenza.com\/wp-content\/uploads\/2019\/05\/cartelli-bambini.jpg","width":2048,"height":1152,"caption":"Sovranismo ed europeismo alla prova del clima"},{"@type":"BreadcrumbList","@id":"https:\/\/www.pressenza.com\/it\/2019\/05\/sovranismo-ed-europeismo-alla-prova-del-clima\/#breadcrumb","itemListElement":[{"@type":"ListItem","position":1,"name":"Accueil","item":"https:\/\/www.pressenza.com\/it\/"},{"@type":"ListItem","position":2,"name":"Sovranismo ed europeismo alla prova del clima"}]},{"@type":"WebSite","@id":"https:\/\/www.pressenza.com\/it\/#website","url":"https:\/\/www.pressenza.com\/it\/","name":"Pressenza","description":"Agenzia di Stampa Internazionale","publisher":{"@id":"https:\/\/www.pressenza.com\/it\/#organization"},"potentialAction":[{"@type":"SearchAction","target":{"@type":"EntryPoint","urlTemplate":"https:\/\/www.pressenza.com\/it\/?s={search_term_string}"},"query-input":{"@type":"PropertyValueSpecification","valueRequired":true,"valueName":"search_term_string"}}],"inLanguage":"it-IT"},{"@type":"Organization","@id":"https:\/\/www.pressenza.com\/it\/#organization","name":"Pressenza","url":"https:\/\/www.pressenza.com\/it\/","logo":{"@type":"ImageObject","inLanguage":"it-IT","@id":"https:\/\/www.pressenza.com\/it\/#\/schema\/logo\/image\/","url":"https:\/\/www.pressenza.com\/wp-content\/uploads\/2022\/10\/pressenza_logo_200x200.jpg","contentUrl":"https:\/\/www.pressenza.com\/wp-content\/uploads\/2022\/10\/pressenza_logo_200x200.jpg","width":200,"height":200,"caption":"Pressenza"},"image":{"@id":"https:\/\/www.pressenza.com\/it\/#\/schema\/logo\/image\/"},"sameAs":["https:\/\/www.facebook.com\/PressenzaItalia","https:\/\/x.com\/PressenzaIPA"]},{"@type":"Person","@id":"https:\/\/www.pressenza.com\/it\/#\/schema\/person\/7e30fb1d68799cd117e655ba05ad06ef","name":"Guido Viale","description":"Guido Viale was born in Tokyo in 1943 and lives in Milan. He participated in the student movement of 1968 in Turin and was a member of the Lotta Continua group until 1976. He graduated in philosophy at the University of Turin. He worked as a teacher, preceptor, translator, journalist, researcher and consultant. He has carried out studies and economic research with various companies and worked on cooperation projects in Asia, Africa, Middle East and Latin America. He has been a member of the technical and scientific committee of the Italian Agency for Environmental Protection. Among his publications: A Disposable World, Everybody in Taxi, At Home, Government of Garbage, Life and Death of the Car, Virtues that Change the World. With Editions NdA Press of Rimini he published: Evidence of a different world, Ecological conversion, Europe can be reinvented together with refugees and migrants. With Interno4 Editiors he published in 2017, Slessico Familiare, Words worn out - open perspectives, a repertoire for the times to come. In Interno4 Editions he also published in 2018 an updated edition of his important book on the 1968 protest movement.","sameAs":["https:\/\/www.guidoviale.it\/"],"url":"https:\/\/www.pressenza.com\/it\/author\/guido-viale\/"}]}},"place":"","original_article_url":"","_links":{"self":[{"href":"https:\/\/www.pressenza.com\/it\/wp-json\/wp\/v2\/posts\/852390","targetHints":{"allow":["GET"]}}],"collection":[{"href":"https:\/\/www.pressenza.com\/it\/wp-json\/wp\/v2\/posts"}],"about":[{"href":"https:\/\/www.pressenza.com\/it\/wp-json\/wp\/v2\/types\/post"}],"author":[{"embeddable":true,"href":"https:\/\/www.pressenza.com\/it\/wp-json\/wp\/v2\/users\/1616"}],"replies":[{"embeddable":true,"href":"https:\/\/www.pressenza.com\/it\/wp-json\/wp\/v2\/comments?post=852390"}],"version-history":[{"count":0,"href":"https:\/\/www.pressenza.com\/it\/wp-json\/wp\/v2\/posts\/852390\/revisions"}],"wp:featuredmedia":[{"embeddable":true,"href":"https:\/\/www.pressenza.com\/it\/wp-json\/wp\/v2\/media\/852392"}],"wp:attachment":[{"href":"https:\/\/www.pressenza.com\/it\/wp-json\/wp\/v2\/media?parent=852390"}],"wp:term":[{"taxonomy":"category","embeddable":true,"href":"https:\/\/www.pressenza.com\/it\/wp-json\/wp\/v2\/categories?post=852390"},{"taxonomy":"post_tag","embeddable":true,"href":"https:\/\/www.pressenza.com\/it\/wp-json\/wp\/v2\/tags?post=852390"}],"curies":[{"name":"wp","href":"https:\/\/api.w.org\/{rel}","templated":true}]}}