{"id":850750,"date":"2019-05-05T11:28:38","date_gmt":"2019-05-05T10:28:38","guid":{"rendered":"https:\/\/www.pressenza.com\/?p=850750"},"modified":"2019-05-05T17:05:28","modified_gmt":"2019-05-05T16:05:28","slug":"speranza-attiva-portiamo-in-italia-e-pratiche-di-trasformazione-sociale-e-culturale-di-joanna-macy","status":"publish","type":"post","link":"https:\/\/www.pressenza.com\/it\/2019\/05\/speranza-attiva-portiamo-in-italia-e-pratiche-di-trasformazione-sociale-e-culturale-di-joanna-macy\/","title":{"rendered":"Speranza attiva: portiamo in Italia le pratiche di trasformazione sociale  e culturale di Joanna Macy!"},"content":{"rendered":"<p>Succede a volte di incontrare un libro che riteniamo importante, e di volerlo condividere con altri. Chi di noi si occupa di educazione e formazione spesso si imbatte in testi che potrebbero nutrirne il lavoro, e stimolare per s\u00e9 e per gli altri un percorso di crescita e riflessione.<\/p>\n<p>Succede a volte che i libri che ci fanno questo effetto siano scritti in una lingua diversa. Allora viene naturale pensare: bisogna tradurre in italiano questo libro!<\/p>\n<p>E\u2019 quello che ci \u00e8 successo quando abbiamo scoperto la figura di Joanna Macy e il libro <i>Active hope<\/i>. Siamo un gruppo variegato \u2013 una formatrice, un docente e tre studentesse dell\u2019universit\u00e0 \u2013 che ha deciso di intraprendere una strada rischiosa e \u00a0mai percorsa da nessuno di noi: finanziare la traduzione e pubblicazione di <i>Speranza attiva<\/i> \u00a0utilizzando lo strumento del crowdfunding, quindi cercando alcune centinaia di sostenitori disposti a comprare il libro in anticipo, prima ancora che esista!<\/p>\n<p>Joanna \u00e8 una figura notevole. Studiosa delle dinamiche di sistemi complessi, ha intrapreso un percorso spirituale che l\u2019ha portata alla pratica del buddhismo nelle tradizioni del Tibet, dello Sri Lanka e della Thailandia.<\/p>\n<p>\u201cLa speranza attiva \u00e8 risvegliarsi alla bellezza della vita e scoprire di poter agire per prendercene cura\u201d, si pu\u00f2 leggere sul sito dedicato al lavoro di Joanna (<a href=\"http:\/\/www.joannamacy.net\/\">www.joannamacy.net<\/a> ).<\/p>\n<p>Tutti noi viviamo la vita quotidiana immersi in una narrazione: per molti questo significa raccontarsi che tutto va bene, le cose si aggiusteranno come si sono sempre aggiustate, non c\u2019\u00e8 da preoccuparsi \u2013 \u00e8 il mondo del <i>business as usual<\/i>. Un altro gruppo di persone pensa che il mondo sia irrimediabilmente condannato alla rovina: \u00e8 una situazione molto diffusa ad esempio tra i giovanissimi. Infine, un terzo gruppo di persone \u00e8 preoccupato per la crisi planetaria ma intende dare un contributo fattivo a quella che Joanna Macy chiama \u201cla grande svolta\u201d.<\/p>\n<p>Per dare un contributo alla \u201cgrande svolta\u201d verso una civilt\u00e0 umana sostenibile su questo pianeta, per\u00f2 , \u00e8 importante una forma mentis che ci possa allo stesso tempo rendere capaci di agire proteggendoci allo stesso tempo dalla sofferenza che la consapevolezza della crisi pu\u00f2 comportare.<\/p>\n<p>E\u2019 qui il contributo sostanziale della Speranza attiva. Joanna propone l\u2019immagine di una spirale, in un processo di sviluppo che si estende costantemente attraversando volta a volta quattro fasi. Ciascuna fase rappresenta un modo di porci nei confronti del mondo, un\u2019attitudine che possiamo coltivare grazie a una pratica consapevole. \u00a0La studiosa e attivista statunitense indica la radice della speranza attiva nella <i>gratitudine<\/i>: anche nel mezzo di grandi difficolt\u00e0 possiamo (e dobbiamo!) riconoscerci grati a qualcuno o qualcosa. Un buon esercizio per entrare in contatto con la nostra capacit\u00e0 di gratitudine \u00e8 il seguente: pensate a qualcosa di bello che vi \u00e8 successo nelle scorse 24 ore, rendete di nuovo presenti a voi stessi le emozioni e sensazioni che questo evento vi ha suscitato &#8211; \u00a0e ringraziate mentalmente coloro che lo hanno reso possibile!<\/p>\n<p>Gli altri aspetti del lavoro sulla speranza attiva riguardano la capacit\u00e0 di accogliere il dolore per la perdita di vita e bellezza nel mondo; uno sguardo nuovo su noi stessi, il nostro posto nel tempo, nello spazio e all\u2019interno della \u201crete della vita\u201d infine, la capacit\u00e0 di progettare e attuare prossimi passi di cambiamento nel contesto in cui ci troviamo. Lo spazio di questo articolo non ci permette di approfondirli (presto saranno disponibili schede sulla pagina della campagna di crowdfunding ).<\/p>\n<p>Abbiamo incontrato questo libro \u2013 con me un gruppo di giovani attiviste \u00a0&#8211; e abbiamo deciso di metterci in gioco. La campagna per finanziare la traduzione di Active hope durer\u00e0 cento giorni, \u00e8 partita in aprile e terminer\u00e0 il 14 luglio una data evocativa per chi vuole un profonda trasformazione sociale!<\/p>\n<p>Intanto Deborah rim Moiso, attivista per la Transizione, facilitatrice e traduttrice professionista, ha gi\u00e0 iniziato il vero e proprio lavoro di traduzione. Anche questo, se volete, un gesto concreto di #speranzaattiva.<\/p>\n<p>Giovanni Scotto<\/p>\n<p><a href=\"mailto:giovanni.scotto@unifi.it\">giovanni.scotto@unifi.it<\/a><\/p>\n<p>Universit\u00e0 di Firenze<\/p>\n","protected":false},"excerpt":{"rendered":"<p>Succede a volte di incontrare un libro che riteniamo importante, e di volerlo condividere con altri. Chi di noi si occupa di educazione e formazione spesso si imbatte in testi che potrebbero nutrirne il lavoro, e stimolare per s\u00e9 e&hellip;<\/p>\n","protected":false},"author":594,"featured_media":850752,"comment_status":"closed","ping_status":"closed","sticky":false,"template":"","format":"standard","meta":{"footnotes":""},"categories":[11388,1258,1262],"tags":[4499,50448,58419,460,58420],"class_list":["post-850750","post","type-post","status-publish","format-standard","has-post-thumbnail","hentry","category-contenuti-originali","category-educazione","category-nonviolenza-argomento","tag-educazione-2","tag-giovanni-scotto","tag-joanna-macy","tag-nonviolenza","tag-speranza-attiva"],"yoast_head":"<!-- This site is optimized with the Yoast SEO plugin v27.1.1 - https:\/\/yoast.com\/product\/yoast-seo-wordpress\/ -->\n<title>Speranza attiva: portiamo in Italia le pratiche di trasformazione sociale e culturale di Joanna Macy!<\/title>\n<meta name=\"description\" content=\"Succede a volte di incontrare un libro che riteniamo importante, e di volerlo condividere con altri. Chi di noi si occupa di educazione e formazione\" \/>\n<meta name=\"robots\" content=\"index, follow, max-snippet:-1, max-image-preview:large, max-video-preview:-1\" \/>\n<link rel=\"canonical\" href=\"https:\/\/www.pressenza.com\/it\/2019\/05\/speranza-attiva-portiamo-in-italia-e-pratiche-di-trasformazione-sociale-e-culturale-di-joanna-macy\/\" \/>\n<meta property=\"og:locale\" content=\"it_IT\" \/>\n<meta property=\"og:type\" content=\"article\" \/>\n<meta property=\"og:title\" content=\"Speranza attiva: portiamo in Italia le pratiche di trasformazione sociale e culturale di Joanna Macy!\" \/>\n<meta property=\"og:description\" content=\"Succede a volte di incontrare un libro che riteniamo importante, e di volerlo condividere con altri. Chi di noi si occupa di educazione e formazione\" \/>\n<meta property=\"og:url\" content=\"https:\/\/www.pressenza.com\/it\/2019\/05\/speranza-attiva-portiamo-in-italia-e-pratiche-di-trasformazione-sociale-e-culturale-di-joanna-macy\/\" \/>\n<meta property=\"og:site_name\" content=\"Pressenza\" \/>\n<meta property=\"article:publisher\" content=\"https:\/\/www.facebook.com\/PressenzaItalia\" \/>\n<meta property=\"article:author\" content=\"https:\/\/www.facebook.com\/PressenzaItalia\" \/>\n<meta property=\"article:published_time\" content=\"2019-05-05T10:28:38+00:00\" \/>\n<meta property=\"article:modified_time\" content=\"2019-05-05T16:05:28+00:00\" \/>\n<meta property=\"og:image\" content=\"https:\/\/www.pressenza.com\/wp-content\/uploads\/2019\/05\/Joanna_Macy_for-web-wide3paint.jpg\" \/>\n\t<meta property=\"og:image:width\" content=\"2048\" \/>\n\t<meta property=\"og:image:height\" content=\"973\" \/>\n\t<meta property=\"og:image:type\" content=\"image\/jpeg\" \/>\n<meta name=\"author\" content=\"Redazione Italia\" \/>\n<meta name=\"twitter:card\" content=\"summary_large_image\" \/>\n<meta name=\"twitter:creator\" content=\"@pressenza_it\" \/>\n<meta name=\"twitter:site\" content=\"@PressenzaIPA\" \/>\n<meta name=\"twitter:label1\" content=\"Scritto da\" \/>\n\t<meta name=\"twitter:data1\" content=\"Redazione Italia\" \/>\n\t<meta name=\"twitter:label2\" content=\"Tempo di lettura stimato\" \/>\n\t<meta name=\"twitter:data2\" content=\"3 minuti\" \/>\n<script type=\"application\/ld+json\" class=\"yoast-schema-graph\">{\"@context\":\"https:\/\/schema.org\",\"@graph\":[{\"@type\":\"Article\",\"@id\":\"https:\/\/www.pressenza.com\/it\/2019\/05\/speranza-attiva-portiamo-in-italia-e-pratiche-di-trasformazione-sociale-e-culturale-di-joanna-macy\/#article\",\"isPartOf\":{\"@id\":\"https:\/\/www.pressenza.com\/it\/2019\/05\/speranza-attiva-portiamo-in-italia-e-pratiche-di-trasformazione-sociale-e-culturale-di-joanna-macy\/\"},\"author\":{\"name\":\"Redazione Italia\",\"@id\":\"https:\/\/www.pressenza.com\/it\/#\/schema\/person\/d983e81827ae24f2c7b1a2123d197f8d\"},\"headline\":\"Speranza attiva: portiamo in Italia le pratiche di trasformazione sociale e culturale di Joanna Macy!\",\"datePublished\":\"2019-05-05T10:28:38+00:00\",\"dateModified\":\"2019-05-05T16:05:28+00:00\",\"mainEntityOfPage\":{\"@id\":\"https:\/\/www.pressenza.com\/it\/2019\/05\/speranza-attiva-portiamo-in-italia-e-pratiche-di-trasformazione-sociale-e-culturale-di-joanna-macy\/\"},\"wordCount\":660,\"publisher\":{\"@id\":\"https:\/\/www.pressenza.com\/it\/#organization\"},\"image\":{\"@id\":\"https:\/\/www.pressenza.com\/it\/2019\/05\/speranza-attiva-portiamo-in-italia-e-pratiche-di-trasformazione-sociale-e-culturale-di-joanna-macy\/#primaryimage\"},\"thumbnailUrl\":\"https:\/\/www.pressenza.com\/wp-content\/uploads\/2019\/05\/Joanna_Macy_for-web-wide3paint.jpg\",\"keywords\":[\"educazione\",\"Giovanni Scotto\",\"Joanna Macy\",\"nonviolenza\",\"speranza attiva\"],\"articleSection\":[\"contenuti originali\",\"Educazione\",\"Nonviolenza\"],\"inLanguage\":\"it-IT\"},{\"@type\":\"WebPage\",\"@id\":\"https:\/\/www.pressenza.com\/it\/2019\/05\/speranza-attiva-portiamo-in-italia-e-pratiche-di-trasformazione-sociale-e-culturale-di-joanna-macy\/\",\"url\":\"https:\/\/www.pressenza.com\/it\/2019\/05\/speranza-attiva-portiamo-in-italia-e-pratiche-di-trasformazione-sociale-e-culturale-di-joanna-macy\/\",\"name\":\"Speranza attiva: portiamo in Italia le pratiche di trasformazione sociale e culturale di Joanna Macy!\",\"isPartOf\":{\"@id\":\"https:\/\/www.pressenza.com\/it\/#website\"},\"primaryImageOfPage\":{\"@id\":\"https:\/\/www.pressenza.com\/it\/2019\/05\/speranza-attiva-portiamo-in-italia-e-pratiche-di-trasformazione-sociale-e-culturale-di-joanna-macy\/#primaryimage\"},\"image\":{\"@id\":\"https:\/\/www.pressenza.com\/it\/2019\/05\/speranza-attiva-portiamo-in-italia-e-pratiche-di-trasformazione-sociale-e-culturale-di-joanna-macy\/#primaryimage\"},\"thumbnailUrl\":\"https:\/\/www.pressenza.com\/wp-content\/uploads\/2019\/05\/Joanna_Macy_for-web-wide3paint.jpg\",\"datePublished\":\"2019-05-05T10:28:38+00:00\",\"dateModified\":\"2019-05-05T16:05:28+00:00\",\"description\":\"Succede a volte di incontrare un libro che riteniamo importante, e di volerlo condividere con altri. Chi di noi si occupa di educazione e formazione\",\"breadcrumb\":{\"@id\":\"https:\/\/www.pressenza.com\/it\/2019\/05\/speranza-attiva-portiamo-in-italia-e-pratiche-di-trasformazione-sociale-e-culturale-di-joanna-macy\/#breadcrumb\"},\"inLanguage\":\"it-IT\",\"potentialAction\":[{\"@type\":\"ReadAction\",\"target\":[\"https:\/\/www.pressenza.com\/it\/2019\/05\/speranza-attiva-portiamo-in-italia-e-pratiche-di-trasformazione-sociale-e-culturale-di-joanna-macy\/\"]}]},{\"@type\":\"ImageObject\",\"inLanguage\":\"it-IT\",\"@id\":\"https:\/\/www.pressenza.com\/it\/2019\/05\/speranza-attiva-portiamo-in-italia-e-pratiche-di-trasformazione-sociale-e-culturale-di-joanna-macy\/#primaryimage\",\"url\":\"https:\/\/www.pressenza.com\/wp-content\/uploads\/2019\/05\/Joanna_Macy_for-web-wide3paint.jpg\",\"contentUrl\":\"https:\/\/www.pressenza.com\/wp-content\/uploads\/2019\/05\/Joanna_Macy_for-web-wide3paint.jpg\",\"width\":2048,\"height\":973},{\"@type\":\"BreadcrumbList\",\"@id\":\"https:\/\/www.pressenza.com\/it\/2019\/05\/speranza-attiva-portiamo-in-italia-e-pratiche-di-trasformazione-sociale-e-culturale-di-joanna-macy\/#breadcrumb\",\"itemListElement\":[{\"@type\":\"ListItem\",\"position\":1,\"name\":\"Accueil\",\"item\":\"https:\/\/www.pressenza.com\/it\/\"},{\"@type\":\"ListItem\",\"position\":2,\"name\":\"Speranza attiva: portiamo in Italia le pratiche di trasformazione sociale e culturale di Joanna Macy!\"}]},{\"@type\":\"WebSite\",\"@id\":\"https:\/\/www.pressenza.com\/it\/#website\",\"url\":\"https:\/\/www.pressenza.com\/it\/\",\"name\":\"Pressenza\",\"description\":\"Agenzia di Stampa Internazionale\",\"publisher\":{\"@id\":\"https:\/\/www.pressenza.com\/it\/#organization\"},\"potentialAction\":[{\"@type\":\"SearchAction\",\"target\":{\"@type\":\"EntryPoint\",\"urlTemplate\":\"https:\/\/www.pressenza.com\/it\/?s={search_term_string}\"},\"query-input\":{\"@type\":\"PropertyValueSpecification\",\"valueRequired\":true,\"valueName\":\"search_term_string\"}}],\"inLanguage\":\"it-IT\"},{\"@type\":\"Organization\",\"@id\":\"https:\/\/www.pressenza.com\/it\/#organization\",\"name\":\"Pressenza\",\"url\":\"https:\/\/www.pressenza.com\/it\/\",\"logo\":{\"@type\":\"ImageObject\",\"inLanguage\":\"it-IT\",\"@id\":\"https:\/\/www.pressenza.com\/it\/#\/schema\/logo\/image\/\",\"url\":\"https:\/\/www.pressenza.com\/wp-content\/uploads\/2022\/10\/pressenza_logo_200x200.jpg\",\"contentUrl\":\"https:\/\/www.pressenza.com\/wp-content\/uploads\/2022\/10\/pressenza_logo_200x200.jpg\",\"width\":200,\"height\":200,\"caption\":\"Pressenza\"},\"image\":{\"@id\":\"https:\/\/www.pressenza.com\/it\/#\/schema\/logo\/image\/\"},\"sameAs\":[\"https:\/\/www.facebook.com\/PressenzaItalia\",\"https:\/\/x.com\/PressenzaIPA\"]},{\"@type\":\"Person\",\"@id\":\"https:\/\/www.pressenza.com\/it\/#\/schema\/person\/d983e81827ae24f2c7b1a2123d197f8d\",\"name\":\"Redazione Italia\",\"description\":\"News from the Pressenza Bureau in Italy\",\"sameAs\":[\"https:\/\/www.pressenza.com\/it\/author\/redazione-italia\/\",\"https:\/\/www.facebook.com\/PressenzaItalia\",\"https:\/\/www.instagram.com\/pressenza_italia\/\",\"https:\/\/x.com\/pressenza_it\",\"https:\/\/www.youtube.com\/channel\/UCSalEIWjE1RSxkwjfftFuqg\"],\"url\":\"https:\/\/www.pressenza.com\/it\/author\/redazione-italia\/\"}]}<\/script>\n<!-- \/ Yoast SEO plugin. -->","yoast_head_json":{"title":"Speranza attiva: portiamo in Italia le pratiche di trasformazione sociale e culturale di Joanna Macy!","description":"Succede a volte di incontrare un libro che riteniamo importante, e di volerlo condividere con altri. Chi di noi si occupa di educazione e formazione","robots":{"index":"index","follow":"follow","max-snippet":"max-snippet:-1","max-image-preview":"max-image-preview:large","max-video-preview":"max-video-preview:-1"},"canonical":"https:\/\/www.pressenza.com\/it\/2019\/05\/speranza-attiva-portiamo-in-italia-e-pratiche-di-trasformazione-sociale-e-culturale-di-joanna-macy\/","og_locale":"it_IT","og_type":"article","og_title":"Speranza attiva: portiamo in Italia le pratiche di trasformazione sociale e culturale di Joanna Macy!","og_description":"Succede a volte di incontrare un libro che riteniamo importante, e di volerlo condividere con altri. Chi di noi si occupa di educazione e formazione","og_url":"https:\/\/www.pressenza.com\/it\/2019\/05\/speranza-attiva-portiamo-in-italia-e-pratiche-di-trasformazione-sociale-e-culturale-di-joanna-macy\/","og_site_name":"Pressenza","article_publisher":"https:\/\/www.facebook.com\/PressenzaItalia","article_author":"https:\/\/www.facebook.com\/PressenzaItalia","article_published_time":"2019-05-05T10:28:38+00:00","article_modified_time":"2019-05-05T16:05:28+00:00","og_image":[{"width":2048,"height":973,"url":"https:\/\/www.pressenza.com\/wp-content\/uploads\/2019\/05\/Joanna_Macy_for-web-wide3paint.jpg","type":"image\/jpeg"}],"author":"Redazione Italia","twitter_card":"summary_large_image","twitter_creator":"@pressenza_it","twitter_site":"@PressenzaIPA","twitter_misc":{"Scritto da":"Redazione Italia","Tempo di lettura stimato":"3 minuti"},"schema":{"@context":"https:\/\/schema.org","@graph":[{"@type":"Article","@id":"https:\/\/www.pressenza.com\/it\/2019\/05\/speranza-attiva-portiamo-in-italia-e-pratiche-di-trasformazione-sociale-e-culturale-di-joanna-macy\/#article","isPartOf":{"@id":"https:\/\/www.pressenza.com\/it\/2019\/05\/speranza-attiva-portiamo-in-italia-e-pratiche-di-trasformazione-sociale-e-culturale-di-joanna-macy\/"},"author":{"name":"Redazione Italia","@id":"https:\/\/www.pressenza.com\/it\/#\/schema\/person\/d983e81827ae24f2c7b1a2123d197f8d"},"headline":"Speranza attiva: portiamo in Italia le pratiche di trasformazione sociale e culturale di Joanna Macy!","datePublished":"2019-05-05T10:28:38+00:00","dateModified":"2019-05-05T16:05:28+00:00","mainEntityOfPage":{"@id":"https:\/\/www.pressenza.com\/it\/2019\/05\/speranza-attiva-portiamo-in-italia-e-pratiche-di-trasformazione-sociale-e-culturale-di-joanna-macy\/"},"wordCount":660,"publisher":{"@id":"https:\/\/www.pressenza.com\/it\/#organization"},"image":{"@id":"https:\/\/www.pressenza.com\/it\/2019\/05\/speranza-attiva-portiamo-in-italia-e-pratiche-di-trasformazione-sociale-e-culturale-di-joanna-macy\/#primaryimage"},"thumbnailUrl":"https:\/\/www.pressenza.com\/wp-content\/uploads\/2019\/05\/Joanna_Macy_for-web-wide3paint.jpg","keywords":["educazione","Giovanni Scotto","Joanna Macy","nonviolenza","speranza attiva"],"articleSection":["contenuti originali","Educazione","Nonviolenza"],"inLanguage":"it-IT"},{"@type":"WebPage","@id":"https:\/\/www.pressenza.com\/it\/2019\/05\/speranza-attiva-portiamo-in-italia-e-pratiche-di-trasformazione-sociale-e-culturale-di-joanna-macy\/","url":"https:\/\/www.pressenza.com\/it\/2019\/05\/speranza-attiva-portiamo-in-italia-e-pratiche-di-trasformazione-sociale-e-culturale-di-joanna-macy\/","name":"Speranza attiva: portiamo in Italia le pratiche di trasformazione sociale e culturale di Joanna Macy!","isPartOf":{"@id":"https:\/\/www.pressenza.com\/it\/#website"},"primaryImageOfPage":{"@id":"https:\/\/www.pressenza.com\/it\/2019\/05\/speranza-attiva-portiamo-in-italia-e-pratiche-di-trasformazione-sociale-e-culturale-di-joanna-macy\/#primaryimage"},"image":{"@id":"https:\/\/www.pressenza.com\/it\/2019\/05\/speranza-attiva-portiamo-in-italia-e-pratiche-di-trasformazione-sociale-e-culturale-di-joanna-macy\/#primaryimage"},"thumbnailUrl":"https:\/\/www.pressenza.com\/wp-content\/uploads\/2019\/05\/Joanna_Macy_for-web-wide3paint.jpg","datePublished":"2019-05-05T10:28:38+00:00","dateModified":"2019-05-05T16:05:28+00:00","description":"Succede a volte di incontrare un libro che riteniamo importante, e di volerlo condividere con altri. Chi di noi si occupa di educazione e formazione","breadcrumb":{"@id":"https:\/\/www.pressenza.com\/it\/2019\/05\/speranza-attiva-portiamo-in-italia-e-pratiche-di-trasformazione-sociale-e-culturale-di-joanna-macy\/#breadcrumb"},"inLanguage":"it-IT","potentialAction":[{"@type":"ReadAction","target":["https:\/\/www.pressenza.com\/it\/2019\/05\/speranza-attiva-portiamo-in-italia-e-pratiche-di-trasformazione-sociale-e-culturale-di-joanna-macy\/"]}]},{"@type":"ImageObject","inLanguage":"it-IT","@id":"https:\/\/www.pressenza.com\/it\/2019\/05\/speranza-attiva-portiamo-in-italia-e-pratiche-di-trasformazione-sociale-e-culturale-di-joanna-macy\/#primaryimage","url":"https:\/\/www.pressenza.com\/wp-content\/uploads\/2019\/05\/Joanna_Macy_for-web-wide3paint.jpg","contentUrl":"https:\/\/www.pressenza.com\/wp-content\/uploads\/2019\/05\/Joanna_Macy_for-web-wide3paint.jpg","width":2048,"height":973},{"@type":"BreadcrumbList","@id":"https:\/\/www.pressenza.com\/it\/2019\/05\/speranza-attiva-portiamo-in-italia-e-pratiche-di-trasformazione-sociale-e-culturale-di-joanna-macy\/#breadcrumb","itemListElement":[{"@type":"ListItem","position":1,"name":"Accueil","item":"https:\/\/www.pressenza.com\/it\/"},{"@type":"ListItem","position":2,"name":"Speranza attiva: portiamo in Italia le pratiche di trasformazione sociale e culturale di Joanna Macy!"}]},{"@type":"WebSite","@id":"https:\/\/www.pressenza.com\/it\/#website","url":"https:\/\/www.pressenza.com\/it\/","name":"Pressenza","description":"Agenzia di Stampa Internazionale","publisher":{"@id":"https:\/\/www.pressenza.com\/it\/#organization"},"potentialAction":[{"@type":"SearchAction","target":{"@type":"EntryPoint","urlTemplate":"https:\/\/www.pressenza.com\/it\/?s={search_term_string}"},"query-input":{"@type":"PropertyValueSpecification","valueRequired":true,"valueName":"search_term_string"}}],"inLanguage":"it-IT"},{"@type":"Organization","@id":"https:\/\/www.pressenza.com\/it\/#organization","name":"Pressenza","url":"https:\/\/www.pressenza.com\/it\/","logo":{"@type":"ImageObject","inLanguage":"it-IT","@id":"https:\/\/www.pressenza.com\/it\/#\/schema\/logo\/image\/","url":"https:\/\/www.pressenza.com\/wp-content\/uploads\/2022\/10\/pressenza_logo_200x200.jpg","contentUrl":"https:\/\/www.pressenza.com\/wp-content\/uploads\/2022\/10\/pressenza_logo_200x200.jpg","width":200,"height":200,"caption":"Pressenza"},"image":{"@id":"https:\/\/www.pressenza.com\/it\/#\/schema\/logo\/image\/"},"sameAs":["https:\/\/www.facebook.com\/PressenzaItalia","https:\/\/x.com\/PressenzaIPA"]},{"@type":"Person","@id":"https:\/\/www.pressenza.com\/it\/#\/schema\/person\/d983e81827ae24f2c7b1a2123d197f8d","name":"Redazione Italia","description":"News from the Pressenza Bureau in Italy","sameAs":["https:\/\/www.pressenza.com\/it\/author\/redazione-italia\/","https:\/\/www.facebook.com\/PressenzaItalia","https:\/\/www.instagram.com\/pressenza_italia\/","https:\/\/x.com\/pressenza_it","https:\/\/www.youtube.com\/channel\/UCSalEIWjE1RSxkwjfftFuqg"],"url":"https:\/\/www.pressenza.com\/it\/author\/redazione-italia\/"}]}},"place":"","original_article_url":"","_links":{"self":[{"href":"https:\/\/www.pressenza.com\/it\/wp-json\/wp\/v2\/posts\/850750","targetHints":{"allow":["GET"]}}],"collection":[{"href":"https:\/\/www.pressenza.com\/it\/wp-json\/wp\/v2\/posts"}],"about":[{"href":"https:\/\/www.pressenza.com\/it\/wp-json\/wp\/v2\/types\/post"}],"author":[{"embeddable":true,"href":"https:\/\/www.pressenza.com\/it\/wp-json\/wp\/v2\/users\/594"}],"replies":[{"embeddable":true,"href":"https:\/\/www.pressenza.com\/it\/wp-json\/wp\/v2\/comments?post=850750"}],"version-history":[{"count":0,"href":"https:\/\/www.pressenza.com\/it\/wp-json\/wp\/v2\/posts\/850750\/revisions"}],"wp:featuredmedia":[{"embeddable":true,"href":"https:\/\/www.pressenza.com\/it\/wp-json\/wp\/v2\/media\/850752"}],"wp:attachment":[{"href":"https:\/\/www.pressenza.com\/it\/wp-json\/wp\/v2\/media?parent=850750"}],"wp:term":[{"taxonomy":"category","embeddable":true,"href":"https:\/\/www.pressenza.com\/it\/wp-json\/wp\/v2\/categories?post=850750"},{"taxonomy":"post_tag","embeddable":true,"href":"https:\/\/www.pressenza.com\/it\/wp-json\/wp\/v2\/tags?post=850750"}],"curies":[{"name":"wp","href":"https:\/\/api.w.org\/{rel}","templated":true}]}}