{"id":848180,"date":"2019-04-29T19:01:16","date_gmt":"2019-04-29T18:01:16","guid":{"rendered":"https:\/\/www.pressenza.com\/?p=848180"},"modified":"2019-05-08T20:15:03","modified_gmt":"2019-05-08T19:15:03","slug":"umanesimo-universalista-cosa-sono-cinquanta-anni","status":"publish","type":"post","link":"https:\/\/www.pressenza.com\/it\/2019\/04\/umanesimo-universalista-cosa-sono-cinquanta-anni\/","title":{"rendered":"Umanesimo Universalista: cosa sono cinquanta anni?"},"content":{"rendered":"<div class=\"gs\">\n<div class=\"\">\n<div id=\":2ic\" class=\"ii gt\">\n<div id=\":2i2\" class=\"a3s aXjCH \">\n<div dir=\"ltr\">\n<p>Nei prossimi giorni si celebrer\u00e0 il cinquantesimo anniversario del primo discorso pubblico di Mario Rodriguez Cobos \u2013 detto Silo \u2013 pronunciato sulle montagne vicino a Mendoza, nell\u2019Argentina del generale Ongania.<\/p>\n<p>Dal 4 maggio 1969 si considera fondato il suo movimento e la corrente di pensiero e spirituale che nell\u2019attualit\u00e0 \u00e8 presente nelle sue diverse forme in gran parte del mondo occidentale, in alcuni paesi orientali e in Africa.<\/p>\n<p>\u201c<a href=\"http:\/\/www.silo.net\/es\/present_milestone\/index\">La guarigione dalla sofferenza<\/a>\u201d \u00e8 il titolo di quel primo discorso pubblico &#8211; osteggiato duramente dalla dittatura argentina &#8211; che fu pronunciato in un luogo desolato all\u2019incrocio di tre catene montuose alle pendici dell\u2019Aconcagua.<\/p>\n<p>\u201cSe volete andare a parlare alle pietre, fate pure!\u201d avevano detto i militari quando i siloisti avevano chiesto il permesso di realizzare l\u2019evento a Punta de Vacas, sperduta localit\u00e0 andina. Nelle citt\u00e0 ben popolate, dove il movimento aveva anche una maggiore presenza, tutti i tentativi di organizzazione dell\u2019incontro con Silo quell\u2019anno erano stati frustrati in un modo o nell&#8217;altro. Le autorit\u00e0 accordavano permessi e poi li negavano all&#8217;ultimo minuto o, addirittura mandavano la polizia a interrompere l\u2019inizio di eventi ormai concessi ma derogati in corso di effettuazione, e cos\u00ec via.<\/p>\n<p>Quel giovane leader che parlava di nonviolenza come di qualcosa di rivoluzionario sfidando lo sguardo del regime militare e della chiesa che lo affiancava, non piaceva affatto ai detentori del potere. Quegli strani giovani non si drogavano come gli hippies e non nascondevano armi nelle case come dettava la tendenza guerrigliera dell\u2019epoca: non erano classificabili n\u00e9 prevedibili. Nonostante tutto quel 4 maggio a Punta de Vacas c&#8217;era qualche centinaio di giovani e la stampa internazionale, tutti ben circondati dai militari armati di mitra e con le loro camionette.<\/p>\n<p>Nel suo discorso Silo, nella forma di prosa poetica che caratterizza una parte importante della sua opera letteraria, parla della sofferenza e della violenza che ne \u00e8 la causa, parla della capacit\u00e0 che ciascuno di noi ha per superarla, disinnescando la bomba di violenza che sta nella nostra mente. \u00c8 un discorso forte ma carico di speranza e di una visione del futuro che non \u00e8 catastrofica, anche se segna l\u2019urgenza dell\u2019azione individuale e sociale.<\/p>\n<p>\u201cNon c\u2019\u00e8 movimento o partito che possa porre fine a questa sete di violenza\u201d, ci dice e ci esorta a \u201cseguire regole semplici, a portare la pace nel nostro cuore e portarla agli altri\u201d, cosa non banale. Questa pace si potr\u00e0 ottenere elevando e purificando i nostri desideri ma la sua proposta non \u00e8 solenne, non inneggia al sacrificio o alla privazione ma al contrario ci ricorda di imparare a ridere e ad amare, come parte di questa crescita spirituale.<\/p>\n<p>Oggi, 4 maggio 2019, in pi\u00f9 di 30 Parchi di Studio e Riflessione, luoghi dedicati all\u2019approfondimento e all\u2019irradiazione del messaggio siloista in tutte le sue diverse forme, si celebrer\u00e0 quel momento di fondazione che ha segnato la vita di migliaia persone e chiss\u00e0 quante vite ancora potranno essere influenzate in modo pi\u00f9 o meno profondo da quelle parole.<\/p>\n<\/div>\n<div class=\"adL\"><\/div>\n<\/div>\n<\/div>\n<\/div>\n<\/div>\n<p>In Italia il Parco di <a href=\"http:\/\/www.parcocasagiorgi.org\">Casa Giorgi<\/a> e il <a href=\"http:\/\/www.parcoattigliano.it\">Parco di Attigliano<\/a> dedicheranno i giorni del 4 e del 5 alla celebrazione di quest&#8217;evento mentre altri eventi celebrativi simili sono annunciati in varie citt\u00e0. Mezzo secolo \u00e8 passato e il Nuovo Umanesimo Universalista, come Silo ha denominato la corrente di pensiero a cui ha dato vita, \u00e8 appena al suo inizio. Per un messaggio di tale portata cinquanta anni non sono niente.<\/p>\n<p class=\"western\">Auguri!<\/p>\n<p class=\"western\">Per approfondimenti:<\/p>\n<p class=\"western\">Per consultare l&#8217;intera opera di Silo <span style=\"color: #000080;\"><span lang=\"zxx\"><u><a href=\"http:\/\/www.silo.net\/\">www.silo.net<\/a><\/u><\/span><\/span><\/p>\n<p class=\"western\">Parchi di Studio e Riflessione in Italia <span style=\"color: #000080;\"><span lang=\"zxx\"><u><a href=\"http:\/\/www.parcoattigliano.it\/\">www.parcoattigliano.it<\/a><\/u><\/span><\/span> ; <span style=\"color: #000080;\"><span lang=\"zxx\"><u><a href=\"https:\/\/www.parcocasagiorgi.org\/\">www.parcocasagiorgi.org<\/a><\/u><\/span><\/span><\/p>\n<p class=\"western\">Parchi di studio e Riflessione nel mondo <span style=\"color: #000080;\"><span lang=\"zxx\"><u><a href=\"http:\/\/www.parcoattigliano.it\/dw2\/doku.php?id=link:parchi\">http:\/\/www.parcoattigliano.it\/dw2\/doku.php?id=link:parchi<\/a><\/u><\/span><\/span><\/p>\n<p>Sito di informazioni internazionali sul <a href=\"http:\/\/silosmessage.net\/\">Messaggio di Silo<\/a><\/p>\n<p>Sito ufficiale del <a href=\"http:\/\/www.humanistmovement.net\">Movimento Umanista<\/a> in varie lingue<\/p>\n<p>L&#8217;<a href=\"http:\/\/it.humanipedia.org\">Enciclopedia Umanista<\/a>, dove trovare vari spunti di approfondimento per temi<\/p>\n","protected":false},"excerpt":{"rendered":"<p>Nei prossimi giorni si celebrer\u00e0 il cinquantesimo anniversario del primo discorso pubblico di Mario Rodriguez Cobos \u2013 detto Silo \u2013 pronunciato sulle montagne vicino a Mendoza, nell\u2019Argentina del generale Ongania. Dal 4 maggio 1969 si considera fondato il suo movimento&hellip;<\/p>\n","protected":false},"author":1532,"featured_media":848191,"comment_status":"closed","ping_status":"closed","sticky":false,"template":"","format":"standard","meta":{"footnotes":""},"categories":[11388,162,1260],"tags":[58226,4248,4231,4251,2791,3401,4241,744],"class_list":["post-848180","post","type-post","status-publish","format-standard","has-post-thumbnail","hentry","category-contenuti-originali","category-opinioni","category-umanesimo-spiritualita","tag-50-anniversario","tag-il-messaggio-di-silo","tag-movimento-umanista","tag-punta-de-vacas-it","tag-silo-it","tag-sofferenza","tag-umanesimo-universalista","tag-violenza"],"yoast_head":"<!-- This site is optimized with the Yoast SEO plugin v27.1.1 - https:\/\/yoast.com\/product\/yoast-seo-wordpress\/ -->\n<title>Umanesimo Universalista: cosa sono cinquanta anni?<\/title>\n<meta name=\"description\" content=\"Nei prossimi giorni si celebrer\u00e0 il cinquantesimo anniversario del primo discorso pubblico di Mario Rodriguez Cobos \u2013 detto Silo \u2013 pronunciato sulle\" \/>\n<meta name=\"robots\" content=\"index, follow, max-snippet:-1, max-image-preview:large, max-video-preview:-1\" \/>\n<link rel=\"canonical\" href=\"https:\/\/www.pressenza.com\/it\/2019\/04\/umanesimo-universalista-cosa-sono-cinquanta-anni\/\" \/>\n<meta property=\"og:locale\" content=\"it_IT\" \/>\n<meta property=\"og:type\" content=\"article\" \/>\n<meta property=\"og:title\" content=\"Umanesimo Universalista: cosa sono cinquanta anni?\" \/>\n<meta property=\"og:description\" content=\"Nei prossimi giorni si celebrer\u00e0 il cinquantesimo anniversario del primo discorso pubblico di Mario Rodriguez Cobos \u2013 detto Silo \u2013 pronunciato sulle\" \/>\n<meta property=\"og:url\" content=\"https:\/\/www.pressenza.com\/it\/2019\/04\/umanesimo-universalista-cosa-sono-cinquanta-anni\/\" \/>\n<meta property=\"og:site_name\" content=\"Pressenza\" \/>\n<meta property=\"article:publisher\" content=\"https:\/\/www.facebook.com\/PressenzaItalia\" \/>\n<meta property=\"article:published_time\" content=\"2019-04-29T18:01:16+00:00\" \/>\n<meta property=\"article:modified_time\" content=\"2019-05-08T19:15:03+00:00\" \/>\n<meta property=\"og:image\" content=\"https:\/\/www.pressenza.com\/wp-content\/uploads\/2019\/04\/50anniversario-Silo.jpg\" \/>\n\t<meta property=\"og:image:width\" content=\"800\" \/>\n\t<meta property=\"og:image:height\" content=\"505\" \/>\n\t<meta property=\"og:image:type\" content=\"image\/jpeg\" \/>\n<meta name=\"author\" content=\"Silvia Nocera\" \/>\n<meta name=\"twitter:card\" content=\"summary_large_image\" \/>\n<meta name=\"twitter:creator\" content=\"@PressenzaIPA\" \/>\n<meta name=\"twitter:site\" content=\"@PressenzaIPA\" \/>\n<meta name=\"twitter:label1\" content=\"Scritto da\" \/>\n\t<meta name=\"twitter:data1\" content=\"Silvia Nocera\" \/>\n\t<meta name=\"twitter:label2\" content=\"Tempo di lettura stimato\" \/>\n\t<meta name=\"twitter:data2\" content=\"3 minuti\" \/>\n<script type=\"application\/ld+json\" class=\"yoast-schema-graph\">{\"@context\":\"https:\/\/schema.org\",\"@graph\":[{\"@type\":\"Article\",\"@id\":\"https:\/\/www.pressenza.com\/it\/2019\/04\/umanesimo-universalista-cosa-sono-cinquanta-anni\/#article\",\"isPartOf\":{\"@id\":\"https:\/\/www.pressenza.com\/it\/2019\/04\/umanesimo-universalista-cosa-sono-cinquanta-anni\/\"},\"author\":{\"name\":\"Silvia Nocera\",\"@id\":\"https:\/\/www.pressenza.com\/it\/#\/schema\/person\/a49f2c2a2c16e6fcc17c681539aaa1c6\"},\"headline\":\"Umanesimo Universalista: cosa sono cinquanta anni?\",\"datePublished\":\"2019-04-29T18:01:16+00:00\",\"dateModified\":\"2019-05-08T19:15:03+00:00\",\"mainEntityOfPage\":{\"@id\":\"https:\/\/www.pressenza.com\/it\/2019\/04\/umanesimo-universalista-cosa-sono-cinquanta-anni\/\"},\"wordCount\":640,\"publisher\":{\"@id\":\"https:\/\/www.pressenza.com\/it\/#organization\"},\"image\":{\"@id\":\"https:\/\/www.pressenza.com\/it\/2019\/04\/umanesimo-universalista-cosa-sono-cinquanta-anni\/#primaryimage\"},\"thumbnailUrl\":\"https:\/\/www.pressenza.com\/wp-content\/uploads\/2019\/04\/50anniversario-Silo.jpg\",\"keywords\":[\"50\u00b0 anniversario\",\"Il Messaggio di Silo\",\"Movimento Umanista\",\"Punta de Vacas\",\"Silo\",\"sofferenza\",\"Umanesimo Universalista\",\"violenza\"],\"articleSection\":[\"contenuti originali\",\"Opinioni\",\"Umanesimo e Spiritualit\u00e0\"],\"inLanguage\":\"it-IT\"},{\"@type\":\"WebPage\",\"@id\":\"https:\/\/www.pressenza.com\/it\/2019\/04\/umanesimo-universalista-cosa-sono-cinquanta-anni\/\",\"url\":\"https:\/\/www.pressenza.com\/it\/2019\/04\/umanesimo-universalista-cosa-sono-cinquanta-anni\/\",\"name\":\"Umanesimo Universalista: cosa sono cinquanta anni?\",\"isPartOf\":{\"@id\":\"https:\/\/www.pressenza.com\/it\/#website\"},\"primaryImageOfPage\":{\"@id\":\"https:\/\/www.pressenza.com\/it\/2019\/04\/umanesimo-universalista-cosa-sono-cinquanta-anni\/#primaryimage\"},\"image\":{\"@id\":\"https:\/\/www.pressenza.com\/it\/2019\/04\/umanesimo-universalista-cosa-sono-cinquanta-anni\/#primaryimage\"},\"thumbnailUrl\":\"https:\/\/www.pressenza.com\/wp-content\/uploads\/2019\/04\/50anniversario-Silo.jpg\",\"datePublished\":\"2019-04-29T18:01:16+00:00\",\"dateModified\":\"2019-05-08T19:15:03+00:00\",\"description\":\"Nei prossimi giorni si celebrer\u00e0 il cinquantesimo anniversario del primo discorso pubblico di Mario Rodriguez Cobos \u2013 detto Silo \u2013 pronunciato sulle\",\"breadcrumb\":{\"@id\":\"https:\/\/www.pressenza.com\/it\/2019\/04\/umanesimo-universalista-cosa-sono-cinquanta-anni\/#breadcrumb\"},\"inLanguage\":\"it-IT\",\"potentialAction\":[{\"@type\":\"ReadAction\",\"target\":[\"https:\/\/www.pressenza.com\/it\/2019\/04\/umanesimo-universalista-cosa-sono-cinquanta-anni\/\"]}]},{\"@type\":\"ImageObject\",\"inLanguage\":\"it-IT\",\"@id\":\"https:\/\/www.pressenza.com\/it\/2019\/04\/umanesimo-universalista-cosa-sono-cinquanta-anni\/#primaryimage\",\"url\":\"https:\/\/www.pressenza.com\/wp-content\/uploads\/2019\/04\/50anniversario-Silo.jpg\",\"contentUrl\":\"https:\/\/www.pressenza.com\/wp-content\/uploads\/2019\/04\/50anniversario-Silo.jpg\",\"width\":800,\"height\":505},{\"@type\":\"BreadcrumbList\",\"@id\":\"https:\/\/www.pressenza.com\/it\/2019\/04\/umanesimo-universalista-cosa-sono-cinquanta-anni\/#breadcrumb\",\"itemListElement\":[{\"@type\":\"ListItem\",\"position\":1,\"name\":\"Accueil\",\"item\":\"https:\/\/www.pressenza.com\/it\/\"},{\"@type\":\"ListItem\",\"position\":2,\"name\":\"Umanesimo Universalista: cosa sono cinquanta anni?\"}]},{\"@type\":\"WebSite\",\"@id\":\"https:\/\/www.pressenza.com\/it\/#website\",\"url\":\"https:\/\/www.pressenza.com\/it\/\",\"name\":\"Pressenza\",\"description\":\"Agenzia di Stampa Internazionale\",\"publisher\":{\"@id\":\"https:\/\/www.pressenza.com\/it\/#organization\"},\"potentialAction\":[{\"@type\":\"SearchAction\",\"target\":{\"@type\":\"EntryPoint\",\"urlTemplate\":\"https:\/\/www.pressenza.com\/it\/?s={search_term_string}\"},\"query-input\":{\"@type\":\"PropertyValueSpecification\",\"valueRequired\":true,\"valueName\":\"search_term_string\"}}],\"inLanguage\":\"it-IT\"},{\"@type\":\"Organization\",\"@id\":\"https:\/\/www.pressenza.com\/it\/#organization\",\"name\":\"Pressenza\",\"url\":\"https:\/\/www.pressenza.com\/it\/\",\"logo\":{\"@type\":\"ImageObject\",\"inLanguage\":\"it-IT\",\"@id\":\"https:\/\/www.pressenza.com\/it\/#\/schema\/logo\/image\/\",\"url\":\"https:\/\/www.pressenza.com\/wp-content\/uploads\/2022\/10\/pressenza_logo_200x200.jpg\",\"contentUrl\":\"https:\/\/www.pressenza.com\/wp-content\/uploads\/2022\/10\/pressenza_logo_200x200.jpg\",\"width\":200,\"height\":200,\"caption\":\"Pressenza\"},\"image\":{\"@id\":\"https:\/\/www.pressenza.com\/it\/#\/schema\/logo\/image\/\"},\"sameAs\":[\"https:\/\/www.facebook.com\/PressenzaItalia\",\"https:\/\/x.com\/PressenzaIPA\"]},{\"@type\":\"Person\",\"@id\":\"https:\/\/www.pressenza.com\/it\/#\/schema\/person\/a49f2c2a2c16e6fcc17c681539aaa1c6\",\"name\":\"Silvia Nocera\",\"description\":\"Classe 1968. Scrittrice e traduttrice free lance. Da sempre impegnata nel superamento della sofferenza personale e sociale. Responsabile dello sviluppo italiano dell'associazione Centro delle Culture fino al 2007, dal 2009 Messaggera di Silo. silvianocera.net\",\"sameAs\":[\"https:\/\/silvianocera.net\"],\"url\":\"https:\/\/www.pressenza.com\/it\/author\/silvia-nocera\/\"}]}<\/script>\n<!-- \/ Yoast SEO plugin. -->","yoast_head_json":{"title":"Umanesimo Universalista: cosa sono cinquanta anni?","description":"Nei prossimi giorni si celebrer\u00e0 il cinquantesimo anniversario del primo discorso pubblico di Mario Rodriguez Cobos \u2013 detto Silo \u2013 pronunciato sulle","robots":{"index":"index","follow":"follow","max-snippet":"max-snippet:-1","max-image-preview":"max-image-preview:large","max-video-preview":"max-video-preview:-1"},"canonical":"https:\/\/www.pressenza.com\/it\/2019\/04\/umanesimo-universalista-cosa-sono-cinquanta-anni\/","og_locale":"it_IT","og_type":"article","og_title":"Umanesimo Universalista: cosa sono cinquanta anni?","og_description":"Nei prossimi giorni si celebrer\u00e0 il cinquantesimo anniversario del primo discorso pubblico di Mario Rodriguez Cobos \u2013 detto Silo \u2013 pronunciato sulle","og_url":"https:\/\/www.pressenza.com\/it\/2019\/04\/umanesimo-universalista-cosa-sono-cinquanta-anni\/","og_site_name":"Pressenza","article_publisher":"https:\/\/www.facebook.com\/PressenzaItalia","article_published_time":"2019-04-29T18:01:16+00:00","article_modified_time":"2019-05-08T19:15:03+00:00","og_image":[{"width":800,"height":505,"url":"https:\/\/www.pressenza.com\/wp-content\/uploads\/2019\/04\/50anniversario-Silo.jpg","type":"image\/jpeg"}],"author":"Silvia Nocera","twitter_card":"summary_large_image","twitter_creator":"@PressenzaIPA","twitter_site":"@PressenzaIPA","twitter_misc":{"Scritto da":"Silvia Nocera","Tempo di lettura stimato":"3 minuti"},"schema":{"@context":"https:\/\/schema.org","@graph":[{"@type":"Article","@id":"https:\/\/www.pressenza.com\/it\/2019\/04\/umanesimo-universalista-cosa-sono-cinquanta-anni\/#article","isPartOf":{"@id":"https:\/\/www.pressenza.com\/it\/2019\/04\/umanesimo-universalista-cosa-sono-cinquanta-anni\/"},"author":{"name":"Silvia Nocera","@id":"https:\/\/www.pressenza.com\/it\/#\/schema\/person\/a49f2c2a2c16e6fcc17c681539aaa1c6"},"headline":"Umanesimo Universalista: cosa sono cinquanta anni?","datePublished":"2019-04-29T18:01:16+00:00","dateModified":"2019-05-08T19:15:03+00:00","mainEntityOfPage":{"@id":"https:\/\/www.pressenza.com\/it\/2019\/04\/umanesimo-universalista-cosa-sono-cinquanta-anni\/"},"wordCount":640,"publisher":{"@id":"https:\/\/www.pressenza.com\/it\/#organization"},"image":{"@id":"https:\/\/www.pressenza.com\/it\/2019\/04\/umanesimo-universalista-cosa-sono-cinquanta-anni\/#primaryimage"},"thumbnailUrl":"https:\/\/www.pressenza.com\/wp-content\/uploads\/2019\/04\/50anniversario-Silo.jpg","keywords":["50\u00b0 anniversario","Il Messaggio di Silo","Movimento Umanista","Punta de Vacas","Silo","sofferenza","Umanesimo Universalista","violenza"],"articleSection":["contenuti originali","Opinioni","Umanesimo e Spiritualit\u00e0"],"inLanguage":"it-IT"},{"@type":"WebPage","@id":"https:\/\/www.pressenza.com\/it\/2019\/04\/umanesimo-universalista-cosa-sono-cinquanta-anni\/","url":"https:\/\/www.pressenza.com\/it\/2019\/04\/umanesimo-universalista-cosa-sono-cinquanta-anni\/","name":"Umanesimo Universalista: cosa sono cinquanta anni?","isPartOf":{"@id":"https:\/\/www.pressenza.com\/it\/#website"},"primaryImageOfPage":{"@id":"https:\/\/www.pressenza.com\/it\/2019\/04\/umanesimo-universalista-cosa-sono-cinquanta-anni\/#primaryimage"},"image":{"@id":"https:\/\/www.pressenza.com\/it\/2019\/04\/umanesimo-universalista-cosa-sono-cinquanta-anni\/#primaryimage"},"thumbnailUrl":"https:\/\/www.pressenza.com\/wp-content\/uploads\/2019\/04\/50anniversario-Silo.jpg","datePublished":"2019-04-29T18:01:16+00:00","dateModified":"2019-05-08T19:15:03+00:00","description":"Nei prossimi giorni si celebrer\u00e0 il cinquantesimo anniversario del primo discorso pubblico di Mario Rodriguez Cobos \u2013 detto Silo \u2013 pronunciato sulle","breadcrumb":{"@id":"https:\/\/www.pressenza.com\/it\/2019\/04\/umanesimo-universalista-cosa-sono-cinquanta-anni\/#breadcrumb"},"inLanguage":"it-IT","potentialAction":[{"@type":"ReadAction","target":["https:\/\/www.pressenza.com\/it\/2019\/04\/umanesimo-universalista-cosa-sono-cinquanta-anni\/"]}]},{"@type":"ImageObject","inLanguage":"it-IT","@id":"https:\/\/www.pressenza.com\/it\/2019\/04\/umanesimo-universalista-cosa-sono-cinquanta-anni\/#primaryimage","url":"https:\/\/www.pressenza.com\/wp-content\/uploads\/2019\/04\/50anniversario-Silo.jpg","contentUrl":"https:\/\/www.pressenza.com\/wp-content\/uploads\/2019\/04\/50anniversario-Silo.jpg","width":800,"height":505},{"@type":"BreadcrumbList","@id":"https:\/\/www.pressenza.com\/it\/2019\/04\/umanesimo-universalista-cosa-sono-cinquanta-anni\/#breadcrumb","itemListElement":[{"@type":"ListItem","position":1,"name":"Accueil","item":"https:\/\/www.pressenza.com\/it\/"},{"@type":"ListItem","position":2,"name":"Umanesimo Universalista: cosa sono cinquanta anni?"}]},{"@type":"WebSite","@id":"https:\/\/www.pressenza.com\/it\/#website","url":"https:\/\/www.pressenza.com\/it\/","name":"Pressenza","description":"Agenzia di Stampa Internazionale","publisher":{"@id":"https:\/\/www.pressenza.com\/it\/#organization"},"potentialAction":[{"@type":"SearchAction","target":{"@type":"EntryPoint","urlTemplate":"https:\/\/www.pressenza.com\/it\/?s={search_term_string}"},"query-input":{"@type":"PropertyValueSpecification","valueRequired":true,"valueName":"search_term_string"}}],"inLanguage":"it-IT"},{"@type":"Organization","@id":"https:\/\/www.pressenza.com\/it\/#organization","name":"Pressenza","url":"https:\/\/www.pressenza.com\/it\/","logo":{"@type":"ImageObject","inLanguage":"it-IT","@id":"https:\/\/www.pressenza.com\/it\/#\/schema\/logo\/image\/","url":"https:\/\/www.pressenza.com\/wp-content\/uploads\/2022\/10\/pressenza_logo_200x200.jpg","contentUrl":"https:\/\/www.pressenza.com\/wp-content\/uploads\/2022\/10\/pressenza_logo_200x200.jpg","width":200,"height":200,"caption":"Pressenza"},"image":{"@id":"https:\/\/www.pressenza.com\/it\/#\/schema\/logo\/image\/"},"sameAs":["https:\/\/www.facebook.com\/PressenzaItalia","https:\/\/x.com\/PressenzaIPA"]},{"@type":"Person","@id":"https:\/\/www.pressenza.com\/it\/#\/schema\/person\/a49f2c2a2c16e6fcc17c681539aaa1c6","name":"Silvia Nocera","description":"Classe 1968. Scrittrice e traduttrice free lance. Da sempre impegnata nel superamento della sofferenza personale e sociale. Responsabile dello sviluppo italiano dell'associazione Centro delle Culture fino al 2007, dal 2009 Messaggera di Silo. silvianocera.net","sameAs":["https:\/\/silvianocera.net"],"url":"https:\/\/www.pressenza.com\/it\/author\/silvia-nocera\/"}]}},"place":"","original_article_url":"","_links":{"self":[{"href":"https:\/\/www.pressenza.com\/it\/wp-json\/wp\/v2\/posts\/848180","targetHints":{"allow":["GET"]}}],"collection":[{"href":"https:\/\/www.pressenza.com\/it\/wp-json\/wp\/v2\/posts"}],"about":[{"href":"https:\/\/www.pressenza.com\/it\/wp-json\/wp\/v2\/types\/post"}],"author":[{"embeddable":true,"href":"https:\/\/www.pressenza.com\/it\/wp-json\/wp\/v2\/users\/1532"}],"replies":[{"embeddable":true,"href":"https:\/\/www.pressenza.com\/it\/wp-json\/wp\/v2\/comments?post=848180"}],"version-history":[{"count":0,"href":"https:\/\/www.pressenza.com\/it\/wp-json\/wp\/v2\/posts\/848180\/revisions"}],"wp:featuredmedia":[{"embeddable":true,"href":"https:\/\/www.pressenza.com\/it\/wp-json\/wp\/v2\/media\/848191"}],"wp:attachment":[{"href":"https:\/\/www.pressenza.com\/it\/wp-json\/wp\/v2\/media?parent=848180"}],"wp:term":[{"taxonomy":"category","embeddable":true,"href":"https:\/\/www.pressenza.com\/it\/wp-json\/wp\/v2\/categories?post=848180"},{"taxonomy":"post_tag","embeddable":true,"href":"https:\/\/www.pressenza.com\/it\/wp-json\/wp\/v2\/tags?post=848180"}],"curies":[{"name":"wp","href":"https:\/\/api.w.org\/{rel}","templated":true}]}}