{"id":846203,"date":"2019-04-25T13:09:04","date_gmt":"2019-04-25T12:09:04","guid":{"rendered":"https:\/\/www.pressenza.com\/?p=846203"},"modified":"2019-04-25T13:09:04","modified_gmt":"2019-04-25T12:09:04","slug":"tamburi-combattenti-assente-giustificato-al-tavolo-del-m5s-a-taranto","status":"publish","type":"post","link":"https:\/\/www.pressenza.com\/it\/2019\/04\/tamburi-combattenti-assente-giustificato-al-tavolo-del-m5s-a-taranto\/","title":{"rendered":"Tamburi Combattenti assente giustificato al tavolo del M5S a Taranto"},"content":{"rendered":"<p>La scorsa settimana, la stampa ha diffuso notizie riguardanti la venuta di esponenti del M5S nella citt\u00e0 di Taranto dando per scontato l\u2019incontro con le associazioni cittadine. Nella serata del 22 aprile siamo venuti a conoscenza, tramite un whatsapp la cui origine resta ignota, della comunicazione di audizione rivolta alle associazioni emessa dalla Prefettura di Taranto in data 19 aprile. Avremmo dovuto rispondere indicando due nominativi entro 12 ore. Ieri ad ora di pranzo \u00e8 giunta e-mail di convocazione, a noi come ad altri gruppi, con la richiesta di rispondere entro le successive ore. Comprenderete bene che le nostre vite, gi\u00e0 fortemente condizionate dalle industrie inquinanti, non possono essere anche assoggettate alla fretta ed all\u2019approssimazione volute dagli esponenti politici di questo governo in piena campagna elettorale in vista delle elezioni europee. Pretendiamo di essere rispettati come cittadini, in tutto e per tutto, a partire dalle indicazioni di tempi e modi consoni per una convocazione del genere.<\/p>\n<p>Abbiamo gi\u00e0 avuto modo di colloquiare con questo governo dieci mesi or sono, accettando un\u2019audizione al MISE di Roma comunicataci anche allora in tempi ristrettissimi. In quella occasione, andare a far conoscere alle Istituzioni la situazione di Taranto, come se ce ne fosse stato davvero bisogno, ci \u00e8 costato tempo, energie e denaro. In quell\u2019occasione abbiamo esposto in maniera completa e coordinata con tutti gli altri gruppi del nostro territorio tutto ci\u00f2 che poteva bastare a prendere delle decisioni sensate a tutela dei diritti essenziali di cittadini italiani. Dati sanitari, cavilli legali, fenomeni singolari come i \u201cwind days\u201d che ci costringono a restare in casa con le finestre chiuse, limitazioni vigenti per l\u2019accesso ad aiuole non recintate, divieti di coltivazione, capi di bestiame abbattuti e mitili mandati al macero in quanto fortemente contaminati e impossibilit\u00e0 di diversificare l\u2019economia in un territorio oltraggiato dalle industrie inquinanti, sono solo alcuni dei temi trattati. In tutte le sedi possibili abbiamo denunciato innumerevoli volte la privazione del diritto allo studio dei bambini del quartiere Tamburi a cui sono state chiuse le scuole. \u00c8 stato imposto alle loro famiglie di fare turnazioni in altre scuole al pomeriggio scombinando qualsiasi equilibrio famigliare e riducendo le ore di studio ed apprendimento di bimbi nati nel posto sbagliato di questa nazione.<\/p>\n<p>Non ci siamo sentiti rispettati in alcun modo. Ieri, come oggi. Non ci siamo sentiti, pertanto, in dovere di rispondere alla richiesta di audizione, tralasciando ancora una volta le necessit\u00e0 delle nostre vite, per parlare con chi non pu\u00f2 in alcun modo rappresentarci. Con chi gi\u00e0 conosce abbondantemente le nostre voci e i nostri problemi che sono stati snocciolati in maniera oltremodo copiosa e ridondante. Non se la prenda a male Di Maio se non pu\u00f2 essere da noi considerato il ministro dello sviluppo economico, del lavoro e delle politiche sociali. Sviluppo economico, lavoro e politiche sociali a Taranto, di fatto, non esistono. Non possiamo, a rigor di logica, riconoscere un ruolo legato a ci\u00f2 che nella nostra citt\u00e0 manca del tutto.<\/p>\n<p>E lo stesso dicasi per il ministro all\u2019Ambiente che, a nostro avviso, avrebbe dovuto fare la spola ogni giorno tra territori come la Terra Dei Fuochi, Taranto, Brindisi, San Foca, Milazzo e tanti altri posti violentati dall\u2019inquinamento. E il ministro Grillo di quale Salute si starebbe occupando in terra ionica? E il ministro Bonisoli, frattanto, \u00e8 riuscito a rasserenare Di Maio riguardo l\u2019esistenza del Museo MarTa dopo che lo scorso settembre lamentava la mancanza di un museo sulla Magna Grecia nella citt\u00e0 dei due mari? E il ministro del Sud a che serve? Ad ammettere che esiste tuttora disparit\u00e0 di diritti ed opportunit\u00e0 tra cittadini dello stesso Stato? Cosa ne pensa a riguardo l\u2019altra met\u00e0 del governo che frattanto ha rimosso la parola \u201cNord\u201d accanto a \u201cLega\u201d pur di fare incetta di voti anche nel Meridione? E quale Stato rappresenterebbero costoro visto che hanno avallato la concessione dell\u2019immunit\u00e0 penale ad un\u2019azienda privata, nota nel mondo per il mancato rispetto delle prescrizioni ambientali, a cui \u00e8 stato dato in affitto un impianto siderurgico vetusto e pericoloso per cittadini e lavoratori? La Costituzione Italiana su cui si fonda il nostro Paese \u00e8 violata, di conseguenza lo sono tutti i nostri diritti essenziali come ha gi\u00e0 avuto modo di rilevare la Corte Europea di Strasburgo.<\/p>\n<p>Saremo disponibili a parlare con questo governo solo quando verr\u00e0 a dirci che sta chiudendo le fonti inquinanti e che lo far\u00e0 adeguandosi ai nostri tempi di esseri umani, cittadini, mamme, padri, disoccupati, malati, precari, migranti, studenti, bimbi. Tempi che sono urgenti e non rinviabili. Tempi molto pi\u00f9 urgenti di passerelle e scadenze elettorali. Tamburi Combattenti non aveva alcun motivo di sedere a quel tavolo. Tamburi Combattenti ha comunicato con la scelta di non mandare alcun suo rappresentante a quel tavolo, col silenzio e con l\u2019assenza, tutto il proprio sdegno.<\/p>\n<p><a href=\"https:\/\/www.facebook.com\/TamburiCombattenti\/\">Tamburi Combattenti<\/a><\/p>\n","protected":false},"excerpt":{"rendered":"<p>La scorsa settimana, la stampa ha diffuso notizie riguardanti la venuta di esponenti del M5S nella citt\u00e0 di Taranto dando per scontato l\u2019incontro con le associazioni cittadine. Nella serata del 22 aprile siamo venuti a conoscenza, tramite un whatsapp la&hellip;<\/p>\n","protected":false},"author":594,"featured_media":846210,"comment_status":"closed","ping_status":"closed","sticky":false,"template":"","format":"standard","meta":{"footnotes":""},"categories":[150,59,47],"tags":[226,4550,58069,227],"class_list":["post-846203","post","type-post","status-publish","format-standard","has-post-thumbnail","hentry","category-comunicati-stampa","category-ambiente-ecologia","category-europa","tag-ilva","tag-m5s","tag-tamburi-combattenti","tag-taranto"],"yoast_head":"<!-- This site is optimized with the Yoast SEO plugin v27.1.1 - https:\/\/yoast.com\/product\/yoast-seo-wordpress\/ -->\n<title>Tamburi Combattenti assente giustificato al tavolo del M5S a Taranto<\/title>\n<meta name=\"description\" content=\"La scorsa settimana, la stampa ha diffuso notizie riguardanti la venuta di esponenti del M5S nella citt\u00e0 di Taranto dando per scontato l\u2019incontro con le\" \/>\n<meta name=\"robots\" content=\"index, follow, max-snippet:-1, max-image-preview:large, max-video-preview:-1\" \/>\n<link rel=\"canonical\" href=\"https:\/\/www.pressenza.com\/it\/2019\/04\/tamburi-combattenti-assente-giustificato-al-tavolo-del-m5s-a-taranto\/\" \/>\n<meta property=\"og:locale\" content=\"it_IT\" \/>\n<meta property=\"og:type\" content=\"article\" \/>\n<meta property=\"og:title\" content=\"Tamburi Combattenti assente giustificato al tavolo del M5S a Taranto\" \/>\n<meta property=\"og:description\" content=\"La scorsa settimana, la stampa ha diffuso notizie riguardanti la venuta di esponenti del M5S nella citt\u00e0 di Taranto dando per scontato l\u2019incontro con le\" \/>\n<meta property=\"og:url\" content=\"https:\/\/www.pressenza.com\/it\/2019\/04\/tamburi-combattenti-assente-giustificato-al-tavolo-del-m5s-a-taranto\/\" \/>\n<meta property=\"og:site_name\" content=\"Pressenza\" \/>\n<meta property=\"article:publisher\" content=\"https:\/\/www.facebook.com\/PressenzaItalia\" \/>\n<meta property=\"article:author\" content=\"https:\/\/www.facebook.com\/PressenzaItalia\" \/>\n<meta property=\"article:published_time\" content=\"2019-04-25T12:09:04+00:00\" \/>\n<meta property=\"og:image\" content=\"https:\/\/www.pressenza.com\/wp-content\/uploads\/2019\/04\/tamburi-combattenti.jpg\" \/>\n\t<meta property=\"og:image:width\" content=\"960\" \/>\n\t<meta property=\"og:image:height\" content=\"640\" \/>\n\t<meta property=\"og:image:type\" content=\"image\/jpeg\" \/>\n<meta name=\"author\" content=\"Redazione Italia\" \/>\n<meta name=\"twitter:card\" content=\"summary_large_image\" \/>\n<meta name=\"twitter:creator\" content=\"@pressenza_it\" \/>\n<meta name=\"twitter:site\" content=\"@PressenzaIPA\" \/>\n<meta name=\"twitter:label1\" content=\"Scritto da\" \/>\n\t<meta name=\"twitter:data1\" content=\"Redazione Italia\" \/>\n\t<meta name=\"twitter:label2\" content=\"Tempo di lettura stimato\" \/>\n\t<meta name=\"twitter:data2\" content=\"4 minuti\" \/>\n<script type=\"application\/ld+json\" class=\"yoast-schema-graph\">{\"@context\":\"https:\/\/schema.org\",\"@graph\":[{\"@type\":\"Article\",\"@id\":\"https:\/\/www.pressenza.com\/it\/2019\/04\/tamburi-combattenti-assente-giustificato-al-tavolo-del-m5s-a-taranto\/#article\",\"isPartOf\":{\"@id\":\"https:\/\/www.pressenza.com\/it\/2019\/04\/tamburi-combattenti-assente-giustificato-al-tavolo-del-m5s-a-taranto\/\"},\"author\":{\"name\":\"Redazione Italia\",\"@id\":\"https:\/\/www.pressenza.com\/it\/#\/schema\/person\/d983e81827ae24f2c7b1a2123d197f8d\"},\"headline\":\"Tamburi Combattenti assente giustificato al tavolo del M5S a Taranto\",\"datePublished\":\"2019-04-25T12:09:04+00:00\",\"mainEntityOfPage\":{\"@id\":\"https:\/\/www.pressenza.com\/it\/2019\/04\/tamburi-combattenti-assente-giustificato-al-tavolo-del-m5s-a-taranto\/\"},\"wordCount\":811,\"publisher\":{\"@id\":\"https:\/\/www.pressenza.com\/it\/#organization\"},\"image\":{\"@id\":\"https:\/\/www.pressenza.com\/it\/2019\/04\/tamburi-combattenti-assente-giustificato-al-tavolo-del-m5s-a-taranto\/#primaryimage\"},\"thumbnailUrl\":\"https:\/\/www.pressenza.com\/wp-content\/uploads\/2019\/04\/tamburi-combattenti.jpg\",\"keywords\":[\"ILVA\",\"M5S\",\"Tamburi Combattenti\",\"Taranto\"],\"articleSection\":[\"Comunicati Stampa\",\"Ecologia ed Ambiente\",\"Europa\"],\"inLanguage\":\"it-IT\"},{\"@type\":\"WebPage\",\"@id\":\"https:\/\/www.pressenza.com\/it\/2019\/04\/tamburi-combattenti-assente-giustificato-al-tavolo-del-m5s-a-taranto\/\",\"url\":\"https:\/\/www.pressenza.com\/it\/2019\/04\/tamburi-combattenti-assente-giustificato-al-tavolo-del-m5s-a-taranto\/\",\"name\":\"Tamburi Combattenti assente giustificato al tavolo del M5S a Taranto\",\"isPartOf\":{\"@id\":\"https:\/\/www.pressenza.com\/it\/#website\"},\"primaryImageOfPage\":{\"@id\":\"https:\/\/www.pressenza.com\/it\/2019\/04\/tamburi-combattenti-assente-giustificato-al-tavolo-del-m5s-a-taranto\/#primaryimage\"},\"image\":{\"@id\":\"https:\/\/www.pressenza.com\/it\/2019\/04\/tamburi-combattenti-assente-giustificato-al-tavolo-del-m5s-a-taranto\/#primaryimage\"},\"thumbnailUrl\":\"https:\/\/www.pressenza.com\/wp-content\/uploads\/2019\/04\/tamburi-combattenti.jpg\",\"datePublished\":\"2019-04-25T12:09:04+00:00\",\"description\":\"La scorsa settimana, la stampa ha diffuso notizie riguardanti la venuta di esponenti del M5S nella citt\u00e0 di Taranto dando per scontato l\u2019incontro con le\",\"breadcrumb\":{\"@id\":\"https:\/\/www.pressenza.com\/it\/2019\/04\/tamburi-combattenti-assente-giustificato-al-tavolo-del-m5s-a-taranto\/#breadcrumb\"},\"inLanguage\":\"it-IT\",\"potentialAction\":[{\"@type\":\"ReadAction\",\"target\":[\"https:\/\/www.pressenza.com\/it\/2019\/04\/tamburi-combattenti-assente-giustificato-al-tavolo-del-m5s-a-taranto\/\"]}]},{\"@type\":\"ImageObject\",\"inLanguage\":\"it-IT\",\"@id\":\"https:\/\/www.pressenza.com\/it\/2019\/04\/tamburi-combattenti-assente-giustificato-al-tavolo-del-m5s-a-taranto\/#primaryimage\",\"url\":\"https:\/\/www.pressenza.com\/wp-content\/uploads\/2019\/04\/tamburi-combattenti.jpg\",\"contentUrl\":\"https:\/\/www.pressenza.com\/wp-content\/uploads\/2019\/04\/tamburi-combattenti.jpg\",\"width\":960,\"height\":640},{\"@type\":\"BreadcrumbList\",\"@id\":\"https:\/\/www.pressenza.com\/it\/2019\/04\/tamburi-combattenti-assente-giustificato-al-tavolo-del-m5s-a-taranto\/#breadcrumb\",\"itemListElement\":[{\"@type\":\"ListItem\",\"position\":1,\"name\":\"Accueil\",\"item\":\"https:\/\/www.pressenza.com\/it\/\"},{\"@type\":\"ListItem\",\"position\":2,\"name\":\"Tamburi Combattenti assente giustificato al tavolo del M5S a Taranto\"}]},{\"@type\":\"WebSite\",\"@id\":\"https:\/\/www.pressenza.com\/it\/#website\",\"url\":\"https:\/\/www.pressenza.com\/it\/\",\"name\":\"Pressenza\",\"description\":\"Agenzia di Stampa Internazionale\",\"publisher\":{\"@id\":\"https:\/\/www.pressenza.com\/it\/#organization\"},\"potentialAction\":[{\"@type\":\"SearchAction\",\"target\":{\"@type\":\"EntryPoint\",\"urlTemplate\":\"https:\/\/www.pressenza.com\/it\/?s={search_term_string}\"},\"query-input\":{\"@type\":\"PropertyValueSpecification\",\"valueRequired\":true,\"valueName\":\"search_term_string\"}}],\"inLanguage\":\"it-IT\"},{\"@type\":\"Organization\",\"@id\":\"https:\/\/www.pressenza.com\/it\/#organization\",\"name\":\"Pressenza\",\"url\":\"https:\/\/www.pressenza.com\/it\/\",\"logo\":{\"@type\":\"ImageObject\",\"inLanguage\":\"it-IT\",\"@id\":\"https:\/\/www.pressenza.com\/it\/#\/schema\/logo\/image\/\",\"url\":\"https:\/\/www.pressenza.com\/wp-content\/uploads\/2022\/10\/pressenza_logo_200x200.jpg\",\"contentUrl\":\"https:\/\/www.pressenza.com\/wp-content\/uploads\/2022\/10\/pressenza_logo_200x200.jpg\",\"width\":200,\"height\":200,\"caption\":\"Pressenza\"},\"image\":{\"@id\":\"https:\/\/www.pressenza.com\/it\/#\/schema\/logo\/image\/\"},\"sameAs\":[\"https:\/\/www.facebook.com\/PressenzaItalia\",\"https:\/\/x.com\/PressenzaIPA\"]},{\"@type\":\"Person\",\"@id\":\"https:\/\/www.pressenza.com\/it\/#\/schema\/person\/d983e81827ae24f2c7b1a2123d197f8d\",\"name\":\"Redazione Italia\",\"description\":\"News from the Pressenza Bureau in Italy\",\"sameAs\":[\"https:\/\/www.pressenza.com\/it\/author\/redazione-italia\/\",\"https:\/\/www.facebook.com\/PressenzaItalia\",\"https:\/\/www.instagram.com\/pressenza_italia\/\",\"https:\/\/x.com\/pressenza_it\",\"https:\/\/www.youtube.com\/channel\/UCSalEIWjE1RSxkwjfftFuqg\"],\"url\":\"https:\/\/www.pressenza.com\/it\/author\/redazione-italia\/\"}]}<\/script>\n<!-- \/ Yoast SEO plugin. -->","yoast_head_json":{"title":"Tamburi Combattenti assente giustificato al tavolo del M5S a Taranto","description":"La scorsa settimana, la stampa ha diffuso notizie riguardanti la venuta di esponenti del M5S nella citt\u00e0 di Taranto dando per scontato l\u2019incontro con le","robots":{"index":"index","follow":"follow","max-snippet":"max-snippet:-1","max-image-preview":"max-image-preview:large","max-video-preview":"max-video-preview:-1"},"canonical":"https:\/\/www.pressenza.com\/it\/2019\/04\/tamburi-combattenti-assente-giustificato-al-tavolo-del-m5s-a-taranto\/","og_locale":"it_IT","og_type":"article","og_title":"Tamburi Combattenti assente giustificato al tavolo del M5S a Taranto","og_description":"La scorsa settimana, la stampa ha diffuso notizie riguardanti la venuta di esponenti del M5S nella citt\u00e0 di Taranto dando per scontato l\u2019incontro con le","og_url":"https:\/\/www.pressenza.com\/it\/2019\/04\/tamburi-combattenti-assente-giustificato-al-tavolo-del-m5s-a-taranto\/","og_site_name":"Pressenza","article_publisher":"https:\/\/www.facebook.com\/PressenzaItalia","article_author":"https:\/\/www.facebook.com\/PressenzaItalia","article_published_time":"2019-04-25T12:09:04+00:00","og_image":[{"width":960,"height":640,"url":"https:\/\/www.pressenza.com\/wp-content\/uploads\/2019\/04\/tamburi-combattenti.jpg","type":"image\/jpeg"}],"author":"Redazione Italia","twitter_card":"summary_large_image","twitter_creator":"@pressenza_it","twitter_site":"@PressenzaIPA","twitter_misc":{"Scritto da":"Redazione Italia","Tempo di lettura stimato":"4 minuti"},"schema":{"@context":"https:\/\/schema.org","@graph":[{"@type":"Article","@id":"https:\/\/www.pressenza.com\/it\/2019\/04\/tamburi-combattenti-assente-giustificato-al-tavolo-del-m5s-a-taranto\/#article","isPartOf":{"@id":"https:\/\/www.pressenza.com\/it\/2019\/04\/tamburi-combattenti-assente-giustificato-al-tavolo-del-m5s-a-taranto\/"},"author":{"name":"Redazione Italia","@id":"https:\/\/www.pressenza.com\/it\/#\/schema\/person\/d983e81827ae24f2c7b1a2123d197f8d"},"headline":"Tamburi Combattenti assente giustificato al tavolo del M5S a Taranto","datePublished":"2019-04-25T12:09:04+00:00","mainEntityOfPage":{"@id":"https:\/\/www.pressenza.com\/it\/2019\/04\/tamburi-combattenti-assente-giustificato-al-tavolo-del-m5s-a-taranto\/"},"wordCount":811,"publisher":{"@id":"https:\/\/www.pressenza.com\/it\/#organization"},"image":{"@id":"https:\/\/www.pressenza.com\/it\/2019\/04\/tamburi-combattenti-assente-giustificato-al-tavolo-del-m5s-a-taranto\/#primaryimage"},"thumbnailUrl":"https:\/\/www.pressenza.com\/wp-content\/uploads\/2019\/04\/tamburi-combattenti.jpg","keywords":["ILVA","M5S","Tamburi Combattenti","Taranto"],"articleSection":["Comunicati Stampa","Ecologia ed Ambiente","Europa"],"inLanguage":"it-IT"},{"@type":"WebPage","@id":"https:\/\/www.pressenza.com\/it\/2019\/04\/tamburi-combattenti-assente-giustificato-al-tavolo-del-m5s-a-taranto\/","url":"https:\/\/www.pressenza.com\/it\/2019\/04\/tamburi-combattenti-assente-giustificato-al-tavolo-del-m5s-a-taranto\/","name":"Tamburi Combattenti assente giustificato al tavolo del M5S a Taranto","isPartOf":{"@id":"https:\/\/www.pressenza.com\/it\/#website"},"primaryImageOfPage":{"@id":"https:\/\/www.pressenza.com\/it\/2019\/04\/tamburi-combattenti-assente-giustificato-al-tavolo-del-m5s-a-taranto\/#primaryimage"},"image":{"@id":"https:\/\/www.pressenza.com\/it\/2019\/04\/tamburi-combattenti-assente-giustificato-al-tavolo-del-m5s-a-taranto\/#primaryimage"},"thumbnailUrl":"https:\/\/www.pressenza.com\/wp-content\/uploads\/2019\/04\/tamburi-combattenti.jpg","datePublished":"2019-04-25T12:09:04+00:00","description":"La scorsa settimana, la stampa ha diffuso notizie riguardanti la venuta di esponenti del M5S nella citt\u00e0 di Taranto dando per scontato l\u2019incontro con le","breadcrumb":{"@id":"https:\/\/www.pressenza.com\/it\/2019\/04\/tamburi-combattenti-assente-giustificato-al-tavolo-del-m5s-a-taranto\/#breadcrumb"},"inLanguage":"it-IT","potentialAction":[{"@type":"ReadAction","target":["https:\/\/www.pressenza.com\/it\/2019\/04\/tamburi-combattenti-assente-giustificato-al-tavolo-del-m5s-a-taranto\/"]}]},{"@type":"ImageObject","inLanguage":"it-IT","@id":"https:\/\/www.pressenza.com\/it\/2019\/04\/tamburi-combattenti-assente-giustificato-al-tavolo-del-m5s-a-taranto\/#primaryimage","url":"https:\/\/www.pressenza.com\/wp-content\/uploads\/2019\/04\/tamburi-combattenti.jpg","contentUrl":"https:\/\/www.pressenza.com\/wp-content\/uploads\/2019\/04\/tamburi-combattenti.jpg","width":960,"height":640},{"@type":"BreadcrumbList","@id":"https:\/\/www.pressenza.com\/it\/2019\/04\/tamburi-combattenti-assente-giustificato-al-tavolo-del-m5s-a-taranto\/#breadcrumb","itemListElement":[{"@type":"ListItem","position":1,"name":"Accueil","item":"https:\/\/www.pressenza.com\/it\/"},{"@type":"ListItem","position":2,"name":"Tamburi Combattenti assente giustificato al tavolo del M5S a Taranto"}]},{"@type":"WebSite","@id":"https:\/\/www.pressenza.com\/it\/#website","url":"https:\/\/www.pressenza.com\/it\/","name":"Pressenza","description":"Agenzia di Stampa Internazionale","publisher":{"@id":"https:\/\/www.pressenza.com\/it\/#organization"},"potentialAction":[{"@type":"SearchAction","target":{"@type":"EntryPoint","urlTemplate":"https:\/\/www.pressenza.com\/it\/?s={search_term_string}"},"query-input":{"@type":"PropertyValueSpecification","valueRequired":true,"valueName":"search_term_string"}}],"inLanguage":"it-IT"},{"@type":"Organization","@id":"https:\/\/www.pressenza.com\/it\/#organization","name":"Pressenza","url":"https:\/\/www.pressenza.com\/it\/","logo":{"@type":"ImageObject","inLanguage":"it-IT","@id":"https:\/\/www.pressenza.com\/it\/#\/schema\/logo\/image\/","url":"https:\/\/www.pressenza.com\/wp-content\/uploads\/2022\/10\/pressenza_logo_200x200.jpg","contentUrl":"https:\/\/www.pressenza.com\/wp-content\/uploads\/2022\/10\/pressenza_logo_200x200.jpg","width":200,"height":200,"caption":"Pressenza"},"image":{"@id":"https:\/\/www.pressenza.com\/it\/#\/schema\/logo\/image\/"},"sameAs":["https:\/\/www.facebook.com\/PressenzaItalia","https:\/\/x.com\/PressenzaIPA"]},{"@type":"Person","@id":"https:\/\/www.pressenza.com\/it\/#\/schema\/person\/d983e81827ae24f2c7b1a2123d197f8d","name":"Redazione Italia","description":"News from the Pressenza Bureau in Italy","sameAs":["https:\/\/www.pressenza.com\/it\/author\/redazione-italia\/","https:\/\/www.facebook.com\/PressenzaItalia","https:\/\/www.instagram.com\/pressenza_italia\/","https:\/\/x.com\/pressenza_it","https:\/\/www.youtube.com\/channel\/UCSalEIWjE1RSxkwjfftFuqg"],"url":"https:\/\/www.pressenza.com\/it\/author\/redazione-italia\/"}]}},"place":"Taranto","original_article_url":"","_links":{"self":[{"href":"https:\/\/www.pressenza.com\/it\/wp-json\/wp\/v2\/posts\/846203","targetHints":{"allow":["GET"]}}],"collection":[{"href":"https:\/\/www.pressenza.com\/it\/wp-json\/wp\/v2\/posts"}],"about":[{"href":"https:\/\/www.pressenza.com\/it\/wp-json\/wp\/v2\/types\/post"}],"author":[{"embeddable":true,"href":"https:\/\/www.pressenza.com\/it\/wp-json\/wp\/v2\/users\/594"}],"replies":[{"embeddable":true,"href":"https:\/\/www.pressenza.com\/it\/wp-json\/wp\/v2\/comments?post=846203"}],"version-history":[{"count":0,"href":"https:\/\/www.pressenza.com\/it\/wp-json\/wp\/v2\/posts\/846203\/revisions"}],"wp:featuredmedia":[{"embeddable":true,"href":"https:\/\/www.pressenza.com\/it\/wp-json\/wp\/v2\/media\/846210"}],"wp:attachment":[{"href":"https:\/\/www.pressenza.com\/it\/wp-json\/wp\/v2\/media?parent=846203"}],"wp:term":[{"taxonomy":"category","embeddable":true,"href":"https:\/\/www.pressenza.com\/it\/wp-json\/wp\/v2\/categories?post=846203"},{"taxonomy":"post_tag","embeddable":true,"href":"https:\/\/www.pressenza.com\/it\/wp-json\/wp\/v2\/tags?post=846203"}],"curies":[{"name":"wp","href":"https:\/\/api.w.org\/{rel}","templated":true}]}}