{"id":84237,"date":"2014-01-10T07:51:29","date_gmt":"2014-01-10T07:51:29","guid":{"rendered":"http:\/\/www.pressenza.com\/?p=84237"},"modified":"2014-01-10T07:52:27","modified_gmt":"2014-01-10T07:52:27","slug":"punta-de-vacas-incontro-mondiale-verso-uneducazione-umanizzante","status":"publish","type":"post","link":"https:\/\/www.pressenza.com\/it\/2014\/01\/punta-de-vacas-incontro-mondiale-verso-uneducazione-umanizzante\/","title":{"rendered":"Punta de Vacas: Incontro Mondiale Verso un&#8217;Educazione Umanizzante"},"content":{"rendered":"<p>&nbsp;<\/p>\n<p>&nbsp;<\/p>\n<p>Organizzato\u00a0 dalla Corrente Pedagogica Umanista \u00a0Universalista (Copehu) presso il Centro Studi Punta de Vacas (Mendoza, Argentina), si svolger\u00e0 da 10 al 12 gennaio il secondo incontro mondiale \u201cVerso un&#8217;educazione umanizzante\u201d.<\/p>\n<p>Workshop esperienziali e confronti su diverse tematiche, con mostre culturali e cerimonie saranno le attivit\u00e0 che vedranno coinvolti i partecipanti da Per\u00f9, Cile, Brasile, Messico, Spagna, Francia e diverse province argentine.<\/p>\n<p>L&#8217;invito riporta il seguente augurio: \u201cche in questo secolo XXI si libri e si sviluppi l&#8217;educazione libertaria, integrale e trasformatrice, cos\u00ec come una danza del vento che annuncia una nuova era all&#8217;umanit\u00e0\u201d<\/p>\n<p>Nel corso delle giornate si alterneranno momenti di riflessione, di studio e di confronto tra gli educatori e gli studiosi del paradigma dei nuovi tempi di un&#8217;educazione trasformatrice che vada verso una direzione evolutiva.<\/p>\n<p>Saranno tre giorni di lavoro d\u2019insieme, nei quali troveranno espressione le proposte che pongono l&#8217;essere umano come valore centrale e che si accompagnano alla metodologia della nonviolenza. Lo scopo dell&#8217;incontro \u00e8 quello di far entrare in sintonia le menti brillanti, i cuori sensibili e le diverse opinioni di tutti i partecipanti.<\/p>\n<p>Si realizzeranno workshop esperienziali basati sulla nuova pedagogia proposta da Copehu dando spazio, inoltre, agli scambi tematici; le \u201ccinque chiavi dell&#8217;apprendimento\u201d, la spiritualit\u00e0, le nuove tecnologie e i mezzi di comunicazione, e il corpo saranno alcune delle tematiche che verranno affrontate.<\/p>\n<p>Inoltre, le cerimonie attorno al Messaggio di Silo daranno ai partecipanti la possibilit\u00e0 di entrare in contatto con il senso della vita e del sacro; proiezioni audiovisive, libri, monografie e rappresentazioni grafiche andranno a costituire parte delle attivit\u00e0.<\/p>\n<p>L&#8217;inizio delle attivit\u00e0 \u00e8 previsto per Venerd\u00ec 10 gennaio alle ore 9, con una colazione a cui far\u00e0 seguito una visita guidata, mentre la consegna degli attestati di partecipazione \u00e8 prevista per il 12 gennaio.<\/p>\n<p>Il secondo Incontro Mondiale verso un&#8217;Educazione Umanizzatrice avr\u00e0 luogo all&#8217;interno del Centro Studi Punta de Vacas, ubicato in un Parco nella Cordigliera delle Ande, ai piedi del Monte Aconcagua, tra le catene montuose Plata, Aconcagua e Tupungato e i fiumi Cuevas, Tupungato e Mendoza.<\/p>\n<p>Il Centro Studi prende il nome dal posto in cui si trova: Punta de Vacas, una piccola cittadina situata\u00a0 nel dipartimento di Las Heras, nella provincia di Mendoza, nella Ruta Nacional 7, a 50 kilometri a ovest dalla citt\u00e0 di Uspallata.<\/p>\n<p>La Copehu \u00e8 un movimento pedagogico ispirato al Pensiero del Nuovo Umanesimo di Silo, portatore di una nuova concezione dell&#8217;essere umano e della coscienza: \u201cuna nuova visione che vede ogni essere umano che viene al mondo portatore di una missione personale e irripetibile verso una direzione umanizzante, una visione attiva della coscienza e del soggetto dell&#8217;apprendimento.<\/p>\n<p>Una prospettiva dalla quale la societ\u00e0 deve disporre per facilitare il processo di apprendimento e la realizzazione di tale missione personale in una funzione sociale. Una nuova visione, che viene messa a disposizione delle nuove generazioni, in questo modo ispirati per costruire una nazione umana dei tempi nuovi\u201d, cos\u00ec come afferma Copehu nel suo statuto fondativo.<\/p>\n<p>Comdividere l&#8217;urgenza della necessit\u00e0 di un nuovo paradigma educativo completo, che consenta il pieno sviluppo della persona in una funzione sociale \u00e8 l&#8217;aspetto fondamentale della proposta di Copehu che, per realizzare tale scopo, invita insegnanti ed educatori coraggiosi, che vogliano farsi portatori di questo pensiero, per diventare innovatori e creatori di una nuova educazione.<\/p>\n<p>Un&#8217;educazione per un destinatario di un processo di apprendimento attivo, un essere umano che aspiri a crescere come essere umano, maturando egli stesso, ma con l&#8217;intuizione che il progresso dovr\u00e0 avvenire per tutti, o non avverr\u00e0 per nessuno.<\/p>\n<p>&nbsp;<\/p>\n<p>Maggiori informazioni, contatti, e iscrizioni tramite il sito: <a href=\"http:\/\/www.copehu.org\/\">www.copehu.org<\/a><\/p>\n<p>&nbsp;<\/p>\n<p><i>Tradotto dallo spagnolo da Giovanni Gai per Pressenza<\/i><\/p>\n","protected":false},"excerpt":{"rendered":"<p>&nbsp; &nbsp; Organizzato\u00a0 dalla Corrente Pedagogica Umanista \u00a0Universalista (Copehu) presso il Centro Studi Punta de Vacas (Mendoza, Argentina), si svolger\u00e0 da 10 al 12 gennaio il secondo incontro mondiale \u201cVerso un&#8217;educazione umanizzante\u201d. Workshop esperienziali e confronti su diverse tematiche, con&hellip;<\/p>\n","protected":false},"author":20,"featured_media":84239,"comment_status":"closed","ping_status":"open","sticky":false,"template":"","format":"standard","meta":{"footnotes":""},"categories":[150,1258,38],"tags":[1688,6435,4499,8519,223,4251],"class_list":["post-84237","post","type-post","status-publish","format-standard","has-post-thumbnail","hentry","category-comunicati-stampa","category-educazione","category-internazionale","tag-argentina-it","tag-copehu-it","tag-educazione-2","tag-educazione-umanista","tag-parchi-di-studio-e-riflessione","tag-punta-de-vacas-it"],"yoast_head":"<!-- This site is optimized with the Yoast SEO plugin v27.1.1 - https:\/\/yoast.com\/product\/yoast-seo-wordpress\/ -->\n<title>Punta de Vacas: Incontro Mondiale Verso un&#039;Educazione Umanizzante<\/title>\n<meta name=\"description\" content=\"&nbsp; &nbsp; Organizzato\u00a0 dalla Corrente Pedagogica Umanista \u00a0Universalista (Copehu) presso il Centro Studi Punta de Vacas (Mendoza, Argentina), si\" \/>\n<meta name=\"robots\" content=\"index, follow, max-snippet:-1, max-image-preview:large, max-video-preview:-1\" \/>\n<link rel=\"canonical\" href=\"https:\/\/www.pressenza.com\/it\/2014\/01\/punta-de-vacas-incontro-mondiale-verso-uneducazione-umanizzante\/\" \/>\n<meta property=\"og:locale\" content=\"it_IT\" \/>\n<meta property=\"og:type\" content=\"article\" \/>\n<meta property=\"og:title\" content=\"Punta de Vacas: Incontro Mondiale Verso un&#039;Educazione Umanizzante\" \/>\n<meta property=\"og:description\" content=\"&nbsp; &nbsp; Organizzato\u00a0 dalla Corrente Pedagogica Umanista \u00a0Universalista (Copehu) presso il Centro Studi Punta de Vacas (Mendoza, Argentina), si\" \/>\n<meta property=\"og:url\" content=\"https:\/\/www.pressenza.com\/it\/2014\/01\/punta-de-vacas-incontro-mondiale-verso-uneducazione-umanizzante\/\" \/>\n<meta property=\"og:site_name\" content=\"Pressenza\" \/>\n<meta property=\"article:publisher\" content=\"https:\/\/www.facebook.com\/PressenzaItalia\" \/>\n<meta property=\"article:published_time\" content=\"2014-01-10T07:51:29+00:00\" \/>\n<meta property=\"article:modified_time\" content=\"2014-01-10T07:52:27+00:00\" \/>\n<meta property=\"og:image\" content=\"https:\/\/www.pressenza.com\/wp-content\/uploads\/2014\/01\/Copehu_2014.png\" \/>\n\t<meta property=\"og:image:width\" content=\"355\" \/>\n\t<meta property=\"og:image:height\" content=\"469\" \/>\n\t<meta property=\"og:image:type\" content=\"image\/png\" \/>\n<meta name=\"author\" content=\"ivan novotny\" \/>\n<meta name=\"twitter:card\" content=\"summary_large_image\" \/>\n<meta name=\"twitter:creator\" content=\"@ivanovotny\" \/>\n<meta name=\"twitter:site\" content=\"@PressenzaIPA\" \/>\n<meta name=\"twitter:label1\" content=\"Scritto da\" \/>\n\t<meta name=\"twitter:data1\" content=\"ivan novotny\" \/>\n\t<meta name=\"twitter:label2\" content=\"Tempo di lettura stimato\" \/>\n\t<meta name=\"twitter:data2\" content=\"3 minuti\" \/>\n<script type=\"application\/ld+json\" class=\"yoast-schema-graph\">{\"@context\":\"https:\/\/schema.org\",\"@graph\":[{\"@type\":\"Article\",\"@id\":\"https:\/\/www.pressenza.com\/it\/2014\/01\/punta-de-vacas-incontro-mondiale-verso-uneducazione-umanizzante\/#article\",\"isPartOf\":{\"@id\":\"https:\/\/www.pressenza.com\/it\/2014\/01\/punta-de-vacas-incontro-mondiale-verso-uneducazione-umanizzante\/\"},\"author\":{\"name\":\"ivan novotny\",\"@id\":\"https:\/\/www.pressenza.com\/it\/#\/schema\/person\/074b2cdde387af1b7a93f788a03ec37a\"},\"headline\":\"Punta de Vacas: Incontro Mondiale Verso un&#8217;Educazione Umanizzante\",\"datePublished\":\"2014-01-10T07:51:29+00:00\",\"dateModified\":\"2014-01-10T07:52:27+00:00\",\"mainEntityOfPage\":{\"@id\":\"https:\/\/www.pressenza.com\/it\/2014\/01\/punta-de-vacas-incontro-mondiale-verso-uneducazione-umanizzante\/\"},\"wordCount\":619,\"publisher\":{\"@id\":\"https:\/\/www.pressenza.com\/it\/#organization\"},\"image\":{\"@id\":\"https:\/\/www.pressenza.com\/it\/2014\/01\/punta-de-vacas-incontro-mondiale-verso-uneducazione-umanizzante\/#primaryimage\"},\"thumbnailUrl\":\"https:\/\/www.pressenza.com\/wp-content\/uploads\/2014\/01\/Copehu_2014.png\",\"keywords\":[\"Argentina\",\"CoPeHU\",\"educazione\",\"educazione umanista\",\"Parchi di Studio e Riflessione\",\"Punta de Vacas\"],\"articleSection\":[\"Comunicati Stampa\",\"Educazione\",\"Internazionale\"],\"inLanguage\":\"it-IT\"},{\"@type\":\"WebPage\",\"@id\":\"https:\/\/www.pressenza.com\/it\/2014\/01\/punta-de-vacas-incontro-mondiale-verso-uneducazione-umanizzante\/\",\"url\":\"https:\/\/www.pressenza.com\/it\/2014\/01\/punta-de-vacas-incontro-mondiale-verso-uneducazione-umanizzante\/\",\"name\":\"Punta de Vacas: Incontro Mondiale Verso un'Educazione Umanizzante\",\"isPartOf\":{\"@id\":\"https:\/\/www.pressenza.com\/it\/#website\"},\"primaryImageOfPage\":{\"@id\":\"https:\/\/www.pressenza.com\/it\/2014\/01\/punta-de-vacas-incontro-mondiale-verso-uneducazione-umanizzante\/#primaryimage\"},\"image\":{\"@id\":\"https:\/\/www.pressenza.com\/it\/2014\/01\/punta-de-vacas-incontro-mondiale-verso-uneducazione-umanizzante\/#primaryimage\"},\"thumbnailUrl\":\"https:\/\/www.pressenza.com\/wp-content\/uploads\/2014\/01\/Copehu_2014.png\",\"datePublished\":\"2014-01-10T07:51:29+00:00\",\"dateModified\":\"2014-01-10T07:52:27+00:00\",\"description\":\"&nbsp; &nbsp; Organizzato\u00a0 dalla Corrente Pedagogica Umanista \u00a0Universalista (Copehu) presso il Centro Studi Punta de Vacas (Mendoza, Argentina), si\",\"breadcrumb\":{\"@id\":\"https:\/\/www.pressenza.com\/it\/2014\/01\/punta-de-vacas-incontro-mondiale-verso-uneducazione-umanizzante\/#breadcrumb\"},\"inLanguage\":\"it-IT\",\"potentialAction\":[{\"@type\":\"ReadAction\",\"target\":[\"https:\/\/www.pressenza.com\/it\/2014\/01\/punta-de-vacas-incontro-mondiale-verso-uneducazione-umanizzante\/\"]}]},{\"@type\":\"ImageObject\",\"inLanguage\":\"it-IT\",\"@id\":\"https:\/\/www.pressenza.com\/it\/2014\/01\/punta-de-vacas-incontro-mondiale-verso-uneducazione-umanizzante\/#primaryimage\",\"url\":\"https:\/\/www.pressenza.com\/wp-content\/uploads\/2014\/01\/Copehu_2014.png\",\"contentUrl\":\"https:\/\/www.pressenza.com\/wp-content\/uploads\/2014\/01\/Copehu_2014.png\",\"width\":355,\"height\":469},{\"@type\":\"BreadcrumbList\",\"@id\":\"https:\/\/www.pressenza.com\/it\/2014\/01\/punta-de-vacas-incontro-mondiale-verso-uneducazione-umanizzante\/#breadcrumb\",\"itemListElement\":[{\"@type\":\"ListItem\",\"position\":1,\"name\":\"Accueil\",\"item\":\"https:\/\/www.pressenza.com\/it\/\"},{\"@type\":\"ListItem\",\"position\":2,\"name\":\"Punta de Vacas: Incontro Mondiale Verso un&#8217;Educazione Umanizzante\"}]},{\"@type\":\"WebSite\",\"@id\":\"https:\/\/www.pressenza.com\/it\/#website\",\"url\":\"https:\/\/www.pressenza.com\/it\/\",\"name\":\"Pressenza\",\"description\":\"Agenzia di Stampa Internazionale\",\"publisher\":{\"@id\":\"https:\/\/www.pressenza.com\/it\/#organization\"},\"potentialAction\":[{\"@type\":\"SearchAction\",\"target\":{\"@type\":\"EntryPoint\",\"urlTemplate\":\"https:\/\/www.pressenza.com\/it\/?s={search_term_string}\"},\"query-input\":{\"@type\":\"PropertyValueSpecification\",\"valueRequired\":true,\"valueName\":\"search_term_string\"}}],\"inLanguage\":\"it-IT\"},{\"@type\":\"Organization\",\"@id\":\"https:\/\/www.pressenza.com\/it\/#organization\",\"name\":\"Pressenza\",\"url\":\"https:\/\/www.pressenza.com\/it\/\",\"logo\":{\"@type\":\"ImageObject\",\"inLanguage\":\"it-IT\",\"@id\":\"https:\/\/www.pressenza.com\/it\/#\/schema\/logo\/image\/\",\"url\":\"https:\/\/www.pressenza.com\/wp-content\/uploads\/2022\/10\/pressenza_logo_200x200.jpg\",\"contentUrl\":\"https:\/\/www.pressenza.com\/wp-content\/uploads\/2022\/10\/pressenza_logo_200x200.jpg\",\"width\":200,\"height\":200,\"caption\":\"Pressenza\"},\"image\":{\"@id\":\"https:\/\/www.pressenza.com\/it\/#\/schema\/logo\/image\/\"},\"sameAs\":[\"https:\/\/www.facebook.com\/PressenzaItalia\",\"https:\/\/x.com\/PressenzaIPA\"]},{\"@type\":\"Person\",\"@id\":\"https:\/\/www.pressenza.com\/it\/#\/schema\/person\/074b2cdde387af1b7a93f788a03ec37a\",\"name\":\"ivan novotny\",\"description\":\"A graduate in Communication Science from the University of Buenos Aires.\",\"sameAs\":[\"https:\/\/www.instagram.com\/inovotny\",\"https:\/\/x.com\/ivanovotny\"],\"url\":\"https:\/\/www.pressenza.com\/it\/author\/ivan-novotny\/\"}]}<\/script>\n<!-- \/ Yoast SEO plugin. -->","yoast_head_json":{"title":"Punta de Vacas: Incontro Mondiale Verso un'Educazione Umanizzante","description":"&nbsp; &nbsp; Organizzato\u00a0 dalla Corrente Pedagogica Umanista \u00a0Universalista (Copehu) presso il Centro Studi Punta de Vacas (Mendoza, Argentina), si","robots":{"index":"index","follow":"follow","max-snippet":"max-snippet:-1","max-image-preview":"max-image-preview:large","max-video-preview":"max-video-preview:-1"},"canonical":"https:\/\/www.pressenza.com\/it\/2014\/01\/punta-de-vacas-incontro-mondiale-verso-uneducazione-umanizzante\/","og_locale":"it_IT","og_type":"article","og_title":"Punta de Vacas: Incontro Mondiale Verso un'Educazione Umanizzante","og_description":"&nbsp; &nbsp; Organizzato\u00a0 dalla Corrente Pedagogica Umanista \u00a0Universalista (Copehu) presso il Centro Studi Punta de Vacas (Mendoza, Argentina), si","og_url":"https:\/\/www.pressenza.com\/it\/2014\/01\/punta-de-vacas-incontro-mondiale-verso-uneducazione-umanizzante\/","og_site_name":"Pressenza","article_publisher":"https:\/\/www.facebook.com\/PressenzaItalia","article_published_time":"2014-01-10T07:51:29+00:00","article_modified_time":"2014-01-10T07:52:27+00:00","og_image":[{"width":355,"height":469,"url":"https:\/\/www.pressenza.com\/wp-content\/uploads\/2014\/01\/Copehu_2014.png","type":"image\/png"}],"author":"ivan novotny","twitter_card":"summary_large_image","twitter_creator":"@ivanovotny","twitter_site":"@PressenzaIPA","twitter_misc":{"Scritto da":"ivan novotny","Tempo di lettura stimato":"3 minuti"},"schema":{"@context":"https:\/\/schema.org","@graph":[{"@type":"Article","@id":"https:\/\/www.pressenza.com\/it\/2014\/01\/punta-de-vacas-incontro-mondiale-verso-uneducazione-umanizzante\/#article","isPartOf":{"@id":"https:\/\/www.pressenza.com\/it\/2014\/01\/punta-de-vacas-incontro-mondiale-verso-uneducazione-umanizzante\/"},"author":{"name":"ivan novotny","@id":"https:\/\/www.pressenza.com\/it\/#\/schema\/person\/074b2cdde387af1b7a93f788a03ec37a"},"headline":"Punta de Vacas: Incontro Mondiale Verso un&#8217;Educazione Umanizzante","datePublished":"2014-01-10T07:51:29+00:00","dateModified":"2014-01-10T07:52:27+00:00","mainEntityOfPage":{"@id":"https:\/\/www.pressenza.com\/it\/2014\/01\/punta-de-vacas-incontro-mondiale-verso-uneducazione-umanizzante\/"},"wordCount":619,"publisher":{"@id":"https:\/\/www.pressenza.com\/it\/#organization"},"image":{"@id":"https:\/\/www.pressenza.com\/it\/2014\/01\/punta-de-vacas-incontro-mondiale-verso-uneducazione-umanizzante\/#primaryimage"},"thumbnailUrl":"https:\/\/www.pressenza.com\/wp-content\/uploads\/2014\/01\/Copehu_2014.png","keywords":["Argentina","CoPeHU","educazione","educazione umanista","Parchi di Studio e Riflessione","Punta de Vacas"],"articleSection":["Comunicati Stampa","Educazione","Internazionale"],"inLanguage":"it-IT"},{"@type":"WebPage","@id":"https:\/\/www.pressenza.com\/it\/2014\/01\/punta-de-vacas-incontro-mondiale-verso-uneducazione-umanizzante\/","url":"https:\/\/www.pressenza.com\/it\/2014\/01\/punta-de-vacas-incontro-mondiale-verso-uneducazione-umanizzante\/","name":"Punta de Vacas: Incontro Mondiale Verso un'Educazione Umanizzante","isPartOf":{"@id":"https:\/\/www.pressenza.com\/it\/#website"},"primaryImageOfPage":{"@id":"https:\/\/www.pressenza.com\/it\/2014\/01\/punta-de-vacas-incontro-mondiale-verso-uneducazione-umanizzante\/#primaryimage"},"image":{"@id":"https:\/\/www.pressenza.com\/it\/2014\/01\/punta-de-vacas-incontro-mondiale-verso-uneducazione-umanizzante\/#primaryimage"},"thumbnailUrl":"https:\/\/www.pressenza.com\/wp-content\/uploads\/2014\/01\/Copehu_2014.png","datePublished":"2014-01-10T07:51:29+00:00","dateModified":"2014-01-10T07:52:27+00:00","description":"&nbsp; &nbsp; Organizzato\u00a0 dalla Corrente Pedagogica Umanista \u00a0Universalista (Copehu) presso il Centro Studi Punta de Vacas (Mendoza, Argentina), si","breadcrumb":{"@id":"https:\/\/www.pressenza.com\/it\/2014\/01\/punta-de-vacas-incontro-mondiale-verso-uneducazione-umanizzante\/#breadcrumb"},"inLanguage":"it-IT","potentialAction":[{"@type":"ReadAction","target":["https:\/\/www.pressenza.com\/it\/2014\/01\/punta-de-vacas-incontro-mondiale-verso-uneducazione-umanizzante\/"]}]},{"@type":"ImageObject","inLanguage":"it-IT","@id":"https:\/\/www.pressenza.com\/it\/2014\/01\/punta-de-vacas-incontro-mondiale-verso-uneducazione-umanizzante\/#primaryimage","url":"https:\/\/www.pressenza.com\/wp-content\/uploads\/2014\/01\/Copehu_2014.png","contentUrl":"https:\/\/www.pressenza.com\/wp-content\/uploads\/2014\/01\/Copehu_2014.png","width":355,"height":469},{"@type":"BreadcrumbList","@id":"https:\/\/www.pressenza.com\/it\/2014\/01\/punta-de-vacas-incontro-mondiale-verso-uneducazione-umanizzante\/#breadcrumb","itemListElement":[{"@type":"ListItem","position":1,"name":"Accueil","item":"https:\/\/www.pressenza.com\/it\/"},{"@type":"ListItem","position":2,"name":"Punta de Vacas: Incontro Mondiale Verso un&#8217;Educazione Umanizzante"}]},{"@type":"WebSite","@id":"https:\/\/www.pressenza.com\/it\/#website","url":"https:\/\/www.pressenza.com\/it\/","name":"Pressenza","description":"Agenzia di Stampa Internazionale","publisher":{"@id":"https:\/\/www.pressenza.com\/it\/#organization"},"potentialAction":[{"@type":"SearchAction","target":{"@type":"EntryPoint","urlTemplate":"https:\/\/www.pressenza.com\/it\/?s={search_term_string}"},"query-input":{"@type":"PropertyValueSpecification","valueRequired":true,"valueName":"search_term_string"}}],"inLanguage":"it-IT"},{"@type":"Organization","@id":"https:\/\/www.pressenza.com\/it\/#organization","name":"Pressenza","url":"https:\/\/www.pressenza.com\/it\/","logo":{"@type":"ImageObject","inLanguage":"it-IT","@id":"https:\/\/www.pressenza.com\/it\/#\/schema\/logo\/image\/","url":"https:\/\/www.pressenza.com\/wp-content\/uploads\/2022\/10\/pressenza_logo_200x200.jpg","contentUrl":"https:\/\/www.pressenza.com\/wp-content\/uploads\/2022\/10\/pressenza_logo_200x200.jpg","width":200,"height":200,"caption":"Pressenza"},"image":{"@id":"https:\/\/www.pressenza.com\/it\/#\/schema\/logo\/image\/"},"sameAs":["https:\/\/www.facebook.com\/PressenzaItalia","https:\/\/x.com\/PressenzaIPA"]},{"@type":"Person","@id":"https:\/\/www.pressenza.com\/it\/#\/schema\/person\/074b2cdde387af1b7a93f788a03ec37a","name":"ivan novotny","description":"A graduate in Communication Science from the University of Buenos Aires.","sameAs":["https:\/\/www.instagram.com\/inovotny","https:\/\/x.com\/ivanovotny"],"url":"https:\/\/www.pressenza.com\/it\/author\/ivan-novotny\/"}]}},"place":"","original_article_url":"","_links":{"self":[{"href":"https:\/\/www.pressenza.com\/it\/wp-json\/wp\/v2\/posts\/84237","targetHints":{"allow":["GET"]}}],"collection":[{"href":"https:\/\/www.pressenza.com\/it\/wp-json\/wp\/v2\/posts"}],"about":[{"href":"https:\/\/www.pressenza.com\/it\/wp-json\/wp\/v2\/types\/post"}],"author":[{"embeddable":true,"href":"https:\/\/www.pressenza.com\/it\/wp-json\/wp\/v2\/users\/20"}],"replies":[{"embeddable":true,"href":"https:\/\/www.pressenza.com\/it\/wp-json\/wp\/v2\/comments?post=84237"}],"version-history":[{"count":0,"href":"https:\/\/www.pressenza.com\/it\/wp-json\/wp\/v2\/posts\/84237\/revisions"}],"wp:featuredmedia":[{"embeddable":true,"href":"https:\/\/www.pressenza.com\/it\/wp-json\/wp\/v2\/media\/84239"}],"wp:attachment":[{"href":"https:\/\/www.pressenza.com\/it\/wp-json\/wp\/v2\/media?parent=84237"}],"wp:term":[{"taxonomy":"category","embeddable":true,"href":"https:\/\/www.pressenza.com\/it\/wp-json\/wp\/v2\/categories?post=84237"},{"taxonomy":"post_tag","embeddable":true,"href":"https:\/\/www.pressenza.com\/it\/wp-json\/wp\/v2\/tags?post=84237"}],"curies":[{"name":"wp","href":"https:\/\/api.w.org\/{rel}","templated":true}]}}