{"id":83834,"date":"2014-01-06T04:37:00","date_gmt":"2014-01-06T04:37:00","guid":{"rendered":"http:\/\/www.pressenza.com\/?p=83834"},"modified":"2014-01-06T04:45:57","modified_gmt":"2014-01-06T04:45:57","slug":"repubblica-ceca-ancora-mistero-per-la-morte-dellambasciatore-palestinese","status":"publish","type":"post","link":"https:\/\/www.pressenza.com\/it\/2014\/01\/repubblica-ceca-ancora-mistero-per-la-morte-dellambasciatore-palestinese\/","title":{"rendered":"Repubblica Ceca, ancora mistero per la morte dell\u2019ambasciatore palestinese"},"content":{"rendered":"<div class=\"wp-caption aligncenter\"><img loading=\"lazy\" decoding=\"async\" alt=\"\" src=\"https:\/\/www.pressenza.com\/wp-content\/uploads\/2014\/01\/408969-original1-amqgi.jpg\" width=\"482\" height=\"351\" \/><p class=\"wp-caption-text\">Novinky.cz\u00a0<\/p><\/div>\n<p style=\"text-align: left;\">\u00a0Sono ancora ignote le dinamiche della morte di Jamel al-Jamal, ambasciatore palestinese a Praga, che ha perso la vita in un\u2019esplosione avvenuta presso la sua residenza il 1 gennaio. L\u2019uomo, 56 anni, un veterano della diplomazia palestinese, stava spostando una cassetta di sicurezza chiusa da circa 30 anni, nella casa in cui da poco si era trasferito con la sua famiglia, nel quartiere Suchdol della citt\u00e0.<\/p>\n<p>Al-Jamal era nato nel 1957, nel campo profughi di Sabra e Shatila in Libano. La sua famiglia era originaria di Jaffa, che poi \u00e8 diventata parte di Israele. \u00c8 entrato a far parte di al-Fatah nel 1975 ed \u00e8 stato nominato vice ambasciatore di Bulgaria nel 1979. A partire dal 1984 ha lavorato come diplomatico a Praga, mentre dal 2005 al 2013 \u00e8 stato Console Generale ad Alessandria d&#8217;Egitto. Nel mese di ottobre 2013 \u00e8 stato nominato Ambasciatore a Praga.<\/p>\n<p>Il ministro degli Esteri palestinese, Riad Malki, ha dichiarato ad Associated Press che il giorno dell\u2019esplosione l&#8217;ambasciatore avrebbe chiesto alla moglie di portargli un foglio e una penna per annotare il contenuto della cassaforte, la donna si \u00e8 allontanata per prenderli e in quel momento c\u2019\u00e8 stato lo scoppio. Al-Jamal \u00e8 stato subito portato in ospedale, dove \u00e8 venuto a mancare poco dopo. I medici lo avevano tenuto in coma artificiale ma le sue condizioni erano troppo gravi. Aveva riportato gravi lesioni addominali, al petto e alla testa.<\/p>\n<p>Non \u00e8 ancora chiaro come sia finito nella cassaforte l\u2019esplosivo che l&#8217;ha ucciso. La polizia ceca ha dichiarato che non \u00e8 stato trovato nulla che lasci pensare a una matrice terroristica. Anche Malki ha escluso l\u2019ipotesi dell\u2019omicidio e ha spiegato ad Associate Press che la cassaforte non veniva aperta da almeno 30 anni ed era stata recentemente trasferita nell\u2019appartamento dell\u2019ambasciatore da un vecchio edificio che ospitava gli uffici dell\u2019OLP nel 1980. Secondo Malki il meccanismo che ha causato l\u2019esplosione si trovava dunque all\u2019interno della cassaforte e per un malfunzionamento o per una manovra errata si sarebbe azionato provocando l\u2019esplosione.<\/p>\n<p>Restano per\u00f2 dubbi su dove sia stata la cassaforte in questi 30 anni e sul perch\u00e9 al-Jamal avesse voluto aprirla proprio adesso. Durante la Guerra fredda, l&#8217;OLP ha mantenuto una presenza in molti Paesi del blocco orientale tuttavia dagli anni &#8217;90 in poi la politica estera dei governi cechi si \u00e8 contraddistinta per un orientamento filo-israeliano, infatti la Repubblica Ceca \u00e8 stata l&#8217;unico Paese membro dell&#8217;UE a votare contro l&#8217;adesione della Palestina all&#8217;Onu.<\/p>\n<p>Intanto la polizia ceca ha dichiarato di aver ritrovato nell\u2019abitazione 12 armi non registrate nel Paese, inizialmente aveva affermato di averne ritrovate 70, poi ha smentito.<\/p>\n<p>Una delegazione del Ministero degli Affari Esteri palestinese \u00e8 arrivata sabato a Praga per seguire le indagini in corso e affiancare la polizia ceca nelle indagini.<\/p>\n","protected":false},"excerpt":{"rendered":"<p>\u00a0Sono ancora ignote le dinamiche della morte di Jamel al-Jamal, ambasciatore palestinese a Praga, che ha perso la vita in un\u2019esplosione avvenuta presso la sua residenza il 1 gennaio. L\u2019uomo, 56 anni, un veterano della diplomazia palestinese, stava spostando una&hellip;<\/p>\n","protected":false},"author":594,"featured_media":0,"comment_status":"closed","ping_status":"open","sticky":false,"template":"","format":"standard","meta":{"footnotes":""},"categories":[38,52,55,57],"tags":[6366,1227,1684],"class_list":["post-83834","post","type-post","status-publish","format-standard","hentry","category-internazionale","category-medio-oriente","category-politica","category-affari-esteri","tag-ambasciatore","tag-palestina-it","tag-repubblica-ceca"],"yoast_head":"<!-- This site is optimized with the Yoast SEO plugin v27.1.1 - https:\/\/yoast.com\/product\/yoast-seo-wordpress\/ -->\n<title>Repubblica Ceca, ancora mistero per la morte dell\u2019ambasciatore palestinese<\/title>\n<meta name=\"description\" content=\"\u00a0Sono ancora ignote le dinamiche della morte di Jamel al-Jamal, ambasciatore palestinese a Praga, che ha perso la vita in un\u2019esplosione avvenuta presso la\" \/>\n<meta name=\"robots\" content=\"index, follow, max-snippet:-1, max-image-preview:large, max-video-preview:-1\" \/>\n<link rel=\"canonical\" href=\"https:\/\/www.pressenza.com\/it\/2014\/01\/repubblica-ceca-ancora-mistero-per-la-morte-dellambasciatore-palestinese\/\" \/>\n<meta property=\"og:locale\" content=\"it_IT\" \/>\n<meta property=\"og:type\" content=\"article\" \/>\n<meta property=\"og:title\" content=\"Repubblica Ceca, ancora mistero per la morte dell\u2019ambasciatore palestinese\" \/>\n<meta property=\"og:description\" content=\"\u00a0Sono ancora ignote le dinamiche della morte di Jamel al-Jamal, ambasciatore palestinese a Praga, che ha perso la vita in un\u2019esplosione avvenuta presso la\" \/>\n<meta property=\"og:url\" content=\"https:\/\/www.pressenza.com\/it\/2014\/01\/repubblica-ceca-ancora-mistero-per-la-morte-dellambasciatore-palestinese\/\" \/>\n<meta property=\"og:site_name\" content=\"Pressenza\" \/>\n<meta property=\"article:publisher\" content=\"https:\/\/www.facebook.com\/PressenzaItalia\" \/>\n<meta property=\"article:author\" content=\"https:\/\/www.facebook.com\/PressenzaItalia\" \/>\n<meta property=\"article:published_time\" content=\"2014-01-06T04:37:00+00:00\" \/>\n<meta property=\"article:modified_time\" content=\"2014-01-06T04:45:57+00:00\" \/>\n<meta property=\"og:image\" content=\"https:\/\/www.pressenza.com\/wp-content\/uploads\/2014\/01\/408969-original1-amqgi.jpg\" \/>\n<meta name=\"author\" content=\"Redazione Italia\" \/>\n<meta name=\"twitter:card\" content=\"summary_large_image\" \/>\n<meta name=\"twitter:creator\" content=\"@pressenza_it\" \/>\n<meta name=\"twitter:site\" content=\"@PressenzaIPA\" \/>\n<meta name=\"twitter:label1\" content=\"Scritto da\" \/>\n\t<meta name=\"twitter:data1\" content=\"Redazione Italia\" \/>\n\t<meta name=\"twitter:label2\" content=\"Tempo di lettura stimato\" \/>\n\t<meta name=\"twitter:data2\" content=\"2 minuti\" \/>\n<script type=\"application\/ld+json\" class=\"yoast-schema-graph\">{\"@context\":\"https:\/\/schema.org\",\"@graph\":[{\"@type\":\"Article\",\"@id\":\"https:\/\/www.pressenza.com\/it\/2014\/01\/repubblica-ceca-ancora-mistero-per-la-morte-dellambasciatore-palestinese\/#article\",\"isPartOf\":{\"@id\":\"https:\/\/www.pressenza.com\/it\/2014\/01\/repubblica-ceca-ancora-mistero-per-la-morte-dellambasciatore-palestinese\/\"},\"author\":{\"name\":\"Redazione Italia\",\"@id\":\"https:\/\/www.pressenza.com\/it\/#\/schema\/person\/d983e81827ae24f2c7b1a2123d197f8d\"},\"headline\":\"Repubblica Ceca, ancora mistero per la morte dell\u2019ambasciatore palestinese\",\"datePublished\":\"2014-01-06T04:37:00+00:00\",\"dateModified\":\"2014-01-06T04:45:57+00:00\",\"mainEntityOfPage\":{\"@id\":\"https:\/\/www.pressenza.com\/it\/2014\/01\/repubblica-ceca-ancora-mistero-per-la-morte-dellambasciatore-palestinese\/\"},\"wordCount\":468,\"publisher\":{\"@id\":\"https:\/\/www.pressenza.com\/it\/#organization\"},\"image\":{\"@id\":\"https:\/\/www.pressenza.com\/it\/2014\/01\/repubblica-ceca-ancora-mistero-per-la-morte-dellambasciatore-palestinese\/#primaryimage\"},\"thumbnailUrl\":\"https:\/\/www.pressenza.com\/wp-content\/uploads\/2014\/01\/408969-original1-amqgi.jpg\",\"keywords\":[\"ambasciatore\",\"Palestina\",\"Repubblica Ceca\"],\"articleSection\":[\"Internazionale\",\"Medio Oriente\",\"Politica\",\"Questioni internazionali\"],\"inLanguage\":\"it-IT\"},{\"@type\":\"WebPage\",\"@id\":\"https:\/\/www.pressenza.com\/it\/2014\/01\/repubblica-ceca-ancora-mistero-per-la-morte-dellambasciatore-palestinese\/\",\"url\":\"https:\/\/www.pressenza.com\/it\/2014\/01\/repubblica-ceca-ancora-mistero-per-la-morte-dellambasciatore-palestinese\/\",\"name\":\"Repubblica Ceca, ancora mistero per la morte dell\u2019ambasciatore palestinese\",\"isPartOf\":{\"@id\":\"https:\/\/www.pressenza.com\/it\/#website\"},\"primaryImageOfPage\":{\"@id\":\"https:\/\/www.pressenza.com\/it\/2014\/01\/repubblica-ceca-ancora-mistero-per-la-morte-dellambasciatore-palestinese\/#primaryimage\"},\"image\":{\"@id\":\"https:\/\/www.pressenza.com\/it\/2014\/01\/repubblica-ceca-ancora-mistero-per-la-morte-dellambasciatore-palestinese\/#primaryimage\"},\"thumbnailUrl\":\"https:\/\/www.pressenza.com\/wp-content\/uploads\/2014\/01\/408969-original1-amqgi.jpg\",\"datePublished\":\"2014-01-06T04:37:00+00:00\",\"dateModified\":\"2014-01-06T04:45:57+00:00\",\"description\":\"\u00a0Sono ancora ignote le dinamiche della morte di Jamel al-Jamal, ambasciatore palestinese a Praga, che ha perso la vita in un\u2019esplosione avvenuta presso la\",\"breadcrumb\":{\"@id\":\"https:\/\/www.pressenza.com\/it\/2014\/01\/repubblica-ceca-ancora-mistero-per-la-morte-dellambasciatore-palestinese\/#breadcrumb\"},\"inLanguage\":\"it-IT\",\"potentialAction\":[{\"@type\":\"ReadAction\",\"target\":[\"https:\/\/www.pressenza.com\/it\/2014\/01\/repubblica-ceca-ancora-mistero-per-la-morte-dellambasciatore-palestinese\/\"]}]},{\"@type\":\"ImageObject\",\"inLanguage\":\"it-IT\",\"@id\":\"https:\/\/www.pressenza.com\/it\/2014\/01\/repubblica-ceca-ancora-mistero-per-la-morte-dellambasciatore-palestinese\/#primaryimage\",\"url\":\"https:\/\/www.pressenza.com\/wp-content\/uploads\/2014\/01\/408969-original1-amqgi.jpg\",\"contentUrl\":\"https:\/\/www.pressenza.com\/wp-content\/uploads\/2014\/01\/408969-original1-amqgi.jpg\"},{\"@type\":\"BreadcrumbList\",\"@id\":\"https:\/\/www.pressenza.com\/it\/2014\/01\/repubblica-ceca-ancora-mistero-per-la-morte-dellambasciatore-palestinese\/#breadcrumb\",\"itemListElement\":[{\"@type\":\"ListItem\",\"position\":1,\"name\":\"Accueil\",\"item\":\"https:\/\/www.pressenza.com\/it\/\"},{\"@type\":\"ListItem\",\"position\":2,\"name\":\"Repubblica Ceca, ancora mistero per la morte dell\u2019ambasciatore palestinese\"}]},{\"@type\":\"WebSite\",\"@id\":\"https:\/\/www.pressenza.com\/it\/#website\",\"url\":\"https:\/\/www.pressenza.com\/it\/\",\"name\":\"Pressenza\",\"description\":\"Agenzia di Stampa Internazionale\",\"publisher\":{\"@id\":\"https:\/\/www.pressenza.com\/it\/#organization\"},\"potentialAction\":[{\"@type\":\"SearchAction\",\"target\":{\"@type\":\"EntryPoint\",\"urlTemplate\":\"https:\/\/www.pressenza.com\/it\/?s={search_term_string}\"},\"query-input\":{\"@type\":\"PropertyValueSpecification\",\"valueRequired\":true,\"valueName\":\"search_term_string\"}}],\"inLanguage\":\"it-IT\"},{\"@type\":\"Organization\",\"@id\":\"https:\/\/www.pressenza.com\/it\/#organization\",\"name\":\"Pressenza\",\"url\":\"https:\/\/www.pressenza.com\/it\/\",\"logo\":{\"@type\":\"ImageObject\",\"inLanguage\":\"it-IT\",\"@id\":\"https:\/\/www.pressenza.com\/it\/#\/schema\/logo\/image\/\",\"url\":\"https:\/\/www.pressenza.com\/wp-content\/uploads\/2022\/10\/pressenza_logo_200x200.jpg\",\"contentUrl\":\"https:\/\/www.pressenza.com\/wp-content\/uploads\/2022\/10\/pressenza_logo_200x200.jpg\",\"width\":200,\"height\":200,\"caption\":\"Pressenza\"},\"image\":{\"@id\":\"https:\/\/www.pressenza.com\/it\/#\/schema\/logo\/image\/\"},\"sameAs\":[\"https:\/\/www.facebook.com\/PressenzaItalia\",\"https:\/\/x.com\/PressenzaIPA\"]},{\"@type\":\"Person\",\"@id\":\"https:\/\/www.pressenza.com\/it\/#\/schema\/person\/d983e81827ae24f2c7b1a2123d197f8d\",\"name\":\"Redazione Italia\",\"description\":\"News from the Pressenza Bureau in Italy\",\"sameAs\":[\"https:\/\/www.pressenza.com\/it\/author\/redazione-italia\/\",\"https:\/\/www.facebook.com\/PressenzaItalia\",\"https:\/\/www.instagram.com\/pressenza_italia\/\",\"https:\/\/x.com\/pressenza_it\",\"https:\/\/www.youtube.com\/channel\/UCSalEIWjE1RSxkwjfftFuqg\"],\"url\":\"https:\/\/www.pressenza.com\/it\/author\/redazione-italia\/\"}]}<\/script>\n<!-- \/ Yoast SEO plugin. -->","yoast_head_json":{"title":"Repubblica Ceca, ancora mistero per la morte dell\u2019ambasciatore palestinese","description":"\u00a0Sono ancora ignote le dinamiche della morte di Jamel al-Jamal, ambasciatore palestinese a Praga, che ha perso la vita in un\u2019esplosione avvenuta presso la","robots":{"index":"index","follow":"follow","max-snippet":"max-snippet:-1","max-image-preview":"max-image-preview:large","max-video-preview":"max-video-preview:-1"},"canonical":"https:\/\/www.pressenza.com\/it\/2014\/01\/repubblica-ceca-ancora-mistero-per-la-morte-dellambasciatore-palestinese\/","og_locale":"it_IT","og_type":"article","og_title":"Repubblica Ceca, ancora mistero per la morte dell\u2019ambasciatore palestinese","og_description":"\u00a0Sono ancora ignote le dinamiche della morte di Jamel al-Jamal, ambasciatore palestinese a Praga, che ha perso la vita in un\u2019esplosione avvenuta presso la","og_url":"https:\/\/www.pressenza.com\/it\/2014\/01\/repubblica-ceca-ancora-mistero-per-la-morte-dellambasciatore-palestinese\/","og_site_name":"Pressenza","article_publisher":"https:\/\/www.facebook.com\/PressenzaItalia","article_author":"https:\/\/www.facebook.com\/PressenzaItalia","article_published_time":"2014-01-06T04:37:00+00:00","article_modified_time":"2014-01-06T04:45:57+00:00","og_image":[{"url":"https:\/\/www.pressenza.com\/wp-content\/uploads\/2014\/01\/408969-original1-amqgi.jpg","type":"","width":"","height":""}],"author":"Redazione Italia","twitter_card":"summary_large_image","twitter_creator":"@pressenza_it","twitter_site":"@PressenzaIPA","twitter_misc":{"Scritto da":"Redazione Italia","Tempo di lettura stimato":"2 minuti"},"schema":{"@context":"https:\/\/schema.org","@graph":[{"@type":"Article","@id":"https:\/\/www.pressenza.com\/it\/2014\/01\/repubblica-ceca-ancora-mistero-per-la-morte-dellambasciatore-palestinese\/#article","isPartOf":{"@id":"https:\/\/www.pressenza.com\/it\/2014\/01\/repubblica-ceca-ancora-mistero-per-la-morte-dellambasciatore-palestinese\/"},"author":{"name":"Redazione Italia","@id":"https:\/\/www.pressenza.com\/it\/#\/schema\/person\/d983e81827ae24f2c7b1a2123d197f8d"},"headline":"Repubblica Ceca, ancora mistero per la morte dell\u2019ambasciatore palestinese","datePublished":"2014-01-06T04:37:00+00:00","dateModified":"2014-01-06T04:45:57+00:00","mainEntityOfPage":{"@id":"https:\/\/www.pressenza.com\/it\/2014\/01\/repubblica-ceca-ancora-mistero-per-la-morte-dellambasciatore-palestinese\/"},"wordCount":468,"publisher":{"@id":"https:\/\/www.pressenza.com\/it\/#organization"},"image":{"@id":"https:\/\/www.pressenza.com\/it\/2014\/01\/repubblica-ceca-ancora-mistero-per-la-morte-dellambasciatore-palestinese\/#primaryimage"},"thumbnailUrl":"https:\/\/www.pressenza.com\/wp-content\/uploads\/2014\/01\/408969-original1-amqgi.jpg","keywords":["ambasciatore","Palestina","Repubblica Ceca"],"articleSection":["Internazionale","Medio Oriente","Politica","Questioni internazionali"],"inLanguage":"it-IT"},{"@type":"WebPage","@id":"https:\/\/www.pressenza.com\/it\/2014\/01\/repubblica-ceca-ancora-mistero-per-la-morte-dellambasciatore-palestinese\/","url":"https:\/\/www.pressenza.com\/it\/2014\/01\/repubblica-ceca-ancora-mistero-per-la-morte-dellambasciatore-palestinese\/","name":"Repubblica Ceca, ancora mistero per la morte dell\u2019ambasciatore palestinese","isPartOf":{"@id":"https:\/\/www.pressenza.com\/it\/#website"},"primaryImageOfPage":{"@id":"https:\/\/www.pressenza.com\/it\/2014\/01\/repubblica-ceca-ancora-mistero-per-la-morte-dellambasciatore-palestinese\/#primaryimage"},"image":{"@id":"https:\/\/www.pressenza.com\/it\/2014\/01\/repubblica-ceca-ancora-mistero-per-la-morte-dellambasciatore-palestinese\/#primaryimage"},"thumbnailUrl":"https:\/\/www.pressenza.com\/wp-content\/uploads\/2014\/01\/408969-original1-amqgi.jpg","datePublished":"2014-01-06T04:37:00+00:00","dateModified":"2014-01-06T04:45:57+00:00","description":"\u00a0Sono ancora ignote le dinamiche della morte di Jamel al-Jamal, ambasciatore palestinese a Praga, che ha perso la vita in un\u2019esplosione avvenuta presso la","breadcrumb":{"@id":"https:\/\/www.pressenza.com\/it\/2014\/01\/repubblica-ceca-ancora-mistero-per-la-morte-dellambasciatore-palestinese\/#breadcrumb"},"inLanguage":"it-IT","potentialAction":[{"@type":"ReadAction","target":["https:\/\/www.pressenza.com\/it\/2014\/01\/repubblica-ceca-ancora-mistero-per-la-morte-dellambasciatore-palestinese\/"]}]},{"@type":"ImageObject","inLanguage":"it-IT","@id":"https:\/\/www.pressenza.com\/it\/2014\/01\/repubblica-ceca-ancora-mistero-per-la-morte-dellambasciatore-palestinese\/#primaryimage","url":"https:\/\/www.pressenza.com\/wp-content\/uploads\/2014\/01\/408969-original1-amqgi.jpg","contentUrl":"https:\/\/www.pressenza.com\/wp-content\/uploads\/2014\/01\/408969-original1-amqgi.jpg"},{"@type":"BreadcrumbList","@id":"https:\/\/www.pressenza.com\/it\/2014\/01\/repubblica-ceca-ancora-mistero-per-la-morte-dellambasciatore-palestinese\/#breadcrumb","itemListElement":[{"@type":"ListItem","position":1,"name":"Accueil","item":"https:\/\/www.pressenza.com\/it\/"},{"@type":"ListItem","position":2,"name":"Repubblica Ceca, ancora mistero per la morte dell\u2019ambasciatore palestinese"}]},{"@type":"WebSite","@id":"https:\/\/www.pressenza.com\/it\/#website","url":"https:\/\/www.pressenza.com\/it\/","name":"Pressenza","description":"Agenzia di Stampa Internazionale","publisher":{"@id":"https:\/\/www.pressenza.com\/it\/#organization"},"potentialAction":[{"@type":"SearchAction","target":{"@type":"EntryPoint","urlTemplate":"https:\/\/www.pressenza.com\/it\/?s={search_term_string}"},"query-input":{"@type":"PropertyValueSpecification","valueRequired":true,"valueName":"search_term_string"}}],"inLanguage":"it-IT"},{"@type":"Organization","@id":"https:\/\/www.pressenza.com\/it\/#organization","name":"Pressenza","url":"https:\/\/www.pressenza.com\/it\/","logo":{"@type":"ImageObject","inLanguage":"it-IT","@id":"https:\/\/www.pressenza.com\/it\/#\/schema\/logo\/image\/","url":"https:\/\/www.pressenza.com\/wp-content\/uploads\/2022\/10\/pressenza_logo_200x200.jpg","contentUrl":"https:\/\/www.pressenza.com\/wp-content\/uploads\/2022\/10\/pressenza_logo_200x200.jpg","width":200,"height":200,"caption":"Pressenza"},"image":{"@id":"https:\/\/www.pressenza.com\/it\/#\/schema\/logo\/image\/"},"sameAs":["https:\/\/www.facebook.com\/PressenzaItalia","https:\/\/x.com\/PressenzaIPA"]},{"@type":"Person","@id":"https:\/\/www.pressenza.com\/it\/#\/schema\/person\/d983e81827ae24f2c7b1a2123d197f8d","name":"Redazione Italia","description":"News from the Pressenza Bureau in Italy","sameAs":["https:\/\/www.pressenza.com\/it\/author\/redazione-italia\/","https:\/\/www.facebook.com\/PressenzaItalia","https:\/\/www.instagram.com\/pressenza_italia\/","https:\/\/x.com\/pressenza_it","https:\/\/www.youtube.com\/channel\/UCSalEIWjE1RSxkwjfftFuqg"],"url":"https:\/\/www.pressenza.com\/it\/author\/redazione-italia\/"}]}},"place":"","original_article_url":"","_links":{"self":[{"href":"https:\/\/www.pressenza.com\/it\/wp-json\/wp\/v2\/posts\/83834","targetHints":{"allow":["GET"]}}],"collection":[{"href":"https:\/\/www.pressenza.com\/it\/wp-json\/wp\/v2\/posts"}],"about":[{"href":"https:\/\/www.pressenza.com\/it\/wp-json\/wp\/v2\/types\/post"}],"author":[{"embeddable":true,"href":"https:\/\/www.pressenza.com\/it\/wp-json\/wp\/v2\/users\/594"}],"replies":[{"embeddable":true,"href":"https:\/\/www.pressenza.com\/it\/wp-json\/wp\/v2\/comments?post=83834"}],"version-history":[{"count":0,"href":"https:\/\/www.pressenza.com\/it\/wp-json\/wp\/v2\/posts\/83834\/revisions"}],"wp:attachment":[{"href":"https:\/\/www.pressenza.com\/it\/wp-json\/wp\/v2\/media?parent=83834"}],"wp:term":[{"taxonomy":"category","embeddable":true,"href":"https:\/\/www.pressenza.com\/it\/wp-json\/wp\/v2\/categories?post=83834"},{"taxonomy":"post_tag","embeddable":true,"href":"https:\/\/www.pressenza.com\/it\/wp-json\/wp\/v2\/tags?post=83834"}],"curies":[{"name":"wp","href":"https:\/\/api.w.org\/{rel}","templated":true}]}}