{"id":837347,"date":"2019-04-08T19:11:17","date_gmt":"2019-04-08T18:11:17","guid":{"rendered":"https:\/\/www.pressenza.com\/?p=837347"},"modified":"2019-04-08T19:11:17","modified_gmt":"2019-04-08T18:11:17","slug":"la-colombia-si-mobilita-per-denunciare-lassassinio-dei-suoi-leader-sociali","status":"publish","type":"post","link":"https:\/\/www.pressenza.com\/it\/2019\/04\/la-colombia-si-mobilita-per-denunciare-lassassinio-dei-suoi-leader-sociali\/","title":{"rendered":"La Colombia si mobilita per denunciare l&#8217;assassinio dei suoi leader sociali"},"content":{"rendered":"<p>&#8220;Si alla pace, alla giustizia e alla vita, no alla guerra&#8221;.<br \/>\n&#8220;Il processo di pace firmato dal governo Santos con le FARC \u00e8 minacciato, la morte sistematica dei leader deve finire, la Corte Internazionale di Giustizia dell&#8217;Aia \u00e8 stata chiamata a garantire un processo veramente giusto, ricorreremo al Tribunale dell&#8217;Aia solo se fallisce la giurisdizione per la pace in Colombia, stiamo creando un precedente&#8221;, dice Luis Garc\u00eda.<\/p>\n<p>New York, in diagonale rispetto alla sede delle Nazioni Unite (ONU), si \u00e8 creato un altro punto d&#8217;incontro per raccontare al mondo quello che sta accadendo in Colombia, &#8220;siamo quasi arrivati a 600 leader uccisi per essersi opposti, rivendicare e dimostrare i loro diritti umani fondamentali, come conseguenza dell&#8217;abbandono del governo nazionale&#8221;, dichiarano i manifestanti. Ognuno portava cartelli che dicevano: &#8220;Dite loro di non uccidermi&#8221;, &#8220;Per una Colombia pi\u00f9 umana, pi\u00f9 solidale&#8221;, &#8220;Basta con il silenzio tra noi e i nostri amici e familiari, vogliamo conoscere la nostra storia&#8221;, &#8220;Per la vita fino alla vita stessa&#8221;, &#8220;Lasciateci vivere in pace&#8221; e le storie di ogni leader che \u00e8 stato ucciso o minacciato.<\/p>\n<p>Sono le voci che si levano in diverse parti del mondo, facendo parte della marcia che i collettivi e le coalizioni giovanili in Europa e in diverse parti del mondo hanno realizzato verso la Corte Internazionale dell&#8217;Aia per denunciare quanto sta accadendo in Colombia.<\/p>\n<p><strong>Elizabeth Castanedas, Collettivo per i Diritti Umani &#8221; Somos Uno Solo&#8221;, Colombia Umana NY, Colombia Cosciente.<\/strong><br \/>\nDichiara: &#8220;Denunciamo gli omicidi sistematici di leader sociali e le continue minacce di morte agli attivisti che difendono i diritti umani in Colombia, che difendono l&#8217;acqua, che difendono la pace, noi che siamo qui vogliamo dire alla comunit\u00e0 internazionale di cominciare ad attirare l&#8217;attenzione del governo colombiano al fine di fargli fare qualcosa al riguardo e non lasciare che si giustifichi col fatto che i leaders sono molti, che non ci sono soldi. Vogliamo un paese in pace, un paese in cui possiamo entrarci tutti.<\/p>\n<p>Per favore, Iv\u00e1n Duque M\u00e1rquez, prenditi la responsabilit\u00e0 e salva la vita di coloro che sono minacciati in Colombia!&#8221;<\/p>\n<p><strong>Yolanda Andersson, Movimento Umanista<\/strong><br \/>\n&#8220;Noi Umanisti respingiamo totalmente quanto sta accadendo in Colombia, pi\u00f9 di 540 leader sociali uccisi e il governo non si pronuncia, sono qui perch\u00e9 sono solidale e perch\u00e9 ritengo che i passi compiuti dai giovani siano molto importanti. Questa \u00e8 la via d&#8217;uscita, la via d&#8217;uscita \u00e8 che questi giovani continuino ad agire per chiedere giustizia e che la vita umana sia rispettata in Colombia, che la Minga sia rispettata, che il governo risponda e se non pu\u00f2 farlo, che si dimetta. Non possiamo continuare a lasciar uccidere i leader delle comunit\u00e0 perch\u00e9 chiedono la loro terra, perch\u00e9 chiedono la pace, perch\u00e9 chiedono giustizia sociale, sono esseri umani.<\/p>\n<p>Ci siamo rivolti al Tribunale internazionale dell&#8217;Aia, perch\u00e9 abbiamo bisogno di far sapere al mondo cosa sta accadendo con il processo di pace; in molti hanno guardato verso la Colombia, ma con l&#8217;arrivo al potere di Duque, il Presidente, non si sta pronunciando.<\/p>\n<p>La marcia condotta dai giovani delle diverse coalizioni e collettivi da Parigi all&#8217;Aia ha lo scopo di far girare lo sguardo del mondo verso la Colombia e se non sar\u00e0 possibile in Colombia, far si che gli aiuti internazionali diventino efficaci e si consideri responsabile il Presidente per la vita dei leader delle comunit\u00e0&#8221;.<\/p>\n<p><strong>Carlos Aguasaco, scrittore, poeta e professore alla Public University City of New York (CUNY).<\/strong><br \/>\n&#8220;La Colombia \u00e8 un paese che ha sofferto per secoli, ha sofferto una guerra fratricida che non ha giovato a nessuno, solo ai venditori di armi, ai criminali ed \u00e8 in un processo di transizione verso la pace, \u00e8 un momento in cui la Colombia deve decidersi per la pace e, naturalmente, le generazioni che sono cresciute in guerra, non conoscono altro che violenza e questa generazione sta cercando di cambiare le cose. Siamo venuti a mostrare solidariet\u00e0 con i leader sociali colombiani che stanno dando la loro vita per la pace del paese, con i popoli indigeni che stanno dando al paese una lezione di integrit\u00e0, un impegno nelle loro marce per difendere i loro diritti ancestrali, per difendere i diritti umani in Colombia e per chiedere al Presidente Duque di impegnarsi per la pace, per difendere la vita e di utilizzare lo Stato per garantire a questa generazione e a quelle future una Colombia pi\u00f9 giusta, una Colombia in pace, una Colombia dove la vita sia la norma e non l&#8217;eccezione.<\/p>\n<p>Ci si \u00e8 rivolti al Tribunale internazionale dell&#8217;Aia per garantire che vi sia un ordinamento giuridico internazionale e che la Colombia, che ovviamente ha firmato questi trattati e che fa parte di queste organizzazioni multilaterali, si assicuri di essere in sintonia con il mondo, di essere in sintonia con queste legislazioni che sono state imposte proprio per evitare la diffusione della guerra.<\/p>\n<p>Il governo sostiene che ci sono troppi leader sociali e che non tutti possono essere protetti; pensiamo che quando un paese entra in pace, le risorse del paese sono sufficienti a proteggerci tutti, \u00e8 uno sforzo, certo, ma fa parte dell&#8217;impegno con il governo che, invece di destinare risorse a una guerra che non aiuta nessuno, sono sicuro che possa essere competente per difendere la vita di leader sociali che difendono semplicemente i diritti umani e i diritti delle classi lavoratrici in Colombia.<\/p>\n<p>Invito i governo colombiano a compiere la sua missione, invito i colombiani all&#8217;estero a mostrare solidariet\u00e0 con le lotte del popolo colombiano, e tutti in generale a usare i procedimenti legali e democratici per sostenere una Colombia pi\u00f9 giusta, una Colombia che possa migliorare sempre di pi\u00f9&#8221;.<\/p>\n<p>La giornata, svoltasi in mezzo al freddo e alla pioggia, si \u00e8 conclusa con la partecipazione e la solidariet\u00e0 del gruppo musicale cileno &#8220;A Desalambrar&#8221;, in un tour di musica di protesta sociale con temi quali: &#8220;Todas las Voces Todas&#8221;, &#8220;Plegaria de un Labrador&#8221;, &#8220;El Derecho a Vivir en Paz&#8221;, &#8220;A Desalambrar&#8221;.<\/p>\n<p>Di Gustavo Espinoza<\/p>\n<p>&nbsp;<\/p>\n<p><em>Traduzione dallo spagnolo di Silvia Nocera<\/em><\/p>\n","protected":false},"excerpt":{"rendered":"<p>&#8220;Si alla pace, alla giustizia e alla vita, no alla guerra&#8221;. &#8220;Il processo di pace firmato dal governo Santos con le FARC \u00e8 minacciato, la morte sistematica dei leader deve finire, la Corte Internazionale di Giustizia dell&#8217;Aia \u00e8 stata chiamata&hellip;<\/p>\n","protected":false},"author":1126,"featured_media":837046,"comment_status":"closed","ping_status":"closed","sticky":false,"template":"","format":"standard","meta":{"footnotes":""},"categories":[11388,60,38,1263,48],"tags":[1563,4227,35746,229],"class_list":["post-837347","post","type-post","status-publish","format-standard","has-post-thumbnail","hentry","category-contenuti-originali","category-diritti-umani","category-internazionale","category-pace-disarmo","category-sud-america","tag-colombia-it","tag-farc-it","tag-ivan-duque","tag-new-york"],"yoast_head":"<!-- This site is optimized with the Yoast SEO plugin v27.1.1 - https:\/\/yoast.com\/product\/yoast-seo-wordpress\/ -->\n<title>La Colombia si mobilita per denunciare l&#039;assassinio dei suoi leader sociali<\/title>\n<meta name=\"description\" content=\"&quot;Si alla pace, alla giustizia e alla vita, no alla guerra&quot;. &quot;Il processo di pace firmato dal governo Santos con le FARC \u00e8 minacciato, la morte sistematica\" \/>\n<meta name=\"robots\" content=\"index, follow, max-snippet:-1, max-image-preview:large, max-video-preview:-1\" \/>\n<link rel=\"canonical\" href=\"https:\/\/www.pressenza.com\/it\/2019\/04\/la-colombia-si-mobilita-per-denunciare-lassassinio-dei-suoi-leader-sociali\/\" \/>\n<meta property=\"og:locale\" content=\"it_IT\" \/>\n<meta property=\"og:type\" content=\"article\" \/>\n<meta property=\"og:title\" content=\"La Colombia si mobilita per denunciare l&#039;assassinio dei suoi leader sociali\" \/>\n<meta property=\"og:description\" content=\"&quot;Si alla pace, alla giustizia e alla vita, no alla guerra&quot;. &quot;Il processo di pace firmato dal governo Santos con le FARC \u00e8 minacciato, la morte sistematica\" \/>\n<meta property=\"og:url\" content=\"https:\/\/www.pressenza.com\/it\/2019\/04\/la-colombia-si-mobilita-per-denunciare-lassassinio-dei-suoi-leader-sociali\/\" \/>\n<meta property=\"og:site_name\" content=\"Pressenza\" \/>\n<meta property=\"article:publisher\" content=\"https:\/\/www.facebook.com\/PressenzaItalia\" \/>\n<meta property=\"article:author\" content=\"https:\/\/www.facebook.com\/PressenzaEnglish\/\" \/>\n<meta property=\"article:published_time\" content=\"2019-04-08T18:11:17+00:00\" \/>\n<meta property=\"og:image\" content=\"https:\/\/www.pressenza.com\/wp-content\/uploads\/2019\/04\/Marchamos-Por-La-Haya.jpg\" \/>\n\t<meta property=\"og:image:width\" content=\"2048\" \/>\n\t<meta property=\"og:image:height\" content=\"1135\" \/>\n\t<meta property=\"og:image:type\" content=\"image\/jpeg\" \/>\n<meta name=\"author\" content=\"Pressenza New York\" \/>\n<meta name=\"twitter:card\" content=\"summary_large_image\" \/>\n<meta name=\"twitter:creator\" content=\"@PressenzaIPA\" \/>\n<meta name=\"twitter:site\" content=\"@PressenzaIPA\" \/>\n<meta name=\"twitter:label1\" content=\"Scritto da\" \/>\n\t<meta name=\"twitter:data1\" content=\"Pressenza New York\" \/>\n\t<meta name=\"twitter:label2\" content=\"Tempo di lettura stimato\" \/>\n\t<meta name=\"twitter:data2\" content=\"5 minuti\" \/>\n<script type=\"application\/ld+json\" class=\"yoast-schema-graph\">{\"@context\":\"https:\/\/schema.org\",\"@graph\":[{\"@type\":\"Article\",\"@id\":\"https:\/\/www.pressenza.com\/it\/2019\/04\/la-colombia-si-mobilita-per-denunciare-lassassinio-dei-suoi-leader-sociali\/#article\",\"isPartOf\":{\"@id\":\"https:\/\/www.pressenza.com\/it\/2019\/04\/la-colombia-si-mobilita-per-denunciare-lassassinio-dei-suoi-leader-sociali\/\"},\"author\":{\"name\":\"Pressenza New York\",\"@id\":\"https:\/\/www.pressenza.com\/it\/#\/schema\/person\/75ff8ec4b4b03f1d2da977bba83672b3\"},\"headline\":\"La Colombia si mobilita per denunciare l&#8217;assassinio dei suoi leader sociali\",\"datePublished\":\"2019-04-08T18:11:17+00:00\",\"mainEntityOfPage\":{\"@id\":\"https:\/\/www.pressenza.com\/it\/2019\/04\/la-colombia-si-mobilita-per-denunciare-lassassinio-dei-suoi-leader-sociali\/\"},\"wordCount\":1009,\"publisher\":{\"@id\":\"https:\/\/www.pressenza.com\/it\/#organization\"},\"image\":{\"@id\":\"https:\/\/www.pressenza.com\/it\/2019\/04\/la-colombia-si-mobilita-per-denunciare-lassassinio-dei-suoi-leader-sociali\/#primaryimage\"},\"thumbnailUrl\":\"https:\/\/www.pressenza.com\/wp-content\/uploads\/2019\/04\/Marchamos-Por-La-Haya.jpg\",\"keywords\":[\"Colombia\",\"Farc\",\"Iv\u00e1n Duque\",\"New York\"],\"articleSection\":[\"contenuti originali\",\"Diritti Umani\",\"Internazionale\",\"Pace e Disarmo\",\"Sud America\"],\"inLanguage\":\"it-IT\"},{\"@type\":\"WebPage\",\"@id\":\"https:\/\/www.pressenza.com\/it\/2019\/04\/la-colombia-si-mobilita-per-denunciare-lassassinio-dei-suoi-leader-sociali\/\",\"url\":\"https:\/\/www.pressenza.com\/it\/2019\/04\/la-colombia-si-mobilita-per-denunciare-lassassinio-dei-suoi-leader-sociali\/\",\"name\":\"La Colombia si mobilita per denunciare l'assassinio dei suoi leader sociali\",\"isPartOf\":{\"@id\":\"https:\/\/www.pressenza.com\/it\/#website\"},\"primaryImageOfPage\":{\"@id\":\"https:\/\/www.pressenza.com\/it\/2019\/04\/la-colombia-si-mobilita-per-denunciare-lassassinio-dei-suoi-leader-sociali\/#primaryimage\"},\"image\":{\"@id\":\"https:\/\/www.pressenza.com\/it\/2019\/04\/la-colombia-si-mobilita-per-denunciare-lassassinio-dei-suoi-leader-sociali\/#primaryimage\"},\"thumbnailUrl\":\"https:\/\/www.pressenza.com\/wp-content\/uploads\/2019\/04\/Marchamos-Por-La-Haya.jpg\",\"datePublished\":\"2019-04-08T18:11:17+00:00\",\"description\":\"\\\"Si alla pace, alla giustizia e alla vita, no alla guerra\\\". \\\"Il processo di pace firmato dal governo Santos con le FARC \u00e8 minacciato, la morte sistematica\",\"breadcrumb\":{\"@id\":\"https:\/\/www.pressenza.com\/it\/2019\/04\/la-colombia-si-mobilita-per-denunciare-lassassinio-dei-suoi-leader-sociali\/#breadcrumb\"},\"inLanguage\":\"it-IT\",\"potentialAction\":[{\"@type\":\"ReadAction\",\"target\":[\"https:\/\/www.pressenza.com\/it\/2019\/04\/la-colombia-si-mobilita-per-denunciare-lassassinio-dei-suoi-leader-sociali\/\"]}]},{\"@type\":\"ImageObject\",\"inLanguage\":\"it-IT\",\"@id\":\"https:\/\/www.pressenza.com\/it\/2019\/04\/la-colombia-si-mobilita-per-denunciare-lassassinio-dei-suoi-leader-sociali\/#primaryimage\",\"url\":\"https:\/\/www.pressenza.com\/wp-content\/uploads\/2019\/04\/Marchamos-Por-La-Haya.jpg\",\"contentUrl\":\"https:\/\/www.pressenza.com\/wp-content\/uploads\/2019\/04\/Marchamos-Por-La-Haya.jpg\",\"width\":2048,\"height\":1135,\"caption\":\"New York, diagonal a la sede de Organizaci\u00f3n de Naciones Unidas (ONU)\"},{\"@type\":\"BreadcrumbList\",\"@id\":\"https:\/\/www.pressenza.com\/it\/2019\/04\/la-colombia-si-mobilita-per-denunciare-lassassinio-dei-suoi-leader-sociali\/#breadcrumb\",\"itemListElement\":[{\"@type\":\"ListItem\",\"position\":1,\"name\":\"Accueil\",\"item\":\"https:\/\/www.pressenza.com\/it\/\"},{\"@type\":\"ListItem\",\"position\":2,\"name\":\"La Colombia si mobilita per denunciare l&#8217;assassinio dei suoi leader sociali\"}]},{\"@type\":\"WebSite\",\"@id\":\"https:\/\/www.pressenza.com\/it\/#website\",\"url\":\"https:\/\/www.pressenza.com\/it\/\",\"name\":\"Pressenza\",\"description\":\"Agenzia di Stampa Internazionale\",\"publisher\":{\"@id\":\"https:\/\/www.pressenza.com\/it\/#organization\"},\"potentialAction\":[{\"@type\":\"SearchAction\",\"target\":{\"@type\":\"EntryPoint\",\"urlTemplate\":\"https:\/\/www.pressenza.com\/it\/?s={search_term_string}\"},\"query-input\":{\"@type\":\"PropertyValueSpecification\",\"valueRequired\":true,\"valueName\":\"search_term_string\"}}],\"inLanguage\":\"it-IT\"},{\"@type\":\"Organization\",\"@id\":\"https:\/\/www.pressenza.com\/it\/#organization\",\"name\":\"Pressenza\",\"url\":\"https:\/\/www.pressenza.com\/it\/\",\"logo\":{\"@type\":\"ImageObject\",\"inLanguage\":\"it-IT\",\"@id\":\"https:\/\/www.pressenza.com\/it\/#\/schema\/logo\/image\/\",\"url\":\"https:\/\/www.pressenza.com\/wp-content\/uploads\/2022\/10\/pressenza_logo_200x200.jpg\",\"contentUrl\":\"https:\/\/www.pressenza.com\/wp-content\/uploads\/2022\/10\/pressenza_logo_200x200.jpg\",\"width\":200,\"height\":200,\"caption\":\"Pressenza\"},\"image\":{\"@id\":\"https:\/\/www.pressenza.com\/it\/#\/schema\/logo\/image\/\"},\"sameAs\":[\"https:\/\/www.facebook.com\/PressenzaItalia\",\"https:\/\/x.com\/PressenzaIPA\"]},{\"@type\":\"Person\",\"@id\":\"https:\/\/www.pressenza.com\/it\/#\/schema\/person\/75ff8ec4b4b03f1d2da977bba83672b3\",\"name\":\"Pressenza New York\",\"description\":\"News from the Pressenza Bureau in New York, United States\",\"sameAs\":[\"https:\/\/www.facebook.com\/PressenzaEnglish\/\",\"https:\/\/x.com\/PressenzaIPA\"],\"url\":\"https:\/\/www.pressenza.com\/it\/author\/pressenza-new-york\/\"}]}<\/script>\n<!-- \/ Yoast SEO plugin. -->","yoast_head_json":{"title":"La Colombia si mobilita per denunciare l'assassinio dei suoi leader sociali","description":"\"Si alla pace, alla giustizia e alla vita, no alla guerra\". \"Il processo di pace firmato dal governo Santos con le FARC \u00e8 minacciato, la morte sistematica","robots":{"index":"index","follow":"follow","max-snippet":"max-snippet:-1","max-image-preview":"max-image-preview:large","max-video-preview":"max-video-preview:-1"},"canonical":"https:\/\/www.pressenza.com\/it\/2019\/04\/la-colombia-si-mobilita-per-denunciare-lassassinio-dei-suoi-leader-sociali\/","og_locale":"it_IT","og_type":"article","og_title":"La Colombia si mobilita per denunciare l'assassinio dei suoi leader sociali","og_description":"\"Si alla pace, alla giustizia e alla vita, no alla guerra\". \"Il processo di pace firmato dal governo Santos con le FARC \u00e8 minacciato, la morte sistematica","og_url":"https:\/\/www.pressenza.com\/it\/2019\/04\/la-colombia-si-mobilita-per-denunciare-lassassinio-dei-suoi-leader-sociali\/","og_site_name":"Pressenza","article_publisher":"https:\/\/www.facebook.com\/PressenzaItalia","article_author":"https:\/\/www.facebook.com\/PressenzaEnglish\/","article_published_time":"2019-04-08T18:11:17+00:00","og_image":[{"width":2048,"height":1135,"url":"https:\/\/www.pressenza.com\/wp-content\/uploads\/2019\/04\/Marchamos-Por-La-Haya.jpg","type":"image\/jpeg"}],"author":"Pressenza New York","twitter_card":"summary_large_image","twitter_creator":"@PressenzaIPA","twitter_site":"@PressenzaIPA","twitter_misc":{"Scritto da":"Pressenza New York","Tempo di lettura stimato":"5 minuti"},"schema":{"@context":"https:\/\/schema.org","@graph":[{"@type":"Article","@id":"https:\/\/www.pressenza.com\/it\/2019\/04\/la-colombia-si-mobilita-per-denunciare-lassassinio-dei-suoi-leader-sociali\/#article","isPartOf":{"@id":"https:\/\/www.pressenza.com\/it\/2019\/04\/la-colombia-si-mobilita-per-denunciare-lassassinio-dei-suoi-leader-sociali\/"},"author":{"name":"Pressenza New York","@id":"https:\/\/www.pressenza.com\/it\/#\/schema\/person\/75ff8ec4b4b03f1d2da977bba83672b3"},"headline":"La Colombia si mobilita per denunciare l&#8217;assassinio dei suoi leader sociali","datePublished":"2019-04-08T18:11:17+00:00","mainEntityOfPage":{"@id":"https:\/\/www.pressenza.com\/it\/2019\/04\/la-colombia-si-mobilita-per-denunciare-lassassinio-dei-suoi-leader-sociali\/"},"wordCount":1009,"publisher":{"@id":"https:\/\/www.pressenza.com\/it\/#organization"},"image":{"@id":"https:\/\/www.pressenza.com\/it\/2019\/04\/la-colombia-si-mobilita-per-denunciare-lassassinio-dei-suoi-leader-sociali\/#primaryimage"},"thumbnailUrl":"https:\/\/www.pressenza.com\/wp-content\/uploads\/2019\/04\/Marchamos-Por-La-Haya.jpg","keywords":["Colombia","Farc","Iv\u00e1n Duque","New York"],"articleSection":["contenuti originali","Diritti Umani","Internazionale","Pace e Disarmo","Sud America"],"inLanguage":"it-IT"},{"@type":"WebPage","@id":"https:\/\/www.pressenza.com\/it\/2019\/04\/la-colombia-si-mobilita-per-denunciare-lassassinio-dei-suoi-leader-sociali\/","url":"https:\/\/www.pressenza.com\/it\/2019\/04\/la-colombia-si-mobilita-per-denunciare-lassassinio-dei-suoi-leader-sociali\/","name":"La Colombia si mobilita per denunciare l'assassinio dei suoi leader sociali","isPartOf":{"@id":"https:\/\/www.pressenza.com\/it\/#website"},"primaryImageOfPage":{"@id":"https:\/\/www.pressenza.com\/it\/2019\/04\/la-colombia-si-mobilita-per-denunciare-lassassinio-dei-suoi-leader-sociali\/#primaryimage"},"image":{"@id":"https:\/\/www.pressenza.com\/it\/2019\/04\/la-colombia-si-mobilita-per-denunciare-lassassinio-dei-suoi-leader-sociali\/#primaryimage"},"thumbnailUrl":"https:\/\/www.pressenza.com\/wp-content\/uploads\/2019\/04\/Marchamos-Por-La-Haya.jpg","datePublished":"2019-04-08T18:11:17+00:00","description":"\"Si alla pace, alla giustizia e alla vita, no alla guerra\". \"Il processo di pace firmato dal governo Santos con le FARC \u00e8 minacciato, la morte sistematica","breadcrumb":{"@id":"https:\/\/www.pressenza.com\/it\/2019\/04\/la-colombia-si-mobilita-per-denunciare-lassassinio-dei-suoi-leader-sociali\/#breadcrumb"},"inLanguage":"it-IT","potentialAction":[{"@type":"ReadAction","target":["https:\/\/www.pressenza.com\/it\/2019\/04\/la-colombia-si-mobilita-per-denunciare-lassassinio-dei-suoi-leader-sociali\/"]}]},{"@type":"ImageObject","inLanguage":"it-IT","@id":"https:\/\/www.pressenza.com\/it\/2019\/04\/la-colombia-si-mobilita-per-denunciare-lassassinio-dei-suoi-leader-sociali\/#primaryimage","url":"https:\/\/www.pressenza.com\/wp-content\/uploads\/2019\/04\/Marchamos-Por-La-Haya.jpg","contentUrl":"https:\/\/www.pressenza.com\/wp-content\/uploads\/2019\/04\/Marchamos-Por-La-Haya.jpg","width":2048,"height":1135,"caption":"New York, diagonal a la sede de Organizaci\u00f3n de Naciones Unidas (ONU)"},{"@type":"BreadcrumbList","@id":"https:\/\/www.pressenza.com\/it\/2019\/04\/la-colombia-si-mobilita-per-denunciare-lassassinio-dei-suoi-leader-sociali\/#breadcrumb","itemListElement":[{"@type":"ListItem","position":1,"name":"Accueil","item":"https:\/\/www.pressenza.com\/it\/"},{"@type":"ListItem","position":2,"name":"La Colombia si mobilita per denunciare l&#8217;assassinio dei suoi leader sociali"}]},{"@type":"WebSite","@id":"https:\/\/www.pressenza.com\/it\/#website","url":"https:\/\/www.pressenza.com\/it\/","name":"Pressenza","description":"Agenzia di Stampa Internazionale","publisher":{"@id":"https:\/\/www.pressenza.com\/it\/#organization"},"potentialAction":[{"@type":"SearchAction","target":{"@type":"EntryPoint","urlTemplate":"https:\/\/www.pressenza.com\/it\/?s={search_term_string}"},"query-input":{"@type":"PropertyValueSpecification","valueRequired":true,"valueName":"search_term_string"}}],"inLanguage":"it-IT"},{"@type":"Organization","@id":"https:\/\/www.pressenza.com\/it\/#organization","name":"Pressenza","url":"https:\/\/www.pressenza.com\/it\/","logo":{"@type":"ImageObject","inLanguage":"it-IT","@id":"https:\/\/www.pressenza.com\/it\/#\/schema\/logo\/image\/","url":"https:\/\/www.pressenza.com\/wp-content\/uploads\/2022\/10\/pressenza_logo_200x200.jpg","contentUrl":"https:\/\/www.pressenza.com\/wp-content\/uploads\/2022\/10\/pressenza_logo_200x200.jpg","width":200,"height":200,"caption":"Pressenza"},"image":{"@id":"https:\/\/www.pressenza.com\/it\/#\/schema\/logo\/image\/"},"sameAs":["https:\/\/www.facebook.com\/PressenzaItalia","https:\/\/x.com\/PressenzaIPA"]},{"@type":"Person","@id":"https:\/\/www.pressenza.com\/it\/#\/schema\/person\/75ff8ec4b4b03f1d2da977bba83672b3","name":"Pressenza New York","description":"News from the Pressenza Bureau in New York, United States","sameAs":["https:\/\/www.facebook.com\/PressenzaEnglish\/","https:\/\/x.com\/PressenzaIPA"],"url":"https:\/\/www.pressenza.com\/it\/author\/pressenza-new-york\/"}]}},"place":"New York","original_article_url":"","_links":{"self":[{"href":"https:\/\/www.pressenza.com\/it\/wp-json\/wp\/v2\/posts\/837347","targetHints":{"allow":["GET"]}}],"collection":[{"href":"https:\/\/www.pressenza.com\/it\/wp-json\/wp\/v2\/posts"}],"about":[{"href":"https:\/\/www.pressenza.com\/it\/wp-json\/wp\/v2\/types\/post"}],"author":[{"embeddable":true,"href":"https:\/\/www.pressenza.com\/it\/wp-json\/wp\/v2\/users\/1126"}],"replies":[{"embeddable":true,"href":"https:\/\/www.pressenza.com\/it\/wp-json\/wp\/v2\/comments?post=837347"}],"version-history":[{"count":0,"href":"https:\/\/www.pressenza.com\/it\/wp-json\/wp\/v2\/posts\/837347\/revisions"}],"wp:featuredmedia":[{"embeddable":true,"href":"https:\/\/www.pressenza.com\/it\/wp-json\/wp\/v2\/media\/837046"}],"wp:attachment":[{"href":"https:\/\/www.pressenza.com\/it\/wp-json\/wp\/v2\/media?parent=837347"}],"wp:term":[{"taxonomy":"category","embeddable":true,"href":"https:\/\/www.pressenza.com\/it\/wp-json\/wp\/v2\/categories?post=837347"},{"taxonomy":"post_tag","embeddable":true,"href":"https:\/\/www.pressenza.com\/it\/wp-json\/wp\/v2\/tags?post=837347"}],"curies":[{"name":"wp","href":"https:\/\/api.w.org\/{rel}","templated":true}]}}