{"id":835176,"date":"2019-04-03T16:49:42","date_gmt":"2019-04-03T15:49:42","guid":{"rendered":"https:\/\/www.pressenza.com\/?p=835176"},"modified":"2019-04-03T16:50:25","modified_gmt":"2019-04-03T15:50:25","slug":"stop-allo-sfruttamento-dei-migranti-come-lavoratori-agricoli-in-italia","status":"publish","type":"post","link":"https:\/\/www.pressenza.com\/it\/2019\/04\/stop-allo-sfruttamento-dei-migranti-come-lavoratori-agricoli-in-italia\/","title":{"rendered":"Stop allo sfruttamento dei migranti come lavoratori agricoli in Italia"},"content":{"rendered":"<div class=\"entry-inner\">\n<div class=\"addtoany_share_save_container addtoany_content addtoany_content_top\"><\/div>\n<\/div>\n<p>L\u2019appello-denuncia \u00e8 firmato da un gruppo di medici italiani dell\u2019organizzazione non governativa Medici con l\u2019Africa Cuamm e pubblicato sulle pagine del <a href=\"http:\/\/pubblicato sulle pagine del British Medical Journal.\" target=\"_blank\" rel=\"noopener\">British Medical Journal<\/a>.<\/p>\n<p>Il contributo parla di Marcus che \u00e8 morto per il freddo e di Paola che non ha invece resistito al caldo e alla fatica. Parla di Sacko ucciso mentre cercava materiale per costruire un rifugio e di Becky rimasta intrappolata dalle fiamme in un incendio. Parla di tanti altri lavoratori senza un nome che sono stati uccisi da condizioni di lavoro estenuanti sotto il controllo di caporali senza scrupoli: 1.500 braccianti negli ultimi 6 anni. Lavoravano tutti per poco pi\u00f9 di un euro l\u2019ora nelle campagne del Belpaese, appezzamenti agricoli dove si rischia di morire come in campi di battaglia. Morti invisibili che sfuggono alle statistiche e agli onori della cronaca. Fanno notizia solo i casi pi\u00f9 eclatanti, come l\u2019incidente stradale dello scorso agosto in Puglia che ha provocato 12 vittime tra i lavoratori agricoli. Erano stipati in un camioncino, stremati alla fine di una giornata di lavoro.<\/p>\n<p>\u00abLa dignit\u00e0 umana dei lavoratori e dei cittadini deve essere preservata e devono essere garantiti i servizi essenziali. Non stiamo forse perseguendo la copertura sanitaria universale?\u00bb, scrivono i medici italiani sul Bmj.<\/p>\n<p>Claudia Marotta,\u200b di Medici con l\u2019Africa Cuamm e i colleghi firmatari dell\u2019articolo, hanno scelto di far conoscere alla comunit\u00e0 internazionale il lato oscuro del nostro Paese, celebre in tutto il mondo anche per i frutti saporiti della sua terra. Ma a che prezzo vengono coltivati i pomodori italiani venduti sul mercato globale da Londra a Shangai? Qual \u00e8 il costo umano di quei prodotti? Il conto \u00e8 facile a farsi: i lavoratori sono generalmente pagati in base alla quantit\u00e0 di verdure raccolte e non per le ore di lavoro. Quando viene scelta questa seconda forma di pagamento, il bracciante arriva a intascare a fine giornata non pi\u00f9 di 12 euro.<\/p>\n<p>Non esiste un censimento ufficiale di questa nuova forma di schiavit\u00f9, ma Marotta e i colleghi stimano che esistano in Italia 50-70 ghetti dove sono relegati in tutto circa 100mila lavoratori. Gli alloggi sono strutture fatiscenti, senza acqua e servizi igienici di base, lontani dai centri abitati e dagli ospedali.<\/p>\n<p>\u00abNel corso degli anni \u2013 scrivono i medici \u2013 la presenza dello Stato, della chiesa, delle organizzazioni non governative e dei volontari si \u00e8 fatta sentire, ma non \u00e8 stata sufficiente per apportare cambiamenti significativi. Se dobbiamo affrontare il fenomeno dell\u2019\u201dagromafia\u201d, la struttura dello sfruttamento e il sistema criminale alla base di questo sfruttamento, e ottenere orari di lavoro e retribuzioni equi per i lavoratori a basso salario, allora sono necessari forti cambiamenti culturali e azioni collettive\u00bb.<\/p>\n<p>Dal 2015 i dottori di Medici con l\u2019Africa Cuamm in collaborazione con istituzioni locali forniscono assistenza sanitaria ai lavoratori dei campi. Ogni domenica un ambulatorio mobile viene posizionato nei paraggi di tre ghetti pugliesi. In quattro anni sono stati visitati 4.800 pazienti. I principali problemi di salute sono la fatica (46%), mal di denti (19%), difficolt\u00e0 respiratorie (10%), disturbi dermatologici (8%). Seguono problemi ginecologici cardiovascolari, traumi e disturbi psichiatrici.<\/p>\n<p>Non \u00e8 facile indirizzare i pazienti pi\u00f9 bisognosi a percorsi terapeutici efficaci, dicono i medici. E le difficolt\u00e0 sono destinate ad aumentare. \u00ab\u00c8 difficile immaginare \u2013 scrivono i firmatari dell\u2019appello \u2013 che la situazione possa migliorare data la tendenza politica attuale in Italia, il decreto sicurezza e il fatto che il problema venga considerato solamente come una questione di sicurezza nazionale\u00bb. Qui il problema, insistono Marotta e colleghi, non \u00e8 di sicurezza, ma socio-sanitario. E le domande da farsi sono principalmente due: come possiamo affrontare le cause profonde di queste morti e malattie evitabili? Come possiamo porre fine allo sfruttamento di questi lavoratori?. L\u2019appello si conclude con una chiamata all\u2019azione di tutti e soprattutto dei medici.<\/p>\n<p>\u00abOgnuno di noi \u00e8 coinvolto non solo perch\u00e9 siamo medici, cittadini, scienziati, consumatori o economisti. Continuiamo a lavorare nel nostro campo, guidati dai principi di \u201csalute per tutti\u201d, copertura sanitaria universale e \u201cnon lasciare indietro nessuno\u201d, sanciti nell\u2019agenda mondiale per lo sviluppo 2030. Tuttavia il nostro lavoro \u00e8 opera di volontari che desiderano una societ\u00e0 \u201ccivilizzata\u201d e non solo civile. \u00c8 il lavoro dei medici che continuano a credere che siamo destinati a combattere le malattie e non le persone e che tutti debbano alzarsi in piedi e combattere lo sfruttamento, la discriminazione, il razzismo e l\u2019egoismo, sotto ogni forma in cui vengono camuffati\u00bb, concludono i dottori di Medici con l\u2019Africa.<\/p>\n<p>*L\u2019articolo \u00e8 stato pubblicato su <a href=\"http:\/\/www.healthdesk.it\/diritto-salute\/1500-braccianti-morti-ultimi-sei-anni-medici-italiani-bmj-stop-sfruttamento-migranti\" target=\"_blank\" rel=\"noopener\">Healthdesk del 29 marzo<\/a><\/p>\n","protected":false},"excerpt":{"rendered":"<p>L\u2019appello-denuncia \u00e8 firmato da un gruppo di medici italiani dell\u2019organizzazione non governativa Medici con l\u2019Africa Cuamm e pubblicato sulle pagine del British Medical Journal. Il contributo parla di Marcus che \u00e8 morto per il freddo e di Paola che non&hellip;<\/p>\n","protected":false},"author":908,"featured_media":835177,"comment_status":"closed","ping_status":"closed","sticky":false,"template":"","format":"standard","meta":{"footnotes":""},"categories":[60,47,162],"tags":[370,2636,5946],"class_list":["post-835176","post","type-post","status-publish","format-standard","has-post-thumbnail","hentry","category-diritti-umani","category-europa","category-opinioni","tag-italia","tag-migranti","tag-sfruttamento"],"yoast_head":"<!-- This site is optimized with the Yoast SEO plugin v27.1.1 - https:\/\/yoast.com\/product\/yoast-seo-wordpress\/ -->\n<title>Stop allo sfruttamento dei migranti come lavoratori agricoli in Italia<\/title>\n<meta name=\"description\" content=\"Claudia Marotta,\u200b di Medici con l\u2019Africa Cuamm e i colleghi firmatari dell\u2019articolo, hanno scelto di far conoscere alla comunit\u00e0 internazionale il lato oscuro del nostro Paese, celebre in tutto il mondo anche per i frutti saporiti della sua terra. Ma a che prezzo vengono coltivati i pomodori italiani venduti sul mercato globale da Londra a Shangai? Qual \u00e8 il costo umano di quei prodotti?\" \/>\n<meta name=\"robots\" content=\"index, follow, max-snippet:-1, max-image-preview:large, max-video-preview:-1\" \/>\n<link rel=\"canonical\" href=\"https:\/\/www.pressenza.com\/it\/2019\/04\/stop-allo-sfruttamento-dei-migranti-come-lavoratori-agricoli-in-italia\/\" \/>\n<meta property=\"og:locale\" content=\"it_IT\" \/>\n<meta property=\"og:type\" content=\"article\" \/>\n<meta property=\"og:title\" content=\"Stop allo sfruttamento dei migranti come lavoratori agricoli in Italia\" \/>\n<meta property=\"og:description\" content=\"Claudia Marotta,\u200b di Medici con l\u2019Africa Cuamm e i colleghi firmatari dell\u2019articolo, hanno scelto di far conoscere alla comunit\u00e0 internazionale il lato oscuro del nostro Paese, celebre in tutto il mondo anche per i frutti saporiti della sua terra. Ma a che prezzo vengono coltivati i pomodori italiani venduti sul mercato globale da Londra a Shangai? Qual \u00e8 il costo umano di quei prodotti?\" \/>\n<meta property=\"og:url\" content=\"https:\/\/www.pressenza.com\/it\/2019\/04\/stop-allo-sfruttamento-dei-migranti-come-lavoratori-agricoli-in-italia\/\" \/>\n<meta property=\"og:site_name\" content=\"Pressenza\" \/>\n<meta property=\"article:publisher\" content=\"https:\/\/www.facebook.com\/PressenzaItalia\" \/>\n<meta property=\"article:published_time\" content=\"2019-04-03T15:49:42+00:00\" \/>\n<meta property=\"article:modified_time\" content=\"2019-04-03T15:50:25+00:00\" \/>\n<meta property=\"og:image\" content=\"https:\/\/www.pressenza.com\/wp-content\/uploads\/2019\/04\/braccianti-pomodori-600x400.jpg\" \/>\n\t<meta property=\"og:image:width\" content=\"719\" \/>\n\t<meta property=\"og:image:height\" content=\"453\" \/>\n\t<meta property=\"og:image:type\" content=\"image\/jpeg\" \/>\n<meta name=\"author\" content=\"Per Un&#039;Altra Citt\u00e0\" \/>\n<meta name=\"twitter:card\" content=\"summary_large_image\" \/>\n<meta name=\"twitter:creator\" content=\"@PressenzaIPA\" \/>\n<meta name=\"twitter:site\" content=\"@PressenzaIPA\" \/>\n<meta name=\"twitter:label1\" content=\"Scritto da\" \/>\n\t<meta name=\"twitter:data1\" content=\"Per Un&#039;Altra Citt\u00e0\" \/>\n\t<meta name=\"twitter:label2\" content=\"Tempo di lettura stimato\" \/>\n\t<meta name=\"twitter:data2\" content=\"4 minuti\" \/>\n<script type=\"application\/ld+json\" class=\"yoast-schema-graph\">{\"@context\":\"https:\/\/schema.org\",\"@graph\":[{\"@type\":\"Article\",\"@id\":\"https:\/\/www.pressenza.com\/it\/2019\/04\/stop-allo-sfruttamento-dei-migranti-come-lavoratori-agricoli-in-italia\/#article\",\"isPartOf\":{\"@id\":\"https:\/\/www.pressenza.com\/it\/2019\/04\/stop-allo-sfruttamento-dei-migranti-come-lavoratori-agricoli-in-italia\/\"},\"author\":{\"name\":\"Per Un'Altra Citt\u00e0\",\"@id\":\"https:\/\/www.pressenza.com\/it\/#\/schema\/person\/8a889880adf4f5530e4a3b7470e5e299\"},\"headline\":\"Stop allo sfruttamento dei migranti come lavoratori agricoli in Italia\",\"datePublished\":\"2019-04-03T15:49:42+00:00\",\"dateModified\":\"2019-04-03T15:50:25+00:00\",\"mainEntityOfPage\":{\"@id\":\"https:\/\/www.pressenza.com\/it\/2019\/04\/stop-allo-sfruttamento-dei-migranti-come-lavoratori-agricoli-in-italia\/\"},\"wordCount\":743,\"publisher\":{\"@id\":\"https:\/\/www.pressenza.com\/it\/#organization\"},\"image\":{\"@id\":\"https:\/\/www.pressenza.com\/it\/2019\/04\/stop-allo-sfruttamento-dei-migranti-come-lavoratori-agricoli-in-italia\/#primaryimage\"},\"thumbnailUrl\":\"https:\/\/www.pressenza.com\/wp-content\/uploads\/2019\/04\/braccianti-pomodori-600x400.jpg\",\"keywords\":[\"Italia\",\"migranti\",\"sfruttamento\"],\"articleSection\":[\"Diritti Umani\",\"Europa\",\"Opinioni\"],\"inLanguage\":\"it-IT\"},{\"@type\":\"WebPage\",\"@id\":\"https:\/\/www.pressenza.com\/it\/2019\/04\/stop-allo-sfruttamento-dei-migranti-come-lavoratori-agricoli-in-italia\/\",\"url\":\"https:\/\/www.pressenza.com\/it\/2019\/04\/stop-allo-sfruttamento-dei-migranti-come-lavoratori-agricoli-in-italia\/\",\"name\":\"Stop allo sfruttamento dei migranti come lavoratori agricoli in Italia\",\"isPartOf\":{\"@id\":\"https:\/\/www.pressenza.com\/it\/#website\"},\"primaryImageOfPage\":{\"@id\":\"https:\/\/www.pressenza.com\/it\/2019\/04\/stop-allo-sfruttamento-dei-migranti-come-lavoratori-agricoli-in-italia\/#primaryimage\"},\"image\":{\"@id\":\"https:\/\/www.pressenza.com\/it\/2019\/04\/stop-allo-sfruttamento-dei-migranti-come-lavoratori-agricoli-in-italia\/#primaryimage\"},\"thumbnailUrl\":\"https:\/\/www.pressenza.com\/wp-content\/uploads\/2019\/04\/braccianti-pomodori-600x400.jpg\",\"datePublished\":\"2019-04-03T15:49:42+00:00\",\"dateModified\":\"2019-04-03T15:50:25+00:00\",\"description\":\"Claudia Marotta,\u200b di Medici con l\u2019Africa Cuamm e i colleghi firmatari dell\u2019articolo, hanno scelto di far conoscere alla comunit\u00e0 internazionale il lato oscuro del nostro Paese, celebre in tutto il mondo anche per i frutti saporiti della sua terra. Ma a che prezzo vengono coltivati i pomodori italiani venduti sul mercato globale da Londra a Shangai? Qual \u00e8 il costo umano di quei prodotti?\",\"breadcrumb\":{\"@id\":\"https:\/\/www.pressenza.com\/it\/2019\/04\/stop-allo-sfruttamento-dei-migranti-come-lavoratori-agricoli-in-italia\/#breadcrumb\"},\"inLanguage\":\"it-IT\",\"potentialAction\":[{\"@type\":\"ReadAction\",\"target\":[\"https:\/\/www.pressenza.com\/it\/2019\/04\/stop-allo-sfruttamento-dei-migranti-come-lavoratori-agricoli-in-italia\/\"]}]},{\"@type\":\"ImageObject\",\"inLanguage\":\"it-IT\",\"@id\":\"https:\/\/www.pressenza.com\/it\/2019\/04\/stop-allo-sfruttamento-dei-migranti-come-lavoratori-agricoli-in-italia\/#primaryimage\",\"url\":\"https:\/\/www.pressenza.com\/wp-content\/uploads\/2019\/04\/braccianti-pomodori-600x400.jpg\",\"contentUrl\":\"https:\/\/www.pressenza.com\/wp-content\/uploads\/2019\/04\/braccianti-pomodori-600x400.jpg\",\"width\":719,\"height\":453,\"caption\":\"bracianti agricoli\"},{\"@type\":\"BreadcrumbList\",\"@id\":\"https:\/\/www.pressenza.com\/it\/2019\/04\/stop-allo-sfruttamento-dei-migranti-come-lavoratori-agricoli-in-italia\/#breadcrumb\",\"itemListElement\":[{\"@type\":\"ListItem\",\"position\":1,\"name\":\"Accueil\",\"item\":\"https:\/\/www.pressenza.com\/it\/\"},{\"@type\":\"ListItem\",\"position\":2,\"name\":\"Stop allo sfruttamento dei migranti come lavoratori agricoli in Italia\"}]},{\"@type\":\"WebSite\",\"@id\":\"https:\/\/www.pressenza.com\/it\/#website\",\"url\":\"https:\/\/www.pressenza.com\/it\/\",\"name\":\"Pressenza\",\"description\":\"Agenzia di Stampa Internazionale\",\"publisher\":{\"@id\":\"https:\/\/www.pressenza.com\/it\/#organization\"},\"potentialAction\":[{\"@type\":\"SearchAction\",\"target\":{\"@type\":\"EntryPoint\",\"urlTemplate\":\"https:\/\/www.pressenza.com\/it\/?s={search_term_string}\"},\"query-input\":{\"@type\":\"PropertyValueSpecification\",\"valueRequired\":true,\"valueName\":\"search_term_string\"}}],\"inLanguage\":\"it-IT\"},{\"@type\":\"Organization\",\"@id\":\"https:\/\/www.pressenza.com\/it\/#organization\",\"name\":\"Pressenza\",\"url\":\"https:\/\/www.pressenza.com\/it\/\",\"logo\":{\"@type\":\"ImageObject\",\"inLanguage\":\"it-IT\",\"@id\":\"https:\/\/www.pressenza.com\/it\/#\/schema\/logo\/image\/\",\"url\":\"https:\/\/www.pressenza.com\/wp-content\/uploads\/2022\/10\/pressenza_logo_200x200.jpg\",\"contentUrl\":\"https:\/\/www.pressenza.com\/wp-content\/uploads\/2022\/10\/pressenza_logo_200x200.jpg\",\"width\":200,\"height\":200,\"caption\":\"Pressenza\"},\"image\":{\"@id\":\"https:\/\/www.pressenza.com\/it\/#\/schema\/logo\/image\/\"},\"sameAs\":[\"https:\/\/www.facebook.com\/PressenzaItalia\",\"https:\/\/x.com\/PressenzaIPA\"]},{\"@type\":\"Person\",\"@id\":\"https:\/\/www.pressenza.com\/it\/#\/schema\/person\/8a889880adf4f5530e4a3b7470e5e299\",\"name\":\"Per Un'Altra Citt\u00e0\",\"description\":\"Lista di cittadinanza a Firenze\",\"sameAs\":[\"http:\/\/www.perunaltracitta.org\"],\"url\":\"https:\/\/www.pressenza.com\/it\/author\/per-un-altra-citta\/\"}]}<\/script>\n<!-- \/ Yoast SEO plugin. -->","yoast_head_json":{"title":"Stop allo sfruttamento dei migranti come lavoratori agricoli in Italia","description":"Claudia Marotta,\u200b di Medici con l\u2019Africa Cuamm e i colleghi firmatari dell\u2019articolo, hanno scelto di far conoscere alla comunit\u00e0 internazionale il lato oscuro del nostro Paese, celebre in tutto il mondo anche per i frutti saporiti della sua terra. Ma a che prezzo vengono coltivati i pomodori italiani venduti sul mercato globale da Londra a Shangai? Qual \u00e8 il costo umano di quei prodotti?","robots":{"index":"index","follow":"follow","max-snippet":"max-snippet:-1","max-image-preview":"max-image-preview:large","max-video-preview":"max-video-preview:-1"},"canonical":"https:\/\/www.pressenza.com\/it\/2019\/04\/stop-allo-sfruttamento-dei-migranti-come-lavoratori-agricoli-in-italia\/","og_locale":"it_IT","og_type":"article","og_title":"Stop allo sfruttamento dei migranti come lavoratori agricoli in Italia","og_description":"Claudia Marotta,\u200b di Medici con l\u2019Africa Cuamm e i colleghi firmatari dell\u2019articolo, hanno scelto di far conoscere alla comunit\u00e0 internazionale il lato oscuro del nostro Paese, celebre in tutto il mondo anche per i frutti saporiti della sua terra. Ma a che prezzo vengono coltivati i pomodori italiani venduti sul mercato globale da Londra a Shangai? Qual \u00e8 il costo umano di quei prodotti?","og_url":"https:\/\/www.pressenza.com\/it\/2019\/04\/stop-allo-sfruttamento-dei-migranti-come-lavoratori-agricoli-in-italia\/","og_site_name":"Pressenza","article_publisher":"https:\/\/www.facebook.com\/PressenzaItalia","article_published_time":"2019-04-03T15:49:42+00:00","article_modified_time":"2019-04-03T15:50:25+00:00","og_image":[{"width":719,"height":453,"url":"https:\/\/www.pressenza.com\/wp-content\/uploads\/2019\/04\/braccianti-pomodori-600x400.jpg","type":"image\/jpeg"}],"author":"Per Un'Altra Citt\u00e0","twitter_card":"summary_large_image","twitter_creator":"@PressenzaIPA","twitter_site":"@PressenzaIPA","twitter_misc":{"Scritto da":"Per Un'Altra Citt\u00e0","Tempo di lettura stimato":"4 minuti"},"schema":{"@context":"https:\/\/schema.org","@graph":[{"@type":"Article","@id":"https:\/\/www.pressenza.com\/it\/2019\/04\/stop-allo-sfruttamento-dei-migranti-come-lavoratori-agricoli-in-italia\/#article","isPartOf":{"@id":"https:\/\/www.pressenza.com\/it\/2019\/04\/stop-allo-sfruttamento-dei-migranti-come-lavoratori-agricoli-in-italia\/"},"author":{"name":"Per Un'Altra Citt\u00e0","@id":"https:\/\/www.pressenza.com\/it\/#\/schema\/person\/8a889880adf4f5530e4a3b7470e5e299"},"headline":"Stop allo sfruttamento dei migranti come lavoratori agricoli in Italia","datePublished":"2019-04-03T15:49:42+00:00","dateModified":"2019-04-03T15:50:25+00:00","mainEntityOfPage":{"@id":"https:\/\/www.pressenza.com\/it\/2019\/04\/stop-allo-sfruttamento-dei-migranti-come-lavoratori-agricoli-in-italia\/"},"wordCount":743,"publisher":{"@id":"https:\/\/www.pressenza.com\/it\/#organization"},"image":{"@id":"https:\/\/www.pressenza.com\/it\/2019\/04\/stop-allo-sfruttamento-dei-migranti-come-lavoratori-agricoli-in-italia\/#primaryimage"},"thumbnailUrl":"https:\/\/www.pressenza.com\/wp-content\/uploads\/2019\/04\/braccianti-pomodori-600x400.jpg","keywords":["Italia","migranti","sfruttamento"],"articleSection":["Diritti Umani","Europa","Opinioni"],"inLanguage":"it-IT"},{"@type":"WebPage","@id":"https:\/\/www.pressenza.com\/it\/2019\/04\/stop-allo-sfruttamento-dei-migranti-come-lavoratori-agricoli-in-italia\/","url":"https:\/\/www.pressenza.com\/it\/2019\/04\/stop-allo-sfruttamento-dei-migranti-come-lavoratori-agricoli-in-italia\/","name":"Stop allo sfruttamento dei migranti come lavoratori agricoli in Italia","isPartOf":{"@id":"https:\/\/www.pressenza.com\/it\/#website"},"primaryImageOfPage":{"@id":"https:\/\/www.pressenza.com\/it\/2019\/04\/stop-allo-sfruttamento-dei-migranti-come-lavoratori-agricoli-in-italia\/#primaryimage"},"image":{"@id":"https:\/\/www.pressenza.com\/it\/2019\/04\/stop-allo-sfruttamento-dei-migranti-come-lavoratori-agricoli-in-italia\/#primaryimage"},"thumbnailUrl":"https:\/\/www.pressenza.com\/wp-content\/uploads\/2019\/04\/braccianti-pomodori-600x400.jpg","datePublished":"2019-04-03T15:49:42+00:00","dateModified":"2019-04-03T15:50:25+00:00","description":"Claudia Marotta,\u200b di Medici con l\u2019Africa Cuamm e i colleghi firmatari dell\u2019articolo, hanno scelto di far conoscere alla comunit\u00e0 internazionale il lato oscuro del nostro Paese, celebre in tutto il mondo anche per i frutti saporiti della sua terra. Ma a che prezzo vengono coltivati i pomodori italiani venduti sul mercato globale da Londra a Shangai? Qual \u00e8 il costo umano di quei prodotti?","breadcrumb":{"@id":"https:\/\/www.pressenza.com\/it\/2019\/04\/stop-allo-sfruttamento-dei-migranti-come-lavoratori-agricoli-in-italia\/#breadcrumb"},"inLanguage":"it-IT","potentialAction":[{"@type":"ReadAction","target":["https:\/\/www.pressenza.com\/it\/2019\/04\/stop-allo-sfruttamento-dei-migranti-come-lavoratori-agricoli-in-italia\/"]}]},{"@type":"ImageObject","inLanguage":"it-IT","@id":"https:\/\/www.pressenza.com\/it\/2019\/04\/stop-allo-sfruttamento-dei-migranti-come-lavoratori-agricoli-in-italia\/#primaryimage","url":"https:\/\/www.pressenza.com\/wp-content\/uploads\/2019\/04\/braccianti-pomodori-600x400.jpg","contentUrl":"https:\/\/www.pressenza.com\/wp-content\/uploads\/2019\/04\/braccianti-pomodori-600x400.jpg","width":719,"height":453,"caption":"bracianti agricoli"},{"@type":"BreadcrumbList","@id":"https:\/\/www.pressenza.com\/it\/2019\/04\/stop-allo-sfruttamento-dei-migranti-come-lavoratori-agricoli-in-italia\/#breadcrumb","itemListElement":[{"@type":"ListItem","position":1,"name":"Accueil","item":"https:\/\/www.pressenza.com\/it\/"},{"@type":"ListItem","position":2,"name":"Stop allo sfruttamento dei migranti come lavoratori agricoli in Italia"}]},{"@type":"WebSite","@id":"https:\/\/www.pressenza.com\/it\/#website","url":"https:\/\/www.pressenza.com\/it\/","name":"Pressenza","description":"Agenzia di Stampa Internazionale","publisher":{"@id":"https:\/\/www.pressenza.com\/it\/#organization"},"potentialAction":[{"@type":"SearchAction","target":{"@type":"EntryPoint","urlTemplate":"https:\/\/www.pressenza.com\/it\/?s={search_term_string}"},"query-input":{"@type":"PropertyValueSpecification","valueRequired":true,"valueName":"search_term_string"}}],"inLanguage":"it-IT"},{"@type":"Organization","@id":"https:\/\/www.pressenza.com\/it\/#organization","name":"Pressenza","url":"https:\/\/www.pressenza.com\/it\/","logo":{"@type":"ImageObject","inLanguage":"it-IT","@id":"https:\/\/www.pressenza.com\/it\/#\/schema\/logo\/image\/","url":"https:\/\/www.pressenza.com\/wp-content\/uploads\/2022\/10\/pressenza_logo_200x200.jpg","contentUrl":"https:\/\/www.pressenza.com\/wp-content\/uploads\/2022\/10\/pressenza_logo_200x200.jpg","width":200,"height":200,"caption":"Pressenza"},"image":{"@id":"https:\/\/www.pressenza.com\/it\/#\/schema\/logo\/image\/"},"sameAs":["https:\/\/www.facebook.com\/PressenzaItalia","https:\/\/x.com\/PressenzaIPA"]},{"@type":"Person","@id":"https:\/\/www.pressenza.com\/it\/#\/schema\/person\/8a889880adf4f5530e4a3b7470e5e299","name":"Per Un'Altra Citt\u00e0","description":"Lista di cittadinanza a Firenze","sameAs":["http:\/\/www.perunaltracitta.org"],"url":"https:\/\/www.pressenza.com\/it\/author\/per-un-altra-citta\/"}]}},"place":"","original_article_url":"https:\/\/www.perunaltracitta.org\/2019\/04\/01\/stop-allo-sfruttamento-dei-migranti-come-lavoratori-agricoli-in-italia\/","_links":{"self":[{"href":"https:\/\/www.pressenza.com\/it\/wp-json\/wp\/v2\/posts\/835176","targetHints":{"allow":["GET"]}}],"collection":[{"href":"https:\/\/www.pressenza.com\/it\/wp-json\/wp\/v2\/posts"}],"about":[{"href":"https:\/\/www.pressenza.com\/it\/wp-json\/wp\/v2\/types\/post"}],"author":[{"embeddable":true,"href":"https:\/\/www.pressenza.com\/it\/wp-json\/wp\/v2\/users\/908"}],"replies":[{"embeddable":true,"href":"https:\/\/www.pressenza.com\/it\/wp-json\/wp\/v2\/comments?post=835176"}],"version-history":[{"count":0,"href":"https:\/\/www.pressenza.com\/it\/wp-json\/wp\/v2\/posts\/835176\/revisions"}],"wp:featuredmedia":[{"embeddable":true,"href":"https:\/\/www.pressenza.com\/it\/wp-json\/wp\/v2\/media\/835177"}],"wp:attachment":[{"href":"https:\/\/www.pressenza.com\/it\/wp-json\/wp\/v2\/media?parent=835176"}],"wp:term":[{"taxonomy":"category","embeddable":true,"href":"https:\/\/www.pressenza.com\/it\/wp-json\/wp\/v2\/categories?post=835176"},{"taxonomy":"post_tag","embeddable":true,"href":"https:\/\/www.pressenza.com\/it\/wp-json\/wp\/v2\/tags?post=835176"}],"curies":[{"name":"wp","href":"https:\/\/api.w.org\/{rel}","templated":true}]}}