{"id":832131,"date":"2019-03-29T22:10:58","date_gmt":"2019-03-29T22:10:58","guid":{"rendered":"https:\/\/www.pressenza.com\/?p=832131"},"modified":"2019-03-30T07:44:44","modified_gmt":"2019-03-30T07:44:44","slug":"rischio-carneficina-medio-oriente-in-fiamme","status":"publish","type":"post","link":"https:\/\/www.pressenza.com\/it\/2019\/03\/rischio-carneficina-medio-oriente-in-fiamme\/","title":{"rendered":"Rischio di carneficina e Medio Oriente in fiamme"},"content":{"rendered":"<p>Domani 30 marzo, Giornata della Terra e anniversario dell\u2019inizio della Grande marcia per il ritorno, sar\u00e0 un giorno importante, <strong>forse tragicamente importante<\/strong>, in Palestina.\u00a0 <strong>Gaza <\/strong>\u00e8 sotto i riflettori perch\u00e9 l\u00ec si gioca la parte pi\u00f9 dura della partita, ma ci saranno manifestazioni in tutta la Palestina\u00a0 e quel che succeder\u00e0 domani avr\u00e0 ripercussioni in Israele, sempre pi\u00f9 vicino alle elezioni, ma andr\u00e0 anche oltre Israele.<\/p>\n<p>Ormai tutto il Medio Oriente, tra accordi e disaccordi, alleanze che un tempo sarebbero sembrate improbabili e\u00a0 alleanze tradizionali, devastazioni \u00a0per mano dell\u2019Occidente e assestamenti precari, \u00a0tutto il M.O. si \u00e8 trasformato in una polveriera.<\/p>\n<p><strong>In tutto questo Israele ha una sua parte importante<\/strong>, in particolare in Siria dove, nel silenzio o con l\u2019approvazione \u00a0sia di alcuni paesi arabi che di paesi occidentali, ha effettuato circa 800 raid per colpire quello che \u00e8 il suo nemico principale: l\u2019Iran. <strong>E l\u2019Iran prima o poi risponder\u00e0<\/strong>.\u00a0 Il giornale israeliano Haaretz oggi titolava \u00a0che la repubblica islamica sta dichiarando <strong>guerra a Israele, ma in modo trasversale, attraverso Gaza.<\/strong>\u00a0Praticamente lo farebbe fornendo armi ad uno dei partiti della resistenza armata, il Jihad islamico, i cui \u00a0missili non sono pi\u00f9 i \u201crazzetti\u201d artigianali che facevano solo boom. Ma anche Hamas, sebbene meno ricco di forniture simili, pu\u00f2 contare su missili che non sono pi\u00f9 solo razzetti artigianali e gli ultimi lanci, che siano stati accidentali, o pilotati da provocatori e strumentali ad altro come ad esempio le elezioni israeliane, o spediti come test deterrente &#8211; tutte ipotesi verosimili &#8211; lo hanno dimostrato, e <strong>la partita che si giocher\u00e0 domani dovr\u00e0 tenerne conto. <\/strong><\/p>\n<p>Israele ha gi\u00e0 comunicato che far\u00e0 fucilare chiunque si avvicini alla recinzione. Lo ha sempre fatto e domani forse lo far\u00e0 con maggiore zelo. <strong>Lungo i circa 40 km che segnano la linea dell\u2019assedio via terra, Israele ha dislocato mezzi corazzati in quantit\u00e0 impressionante e il premier dello Stato ebraico ha dichiarato che non esclude la possibilit\u00e0 di un attacco da terra (quindi contro la popolazione civile). Una minaccia \u00a0contro ogni norma del Diritto internazionale, visto che la Striscia \u00e8 sotto assedio, ma Israele pu\u00f2 tutto. <\/strong><\/p>\n<p>Intanto la popolazione di Gaza si sta organizzando. C\u2019\u00e8 grande eccitazione. Parteciperanno sicuramente in tanti e <strong>non certo perch\u00e9 lo vuole Hamas<\/strong> come lascia intendere Israele. Anzi, si ha motivo di ritenere che Hamas avrebbe raffreddato e forse fermato la marcia, se avesse potuto. Questo ce lo ricordano anche alcuni degli intervistati.<\/p>\n<p>Ricordiamo che la Marcia NON \u00e8 \u201cdi\u201d Hamas, per quanto ovviamente la componente del partito al governo abbia una voce importante all\u2019interno del comitato organizzatore, come ci dice Yousef Hammash, \u00a0giornalista di Gaza. Oltre a Y. Hammash abbiamo sentito molte altre voci dal nord al sud, interviste raccolte necessariamente per telefono visto che per motivi di sicurezza chi scrive \u00e8 stata fatta uscire dalla Striscia. Alcuni degli intervistati hanno chiesto l\u2019anonimato e rispettiamo, ovviamente, \u00a0la loro volont\u00e0, mentre Y. Hammash e il dr. Said Sehweil dell\u2019ospedale Al Awda ci hanno autorizzato a riportare i loro nomi.<\/p>\n<p>Per tutti la giornata di domani \u00e8 un\u2019incognita, e tutti temono il peggio. Il dr. Said comunica che l\u2019UHWC di cui fa parte l\u2019ospedale Al Awda ha 6 punti di emergenza dislocati da Nord a Sud e sono tutti in stato di allerta temendo un grande afflusso di feriti. Inoltre vi sono i \u00a0team di primo soccorso che, insieme a tutte le altre organizzazioni sanitarie, dalla Mezzaluna Rossa all\u2019UHCC, saranno direttamente lungo il border.\u00a0 Il dr.Said dice anche che alla manifestazione parteciper\u00e0 la delegazione egiziana responsabile della mediazione tra Gaza e Israele, con la chiara intenzione di monitorarla e di evitare che si verifichi la carneficina che molti temono.<\/p>\n<p>La delegazione ha raggiunto alcuni risultati, ma <strong>ci\u00f2 che viene offerto per tacitare i gazawi \u00e8 lontanissimo da ci\u00f2 che ha dato inizio alla Grande marcia<\/strong> e il governo locale si trova stretto ancora una volta in un <em>cul de sac,<\/em> tra l\u2019accettare gli aiuti per migliorare la situazione economicamente critica della popolazione \u2013 motivo delle manifestazioni di malcontento \u2013 e rispettare gli obiettivi che hanno \u00a0dato vita un anno fa a questa straordinaria iniziativa di protesta, sostanzialmente pacifica, da parte palestinese, costata finora 256 vite, di cui circa 50 bambini,\u00a0 e un numero impressionante di feriti.<\/p>\n<p>Come dice Y. Hammash \u201c<em>gli accordi non rispettano \u00a0quello che noi vogliamo e gli egiziani non sono onesti con i gazawi. Loro vogliono che domani sia una giornata calma, hanno ottenuto che Israele faccia \u00a0passare tramite Erez il denaro del Qatar per pagare gli stipendi\u00a0 degli impiegati governativi. Per Israele \u00e8 un periodo sensibile a causa delle elezioni del prossimo 9 aprile e questo determina molte scelt<\/em>e\u201d . Quindi Hamas accetterebbe la mediazione egiziana? chiedo. \u00a0\u201c<em>Hamas non pu\u00f2 convincere 2 milioni di persone per un po\u2019 di denaro. Gli egiziani stavano chiedendo ad Hamas di fare pian piano le mosse giuste per tenere i dimostranti sotto controllo\u00a0 e impedire loro di avvicinarsi alla recinzione.<\/em>\u201d \u00a0Vuoi dire che verrebbe accettato il denaro contro la richiesta di dignit\u00e0? \u201c<em>Esatto.\u00a0 Hamas deve capire che non \u00e8 questione di denaro e se domani ci saranno pi\u00f9 di 10.000 persone nessuno potr\u00e0 tenerle sotto controllo e forse ci saranno un sacco di martiri<\/em>\u201d.<\/p>\n<p>Chiedo a Yousef se appartiene a qualche formazione politica e la risposta \u00e8 negativa, nessun partito n\u00e9 ora n\u00e9 in passato e aggiunge che domani andr\u00e0 alla marcia \u201c<em>perch\u00e9 domani \u00e8 un giorno speciale<\/em>\u201d. Domani, me lo hanno confermato molte altre persone, uomini e donne, \u00a0di diversa e di nessuna appartenenza politica, andranno alla marcia <strong>perch\u00e9 domani \u00e8 una questione di dignit\u00e0 e nessuno dei numerosi intervistati\u00a0 \u00e8 disposto ad accettare il controllo sui partecipanti richiesto dall\u2019Egitto (e quindi da Israele) ad Hamas<\/strong>.\u00a0 Andranno i ragazzi che hanno come interesse prioritario lo skateboard, andranno le donne che sono determinatissime e porteranno figli e figlie. Andranno fianco a fianco e con un\u2019unica bandiera, militanti di Hamas e di Fatah. Per qualcuno domani sar\u00e0 una specie di festa, cos\u00ec mi dice un vecchio militante di Fatah che andr\u00e0 anche lui con i suoi figli.<\/p>\n<p>Chiedo se non hanno paura che la giornata di domani inneschi la temuta escalation che porterebbe al disastro minacciato da Netanyahu ed una delle persone intervistate, che preferisce mantenere l\u2019anonimato, mi \u00a0dice che<em>\u201c i razzi su Tel Aviv hanno avuto la loro efficacia e Netanyahu, seppure nella propaganda elettorale, deve sempre mostrare \u00a0durezza contro i palestinesi come elemento vincente, non potrebbe vincere se si trovasse una pioggia di razzi su Tel Aviv, neanche se come risposta sterminasse un milione di gazawi.<\/em>\u201d Quest\u2019affermazione mi porta a rivedere le precedenti valutazioni circa i potenti missili non rivendicati n\u00e9 da Hamas n\u00e9 dalla Jihad e che ufficialmente sarebbero partiti per errore o per colpa di un fulmine.\u00a0 La stessa persona dice che \u201c<em>se domani alla marcia gli israeliani uccidessero un quadro di Hamas o della Jihad la faccenda si complicherebbe molto<\/em>.\u201d Ma tutto resta un\u2019incognita e molto dipende dai risultati della mediazione egiziana.\u00a0 Un\u2019altra delle persone intervistate mi conferma\u00a0 che sono tutti estremamente preoccupati \u00a0e mi dice testualmente \u201c<em>siamo tutti\u00a0 preoccupatissimi ma tutti altrettanto volenterosi di voler partecipare, donne e bambini in prima linea<\/em>\u201d. Insomma sembra proprio lo spaccato della cultura gazawa, cultura in senso antropologico, quella per cui riescono a convivere situazioni contrastanti anche nella quotidianit\u00e0.<\/p>\n<p>Un altro degli intervistati mi ha detto che dalla mediazione egiziana si sono avute una serie di condizioni positive quali la promessa che il valico di Rafah rester\u00e0 aperto, che i pescatori potranno arrivare a 12 miglia marine (lo prevedevano gi\u00e0\u00a0 gli accordi di Oslo!), che verr\u00e0 fatto passare un alto numero di camion con merci, ovviamente israeliane, cos\u00ec i gazawi avranno le merci, magari non tutti avranno i soldi per comprarle, ma Israele avr\u00e0 il suo mercato di sbocco a Gaza e, infine, pare che sia stata accettata la possibilit\u00e0 di esportare merci da Gaza. Ma, conclude, \u201c<em>alcuni saranno arrabbiati ed altri vorranno accettare, per\u00f2 non \u00e8 questo quello che noi vogliamo<\/em>\u201d.<\/p>\n<p>Infatti l\u2019obiettivo della marcia, quello sintetizzato nello slogan \u201co grandi sulla terra o martiri sotto terra\u201d, \u00e8 la libert\u00e0 di movimento, quindi la rottura dell\u2019assedio e il diritto al ritorno nelle case da cui i palestinesi sono stati cacciati. Ma questo Israele non sembra proprio volerlo accettare, anche se \u00e8 nell\u2019ordine del Diritto internazionale e dovrebbe gi\u00e0 essere da molti anni un fatto e non una richiesta.<\/p>\n<p>Domani forse sar\u00e0 una carneficina o forse si avverer\u00e0 il miracolo, ma una cosa \u00e8 chiara a tutti coloro che pur senza appartenenza partitica hanno una visione politica della situazione, e questo lo riconferma il giornalista intervistato all\u2019inizio, quando dice che \u201c<em>seppure davvero si rompesse l\u2019assedio resterebbe il grave problema della divisione politica interna<\/em>\u201d e aggiunge \u201c<em>ora Israele grazie a Trump prende il Golan, domani prender\u00e0 la West Bank e lascer\u00e0 Gaza a due milioni di persone . No, abbiamo bisogno di una situazione interna di cambiamento e di unit\u00e0<\/em>\u201d praticamente quello che la Grande marcia ha praticato e ha provato a insegnare alle leadership che finora non hanno imparato.<\/p>\n<p>Intanto oggi, a dimostrazione del fatto che la grande marcia appartiene al popolo, nel senso che \u00e8 veramente un\u2019espressione popolare e non decisa dalle autorit\u00e0 locali, un buon numero di gazawi ha realizzato la marcia del venerd\u00ec in attesa di domani. Ci sono stati feriti, perch\u00e9 gli sniper hanno comunque sparato, ma non molti e non gravi.<\/p>\n<p>Domani si capir\u00e0 se il Medio Oriente aggiunger\u00e0 altre fiamme a quelle che gi\u00e0 ardono e l\u2019Iran entrer\u00e0 in gioco in forma pi\u00f9 determinata attraverso il Jihad, come ipotizza Haaretz, o se i missili forniti alla resistenza avranno avuto il loro effetto deterrente e, quindi, anche gli sniper avranno avuto indicazioni conseguenti e l\u2019impressionante ammasso di artiglieria lungo il confine sar\u00e0 solo una esibizione di forza potenziale nel\u00a0 braccio di ferro tra popolo assediato ed esercito assediante.<\/p>\n<p>Betlemme, 29 marzo 2019<\/p>\n","protected":false},"excerpt":{"rendered":"<p>Domani 30 marzo, Giornata della Terra e anniversario dell\u2019inizio della Grande marcia per il ritorno, sar\u00e0 un giorno importante, forse tragicamente importante, in Palestina.\u00a0 Gaza \u00e8 sotto i riflettori perch\u00e9 l\u00ec si gioca la parte pi\u00f9 dura della partita, ma&hellip;<\/p>\n","protected":false},"author":1344,"featured_media":832161,"comment_status":"closed","ping_status":"closed","sticky":false,"template":"","format":"standard","meta":{"footnotes":""},"categories":[11388,52,1263],"tags":[11659,49019,4428,206,778,56972,1227],"class_list":["post-832131","post","type-post","status-publish","format-standard","has-post-thumbnail","hentry","category-contenuti-originali","category-medio-oriente","category-pace-disarmo","tag-gaza-it","tag-grande-marcia-per-il-ritorno","tag-hamas","tag-iran","tag-israele","tag-jihad-it","tag-palestina-it"],"yoast_head":"<!-- This site is optimized with the Yoast SEO plugin v27.1.1 - https:\/\/yoast.com\/product\/yoast-seo-wordpress\/ -->\n<title>Rischio di carneficina e Medio Oriente in fiamme<\/title>\n<meta name=\"description\" content=\"Domani 30 marzo, Giornata della Terra e anniversario dell\u2019inizio della Grande marcia per il ritorno, sar\u00e0 un giorno importante, forse tragicamente importante, in Palestina. Israele ha gi\u00e0 comunicato che far\u00e0 fucilare chiunque si avvicini alla recinzione. Lo ha sempre fatto e domani forse lo far\u00e0 con maggiore zelo. Il premier dello Stato ebraico ha dichiarato che non esclude la possibilit\u00e0 di un attacco da terra (quindi contro la popolazione civile)\" \/>\n<meta name=\"robots\" content=\"index, follow, max-snippet:-1, max-image-preview:large, max-video-preview:-1\" \/>\n<link rel=\"canonical\" href=\"https:\/\/www.pressenza.com\/it\/2019\/03\/rischio-carneficina-medio-oriente-in-fiamme\/\" \/>\n<meta property=\"og:locale\" content=\"it_IT\" \/>\n<meta property=\"og:type\" content=\"article\" \/>\n<meta property=\"og:title\" content=\"Rischio di carneficina e Medio Oriente in fiamme\" \/>\n<meta property=\"og:description\" content=\"Domani 30 marzo, Giornata della Terra e anniversario dell\u2019inizio della Grande marcia per il ritorno, sar\u00e0 un giorno importante, forse tragicamente importante, in Palestina. Israele ha gi\u00e0 comunicato che far\u00e0 fucilare chiunque si avvicini alla recinzione. Lo ha sempre fatto e domani forse lo far\u00e0 con maggiore zelo. Il premier dello Stato ebraico ha dichiarato che non esclude la possibilit\u00e0 di un attacco da terra (quindi contro la popolazione civile)\" \/>\n<meta property=\"og:url\" content=\"https:\/\/www.pressenza.com\/it\/2019\/03\/rischio-carneficina-medio-oriente-in-fiamme\/\" \/>\n<meta property=\"og:site_name\" content=\"Pressenza\" \/>\n<meta property=\"article:publisher\" content=\"https:\/\/www.facebook.com\/PressenzaItalia\" \/>\n<meta property=\"article:published_time\" content=\"2019-03-29T22:10:58+00:00\" \/>\n<meta property=\"article:modified_time\" content=\"2019-03-30T07:44:44+00:00\" \/>\n<meta property=\"og:image\" content=\"https:\/\/www.pressenza.com\/wp-content\/uploads\/2019\/03\/Marcia-del-Ritorno.jpg\" \/>\n\t<meta property=\"og:image:width\" content=\"750\" \/>\n\t<meta property=\"og:image:height\" content=\"415\" \/>\n\t<meta property=\"og:image:type\" content=\"image\/jpeg\" \/>\n<meta name=\"author\" content=\"Patrizia Cecconi\" \/>\n<meta name=\"twitter:card\" content=\"summary_large_image\" \/>\n<meta name=\"twitter:creator\" content=\"@PressenzaIPA\" \/>\n<meta name=\"twitter:site\" content=\"@PressenzaIPA\" \/>\n<meta name=\"twitter:label1\" content=\"Scritto da\" \/>\n\t<meta name=\"twitter:data1\" content=\"Patrizia Cecconi\" \/>\n\t<meta name=\"twitter:label2\" content=\"Tempo di lettura stimato\" \/>\n\t<meta name=\"twitter:data2\" content=\"8 minuti\" \/>\n<script type=\"application\/ld+json\" class=\"yoast-schema-graph\">{\"@context\":\"https:\/\/schema.org\",\"@graph\":[{\"@type\":\"Article\",\"@id\":\"https:\/\/www.pressenza.com\/it\/2019\/03\/rischio-carneficina-medio-oriente-in-fiamme\/#article\",\"isPartOf\":{\"@id\":\"https:\/\/www.pressenza.com\/it\/2019\/03\/rischio-carneficina-medio-oriente-in-fiamme\/\"},\"author\":{\"name\":\"Patrizia Cecconi\",\"@id\":\"https:\/\/www.pressenza.com\/it\/#\/schema\/person\/4bb6e2d42a4c2430734c06e9b4daf40d\"},\"headline\":\"Rischio di carneficina e Medio Oriente in fiamme\",\"datePublished\":\"2019-03-29T22:10:58+00:00\",\"dateModified\":\"2019-03-30T07:44:44+00:00\",\"mainEntityOfPage\":{\"@id\":\"https:\/\/www.pressenza.com\/it\/2019\/03\/rischio-carneficina-medio-oriente-in-fiamme\/\"},\"wordCount\":1639,\"publisher\":{\"@id\":\"https:\/\/www.pressenza.com\/it\/#organization\"},\"image\":{\"@id\":\"https:\/\/www.pressenza.com\/it\/2019\/03\/rischio-carneficina-medio-oriente-in-fiamme\/#primaryimage\"},\"thumbnailUrl\":\"https:\/\/www.pressenza.com\/wp-content\/uploads\/2019\/03\/Marcia-del-Ritorno.jpg\",\"keywords\":[\"Gaza\",\"Grande Marcia per il Ritorno\",\"Hamas\",\"Iran\",\"Israele\",\"jihad\",\"Palestina\"],\"articleSection\":[\"contenuti originali\",\"Medio Oriente\",\"Pace e Disarmo\"],\"inLanguage\":\"it-IT\"},{\"@type\":\"WebPage\",\"@id\":\"https:\/\/www.pressenza.com\/it\/2019\/03\/rischio-carneficina-medio-oriente-in-fiamme\/\",\"url\":\"https:\/\/www.pressenza.com\/it\/2019\/03\/rischio-carneficina-medio-oriente-in-fiamme\/\",\"name\":\"Rischio di carneficina e Medio Oriente in fiamme\",\"isPartOf\":{\"@id\":\"https:\/\/www.pressenza.com\/it\/#website\"},\"primaryImageOfPage\":{\"@id\":\"https:\/\/www.pressenza.com\/it\/2019\/03\/rischio-carneficina-medio-oriente-in-fiamme\/#primaryimage\"},\"image\":{\"@id\":\"https:\/\/www.pressenza.com\/it\/2019\/03\/rischio-carneficina-medio-oriente-in-fiamme\/#primaryimage\"},\"thumbnailUrl\":\"https:\/\/www.pressenza.com\/wp-content\/uploads\/2019\/03\/Marcia-del-Ritorno.jpg\",\"datePublished\":\"2019-03-29T22:10:58+00:00\",\"dateModified\":\"2019-03-30T07:44:44+00:00\",\"description\":\"Domani 30 marzo, Giornata della Terra e anniversario dell\u2019inizio della Grande marcia per il ritorno, sar\u00e0 un giorno importante, forse tragicamente importante, in Palestina. Israele ha gi\u00e0 comunicato che far\u00e0 fucilare chiunque si avvicini alla recinzione. Lo ha sempre fatto e domani forse lo far\u00e0 con maggiore zelo. Il premier dello Stato ebraico ha dichiarato che non esclude la possibilit\u00e0 di un attacco da terra (quindi contro la popolazione civile)\",\"breadcrumb\":{\"@id\":\"https:\/\/www.pressenza.com\/it\/2019\/03\/rischio-carneficina-medio-oriente-in-fiamme\/#breadcrumb\"},\"inLanguage\":\"it-IT\",\"potentialAction\":[{\"@type\":\"ReadAction\",\"target\":[\"https:\/\/www.pressenza.com\/it\/2019\/03\/rischio-carneficina-medio-oriente-in-fiamme\/\"]}]},{\"@type\":\"ImageObject\",\"inLanguage\":\"it-IT\",\"@id\":\"https:\/\/www.pressenza.com\/it\/2019\/03\/rischio-carneficina-medio-oriente-in-fiamme\/#primaryimage\",\"url\":\"https:\/\/www.pressenza.com\/wp-content\/uploads\/2019\/03\/Marcia-del-Ritorno.jpg\",\"contentUrl\":\"https:\/\/www.pressenza.com\/wp-content\/uploads\/2019\/03\/Marcia-del-Ritorno.jpg\",\"width\":750,\"height\":415,\"caption\":\"Marcia del Ritorno\"},{\"@type\":\"BreadcrumbList\",\"@id\":\"https:\/\/www.pressenza.com\/it\/2019\/03\/rischio-carneficina-medio-oriente-in-fiamme\/#breadcrumb\",\"itemListElement\":[{\"@type\":\"ListItem\",\"position\":1,\"name\":\"Accueil\",\"item\":\"https:\/\/www.pressenza.com\/it\/\"},{\"@type\":\"ListItem\",\"position\":2,\"name\":\"Rischio di carneficina e Medio Oriente in fiamme\"}]},{\"@type\":\"WebSite\",\"@id\":\"https:\/\/www.pressenza.com\/it\/#website\",\"url\":\"https:\/\/www.pressenza.com\/it\/\",\"name\":\"Pressenza\",\"description\":\"Agenzia di Stampa Internazionale\",\"publisher\":{\"@id\":\"https:\/\/www.pressenza.com\/it\/#organization\"},\"potentialAction\":[{\"@type\":\"SearchAction\",\"target\":{\"@type\":\"EntryPoint\",\"urlTemplate\":\"https:\/\/www.pressenza.com\/it\/?s={search_term_string}\"},\"query-input\":{\"@type\":\"PropertyValueSpecification\",\"valueRequired\":true,\"valueName\":\"search_term_string\"}}],\"inLanguage\":\"it-IT\"},{\"@type\":\"Organization\",\"@id\":\"https:\/\/www.pressenza.com\/it\/#organization\",\"name\":\"Pressenza\",\"url\":\"https:\/\/www.pressenza.com\/it\/\",\"logo\":{\"@type\":\"ImageObject\",\"inLanguage\":\"it-IT\",\"@id\":\"https:\/\/www.pressenza.com\/it\/#\/schema\/logo\/image\/\",\"url\":\"https:\/\/www.pressenza.com\/wp-content\/uploads\/2022\/10\/pressenza_logo_200x200.jpg\",\"contentUrl\":\"https:\/\/www.pressenza.com\/wp-content\/uploads\/2022\/10\/pressenza_logo_200x200.jpg\",\"width\":200,\"height\":200,\"caption\":\"Pressenza\"},\"image\":{\"@id\":\"https:\/\/www.pressenza.com\/it\/#\/schema\/logo\/image\/\"},\"sameAs\":[\"https:\/\/www.facebook.com\/PressenzaItalia\",\"https:\/\/x.com\/PressenzaIPA\"]},{\"@type\":\"Person\",\"@id\":\"https:\/\/www.pressenza.com\/it\/#\/schema\/person\/4bb6e2d42a4c2430734c06e9b4daf40d\",\"name\":\"Patrizia Cecconi\",\"description\":\"Patrizia Cecconi nasce a Roma dove consegue la laurea in Sociologia presso l\u2019Universit\u00e0 La Sapienza. Qui tiene per alcuni anni seminari sulla comunicazione. Successivamente vince la cattedra di Economia Aziendale, disciplina che insegner\u00e0 per circa venticinque anni. Interessata all\u2019ambiente e alla natura, verso il 2000 rivolge la sua attenzione allo studio della botanica e della fitoterapia ponendo sempre al centro dei suoi lavori l\u2019interazione culturale tra l\u2019ambiente e gli umani che lo abitano. Ha curato e pubblicato articoli e libri su argomenti diversi. Il suo interesse particolare \u00e8 rivolto alla Palestina. Dal 2009 fino al dicembre 2014 ha presieduto la onlus \u201cAmici della Mezzaluna Rossa Palestinese\u201d di cui ora \u00e8 presidente onoraria. E' co-fondatrice della onlus Cultura \u00e8 Libert\u00e0 e dell\u2019adv Oltre il Mare che attualmente presiede.\",\"url\":\"https:\/\/www.pressenza.com\/it\/author\/patrizia-cecconi\/\"}]}<\/script>\n<!-- \/ Yoast SEO plugin. -->","yoast_head_json":{"title":"Rischio di carneficina e Medio Oriente in fiamme","description":"Domani 30 marzo, Giornata della Terra e anniversario dell\u2019inizio della Grande marcia per il ritorno, sar\u00e0 un giorno importante, forse tragicamente importante, in Palestina. Israele ha gi\u00e0 comunicato che far\u00e0 fucilare chiunque si avvicini alla recinzione. Lo ha sempre fatto e domani forse lo far\u00e0 con maggiore zelo. Il premier dello Stato ebraico ha dichiarato che non esclude la possibilit\u00e0 di un attacco da terra (quindi contro la popolazione civile)","robots":{"index":"index","follow":"follow","max-snippet":"max-snippet:-1","max-image-preview":"max-image-preview:large","max-video-preview":"max-video-preview:-1"},"canonical":"https:\/\/www.pressenza.com\/it\/2019\/03\/rischio-carneficina-medio-oriente-in-fiamme\/","og_locale":"it_IT","og_type":"article","og_title":"Rischio di carneficina e Medio Oriente in fiamme","og_description":"Domani 30 marzo, Giornata della Terra e anniversario dell\u2019inizio della Grande marcia per il ritorno, sar\u00e0 un giorno importante, forse tragicamente importante, in Palestina. Israele ha gi\u00e0 comunicato che far\u00e0 fucilare chiunque si avvicini alla recinzione. Lo ha sempre fatto e domani forse lo far\u00e0 con maggiore zelo. Il premier dello Stato ebraico ha dichiarato che non esclude la possibilit\u00e0 di un attacco da terra (quindi contro la popolazione civile)","og_url":"https:\/\/www.pressenza.com\/it\/2019\/03\/rischio-carneficina-medio-oriente-in-fiamme\/","og_site_name":"Pressenza","article_publisher":"https:\/\/www.facebook.com\/PressenzaItalia","article_published_time":"2019-03-29T22:10:58+00:00","article_modified_time":"2019-03-30T07:44:44+00:00","og_image":[{"width":750,"height":415,"url":"https:\/\/www.pressenza.com\/wp-content\/uploads\/2019\/03\/Marcia-del-Ritorno.jpg","type":"image\/jpeg"}],"author":"Patrizia Cecconi","twitter_card":"summary_large_image","twitter_creator":"@PressenzaIPA","twitter_site":"@PressenzaIPA","twitter_misc":{"Scritto da":"Patrizia Cecconi","Tempo di lettura stimato":"8 minuti"},"schema":{"@context":"https:\/\/schema.org","@graph":[{"@type":"Article","@id":"https:\/\/www.pressenza.com\/it\/2019\/03\/rischio-carneficina-medio-oriente-in-fiamme\/#article","isPartOf":{"@id":"https:\/\/www.pressenza.com\/it\/2019\/03\/rischio-carneficina-medio-oriente-in-fiamme\/"},"author":{"name":"Patrizia Cecconi","@id":"https:\/\/www.pressenza.com\/it\/#\/schema\/person\/4bb6e2d42a4c2430734c06e9b4daf40d"},"headline":"Rischio di carneficina e Medio Oriente in fiamme","datePublished":"2019-03-29T22:10:58+00:00","dateModified":"2019-03-30T07:44:44+00:00","mainEntityOfPage":{"@id":"https:\/\/www.pressenza.com\/it\/2019\/03\/rischio-carneficina-medio-oriente-in-fiamme\/"},"wordCount":1639,"publisher":{"@id":"https:\/\/www.pressenza.com\/it\/#organization"},"image":{"@id":"https:\/\/www.pressenza.com\/it\/2019\/03\/rischio-carneficina-medio-oriente-in-fiamme\/#primaryimage"},"thumbnailUrl":"https:\/\/www.pressenza.com\/wp-content\/uploads\/2019\/03\/Marcia-del-Ritorno.jpg","keywords":["Gaza","Grande Marcia per il Ritorno","Hamas","Iran","Israele","jihad","Palestina"],"articleSection":["contenuti originali","Medio Oriente","Pace e Disarmo"],"inLanguage":"it-IT"},{"@type":"WebPage","@id":"https:\/\/www.pressenza.com\/it\/2019\/03\/rischio-carneficina-medio-oriente-in-fiamme\/","url":"https:\/\/www.pressenza.com\/it\/2019\/03\/rischio-carneficina-medio-oriente-in-fiamme\/","name":"Rischio di carneficina e Medio Oriente in fiamme","isPartOf":{"@id":"https:\/\/www.pressenza.com\/it\/#website"},"primaryImageOfPage":{"@id":"https:\/\/www.pressenza.com\/it\/2019\/03\/rischio-carneficina-medio-oriente-in-fiamme\/#primaryimage"},"image":{"@id":"https:\/\/www.pressenza.com\/it\/2019\/03\/rischio-carneficina-medio-oriente-in-fiamme\/#primaryimage"},"thumbnailUrl":"https:\/\/www.pressenza.com\/wp-content\/uploads\/2019\/03\/Marcia-del-Ritorno.jpg","datePublished":"2019-03-29T22:10:58+00:00","dateModified":"2019-03-30T07:44:44+00:00","description":"Domani 30 marzo, Giornata della Terra e anniversario dell\u2019inizio della Grande marcia per il ritorno, sar\u00e0 un giorno importante, forse tragicamente importante, in Palestina. Israele ha gi\u00e0 comunicato che far\u00e0 fucilare chiunque si avvicini alla recinzione. Lo ha sempre fatto e domani forse lo far\u00e0 con maggiore zelo. Il premier dello Stato ebraico ha dichiarato che non esclude la possibilit\u00e0 di un attacco da terra (quindi contro la popolazione civile)","breadcrumb":{"@id":"https:\/\/www.pressenza.com\/it\/2019\/03\/rischio-carneficina-medio-oriente-in-fiamme\/#breadcrumb"},"inLanguage":"it-IT","potentialAction":[{"@type":"ReadAction","target":["https:\/\/www.pressenza.com\/it\/2019\/03\/rischio-carneficina-medio-oriente-in-fiamme\/"]}]},{"@type":"ImageObject","inLanguage":"it-IT","@id":"https:\/\/www.pressenza.com\/it\/2019\/03\/rischio-carneficina-medio-oriente-in-fiamme\/#primaryimage","url":"https:\/\/www.pressenza.com\/wp-content\/uploads\/2019\/03\/Marcia-del-Ritorno.jpg","contentUrl":"https:\/\/www.pressenza.com\/wp-content\/uploads\/2019\/03\/Marcia-del-Ritorno.jpg","width":750,"height":415,"caption":"Marcia del Ritorno"},{"@type":"BreadcrumbList","@id":"https:\/\/www.pressenza.com\/it\/2019\/03\/rischio-carneficina-medio-oriente-in-fiamme\/#breadcrumb","itemListElement":[{"@type":"ListItem","position":1,"name":"Accueil","item":"https:\/\/www.pressenza.com\/it\/"},{"@type":"ListItem","position":2,"name":"Rischio di carneficina e Medio Oriente in fiamme"}]},{"@type":"WebSite","@id":"https:\/\/www.pressenza.com\/it\/#website","url":"https:\/\/www.pressenza.com\/it\/","name":"Pressenza","description":"Agenzia di Stampa Internazionale","publisher":{"@id":"https:\/\/www.pressenza.com\/it\/#organization"},"potentialAction":[{"@type":"SearchAction","target":{"@type":"EntryPoint","urlTemplate":"https:\/\/www.pressenza.com\/it\/?s={search_term_string}"},"query-input":{"@type":"PropertyValueSpecification","valueRequired":true,"valueName":"search_term_string"}}],"inLanguage":"it-IT"},{"@type":"Organization","@id":"https:\/\/www.pressenza.com\/it\/#organization","name":"Pressenza","url":"https:\/\/www.pressenza.com\/it\/","logo":{"@type":"ImageObject","inLanguage":"it-IT","@id":"https:\/\/www.pressenza.com\/it\/#\/schema\/logo\/image\/","url":"https:\/\/www.pressenza.com\/wp-content\/uploads\/2022\/10\/pressenza_logo_200x200.jpg","contentUrl":"https:\/\/www.pressenza.com\/wp-content\/uploads\/2022\/10\/pressenza_logo_200x200.jpg","width":200,"height":200,"caption":"Pressenza"},"image":{"@id":"https:\/\/www.pressenza.com\/it\/#\/schema\/logo\/image\/"},"sameAs":["https:\/\/www.facebook.com\/PressenzaItalia","https:\/\/x.com\/PressenzaIPA"]},{"@type":"Person","@id":"https:\/\/www.pressenza.com\/it\/#\/schema\/person\/4bb6e2d42a4c2430734c06e9b4daf40d","name":"Patrizia Cecconi","description":"Patrizia Cecconi nasce a Roma dove consegue la laurea in Sociologia presso l\u2019Universit\u00e0 La Sapienza. Qui tiene per alcuni anni seminari sulla comunicazione. Successivamente vince la cattedra di Economia Aziendale, disciplina che insegner\u00e0 per circa venticinque anni. Interessata all\u2019ambiente e alla natura, verso il 2000 rivolge la sua attenzione allo studio della botanica e della fitoterapia ponendo sempre al centro dei suoi lavori l\u2019interazione culturale tra l\u2019ambiente e gli umani che lo abitano. Ha curato e pubblicato articoli e libri su argomenti diversi. Il suo interesse particolare \u00e8 rivolto alla Palestina. Dal 2009 fino al dicembre 2014 ha presieduto la onlus \u201cAmici della Mezzaluna Rossa Palestinese\u201d di cui ora \u00e8 presidente onoraria. E' co-fondatrice della onlus Cultura \u00e8 Libert\u00e0 e dell\u2019adv Oltre il Mare che attualmente presiede.","url":"https:\/\/www.pressenza.com\/it\/author\/patrizia-cecconi\/"}]}},"place":"","original_article_url":"","_links":{"self":[{"href":"https:\/\/www.pressenza.com\/it\/wp-json\/wp\/v2\/posts\/832131","targetHints":{"allow":["GET"]}}],"collection":[{"href":"https:\/\/www.pressenza.com\/it\/wp-json\/wp\/v2\/posts"}],"about":[{"href":"https:\/\/www.pressenza.com\/it\/wp-json\/wp\/v2\/types\/post"}],"author":[{"embeddable":true,"href":"https:\/\/www.pressenza.com\/it\/wp-json\/wp\/v2\/users\/1344"}],"replies":[{"embeddable":true,"href":"https:\/\/www.pressenza.com\/it\/wp-json\/wp\/v2\/comments?post=832131"}],"version-history":[{"count":0,"href":"https:\/\/www.pressenza.com\/it\/wp-json\/wp\/v2\/posts\/832131\/revisions"}],"wp:featuredmedia":[{"embeddable":true,"href":"https:\/\/www.pressenza.com\/it\/wp-json\/wp\/v2\/media\/832161"}],"wp:attachment":[{"href":"https:\/\/www.pressenza.com\/it\/wp-json\/wp\/v2\/media?parent=832131"}],"wp:term":[{"taxonomy":"category","embeddable":true,"href":"https:\/\/www.pressenza.com\/it\/wp-json\/wp\/v2\/categories?post=832131"},{"taxonomy":"post_tag","embeddable":true,"href":"https:\/\/www.pressenza.com\/it\/wp-json\/wp\/v2\/tags?post=832131"}],"curies":[{"name":"wp","href":"https:\/\/api.w.org\/{rel}","templated":true}]}}