{"id":830474,"date":"2019-03-26T13:12:35","date_gmt":"2019-03-26T13:12:35","guid":{"rendered":"https:\/\/www.pressenza.com\/?p=830474"},"modified":"2019-03-26T13:12:35","modified_gmt":"2019-03-26T13:12:35","slug":"30m-corteo-verona-transfemminista-non-una-di-meno","status":"publish","type":"post","link":"https:\/\/www.pressenza.com\/it\/2019\/03\/30m-corteo-verona-transfemminista-non-una-di-meno\/","title":{"rendered":"30M: Corteo Verona Transfemminista Non Una Di Meno"},"content":{"rendered":"<p><strong>Sabato 30 marzo 2019 dalle 14.30 alle 18,30<\/strong><\/p>\n<p><strong>Piazza XXV aprile, Stazione Verona Porta Nuova<\/strong><\/p>\n<p><strong>Organizzato da\u00a0<a href=\"https:\/\/www.facebook.com\/nonunadimeno\/?eid=ARCDuubzwidAlxItI4Dqhvu7STBeXQeXxuUZt3o7QB-p4ycNYsdfjUnvocMgr48w0FPe9dblYWdl-ZS2\">NON UNA DI MENO<\/a>\u00a0e\u00a0<a href=\"https:\/\/www.facebook.com\/nonunadimenoverona\/?eid=ARA2dH665CX5o7MV2R4OciaMmwIZObB1i7v4T3qdzHYXhl06ae-F4CQv7YUMqSVswyni8l0_KUi1caTt\">Non una di meno &#8211; Verona<\/a><\/strong><\/p>\n<p>Nella famiglia patriarcale eteronormata si produce e riproduce un modello sociale gerarchico e sessista: \u00e8 il luogo dove si verificano la maggior parte delle violenze di genere ed \u00e8 il dispositivo che riproduce la divisione sessuale del lavoro e dell\u2019oppressione. Inoltre, la famiglia \u00e8 uno strumento ideologico utilizzato per scopi razzisti, quando \u00e8 utilizzato per sostenere la riproduzione dell\u2019identit\u00e0 nazionale dalla pelle bianca. Per questo ribadiamo che la libert\u00e0 di autodeterminazione delle donne e di tutte le soggettivit\u00e0 LGBT*QI+ non pu\u00f2 prescindere dalla libert\u00e0 di movimento delle e dei migranti. La violenza dei confini si esprime sui territori e sui corpi delle persone che li attraversano.<\/p>\n<p>Questa idea di famiglia sar\u00e0 il cuore del Congresso Mondiale delle Famiglie (World Congress of Families, WCF) che si svolger\u00e0 a Verona il 29, 30 e 31 marzo 2019 e per questo le femministe e le transfemministe di Non Una Di Meno insieme ad altri movimenti italiani e internazionali occuperanno con rabbia, determinazione e favolosit\u00e0 la citt\u00e0. Il congresso sar\u00e0 co-organizzato dall\u2019amministrazione locale e patrocinato dalla \u201cPresidenza del Consiglio dei Ministri \u2013 Ministero per la famiglia e la disabilit\u00e0\u201d, e dalla Regione Veneto. Vi prenderanno parte il Ministro dell&#8217;Interno Matteo Salvini, il Ministro per la Famiglia e la Disabilit\u00e0 Lorenzo Fontana, il Ministro dell\u2019Istruzione Marco Bussetti, il senatore della Lega Simone Pillon. In questi nomi noi riconosciamo i principali promotori della violenza eteropatriarcale e razzista e della sua istituzionalizzazione. A loro, e a tutti quelli che con loro si riuniranno in nome dell\u2019oppressione e dello sfruttamento, noi opporremo la forza di un movimento transnazionale di liberazione.<\/p>\n<p>A dispetto della retorica sui valori e la vita umana, gli attacchi all\u2019aborto e l\u2019apologia della famiglia portata avanti da questi signori del patriarcato sono legati all\u2019organizzazione complessiva della societ\u00e0 fatta di violenza e oppressione. Dietro la rivendicazione ideologica della nazione bianca si nasconde un razzismo istituzionale che riproduce continuamente lavoro migrante da sfruttare all\u2019interno dei confini che dichiarano di voler difendere. Dietro l\u2019appello alla famiglia naturale c\u2019\u00e8 la violenza: l\u2019eterosessualit\u00e0 obbligatoria contro la libert\u00e0 sessuale delle donne e delle soggettivit\u00e0 LGBT*QI+ che rifiutano di riconoscersi nelle identit\u00e0 prescritte e nei ruoli sociali imposti. Ci opponiamo ad ogni tentativo di subordinare le donne al ruolo di cura all\u2019interno della famiglia e alla maternit\u00e0 come destino. Anche il mondo della scuola e della formazione risente di questi attacchi catto-fascisti a causa dell\u2019allarmismo fomentato, anche a livello istituzionale, dalle narrazioni che descrivono i bambini come vittime di una presunta \u201cideologia gender\u201d, traducendosi in forti limitazioni, se non vere e proprie censure, alla circolazione di saperi che criticano la riproduzione di gerarchie di genere e riconoscono la libert\u00e0 delle differenze. Sappiamo che il Congresso Mondiale delle Famiglie \u00e8 una delle difese scomposte di fronte alla potente sollevazione globale delle donne che sta facendo saltare un ordine basato su coercizioni, sfruttamento e gerarchie.<\/p>\n<p>Arriveremo a Verona forti dello sciopero femminista che cresce e si espande: l\u20198 marzo in centinaia di migliaia abbiamo occupato le piazze e le strade del mondo, incrociando le braccia e disertando i luoghi dello sfruttamento e della violenza patriarcale, per prendere parola contro il razzismo e l\u2019oppressione, per urlare la nostra libert\u00e0 dalle imposizioni di genere e dalla famiglia eteropatriarcale come istituzione oppressiva. Il femminismo e il transfemminismo che abbiamo messo in campo vanno oltre le identit\u00e0 e le loro codificazioni, transitano negli spazi e nella societ\u00e0 per creare nuove forme di lotta, procedono per relazioni pi\u00f9 che per individuazioni e attraversano ogni aspetto di una mobilitazione che \u00e8 globale. Lo sciopero femminista ha svelato il nesso tra violenza etero-patriarcale, razzismo e sfruttamento: portando in piazza la nostra libert\u00e0 e la nostra forza collettiva l\u20198 marzo abbiamo spezzato quel nesso. Non Una di Meno \u00e8 un movimento femminista e transfemminista perch\u00e9 partendo dalla messa in discussione delle relazioni di potere, delle gerarchie e dalla lotta contro la violenza maschile sulle donne e di\/del genere ha saputo colpire ogni aspetto della violenza sistemica. Con la nostra lotta abbiamo mostrato che sessismo, sfruttamento, razzismo, colonialismo, fondamentalismo politico e religioso, omo-lesbo-transfobia e fascismo sono legati e si sostengono l\u2019uno con l\u2019altro.<\/p>\n<p>Il femminismo e il transfemminismo di questo movimento partono dalla libert\u00e0 e dall\u2019autodeterminazione di ciascuna soggettivit\u00e0 per costruire processi collettivi di lotta e di liberazione che investono la riproduzione della societ\u00e0.<\/p>\n<p>In questo momento sono sotto attacco tutti i diritti conquistati dalle lotte delle donne: il divorzio, l&#8217;aborto e la riforma del diritto di famiglia. A questa ondata reazionaria, rispondiamo con la forza delle rivendicazioni del nostro Piano femminista contro la violenza maschile sulle donne e tutte le forme di violenza di genere (qui: <a href=\"https:\/\/l.facebook.com\/l.php?u=https%3A%2F%2Fnonunadimeno.files.wordpress.com%2F2017%2F11%2Fabbiamo_un_piano.pdf%3Ffbclid%3DIwAR1Gb6t5b5sNB3zfHY7aFRu4mWAXW9jqa4PZGOOmlJPNvBaXxNN91s9Ct3g&amp;h=AT0M30W8hTCINrMI9KUlfz_npMMINRN37NuxdjhtqEAGYMyWhO4U7iRYkcxx1wtaLsBUDBSBHXl4cqve5NlUwi725-MChr4vObPTFLO7QR1kp_drMyGagKyqhETOFbJp\" data-lynx-mode=\"hover\">https:\/\/nonunadimeno.files.wordpress.com\/2017\/11\/abbiamo_un_piano.pdf?fbclid=IwAR0iCeC-zeofYFlDQXs6sCCze70dB09H52rTTlpF9aBu1wVPwxwcYvSs6ws<\/a>).<\/p>\n<p>Siamo la marea femminista, transfemminista, antirazzista e antifascista che inonder\u00e0 Verona aprendo spazi di liberazione a partire dalla forza globale del nostro sciopero femminista.<\/p>\n<p>GI\u00d9 LE MANI DAI NOSTRI CORPI E DAI NOSTRI DESIDERI<\/p>\n<p>Non una di meno rivendica:<br \/>\n* Che la scuola e l\u2019universit\u00e0 diventino i luoghi primari di contrasto alle violenze di genere: fuori le associazioni no gender e spazio all\u2019educazione alle differenze, sessuale e di genere!<br \/>\n* Che sia avviata una formazione continua di figure professionali coinvolte nel percorso di fuoriuscita dalla violenza delle donne, come insegnanti, avvocati e avvocate, magistrati e magistrate, educatori ed educatrici di chi lavora nei media e nelle industrie culturali, per combattere narrazioni tossiche e promuovere una cultura nuova.<br \/>\n* Che la formazione prosegua nel mondo del lavoro contro molestie, violenza e discriminazione di genere, con l\u2019obiettivo di fornire strumenti di difesa e autodifesa adeguati ed efficaci.<br \/>\n* Consideriamo la salute come benessere psichico, fisico, sessuale e sociale e come espressione della libert\u00e0 di autodeterminazione. Siamo contro la patologizzazione delle persone trans e la riassegnazione sessuale coatta per le persone intersessuali.<br \/>\n* Sappiamo che l\u2019obiezione di coscienza nel servizio sanitario nazionale lede il diritto all\u2019autodeterminazione delle donne, vogliamo il pieno accesso a tutte le tecniche abortive per tutte le donne che ne fanno richiesta.<br \/>\n*Rivendichiamo la garanzia della libert\u00e0 di scelta e che la violenza ostetrica venga riconosciuta come una delle forme di violenza contro le donne che riguarda la salute riproduttiva e sessuale.<br \/>\n* Siamo contrarie alle logiche securitarie nei presidi sanitari: riteniamo inadeguati e dannosi interventi di stampo esclusivamente assistenziale, emergenziale e repressivo, che non tengono conto dell\u2019analisi femminista della violenza come fenomeno strutturale e vogliamo \u00e9quipe con operatrici esperte.<br \/>\n*Rivendichiamo un welfare universale, garantito. Vogliamo la creazione di consultori che siano spazi laici, politici, culturali e sociali oltre che socio-sanitari. Ne promuoviamo il potenziamento e la riqualificazione attraverso l\u2019assunzione di personale stabile e multidisciplinare.<br \/>\n*Incoraggiamo l\u2019apertura di nuove e sempre pi\u00f9 numerose consultorie femministe e transfemministe, intese come spazi di sperimentazione (e di vita), auto-inchiesta, mutualismo e ridefinizione del welfare.<br \/>\n*Rivendichiamo un salario minimo europeo, un reddito di autodeterminazione incondizionato e universale come strumenti di liberazione dalla violenza eteropatriarcale dentro e fuori i luoghi di lavoro.<br \/>\n*Contro il regime dei confini e il sistema istituzionale di accoglienza, rivendichiamo la libert\u00e0 di movimento e un permesso di soggiorno europeo senza condizioni svincolato dalla famiglia, dallo studio, dal lavoro e dal reddito.<br \/>\n*Vogliamo la cittadinanza per tutti e tutte, lo ius soli per le bambine e i bambini che nascono in Italia o che qui sono cresciute pur non essendovi nati.<br \/>\n*Critichiamo il sistema istituzionale dell\u2019accoglienza e rifiutiamo la logica emergenziale applicata alle migrazioni.<br \/>\n*Siamo contro la strumentalizzazione della violenza di genere in chiave razzista, securitaria e nazionalista.<br \/>\n*Vogliamo spazi politici condivisi femministi e transfemministi.<br \/>\n*Sappiamo che le violenze sui territori colpiscono anche noi e ci opponiamo alla \u201cviolenza ambientale\u201d che si attua contro il benessere dei nostri corpi e gli ecosistemi in cui viviamo, costantemente minacciati da pratiche di sfruttamento.<\/p>\n<p>&#8212;&#8212;&#8212;&#8212;&#8212;&#8212;&#8212;&#8212;&#8212;&#8212;&#8212;&#8212;&#8212;&#8212;&#8212;&#8212;&#8211;<br \/>\nINSIEME SIAM PARTITE, INSIEME TORNEREMO,<br \/>\nNON UNA &#8211; NON UNA &#8211; NON UNA DI MENO!<\/p>\n<p>Da tutta Italia, in molte si stanno organizzando per andare insieme verso Verona!<\/p>\n<p>PULLMAN VERSO VERONA<\/p>\n<p>da ALESSANDRIA: <a href=\"https:\/\/www.facebook.com\/nonunadimenoalessandria\/photos\/a.249645052131552\/617076468721740\/?type=3&amp;theater\">https:\/\/www.facebook.com\/nonunadimenoalessandria\/photos\/a.249645052131552\/617076468721740\/?type=3&amp;theater<\/a><br \/>\nda BOLOGNA: <a href=\"https:\/\/www.facebook.com\/nonunadimenobologna\/photos\/a.608319559378500\/1025798457630606\/?type=3&amp;theater\">https:\/\/www.facebook.com\/nonunadimenobologna\/photos\/a.608319559378500\/1025798457630606\/?type=3&amp;theater<\/a><br \/>\nda FANO: <a href=\"https:\/\/www.facebook.com\/events\/1934777903291165\/\">https:\/\/www.facebook.com\/events\/1934777903291165\/<\/a><br \/>\nda FIRENZE: <a href=\"https:\/\/www.facebook.com\/events\/404540656761921\/\">https:\/\/www.facebook.com\/events\/404540656761921\/<\/a><br \/>\nda GENOVA: <a href=\"https:\/\/www.facebook.com\/nonunadimenogenova\/photos\/a.1849891895280996\/2274955216107993\/\">https:\/\/www.facebook.com\/nonunadimenogenova\/photos\/a.1849891895280996\/2274955216107993\/<\/a><br \/>\nda MODENA: <a href=\"https:\/\/www.facebook.com\/events\/2306329169624276\/\">https:\/\/www.facebook.com\/events\/2306329169624276<\/a><br \/>\nda NAPOLI: <a href=\"https:\/\/www.facebook.com\/events\/842191062807776\/\">https:\/\/www.facebook.com\/events\/842191062807776\/<\/a><br \/>\nda PAVIA: <a href=\"https:\/\/www.facebook.com\/events\/342161809750231\/\">https:\/\/www.facebook.com\/events\/342161809750231\/<\/a><br \/>\nda PIACENZA: <a href=\"https:\/\/www.facebook.com\/events\/411003276377769\/\">https:\/\/www.facebook.com\/events\/411003276377769\/<\/a><br \/>\nda PISA: <a href=\"https:\/\/www.facebook.com\/events\/1038033403073764\/\">https:\/\/www.facebook.com\/events\/1038033403073764\/<\/a><br \/>\nda RAVENNA: <a href=\"https:\/\/www.facebook.com\/events\/404993273660203\/\">https:\/\/www.facebook.com\/events\/404993273660203\/<\/a><br \/>\nda REGGIO EMILIA: <a href=\"https:\/\/www.facebook.com\/events\/409272636569708\/\">https:\/\/www.facebook.com\/events\/409272636569708\/<\/a><br \/>\nda RIMINI: <a href=\"https:\/\/www.facebook.com\/events\/416677652416284\/\">https:\/\/www.facebook.com\/events\/416677652416284\/<\/a><br \/>\nda ROMA: <a href=\"https:\/\/www.facebook.com\/events\/345228439430898\/\">https:\/\/www.facebook.com\/events\/345228439430898\/<\/a><br \/>\nda SIENA: <a href=\"https:\/\/www.facebook.com\/events\/160522214852300\/\">https:\/\/www.facebook.com\/events\/160522214852300\/<\/a><br \/>\nda TORINO: <a href=\"https:\/\/www.facebook.com\/events\/1968117196630172\/\">https:\/\/www.facebook.com\/events\/1968117196630172\/<\/a><br \/>\nda TRIESTE: <a href=\"https:\/\/www.facebook.com\/events\/320381092015309\/\">https:\/\/www.facebook.com\/events\/320381092015309\/<\/a><br \/>\n&#8212;&#8212;&#8212;&#8212;&#8212;&#8212;&#8212;&#8212;&#8212;&#8212;&#8212;&#8212;&#8212;&#8212;&#8212;&#8212;&#8211;<br \/>\nIN TRENO VERSO VERONA<\/p>\n<p>da BERGAMO: <a href=\"https:\/\/www.facebook.com\/events\/687424201659734\/\">https:\/\/www.facebook.com\/events\/687424201659734\/<\/a><br \/>\nda BRESCIA: <a href=\"https:\/\/www.facebook.com\/events\/2024493551177238\/\">https:\/\/m.facebook.com\/events\/2024493551177238\/<\/a><br \/>\nda MANTOVA: <a href=\"https:\/\/www.facebook.com\/events\/335280763795880\/\">https:\/\/www.facebook.com\/events\/335280763795880\/<\/a><br \/>\nda MILANO: <a href=\"https:\/\/www.facebook.com\/events\/1283670548478831\/\">https:\/\/www.facebook.com\/events\/1283670548478831\/<\/a><br \/>\nda PADOVA: <a href=\"https:\/\/www.facebook.com\/events\/305836590114890\/\">https:\/\/www.facebook.com\/events\/305836590114890\/<\/a><br \/>\nda TREVISO: <a href=\"https:\/\/www.facebook.com\/events\/427727054667388\/\">https:\/\/www.facebook.com\/events\/427727054667388\/<\/a><br \/>\nda VENEZIA: <a href=\"https:\/\/www.facebook.com\/events\/1268725463290432\/\">https:\/\/www.facebook.com\/events\/1268725463290432\/<\/a><br \/>\nda VICENZA: <a href=\"https:\/\/www.facebook.com\/events\/1290675717749100\/\">https:\/\/www.facebook.com\/events\/1290675717749100\/<\/a><br \/>\nda TRENTO : <a href=\"https:\/\/www.facebook.com\/events\/254487058764465\/\">https:\/\/www.facebook.com\/events\/254487058764465\/<\/a><\/p>\n<p>&nbsp;<\/p>\n<p><strong>\u00a0<\/strong><\/p>\n","protected":false},"excerpt":{"rendered":"<p>Sabato 30 marzo 2019 dalle 14.30 alle 18,30 Piazza XXV aprile, Stazione Verona Porta Nuova Organizzato da\u00a0NON UNA DI MENO\u00a0e\u00a0Non una di meno &#8211; Verona Nella famiglia patriarcale eteronormata si produce e riproduce un modello sociale gerarchico e sessista: \u00e8&hellip;<\/p>\n","protected":false},"author":594,"featured_media":830475,"comment_status":"closed","ping_status":"closed","sticky":false,"template":"","format":"standard","meta":{"footnotes":""},"categories":[150,47,54513],"tags":[55671,56833,11134,56757],"class_list":["post-830474","post","type-post","status-publish","format-standard","has-post-thumbnail","hentry","category-comunicati-stampa","category-europa","category-genere-e-femminismi","tag-congresso-mondiale-delle-famiglie","tag-corteo-verona-transfemminista","tag-governo-italiano","tag-patrocinio-it"],"yoast_head":"<!-- This site is optimized with the Yoast SEO plugin v27.1.1 - https:\/\/yoast.com\/product\/yoast-seo-wordpress\/ -->\n<title>30M: Corteo Verona Transfemminista Non Una Di Meno<\/title>\n<meta name=\"description\" content=\"Sabato 30 marzo una marea femminista, transfemminista, antirazzista e antifascista inonder\u00e0 Verona in occasione del Congresso mondiale delle famiglie\" \/>\n<meta name=\"robots\" content=\"index, follow, max-snippet:-1, max-image-preview:large, max-video-preview:-1\" \/>\n<link rel=\"canonical\" href=\"https:\/\/www.pressenza.com\/it\/2019\/03\/30m-corteo-verona-transfemminista-non-una-di-meno\/\" \/>\n<meta property=\"og:locale\" content=\"it_IT\" \/>\n<meta property=\"og:type\" content=\"article\" \/>\n<meta property=\"og:title\" content=\"30M: Corteo Verona Transfemminista Non Una Di Meno\" \/>\n<meta property=\"og:description\" content=\"Sabato 30 marzo una marea femminista, transfemminista, antirazzista e antifascista inonder\u00e0 Verona in occasione del Congresso mondiale delle famiglie\" \/>\n<meta property=\"og:url\" content=\"https:\/\/www.pressenza.com\/it\/2019\/03\/30m-corteo-verona-transfemminista-non-una-di-meno\/\" \/>\n<meta property=\"og:site_name\" content=\"Pressenza\" \/>\n<meta property=\"article:publisher\" content=\"https:\/\/www.facebook.com\/PressenzaItalia\" \/>\n<meta property=\"article:author\" content=\"https:\/\/www.facebook.com\/PressenzaItalia\" \/>\n<meta property=\"article:published_time\" content=\"2019-03-26T13:12:35+00:00\" \/>\n<meta property=\"og:image\" content=\"https:\/\/www.pressenza.com\/wp-content\/uploads\/2019\/03\/corteo-Verona-30.3.jpg\" \/>\n\t<meta property=\"og:image:width\" content=\"960\" \/>\n\t<meta property=\"og:image:height\" content=\"501\" \/>\n\t<meta property=\"og:image:type\" content=\"image\/jpeg\" \/>\n<meta name=\"author\" content=\"Redazione Italia\" \/>\n<meta name=\"twitter:card\" content=\"summary_large_image\" \/>\n<meta name=\"twitter:creator\" content=\"@pressenza_it\" \/>\n<meta name=\"twitter:site\" content=\"@PressenzaIPA\" \/>\n<meta name=\"twitter:label1\" content=\"Scritto da\" \/>\n\t<meta name=\"twitter:data1\" content=\"Redazione Italia\" \/>\n\t<meta name=\"twitter:label2\" content=\"Tempo di lettura stimato\" \/>\n\t<meta name=\"twitter:data2\" content=\"8 minuti\" \/>\n<script type=\"application\/ld+json\" class=\"yoast-schema-graph\">{\"@context\":\"https:\/\/schema.org\",\"@graph\":[{\"@type\":\"Article\",\"@id\":\"https:\/\/www.pressenza.com\/it\/2019\/03\/30m-corteo-verona-transfemminista-non-una-di-meno\/#article\",\"isPartOf\":{\"@id\":\"https:\/\/www.pressenza.com\/it\/2019\/03\/30m-corteo-verona-transfemminista-non-una-di-meno\/\"},\"author\":{\"name\":\"Redazione Italia\",\"@id\":\"https:\/\/www.pressenza.com\/it\/#\/schema\/person\/d983e81827ae24f2c7b1a2123d197f8d\"},\"headline\":\"30M: Corteo Verona Transfemminista Non Una Di Meno\",\"datePublished\":\"2019-03-26T13:12:35+00:00\",\"mainEntityOfPage\":{\"@id\":\"https:\/\/www.pressenza.com\/it\/2019\/03\/30m-corteo-verona-transfemminista-non-una-di-meno\/\"},\"wordCount\":1561,\"publisher\":{\"@id\":\"https:\/\/www.pressenza.com\/it\/#organization\"},\"image\":{\"@id\":\"https:\/\/www.pressenza.com\/it\/2019\/03\/30m-corteo-verona-transfemminista-non-una-di-meno\/#primaryimage\"},\"thumbnailUrl\":\"https:\/\/www.pressenza.com\/wp-content\/uploads\/2019\/03\/corteo-Verona-30.3.jpg\",\"keywords\":[\"congresso mondiale delle famiglie\",\"Corteo Verona Transfemminista\",\"governo italiano\",\"patrocinio\"],\"articleSection\":[\"Comunicati Stampa\",\"Europa\",\"Genere e femminismi\"],\"inLanguage\":\"it-IT\"},{\"@type\":\"WebPage\",\"@id\":\"https:\/\/www.pressenza.com\/it\/2019\/03\/30m-corteo-verona-transfemminista-non-una-di-meno\/\",\"url\":\"https:\/\/www.pressenza.com\/it\/2019\/03\/30m-corteo-verona-transfemminista-non-una-di-meno\/\",\"name\":\"30M: Corteo Verona Transfemminista Non Una Di Meno\",\"isPartOf\":{\"@id\":\"https:\/\/www.pressenza.com\/it\/#website\"},\"primaryImageOfPage\":{\"@id\":\"https:\/\/www.pressenza.com\/it\/2019\/03\/30m-corteo-verona-transfemminista-non-una-di-meno\/#primaryimage\"},\"image\":{\"@id\":\"https:\/\/www.pressenza.com\/it\/2019\/03\/30m-corteo-verona-transfemminista-non-una-di-meno\/#primaryimage\"},\"thumbnailUrl\":\"https:\/\/www.pressenza.com\/wp-content\/uploads\/2019\/03\/corteo-Verona-30.3.jpg\",\"datePublished\":\"2019-03-26T13:12:35+00:00\",\"description\":\"Sabato 30 marzo una marea femminista, transfemminista, antirazzista e antifascista inonder\u00e0 Verona in occasione del Congresso mondiale delle famiglie\",\"breadcrumb\":{\"@id\":\"https:\/\/www.pressenza.com\/it\/2019\/03\/30m-corteo-verona-transfemminista-non-una-di-meno\/#breadcrumb\"},\"inLanguage\":\"it-IT\",\"potentialAction\":[{\"@type\":\"ReadAction\",\"target\":[\"https:\/\/www.pressenza.com\/it\/2019\/03\/30m-corteo-verona-transfemminista-non-una-di-meno\/\"]}]},{\"@type\":\"ImageObject\",\"inLanguage\":\"it-IT\",\"@id\":\"https:\/\/www.pressenza.com\/it\/2019\/03\/30m-corteo-verona-transfemminista-non-una-di-meno\/#primaryimage\",\"url\":\"https:\/\/www.pressenza.com\/wp-content\/uploads\/2019\/03\/corteo-Verona-30.3.jpg\",\"contentUrl\":\"https:\/\/www.pressenza.com\/wp-content\/uploads\/2019\/03\/corteo-Verona-30.3.jpg\",\"width\":960,\"height\":501,\"caption\":\"30M: Corteo Verona Transfemminista Non Una Di Meno\"},{\"@type\":\"BreadcrumbList\",\"@id\":\"https:\/\/www.pressenza.com\/it\/2019\/03\/30m-corteo-verona-transfemminista-non-una-di-meno\/#breadcrumb\",\"itemListElement\":[{\"@type\":\"ListItem\",\"position\":1,\"name\":\"Accueil\",\"item\":\"https:\/\/www.pressenza.com\/it\/\"},{\"@type\":\"ListItem\",\"position\":2,\"name\":\"30M: Corteo Verona Transfemminista Non Una Di Meno\"}]},{\"@type\":\"WebSite\",\"@id\":\"https:\/\/www.pressenza.com\/it\/#website\",\"url\":\"https:\/\/www.pressenza.com\/it\/\",\"name\":\"Pressenza\",\"description\":\"Agenzia di Stampa Internazionale\",\"publisher\":{\"@id\":\"https:\/\/www.pressenza.com\/it\/#organization\"},\"potentialAction\":[{\"@type\":\"SearchAction\",\"target\":{\"@type\":\"EntryPoint\",\"urlTemplate\":\"https:\/\/www.pressenza.com\/it\/?s={search_term_string}\"},\"query-input\":{\"@type\":\"PropertyValueSpecification\",\"valueRequired\":true,\"valueName\":\"search_term_string\"}}],\"inLanguage\":\"it-IT\"},{\"@type\":\"Organization\",\"@id\":\"https:\/\/www.pressenza.com\/it\/#organization\",\"name\":\"Pressenza\",\"url\":\"https:\/\/www.pressenza.com\/it\/\",\"logo\":{\"@type\":\"ImageObject\",\"inLanguage\":\"it-IT\",\"@id\":\"https:\/\/www.pressenza.com\/it\/#\/schema\/logo\/image\/\",\"url\":\"https:\/\/www.pressenza.com\/wp-content\/uploads\/2022\/10\/pressenza_logo_200x200.jpg\",\"contentUrl\":\"https:\/\/www.pressenza.com\/wp-content\/uploads\/2022\/10\/pressenza_logo_200x200.jpg\",\"width\":200,\"height\":200,\"caption\":\"Pressenza\"},\"image\":{\"@id\":\"https:\/\/www.pressenza.com\/it\/#\/schema\/logo\/image\/\"},\"sameAs\":[\"https:\/\/www.facebook.com\/PressenzaItalia\",\"https:\/\/x.com\/PressenzaIPA\"]},{\"@type\":\"Person\",\"@id\":\"https:\/\/www.pressenza.com\/it\/#\/schema\/person\/d983e81827ae24f2c7b1a2123d197f8d\",\"name\":\"Redazione Italia\",\"description\":\"News from the Pressenza Bureau in Italy\",\"sameAs\":[\"https:\/\/www.pressenza.com\/it\/author\/redazione-italia\/\",\"https:\/\/www.facebook.com\/PressenzaItalia\",\"https:\/\/www.instagram.com\/pressenza_italia\/\",\"https:\/\/x.com\/pressenza_it\",\"https:\/\/www.youtube.com\/channel\/UCSalEIWjE1RSxkwjfftFuqg\"],\"url\":\"https:\/\/www.pressenza.com\/it\/author\/redazione-italia\/\"}]}<\/script>\n<!-- \/ Yoast SEO plugin. -->","yoast_head_json":{"title":"30M: Corteo Verona Transfemminista Non Una Di Meno","description":"Sabato 30 marzo una marea femminista, transfemminista, antirazzista e antifascista inonder\u00e0 Verona in occasione del Congresso mondiale delle famiglie","robots":{"index":"index","follow":"follow","max-snippet":"max-snippet:-1","max-image-preview":"max-image-preview:large","max-video-preview":"max-video-preview:-1"},"canonical":"https:\/\/www.pressenza.com\/it\/2019\/03\/30m-corteo-verona-transfemminista-non-una-di-meno\/","og_locale":"it_IT","og_type":"article","og_title":"30M: Corteo Verona Transfemminista Non Una Di Meno","og_description":"Sabato 30 marzo una marea femminista, transfemminista, antirazzista e antifascista inonder\u00e0 Verona in occasione del Congresso mondiale delle famiglie","og_url":"https:\/\/www.pressenza.com\/it\/2019\/03\/30m-corteo-verona-transfemminista-non-una-di-meno\/","og_site_name":"Pressenza","article_publisher":"https:\/\/www.facebook.com\/PressenzaItalia","article_author":"https:\/\/www.facebook.com\/PressenzaItalia","article_published_time":"2019-03-26T13:12:35+00:00","og_image":[{"width":960,"height":501,"url":"https:\/\/www.pressenza.com\/wp-content\/uploads\/2019\/03\/corteo-Verona-30.3.jpg","type":"image\/jpeg"}],"author":"Redazione Italia","twitter_card":"summary_large_image","twitter_creator":"@pressenza_it","twitter_site":"@PressenzaIPA","twitter_misc":{"Scritto da":"Redazione Italia","Tempo di lettura stimato":"8 minuti"},"schema":{"@context":"https:\/\/schema.org","@graph":[{"@type":"Article","@id":"https:\/\/www.pressenza.com\/it\/2019\/03\/30m-corteo-verona-transfemminista-non-una-di-meno\/#article","isPartOf":{"@id":"https:\/\/www.pressenza.com\/it\/2019\/03\/30m-corteo-verona-transfemminista-non-una-di-meno\/"},"author":{"name":"Redazione Italia","@id":"https:\/\/www.pressenza.com\/it\/#\/schema\/person\/d983e81827ae24f2c7b1a2123d197f8d"},"headline":"30M: Corteo Verona Transfemminista Non Una Di Meno","datePublished":"2019-03-26T13:12:35+00:00","mainEntityOfPage":{"@id":"https:\/\/www.pressenza.com\/it\/2019\/03\/30m-corteo-verona-transfemminista-non-una-di-meno\/"},"wordCount":1561,"publisher":{"@id":"https:\/\/www.pressenza.com\/it\/#organization"},"image":{"@id":"https:\/\/www.pressenza.com\/it\/2019\/03\/30m-corteo-verona-transfemminista-non-una-di-meno\/#primaryimage"},"thumbnailUrl":"https:\/\/www.pressenza.com\/wp-content\/uploads\/2019\/03\/corteo-Verona-30.3.jpg","keywords":["congresso mondiale delle famiglie","Corteo Verona Transfemminista","governo italiano","patrocinio"],"articleSection":["Comunicati Stampa","Europa","Genere e femminismi"],"inLanguage":"it-IT"},{"@type":"WebPage","@id":"https:\/\/www.pressenza.com\/it\/2019\/03\/30m-corteo-verona-transfemminista-non-una-di-meno\/","url":"https:\/\/www.pressenza.com\/it\/2019\/03\/30m-corteo-verona-transfemminista-non-una-di-meno\/","name":"30M: Corteo Verona Transfemminista Non Una Di Meno","isPartOf":{"@id":"https:\/\/www.pressenza.com\/it\/#website"},"primaryImageOfPage":{"@id":"https:\/\/www.pressenza.com\/it\/2019\/03\/30m-corteo-verona-transfemminista-non-una-di-meno\/#primaryimage"},"image":{"@id":"https:\/\/www.pressenza.com\/it\/2019\/03\/30m-corteo-verona-transfemminista-non-una-di-meno\/#primaryimage"},"thumbnailUrl":"https:\/\/www.pressenza.com\/wp-content\/uploads\/2019\/03\/corteo-Verona-30.3.jpg","datePublished":"2019-03-26T13:12:35+00:00","description":"Sabato 30 marzo una marea femminista, transfemminista, antirazzista e antifascista inonder\u00e0 Verona in occasione del Congresso mondiale delle famiglie","breadcrumb":{"@id":"https:\/\/www.pressenza.com\/it\/2019\/03\/30m-corteo-verona-transfemminista-non-una-di-meno\/#breadcrumb"},"inLanguage":"it-IT","potentialAction":[{"@type":"ReadAction","target":["https:\/\/www.pressenza.com\/it\/2019\/03\/30m-corteo-verona-transfemminista-non-una-di-meno\/"]}]},{"@type":"ImageObject","inLanguage":"it-IT","@id":"https:\/\/www.pressenza.com\/it\/2019\/03\/30m-corteo-verona-transfemminista-non-una-di-meno\/#primaryimage","url":"https:\/\/www.pressenza.com\/wp-content\/uploads\/2019\/03\/corteo-Verona-30.3.jpg","contentUrl":"https:\/\/www.pressenza.com\/wp-content\/uploads\/2019\/03\/corteo-Verona-30.3.jpg","width":960,"height":501,"caption":"30M: Corteo Verona Transfemminista Non Una Di Meno"},{"@type":"BreadcrumbList","@id":"https:\/\/www.pressenza.com\/it\/2019\/03\/30m-corteo-verona-transfemminista-non-una-di-meno\/#breadcrumb","itemListElement":[{"@type":"ListItem","position":1,"name":"Accueil","item":"https:\/\/www.pressenza.com\/it\/"},{"@type":"ListItem","position":2,"name":"30M: Corteo Verona Transfemminista Non Una Di Meno"}]},{"@type":"WebSite","@id":"https:\/\/www.pressenza.com\/it\/#website","url":"https:\/\/www.pressenza.com\/it\/","name":"Pressenza","description":"Agenzia di Stampa Internazionale","publisher":{"@id":"https:\/\/www.pressenza.com\/it\/#organization"},"potentialAction":[{"@type":"SearchAction","target":{"@type":"EntryPoint","urlTemplate":"https:\/\/www.pressenza.com\/it\/?s={search_term_string}"},"query-input":{"@type":"PropertyValueSpecification","valueRequired":true,"valueName":"search_term_string"}}],"inLanguage":"it-IT"},{"@type":"Organization","@id":"https:\/\/www.pressenza.com\/it\/#organization","name":"Pressenza","url":"https:\/\/www.pressenza.com\/it\/","logo":{"@type":"ImageObject","inLanguage":"it-IT","@id":"https:\/\/www.pressenza.com\/it\/#\/schema\/logo\/image\/","url":"https:\/\/www.pressenza.com\/wp-content\/uploads\/2022\/10\/pressenza_logo_200x200.jpg","contentUrl":"https:\/\/www.pressenza.com\/wp-content\/uploads\/2022\/10\/pressenza_logo_200x200.jpg","width":200,"height":200,"caption":"Pressenza"},"image":{"@id":"https:\/\/www.pressenza.com\/it\/#\/schema\/logo\/image\/"},"sameAs":["https:\/\/www.facebook.com\/PressenzaItalia","https:\/\/x.com\/PressenzaIPA"]},{"@type":"Person","@id":"https:\/\/www.pressenza.com\/it\/#\/schema\/person\/d983e81827ae24f2c7b1a2123d197f8d","name":"Redazione Italia","description":"News from the Pressenza Bureau in Italy","sameAs":["https:\/\/www.pressenza.com\/it\/author\/redazione-italia\/","https:\/\/www.facebook.com\/PressenzaItalia","https:\/\/www.instagram.com\/pressenza_italia\/","https:\/\/x.com\/pressenza_it","https:\/\/www.youtube.com\/channel\/UCSalEIWjE1RSxkwjfftFuqg"],"url":"https:\/\/www.pressenza.com\/it\/author\/redazione-italia\/"}]}},"place":"","original_article_url":"","_links":{"self":[{"href":"https:\/\/www.pressenza.com\/it\/wp-json\/wp\/v2\/posts\/830474","targetHints":{"allow":["GET"]}}],"collection":[{"href":"https:\/\/www.pressenza.com\/it\/wp-json\/wp\/v2\/posts"}],"about":[{"href":"https:\/\/www.pressenza.com\/it\/wp-json\/wp\/v2\/types\/post"}],"author":[{"embeddable":true,"href":"https:\/\/www.pressenza.com\/it\/wp-json\/wp\/v2\/users\/594"}],"replies":[{"embeddable":true,"href":"https:\/\/www.pressenza.com\/it\/wp-json\/wp\/v2\/comments?post=830474"}],"version-history":[{"count":0,"href":"https:\/\/www.pressenza.com\/it\/wp-json\/wp\/v2\/posts\/830474\/revisions"}],"wp:featuredmedia":[{"embeddable":true,"href":"https:\/\/www.pressenza.com\/it\/wp-json\/wp\/v2\/media\/830475"}],"wp:attachment":[{"href":"https:\/\/www.pressenza.com\/it\/wp-json\/wp\/v2\/media?parent=830474"}],"wp:term":[{"taxonomy":"category","embeddable":true,"href":"https:\/\/www.pressenza.com\/it\/wp-json\/wp\/v2\/categories?post=830474"},{"taxonomy":"post_tag","embeddable":true,"href":"https:\/\/www.pressenza.com\/it\/wp-json\/wp\/v2\/tags?post=830474"}],"curies":[{"name":"wp","href":"https:\/\/api.w.org\/{rel}","templated":true}]}}