{"id":830177,"date":"2019-03-25T14:11:07","date_gmt":"2019-03-25T14:11:07","guid":{"rendered":"https:\/\/www.pressenza.com\/?p=830177"},"modified":"2019-03-25T14:13:49","modified_gmt":"2019-03-25T14:13:49","slug":"tantissima-gente-in-argentina-per-la-giornata-della-memoria-della-verita-e-della-giustizia","status":"publish","type":"post","link":"https:\/\/www.pressenza.com\/it\/2019\/03\/tantissima-gente-in-argentina-per-la-giornata-della-memoria-della-verita-e-della-giustizia\/","title":{"rendered":"Tantissima gente in Argentina per la giornata della Memoria, della Verit\u00e0 e della Giustizia"},"content":{"rendered":"<p>Ancora un 24 marzo in Argentina, per ricordare la data in cui \u00e8 iniziata la pagina pi\u00f9 sinistra delle dittature che il paese ha vissuto durante il XX secolo. Sono passati quarantatre anni da quando Jorge Rafael Videla \u00e8 salito al potere con la violenza e per mettere in atto un brutale genocidio che ha lasciato una scia di 30.000 persone scomparse.<\/p>\n<p>Le Madri di Plaza de Mayo, le Nonne di Plaza de Mayo, i Figli e i Parenti dei Detenuti Scomparsi guidano questo invito massivo e perseverante che vuole creare nelle nuove generazioni la consapevolezza del fatto che gli argentini dicono &#8220;Mai pi\u00f9&#8221; ai colpi di stato, e che ha lo scopo di rafforzare la richiesta di Verit\u00e0 e l&#8217;esigenza di Giustizia.<\/p>\n<p>Dal palco su cui sono saliti i rappresentanti delle organizzazioni per i diritti umani, sono state criticate le azioni del governo di Mauricio Macri per aver portato avanti uno svuotamento delle politiche della Memoria, della Verit\u00e0 e della Giustizia, oltre a favorire un discorso di impunit\u00e0 per i criminali di lesa umanit\u00e0, che beneficiano degli arresti domiciliari in violazione dei trattati internazionali.<\/p>\n<p>Ma il governo di Macri \u00e8 stato anche giudicato per la repressione contro la protesta sociale, per l&#8217;espropriazione delle terre dei popoli indigeni, per la fame programmata e l&#8217;indebitamento centenario del popolo argentino.<\/p>\n<p>La presenza degli ex combattenti della guerra delle Malvinas \u00e8 stata evidenziata e la sovranit\u00e0 sulle isole dell&#8217;Atlantico meridionale \u00e8 stata rivendicata ancora una volta. E&#8217; stata inoltre celebrata la presenza dei principali sindacati dei lavoratori che hanno deciso di accompagnare in modo unitario il Giorno della Memoria. Ed \u00e8 stato chiesto il rilascio di tutti i prigionieri politici di questo governo.<\/p>\n<p>Pi\u00f9 di 300.000 persone hanno partecipato all&#8217;evento a Buenos Aires e altrettante hanno sfilato nelle altre citt\u00e0 dove si \u00e8 celebrato il Giorno della Memoria in Argentina.<\/p>\n<p><img decoding=\"async\" class=\"alignleft size-large wp-image-829881\" src=\"https:\/\/www.pressenza.com\/wp-content\/uploads\/2019\/03\/WhatsApp-Image-2019-03-24-at-18.03.41-720x540.jpeg\" alt=\"\" width=\"720\" srcset=\"https:\/\/www.pressenza.com\/wp-content\/uploads\/2019\/03\/WhatsApp-Image-2019-03-24-at-18.03.41-720x540.jpeg 720w, https:\/\/www.pressenza.com\/wp-content\/uploads\/2019\/03\/WhatsApp-Image-2019-03-24-at-18.03.41-300x225.jpeg 300w, https:\/\/www.pressenza.com\/wp-content\/uploads\/2019\/03\/WhatsApp-Image-2019-03-24-at-18.03.41-768x576.jpeg 768w, https:\/\/www.pressenza.com\/wp-content\/uploads\/2019\/03\/WhatsApp-Image-2019-03-24-at-18.03.41.jpeg 1032w\" sizes=\"(max-width: 720px) 100vw, 720px\" \/><\/p>\n<p>Traduzione dallo spagnolo di Silvia Nocera<\/p>\n","protected":false},"excerpt":{"rendered":"<p>Ancora un 24 marzo in Argentina, per ricordare la data in cui \u00e8 iniziata la pagina pi\u00f9 sinistra delle dittature che il paese ha vissuto durante il XX secolo. Sono passati quarantatre anni da quando Jorge Rafael Videla \u00e8 salito&hellip;<\/p>\n","protected":false},"author":96,"featured_media":829879,"comment_status":"closed","ping_status":"closed","sticky":false,"template":"","format":"standard","meta":{"footnotes":""},"categories":[11388,60,55,48],"tags":[1688,54560,6647,8777,8851],"class_list":["post-830177","post","type-post","status-publish","format-standard","has-post-thumbnail","hentry","category-contenuti-originali","category-diritti-umani","category-politica","category-sud-america","tag-argentina-it","tag-diritti-umani-es-it","tag-dittatura","tag-giornata-della-memoria","tag-madres-de-plaza-de-mayo-it"],"yoast_head":"<!-- This site is optimized with the Yoast SEO plugin v27.1.1 - https:\/\/yoast.com\/product\/yoast-seo-wordpress\/ -->\n<title>Tantissima gente in Argentina per la giornata della Memoria, della Verit\u00e0 e della Giustizia<\/title>\n<meta name=\"description\" content=\"Ancora un 24 marzo in Argentina, per ricordare la data in cui \u00e8 iniziata la pagina pi\u00f9 sinistra delle dittature che il paese ha vissuto durante il XX\" \/>\n<meta name=\"robots\" content=\"index, follow, max-snippet:-1, max-image-preview:large, max-video-preview:-1\" \/>\n<link rel=\"canonical\" href=\"https:\/\/www.pressenza.com\/it\/2019\/03\/tantissima-gente-in-argentina-per-la-giornata-della-memoria-della-verita-e-della-giustizia\/\" \/>\n<meta property=\"og:locale\" content=\"it_IT\" \/>\n<meta property=\"og:type\" content=\"article\" \/>\n<meta property=\"og:title\" content=\"Tantissima gente in Argentina per la giornata della Memoria, della Verit\u00e0 e della Giustizia\" \/>\n<meta property=\"og:description\" content=\"Ancora un 24 marzo in Argentina, per ricordare la data in cui \u00e8 iniziata la pagina pi\u00f9 sinistra delle dittature che il paese ha vissuto durante il XX\" \/>\n<meta property=\"og:url\" content=\"https:\/\/www.pressenza.com\/it\/2019\/03\/tantissima-gente-in-argentina-per-la-giornata-della-memoria-della-verita-e-della-giustizia\/\" \/>\n<meta property=\"og:site_name\" content=\"Pressenza\" \/>\n<meta property=\"article:publisher\" content=\"https:\/\/www.facebook.com\/PressenzaItalia\" \/>\n<meta property=\"article:author\" content=\"https:\/\/www.facebook.com\/mariano.quiroga.779\" \/>\n<meta property=\"article:published_time\" content=\"2019-03-25T14:11:07+00:00\" \/>\n<meta property=\"article:modified_time\" content=\"2019-03-25T14:13:49+00:00\" \/>\n<meta property=\"og:image\" content=\"https:\/\/www.pressenza.com\/wp-content\/uploads\/2019\/03\/WhatsApp-Image-2019-03-24-at-18.03.43.jpeg\" \/>\n\t<meta property=\"og:image:width\" content=\"1032\" \/>\n\t<meta property=\"og:image:height\" content=\"774\" \/>\n\t<meta property=\"og:image:type\" content=\"image\/jpeg\" \/>\n<meta name=\"author\" content=\"Mariano Quiroga\" \/>\n<meta name=\"twitter:card\" content=\"summary_large_image\" \/>\n<meta name=\"twitter:creator\" content=\"@MaruchoQuiroga\" \/>\n<meta name=\"twitter:site\" content=\"@PressenzaIPA\" \/>\n<meta name=\"twitter:label1\" content=\"Scritto da\" \/>\n\t<meta name=\"twitter:data1\" content=\"Mariano Quiroga\" \/>\n\t<meta name=\"twitter:label2\" content=\"Tempo di lettura stimato\" \/>\n\t<meta name=\"twitter:data2\" content=\"2 minuti\" \/>\n<script type=\"application\/ld+json\" class=\"yoast-schema-graph\">{\"@context\":\"https:\/\/schema.org\",\"@graph\":[{\"@type\":\"Article\",\"@id\":\"https:\/\/www.pressenza.com\/it\/2019\/03\/tantissima-gente-in-argentina-per-la-giornata-della-memoria-della-verita-e-della-giustizia\/#article\",\"isPartOf\":{\"@id\":\"https:\/\/www.pressenza.com\/it\/2019\/03\/tantissima-gente-in-argentina-per-la-giornata-della-memoria-della-verita-e-della-giustizia\/\"},\"author\":{\"name\":\"Mariano Quiroga\",\"@id\":\"https:\/\/www.pressenza.com\/it\/#\/schema\/person\/a0856fe41d8234b92503e6b28dc2585e\"},\"headline\":\"Tantissima gente in Argentina per la giornata della Memoria, della Verit\u00e0 e della Giustizia\",\"datePublished\":\"2019-03-25T14:11:07+00:00\",\"dateModified\":\"2019-03-25T14:13:49+00:00\",\"mainEntityOfPage\":{\"@id\":\"https:\/\/www.pressenza.com\/it\/2019\/03\/tantissima-gente-in-argentina-per-la-giornata-della-memoria-della-verita-e-della-giustizia\/\"},\"wordCount\":322,\"publisher\":{\"@id\":\"https:\/\/www.pressenza.com\/it\/#organization\"},\"image\":{\"@id\":\"https:\/\/www.pressenza.com\/it\/2019\/03\/tantissima-gente-in-argentina-per-la-giornata-della-memoria-della-verita-e-della-giustizia\/#primaryimage\"},\"thumbnailUrl\":\"https:\/\/www.pressenza.com\/wp-content\/uploads\/2019\/03\/WhatsApp-Image-2019-03-24-at-18.03.43.jpeg\",\"keywords\":[\"Argentina\",\"diritti umani\",\"dittatura\",\"Giornata della Memoria\",\"Madres de Plaza de Mayo\"],\"articleSection\":[\"contenuti originali\",\"Diritti Umani\",\"Politica\",\"Sud America\"],\"inLanguage\":\"it-IT\"},{\"@type\":\"WebPage\",\"@id\":\"https:\/\/www.pressenza.com\/it\/2019\/03\/tantissima-gente-in-argentina-per-la-giornata-della-memoria-della-verita-e-della-giustizia\/\",\"url\":\"https:\/\/www.pressenza.com\/it\/2019\/03\/tantissima-gente-in-argentina-per-la-giornata-della-memoria-della-verita-e-della-giustizia\/\",\"name\":\"Tantissima gente in Argentina per la giornata della Memoria, della Verit\u00e0 e della Giustizia\",\"isPartOf\":{\"@id\":\"https:\/\/www.pressenza.com\/it\/#website\"},\"primaryImageOfPage\":{\"@id\":\"https:\/\/www.pressenza.com\/it\/2019\/03\/tantissima-gente-in-argentina-per-la-giornata-della-memoria-della-verita-e-della-giustizia\/#primaryimage\"},\"image\":{\"@id\":\"https:\/\/www.pressenza.com\/it\/2019\/03\/tantissima-gente-in-argentina-per-la-giornata-della-memoria-della-verita-e-della-giustizia\/#primaryimage\"},\"thumbnailUrl\":\"https:\/\/www.pressenza.com\/wp-content\/uploads\/2019\/03\/WhatsApp-Image-2019-03-24-at-18.03.43.jpeg\",\"datePublished\":\"2019-03-25T14:11:07+00:00\",\"dateModified\":\"2019-03-25T14:13:49+00:00\",\"description\":\"Ancora un 24 marzo in Argentina, per ricordare la data in cui \u00e8 iniziata la pagina pi\u00f9 sinistra delle dittature che il paese ha vissuto durante il XX\",\"breadcrumb\":{\"@id\":\"https:\/\/www.pressenza.com\/it\/2019\/03\/tantissima-gente-in-argentina-per-la-giornata-della-memoria-della-verita-e-della-giustizia\/#breadcrumb\"},\"inLanguage\":\"it-IT\",\"potentialAction\":[{\"@type\":\"ReadAction\",\"target\":[\"https:\/\/www.pressenza.com\/it\/2019\/03\/tantissima-gente-in-argentina-per-la-giornata-della-memoria-della-verita-e-della-giustizia\/\"]}]},{\"@type\":\"ImageObject\",\"inLanguage\":\"it-IT\",\"@id\":\"https:\/\/www.pressenza.com\/it\/2019\/03\/tantissima-gente-in-argentina-per-la-giornata-della-memoria-della-verita-e-della-giustizia\/#primaryimage\",\"url\":\"https:\/\/www.pressenza.com\/wp-content\/uploads\/2019\/03\/WhatsApp-Image-2019-03-24-at-18.03.43.jpeg\",\"contentUrl\":\"https:\/\/www.pressenza.com\/wp-content\/uploads\/2019\/03\/WhatsApp-Image-2019-03-24-at-18.03.43.jpeg\",\"width\":1032,\"height\":774},{\"@type\":\"BreadcrumbList\",\"@id\":\"https:\/\/www.pressenza.com\/it\/2019\/03\/tantissima-gente-in-argentina-per-la-giornata-della-memoria-della-verita-e-della-giustizia\/#breadcrumb\",\"itemListElement\":[{\"@type\":\"ListItem\",\"position\":1,\"name\":\"Accueil\",\"item\":\"https:\/\/www.pressenza.com\/it\/\"},{\"@type\":\"ListItem\",\"position\":2,\"name\":\"Tantissima gente in Argentina per la giornata della Memoria, della Verit\u00e0 e della Giustizia\"}]},{\"@type\":\"WebSite\",\"@id\":\"https:\/\/www.pressenza.com\/it\/#website\",\"url\":\"https:\/\/www.pressenza.com\/it\/\",\"name\":\"Pressenza\",\"description\":\"Agenzia di Stampa Internazionale\",\"publisher\":{\"@id\":\"https:\/\/www.pressenza.com\/it\/#organization\"},\"potentialAction\":[{\"@type\":\"SearchAction\",\"target\":{\"@type\":\"EntryPoint\",\"urlTemplate\":\"https:\/\/www.pressenza.com\/it\/?s={search_term_string}\"},\"query-input\":{\"@type\":\"PropertyValueSpecification\",\"valueRequired\":true,\"valueName\":\"search_term_string\"}}],\"inLanguage\":\"it-IT\"},{\"@type\":\"Organization\",\"@id\":\"https:\/\/www.pressenza.com\/it\/#organization\",\"name\":\"Pressenza\",\"url\":\"https:\/\/www.pressenza.com\/it\/\",\"logo\":{\"@type\":\"ImageObject\",\"inLanguage\":\"it-IT\",\"@id\":\"https:\/\/www.pressenza.com\/it\/#\/schema\/logo\/image\/\",\"url\":\"https:\/\/www.pressenza.com\/wp-content\/uploads\/2022\/10\/pressenza_logo_200x200.jpg\",\"contentUrl\":\"https:\/\/www.pressenza.com\/wp-content\/uploads\/2022\/10\/pressenza_logo_200x200.jpg\",\"width\":200,\"height\":200,\"caption\":\"Pressenza\"},\"image\":{\"@id\":\"https:\/\/www.pressenza.com\/it\/#\/schema\/logo\/image\/\"},\"sameAs\":[\"https:\/\/www.facebook.com\/PressenzaItalia\",\"https:\/\/x.com\/PressenzaIPA\"]},{\"@type\":\"Person\",\"@id\":\"https:\/\/www.pressenza.com\/it\/#\/schema\/person\/a0856fe41d8234b92503e6b28dc2585e\",\"name\":\"Mariano Quiroga\",\"description\":\"Born in Buenos Aires, Argentina, in 1976, Mariano is a journalist, poet and international editor for Pressenza. His career includes publications in different countries and languages. Currently he is presenter on radio programmes in Ecuador and Argentina. A humanist communicator specialising in international politics, his vocation has led him to seek to build bridges that allow relationships to be made between data, events, people and contexts in order to create an inclusive look that synthesises the noblest searches for social justice and humanisation of the planet.\",\"sameAs\":[\"https:\/\/www.facebook.com\/mariano.quiroga.779\",\"https:\/\/x.com\/MaruchoQuiroga\"],\"url\":\"https:\/\/www.pressenza.com\/it\/author\/mariano-quiroga\/\"}]}<\/script>\n<!-- \/ Yoast SEO plugin. -->","yoast_head_json":{"title":"Tantissima gente in Argentina per la giornata della Memoria, della Verit\u00e0 e della Giustizia","description":"Ancora un 24 marzo in Argentina, per ricordare la data in cui \u00e8 iniziata la pagina pi\u00f9 sinistra delle dittature che il paese ha vissuto durante il XX","robots":{"index":"index","follow":"follow","max-snippet":"max-snippet:-1","max-image-preview":"max-image-preview:large","max-video-preview":"max-video-preview:-1"},"canonical":"https:\/\/www.pressenza.com\/it\/2019\/03\/tantissima-gente-in-argentina-per-la-giornata-della-memoria-della-verita-e-della-giustizia\/","og_locale":"it_IT","og_type":"article","og_title":"Tantissima gente in Argentina per la giornata della Memoria, della Verit\u00e0 e della Giustizia","og_description":"Ancora un 24 marzo in Argentina, per ricordare la data in cui \u00e8 iniziata la pagina pi\u00f9 sinistra delle dittature che il paese ha vissuto durante il XX","og_url":"https:\/\/www.pressenza.com\/it\/2019\/03\/tantissima-gente-in-argentina-per-la-giornata-della-memoria-della-verita-e-della-giustizia\/","og_site_name":"Pressenza","article_publisher":"https:\/\/www.facebook.com\/PressenzaItalia","article_author":"https:\/\/www.facebook.com\/mariano.quiroga.779","article_published_time":"2019-03-25T14:11:07+00:00","article_modified_time":"2019-03-25T14:13:49+00:00","og_image":[{"width":1032,"height":774,"url":"https:\/\/www.pressenza.com\/wp-content\/uploads\/2019\/03\/WhatsApp-Image-2019-03-24-at-18.03.43.jpeg","type":"image\/jpeg"}],"author":"Mariano Quiroga","twitter_card":"summary_large_image","twitter_creator":"@MaruchoQuiroga","twitter_site":"@PressenzaIPA","twitter_misc":{"Scritto da":"Mariano Quiroga","Tempo di lettura stimato":"2 minuti"},"schema":{"@context":"https:\/\/schema.org","@graph":[{"@type":"Article","@id":"https:\/\/www.pressenza.com\/it\/2019\/03\/tantissima-gente-in-argentina-per-la-giornata-della-memoria-della-verita-e-della-giustizia\/#article","isPartOf":{"@id":"https:\/\/www.pressenza.com\/it\/2019\/03\/tantissima-gente-in-argentina-per-la-giornata-della-memoria-della-verita-e-della-giustizia\/"},"author":{"name":"Mariano Quiroga","@id":"https:\/\/www.pressenza.com\/it\/#\/schema\/person\/a0856fe41d8234b92503e6b28dc2585e"},"headline":"Tantissima gente in Argentina per la giornata della Memoria, della Verit\u00e0 e della Giustizia","datePublished":"2019-03-25T14:11:07+00:00","dateModified":"2019-03-25T14:13:49+00:00","mainEntityOfPage":{"@id":"https:\/\/www.pressenza.com\/it\/2019\/03\/tantissima-gente-in-argentina-per-la-giornata-della-memoria-della-verita-e-della-giustizia\/"},"wordCount":322,"publisher":{"@id":"https:\/\/www.pressenza.com\/it\/#organization"},"image":{"@id":"https:\/\/www.pressenza.com\/it\/2019\/03\/tantissima-gente-in-argentina-per-la-giornata-della-memoria-della-verita-e-della-giustizia\/#primaryimage"},"thumbnailUrl":"https:\/\/www.pressenza.com\/wp-content\/uploads\/2019\/03\/WhatsApp-Image-2019-03-24-at-18.03.43.jpeg","keywords":["Argentina","diritti umani","dittatura","Giornata della Memoria","Madres de Plaza de Mayo"],"articleSection":["contenuti originali","Diritti Umani","Politica","Sud America"],"inLanguage":"it-IT"},{"@type":"WebPage","@id":"https:\/\/www.pressenza.com\/it\/2019\/03\/tantissima-gente-in-argentina-per-la-giornata-della-memoria-della-verita-e-della-giustizia\/","url":"https:\/\/www.pressenza.com\/it\/2019\/03\/tantissima-gente-in-argentina-per-la-giornata-della-memoria-della-verita-e-della-giustizia\/","name":"Tantissima gente in Argentina per la giornata della Memoria, della Verit\u00e0 e della Giustizia","isPartOf":{"@id":"https:\/\/www.pressenza.com\/it\/#website"},"primaryImageOfPage":{"@id":"https:\/\/www.pressenza.com\/it\/2019\/03\/tantissima-gente-in-argentina-per-la-giornata-della-memoria-della-verita-e-della-giustizia\/#primaryimage"},"image":{"@id":"https:\/\/www.pressenza.com\/it\/2019\/03\/tantissima-gente-in-argentina-per-la-giornata-della-memoria-della-verita-e-della-giustizia\/#primaryimage"},"thumbnailUrl":"https:\/\/www.pressenza.com\/wp-content\/uploads\/2019\/03\/WhatsApp-Image-2019-03-24-at-18.03.43.jpeg","datePublished":"2019-03-25T14:11:07+00:00","dateModified":"2019-03-25T14:13:49+00:00","description":"Ancora un 24 marzo in Argentina, per ricordare la data in cui \u00e8 iniziata la pagina pi\u00f9 sinistra delle dittature che il paese ha vissuto durante il XX","breadcrumb":{"@id":"https:\/\/www.pressenza.com\/it\/2019\/03\/tantissima-gente-in-argentina-per-la-giornata-della-memoria-della-verita-e-della-giustizia\/#breadcrumb"},"inLanguage":"it-IT","potentialAction":[{"@type":"ReadAction","target":["https:\/\/www.pressenza.com\/it\/2019\/03\/tantissima-gente-in-argentina-per-la-giornata-della-memoria-della-verita-e-della-giustizia\/"]}]},{"@type":"ImageObject","inLanguage":"it-IT","@id":"https:\/\/www.pressenza.com\/it\/2019\/03\/tantissima-gente-in-argentina-per-la-giornata-della-memoria-della-verita-e-della-giustizia\/#primaryimage","url":"https:\/\/www.pressenza.com\/wp-content\/uploads\/2019\/03\/WhatsApp-Image-2019-03-24-at-18.03.43.jpeg","contentUrl":"https:\/\/www.pressenza.com\/wp-content\/uploads\/2019\/03\/WhatsApp-Image-2019-03-24-at-18.03.43.jpeg","width":1032,"height":774},{"@type":"BreadcrumbList","@id":"https:\/\/www.pressenza.com\/it\/2019\/03\/tantissima-gente-in-argentina-per-la-giornata-della-memoria-della-verita-e-della-giustizia\/#breadcrumb","itemListElement":[{"@type":"ListItem","position":1,"name":"Accueil","item":"https:\/\/www.pressenza.com\/it\/"},{"@type":"ListItem","position":2,"name":"Tantissima gente in Argentina per la giornata della Memoria, della Verit\u00e0 e della Giustizia"}]},{"@type":"WebSite","@id":"https:\/\/www.pressenza.com\/it\/#website","url":"https:\/\/www.pressenza.com\/it\/","name":"Pressenza","description":"Agenzia di Stampa Internazionale","publisher":{"@id":"https:\/\/www.pressenza.com\/it\/#organization"},"potentialAction":[{"@type":"SearchAction","target":{"@type":"EntryPoint","urlTemplate":"https:\/\/www.pressenza.com\/it\/?s={search_term_string}"},"query-input":{"@type":"PropertyValueSpecification","valueRequired":true,"valueName":"search_term_string"}}],"inLanguage":"it-IT"},{"@type":"Organization","@id":"https:\/\/www.pressenza.com\/it\/#organization","name":"Pressenza","url":"https:\/\/www.pressenza.com\/it\/","logo":{"@type":"ImageObject","inLanguage":"it-IT","@id":"https:\/\/www.pressenza.com\/it\/#\/schema\/logo\/image\/","url":"https:\/\/www.pressenza.com\/wp-content\/uploads\/2022\/10\/pressenza_logo_200x200.jpg","contentUrl":"https:\/\/www.pressenza.com\/wp-content\/uploads\/2022\/10\/pressenza_logo_200x200.jpg","width":200,"height":200,"caption":"Pressenza"},"image":{"@id":"https:\/\/www.pressenza.com\/it\/#\/schema\/logo\/image\/"},"sameAs":["https:\/\/www.facebook.com\/PressenzaItalia","https:\/\/x.com\/PressenzaIPA"]},{"@type":"Person","@id":"https:\/\/www.pressenza.com\/it\/#\/schema\/person\/a0856fe41d8234b92503e6b28dc2585e","name":"Mariano Quiroga","description":"Born in Buenos Aires, Argentina, in 1976, Mariano is a journalist, poet and international editor for Pressenza. His career includes publications in different countries and languages. Currently he is presenter on radio programmes in Ecuador and Argentina. A humanist communicator specialising in international politics, his vocation has led him to seek to build bridges that allow relationships to be made between data, events, people and contexts in order to create an inclusive look that synthesises the noblest searches for social justice and humanisation of the planet.","sameAs":["https:\/\/www.facebook.com\/mariano.quiroga.779","https:\/\/x.com\/MaruchoQuiroga"],"url":"https:\/\/www.pressenza.com\/it\/author\/mariano-quiroga\/"}]}},"place":"","original_article_url":"","_links":{"self":[{"href":"https:\/\/www.pressenza.com\/it\/wp-json\/wp\/v2\/posts\/830177","targetHints":{"allow":["GET"]}}],"collection":[{"href":"https:\/\/www.pressenza.com\/it\/wp-json\/wp\/v2\/posts"}],"about":[{"href":"https:\/\/www.pressenza.com\/it\/wp-json\/wp\/v2\/types\/post"}],"author":[{"embeddable":true,"href":"https:\/\/www.pressenza.com\/it\/wp-json\/wp\/v2\/users\/96"}],"replies":[{"embeddable":true,"href":"https:\/\/www.pressenza.com\/it\/wp-json\/wp\/v2\/comments?post=830177"}],"version-history":[{"count":0,"href":"https:\/\/www.pressenza.com\/it\/wp-json\/wp\/v2\/posts\/830177\/revisions"}],"wp:featuredmedia":[{"embeddable":true,"href":"https:\/\/www.pressenza.com\/it\/wp-json\/wp\/v2\/media\/829879"}],"wp:attachment":[{"href":"https:\/\/www.pressenza.com\/it\/wp-json\/wp\/v2\/media?parent=830177"}],"wp:term":[{"taxonomy":"category","embeddable":true,"href":"https:\/\/www.pressenza.com\/it\/wp-json\/wp\/v2\/categories?post=830177"},{"taxonomy":"post_tag","embeddable":true,"href":"https:\/\/www.pressenza.com\/it\/wp-json\/wp\/v2\/tags?post=830177"}],"curies":[{"name":"wp","href":"https:\/\/api.w.org\/{rel}","templated":true}]}}