{"id":822642,"date":"2019-03-13T20:22:46","date_gmt":"2019-03-13T20:22:46","guid":{"rendered":"https:\/\/www.pressenza.com\/?p=822642"},"modified":"2019-03-13T20:22:46","modified_gmt":"2019-03-13T20:22:46","slug":"ci-espellono-ci-picchiano-ci-isolano-il-triste-destino-di-rifugiati-e-migranti-in-croazia","status":"publish","type":"post","link":"https:\/\/www.pressenza.com\/it\/2019\/03\/ci-espellono-ci-picchiano-ci-isolano-il-triste-destino-di-rifugiati-e-migranti-in-croazia\/","title":{"rendered":"\u201cCi espellono, ci picchiano, ci isolano\u201d. Il triste destino di rifugiati e migranti in Croazia"},"content":{"rendered":"<p><strong>Massimo Moratti<\/strong>, direttore delle ricerche dell\u2019Ufficio europeo di Amnesty International,\u00a0commenta il\u00a0<strong>sistema di respingimenti<\/strong>\u00a0ed\u00a0<strong>espulsioni<\/strong>\u00a0messo in atto dalla\u00a0<strong>polizia croata<\/strong>\u00a0nei confronti di\u00a0<strong>migliaia<\/strong>\u00a0di\u00a0<strong>richiedenti asilo <\/strong>con la\u00a0<strong>complicit\u00e0<\/strong>\u00a0dei governi dell\u2019<strong>Unione Europea<\/strong>.<\/p>\n<p>In un documento intitolato \u201c<strong>Spinti ai margini: violenza e abusi contro i rifugiati e i migranti lungo la rotta balcanica<\/strong>\u201d, denunciamo come i governi europei, dando priorit\u00e0 ai controlli di frontiera pi\u00f9 che al rispetto del diritto internazionale, stanno non solo chiudendo gli occhi di fronte al comportamento crudele della polizia della Croazia ma addirittura ne stanno finanziando le attivit\u00e0, alimentando cos\u00ec una crescente crisi umanitaria ai margini dell\u2019Unione europea.<\/p>\n<p>Attualmente circa\u00a0<strong>5.500 uomini<\/strong>,\u00a0<strong>donne<\/strong>\u00a0e<strong>\u00a0bambini<\/strong>\u00a0sono<strong>\u00a0intrappolati<\/strong>\u00a0all\u2019interno di\u00a0<strong>fabbriche dismesse<\/strong>\u00a0e prive di servizi di prima necessit\u00e0 di due piccole\u00a0<strong>citt\u00e0 bosniache<\/strong>\u00a0nei pressi del confine con la Croazia, Bihac e Velika Kladusa. La Bosnia ed Erzegovina non \u00e8 in grado di offrire loro protezione o condizioni di vita adeguate. Nei campi improvvisati\u00a0<strong>mancano igiene<\/strong>, acqua calda e cure mediche e il cibo \u00e8 insufficiente.<\/p>\n<p><strong>Croazia e Bosnia Erzegovina: il confine della disperazione<\/strong><\/p>\n<p>Poich\u00e9 Ungheria e Serbia sono sempre pi\u00f9 impenetrabili, per raggiungere la Slovenia o l\u2019Italia, dove inizia il regime di libero movimento di Schengen, le\u00a0<strong>persone in cerca di salvezza<\/strong>\u00a0devono\u00a0<strong>attraversare<\/strong>\u00a0le fitte foreste e i tortuosi fiumi della Croazia, in alcuni casi anche dei\u00a0<strong>campi minati<\/strong>.<\/p>\n<p>Nei primi 10 mesi del 2018 almeno\u00a0<strong>12 persone<\/strong>\u00a0sono<strong>\u00a0annegate<\/strong>\u00a0nei Balcani occidentali, la maggior parte delle quali mentre tentavano di attraversare il confine tra Croazia e Slovenia. Decine di altre sono morte in altre circostanze: una donna al sesto mese di gravidanza si \u00e8 talmente spaventata alla vista di un orso da avere un aborto spontaneo.<\/p>\n<p>Coloro che affrontano questo viaggio vengono frequentemente sottoposti a respingimenti e a espulsioni collettive, non di rado con\u00a0<strong>violenze<\/strong>\u00a0e\u00a0<strong>intimidazioni<\/strong>, al confine tra Croazia e Bosnia ed Erzegovina, senza che le loro domande d\u2019asilo siano esaminate.<\/p>\n<p><em>\u201cCi hanno portato al confine con la Bosnia, ci hanno fatto uscire dalla vettura e a uno a uno ci hanno picchiato\u201d<\/em>. Un giovane uomo di Gaza racconta cosa \u00e8 accaduto a lui e ad altre nove persone. L\u2019uomo spiega che gli agenti di polizia gli hanno spruzzato sul volto una sostanza urticante: \u201c<em>Non riuscivo a vedere pi\u00f9 nulla, mi bruciavano gli occhi. Alla fine ci hanno detto di andare via e di non tornare mai pi\u00f9 in Croazia<\/em>\u201c.<\/p>\n<p><strong>Sami<\/strong>, proveniente dall\u2019Algeria, ha raccontato come lui e un gruppo di altri uomini sono stati radunati e disposti in un cerchio da poliziotti dal volto travisato che hanno iniziato a picchiarli coi manganelli e con una mazza da baseball: \u201c<em>Ci hanno portato via i soldi e i telefoni e ci hanno detto di proseguire verso la Bosnia<\/em>\u201c.<\/p>\n<p><strong>I terribili campi di\u00a0Bihac e Velika Kladusa<\/strong><\/p>\n<p>Quasi tutte le<strong>\u00a0persone<\/strong>\u00a0che si trovano attualmente nei campi di Bihac e Velika Kladusa sono state\u00a0<strong>respinte in Bosnia ed Erzegovina<\/strong>\u00a0dalla\u00a0<strong>Croazia<\/strong>\u00a0o dalla\u00a0<strong>Slovenia<\/strong>\u00a0e quasi\u00a0<strong>un terzo<\/strong>\u00a0delle persone incontrate da noi incontrate\u00a0<strong>ha subito violenze<\/strong>\u00a0da parte della polizia croata. Molte di esse hanno raccontato di essere state picchiate e derubate dagli agenti croati, che hanno anche distrutto i loro documenti in quello che appare un sistematico e intenzionale tentativo di scoraggiare futuri tentativi di entrare nel paese.<\/p>\n<p>Una madre afgana\u00a0 ci ha raccontato: \u201c<em>Non abbiamo abbastanza cibo per dare da mangiare a tutta la famiglia, soprattutto ai bambini. Hanno sempre fame<\/em>\u201c.<\/p>\n<p>Gli\u00a0<strong>ostacoli burocratici<\/strong>, l\u2019<strong>inadeguata assistenza legale<\/strong>\u00a0e lo scarso funzionamento delle amministrazioni locali rendono assai improbabile che i potenziali richiedenti asilo possano vedere la loro domanda esaminata in Bosnia ed Erzegovina. Per questo, la maggior parte di loro cerca di proseguire verso altri stati europei.<\/p>\n<p><strong>I respingimenti<\/strong><\/p>\n<p>Le persone bloccate in Italia e in Slovenia sono spesso soggette a\u00a0<strong>respingimenti a catena<\/strong>, consegnate con procedure sommarie alla polizia croata e poi rimandate ulteriormente indietro verso i campi della Bosnia ed Erzegovina\u00a0<strong>senza<\/strong>\u00a0che le loro\u00a0<strong>domande d\u2019asilo<\/strong>\u00a0siano\u00a0<strong>mai state prese in esame<\/strong>.<\/p>\n<p>Di fronte all\u2019aumento delle denunce di respingimenti violenti alla frontiera, le\u00a0<strong>autorit\u00e0 croate cercano<\/strong>\u00a0sempre di pi\u00f9 di\u00a0<strong>impedire il monitoraggio<\/strong>\u00a0sulle prassi vigenti in materia d\u2019immigrazione. I tentativi delle istituzioni pubbliche croate di sottoporle a qualche forma di controllo sono stati bloccati e le organizzazioni per i diritti dei migranti e dei rifugiati sono state prese di mira.<\/p>\n<p><strong>Volontari delle Ong<\/strong>\u00a0sono stati\u00a0<strong>sottoposti a intimidazioni<\/strong>, trattenuti per ore dalla polizia senza alcuna accusa formale e minacciati dell\u2019apertura di un procedimento penale. Il ministero dell\u2019Interno croato ha persino accusato alcune di Ong di favorire l\u2019ingresso irregolare nel paese. Tutto questo ha un effetto assai negativo su coloro che lavorano per assistere i rifugiati.<\/p>\n<p>Nonostante queste agghiaccianti pratiche lungo la frontiera, l\u2019<strong>Unione Europea continua a destinare importanti fondi<\/strong>\u00a0in favore delle infrastrutture di\u00a0<strong>sicurezza<\/strong>\u00a0della\u00a0<strong>Croazia<\/strong>\u00a0e a ignorare clamorosamente il fallimento del sistema d\u2019asilo europeo che rende inevitabili i viaggi lungo la rotta balcanica.<\/p>\n<p>\u201c<em>Con la risalita delle temperature e lo scioglimento delle nevi, il numero delle persone in viaggio verso la Croazia aumenter\u00e0. A fronte delle difficolt\u00e0 della Bosnia Erzegovina di gestire un ulteriore numero di persone in cerca di protezione, occorrer\u00e0 agire per evitare una crisi umanitaria ai margini dell\u2019Unione europea<\/em>\u201c, ha commentato Moratti.<\/p>\n<p>\u201c<em>I leader europei non possono pi\u00f9 ignorare le loro responsabilit\u00e0 per le espulsioni collettive e i violenti respingimenti che si verificano di continuo lungo la rotta balcanica e che sono la conseguenza della loro determinazione a fortificare le frontiere europee, incuranti dei costi umani<\/em>\u201c, ha concluso Moratti.<\/p>\n<p><a href=\"https:\/\/www.amnesty.it\/rifugiati-migranti-croazia-report\/2019\/03\/12162848\/Pushed-to-the-Edge_11-Mar-19_Advanced.pdf\"><strong>SCARICA L\u2019INDAGINE<\/strong><\/a><\/p>\n<p>&nbsp;<\/p>\n","protected":false},"excerpt":{"rendered":"<p>Massimo Moratti, direttore delle ricerche dell\u2019Ufficio europeo di Amnesty International,\u00a0commenta il\u00a0sistema di respingimenti\u00a0ed\u00a0espulsioni\u00a0messo in atto dalla\u00a0polizia croata\u00a0nei confronti di\u00a0migliaia\u00a0di\u00a0richiedenti asilo con la\u00a0complicit\u00e0\u00a0dei governi dell\u2019Unione Europea. In un documento intitolato \u201cSpinti ai margini: violenza e abusi contro i rifugiati e i&hellip;<\/p>\n","protected":false},"author":432,"featured_media":822643,"comment_status":"closed","ping_status":"closed","sticky":false,"template":"","format":"standard","meta":{"footnotes":""},"categories":[150,47,54572],"tags":[4910,6745,1470,3420,3788],"class_list":["post-822642","post","type-post","status-publish","format-standard","has-post-thumbnail","hentry","category-comunicati-stampa","category-europa","category-migranti","tag-bosnia","tag-croazia","tag-polizia","tag-rifugiati","tag-unione-europea"],"yoast_head":"<!-- This site is optimized with the Yoast SEO plugin v27.1.1 - https:\/\/yoast.com\/product\/yoast-seo-wordpress\/ -->\n<title>\u201cCi espellono, ci picchiano, ci isolano\u201d. Il triste destino di rifugiati e migranti in Croazia<\/title>\n<meta name=\"description\" content=\"Massimo Moratti, direttore delle ricerche dell\u2019Ufficio europeo di Amnesty International,\u00a0commenta il\u00a0sistema di respingimenti\u00a0ed\u00a0espulsioni\u00a0messo in atto\" \/>\n<meta name=\"robots\" content=\"index, follow, max-snippet:-1, max-image-preview:large, max-video-preview:-1\" \/>\n<link rel=\"canonical\" href=\"https:\/\/www.pressenza.com\/it\/2019\/03\/ci-espellono-ci-picchiano-ci-isolano-il-triste-destino-di-rifugiati-e-migranti-in-croazia\/\" \/>\n<meta property=\"og:locale\" content=\"it_IT\" \/>\n<meta property=\"og:type\" content=\"article\" \/>\n<meta property=\"og:title\" content=\"\u201cCi espellono, ci picchiano, ci isolano\u201d. Il triste destino di rifugiati e migranti in Croazia\" \/>\n<meta property=\"og:description\" content=\"Massimo Moratti, direttore delle ricerche dell\u2019Ufficio europeo di Amnesty International,\u00a0commenta il\u00a0sistema di respingimenti\u00a0ed\u00a0espulsioni\u00a0messo in atto\" \/>\n<meta property=\"og:url\" content=\"https:\/\/www.pressenza.com\/it\/2019\/03\/ci-espellono-ci-picchiano-ci-isolano-il-triste-destino-di-rifugiati-e-migranti-in-croazia\/\" \/>\n<meta property=\"og:site_name\" content=\"Pressenza\" \/>\n<meta property=\"article:publisher\" content=\"https:\/\/www.facebook.com\/PressenzaItalia\" \/>\n<meta property=\"article:author\" content=\"https:\/\/www.facebook.com\/amnestyglobal\" \/>\n<meta property=\"article:published_time\" content=\"2019-03-13T20:22:46+00:00\" \/>\n<meta property=\"og:image\" content=\"https:\/\/www.pressenza.com\/wp-content\/uploads\/2019\/03\/croazia-confine-AI-720x480.jpg\" \/>\n\t<meta property=\"og:image:width\" content=\"720\" \/>\n\t<meta property=\"og:image:height\" content=\"480\" \/>\n\t<meta property=\"og:image:type\" content=\"image\/jpeg\" \/>\n<meta name=\"author\" content=\"Amnesty International\" \/>\n<meta name=\"twitter:card\" content=\"summary_large_image\" \/>\n<meta name=\"twitter:creator\" content=\"@amnesty\" \/>\n<meta name=\"twitter:site\" content=\"@PressenzaIPA\" \/>\n<meta name=\"twitter:label1\" content=\"Scritto da\" \/>\n\t<meta name=\"twitter:data1\" content=\"Amnesty International\" \/>\n\t<meta name=\"twitter:label2\" content=\"Tempo di lettura stimato\" \/>\n\t<meta name=\"twitter:data2\" content=\"5 minuti\" \/>\n<script type=\"application\/ld+json\" class=\"yoast-schema-graph\">{\"@context\":\"https:\/\/schema.org\",\"@graph\":[{\"@type\":\"Article\",\"@id\":\"https:\/\/www.pressenza.com\/it\/2019\/03\/ci-espellono-ci-picchiano-ci-isolano-il-triste-destino-di-rifugiati-e-migranti-in-croazia\/#article\",\"isPartOf\":{\"@id\":\"https:\/\/www.pressenza.com\/it\/2019\/03\/ci-espellono-ci-picchiano-ci-isolano-il-triste-destino-di-rifugiati-e-migranti-in-croazia\/\"},\"author\":{\"name\":\"Amnesty International\",\"@id\":\"https:\/\/www.pressenza.com\/it\/#\/schema\/person\/9b981b05c7ecf09292e6acb3223b2d9d\"},\"headline\":\"\u201cCi espellono, ci picchiano, ci isolano\u201d. Il triste destino di rifugiati e migranti in Croazia\",\"datePublished\":\"2019-03-13T20:22:46+00:00\",\"mainEntityOfPage\":{\"@id\":\"https:\/\/www.pressenza.com\/it\/2019\/03\/ci-espellono-ci-picchiano-ci-isolano-il-triste-destino-di-rifugiati-e-migranti-in-croazia\/\"},\"wordCount\":952,\"publisher\":{\"@id\":\"https:\/\/www.pressenza.com\/it\/#organization\"},\"image\":{\"@id\":\"https:\/\/www.pressenza.com\/it\/2019\/03\/ci-espellono-ci-picchiano-ci-isolano-il-triste-destino-di-rifugiati-e-migranti-in-croazia\/#primaryimage\"},\"thumbnailUrl\":\"https:\/\/www.pressenza.com\/wp-content\/uploads\/2019\/03\/croazia-confine-AI.jpg\",\"keywords\":[\"Bosnia\",\"Croazia\",\"polizia\",\"rifugiati\",\"Unione Europea\"],\"articleSection\":[\"Comunicati Stampa\",\"Europa\",\"Migranti\"],\"inLanguage\":\"it-IT\"},{\"@type\":\"WebPage\",\"@id\":\"https:\/\/www.pressenza.com\/it\/2019\/03\/ci-espellono-ci-picchiano-ci-isolano-il-triste-destino-di-rifugiati-e-migranti-in-croazia\/\",\"url\":\"https:\/\/www.pressenza.com\/it\/2019\/03\/ci-espellono-ci-picchiano-ci-isolano-il-triste-destino-di-rifugiati-e-migranti-in-croazia\/\",\"name\":\"\u201cCi espellono, ci picchiano, ci isolano\u201d. Il triste destino di rifugiati e migranti in Croazia\",\"isPartOf\":{\"@id\":\"https:\/\/www.pressenza.com\/it\/#website\"},\"primaryImageOfPage\":{\"@id\":\"https:\/\/www.pressenza.com\/it\/2019\/03\/ci-espellono-ci-picchiano-ci-isolano-il-triste-destino-di-rifugiati-e-migranti-in-croazia\/#primaryimage\"},\"image\":{\"@id\":\"https:\/\/www.pressenza.com\/it\/2019\/03\/ci-espellono-ci-picchiano-ci-isolano-il-triste-destino-di-rifugiati-e-migranti-in-croazia\/#primaryimage\"},\"thumbnailUrl\":\"https:\/\/www.pressenza.com\/wp-content\/uploads\/2019\/03\/croazia-confine-AI.jpg\",\"datePublished\":\"2019-03-13T20:22:46+00:00\",\"description\":\"Massimo Moratti, direttore delle ricerche dell\u2019Ufficio europeo di Amnesty International,\u00a0commenta il\u00a0sistema di respingimenti\u00a0ed\u00a0espulsioni\u00a0messo in atto\",\"breadcrumb\":{\"@id\":\"https:\/\/www.pressenza.com\/it\/2019\/03\/ci-espellono-ci-picchiano-ci-isolano-il-triste-destino-di-rifugiati-e-migranti-in-croazia\/#breadcrumb\"},\"inLanguage\":\"it-IT\",\"potentialAction\":[{\"@type\":\"ReadAction\",\"target\":[\"https:\/\/www.pressenza.com\/it\/2019\/03\/ci-espellono-ci-picchiano-ci-isolano-il-triste-destino-di-rifugiati-e-migranti-in-croazia\/\"]}]},{\"@type\":\"ImageObject\",\"inLanguage\":\"it-IT\",\"@id\":\"https:\/\/www.pressenza.com\/it\/2019\/03\/ci-espellono-ci-picchiano-ci-isolano-il-triste-destino-di-rifugiati-e-migranti-in-croazia\/#primaryimage\",\"url\":\"https:\/\/www.pressenza.com\/wp-content\/uploads\/2019\/03\/croazia-confine-AI.jpg\",\"contentUrl\":\"https:\/\/www.pressenza.com\/wp-content\/uploads\/2019\/03\/croazia-confine-AI.jpg\",\"width\":2000,\"height\":1333},{\"@type\":\"BreadcrumbList\",\"@id\":\"https:\/\/www.pressenza.com\/it\/2019\/03\/ci-espellono-ci-picchiano-ci-isolano-il-triste-destino-di-rifugiati-e-migranti-in-croazia\/#breadcrumb\",\"itemListElement\":[{\"@type\":\"ListItem\",\"position\":1,\"name\":\"Accueil\",\"item\":\"https:\/\/www.pressenza.com\/it\/\"},{\"@type\":\"ListItem\",\"position\":2,\"name\":\"\u201cCi espellono, ci picchiano, ci isolano\u201d. Il triste destino di rifugiati e migranti in Croazia\"}]},{\"@type\":\"WebSite\",\"@id\":\"https:\/\/www.pressenza.com\/it\/#website\",\"url\":\"https:\/\/www.pressenza.com\/it\/\",\"name\":\"Pressenza\",\"description\":\"Agenzia di Stampa Internazionale\",\"publisher\":{\"@id\":\"https:\/\/www.pressenza.com\/it\/#organization\"},\"potentialAction\":[{\"@type\":\"SearchAction\",\"target\":{\"@type\":\"EntryPoint\",\"urlTemplate\":\"https:\/\/www.pressenza.com\/it\/?s={search_term_string}\"},\"query-input\":{\"@type\":\"PropertyValueSpecification\",\"valueRequired\":true,\"valueName\":\"search_term_string\"}}],\"inLanguage\":\"it-IT\"},{\"@type\":\"Organization\",\"@id\":\"https:\/\/www.pressenza.com\/it\/#organization\",\"name\":\"Pressenza\",\"url\":\"https:\/\/www.pressenza.com\/it\/\",\"logo\":{\"@type\":\"ImageObject\",\"inLanguage\":\"it-IT\",\"@id\":\"https:\/\/www.pressenza.com\/it\/#\/schema\/logo\/image\/\",\"url\":\"https:\/\/www.pressenza.com\/wp-content\/uploads\/2022\/10\/pressenza_logo_200x200.jpg\",\"contentUrl\":\"https:\/\/www.pressenza.com\/wp-content\/uploads\/2022\/10\/pressenza_logo_200x200.jpg\",\"width\":200,\"height\":200,\"caption\":\"Pressenza\"},\"image\":{\"@id\":\"https:\/\/www.pressenza.com\/it\/#\/schema\/logo\/image\/\"},\"sameAs\":[\"https:\/\/www.facebook.com\/PressenzaItalia\",\"https:\/\/x.com\/PressenzaIPA\"]},{\"@type\":\"Person\",\"@id\":\"https:\/\/www.pressenza.com\/it\/#\/schema\/person\/9b981b05c7ecf09292e6acb3223b2d9d\",\"name\":\"Amnesty International\",\"description\":\"Amnesty International is a global movement of more than 3 million supporters, members and activists in over 150 countries and territories who campaign to end grave abuses of human rights. Our vision is for every person to enjoy all the rights enshrined in the Universal Declaration of Human Rights and other international human rights standards. www.amnesty.org\",\"sameAs\":[\"http:\/\/www.amnesty.it\",\"https:\/\/www.facebook.com\/amnestyglobal\",\"https:\/\/x.com\/amnesty\"],\"url\":\"https:\/\/www.pressenza.com\/it\/author\/amnesty-international\/\"}]}<\/script>\n<!-- \/ Yoast SEO plugin. -->","yoast_head_json":{"title":"\u201cCi espellono, ci picchiano, ci isolano\u201d. Il triste destino di rifugiati e migranti in Croazia","description":"Massimo Moratti, direttore delle ricerche dell\u2019Ufficio europeo di Amnesty International,\u00a0commenta il\u00a0sistema di respingimenti\u00a0ed\u00a0espulsioni\u00a0messo in atto","robots":{"index":"index","follow":"follow","max-snippet":"max-snippet:-1","max-image-preview":"max-image-preview:large","max-video-preview":"max-video-preview:-1"},"canonical":"https:\/\/www.pressenza.com\/it\/2019\/03\/ci-espellono-ci-picchiano-ci-isolano-il-triste-destino-di-rifugiati-e-migranti-in-croazia\/","og_locale":"it_IT","og_type":"article","og_title":"\u201cCi espellono, ci picchiano, ci isolano\u201d. Il triste destino di rifugiati e migranti in Croazia","og_description":"Massimo Moratti, direttore delle ricerche dell\u2019Ufficio europeo di Amnesty International,\u00a0commenta il\u00a0sistema di respingimenti\u00a0ed\u00a0espulsioni\u00a0messo in atto","og_url":"https:\/\/www.pressenza.com\/it\/2019\/03\/ci-espellono-ci-picchiano-ci-isolano-il-triste-destino-di-rifugiati-e-migranti-in-croazia\/","og_site_name":"Pressenza","article_publisher":"https:\/\/www.facebook.com\/PressenzaItalia","article_author":"https:\/\/www.facebook.com\/amnestyglobal","article_published_time":"2019-03-13T20:22:46+00:00","og_image":[{"width":720,"height":480,"url":"https:\/\/www.pressenza.com\/wp-content\/uploads\/2019\/03\/croazia-confine-AI-720x480.jpg","type":"image\/jpeg"}],"author":"Amnesty International","twitter_card":"summary_large_image","twitter_creator":"@amnesty","twitter_site":"@PressenzaIPA","twitter_misc":{"Scritto da":"Amnesty International","Tempo di lettura stimato":"5 minuti"},"schema":{"@context":"https:\/\/schema.org","@graph":[{"@type":"Article","@id":"https:\/\/www.pressenza.com\/it\/2019\/03\/ci-espellono-ci-picchiano-ci-isolano-il-triste-destino-di-rifugiati-e-migranti-in-croazia\/#article","isPartOf":{"@id":"https:\/\/www.pressenza.com\/it\/2019\/03\/ci-espellono-ci-picchiano-ci-isolano-il-triste-destino-di-rifugiati-e-migranti-in-croazia\/"},"author":{"name":"Amnesty International","@id":"https:\/\/www.pressenza.com\/it\/#\/schema\/person\/9b981b05c7ecf09292e6acb3223b2d9d"},"headline":"\u201cCi espellono, ci picchiano, ci isolano\u201d. Il triste destino di rifugiati e migranti in Croazia","datePublished":"2019-03-13T20:22:46+00:00","mainEntityOfPage":{"@id":"https:\/\/www.pressenza.com\/it\/2019\/03\/ci-espellono-ci-picchiano-ci-isolano-il-triste-destino-di-rifugiati-e-migranti-in-croazia\/"},"wordCount":952,"publisher":{"@id":"https:\/\/www.pressenza.com\/it\/#organization"},"image":{"@id":"https:\/\/www.pressenza.com\/it\/2019\/03\/ci-espellono-ci-picchiano-ci-isolano-il-triste-destino-di-rifugiati-e-migranti-in-croazia\/#primaryimage"},"thumbnailUrl":"https:\/\/www.pressenza.com\/wp-content\/uploads\/2019\/03\/croazia-confine-AI.jpg","keywords":["Bosnia","Croazia","polizia","rifugiati","Unione Europea"],"articleSection":["Comunicati Stampa","Europa","Migranti"],"inLanguage":"it-IT"},{"@type":"WebPage","@id":"https:\/\/www.pressenza.com\/it\/2019\/03\/ci-espellono-ci-picchiano-ci-isolano-il-triste-destino-di-rifugiati-e-migranti-in-croazia\/","url":"https:\/\/www.pressenza.com\/it\/2019\/03\/ci-espellono-ci-picchiano-ci-isolano-il-triste-destino-di-rifugiati-e-migranti-in-croazia\/","name":"\u201cCi espellono, ci picchiano, ci isolano\u201d. Il triste destino di rifugiati e migranti in Croazia","isPartOf":{"@id":"https:\/\/www.pressenza.com\/it\/#website"},"primaryImageOfPage":{"@id":"https:\/\/www.pressenza.com\/it\/2019\/03\/ci-espellono-ci-picchiano-ci-isolano-il-triste-destino-di-rifugiati-e-migranti-in-croazia\/#primaryimage"},"image":{"@id":"https:\/\/www.pressenza.com\/it\/2019\/03\/ci-espellono-ci-picchiano-ci-isolano-il-triste-destino-di-rifugiati-e-migranti-in-croazia\/#primaryimage"},"thumbnailUrl":"https:\/\/www.pressenza.com\/wp-content\/uploads\/2019\/03\/croazia-confine-AI.jpg","datePublished":"2019-03-13T20:22:46+00:00","description":"Massimo Moratti, direttore delle ricerche dell\u2019Ufficio europeo di Amnesty International,\u00a0commenta il\u00a0sistema di respingimenti\u00a0ed\u00a0espulsioni\u00a0messo in atto","breadcrumb":{"@id":"https:\/\/www.pressenza.com\/it\/2019\/03\/ci-espellono-ci-picchiano-ci-isolano-il-triste-destino-di-rifugiati-e-migranti-in-croazia\/#breadcrumb"},"inLanguage":"it-IT","potentialAction":[{"@type":"ReadAction","target":["https:\/\/www.pressenza.com\/it\/2019\/03\/ci-espellono-ci-picchiano-ci-isolano-il-triste-destino-di-rifugiati-e-migranti-in-croazia\/"]}]},{"@type":"ImageObject","inLanguage":"it-IT","@id":"https:\/\/www.pressenza.com\/it\/2019\/03\/ci-espellono-ci-picchiano-ci-isolano-il-triste-destino-di-rifugiati-e-migranti-in-croazia\/#primaryimage","url":"https:\/\/www.pressenza.com\/wp-content\/uploads\/2019\/03\/croazia-confine-AI.jpg","contentUrl":"https:\/\/www.pressenza.com\/wp-content\/uploads\/2019\/03\/croazia-confine-AI.jpg","width":2000,"height":1333},{"@type":"BreadcrumbList","@id":"https:\/\/www.pressenza.com\/it\/2019\/03\/ci-espellono-ci-picchiano-ci-isolano-il-triste-destino-di-rifugiati-e-migranti-in-croazia\/#breadcrumb","itemListElement":[{"@type":"ListItem","position":1,"name":"Accueil","item":"https:\/\/www.pressenza.com\/it\/"},{"@type":"ListItem","position":2,"name":"\u201cCi espellono, ci picchiano, ci isolano\u201d. Il triste destino di rifugiati e migranti in Croazia"}]},{"@type":"WebSite","@id":"https:\/\/www.pressenza.com\/it\/#website","url":"https:\/\/www.pressenza.com\/it\/","name":"Pressenza","description":"Agenzia di Stampa Internazionale","publisher":{"@id":"https:\/\/www.pressenza.com\/it\/#organization"},"potentialAction":[{"@type":"SearchAction","target":{"@type":"EntryPoint","urlTemplate":"https:\/\/www.pressenza.com\/it\/?s={search_term_string}"},"query-input":{"@type":"PropertyValueSpecification","valueRequired":true,"valueName":"search_term_string"}}],"inLanguage":"it-IT"},{"@type":"Organization","@id":"https:\/\/www.pressenza.com\/it\/#organization","name":"Pressenza","url":"https:\/\/www.pressenza.com\/it\/","logo":{"@type":"ImageObject","inLanguage":"it-IT","@id":"https:\/\/www.pressenza.com\/it\/#\/schema\/logo\/image\/","url":"https:\/\/www.pressenza.com\/wp-content\/uploads\/2022\/10\/pressenza_logo_200x200.jpg","contentUrl":"https:\/\/www.pressenza.com\/wp-content\/uploads\/2022\/10\/pressenza_logo_200x200.jpg","width":200,"height":200,"caption":"Pressenza"},"image":{"@id":"https:\/\/www.pressenza.com\/it\/#\/schema\/logo\/image\/"},"sameAs":["https:\/\/www.facebook.com\/PressenzaItalia","https:\/\/x.com\/PressenzaIPA"]},{"@type":"Person","@id":"https:\/\/www.pressenza.com\/it\/#\/schema\/person\/9b981b05c7ecf09292e6acb3223b2d9d","name":"Amnesty International","description":"Amnesty International is a global movement of more than 3 million supporters, members and activists in over 150 countries and territories who campaign to end grave abuses of human rights. Our vision is for every person to enjoy all the rights enshrined in the Universal Declaration of Human Rights and other international human rights standards. www.amnesty.org","sameAs":["http:\/\/www.amnesty.it","https:\/\/www.facebook.com\/amnestyglobal","https:\/\/x.com\/amnesty"],"url":"https:\/\/www.pressenza.com\/it\/author\/amnesty-international\/"}]}},"place":"","original_article_url":"","_links":{"self":[{"href":"https:\/\/www.pressenza.com\/it\/wp-json\/wp\/v2\/posts\/822642","targetHints":{"allow":["GET"]}}],"collection":[{"href":"https:\/\/www.pressenza.com\/it\/wp-json\/wp\/v2\/posts"}],"about":[{"href":"https:\/\/www.pressenza.com\/it\/wp-json\/wp\/v2\/types\/post"}],"author":[{"embeddable":true,"href":"https:\/\/www.pressenza.com\/it\/wp-json\/wp\/v2\/users\/432"}],"replies":[{"embeddable":true,"href":"https:\/\/www.pressenza.com\/it\/wp-json\/wp\/v2\/comments?post=822642"}],"version-history":[{"count":0,"href":"https:\/\/www.pressenza.com\/it\/wp-json\/wp\/v2\/posts\/822642\/revisions"}],"wp:featuredmedia":[{"embeddable":true,"href":"https:\/\/www.pressenza.com\/it\/wp-json\/wp\/v2\/media\/822643"}],"wp:attachment":[{"href":"https:\/\/www.pressenza.com\/it\/wp-json\/wp\/v2\/media?parent=822642"}],"wp:term":[{"taxonomy":"category","embeddable":true,"href":"https:\/\/www.pressenza.com\/it\/wp-json\/wp\/v2\/categories?post=822642"},{"taxonomy":"post_tag","embeddable":true,"href":"https:\/\/www.pressenza.com\/it\/wp-json\/wp\/v2\/tags?post=822642"}],"curies":[{"name":"wp","href":"https:\/\/api.w.org\/{rel}","templated":true}]}}