{"id":821122,"date":"2019-03-11T18:09:31","date_gmt":"2019-03-11T18:09:31","guid":{"rendered":"https:\/\/www.pressenza.com\/?p=821122"},"modified":"2019-03-11T18:09:31","modified_gmt":"2019-03-11T18:09:31","slug":"cinema-senza-diritti-quinta-edizione","status":"publish","type":"post","link":"https:\/\/www.pressenza.com\/it\/2019\/03\/cinema-senza-diritti-quinta-edizione\/","title":{"rendered":"Cinema senza diritti &#8211; quinta edizione"},"content":{"rendered":"<p>Avr\u00e0 luogo anche questo anno la quinta edizione di \u201cCinema senza diritti\u201d, rassegna di cinema palestinese. Dal 11 marzo al 14 aprile 2019 presso la biblioteca universitaria CFZ, alle Zattere in Venezia, verranno proiettati 8 film diretti soprattutto da palestinesi; quindi non un cinema sulla Palestina fatto da altri, ma il cinema di registe e registi palestinesi, una caratteristica a cui non si \u00e8 voluto rinunciare in questi cinque anni per presentare la dimensione culturale di un popolo che lotta per i propri diritti. \u00c8 importante raccontare il conflitto e mettere al centro i fatti storici, sociali e politici sollecitando ognuno ad un maggiore impegno nella ricerca di una soluzione giusta per tutte le parti.<\/p>\n<p>La rassegna, come ogni anno, \u00e8 direttamente collegata ad Al Ard Doc Film Festival di Cagliari che seleziona le migliori opere della cinematografia palestinese e dei paesi arabi. Quest\u2019anno la rassegna a Venezia e il Festival di Cagliari hanno inizio nello stesso giorno con l\u2019intento di dare visibilit\u00e0 a registi e film che si rivelano sempre pi\u00f9 di notevole interesse artistico.<\/p>\n<p>Ad affiancare l&#8217;organizzazione di Cinema senza diritti sono scese in campo quest\u2019anno l\u2019associazione universitaria di Ca\u2019 Foscari \u201cNUR, universitari contro l\u2019apartheid israeliana\u201d gi\u00e0 molto attiva sul territorio e non solo in ambiente\u00a0 accademico, e Assopace Palestina associazione che opera a livello nazionale.<\/p>\n<p>In questa edizione ritroveremo registe palestinesi famose accanto a nuove promesse come Leila Sansour che firma \u201cOpen Bethlehem\u201d, prima pellicola in programma. Il film documenta l&#8217;impresa della giovane regista la quale tenta di coinvolgere la comunit\u00e0 internazionale nella difesa della sua citt\u00e0, Betlemme, che sta per essere segregata dalla costruzione del muro.<\/p>\n<p>A seguire \u201cWar of antiquities\u201d di Lana Shaheen, un documentario sulla storia millenaria di Gaza la quale ha lasciato sul terreno testimonianze archeologiche abbondanti. Ma come salvaguardare il patrimonio culturale in zona di guerra?<\/p>\n<p>Con \u201cBloody Basil\u201d, il regista Elia Ghorbiah, ci porta negli insediamenti israeliani dove lavorano le braccianti palestinesi.<\/p>\n<p>Ritroviamo la regista Annemarie Jacir con \u201cIl sale di questo mare\u201d in cui la protagonista, Soraya, una giovane palestinese nata negli USA, si avventura alla ricerca delle proprie radici nella terra d\u2019origine per scontrarsi con la durezza distruttiva dell\u2019occupazione.<\/p>\n<p>Nel documentario di Mark Kaplan, \u201cIl villaggio sotto la foresta\u201d la protagonista non \u00e8 palestinese bens\u00ec sudafricana di origine ebraica. La caduta del regime bianco del suo paese suscita in lei una sconvolgente riflessione sugli orrori dell&#8217;apartheid e le analogie con la Palestina.<\/p>\n<p>Anas Balkrami dirige un provocatorio cortometraggio \u201c100 Balfour Road\u201d, che vi lasciamo la sorpresa di scoprire.<\/p>\n<p>\u201cThe killer tears\u201d di Khaled Faqih \u00e8 un illuminante documentario sulle armi chimiche. I gas lacrimogeni rientrano a tutti gli effetti in questa categoria, ma la loro tossicit\u00e0 e pericolosit\u00e0 non \u00e8 mai stata considerata.<\/p>\n<p>Gli ultimi due film della rassegna sono \u201cOmar\u201d del pluripremiato Hany Abu Assad: Omar \u00e8 un giovane panettiere palestinese che sfida il muro dell\u2019apartheid per incontrarsi con i suoi amici e Nadia, la giovane di cui \u00e8 innamorato; e \u201c3000 Nights\u201d di Mai Masri toccante storia vera di una prigioniera politica che alleva suo figlio in carcere.<\/p>\n<p>La rassegna \u00e8 arricchita dal docufilm di Julia Bacha \u201cNaila and the uprising\u201d che sar\u00e0 presentato da Luisa Morgantini, ex-vicepresidente del Parlamento europeo, il 3 aprile alle ore 18 presso il Centro Culturale Candiani. In sala la protagonista Naila Ayesh e Jamal Zakout.<\/p>\n<p>Ingresso gratuito fino ad esaurimento posti.<br \/>\nTutti i film sono sottotitolati in italiano.<\/p>\n<p><strong>Cinema Senza Diritti<\/strong><\/p>\n","protected":false},"excerpt":{"rendered":"<p>Avr\u00e0 luogo anche questo anno la quinta edizione di \u201cCinema senza diritti\u201d, rassegna di cinema palestinese. Dal 11 marzo al 14 aprile 2019 presso la biblioteca universitaria CFZ, alle Zattere in Venezia, verranno proiettati 8 film diretti soprattutto da palestinesi;&hellip;<\/p>\n","protected":false},"author":594,"featured_media":821124,"comment_status":"closed","ping_status":"closed","sticky":false,"template":"","format":"standard","meta":{"footnotes":""},"categories":[150,56,60,47,52],"tags":[3462,54560,5136,1227],"class_list":["post-821122","post","type-post","status-publish","format-standard","has-post-thumbnail","hentry","category-comunicati-stampa","category-cultura","category-diritti-umani","category-europa","category-medio-oriente","tag-cinema-it","tag-diritti-umani-es-it","tag-luisa-morgantini","tag-palestina-it"],"yoast_head":"<!-- This site is optimized with the Yoast SEO plugin v27.1.1 - https:\/\/yoast.com\/product\/yoast-seo-wordpress\/ -->\n<title>Cinema senza diritti - quinta edizione<\/title>\n<meta name=\"description\" content=\"Avr\u00e0 luogo anche questo anno la quinta edizione di \u201cCinema senza diritti\u201d, rassegna di cinema palestinese. Dal 11 marzo al 14 aprile 2019 presso la\" \/>\n<meta name=\"robots\" content=\"index, follow, max-snippet:-1, max-image-preview:large, max-video-preview:-1\" \/>\n<link rel=\"canonical\" href=\"https:\/\/www.pressenza.com\/it\/2019\/03\/cinema-senza-diritti-quinta-edizione\/\" \/>\n<meta property=\"og:locale\" content=\"it_IT\" \/>\n<meta property=\"og:type\" content=\"article\" \/>\n<meta property=\"og:title\" content=\"Cinema senza diritti - quinta edizione\" \/>\n<meta property=\"og:description\" content=\"Avr\u00e0 luogo anche questo anno la quinta edizione di \u201cCinema senza diritti\u201d, rassegna di cinema palestinese. Dal 11 marzo al 14 aprile 2019 presso la\" \/>\n<meta property=\"og:url\" content=\"https:\/\/www.pressenza.com\/it\/2019\/03\/cinema-senza-diritti-quinta-edizione\/\" \/>\n<meta property=\"og:site_name\" content=\"Pressenza\" \/>\n<meta property=\"article:publisher\" content=\"https:\/\/www.facebook.com\/PressenzaItalia\" \/>\n<meta property=\"article:author\" content=\"https:\/\/www.facebook.com\/PressenzaItalia\" \/>\n<meta property=\"article:published_time\" content=\"2019-03-11T18:09:31+00:00\" \/>\n<meta property=\"og:image\" content=\"https:\/\/www.pressenza.com\/wp-content\/uploads\/2019\/03\/loc-5-rassegna-jpg.jpg\" \/>\n\t<meta property=\"og:image:width\" content=\"1137\" \/>\n\t<meta property=\"og:image:height\" content=\"544\" \/>\n\t<meta property=\"og:image:type\" content=\"image\/jpeg\" \/>\n<meta name=\"author\" content=\"Redazione Italia\" \/>\n<meta name=\"twitter:card\" content=\"summary_large_image\" \/>\n<meta name=\"twitter:creator\" content=\"@pressenza_it\" \/>\n<meta name=\"twitter:site\" content=\"@PressenzaIPA\" \/>\n<meta name=\"twitter:label1\" content=\"Scritto da\" \/>\n\t<meta name=\"twitter:data1\" content=\"Redazione Italia\" \/>\n\t<meta name=\"twitter:label2\" content=\"Tempo di lettura stimato\" \/>\n\t<meta name=\"twitter:data2\" content=\"3 minuti\" \/>\n<script type=\"application\/ld+json\" class=\"yoast-schema-graph\">{\"@context\":\"https:\/\/schema.org\",\"@graph\":[{\"@type\":\"Article\",\"@id\":\"https:\/\/www.pressenza.com\/it\/2019\/03\/cinema-senza-diritti-quinta-edizione\/#article\",\"isPartOf\":{\"@id\":\"https:\/\/www.pressenza.com\/it\/2019\/03\/cinema-senza-diritti-quinta-edizione\/\"},\"author\":{\"name\":\"Redazione Italia\",\"@id\":\"https:\/\/www.pressenza.com\/it\/#\/schema\/person\/d983e81827ae24f2c7b1a2123d197f8d\"},\"headline\":\"Cinema senza diritti &#8211; quinta edizione\",\"datePublished\":\"2019-03-11T18:09:31+00:00\",\"mainEntityOfPage\":{\"@id\":\"https:\/\/www.pressenza.com\/it\/2019\/03\/cinema-senza-diritti-quinta-edizione\/\"},\"wordCount\":570,\"publisher\":{\"@id\":\"https:\/\/www.pressenza.com\/it\/#organization\"},\"image\":{\"@id\":\"https:\/\/www.pressenza.com\/it\/2019\/03\/cinema-senza-diritti-quinta-edizione\/#primaryimage\"},\"thumbnailUrl\":\"https:\/\/www.pressenza.com\/wp-content\/uploads\/2019\/03\/loc-5-rassegna-jpg.jpg\",\"keywords\":[\"cinema\",\"diritti umani\",\"Luisa Morgantini\",\"Palestina\"],\"articleSection\":[\"Comunicati Stampa\",\"Cultura e Media\",\"Diritti Umani\",\"Europa\",\"Medio Oriente\"],\"inLanguage\":\"it-IT\"},{\"@type\":\"WebPage\",\"@id\":\"https:\/\/www.pressenza.com\/it\/2019\/03\/cinema-senza-diritti-quinta-edizione\/\",\"url\":\"https:\/\/www.pressenza.com\/it\/2019\/03\/cinema-senza-diritti-quinta-edizione\/\",\"name\":\"Cinema senza diritti - quinta edizione\",\"isPartOf\":{\"@id\":\"https:\/\/www.pressenza.com\/it\/#website\"},\"primaryImageOfPage\":{\"@id\":\"https:\/\/www.pressenza.com\/it\/2019\/03\/cinema-senza-diritti-quinta-edizione\/#primaryimage\"},\"image\":{\"@id\":\"https:\/\/www.pressenza.com\/it\/2019\/03\/cinema-senza-diritti-quinta-edizione\/#primaryimage\"},\"thumbnailUrl\":\"https:\/\/www.pressenza.com\/wp-content\/uploads\/2019\/03\/loc-5-rassegna-jpg.jpg\",\"datePublished\":\"2019-03-11T18:09:31+00:00\",\"description\":\"Avr\u00e0 luogo anche questo anno la quinta edizione di \u201cCinema senza diritti\u201d, rassegna di cinema palestinese. Dal 11 marzo al 14 aprile 2019 presso la\",\"breadcrumb\":{\"@id\":\"https:\/\/www.pressenza.com\/it\/2019\/03\/cinema-senza-diritti-quinta-edizione\/#breadcrumb\"},\"inLanguage\":\"it-IT\",\"potentialAction\":[{\"@type\":\"ReadAction\",\"target\":[\"https:\/\/www.pressenza.com\/it\/2019\/03\/cinema-senza-diritti-quinta-edizione\/\"]}]},{\"@type\":\"ImageObject\",\"inLanguage\":\"it-IT\",\"@id\":\"https:\/\/www.pressenza.com\/it\/2019\/03\/cinema-senza-diritti-quinta-edizione\/#primaryimage\",\"url\":\"https:\/\/www.pressenza.com\/wp-content\/uploads\/2019\/03\/loc-5-rassegna-jpg.jpg\",\"contentUrl\":\"https:\/\/www.pressenza.com\/wp-content\/uploads\/2019\/03\/loc-5-rassegna-jpg.jpg\",\"width\":1137,\"height\":544},{\"@type\":\"BreadcrumbList\",\"@id\":\"https:\/\/www.pressenza.com\/it\/2019\/03\/cinema-senza-diritti-quinta-edizione\/#breadcrumb\",\"itemListElement\":[{\"@type\":\"ListItem\",\"position\":1,\"name\":\"Accueil\",\"item\":\"https:\/\/www.pressenza.com\/it\/\"},{\"@type\":\"ListItem\",\"position\":2,\"name\":\"Cinema senza diritti &#8211; quinta edizione\"}]},{\"@type\":\"WebSite\",\"@id\":\"https:\/\/www.pressenza.com\/it\/#website\",\"url\":\"https:\/\/www.pressenza.com\/it\/\",\"name\":\"Pressenza\",\"description\":\"Agenzia di Stampa Internazionale\",\"publisher\":{\"@id\":\"https:\/\/www.pressenza.com\/it\/#organization\"},\"potentialAction\":[{\"@type\":\"SearchAction\",\"target\":{\"@type\":\"EntryPoint\",\"urlTemplate\":\"https:\/\/www.pressenza.com\/it\/?s={search_term_string}\"},\"query-input\":{\"@type\":\"PropertyValueSpecification\",\"valueRequired\":true,\"valueName\":\"search_term_string\"}}],\"inLanguage\":\"it-IT\"},{\"@type\":\"Organization\",\"@id\":\"https:\/\/www.pressenza.com\/it\/#organization\",\"name\":\"Pressenza\",\"url\":\"https:\/\/www.pressenza.com\/it\/\",\"logo\":{\"@type\":\"ImageObject\",\"inLanguage\":\"it-IT\",\"@id\":\"https:\/\/www.pressenza.com\/it\/#\/schema\/logo\/image\/\",\"url\":\"https:\/\/www.pressenza.com\/wp-content\/uploads\/2022\/10\/pressenza_logo_200x200.jpg\",\"contentUrl\":\"https:\/\/www.pressenza.com\/wp-content\/uploads\/2022\/10\/pressenza_logo_200x200.jpg\",\"width\":200,\"height\":200,\"caption\":\"Pressenza\"},\"image\":{\"@id\":\"https:\/\/www.pressenza.com\/it\/#\/schema\/logo\/image\/\"},\"sameAs\":[\"https:\/\/www.facebook.com\/PressenzaItalia\",\"https:\/\/x.com\/PressenzaIPA\"]},{\"@type\":\"Person\",\"@id\":\"https:\/\/www.pressenza.com\/it\/#\/schema\/person\/d983e81827ae24f2c7b1a2123d197f8d\",\"name\":\"Redazione Italia\",\"description\":\"News from the Pressenza Bureau in Italy\",\"sameAs\":[\"https:\/\/www.pressenza.com\/it\/author\/redazione-italia\/\",\"https:\/\/www.facebook.com\/PressenzaItalia\",\"https:\/\/www.instagram.com\/pressenza_italia\/\",\"https:\/\/x.com\/pressenza_it\",\"https:\/\/www.youtube.com\/channel\/UCSalEIWjE1RSxkwjfftFuqg\"],\"url\":\"https:\/\/www.pressenza.com\/it\/author\/redazione-italia\/\"}]}<\/script>\n<!-- \/ Yoast SEO plugin. -->","yoast_head_json":{"title":"Cinema senza diritti - quinta edizione","description":"Avr\u00e0 luogo anche questo anno la quinta edizione di \u201cCinema senza diritti\u201d, rassegna di cinema palestinese. Dal 11 marzo al 14 aprile 2019 presso la","robots":{"index":"index","follow":"follow","max-snippet":"max-snippet:-1","max-image-preview":"max-image-preview:large","max-video-preview":"max-video-preview:-1"},"canonical":"https:\/\/www.pressenza.com\/it\/2019\/03\/cinema-senza-diritti-quinta-edizione\/","og_locale":"it_IT","og_type":"article","og_title":"Cinema senza diritti - quinta edizione","og_description":"Avr\u00e0 luogo anche questo anno la quinta edizione di \u201cCinema senza diritti\u201d, rassegna di cinema palestinese. Dal 11 marzo al 14 aprile 2019 presso la","og_url":"https:\/\/www.pressenza.com\/it\/2019\/03\/cinema-senza-diritti-quinta-edizione\/","og_site_name":"Pressenza","article_publisher":"https:\/\/www.facebook.com\/PressenzaItalia","article_author":"https:\/\/www.facebook.com\/PressenzaItalia","article_published_time":"2019-03-11T18:09:31+00:00","og_image":[{"width":1137,"height":544,"url":"https:\/\/www.pressenza.com\/wp-content\/uploads\/2019\/03\/loc-5-rassegna-jpg.jpg","type":"image\/jpeg"}],"author":"Redazione Italia","twitter_card":"summary_large_image","twitter_creator":"@pressenza_it","twitter_site":"@PressenzaIPA","twitter_misc":{"Scritto da":"Redazione Italia","Tempo di lettura stimato":"3 minuti"},"schema":{"@context":"https:\/\/schema.org","@graph":[{"@type":"Article","@id":"https:\/\/www.pressenza.com\/it\/2019\/03\/cinema-senza-diritti-quinta-edizione\/#article","isPartOf":{"@id":"https:\/\/www.pressenza.com\/it\/2019\/03\/cinema-senza-diritti-quinta-edizione\/"},"author":{"name":"Redazione Italia","@id":"https:\/\/www.pressenza.com\/it\/#\/schema\/person\/d983e81827ae24f2c7b1a2123d197f8d"},"headline":"Cinema senza diritti &#8211; quinta edizione","datePublished":"2019-03-11T18:09:31+00:00","mainEntityOfPage":{"@id":"https:\/\/www.pressenza.com\/it\/2019\/03\/cinema-senza-diritti-quinta-edizione\/"},"wordCount":570,"publisher":{"@id":"https:\/\/www.pressenza.com\/it\/#organization"},"image":{"@id":"https:\/\/www.pressenza.com\/it\/2019\/03\/cinema-senza-diritti-quinta-edizione\/#primaryimage"},"thumbnailUrl":"https:\/\/www.pressenza.com\/wp-content\/uploads\/2019\/03\/loc-5-rassegna-jpg.jpg","keywords":["cinema","diritti umani","Luisa Morgantini","Palestina"],"articleSection":["Comunicati Stampa","Cultura e Media","Diritti Umani","Europa","Medio Oriente"],"inLanguage":"it-IT"},{"@type":"WebPage","@id":"https:\/\/www.pressenza.com\/it\/2019\/03\/cinema-senza-diritti-quinta-edizione\/","url":"https:\/\/www.pressenza.com\/it\/2019\/03\/cinema-senza-diritti-quinta-edizione\/","name":"Cinema senza diritti - quinta edizione","isPartOf":{"@id":"https:\/\/www.pressenza.com\/it\/#website"},"primaryImageOfPage":{"@id":"https:\/\/www.pressenza.com\/it\/2019\/03\/cinema-senza-diritti-quinta-edizione\/#primaryimage"},"image":{"@id":"https:\/\/www.pressenza.com\/it\/2019\/03\/cinema-senza-diritti-quinta-edizione\/#primaryimage"},"thumbnailUrl":"https:\/\/www.pressenza.com\/wp-content\/uploads\/2019\/03\/loc-5-rassegna-jpg.jpg","datePublished":"2019-03-11T18:09:31+00:00","description":"Avr\u00e0 luogo anche questo anno la quinta edizione di \u201cCinema senza diritti\u201d, rassegna di cinema palestinese. Dal 11 marzo al 14 aprile 2019 presso la","breadcrumb":{"@id":"https:\/\/www.pressenza.com\/it\/2019\/03\/cinema-senza-diritti-quinta-edizione\/#breadcrumb"},"inLanguage":"it-IT","potentialAction":[{"@type":"ReadAction","target":["https:\/\/www.pressenza.com\/it\/2019\/03\/cinema-senza-diritti-quinta-edizione\/"]}]},{"@type":"ImageObject","inLanguage":"it-IT","@id":"https:\/\/www.pressenza.com\/it\/2019\/03\/cinema-senza-diritti-quinta-edizione\/#primaryimage","url":"https:\/\/www.pressenza.com\/wp-content\/uploads\/2019\/03\/loc-5-rassegna-jpg.jpg","contentUrl":"https:\/\/www.pressenza.com\/wp-content\/uploads\/2019\/03\/loc-5-rassegna-jpg.jpg","width":1137,"height":544},{"@type":"BreadcrumbList","@id":"https:\/\/www.pressenza.com\/it\/2019\/03\/cinema-senza-diritti-quinta-edizione\/#breadcrumb","itemListElement":[{"@type":"ListItem","position":1,"name":"Accueil","item":"https:\/\/www.pressenza.com\/it\/"},{"@type":"ListItem","position":2,"name":"Cinema senza diritti &#8211; quinta edizione"}]},{"@type":"WebSite","@id":"https:\/\/www.pressenza.com\/it\/#website","url":"https:\/\/www.pressenza.com\/it\/","name":"Pressenza","description":"Agenzia di Stampa Internazionale","publisher":{"@id":"https:\/\/www.pressenza.com\/it\/#organization"},"potentialAction":[{"@type":"SearchAction","target":{"@type":"EntryPoint","urlTemplate":"https:\/\/www.pressenza.com\/it\/?s={search_term_string}"},"query-input":{"@type":"PropertyValueSpecification","valueRequired":true,"valueName":"search_term_string"}}],"inLanguage":"it-IT"},{"@type":"Organization","@id":"https:\/\/www.pressenza.com\/it\/#organization","name":"Pressenza","url":"https:\/\/www.pressenza.com\/it\/","logo":{"@type":"ImageObject","inLanguage":"it-IT","@id":"https:\/\/www.pressenza.com\/it\/#\/schema\/logo\/image\/","url":"https:\/\/www.pressenza.com\/wp-content\/uploads\/2022\/10\/pressenza_logo_200x200.jpg","contentUrl":"https:\/\/www.pressenza.com\/wp-content\/uploads\/2022\/10\/pressenza_logo_200x200.jpg","width":200,"height":200,"caption":"Pressenza"},"image":{"@id":"https:\/\/www.pressenza.com\/it\/#\/schema\/logo\/image\/"},"sameAs":["https:\/\/www.facebook.com\/PressenzaItalia","https:\/\/x.com\/PressenzaIPA"]},{"@type":"Person","@id":"https:\/\/www.pressenza.com\/it\/#\/schema\/person\/d983e81827ae24f2c7b1a2123d197f8d","name":"Redazione Italia","description":"News from the Pressenza Bureau in Italy","sameAs":["https:\/\/www.pressenza.com\/it\/author\/redazione-italia\/","https:\/\/www.facebook.com\/PressenzaItalia","https:\/\/www.instagram.com\/pressenza_italia\/","https:\/\/x.com\/pressenza_it","https:\/\/www.youtube.com\/channel\/UCSalEIWjE1RSxkwjfftFuqg"],"url":"https:\/\/www.pressenza.com\/it\/author\/redazione-italia\/"}]}},"place":"Venezia","original_article_url":"","_links":{"self":[{"href":"https:\/\/www.pressenza.com\/it\/wp-json\/wp\/v2\/posts\/821122","targetHints":{"allow":["GET"]}}],"collection":[{"href":"https:\/\/www.pressenza.com\/it\/wp-json\/wp\/v2\/posts"}],"about":[{"href":"https:\/\/www.pressenza.com\/it\/wp-json\/wp\/v2\/types\/post"}],"author":[{"embeddable":true,"href":"https:\/\/www.pressenza.com\/it\/wp-json\/wp\/v2\/users\/594"}],"replies":[{"embeddable":true,"href":"https:\/\/www.pressenza.com\/it\/wp-json\/wp\/v2\/comments?post=821122"}],"version-history":[{"count":0,"href":"https:\/\/www.pressenza.com\/it\/wp-json\/wp\/v2\/posts\/821122\/revisions"}],"wp:featuredmedia":[{"embeddable":true,"href":"https:\/\/www.pressenza.com\/it\/wp-json\/wp\/v2\/media\/821124"}],"wp:attachment":[{"href":"https:\/\/www.pressenza.com\/it\/wp-json\/wp\/v2\/media?parent=821122"}],"wp:term":[{"taxonomy":"category","embeddable":true,"href":"https:\/\/www.pressenza.com\/it\/wp-json\/wp\/v2\/categories?post=821122"},{"taxonomy":"post_tag","embeddable":true,"href":"https:\/\/www.pressenza.com\/it\/wp-json\/wp\/v2\/tags?post=821122"}],"curies":[{"name":"wp","href":"https:\/\/api.w.org\/{rel}","templated":true}]}}