{"id":820588,"date":"2019-03-10T18:57:21","date_gmt":"2019-03-10T18:57:21","guid":{"rendered":"https:\/\/www.pressenza.com\/?p=820588"},"modified":"2019-03-10T19:52:37","modified_gmt":"2019-03-10T19:52:37","slug":"europee-astensione-e-se-si-ritornasse-allobbligo-di-votare","status":"publish","type":"post","link":"https:\/\/www.pressenza.com\/it\/2019\/03\/europee-astensione-e-se-si-ritornasse-allobbligo-di-votare\/","title":{"rendered":"Europee, astensione: E se si ritornasse all\u2019obbligo di votare?"},"content":{"rendered":"<p>Il tema delle possibile<a href=\"https:\/\/www.pressenza.com\/it\/2019\/02\/taglio-dei-parlamentari-serve-unanalisi-costi-benefici-per-la-democrazia\/\" target=\"_blank\" rel=\"noopener\"><strong> riforma costituzionale che ridurrebbe il numero dei parlamentari<\/strong><\/a> pu\u00f2, e deve, riaccendere il dibattito sulla vigente legge elettorale \u2013 <em>il &#8220;rosatellum&#8221;, sul quale esistono dei dubbi di costituzionalit\u00e0<\/em> tanto secondo il professor <a href=\"https:\/\/www.repubblica.it\/politica\/2017\/11\/01\/news\/besostri_anche_il_rosatellum_e_incostituzionale_il_voto_non_e_libero_uguale_e_personale-179941262\/\" target=\"_blank\" rel=\"noopener\"><strong>Felice Besostri<\/strong><\/a> quanto da parte del giurista <a href=\"https:\/\/www.fronteampio.it\/la-corte-costituzionale-chiamata-a-giudicare-il-rosatellum\/\" target=\"_blank\" rel=\"noopener\"><strong>Lamberto Roberti<\/strong><\/a> \u2013 e dell\u2019esame del fenomeno dell\u2019astensionismo.<\/p>\n<p>In merito alla partecipazione politica, in Italia osserviamo, specie dal 2006, a una <strong>forte \u201cspoliticizzazione\u201d dei cittadini<\/strong>.<\/p>\n<p>Nel 1953, lo scontro ideologico tra DC, PCI e PSI aveva portato al voto il 93,81% degli aventi diritto (<strong>appena il 6,2% di astensionismo<\/strong>). Da allora l\u2019astensione alle elezioni politiche \u00e8 sempre cresciuta fino, appunto, al pi\u00f9 recente decennio. Nel 2006 ha toccato il 16,4%, per crescere al 19,5% nel 2008 e quindi <strong>\u00e8 esploso nel 2013 e nel 2018 con, rispettivamente, il 24,8% e il 27,1% di astensionismo<\/strong>.<\/p>\n<p>Non parliamo, poi, delle elezioni europee, dove da sempre l\u2019attenzione \u00e8 bassa. Qui, nel 2009, l\u2019astensione si fiss\u00f2 al 33,7% per poi salire al 41,3% nel 2014.<\/p>\n<p>Perch\u00e9 non valutare, quindi, <strong>la reintroduzione della sanzione a carico degli astenuti?<\/strong><\/p>\n<p>L\u2019<a href=\"https:\/\/www.senato.it\/documenti\/repository\/leggi_e_documenti\/raccoltenormative\/25%20-%20elezioni\/L.%20277%20-%201993\/DPR%20361-57.pdf\" target=\"_blank\" rel=\"noopener\"><strong>art. 115 del D.P.R. 361 del 30 marzo 1957<\/strong><\/a> prevedeva che \u00ab<em>l&#8217;elettore, che non abbia esercitato il diritto di voto, deve<\/em> <strong>darne giustificazione al Sindaco <\/strong><em>del Comune nelle cui liste elettorali \u00e8 iscritto<\/em>\u00bb e, per i non giustificati, stabiliva la sanzione dell\u2019iscrizione del \u201cnon ha votato&#8221; nel <strong>certificato di buona condotta del cittadino<\/strong>.<\/p>\n<p>La disposizione fu abrogata dall&#8217;<a href=\"http:\/\/www.cr.piemonte.it\/web\/media\/files\/D_Lgs%2020%20dicembre%201993,%20n_%20534(1).pdf\" target=\"_blank\" rel=\"noopener\"><strong>art. 3, D.Lgs. 20 dicembre 1993, n. 534<\/strong> <\/a>(governo Ciampi &#8211; DC-PSI-PDS e altri).<\/p>\n<p>Tuttavia, l\u2019<strong>art. 48 della nostra Costituzione<\/strong> continua a recitare che \u00ab<em>il suo esercizio \u00e8 dovere civico<\/em>\u00bb. Principio ribadito dalla <strong>Sentenza n. 96 del 2 luglio 1968 della Corte Costituzionale<\/strong> (presidente prof. Aldo Sandulli): \u00ab<em>l&#8217;art. 48, secondo comma, della Costituzione ha carattere universale ed i principi, con esso enunciati, vanno osservati in ogni caso in cui<\/em> <strong>il relativo diritto debba essere esercitato<\/strong>\u00bb.<\/p>\n<p>Questa discussione non \u00e8 certamente stravagante se lo stesso <a href=\"https:\/\/www.lemonde.fr\/politique\/article\/2019\/03\/09\/faut-il-rendre-le-vote-obligatoire-pour-endiguer-l-abstention_5433688_823448.html?xtmc=vote_obligatoire&amp;xtcr=2\" target=\"_blank\" rel=\"noopener\"><strong>giornale francese \u201cLe Monde\u201d<\/strong> <\/a>ha pubblicato proprio ieri un articolo, a firma di Patrick Roger, che rilancia nel paese transalpino il dibattito e \u00ab<strong>la proposta di rendere obbligatorio il voto in Francia, <\/strong><em>per frenare la preoccupante tendenza all&#8217;astensione crescente<\/em>\u00bb.<\/p>\n<p>Anche in Francia, infatti, \u00ab<em>il forte aumento dell&#8217;astensione dagli anni &#8217;80, sintomo di una crisi della democrazia rappresentativa e di un monito per i politici, ha portato a interrogarsi sulla<\/em> <strong>necessit\u00e0 di rendere obbligatorio il voto<\/strong>\u00bb. Alle <a href=\"https:\/\/it.wikipedia.org\/wiki\/Elezioni_presidenziali_in_Francia_del_2017\" target=\"_blank\" rel=\"noopener\"><strong>presidenziali del 2017<\/strong><\/a>, l&#8217;astensione ha raggiunto il 22,23% (contro il 20,52% del 2012 e il 16,23% del 2007).<\/p>\n<p>E&#8217; chiaro che la proposta ha anche un significato contro la deriva dei partiti populisti che emergono nei risultati proprio grazie all&#8217;astensione.<\/p>\n<p>Il quotidiano, in proposito, ricorda come \u00ab<em>in Europa,<\/em> <strong>l&#8217;obbligo di voto rimane in Belgio, Cipro, Danimarca, Grecia, Liechtenstein, Lussemburgo<\/strong>\u00bb. In particolare, in Belgio \u00ab<em>si applica un sistema di misure che va da una multa da 30 a 60 euro per la prima infrazione<\/em>\u00bb fino a giungere, per i recidivi, a impedire l\u2019assunzione nella pubblica amministrazione o, per i gi\u00e0 dipendenti, a bloccare eventuali avanzamenti di carriera.<\/p>\n<p>L\u2019autore spiega che \u00ab<em>per i sostenitori del voto obbligatorio,<\/em> <strong>l&#8217;affluenza alle urne \u00e8 essenziale per il corretto funzionamento della democrazia<\/strong> <em>in quanto manifestazione di sovranit\u00e0 popolare<\/em>\u00bb. D\u2019altro canto, \u00ab<em>poich\u00e9 il voto rimane segreto, l&#8217;elettore \u00e8 libero, se nessun candidato \u00e8 idoneo, di mettere una scheda bianca nelle urne<\/em>\u00bb.<\/p>\n<p>Patrick Roger conclude il proprio articolo su \u201cLe Monde\u201d con una domanda-riflessione: \u00ab<em>per incoraggiare la partecipazione dei cittadini, non \u00e8 meglio guardare alle cause piuttosto che ai sintomi?<\/em>\u00bb. Insomma, perch\u00e9 i lavoratori e i giovani sono sempre pi\u00f9 \u201cspoliticizzati\u201d e non votano?<\/p>\n<p>Domanda certamente valida e la cui risposta non \u00e8 nelle nostre corde.<\/p>\n","protected":false},"excerpt":{"rendered":"<p>Il tema delle possibile riforma costituzionale che ridurrebbe il numero dei parlamentari pu\u00f2, e deve, riaccendere il dibattito sulla vigente legge elettorale \u2013 il &#8220;rosatellum&#8221;, sul quale esistono dei dubbi di costituzionalit\u00e0 tanto secondo il professor Felice Besostri quanto da&hellip;<\/p>\n","protected":false},"author":1284,"featured_media":820592,"comment_status":"closed","ping_status":"closed","sticky":false,"template":"","format":"standard","meta":{"footnotes":""},"categories":[11388,60,55],"tags":[801,616,8785],"class_list":["post-820588","post","type-post","status-publish","format-standard","has-post-thumbnail","hentry","category-contenuti-originali","category-diritti-umani","category-politica","tag-costituzione","tag-elezioni","tag-elezioni-europee"],"yoast_head":"<!-- This site is optimized with the Yoast SEO plugin v27.1.1 - https:\/\/yoast.com\/product\/yoast-seo-wordpress\/ -->\n<title>Europee, astensione: E se si ritornasse all\u2019obbligo di votare?<\/title>\n<meta name=\"description\" content=\"In Francia si dibatte di obbligo di votare per i cittadini, come esiste gi\u00e0 in Belgio, per battere l&#039;astensione. E in Italia?\" \/>\n<meta name=\"robots\" content=\"index, follow, max-snippet:-1, max-image-preview:large, max-video-preview:-1\" \/>\n<link rel=\"canonical\" href=\"https:\/\/www.pressenza.com\/it\/2019\/03\/europee-astensione-e-se-si-ritornasse-allobbligo-di-votare\/\" \/>\n<meta property=\"og:locale\" content=\"it_IT\" \/>\n<meta property=\"og:type\" content=\"article\" \/>\n<meta property=\"og:title\" content=\"Europee, astensione: E se si ritornasse all\u2019obbligo di votare?\" \/>\n<meta property=\"og:description\" content=\"In Francia si dibatte di obbligo di votare per i cittadini, come esiste gi\u00e0 in Belgio, per battere l&#039;astensione. E in Italia?\" \/>\n<meta property=\"og:url\" content=\"https:\/\/www.pressenza.com\/it\/2019\/03\/europee-astensione-e-se-si-ritornasse-allobbligo-di-votare\/\" \/>\n<meta property=\"og:site_name\" content=\"Pressenza\" \/>\n<meta property=\"article:publisher\" content=\"https:\/\/www.facebook.com\/PressenzaItalia\" \/>\n<meta property=\"article:published_time\" content=\"2019-03-10T18:57:21+00:00\" \/>\n<meta property=\"article:modified_time\" content=\"2019-03-10T19:52:37+00:00\" \/>\n<meta property=\"og:image\" content=\"https:\/\/www.pressenza.com\/wp-content\/uploads\/2019\/03\/elezioni-europee-2019.jpg\" \/>\n\t<meta property=\"og:image:width\" content=\"795\" \/>\n\t<meta property=\"og:image:height\" content=\"546\" \/>\n\t<meta property=\"og:image:type\" content=\"image\/jpeg\" \/>\n<meta name=\"author\" content=\"Natale Salvo\" \/>\n<meta name=\"twitter:card\" content=\"summary_large_image\" \/>\n<meta name=\"twitter:creator\" content=\"@PressenzaIPA\" \/>\n<meta name=\"twitter:site\" content=\"@PressenzaIPA\" \/>\n<meta name=\"twitter:label1\" content=\"Scritto da\" \/>\n\t<meta name=\"twitter:data1\" content=\"Natale Salvo\" \/>\n\t<meta name=\"twitter:label2\" content=\"Tempo di lettura stimato\" \/>\n\t<meta name=\"twitter:data2\" content=\"3 minuti\" \/>\n<script type=\"application\/ld+json\" class=\"yoast-schema-graph\">{\"@context\":\"https:\/\/schema.org\",\"@graph\":[{\"@type\":\"Article\",\"@id\":\"https:\/\/www.pressenza.com\/it\/2019\/03\/europee-astensione-e-se-si-ritornasse-allobbligo-di-votare\/#article\",\"isPartOf\":{\"@id\":\"https:\/\/www.pressenza.com\/it\/2019\/03\/europee-astensione-e-se-si-ritornasse-allobbligo-di-votare\/\"},\"author\":{\"name\":\"Natale Salvo\",\"@id\":\"https:\/\/www.pressenza.com\/it\/#\/schema\/person\/dfdba7d9ea928e4a93ced607c353757c\"},\"headline\":\"Europee, astensione: E se si ritornasse all\u2019obbligo di votare?\",\"datePublished\":\"2019-03-10T18:57:21+00:00\",\"dateModified\":\"2019-03-10T19:52:37+00:00\",\"mainEntityOfPage\":{\"@id\":\"https:\/\/www.pressenza.com\/it\/2019\/03\/europee-astensione-e-se-si-ritornasse-allobbligo-di-votare\/\"},\"wordCount\":584,\"publisher\":{\"@id\":\"https:\/\/www.pressenza.com\/it\/#organization\"},\"image\":{\"@id\":\"https:\/\/www.pressenza.com\/it\/2019\/03\/europee-astensione-e-se-si-ritornasse-allobbligo-di-votare\/#primaryimage\"},\"thumbnailUrl\":\"https:\/\/www.pressenza.com\/wp-content\/uploads\/2019\/03\/elezioni-europee-2019.jpg\",\"keywords\":[\"Costituzione\",\"elezioni\",\"elezioni europee\"],\"articleSection\":[\"contenuti originali\",\"Diritti Umani\",\"Politica\"],\"inLanguage\":\"it-IT\"},{\"@type\":\"WebPage\",\"@id\":\"https:\/\/www.pressenza.com\/it\/2019\/03\/europee-astensione-e-se-si-ritornasse-allobbligo-di-votare\/\",\"url\":\"https:\/\/www.pressenza.com\/it\/2019\/03\/europee-astensione-e-se-si-ritornasse-allobbligo-di-votare\/\",\"name\":\"Europee, astensione: E se si ritornasse all\u2019obbligo di votare?\",\"isPartOf\":{\"@id\":\"https:\/\/www.pressenza.com\/it\/#website\"},\"primaryImageOfPage\":{\"@id\":\"https:\/\/www.pressenza.com\/it\/2019\/03\/europee-astensione-e-se-si-ritornasse-allobbligo-di-votare\/#primaryimage\"},\"image\":{\"@id\":\"https:\/\/www.pressenza.com\/it\/2019\/03\/europee-astensione-e-se-si-ritornasse-allobbligo-di-votare\/#primaryimage\"},\"thumbnailUrl\":\"https:\/\/www.pressenza.com\/wp-content\/uploads\/2019\/03\/elezioni-europee-2019.jpg\",\"datePublished\":\"2019-03-10T18:57:21+00:00\",\"dateModified\":\"2019-03-10T19:52:37+00:00\",\"description\":\"In Francia si dibatte di obbligo di votare per i cittadini, come esiste gi\u00e0 in Belgio, per battere l'astensione. E in Italia?\",\"breadcrumb\":{\"@id\":\"https:\/\/www.pressenza.com\/it\/2019\/03\/europee-astensione-e-se-si-ritornasse-allobbligo-di-votare\/#breadcrumb\"},\"inLanguage\":\"it-IT\",\"potentialAction\":[{\"@type\":\"ReadAction\",\"target\":[\"https:\/\/www.pressenza.com\/it\/2019\/03\/europee-astensione-e-se-si-ritornasse-allobbligo-di-votare\/\"]}]},{\"@type\":\"ImageObject\",\"inLanguage\":\"it-IT\",\"@id\":\"https:\/\/www.pressenza.com\/it\/2019\/03\/europee-astensione-e-se-si-ritornasse-allobbligo-di-votare\/#primaryimage\",\"url\":\"https:\/\/www.pressenza.com\/wp-content\/uploads\/2019\/03\/elezioni-europee-2019.jpg\",\"contentUrl\":\"https:\/\/www.pressenza.com\/wp-content\/uploads\/2019\/03\/elezioni-europee-2019.jpg\",\"width\":795,\"height\":546,\"caption\":\"elezioni-europee-2019\"},{\"@type\":\"BreadcrumbList\",\"@id\":\"https:\/\/www.pressenza.com\/it\/2019\/03\/europee-astensione-e-se-si-ritornasse-allobbligo-di-votare\/#breadcrumb\",\"itemListElement\":[{\"@type\":\"ListItem\",\"position\":1,\"name\":\"Accueil\",\"item\":\"https:\/\/www.pressenza.com\/it\/\"},{\"@type\":\"ListItem\",\"position\":2,\"name\":\"Europee, astensione: E se si ritornasse all\u2019obbligo di votare?\"}]},{\"@type\":\"WebSite\",\"@id\":\"https:\/\/www.pressenza.com\/it\/#website\",\"url\":\"https:\/\/www.pressenza.com\/it\/\",\"name\":\"Pressenza\",\"description\":\"Agenzia di Stampa Internazionale\",\"publisher\":{\"@id\":\"https:\/\/www.pressenza.com\/it\/#organization\"},\"potentialAction\":[{\"@type\":\"SearchAction\",\"target\":{\"@type\":\"EntryPoint\",\"urlTemplate\":\"https:\/\/www.pressenza.com\/it\/?s={search_term_string}\"},\"query-input\":{\"@type\":\"PropertyValueSpecification\",\"valueRequired\":true,\"valueName\":\"search_term_string\"}}],\"inLanguage\":\"it-IT\"},{\"@type\":\"Organization\",\"@id\":\"https:\/\/www.pressenza.com\/it\/#organization\",\"name\":\"Pressenza\",\"url\":\"https:\/\/www.pressenza.com\/it\/\",\"logo\":{\"@type\":\"ImageObject\",\"inLanguage\":\"it-IT\",\"@id\":\"https:\/\/www.pressenza.com\/it\/#\/schema\/logo\/image\/\",\"url\":\"https:\/\/www.pressenza.com\/wp-content\/uploads\/2022\/10\/pressenza_logo_200x200.jpg\",\"contentUrl\":\"https:\/\/www.pressenza.com\/wp-content\/uploads\/2022\/10\/pressenza_logo_200x200.jpg\",\"width\":200,\"height\":200,\"caption\":\"Pressenza\"},\"image\":{\"@id\":\"https:\/\/www.pressenza.com\/it\/#\/schema\/logo\/image\/\"},\"sameAs\":[\"https:\/\/www.facebook.com\/PressenzaItalia\",\"https:\/\/x.com\/PressenzaIPA\"]},{\"@type\":\"Person\",\"@id\":\"https:\/\/www.pressenza.com\/it\/#\/schema\/person\/dfdba7d9ea928e4a93ced607c353757c\",\"name\":\"Natale Salvo\",\"description\":\"Nato e cresciuto nella terra del \u201cGattopardo\u201d, la Sicilia. Ha dedicato la propria esistenza all'impegno sociale. Allenatore di una squadretta di calcio di periferia, presidente del circolo di Legambiente, candidato sindaco per il Partito Umanista. Infine blogger d\u2019inchiesta; ha pagato le sue denunce di cattiva amministrazione con una persecuzione per via giudiziaria. E' autore del libro \\\"La rivoluzione copernicana chiamata Reddito di Base\\\", edito da Multimage, Firenze.\",\"url\":\"https:\/\/www.pressenza.com\/it\/author\/natale-salvo\/\"}]}<\/script>\n<!-- \/ Yoast SEO plugin. -->","yoast_head_json":{"title":"Europee, astensione: E se si ritornasse all\u2019obbligo di votare?","description":"In Francia si dibatte di obbligo di votare per i cittadini, come esiste gi\u00e0 in Belgio, per battere l'astensione. E in Italia?","robots":{"index":"index","follow":"follow","max-snippet":"max-snippet:-1","max-image-preview":"max-image-preview:large","max-video-preview":"max-video-preview:-1"},"canonical":"https:\/\/www.pressenza.com\/it\/2019\/03\/europee-astensione-e-se-si-ritornasse-allobbligo-di-votare\/","og_locale":"it_IT","og_type":"article","og_title":"Europee, astensione: E se si ritornasse all\u2019obbligo di votare?","og_description":"In Francia si dibatte di obbligo di votare per i cittadini, come esiste gi\u00e0 in Belgio, per battere l'astensione. E in Italia?","og_url":"https:\/\/www.pressenza.com\/it\/2019\/03\/europee-astensione-e-se-si-ritornasse-allobbligo-di-votare\/","og_site_name":"Pressenza","article_publisher":"https:\/\/www.facebook.com\/PressenzaItalia","article_published_time":"2019-03-10T18:57:21+00:00","article_modified_time":"2019-03-10T19:52:37+00:00","og_image":[{"width":795,"height":546,"url":"https:\/\/www.pressenza.com\/wp-content\/uploads\/2019\/03\/elezioni-europee-2019.jpg","type":"image\/jpeg"}],"author":"Natale Salvo","twitter_card":"summary_large_image","twitter_creator":"@PressenzaIPA","twitter_site":"@PressenzaIPA","twitter_misc":{"Scritto da":"Natale Salvo","Tempo di lettura stimato":"3 minuti"},"schema":{"@context":"https:\/\/schema.org","@graph":[{"@type":"Article","@id":"https:\/\/www.pressenza.com\/it\/2019\/03\/europee-astensione-e-se-si-ritornasse-allobbligo-di-votare\/#article","isPartOf":{"@id":"https:\/\/www.pressenza.com\/it\/2019\/03\/europee-astensione-e-se-si-ritornasse-allobbligo-di-votare\/"},"author":{"name":"Natale Salvo","@id":"https:\/\/www.pressenza.com\/it\/#\/schema\/person\/dfdba7d9ea928e4a93ced607c353757c"},"headline":"Europee, astensione: E se si ritornasse all\u2019obbligo di votare?","datePublished":"2019-03-10T18:57:21+00:00","dateModified":"2019-03-10T19:52:37+00:00","mainEntityOfPage":{"@id":"https:\/\/www.pressenza.com\/it\/2019\/03\/europee-astensione-e-se-si-ritornasse-allobbligo-di-votare\/"},"wordCount":584,"publisher":{"@id":"https:\/\/www.pressenza.com\/it\/#organization"},"image":{"@id":"https:\/\/www.pressenza.com\/it\/2019\/03\/europee-astensione-e-se-si-ritornasse-allobbligo-di-votare\/#primaryimage"},"thumbnailUrl":"https:\/\/www.pressenza.com\/wp-content\/uploads\/2019\/03\/elezioni-europee-2019.jpg","keywords":["Costituzione","elezioni","elezioni europee"],"articleSection":["contenuti originali","Diritti Umani","Politica"],"inLanguage":"it-IT"},{"@type":"WebPage","@id":"https:\/\/www.pressenza.com\/it\/2019\/03\/europee-astensione-e-se-si-ritornasse-allobbligo-di-votare\/","url":"https:\/\/www.pressenza.com\/it\/2019\/03\/europee-astensione-e-se-si-ritornasse-allobbligo-di-votare\/","name":"Europee, astensione: E se si ritornasse all\u2019obbligo di votare?","isPartOf":{"@id":"https:\/\/www.pressenza.com\/it\/#website"},"primaryImageOfPage":{"@id":"https:\/\/www.pressenza.com\/it\/2019\/03\/europee-astensione-e-se-si-ritornasse-allobbligo-di-votare\/#primaryimage"},"image":{"@id":"https:\/\/www.pressenza.com\/it\/2019\/03\/europee-astensione-e-se-si-ritornasse-allobbligo-di-votare\/#primaryimage"},"thumbnailUrl":"https:\/\/www.pressenza.com\/wp-content\/uploads\/2019\/03\/elezioni-europee-2019.jpg","datePublished":"2019-03-10T18:57:21+00:00","dateModified":"2019-03-10T19:52:37+00:00","description":"In Francia si dibatte di obbligo di votare per i cittadini, come esiste gi\u00e0 in Belgio, per battere l'astensione. E in Italia?","breadcrumb":{"@id":"https:\/\/www.pressenza.com\/it\/2019\/03\/europee-astensione-e-se-si-ritornasse-allobbligo-di-votare\/#breadcrumb"},"inLanguage":"it-IT","potentialAction":[{"@type":"ReadAction","target":["https:\/\/www.pressenza.com\/it\/2019\/03\/europee-astensione-e-se-si-ritornasse-allobbligo-di-votare\/"]}]},{"@type":"ImageObject","inLanguage":"it-IT","@id":"https:\/\/www.pressenza.com\/it\/2019\/03\/europee-astensione-e-se-si-ritornasse-allobbligo-di-votare\/#primaryimage","url":"https:\/\/www.pressenza.com\/wp-content\/uploads\/2019\/03\/elezioni-europee-2019.jpg","contentUrl":"https:\/\/www.pressenza.com\/wp-content\/uploads\/2019\/03\/elezioni-europee-2019.jpg","width":795,"height":546,"caption":"elezioni-europee-2019"},{"@type":"BreadcrumbList","@id":"https:\/\/www.pressenza.com\/it\/2019\/03\/europee-astensione-e-se-si-ritornasse-allobbligo-di-votare\/#breadcrumb","itemListElement":[{"@type":"ListItem","position":1,"name":"Accueil","item":"https:\/\/www.pressenza.com\/it\/"},{"@type":"ListItem","position":2,"name":"Europee, astensione: E se si ritornasse all\u2019obbligo di votare?"}]},{"@type":"WebSite","@id":"https:\/\/www.pressenza.com\/it\/#website","url":"https:\/\/www.pressenza.com\/it\/","name":"Pressenza","description":"Agenzia di Stampa Internazionale","publisher":{"@id":"https:\/\/www.pressenza.com\/it\/#organization"},"potentialAction":[{"@type":"SearchAction","target":{"@type":"EntryPoint","urlTemplate":"https:\/\/www.pressenza.com\/it\/?s={search_term_string}"},"query-input":{"@type":"PropertyValueSpecification","valueRequired":true,"valueName":"search_term_string"}}],"inLanguage":"it-IT"},{"@type":"Organization","@id":"https:\/\/www.pressenza.com\/it\/#organization","name":"Pressenza","url":"https:\/\/www.pressenza.com\/it\/","logo":{"@type":"ImageObject","inLanguage":"it-IT","@id":"https:\/\/www.pressenza.com\/it\/#\/schema\/logo\/image\/","url":"https:\/\/www.pressenza.com\/wp-content\/uploads\/2022\/10\/pressenza_logo_200x200.jpg","contentUrl":"https:\/\/www.pressenza.com\/wp-content\/uploads\/2022\/10\/pressenza_logo_200x200.jpg","width":200,"height":200,"caption":"Pressenza"},"image":{"@id":"https:\/\/www.pressenza.com\/it\/#\/schema\/logo\/image\/"},"sameAs":["https:\/\/www.facebook.com\/PressenzaItalia","https:\/\/x.com\/PressenzaIPA"]},{"@type":"Person","@id":"https:\/\/www.pressenza.com\/it\/#\/schema\/person\/dfdba7d9ea928e4a93ced607c353757c","name":"Natale Salvo","description":"Nato e cresciuto nella terra del \u201cGattopardo\u201d, la Sicilia. Ha dedicato la propria esistenza all'impegno sociale. Allenatore di una squadretta di calcio di periferia, presidente del circolo di Legambiente, candidato sindaco per il Partito Umanista. Infine blogger d\u2019inchiesta; ha pagato le sue denunce di cattiva amministrazione con una persecuzione per via giudiziaria. E' autore del libro \"La rivoluzione copernicana chiamata Reddito di Base\", edito da Multimage, Firenze.","url":"https:\/\/www.pressenza.com\/it\/author\/natale-salvo\/"}]}},"place":"","original_article_url":"","_links":{"self":[{"href":"https:\/\/www.pressenza.com\/it\/wp-json\/wp\/v2\/posts\/820588","targetHints":{"allow":["GET"]}}],"collection":[{"href":"https:\/\/www.pressenza.com\/it\/wp-json\/wp\/v2\/posts"}],"about":[{"href":"https:\/\/www.pressenza.com\/it\/wp-json\/wp\/v2\/types\/post"}],"author":[{"embeddable":true,"href":"https:\/\/www.pressenza.com\/it\/wp-json\/wp\/v2\/users\/1284"}],"replies":[{"embeddable":true,"href":"https:\/\/www.pressenza.com\/it\/wp-json\/wp\/v2\/comments?post=820588"}],"version-history":[{"count":0,"href":"https:\/\/www.pressenza.com\/it\/wp-json\/wp\/v2\/posts\/820588\/revisions"}],"wp:featuredmedia":[{"embeddable":true,"href":"https:\/\/www.pressenza.com\/it\/wp-json\/wp\/v2\/media\/820592"}],"wp:attachment":[{"href":"https:\/\/www.pressenza.com\/it\/wp-json\/wp\/v2\/media?parent=820588"}],"wp:term":[{"taxonomy":"category","embeddable":true,"href":"https:\/\/www.pressenza.com\/it\/wp-json\/wp\/v2\/categories?post=820588"},{"taxonomy":"post_tag","embeddable":true,"href":"https:\/\/www.pressenza.com\/it\/wp-json\/wp\/v2\/tags?post=820588"}],"curies":[{"name":"wp","href":"https:\/\/api.w.org\/{rel}","templated":true}]}}