{"id":817147,"date":"2019-03-06T11:47:10","date_gmt":"2019-03-06T11:47:10","guid":{"rendered":"https:\/\/www.pressenza.com\/?p=817147"},"modified":"2019-03-06T11:47:10","modified_gmt":"2019-03-06T11:47:10","slug":"nel-2050-un-bambino-su-13-nel-mondo-sara-nigeriano","status":"publish","type":"post","link":"https:\/\/www.pressenza.com\/it\/2019\/03\/nel-2050-un-bambino-su-13-nel-mondo-sara-nigeriano\/","title":{"rendered":"Nel 2050 un bambino su 13 nel mondo sar\u00e0 nigeriano"},"content":{"rendered":"<p><em>La pressione dell\u2019Africa sul mondo ricco sar\u00e0 enorme. E quando si evocano emergenze migratorie si dovrebbe guardare a quei numeri, gli attuali sono niente a confronto. Nel 2050 il pianeta sar\u00e0 abitato da circa 10 miliardi di persone, l\u2019Africa da 2,5 miliardi.<\/em><\/p>\n<p>Nel 2050 un bambino su 13 nel mondo sar\u00e0 nigeriano, un abitante su quattro sar\u00e0 africano, mentre l\u2019Europa\u00a0subir\u00e0\u00a0una decrescita demografica di 30 milioni rispetto al 2017. Numeri da capogiro. Sono stime formulate da vari istituti e enti: dalla fondazione Bill\u00a0Gates\u00a0all\u2019Unicef. Sono stime, semplici numeri che, tuttavia, dipingono un quadro al quale la politica dovrebbe guardare con attenzione. Una politica con il fiato lungo e non corto come quella che si \u00e8 impadronita della scena pubblica.<\/p>\n<p>La pressione dell\u2019Africa sul mondo ricco sar\u00e0 enorme. E quando si evocano emergenze migratorie si dovrebbe guardare a quei numeri, gli attuali sono niente a confronto. Nel 2050 il pianeta sar\u00e0 abitato da circa 10 miliardi di persone, l\u2019Africa da 2,5 miliardi. I bambini e i giovani sotto i 18 anni nel 2030, nel continente africano, toccheranno i 750 milioni e nel 2050 i bambini raggiungeranno il miliardo. Se guardiamo agli standard minimi internazionali nel settore sanitario e per raggiungere le migliori pratiche in campo scolastico a causa della rapida crescita della popolazione, l\u2019Africa entro il 2030 dovr\u00e0 avere altri 5,6 milioni di nuovi operatori sanitari e 5,8 milioni di nuovi insegnanti. Il 2050 non \u00e8 poi\u00a0cos\u00ec lontano, solo 30 anni.<\/p>\n<p>Se non verranno messe in campo politiche adeguate sia da parte dell\u2019Africa sia da parte del mondo occidentale, l\u2019Africa \u00e8 destinata a sprofondare, oppure a trasferirsi altrove, ma il mondo \u00e8 piccolo. Ad oggi non si vedono politiche adeguate che facciano pensare a un mutamento di rotta. Anzi. Prosegue da parte del mondo occidentale l\u2019accaparramento delle risorse africane senza significative ripercussioni sulla popolazione. Crescono i\u00a0Pil\u00a0di molti paesi, spesso a due cifre, ma non cresce l\u2019Indice di sviluppo umano (Isu).<\/p>\n<p>L\u2019Isu\u00a0\u00e8 calcolato in base a quattro fattori: aspettativa di vita; anni medi di istruzione; anni previsti di istruzioni; reddito nazionale lordo pro capite. La scala dell\u2019indice \u00e8 calcolata in millesimi (decrescente da 1 a 0). Il valore teorico massimo dell\u2019indice \u00e8 1 e ci\u00f2 significa che si sono raggiunti questi obiettivi: speranza di vita 85 anni, accesso all\u2019istruzione per tutti e livello decente di reddito. Ebbene sono 49 i paesi africani, su 54, con un\u00a0Isu\u00a0inferiore alla media mondiale, nessun paese gode di un\u00a0Isu\u00a0\u201cmolto elevato\u201d. I paesi classificati sono 188 e gli ultimi 19 posti sono occupati da Stati africani. Solo per fare un esempio. La Repubblica democratica del Congo, il paese pi\u00f9 ricco dell\u2019Africa in termini di materie prime, ha un\u00a0Isu\u00a0pari a 0,435 con un\u00a0Pil\u00a0pro capite di 680 dollari. L\u2019Algeria ha un\u00a0Isu\u00a0di 0,745 con oltre 13 mila dollari di\u00a0Pil\u00a0pro capite.<\/p>\n<p>Anche la terra, intesa come risorsa per il sostentamento delle popolazioni, \u00e8 messa a rischio. La sicurezza alimentare non \u00e8 garantita, anche in prospettiva. La Banca africana di sviluppo stima che le importazioni alimentari, oggi raggiungono i 35 miliardi all\u2019anno, nel 2025 raggiungeranno i 110 miliardi. Cos\u00ec l\u2019Africa non pu\u00f2 andare avanti.<\/p>\n<p>I paesi dove la crescita demografica sar\u00e0 un vero boom sono anche quegli Stati dove vivr\u00e0 la pi\u00f9 alta percentuale di poveri al mondo, circa il 40%. Si tratta della Nigeria dove la popolazione nel 2050 \u00e8 stimata in 429 milioni di persone, di cui 152 sotto la soglia di povert\u00e0, e la Repubblica democratica del Congo il cui territorio ospiter\u00e0 circa 171 milioni di persone, con i poveri stimati in 70 milioni.<\/p>\n<p>Nel 2017 i giovani tra i 0 e i 24 anni erano circa 628 milioni, entro il 2050 saranno 945 milioni. Giovani senza alcuna prospettiva di futuro, stante ci\u00f2 che il mondo sviluppato sta facendo per loro, cio\u00e8 la retorica stucchevole di aiutiamoli a casa loro. Se prendiamo per buoni tutti questi numeri, e non c\u2019\u00e8 ragione per non farlo, tra 10 o 20 anni la pressione sull\u2019Europa diventer\u00e0 una vera e propria emergenza, niente a che vedere con la paura e l\u2019insicurezza percepita oggi, con flussi migratori imponenti. E nulla potranno fare le politiche dei porti chiusi o l\u2019innalzamento di muri che verrebbero sbriciolati alla prima spinta. \u201cQuesto cambiamento demografico\u201d, come evidenzia un recente rapporto delle Nazioni Unite, \u201cpu\u00f2 essere la pi\u00f9 grande minaccia o la pi\u00f9 grande opportunit\u00e0 per l\u2019Africa e per il mondo, in base a chiare azioni dei leader, o alla mancanza di esse\u201d.<\/p>\n<p><a href=\"https:\/\/www.agi.it\/blog-italia\/africa\">https:\/\/www.agi.it\/blog-italia\/africa<\/a><\/p>\n<p>&nbsp;<\/p>\n","protected":false},"excerpt":{"rendered":"<p>La pressione dell\u2019Africa sul mondo ricco sar\u00e0 enorme. E quando si evocano emergenze migratorie si dovrebbe guardare a quei numeri, gli attuali sono niente a confronto. Nel 2050 il pianeta sar\u00e0 abitato da circa 10 miliardi di persone, l\u2019Africa da&hellip;<\/p>\n","protected":false},"author":1588,"featured_media":817148,"comment_status":"closed","ping_status":"closed","sticky":false,"template":"","format":"standard","meta":{"footnotes":""},"categories":[45,47,46975,54572,162],"tags":[1692,40143,5439,27042,1549],"class_list":["post-817147","post","type-post","status-publish","format-standard","has-post-thumbnail","hentry","category-africa-it","category-europa","category-giovani","category-migranti","category-opinioni","tag-crescita-demografica","tag-materie-prime","tag-migrazioni","tag-paesi-africani","tag-poverta"],"yoast_head":"<!-- This site is optimized with the Yoast SEO plugin v27.1.1 - https:\/\/yoast.com\/product\/yoast-seo-wordpress\/ -->\n<title>Nel 2050 un bambino su 13 nel mondo sar\u00e0 nigeriano<\/title>\n<meta name=\"description\" content=\"Nel 2050 un abitante su quattro sar\u00e0 africano, mentre l\u2019Europa\u00a0subir\u00e0\u00a0una decrescita demografica di 30 milioni rispetto al 2017.\" \/>\n<meta name=\"robots\" content=\"index, follow, max-snippet:-1, max-image-preview:large, max-video-preview:-1\" \/>\n<link rel=\"canonical\" href=\"https:\/\/www.pressenza.com\/it\/2019\/03\/nel-2050-un-bambino-su-13-nel-mondo-sara-nigeriano\/\" \/>\n<meta property=\"og:locale\" content=\"it_IT\" \/>\n<meta property=\"og:type\" content=\"article\" \/>\n<meta property=\"og:title\" content=\"Nel 2050 un bambino su 13 nel mondo sar\u00e0 nigeriano\" \/>\n<meta property=\"og:description\" content=\"Nel 2050 un abitante su quattro sar\u00e0 africano, mentre l\u2019Europa\u00a0subir\u00e0\u00a0una decrescita demografica di 30 milioni rispetto al 2017.\" \/>\n<meta property=\"og:url\" content=\"https:\/\/www.pressenza.com\/it\/2019\/03\/nel-2050-un-bambino-su-13-nel-mondo-sara-nigeriano\/\" \/>\n<meta property=\"og:site_name\" content=\"Pressenza\" \/>\n<meta property=\"article:publisher\" content=\"https:\/\/www.facebook.com\/PressenzaItalia\" \/>\n<meta property=\"article:published_time\" content=\"2019-03-06T11:47:10+00:00\" \/>\n<meta property=\"og:image\" content=\"https:\/\/www.pressenza.com\/wp-content\/uploads\/2019\/03\/bambini-africani.jpg\" \/>\n\t<meta property=\"og:image:width\" content=\"1280\" \/>\n\t<meta property=\"og:image:height\" content=\"850\" \/>\n\t<meta property=\"og:image:type\" content=\"image\/jpeg\" \/>\n<meta name=\"author\" content=\"Angelo Ferrari\" \/>\n<meta name=\"twitter:card\" content=\"summary_large_image\" \/>\n<meta name=\"twitter:creator\" content=\"@PressenzaIPA\" \/>\n<meta name=\"twitter:site\" content=\"@PressenzaIPA\" \/>\n<meta name=\"twitter:label1\" content=\"Scritto da\" \/>\n\t<meta name=\"twitter:data1\" content=\"Angelo Ferrari\" \/>\n\t<meta name=\"twitter:label2\" content=\"Tempo di lettura stimato\" \/>\n\t<meta name=\"twitter:data2\" content=\"4 minuti\" \/>\n<script type=\"application\/ld+json\" class=\"yoast-schema-graph\">{\"@context\":\"https:\/\/schema.org\",\"@graph\":[{\"@type\":\"Article\",\"@id\":\"https:\/\/www.pressenza.com\/it\/2019\/03\/nel-2050-un-bambino-su-13-nel-mondo-sara-nigeriano\/#article\",\"isPartOf\":{\"@id\":\"https:\/\/www.pressenza.com\/it\/2019\/03\/nel-2050-un-bambino-su-13-nel-mondo-sara-nigeriano\/\"},\"author\":{\"name\":\"Angelo Ferrari\",\"@id\":\"https:\/\/www.pressenza.com\/it\/#\/schema\/person\/cdd97c5d0948d61da77ffa0de119c7e3\"},\"headline\":\"Nel 2050 un bambino su 13 nel mondo sar\u00e0 nigeriano\",\"datePublished\":\"2019-03-06T11:47:10+00:00\",\"mainEntityOfPage\":{\"@id\":\"https:\/\/www.pressenza.com\/it\/2019\/03\/nel-2050-un-bambino-su-13-nel-mondo-sara-nigeriano\/\"},\"wordCount\":730,\"publisher\":{\"@id\":\"https:\/\/www.pressenza.com\/it\/#organization\"},\"image\":{\"@id\":\"https:\/\/www.pressenza.com\/it\/2019\/03\/nel-2050-un-bambino-su-13-nel-mondo-sara-nigeriano\/#primaryimage\"},\"thumbnailUrl\":\"https:\/\/www.pressenza.com\/wp-content\/uploads\/2019\/03\/bambini-africani-e1742029522359.jpg\",\"keywords\":[\"crescita demografica\",\"materie prime\",\"migrazioni\",\"paesi africani\",\"povert\u00e0\"],\"articleSection\":[\"Africa\",\"Europa\",\"Giovani\",\"Migranti\",\"Opinioni\"],\"inLanguage\":\"it-IT\"},{\"@type\":\"WebPage\",\"@id\":\"https:\/\/www.pressenza.com\/it\/2019\/03\/nel-2050-un-bambino-su-13-nel-mondo-sara-nigeriano\/\",\"url\":\"https:\/\/www.pressenza.com\/it\/2019\/03\/nel-2050-un-bambino-su-13-nel-mondo-sara-nigeriano\/\",\"name\":\"Nel 2050 un bambino su 13 nel mondo sar\u00e0 nigeriano\",\"isPartOf\":{\"@id\":\"https:\/\/www.pressenza.com\/it\/#website\"},\"primaryImageOfPage\":{\"@id\":\"https:\/\/www.pressenza.com\/it\/2019\/03\/nel-2050-un-bambino-su-13-nel-mondo-sara-nigeriano\/#primaryimage\"},\"image\":{\"@id\":\"https:\/\/www.pressenza.com\/it\/2019\/03\/nel-2050-un-bambino-su-13-nel-mondo-sara-nigeriano\/#primaryimage\"},\"thumbnailUrl\":\"https:\/\/www.pressenza.com\/wp-content\/uploads\/2019\/03\/bambini-africani-e1742029522359.jpg\",\"datePublished\":\"2019-03-06T11:47:10+00:00\",\"description\":\"Nel 2050 un abitante su quattro sar\u00e0 africano, mentre l\u2019Europa\u00a0subir\u00e0\u00a0una decrescita demografica di 30 milioni rispetto al 2017.\",\"breadcrumb\":{\"@id\":\"https:\/\/www.pressenza.com\/it\/2019\/03\/nel-2050-un-bambino-su-13-nel-mondo-sara-nigeriano\/#breadcrumb\"},\"inLanguage\":\"it-IT\",\"potentialAction\":[{\"@type\":\"ReadAction\",\"target\":[\"https:\/\/www.pressenza.com\/it\/2019\/03\/nel-2050-un-bambino-su-13-nel-mondo-sara-nigeriano\/\"]}]},{\"@type\":\"ImageObject\",\"inLanguage\":\"it-IT\",\"@id\":\"https:\/\/www.pressenza.com\/it\/2019\/03\/nel-2050-un-bambino-su-13-nel-mondo-sara-nigeriano\/#primaryimage\",\"url\":\"https:\/\/www.pressenza.com\/wp-content\/uploads\/2019\/03\/bambini-africani-e1742029522359.jpg\",\"contentUrl\":\"https:\/\/www.pressenza.com\/wp-content\/uploads\/2019\/03\/bambini-africani-e1742029522359.jpg\",\"width\":800,\"height\":531,\"caption\":\"Nel 2050 un bambino su 13 nel mondo sar\u00e0 nigeriano\"},{\"@type\":\"BreadcrumbList\",\"@id\":\"https:\/\/www.pressenza.com\/it\/2019\/03\/nel-2050-un-bambino-su-13-nel-mondo-sara-nigeriano\/#breadcrumb\",\"itemListElement\":[{\"@type\":\"ListItem\",\"position\":1,\"name\":\"Accueil\",\"item\":\"https:\/\/www.pressenza.com\/it\/\"},{\"@type\":\"ListItem\",\"position\":2,\"name\":\"Nel 2050 un bambino su 13 nel mondo sar\u00e0 nigeriano\"}]},{\"@type\":\"WebSite\",\"@id\":\"https:\/\/www.pressenza.com\/it\/#website\",\"url\":\"https:\/\/www.pressenza.com\/it\/\",\"name\":\"Pressenza\",\"description\":\"Agenzia di Stampa Internazionale\",\"publisher\":{\"@id\":\"https:\/\/www.pressenza.com\/it\/#organization\"},\"potentialAction\":[{\"@type\":\"SearchAction\",\"target\":{\"@type\":\"EntryPoint\",\"urlTemplate\":\"https:\/\/www.pressenza.com\/it\/?s={search_term_string}\"},\"query-input\":{\"@type\":\"PropertyValueSpecification\",\"valueRequired\":true,\"valueName\":\"search_term_string\"}}],\"inLanguage\":\"it-IT\"},{\"@type\":\"Organization\",\"@id\":\"https:\/\/www.pressenza.com\/it\/#organization\",\"name\":\"Pressenza\",\"url\":\"https:\/\/www.pressenza.com\/it\/\",\"logo\":{\"@type\":\"ImageObject\",\"inLanguage\":\"it-IT\",\"@id\":\"https:\/\/www.pressenza.com\/it\/#\/schema\/logo\/image\/\",\"url\":\"https:\/\/www.pressenza.com\/wp-content\/uploads\/2022\/10\/pressenza_logo_200x200.jpg\",\"contentUrl\":\"https:\/\/www.pressenza.com\/wp-content\/uploads\/2022\/10\/pressenza_logo_200x200.jpg\",\"width\":200,\"height\":200,\"caption\":\"Pressenza\"},\"image\":{\"@id\":\"https:\/\/www.pressenza.com\/it\/#\/schema\/logo\/image\/\"},\"sameAs\":[\"https:\/\/www.facebook.com\/PressenzaItalia\",\"https:\/\/x.com\/PressenzaIPA\"]},{\"@type\":\"Person\",\"@id\":\"https:\/\/www.pressenza.com\/it\/#\/schema\/person\/cdd97c5d0948d61da77ffa0de119c7e3\",\"name\":\"Angelo Ferrari\",\"description\":\"Giornalista professionista dell\u2019Agenzia Italia (AGI) dove si occupa del desk Africa. Gi\u00e0 corrispondente dell\u2019Agi dall\u2019Africa centrale, da anni si occupa di problematiche relative all\u2019Africa, dove ha seguito le pi\u00f9 grandi tragedie del continente: dalla guerra del Rwanda a quella della Somalia, i conflitti in Repubblica democratica del Congo e in Sierra Leone. Tra i suoi libri ricordiamo Hakuna Matata, la globalizzazione galoppa mentre l\u2019Africa muore (2002), Africa Gialla, l\u2019invasione economica cinese del continente africano (2008), Le nebbie del Congo (2011) e Il mondo di Jordy, il viaggio di un reporter e un ragazzo di strada nel cuore dell\u2019Africa (2014).\",\"url\":\"https:\/\/www.pressenza.com\/it\/author\/angelo-ferrari\/\"}]}<\/script>\n<!-- \/ Yoast SEO plugin. -->","yoast_head_json":{"title":"Nel 2050 un bambino su 13 nel mondo sar\u00e0 nigeriano","description":"Nel 2050 un abitante su quattro sar\u00e0 africano, mentre l\u2019Europa\u00a0subir\u00e0\u00a0una decrescita demografica di 30 milioni rispetto al 2017.","robots":{"index":"index","follow":"follow","max-snippet":"max-snippet:-1","max-image-preview":"max-image-preview:large","max-video-preview":"max-video-preview:-1"},"canonical":"https:\/\/www.pressenza.com\/it\/2019\/03\/nel-2050-un-bambino-su-13-nel-mondo-sara-nigeriano\/","og_locale":"it_IT","og_type":"article","og_title":"Nel 2050 un bambino su 13 nel mondo sar\u00e0 nigeriano","og_description":"Nel 2050 un abitante su quattro sar\u00e0 africano, mentre l\u2019Europa\u00a0subir\u00e0\u00a0una decrescita demografica di 30 milioni rispetto al 2017.","og_url":"https:\/\/www.pressenza.com\/it\/2019\/03\/nel-2050-un-bambino-su-13-nel-mondo-sara-nigeriano\/","og_site_name":"Pressenza","article_publisher":"https:\/\/www.facebook.com\/PressenzaItalia","article_published_time":"2019-03-06T11:47:10+00:00","og_image":[{"width":1280,"height":850,"url":"https:\/\/www.pressenza.com\/wp-content\/uploads\/2019\/03\/bambini-africani.jpg","type":"image\/jpeg"}],"author":"Angelo Ferrari","twitter_card":"summary_large_image","twitter_creator":"@PressenzaIPA","twitter_site":"@PressenzaIPA","twitter_misc":{"Scritto da":"Angelo Ferrari","Tempo di lettura stimato":"4 minuti"},"schema":{"@context":"https:\/\/schema.org","@graph":[{"@type":"Article","@id":"https:\/\/www.pressenza.com\/it\/2019\/03\/nel-2050-un-bambino-su-13-nel-mondo-sara-nigeriano\/#article","isPartOf":{"@id":"https:\/\/www.pressenza.com\/it\/2019\/03\/nel-2050-un-bambino-su-13-nel-mondo-sara-nigeriano\/"},"author":{"name":"Angelo Ferrari","@id":"https:\/\/www.pressenza.com\/it\/#\/schema\/person\/cdd97c5d0948d61da77ffa0de119c7e3"},"headline":"Nel 2050 un bambino su 13 nel mondo sar\u00e0 nigeriano","datePublished":"2019-03-06T11:47:10+00:00","mainEntityOfPage":{"@id":"https:\/\/www.pressenza.com\/it\/2019\/03\/nel-2050-un-bambino-su-13-nel-mondo-sara-nigeriano\/"},"wordCount":730,"publisher":{"@id":"https:\/\/www.pressenza.com\/it\/#organization"},"image":{"@id":"https:\/\/www.pressenza.com\/it\/2019\/03\/nel-2050-un-bambino-su-13-nel-mondo-sara-nigeriano\/#primaryimage"},"thumbnailUrl":"https:\/\/www.pressenza.com\/wp-content\/uploads\/2019\/03\/bambini-africani-e1742029522359.jpg","keywords":["crescita demografica","materie prime","migrazioni","paesi africani","povert\u00e0"],"articleSection":["Africa","Europa","Giovani","Migranti","Opinioni"],"inLanguage":"it-IT"},{"@type":"WebPage","@id":"https:\/\/www.pressenza.com\/it\/2019\/03\/nel-2050-un-bambino-su-13-nel-mondo-sara-nigeriano\/","url":"https:\/\/www.pressenza.com\/it\/2019\/03\/nel-2050-un-bambino-su-13-nel-mondo-sara-nigeriano\/","name":"Nel 2050 un bambino su 13 nel mondo sar\u00e0 nigeriano","isPartOf":{"@id":"https:\/\/www.pressenza.com\/it\/#website"},"primaryImageOfPage":{"@id":"https:\/\/www.pressenza.com\/it\/2019\/03\/nel-2050-un-bambino-su-13-nel-mondo-sara-nigeriano\/#primaryimage"},"image":{"@id":"https:\/\/www.pressenza.com\/it\/2019\/03\/nel-2050-un-bambino-su-13-nel-mondo-sara-nigeriano\/#primaryimage"},"thumbnailUrl":"https:\/\/www.pressenza.com\/wp-content\/uploads\/2019\/03\/bambini-africani-e1742029522359.jpg","datePublished":"2019-03-06T11:47:10+00:00","description":"Nel 2050 un abitante su quattro sar\u00e0 africano, mentre l\u2019Europa\u00a0subir\u00e0\u00a0una decrescita demografica di 30 milioni rispetto al 2017.","breadcrumb":{"@id":"https:\/\/www.pressenza.com\/it\/2019\/03\/nel-2050-un-bambino-su-13-nel-mondo-sara-nigeriano\/#breadcrumb"},"inLanguage":"it-IT","potentialAction":[{"@type":"ReadAction","target":["https:\/\/www.pressenza.com\/it\/2019\/03\/nel-2050-un-bambino-su-13-nel-mondo-sara-nigeriano\/"]}]},{"@type":"ImageObject","inLanguage":"it-IT","@id":"https:\/\/www.pressenza.com\/it\/2019\/03\/nel-2050-un-bambino-su-13-nel-mondo-sara-nigeriano\/#primaryimage","url":"https:\/\/www.pressenza.com\/wp-content\/uploads\/2019\/03\/bambini-africani-e1742029522359.jpg","contentUrl":"https:\/\/www.pressenza.com\/wp-content\/uploads\/2019\/03\/bambini-africani-e1742029522359.jpg","width":800,"height":531,"caption":"Nel 2050 un bambino su 13 nel mondo sar\u00e0 nigeriano"},{"@type":"BreadcrumbList","@id":"https:\/\/www.pressenza.com\/it\/2019\/03\/nel-2050-un-bambino-su-13-nel-mondo-sara-nigeriano\/#breadcrumb","itemListElement":[{"@type":"ListItem","position":1,"name":"Accueil","item":"https:\/\/www.pressenza.com\/it\/"},{"@type":"ListItem","position":2,"name":"Nel 2050 un bambino su 13 nel mondo sar\u00e0 nigeriano"}]},{"@type":"WebSite","@id":"https:\/\/www.pressenza.com\/it\/#website","url":"https:\/\/www.pressenza.com\/it\/","name":"Pressenza","description":"Agenzia di Stampa Internazionale","publisher":{"@id":"https:\/\/www.pressenza.com\/it\/#organization"},"potentialAction":[{"@type":"SearchAction","target":{"@type":"EntryPoint","urlTemplate":"https:\/\/www.pressenza.com\/it\/?s={search_term_string}"},"query-input":{"@type":"PropertyValueSpecification","valueRequired":true,"valueName":"search_term_string"}}],"inLanguage":"it-IT"},{"@type":"Organization","@id":"https:\/\/www.pressenza.com\/it\/#organization","name":"Pressenza","url":"https:\/\/www.pressenza.com\/it\/","logo":{"@type":"ImageObject","inLanguage":"it-IT","@id":"https:\/\/www.pressenza.com\/it\/#\/schema\/logo\/image\/","url":"https:\/\/www.pressenza.com\/wp-content\/uploads\/2022\/10\/pressenza_logo_200x200.jpg","contentUrl":"https:\/\/www.pressenza.com\/wp-content\/uploads\/2022\/10\/pressenza_logo_200x200.jpg","width":200,"height":200,"caption":"Pressenza"},"image":{"@id":"https:\/\/www.pressenza.com\/it\/#\/schema\/logo\/image\/"},"sameAs":["https:\/\/www.facebook.com\/PressenzaItalia","https:\/\/x.com\/PressenzaIPA"]},{"@type":"Person","@id":"https:\/\/www.pressenza.com\/it\/#\/schema\/person\/cdd97c5d0948d61da77ffa0de119c7e3","name":"Angelo Ferrari","description":"Giornalista professionista dell\u2019Agenzia Italia (AGI) dove si occupa del desk Africa. Gi\u00e0 corrispondente dell\u2019Agi dall\u2019Africa centrale, da anni si occupa di problematiche relative all\u2019Africa, dove ha seguito le pi\u00f9 grandi tragedie del continente: dalla guerra del Rwanda a quella della Somalia, i conflitti in Repubblica democratica del Congo e in Sierra Leone. Tra i suoi libri ricordiamo Hakuna Matata, la globalizzazione galoppa mentre l\u2019Africa muore (2002), Africa Gialla, l\u2019invasione economica cinese del continente africano (2008), Le nebbie del Congo (2011) e Il mondo di Jordy, il viaggio di un reporter e un ragazzo di strada nel cuore dell\u2019Africa (2014).","url":"https:\/\/www.pressenza.com\/it\/author\/angelo-ferrari\/"}]}},"place":"","original_article_url":"","_links":{"self":[{"href":"https:\/\/www.pressenza.com\/it\/wp-json\/wp\/v2\/posts\/817147","targetHints":{"allow":["GET"]}}],"collection":[{"href":"https:\/\/www.pressenza.com\/it\/wp-json\/wp\/v2\/posts"}],"about":[{"href":"https:\/\/www.pressenza.com\/it\/wp-json\/wp\/v2\/types\/post"}],"author":[{"embeddable":true,"href":"https:\/\/www.pressenza.com\/it\/wp-json\/wp\/v2\/users\/1588"}],"replies":[{"embeddable":true,"href":"https:\/\/www.pressenza.com\/it\/wp-json\/wp\/v2\/comments?post=817147"}],"version-history":[{"count":0,"href":"https:\/\/www.pressenza.com\/it\/wp-json\/wp\/v2\/posts\/817147\/revisions"}],"wp:featuredmedia":[{"embeddable":true,"href":"https:\/\/www.pressenza.com\/it\/wp-json\/wp\/v2\/media\/817148"}],"wp:attachment":[{"href":"https:\/\/www.pressenza.com\/it\/wp-json\/wp\/v2\/media?parent=817147"}],"wp:term":[{"taxonomy":"category","embeddable":true,"href":"https:\/\/www.pressenza.com\/it\/wp-json\/wp\/v2\/categories?post=817147"},{"taxonomy":"post_tag","embeddable":true,"href":"https:\/\/www.pressenza.com\/it\/wp-json\/wp\/v2\/tags?post=817147"}],"curies":[{"name":"wp","href":"https:\/\/api.w.org\/{rel}","templated":true}]}}