{"id":816383,"date":"2019-03-04T21:52:43","date_gmt":"2019-03-04T21:52:43","guid":{"rendered":"https:\/\/www.pressenza.com\/?p=816383"},"modified":"2019-03-04T21:52:43","modified_gmt":"2019-03-04T21:52:43","slug":"mimmo-lucano-in-fondo-sono-fortunato-e-non-mi-arrendo","status":"publish","type":"post","link":"https:\/\/www.pressenza.com\/it\/2019\/03\/mimmo-lucano-in-fondo-sono-fortunato-e-non-mi-arrendo\/","title":{"rendered":"Mimmo Lucano: \u201cIn fondo sono fortunato. E non mi arrendo\u201d"},"content":{"rendered":"<p>\u00abIo in fondo sono fortunato. Finir\u00f2 forse sotto processo ma non faccio certo la vita di chi vive nel campo di San Ferdinando. Alex Zanotelli, che di bidonville ne ha viste tante in Africa, dice che da noi \u00e8 peggio\u00bb. Mimmo Lucano risponde in questa maniera a chi lo chiama, stanco forse, ma per niente pronto ad arrendersi.<\/p>\n<p>La sentenza del 27 febbraio della Suprema Corte di Cassazione ha accolto in parte il suo ricorso contro il \u201cdivieto di dimora\u201d. Il Tribunale del Riesame dovr\u00e0 rivedere se ancora esistono motivi che gli impediscono di tornare a casa o se, come molti pensano, questi non hanno mai avuto motivo di essere. Dal punto di vista giuridico un piccolo passo in avanti. Mimmo oggi \u00e8 costretto, per il solo fatto di aver celebrato un matrimonio fra una ragazza nigeriana ed un cittadino di Riace, non solo a non poter svolgere le proprie mansioni di sindaco, ma a vivere ospite e in una sorta di esilio a pochi chilometri da casa, ospitato da amici e compagni, confortato in continuazione da migliaia di dimostrazioni di affetto, ma anche subissato di insulti.<\/p>\n<p>\u00abL\u2019intervista che mi hai fatto l\u2019altro giorno per Left (<a href=\"http:\/\/www.left.it\">www.left.it<\/a>) racconta, ha girato molto in Calabria, \u00e8 stata presa e rilanciata. Molti commenti sono stati di solidariet\u00e0, altri di odio puro. Secondo qualcuno non ero neanche degno di pronunciare il nome del Ministro dell\u2019Interno. E questo perch\u00e9 ho detto che io non mi nascondo. A processo ci vado perch\u00e9 so di non essere colpevole che di accoglienza, mentre lui fugge dalla giustizia grazie al suo governo che avrebbe dovuto cambiare l\u2019Italia in nome dell\u2019onest\u00e0 e della lotta ai privilegi. E mentre c\u2019\u00e8 attesa attorno alla sua vicenda, mentre si attende anche il pronunciamento rispetto alla campagna di chi lo ha candidato al Nobel per la Pace, c\u2019\u00e8 anche chi vorrebbe farlo dimenticare e seppellire attorno ad una vicenda giudiziaria iniziata quando al governo c\u2019era il centro sinistra e accelerata oggi da chi pretende di far finire una esperienza che \u00e8 stata ripresa in mezzo mondo.<\/p>\n<p>Perch\u00e9 a quelli che lo insultano dalle tastiere va detto chiaramente: in 17 mesi di intercettazioni telefoniche e forse anche ambientali non \u00e8 emerso nulla che provi un comportamento illecito, magari aggravato da interessi privati. Mimmo Lucano viveva in una casa normale, che per i suoi accusatori sarebbe da considerare umile, non ha mai intascato 1 euro dai tanti progetti messi in piedi, ha solo lavorato 24 ore al giorno. \u00abE se a San Ferdinando si vive in condizioni di degrado \u2013 racconta \u2013 se l\u00ec lo Stato \u00e8 sparito e non fa valere la propria autorit\u00e0 se non minacciando sgomberi e altri container dopo l\u2019ennesima morte di un ragazzo che tentava di riscaldarsi. Se l\u00ec lo Stato non cerca chi sfrutta le persone, in altri Comuni vicini a Riace si ripropongono gli stessi metodi repressivi. A Gioiosa Jonica Marina solo pochi giorni fa \u00e8 stata restituita agibilit\u00e0 democratica, a due mesi dalle elezioni. La precedente giunta era stata sciolta per \u201cinfiltrazioni mafiose\u201d, praticava l\u2019accoglienza, come noi. C\u2019\u00e8 voluto un ricorso al TAR del Lazio per ribadire che quello \u00e8 un Comune virtuoso da cui prendere esempio e in cui si combatte realmente il potere mafioso. Ma intanto si \u00e8 tentato di annientare questa esperienza\u00bb.<\/p>\n<p>Mimmo Lucano teme non per s\u00e9, ma per quanto sta riavvenendo nella sua terra. Teme il ritorno del potere mafioso, che i ragazzi e le ragazze che stavano trovando un lavoro anche grazie ai progetti di accoglienza e di solidariet\u00e0 che si stavano mettendo in piedi si ritrovino presto disoccupati e ancora una volta costretti ad emigrare. Teme lo svuotamento di zone bellissime di questo paese che potrebbero avere un grande futuro. Ora attende a breve la sentenza che decider\u00e0 intanto del suo destino immediato, sapr\u00e0 se dovr\u00e0 continuare nell\u2019esilio o se potr\u00e0 almeno rientrare nel suo paese. Un processo, se mai ci sar\u00e0, se verr\u00e0 rinviato a giudizio (ancora non si sa e anche questo \u00e8 assurdo), avr\u00e0 tempi lunghi. Ma lui non si arrende e noi con lui.<\/p>\n<p>&nbsp;<\/p>\n","protected":false},"excerpt":{"rendered":"<p>\u00abIo in fondo sono fortunato. Finir\u00f2 forse sotto processo ma non faccio certo la vita di chi vive nel campo di San Ferdinando. Alex Zanotelli, che di bidonville ne ha viste tante in Africa, dice che da noi \u00e8 peggio\u00bb.&hellip;<\/p>\n","protected":false},"author":1583,"featured_media":780042,"comment_status":"closed","ping_status":"closed","sticky":false,"template":"","format":"standard","meta":{"footnotes":""},"categories":[11388,60,47,162],"tags":[7571,48886,3783,29215,1634],"class_list":["post-816383","post","type-post","status-publish","format-standard","has-post-thumbnail","hentry","category-contenuti-originali","category-diritti-umani","category-europa","category-opinioni","tag-accoglienza","tag-mimmo-lucano","tag-processo","tag-riace","tag-solidarieta"],"yoast_head":"<!-- This site is optimized with the Yoast SEO plugin v27.1.1 - https:\/\/yoast.com\/product\/yoast-seo-wordpress\/ -->\n<title>Mimmo Lucano: \u201cIn fondo sono fortunato. E non mi arrendo\u201d<\/title>\n<meta name=\"description\" content=\"\u00abIo in fondo sono fortunato. Finir\u00f2 forse sotto processo ma non faccio certo la vita di chi vive nel campo di San Ferdinando. Alex Zanotelli, che di\" \/>\n<meta name=\"robots\" content=\"index, follow, max-snippet:-1, max-image-preview:large, max-video-preview:-1\" \/>\n<link rel=\"canonical\" href=\"https:\/\/www.pressenza.com\/it\/2019\/03\/mimmo-lucano-in-fondo-sono-fortunato-e-non-mi-arrendo\/\" \/>\n<meta property=\"og:locale\" content=\"it_IT\" \/>\n<meta property=\"og:type\" content=\"article\" \/>\n<meta property=\"og:title\" content=\"Mimmo Lucano: \u201cIn fondo sono fortunato. E non mi arrendo\u201d\" \/>\n<meta property=\"og:description\" content=\"\u00abIo in fondo sono fortunato. Finir\u00f2 forse sotto processo ma non faccio certo la vita di chi vive nel campo di San Ferdinando. Alex Zanotelli, che di\" \/>\n<meta property=\"og:url\" content=\"https:\/\/www.pressenza.com\/it\/2019\/03\/mimmo-lucano-in-fondo-sono-fortunato-e-non-mi-arrendo\/\" \/>\n<meta property=\"og:site_name\" content=\"Pressenza\" \/>\n<meta property=\"article:publisher\" content=\"https:\/\/www.facebook.com\/PressenzaItalia\" \/>\n<meta property=\"article:published_time\" content=\"2019-03-04T21:52:43+00:00\" \/>\n<meta property=\"og:image\" content=\"https:\/\/www.pressenza.com\/wp-content\/uploads\/2018\/12\/mimmo-lucano.jpg\" \/>\n\t<meta property=\"og:image:width\" content=\"960\" \/>\n\t<meta property=\"og:image:height\" content=\"714\" \/>\n\t<meta property=\"og:image:type\" content=\"image\/jpeg\" \/>\n<meta name=\"author\" content=\"Stefano Galieni\" \/>\n<meta name=\"twitter:card\" content=\"summary_large_image\" \/>\n<meta name=\"twitter:creator\" content=\"@PressenzaIPA\" \/>\n<meta name=\"twitter:site\" content=\"@PressenzaIPA\" \/>\n<meta name=\"twitter:label1\" content=\"Scritto da\" \/>\n\t<meta name=\"twitter:data1\" content=\"Stefano Galieni\" \/>\n\t<meta name=\"twitter:label2\" content=\"Tempo di lettura stimato\" \/>\n\t<meta name=\"twitter:data2\" content=\"3 minuti\" \/>\n<script type=\"application\/ld+json\" class=\"yoast-schema-graph\">{\"@context\":\"https:\/\/schema.org\",\"@graph\":[{\"@type\":\"Article\",\"@id\":\"https:\/\/www.pressenza.com\/it\/2019\/03\/mimmo-lucano-in-fondo-sono-fortunato-e-non-mi-arrendo\/#article\",\"isPartOf\":{\"@id\":\"https:\/\/www.pressenza.com\/it\/2019\/03\/mimmo-lucano-in-fondo-sono-fortunato-e-non-mi-arrendo\/\"},\"author\":{\"name\":\"Stefano Galieni\",\"@id\":\"https:\/\/www.pressenza.com\/it\/#\/schema\/person\/ee4c827496e806961ee49729c7cdcae8\"},\"headline\":\"Mimmo Lucano: \u201cIn fondo sono fortunato. E non mi arrendo\u201d\",\"datePublished\":\"2019-03-04T21:52:43+00:00\",\"mainEntityOfPage\":{\"@id\":\"https:\/\/www.pressenza.com\/it\/2019\/03\/mimmo-lucano-in-fondo-sono-fortunato-e-non-mi-arrendo\/\"},\"wordCount\":683,\"publisher\":{\"@id\":\"https:\/\/www.pressenza.com\/it\/#organization\"},\"image\":{\"@id\":\"https:\/\/www.pressenza.com\/it\/2019\/03\/mimmo-lucano-in-fondo-sono-fortunato-e-non-mi-arrendo\/#primaryimage\"},\"thumbnailUrl\":\"https:\/\/www.pressenza.com\/wp-content\/uploads\/2018\/12\/mimmo-lucano.jpg\",\"keywords\":[\"accoglienza\",\"Mimmo Lucano\",\"processo\",\"Riace\",\"solidariet\u00e0\"],\"articleSection\":[\"contenuti originali\",\"Diritti Umani\",\"Europa\",\"Opinioni\"],\"inLanguage\":\"it-IT\"},{\"@type\":\"WebPage\",\"@id\":\"https:\/\/www.pressenza.com\/it\/2019\/03\/mimmo-lucano-in-fondo-sono-fortunato-e-non-mi-arrendo\/\",\"url\":\"https:\/\/www.pressenza.com\/it\/2019\/03\/mimmo-lucano-in-fondo-sono-fortunato-e-non-mi-arrendo\/\",\"name\":\"Mimmo Lucano: \u201cIn fondo sono fortunato. E non mi arrendo\u201d\",\"isPartOf\":{\"@id\":\"https:\/\/www.pressenza.com\/it\/#website\"},\"primaryImageOfPage\":{\"@id\":\"https:\/\/www.pressenza.com\/it\/2019\/03\/mimmo-lucano-in-fondo-sono-fortunato-e-non-mi-arrendo\/#primaryimage\"},\"image\":{\"@id\":\"https:\/\/www.pressenza.com\/it\/2019\/03\/mimmo-lucano-in-fondo-sono-fortunato-e-non-mi-arrendo\/#primaryimage\"},\"thumbnailUrl\":\"https:\/\/www.pressenza.com\/wp-content\/uploads\/2018\/12\/mimmo-lucano.jpg\",\"datePublished\":\"2019-03-04T21:52:43+00:00\",\"description\":\"\u00abIo in fondo sono fortunato. Finir\u00f2 forse sotto processo ma non faccio certo la vita di chi vive nel campo di San Ferdinando. Alex Zanotelli, che di\",\"breadcrumb\":{\"@id\":\"https:\/\/www.pressenza.com\/it\/2019\/03\/mimmo-lucano-in-fondo-sono-fortunato-e-non-mi-arrendo\/#breadcrumb\"},\"inLanguage\":\"it-IT\",\"potentialAction\":[{\"@type\":\"ReadAction\",\"target\":[\"https:\/\/www.pressenza.com\/it\/2019\/03\/mimmo-lucano-in-fondo-sono-fortunato-e-non-mi-arrendo\/\"]}]},{\"@type\":\"ImageObject\",\"inLanguage\":\"it-IT\",\"@id\":\"https:\/\/www.pressenza.com\/it\/2019\/03\/mimmo-lucano-in-fondo-sono-fortunato-e-non-mi-arrendo\/#primaryimage\",\"url\":\"https:\/\/www.pressenza.com\/wp-content\/uploads\/2018\/12\/mimmo-lucano.jpg\",\"contentUrl\":\"https:\/\/www.pressenza.com\/wp-content\/uploads\/2018\/12\/mimmo-lucano.jpg\",\"width\":960,\"height\":714,\"caption\":\"Mimmo Lucano: \u201cIn fondo sono fortunato. E non mi arrendo\u201d\"},{\"@type\":\"BreadcrumbList\",\"@id\":\"https:\/\/www.pressenza.com\/it\/2019\/03\/mimmo-lucano-in-fondo-sono-fortunato-e-non-mi-arrendo\/#breadcrumb\",\"itemListElement\":[{\"@type\":\"ListItem\",\"position\":1,\"name\":\"Accueil\",\"item\":\"https:\/\/www.pressenza.com\/it\/\"},{\"@type\":\"ListItem\",\"position\":2,\"name\":\"Mimmo Lucano: \u201cIn fondo sono fortunato. E non mi arrendo\u201d\"}]},{\"@type\":\"WebSite\",\"@id\":\"https:\/\/www.pressenza.com\/it\/#website\",\"url\":\"https:\/\/www.pressenza.com\/it\/\",\"name\":\"Pressenza\",\"description\":\"Agenzia di Stampa Internazionale\",\"publisher\":{\"@id\":\"https:\/\/www.pressenza.com\/it\/#organization\"},\"potentialAction\":[{\"@type\":\"SearchAction\",\"target\":{\"@type\":\"EntryPoint\",\"urlTemplate\":\"https:\/\/www.pressenza.com\/it\/?s={search_term_string}\"},\"query-input\":{\"@type\":\"PropertyValueSpecification\",\"valueRequired\":true,\"valueName\":\"search_term_string\"}}],\"inLanguage\":\"it-IT\"},{\"@type\":\"Organization\",\"@id\":\"https:\/\/www.pressenza.com\/it\/#organization\",\"name\":\"Pressenza\",\"url\":\"https:\/\/www.pressenza.com\/it\/\",\"logo\":{\"@type\":\"ImageObject\",\"inLanguage\":\"it-IT\",\"@id\":\"https:\/\/www.pressenza.com\/it\/#\/schema\/logo\/image\/\",\"url\":\"https:\/\/www.pressenza.com\/wp-content\/uploads\/2022\/10\/pressenza_logo_200x200.jpg\",\"contentUrl\":\"https:\/\/www.pressenza.com\/wp-content\/uploads\/2022\/10\/pressenza_logo_200x200.jpg\",\"width\":200,\"height\":200,\"caption\":\"Pressenza\"},\"image\":{\"@id\":\"https:\/\/www.pressenza.com\/it\/#\/schema\/logo\/image\/\"},\"sameAs\":[\"https:\/\/www.facebook.com\/PressenzaItalia\",\"https:\/\/x.com\/PressenzaIPA\"]},{\"@type\":\"Person\",\"@id\":\"https:\/\/www.pressenza.com\/it\/#\/schema\/person\/ee4c827496e806961ee49729c7cdcae8\",\"name\":\"Stefano Galieni\",\"url\":\"https:\/\/www.pressenza.com\/it\/author\/stefano-galieni\/\"}]}<\/script>\n<!-- \/ Yoast SEO plugin. -->","yoast_head_json":{"title":"Mimmo Lucano: \u201cIn fondo sono fortunato. E non mi arrendo\u201d","description":"\u00abIo in fondo sono fortunato. Finir\u00f2 forse sotto processo ma non faccio certo la vita di chi vive nel campo di San Ferdinando. Alex Zanotelli, che di","robots":{"index":"index","follow":"follow","max-snippet":"max-snippet:-1","max-image-preview":"max-image-preview:large","max-video-preview":"max-video-preview:-1"},"canonical":"https:\/\/www.pressenza.com\/it\/2019\/03\/mimmo-lucano-in-fondo-sono-fortunato-e-non-mi-arrendo\/","og_locale":"it_IT","og_type":"article","og_title":"Mimmo Lucano: \u201cIn fondo sono fortunato. E non mi arrendo\u201d","og_description":"\u00abIo in fondo sono fortunato. Finir\u00f2 forse sotto processo ma non faccio certo la vita di chi vive nel campo di San Ferdinando. Alex Zanotelli, che di","og_url":"https:\/\/www.pressenza.com\/it\/2019\/03\/mimmo-lucano-in-fondo-sono-fortunato-e-non-mi-arrendo\/","og_site_name":"Pressenza","article_publisher":"https:\/\/www.facebook.com\/PressenzaItalia","article_published_time":"2019-03-04T21:52:43+00:00","og_image":[{"width":960,"height":714,"url":"https:\/\/www.pressenza.com\/wp-content\/uploads\/2018\/12\/mimmo-lucano.jpg","type":"image\/jpeg"}],"author":"Stefano Galieni","twitter_card":"summary_large_image","twitter_creator":"@PressenzaIPA","twitter_site":"@PressenzaIPA","twitter_misc":{"Scritto da":"Stefano Galieni","Tempo di lettura stimato":"3 minuti"},"schema":{"@context":"https:\/\/schema.org","@graph":[{"@type":"Article","@id":"https:\/\/www.pressenza.com\/it\/2019\/03\/mimmo-lucano-in-fondo-sono-fortunato-e-non-mi-arrendo\/#article","isPartOf":{"@id":"https:\/\/www.pressenza.com\/it\/2019\/03\/mimmo-lucano-in-fondo-sono-fortunato-e-non-mi-arrendo\/"},"author":{"name":"Stefano Galieni","@id":"https:\/\/www.pressenza.com\/it\/#\/schema\/person\/ee4c827496e806961ee49729c7cdcae8"},"headline":"Mimmo Lucano: \u201cIn fondo sono fortunato. E non mi arrendo\u201d","datePublished":"2019-03-04T21:52:43+00:00","mainEntityOfPage":{"@id":"https:\/\/www.pressenza.com\/it\/2019\/03\/mimmo-lucano-in-fondo-sono-fortunato-e-non-mi-arrendo\/"},"wordCount":683,"publisher":{"@id":"https:\/\/www.pressenza.com\/it\/#organization"},"image":{"@id":"https:\/\/www.pressenza.com\/it\/2019\/03\/mimmo-lucano-in-fondo-sono-fortunato-e-non-mi-arrendo\/#primaryimage"},"thumbnailUrl":"https:\/\/www.pressenza.com\/wp-content\/uploads\/2018\/12\/mimmo-lucano.jpg","keywords":["accoglienza","Mimmo Lucano","processo","Riace","solidariet\u00e0"],"articleSection":["contenuti originali","Diritti Umani","Europa","Opinioni"],"inLanguage":"it-IT"},{"@type":"WebPage","@id":"https:\/\/www.pressenza.com\/it\/2019\/03\/mimmo-lucano-in-fondo-sono-fortunato-e-non-mi-arrendo\/","url":"https:\/\/www.pressenza.com\/it\/2019\/03\/mimmo-lucano-in-fondo-sono-fortunato-e-non-mi-arrendo\/","name":"Mimmo Lucano: \u201cIn fondo sono fortunato. E non mi arrendo\u201d","isPartOf":{"@id":"https:\/\/www.pressenza.com\/it\/#website"},"primaryImageOfPage":{"@id":"https:\/\/www.pressenza.com\/it\/2019\/03\/mimmo-lucano-in-fondo-sono-fortunato-e-non-mi-arrendo\/#primaryimage"},"image":{"@id":"https:\/\/www.pressenza.com\/it\/2019\/03\/mimmo-lucano-in-fondo-sono-fortunato-e-non-mi-arrendo\/#primaryimage"},"thumbnailUrl":"https:\/\/www.pressenza.com\/wp-content\/uploads\/2018\/12\/mimmo-lucano.jpg","datePublished":"2019-03-04T21:52:43+00:00","description":"\u00abIo in fondo sono fortunato. Finir\u00f2 forse sotto processo ma non faccio certo la vita di chi vive nel campo di San Ferdinando. Alex Zanotelli, che di","breadcrumb":{"@id":"https:\/\/www.pressenza.com\/it\/2019\/03\/mimmo-lucano-in-fondo-sono-fortunato-e-non-mi-arrendo\/#breadcrumb"},"inLanguage":"it-IT","potentialAction":[{"@type":"ReadAction","target":["https:\/\/www.pressenza.com\/it\/2019\/03\/mimmo-lucano-in-fondo-sono-fortunato-e-non-mi-arrendo\/"]}]},{"@type":"ImageObject","inLanguage":"it-IT","@id":"https:\/\/www.pressenza.com\/it\/2019\/03\/mimmo-lucano-in-fondo-sono-fortunato-e-non-mi-arrendo\/#primaryimage","url":"https:\/\/www.pressenza.com\/wp-content\/uploads\/2018\/12\/mimmo-lucano.jpg","contentUrl":"https:\/\/www.pressenza.com\/wp-content\/uploads\/2018\/12\/mimmo-lucano.jpg","width":960,"height":714,"caption":"Mimmo Lucano: \u201cIn fondo sono fortunato. E non mi arrendo\u201d"},{"@type":"BreadcrumbList","@id":"https:\/\/www.pressenza.com\/it\/2019\/03\/mimmo-lucano-in-fondo-sono-fortunato-e-non-mi-arrendo\/#breadcrumb","itemListElement":[{"@type":"ListItem","position":1,"name":"Accueil","item":"https:\/\/www.pressenza.com\/it\/"},{"@type":"ListItem","position":2,"name":"Mimmo Lucano: \u201cIn fondo sono fortunato. E non mi arrendo\u201d"}]},{"@type":"WebSite","@id":"https:\/\/www.pressenza.com\/it\/#website","url":"https:\/\/www.pressenza.com\/it\/","name":"Pressenza","description":"Agenzia di Stampa Internazionale","publisher":{"@id":"https:\/\/www.pressenza.com\/it\/#organization"},"potentialAction":[{"@type":"SearchAction","target":{"@type":"EntryPoint","urlTemplate":"https:\/\/www.pressenza.com\/it\/?s={search_term_string}"},"query-input":{"@type":"PropertyValueSpecification","valueRequired":true,"valueName":"search_term_string"}}],"inLanguage":"it-IT"},{"@type":"Organization","@id":"https:\/\/www.pressenza.com\/it\/#organization","name":"Pressenza","url":"https:\/\/www.pressenza.com\/it\/","logo":{"@type":"ImageObject","inLanguage":"it-IT","@id":"https:\/\/www.pressenza.com\/it\/#\/schema\/logo\/image\/","url":"https:\/\/www.pressenza.com\/wp-content\/uploads\/2022\/10\/pressenza_logo_200x200.jpg","contentUrl":"https:\/\/www.pressenza.com\/wp-content\/uploads\/2022\/10\/pressenza_logo_200x200.jpg","width":200,"height":200,"caption":"Pressenza"},"image":{"@id":"https:\/\/www.pressenza.com\/it\/#\/schema\/logo\/image\/"},"sameAs":["https:\/\/www.facebook.com\/PressenzaItalia","https:\/\/x.com\/PressenzaIPA"]},{"@type":"Person","@id":"https:\/\/www.pressenza.com\/it\/#\/schema\/person\/ee4c827496e806961ee49729c7cdcae8","name":"Stefano Galieni","url":"https:\/\/www.pressenza.com\/it\/author\/stefano-galieni\/"}]}},"place":"","original_article_url":"","_links":{"self":[{"href":"https:\/\/www.pressenza.com\/it\/wp-json\/wp\/v2\/posts\/816383","targetHints":{"allow":["GET"]}}],"collection":[{"href":"https:\/\/www.pressenza.com\/it\/wp-json\/wp\/v2\/posts"}],"about":[{"href":"https:\/\/www.pressenza.com\/it\/wp-json\/wp\/v2\/types\/post"}],"author":[{"embeddable":true,"href":"https:\/\/www.pressenza.com\/it\/wp-json\/wp\/v2\/users\/1583"}],"replies":[{"embeddable":true,"href":"https:\/\/www.pressenza.com\/it\/wp-json\/wp\/v2\/comments?post=816383"}],"version-history":[{"count":0,"href":"https:\/\/www.pressenza.com\/it\/wp-json\/wp\/v2\/posts\/816383\/revisions"}],"wp:featuredmedia":[{"embeddable":true,"href":"https:\/\/www.pressenza.com\/it\/wp-json\/wp\/v2\/media\/780042"}],"wp:attachment":[{"href":"https:\/\/www.pressenza.com\/it\/wp-json\/wp\/v2\/media?parent=816383"}],"wp:term":[{"taxonomy":"category","embeddable":true,"href":"https:\/\/www.pressenza.com\/it\/wp-json\/wp\/v2\/categories?post=816383"},{"taxonomy":"post_tag","embeddable":true,"href":"https:\/\/www.pressenza.com\/it\/wp-json\/wp\/v2\/tags?post=816383"}],"curies":[{"name":"wp","href":"https:\/\/api.w.org\/{rel}","templated":true}]}}