{"id":810006,"date":"2019-02-19T14:52:19","date_gmt":"2019-02-19T14:52:19","guid":{"rendered":"https:\/\/www.pressenza.com\/?p=810006"},"modified":"2019-02-19T14:52:19","modified_gmt":"2019-02-19T14:52:19","slug":"migranti-elly-schlein-lancia-raccolta-fondi-per-finanziare-sea-watch","status":"publish","type":"post","link":"https:\/\/www.pressenza.com\/it\/2019\/02\/migranti-elly-schlein-lancia-raccolta-fondi-per-finanziare-sea-watch\/","title":{"rendered":"Migranti, Elly Schlein lancia raccolta fondi per finanziare Sea Watch"},"content":{"rendered":"<p>\u201cContinua l\u2019assurda guerra alle ONG che in questi anni hanno solo cercato di sopperire al grave vuoto lasciato dalle autorit\u00e0 europee nella ricerca e soccorso nelle acque del Mediterraneo\u201d. \u00c8 partita con questo post dell\u2019europarlamentare Elly Schlein la campagna europea per finanziare la Sea Watch, l\u2019organizzazione senza scopo di lucro che conduce operazioni di ricerca e soccorso nel Mar Mediterraneo. Il crowdfunding sociale vuole rappresentare un porto aperto e sicuro per quelle persone in fuga da guerre, calamit\u00e0, fame: quel porto sicuro e aperto che i paesi europei non stanno ancora fornendo. \u201cI governi europei non solo lasciano affogare le persone, ma ostacolano attivamente coloro che sono disposti ad aiutare \u2013 dichiara Elly Schlein sulla pagina di\u00a0<a href=\"https:\/\/www.gofundme.com\/safeharbour\">GoFundMe<\/a>\u00a0\u2013 Questa politica di morte deve concludersi ora!\u201d<\/p>\n<p>C\u2019\u00e8 il bisogno urgente di una soluzione strutturale per riaffermare i principi di solidariet\u00e0 e di equa ripartizione delle responsabilit\u00e0 in materia di asilo: \u201cI governi europei dovrebbero riaffermare il diritto d\u2019asilo, approvando la riforma del regolamento di Dublino gi\u00e0 votata a larga maggioranza dal Parlamento Europeo \u2013 conclude l\u2019europarlamentare che fa parte del gruppo Socialisti e Democratici. \u201cNel frattempo abbiamo bisogno che Sea Watch e gli altri continuino a salvare vite nel Mediterraneo\u201d.<\/p>\n<p>Tutte le donazioni andranno direttamente a Sea Watch per sostenere le loro operazioni. La campagna di raccolta fondi \u00e8 raggiungibile al link<a href=\"https:\/\/www.gofundme.com\/safeharbour\">\u00a0https:\/\/www.gofundme.com\/safeharbour<\/a><\/p>\n","protected":false},"excerpt":{"rendered":"<p>\u201cContinua l\u2019assurda guerra alle ONG che in questi anni hanno solo cercato di sopperire al grave vuoto lasciato dalle autorit\u00e0 europee nella ricerca e soccorso nelle acque del Mediterraneo\u201d. \u00c8 partita con questo post dell\u2019europarlamentare Elly Schlein la campagna europea&hellip;<\/p>\n","protected":false},"author":1469,"featured_media":715502,"comment_status":"closed","ping_status":"closed","sticky":false,"template":"","format":"standard","meta":{"footnotes":""},"categories":[47,54572],"tags":[41291,798,4154,53493,54115],"class_list":["post-810006","post","type-post","status-publish","format-standard","has-post-thumbnail","hentry","category-europa","category-migranti","tag-elly-schlein","tag-ong","tag-raccolta-fondi","tag-riforma-del-regolamento-di-dublino","tag-sea-watch-it"],"yoast_head":"<!-- This site is optimized with the Yoast SEO plugin v27.1.1 - https:\/\/yoast.com\/product\/yoast-seo-wordpress\/ -->\n<title>Migranti, Elly Schlein lancia raccolta fondi per finanziare Sea Watch<\/title>\n<meta name=\"description\" content=\"\u201cContinua l\u2019assurda guerra alle ONG che in questi anni hanno solo cercato di sopperire al grave vuoto lasciato dalle autorit\u00e0 europee nella ricerca e\" \/>\n<meta name=\"robots\" content=\"index, follow, max-snippet:-1, max-image-preview:large, max-video-preview:-1\" \/>\n<link rel=\"canonical\" href=\"https:\/\/www.pressenza.com\/it\/2019\/02\/migranti-elly-schlein-lancia-raccolta-fondi-per-finanziare-sea-watch\/\" \/>\n<meta property=\"og:locale\" content=\"it_IT\" \/>\n<meta property=\"og:type\" content=\"article\" \/>\n<meta property=\"og:title\" content=\"Migranti, Elly Schlein lancia raccolta fondi per finanziare Sea Watch\" \/>\n<meta property=\"og:description\" content=\"\u201cContinua l\u2019assurda guerra alle ONG che in questi anni hanno solo cercato di sopperire al grave vuoto lasciato dalle autorit\u00e0 europee nella ricerca e\" \/>\n<meta property=\"og:url\" content=\"https:\/\/www.pressenza.com\/it\/2019\/02\/migranti-elly-schlein-lancia-raccolta-fondi-per-finanziare-sea-watch\/\" \/>\n<meta property=\"og:site_name\" content=\"Pressenza\" \/>\n<meta property=\"article:publisher\" content=\"https:\/\/www.facebook.com\/PressenzaItalia\" \/>\n<meta property=\"article:published_time\" content=\"2019-02-19T14:52:19+00:00\" \/>\n<meta property=\"og:image\" content=\"https:\/\/www.pressenza.com\/wp-content\/uploads\/2018\/09\/Elly-Schlein-2.jpg\" \/>\n\t<meta property=\"og:image:width\" content=\"2048\" \/>\n\t<meta property=\"og:image:height\" content=\"1367\" \/>\n\t<meta property=\"og:image:type\" content=\"image\/jpeg\" \/>\n<meta name=\"author\" content=\"Articolo 21\" \/>\n<meta name=\"twitter:card\" content=\"summary_large_image\" \/>\n<meta name=\"twitter:creator\" content=\"@PressenzaIPA\" \/>\n<meta name=\"twitter:site\" content=\"@PressenzaIPA\" \/>\n<meta name=\"twitter:label1\" content=\"Scritto da\" \/>\n\t<meta name=\"twitter:data1\" content=\"Articolo 21\" \/>\n\t<meta name=\"twitter:label2\" content=\"Tempo di lettura stimato\" \/>\n\t<meta name=\"twitter:data2\" content=\"1 minuto\" \/>\n<script type=\"application\/ld+json\" class=\"yoast-schema-graph\">{\"@context\":\"https:\/\/schema.org\",\"@graph\":[{\"@type\":\"Article\",\"@id\":\"https:\/\/www.pressenza.com\/it\/2019\/02\/migranti-elly-schlein-lancia-raccolta-fondi-per-finanziare-sea-watch\/#article\",\"isPartOf\":{\"@id\":\"https:\/\/www.pressenza.com\/it\/2019\/02\/migranti-elly-schlein-lancia-raccolta-fondi-per-finanziare-sea-watch\/\"},\"author\":{\"name\":\"Articolo 21\",\"@id\":\"https:\/\/www.pressenza.com\/it\/#\/schema\/person\/08ea736e2bdeb73186ff26f6bee319d8\"},\"headline\":\"Migranti, Elly Schlein lancia raccolta fondi per finanziare Sea Watch\",\"datePublished\":\"2019-02-19T14:52:19+00:00\",\"mainEntityOfPage\":{\"@id\":\"https:\/\/www.pressenza.com\/it\/2019\/02\/migranti-elly-schlein-lancia-raccolta-fondi-per-finanziare-sea-watch\/\"},\"wordCount\":237,\"publisher\":{\"@id\":\"https:\/\/www.pressenza.com\/it\/#organization\"},\"image\":{\"@id\":\"https:\/\/www.pressenza.com\/it\/2019\/02\/migranti-elly-schlein-lancia-raccolta-fondi-per-finanziare-sea-watch\/#primaryimage\"},\"thumbnailUrl\":\"https:\/\/www.pressenza.com\/wp-content\/uploads\/2018\/09\/Elly-Schlein-2.jpg\",\"keywords\":[\"Elly Schlein\",\"Ong\",\"raccolta fondi\",\"riforma del regolamento di Dublino\",\"Sea-Watch\"],\"articleSection\":[\"Europa\",\"Migranti\"],\"inLanguage\":\"it-IT\"},{\"@type\":\"WebPage\",\"@id\":\"https:\/\/www.pressenza.com\/it\/2019\/02\/migranti-elly-schlein-lancia-raccolta-fondi-per-finanziare-sea-watch\/\",\"url\":\"https:\/\/www.pressenza.com\/it\/2019\/02\/migranti-elly-schlein-lancia-raccolta-fondi-per-finanziare-sea-watch\/\",\"name\":\"Migranti, Elly Schlein lancia raccolta fondi per finanziare Sea Watch\",\"isPartOf\":{\"@id\":\"https:\/\/www.pressenza.com\/it\/#website\"},\"primaryImageOfPage\":{\"@id\":\"https:\/\/www.pressenza.com\/it\/2019\/02\/migranti-elly-schlein-lancia-raccolta-fondi-per-finanziare-sea-watch\/#primaryimage\"},\"image\":{\"@id\":\"https:\/\/www.pressenza.com\/it\/2019\/02\/migranti-elly-schlein-lancia-raccolta-fondi-per-finanziare-sea-watch\/#primaryimage\"},\"thumbnailUrl\":\"https:\/\/www.pressenza.com\/wp-content\/uploads\/2018\/09\/Elly-Schlein-2.jpg\",\"datePublished\":\"2019-02-19T14:52:19+00:00\",\"description\":\"\u201cContinua l\u2019assurda guerra alle ONG che in questi anni hanno solo cercato di sopperire al grave vuoto lasciato dalle autorit\u00e0 europee nella ricerca e\",\"breadcrumb\":{\"@id\":\"https:\/\/www.pressenza.com\/it\/2019\/02\/migranti-elly-schlein-lancia-raccolta-fondi-per-finanziare-sea-watch\/#breadcrumb\"},\"inLanguage\":\"it-IT\",\"potentialAction\":[{\"@type\":\"ReadAction\",\"target\":[\"https:\/\/www.pressenza.com\/it\/2019\/02\/migranti-elly-schlein-lancia-raccolta-fondi-per-finanziare-sea-watch\/\"]}]},{\"@type\":\"ImageObject\",\"inLanguage\":\"it-IT\",\"@id\":\"https:\/\/www.pressenza.com\/it\/2019\/02\/migranti-elly-schlein-lancia-raccolta-fondi-per-finanziare-sea-watch\/#primaryimage\",\"url\":\"https:\/\/www.pressenza.com\/wp-content\/uploads\/2018\/09\/Elly-Schlein-2.jpg\",\"contentUrl\":\"https:\/\/www.pressenza.com\/wp-content\/uploads\/2018\/09\/Elly-Schlein-2.jpg\",\"width\":2048,\"height\":1367,\"caption\":\"Migranti, Elly Schlein lancia raccolta fondi per finanziare Sea Watch\"},{\"@type\":\"BreadcrumbList\",\"@id\":\"https:\/\/www.pressenza.com\/it\/2019\/02\/migranti-elly-schlein-lancia-raccolta-fondi-per-finanziare-sea-watch\/#breadcrumb\",\"itemListElement\":[{\"@type\":\"ListItem\",\"position\":1,\"name\":\"Accueil\",\"item\":\"https:\/\/www.pressenza.com\/it\/\"},{\"@type\":\"ListItem\",\"position\":2,\"name\":\"Migranti, Elly Schlein lancia raccolta fondi per finanziare Sea Watch\"}]},{\"@type\":\"WebSite\",\"@id\":\"https:\/\/www.pressenza.com\/it\/#website\",\"url\":\"https:\/\/www.pressenza.com\/it\/\",\"name\":\"Pressenza\",\"description\":\"Agenzia di Stampa Internazionale\",\"publisher\":{\"@id\":\"https:\/\/www.pressenza.com\/it\/#organization\"},\"potentialAction\":[{\"@type\":\"SearchAction\",\"target\":{\"@type\":\"EntryPoint\",\"urlTemplate\":\"https:\/\/www.pressenza.com\/it\/?s={search_term_string}\"},\"query-input\":{\"@type\":\"PropertyValueSpecification\",\"valueRequired\":true,\"valueName\":\"search_term_string\"}}],\"inLanguage\":\"it-IT\"},{\"@type\":\"Organization\",\"@id\":\"https:\/\/www.pressenza.com\/it\/#organization\",\"name\":\"Pressenza\",\"url\":\"https:\/\/www.pressenza.com\/it\/\",\"logo\":{\"@type\":\"ImageObject\",\"inLanguage\":\"it-IT\",\"@id\":\"https:\/\/www.pressenza.com\/it\/#\/schema\/logo\/image\/\",\"url\":\"https:\/\/www.pressenza.com\/wp-content\/uploads\/2022\/10\/pressenza_logo_200x200.jpg\",\"contentUrl\":\"https:\/\/www.pressenza.com\/wp-content\/uploads\/2022\/10\/pressenza_logo_200x200.jpg\",\"width\":200,\"height\":200,\"caption\":\"Pressenza\"},\"image\":{\"@id\":\"https:\/\/www.pressenza.com\/it\/#\/schema\/logo\/image\/\"},\"sameAs\":[\"https:\/\/www.facebook.com\/PressenzaItalia\",\"https:\/\/x.com\/PressenzaIPA\"]},{\"@type\":\"Person\",\"@id\":\"https:\/\/www.pressenza.com\/it\/#\/schema\/person\/08ea736e2bdeb73186ff26f6bee319d8\",\"name\":\"Articolo 21\",\"description\":\"Articolo 21, liberi di\u2026 \u00e8 un\u2019associazione nata il 27 febbraio 2002 che riunisce esponenti del mondo della comunicazione, della cultura e dello spettacolo; giornalisti, giuristi, economisti che si propongono di promuovere il principio della libert\u00e0 di manifestazione del pensiero (oggetto dell\u2019Articolo 21 della Costituzione italiana da cui il nome).\",\"sameAs\":[\"https:\/\/www.articolo21.org\"],\"url\":\"https:\/\/www.pressenza.com\/it\/author\/articolo-21\/\"}]}<\/script>\n<!-- \/ Yoast SEO plugin. -->","yoast_head_json":{"title":"Migranti, Elly Schlein lancia raccolta fondi per finanziare Sea Watch","description":"\u201cContinua l\u2019assurda guerra alle ONG che in questi anni hanno solo cercato di sopperire al grave vuoto lasciato dalle autorit\u00e0 europee nella ricerca e","robots":{"index":"index","follow":"follow","max-snippet":"max-snippet:-1","max-image-preview":"max-image-preview:large","max-video-preview":"max-video-preview:-1"},"canonical":"https:\/\/www.pressenza.com\/it\/2019\/02\/migranti-elly-schlein-lancia-raccolta-fondi-per-finanziare-sea-watch\/","og_locale":"it_IT","og_type":"article","og_title":"Migranti, Elly Schlein lancia raccolta fondi per finanziare Sea Watch","og_description":"\u201cContinua l\u2019assurda guerra alle ONG che in questi anni hanno solo cercato di sopperire al grave vuoto lasciato dalle autorit\u00e0 europee nella ricerca e","og_url":"https:\/\/www.pressenza.com\/it\/2019\/02\/migranti-elly-schlein-lancia-raccolta-fondi-per-finanziare-sea-watch\/","og_site_name":"Pressenza","article_publisher":"https:\/\/www.facebook.com\/PressenzaItalia","article_published_time":"2019-02-19T14:52:19+00:00","og_image":[{"width":2048,"height":1367,"url":"https:\/\/www.pressenza.com\/wp-content\/uploads\/2018\/09\/Elly-Schlein-2.jpg","type":"image\/jpeg"}],"author":"Articolo 21","twitter_card":"summary_large_image","twitter_creator":"@PressenzaIPA","twitter_site":"@PressenzaIPA","twitter_misc":{"Scritto da":"Articolo 21","Tempo di lettura stimato":"1 minuto"},"schema":{"@context":"https:\/\/schema.org","@graph":[{"@type":"Article","@id":"https:\/\/www.pressenza.com\/it\/2019\/02\/migranti-elly-schlein-lancia-raccolta-fondi-per-finanziare-sea-watch\/#article","isPartOf":{"@id":"https:\/\/www.pressenza.com\/it\/2019\/02\/migranti-elly-schlein-lancia-raccolta-fondi-per-finanziare-sea-watch\/"},"author":{"name":"Articolo 21","@id":"https:\/\/www.pressenza.com\/it\/#\/schema\/person\/08ea736e2bdeb73186ff26f6bee319d8"},"headline":"Migranti, Elly Schlein lancia raccolta fondi per finanziare Sea Watch","datePublished":"2019-02-19T14:52:19+00:00","mainEntityOfPage":{"@id":"https:\/\/www.pressenza.com\/it\/2019\/02\/migranti-elly-schlein-lancia-raccolta-fondi-per-finanziare-sea-watch\/"},"wordCount":237,"publisher":{"@id":"https:\/\/www.pressenza.com\/it\/#organization"},"image":{"@id":"https:\/\/www.pressenza.com\/it\/2019\/02\/migranti-elly-schlein-lancia-raccolta-fondi-per-finanziare-sea-watch\/#primaryimage"},"thumbnailUrl":"https:\/\/www.pressenza.com\/wp-content\/uploads\/2018\/09\/Elly-Schlein-2.jpg","keywords":["Elly Schlein","Ong","raccolta fondi","riforma del regolamento di Dublino","Sea-Watch"],"articleSection":["Europa","Migranti"],"inLanguage":"it-IT"},{"@type":"WebPage","@id":"https:\/\/www.pressenza.com\/it\/2019\/02\/migranti-elly-schlein-lancia-raccolta-fondi-per-finanziare-sea-watch\/","url":"https:\/\/www.pressenza.com\/it\/2019\/02\/migranti-elly-schlein-lancia-raccolta-fondi-per-finanziare-sea-watch\/","name":"Migranti, Elly Schlein lancia raccolta fondi per finanziare Sea Watch","isPartOf":{"@id":"https:\/\/www.pressenza.com\/it\/#website"},"primaryImageOfPage":{"@id":"https:\/\/www.pressenza.com\/it\/2019\/02\/migranti-elly-schlein-lancia-raccolta-fondi-per-finanziare-sea-watch\/#primaryimage"},"image":{"@id":"https:\/\/www.pressenza.com\/it\/2019\/02\/migranti-elly-schlein-lancia-raccolta-fondi-per-finanziare-sea-watch\/#primaryimage"},"thumbnailUrl":"https:\/\/www.pressenza.com\/wp-content\/uploads\/2018\/09\/Elly-Schlein-2.jpg","datePublished":"2019-02-19T14:52:19+00:00","description":"\u201cContinua l\u2019assurda guerra alle ONG che in questi anni hanno solo cercato di sopperire al grave vuoto lasciato dalle autorit\u00e0 europee nella ricerca e","breadcrumb":{"@id":"https:\/\/www.pressenza.com\/it\/2019\/02\/migranti-elly-schlein-lancia-raccolta-fondi-per-finanziare-sea-watch\/#breadcrumb"},"inLanguage":"it-IT","potentialAction":[{"@type":"ReadAction","target":["https:\/\/www.pressenza.com\/it\/2019\/02\/migranti-elly-schlein-lancia-raccolta-fondi-per-finanziare-sea-watch\/"]}]},{"@type":"ImageObject","inLanguage":"it-IT","@id":"https:\/\/www.pressenza.com\/it\/2019\/02\/migranti-elly-schlein-lancia-raccolta-fondi-per-finanziare-sea-watch\/#primaryimage","url":"https:\/\/www.pressenza.com\/wp-content\/uploads\/2018\/09\/Elly-Schlein-2.jpg","contentUrl":"https:\/\/www.pressenza.com\/wp-content\/uploads\/2018\/09\/Elly-Schlein-2.jpg","width":2048,"height":1367,"caption":"Migranti, Elly Schlein lancia raccolta fondi per finanziare Sea Watch"},{"@type":"BreadcrumbList","@id":"https:\/\/www.pressenza.com\/it\/2019\/02\/migranti-elly-schlein-lancia-raccolta-fondi-per-finanziare-sea-watch\/#breadcrumb","itemListElement":[{"@type":"ListItem","position":1,"name":"Accueil","item":"https:\/\/www.pressenza.com\/it\/"},{"@type":"ListItem","position":2,"name":"Migranti, Elly Schlein lancia raccolta fondi per finanziare Sea Watch"}]},{"@type":"WebSite","@id":"https:\/\/www.pressenza.com\/it\/#website","url":"https:\/\/www.pressenza.com\/it\/","name":"Pressenza","description":"Agenzia di Stampa Internazionale","publisher":{"@id":"https:\/\/www.pressenza.com\/it\/#organization"},"potentialAction":[{"@type":"SearchAction","target":{"@type":"EntryPoint","urlTemplate":"https:\/\/www.pressenza.com\/it\/?s={search_term_string}"},"query-input":{"@type":"PropertyValueSpecification","valueRequired":true,"valueName":"search_term_string"}}],"inLanguage":"it-IT"},{"@type":"Organization","@id":"https:\/\/www.pressenza.com\/it\/#organization","name":"Pressenza","url":"https:\/\/www.pressenza.com\/it\/","logo":{"@type":"ImageObject","inLanguage":"it-IT","@id":"https:\/\/www.pressenza.com\/it\/#\/schema\/logo\/image\/","url":"https:\/\/www.pressenza.com\/wp-content\/uploads\/2022\/10\/pressenza_logo_200x200.jpg","contentUrl":"https:\/\/www.pressenza.com\/wp-content\/uploads\/2022\/10\/pressenza_logo_200x200.jpg","width":200,"height":200,"caption":"Pressenza"},"image":{"@id":"https:\/\/www.pressenza.com\/it\/#\/schema\/logo\/image\/"},"sameAs":["https:\/\/www.facebook.com\/PressenzaItalia","https:\/\/x.com\/PressenzaIPA"]},{"@type":"Person","@id":"https:\/\/www.pressenza.com\/it\/#\/schema\/person\/08ea736e2bdeb73186ff26f6bee319d8","name":"Articolo 21","description":"Articolo 21, liberi di\u2026 \u00e8 un\u2019associazione nata il 27 febbraio 2002 che riunisce esponenti del mondo della comunicazione, della cultura e dello spettacolo; giornalisti, giuristi, economisti che si propongono di promuovere il principio della libert\u00e0 di manifestazione del pensiero (oggetto dell\u2019Articolo 21 della Costituzione italiana da cui il nome).","sameAs":["https:\/\/www.articolo21.org"],"url":"https:\/\/www.pressenza.com\/it\/author\/articolo-21\/"}]}},"place":"","original_article_url":"https:\/\/www.articolo21.org\/2019\/02\/migranti-europarlamentare-elly-schlein-lancia-raccolta-fondi-per-finanziare-sea-watch\/","_links":{"self":[{"href":"https:\/\/www.pressenza.com\/it\/wp-json\/wp\/v2\/posts\/810006","targetHints":{"allow":["GET"]}}],"collection":[{"href":"https:\/\/www.pressenza.com\/it\/wp-json\/wp\/v2\/posts"}],"about":[{"href":"https:\/\/www.pressenza.com\/it\/wp-json\/wp\/v2\/types\/post"}],"author":[{"embeddable":true,"href":"https:\/\/www.pressenza.com\/it\/wp-json\/wp\/v2\/users\/1469"}],"replies":[{"embeddable":true,"href":"https:\/\/www.pressenza.com\/it\/wp-json\/wp\/v2\/comments?post=810006"}],"version-history":[{"count":0,"href":"https:\/\/www.pressenza.com\/it\/wp-json\/wp\/v2\/posts\/810006\/revisions"}],"wp:featuredmedia":[{"embeddable":true,"href":"https:\/\/www.pressenza.com\/it\/wp-json\/wp\/v2\/media\/715502"}],"wp:attachment":[{"href":"https:\/\/www.pressenza.com\/it\/wp-json\/wp\/v2\/media?parent=810006"}],"wp:term":[{"taxonomy":"category","embeddable":true,"href":"https:\/\/www.pressenza.com\/it\/wp-json\/wp\/v2\/categories?post=810006"},{"taxonomy":"post_tag","embeddable":true,"href":"https:\/\/www.pressenza.com\/it\/wp-json\/wp\/v2\/tags?post=810006"}],"curies":[{"name":"wp","href":"https:\/\/api.w.org\/{rel}","templated":true}]}}