{"id":807831,"date":"2019-02-15T09:08:24","date_gmt":"2019-02-15T09:08:24","guid":{"rendered":"https:\/\/www.pressenza.com\/?p=807831"},"modified":"2019-02-15T09:08:24","modified_gmt":"2019-02-15T09:08:24","slug":"ada-colau-critica-e-impegnata-allo-stesso-tempo","status":"publish","type":"post","link":"https:\/\/www.pressenza.com\/it\/2019\/02\/ada-colau-critica-e-impegnata-allo-stesso-tempo\/","title":{"rendered":"Ada Colau, critica e impegnata allo stesso tempo"},"content":{"rendered":"<p>Ada Colau, sindaca di Barcellona, \u00e8 stata molto critica ieri con gli indipendentisti catalani, che hanno votato contro la legge di bilancio presentata dal governo socialista di Pedro S\u00e1nchez, portando alla convocazione di nuove elezioni.<\/p>\n<p>Gli indipendentisti hanno cos\u00ec protestato contro il processo iniziato ieri contro i leader catalani imprigionati per aver indetto un referendum sull&#8217;indipendenza della Catalogna il 1\u00b0 ottobre 2017.<\/p>\n<p>Ma Ada Colau ha anche criticato il governo in merito al cosiddetto &#8220;Proces&#8221;, chiedendo in tutto questo tempo e sabato scorso, insieme ad altri quattrocento sindaci, un processo equo e soluzioni politiche e democratiche. Colau \u00e8 sempre stata contraria ad affrontare con un approccio giudiziario la richiesta di indipendenza della Catalogna e, pur non essendo indipendentista, ha sempre difeso il diritto al referendum.<\/p>\n<p>La sua critica al voto degli indipendentisti catalani (Esquerra Republicana de Catalu\u00f1a e PdeCat) \u00e8 contenuta in un video diffuso nelle reti sociali:<\/p>\n<p><em>&#8220;Oggi \u00e8 stata una giornata dura. ERC e PDeCat hanno votato con il Partito Popolare e Ciudadanos contro misure\u00a0 sociali, aprendo la porta a elezioni dove la destra e l&#8217;estrema destra potrebbero vincere. Denunciare la violazione dei diritti e chiedere il dialogo \u00e8 compatibile con l&#8217;elaborazione di politiche concrete a beneficio della maggioranza sociale. Questo \u00e8 l&#8217;unico modo per fermare l&#8217;estrema destra. Bloccare le misure sociali \u00e8 un errore storico: fa male a tutti. A tutti quanti. Ed \u00e8 irresponsabile\u201d.<\/em><\/p>\n<p>Segue la trascrizione integrale delle sue dichiarazioni.<\/p>\n<p><em>&#8220;Oggi abbiamo visto PDCat ed Esquerra votare con Ciudadanos e Partito Popolare contro la legge di bilancio pi\u00f9 sociale degli ultimi decenni, aprendo inoltre la porta a nuove elezioni, dove potrebbe vincere non solo la destra, ma per la prima volta addirittura l&#8217;estrema destra.<\/em><\/p>\n<p><em>Mi dispiace, ma non ci credo. Non credo che questo andr\u00e0 a beneficio delle persone che sono ingiustamente imprigionate. Al contrario, sono certa che ci\u00f2 sia dannoso per l&#8217;intera popolazione, sia in Catalogna che in Spagna e soprattutto per le persone pi\u00f9 vulnerabili. Perch\u00e9 questa legge di bilancio aveva misure molto specifiche per regolare gli affitti, per aumentare gli aiuti alla dipendenza, per rafforzare servizi pubblici come la sanit\u00e0 o l&#8217;istruzione che sono assolutamente al limite e non possono pi\u00f9 aspettare.<\/em><\/p>\n<p><em>Ha un sapore molto cattivo per me, ma oggi provo questa miscela di tristezza e rabbia che ho gi\u00e0 sentito il giorno della dichiarazione unilaterale di indipendenza, un giorno in cui tutti noi tutti sapevamo perfettamente \u2013 anche Esquerra e PDCat, che lo hanno riconosciuto in privato &#8211; che quell\u2019atto non avrebbe portato da nessuna parte. Era la tesi del &#8220;tanto peggio, tanto meglio&#8221;, e abbiamo gi\u00e0 visto dove ci ha portato. Basta cos\u00ec.<\/em><\/p>\n<p><em>Ribadisco ancora una volta che abbiamo fatto bene quando molte persone diverse si sono riunite per cacciare il Partito Popolare, perch\u00e9 era insopportabile. Ribadisco inoltre che avremmo dovuto negoziare interventi sociali che sono positivi per i cittadini e necessari. E riaffermo, nonostante le forti discrepanze che sento oggi con PDCat ed Esquerra, che dobbiamo continuare a denunciare la violazione dei diritti e delle libert\u00e0 rappresentata dal carcere preventivo &#8211; assolutamente ingiusto &#8211; che i leader indipendentisti stanno subendo e in generale denunciare l\u2019approccio giudiziario alla politica.<\/em><\/p>\n<p><em>E continueremo a farlo perch\u00e9 sono convinta che denunciare la violazione dei diritti e delle libert\u00e0 e chiedere il dialogo non \u00e8 incompatibile con l&#8217;elaborazione di politiche specifiche a beneficio dei cittadini. Non solo non \u00e8 incompatibile, ma \u00e8 un obbligo e una responsabilit\u00e0 delle persone che occupano posizioni di governo a livello comunale, regionale e statale&#8221;.<\/em><\/p>\n<p>Traduzione dallo spagnolo di Anna Polo<\/p>\n","protected":false},"excerpt":{"rendered":"<p>Ada Colau, sindaca di Barcellona, \u00e8 stata molto critica ieri con gli indipendentisti catalani, che hanno votato contro la legge di bilancio presentata dal governo socialista di Pedro S\u00e1nchez, portando alla convocazione di nuove elezioni. Gli indipendentisti hanno cos\u00ec protestato&hellip;<\/p>\n","protected":false},"author":94,"featured_media":532877,"comment_status":"closed","ping_status":"closed","sticky":false,"template":"","format":"standard","meta":{"footnotes":""},"categories":[11388,47,162,55],"tags":[35634,616,55192,1602],"class_list":["post-807831","post","type-post","status-publish","format-standard","has-post-thumbnail","hentry","category-contenuti-originali","category-europa","category-opinioni","category-politica","tag-ada-colau-it","tag-elezioni","tag-indipendentisti-catalani","tag-spagna"],"yoast_head":"<!-- This site is optimized with the Yoast SEO plugin v27.1.1 - https:\/\/yoast.com\/product\/yoast-seo-wordpress\/ -->\n<title>Ada Colau, critica e impegnata allo stesso tempo<\/title>\n<meta name=\"description\" content=\"Ada Colau, sindaca di Barcellona, \u00e8 stata molto critica ieri con gli indipendentisti catalani, che hanno votato contro la legge di bilancio presentata dal\" \/>\n<meta name=\"robots\" content=\"index, follow, max-snippet:-1, max-image-preview:large, max-video-preview:-1\" \/>\n<link rel=\"canonical\" href=\"https:\/\/www.pressenza.com\/it\/2019\/02\/ada-colau-critica-e-impegnata-allo-stesso-tempo\/\" \/>\n<meta property=\"og:locale\" content=\"it_IT\" \/>\n<meta property=\"og:type\" content=\"article\" \/>\n<meta property=\"og:title\" content=\"Ada Colau, critica e impegnata allo stesso tempo\" \/>\n<meta property=\"og:description\" content=\"Ada Colau, sindaca di Barcellona, \u00e8 stata molto critica ieri con gli indipendentisti catalani, che hanno votato contro la legge di bilancio presentata dal\" \/>\n<meta property=\"og:url\" content=\"https:\/\/www.pressenza.com\/it\/2019\/02\/ada-colau-critica-e-impegnata-allo-stesso-tempo\/\" \/>\n<meta property=\"og:site_name\" content=\"Pressenza\" \/>\n<meta property=\"article:publisher\" content=\"https:\/\/www.facebook.com\/PressenzaItalia\" \/>\n<meta property=\"article:author\" content=\"https:\/\/www.facebook.com\/pressenza\" \/>\n<meta property=\"article:published_time\" content=\"2019-02-15T09:08:24+00:00\" \/>\n<meta property=\"og:image\" content=\"https:\/\/www.pressenza.com\/wp-content\/uploads\/2017\/10\/ada-colau-2015-im-plenum-von-barcelona-foto-von-marc-lozano-flickr-com-cc-by-2-0.jpg\" \/>\n\t<meta property=\"og:image:width\" content=\"750\" \/>\n\t<meta property=\"og:image:height\" content=\"500\" \/>\n\t<meta property=\"og:image:type\" content=\"image\/jpeg\" \/>\n<meta name=\"author\" content=\"Redacci\u00f3n Madrid\" \/>\n<meta name=\"twitter:card\" content=\"summary_large_image\" \/>\n<meta name=\"twitter:creator\" content=\"@pressenza\" \/>\n<meta name=\"twitter:site\" content=\"@PressenzaIPA\" \/>\n<meta name=\"twitter:label1\" content=\"Scritto da\" \/>\n\t<meta name=\"twitter:data1\" content=\"Redacci\u00f3n Madrid\" \/>\n\t<meta name=\"twitter:label2\" content=\"Tempo di lettura stimato\" \/>\n\t<meta name=\"twitter:data2\" content=\"3 minuti\" \/>\n<script type=\"application\/ld+json\" class=\"yoast-schema-graph\">{\"@context\":\"https:\/\/schema.org\",\"@graph\":[{\"@type\":\"Article\",\"@id\":\"https:\/\/www.pressenza.com\/it\/2019\/02\/ada-colau-critica-e-impegnata-allo-stesso-tempo\/#article\",\"isPartOf\":{\"@id\":\"https:\/\/www.pressenza.com\/it\/2019\/02\/ada-colau-critica-e-impegnata-allo-stesso-tempo\/\"},\"author\":{\"name\":\"Redacci\u00f3n Madrid\",\"@id\":\"https:\/\/www.pressenza.com\/it\/#\/schema\/person\/828fc40eeca2ad7be3630e5a46adba94\"},\"headline\":\"Ada Colau, critica e impegnata allo stesso tempo\",\"datePublished\":\"2019-02-15T09:08:24+00:00\",\"mainEntityOfPage\":{\"@id\":\"https:\/\/www.pressenza.com\/it\/2019\/02\/ada-colau-critica-e-impegnata-allo-stesso-tempo\/\"},\"wordCount\":590,\"publisher\":{\"@id\":\"https:\/\/www.pressenza.com\/it\/#organization\"},\"image\":{\"@id\":\"https:\/\/www.pressenza.com\/it\/2019\/02\/ada-colau-critica-e-impegnata-allo-stesso-tempo\/#primaryimage\"},\"thumbnailUrl\":\"https:\/\/www.pressenza.com\/wp-content\/uploads\/2017\/10\/ada-colau-2015-im-plenum-von-barcelona-foto-von-marc-lozano-flickr-com-cc-by-2-0.jpg\",\"keywords\":[\"Ada Colau\",\"elezioni\",\"indipendentisti catalani\",\"Spagna\"],\"articleSection\":[\"contenuti originali\",\"Europa\",\"Opinioni\",\"Politica\"],\"inLanguage\":\"it-IT\"},{\"@type\":\"WebPage\",\"@id\":\"https:\/\/www.pressenza.com\/it\/2019\/02\/ada-colau-critica-e-impegnata-allo-stesso-tempo\/\",\"url\":\"https:\/\/www.pressenza.com\/it\/2019\/02\/ada-colau-critica-e-impegnata-allo-stesso-tempo\/\",\"name\":\"Ada Colau, critica e impegnata allo stesso tempo\",\"isPartOf\":{\"@id\":\"https:\/\/www.pressenza.com\/it\/#website\"},\"primaryImageOfPage\":{\"@id\":\"https:\/\/www.pressenza.com\/it\/2019\/02\/ada-colau-critica-e-impegnata-allo-stesso-tempo\/#primaryimage\"},\"image\":{\"@id\":\"https:\/\/www.pressenza.com\/it\/2019\/02\/ada-colau-critica-e-impegnata-allo-stesso-tempo\/#primaryimage\"},\"thumbnailUrl\":\"https:\/\/www.pressenza.com\/wp-content\/uploads\/2017\/10\/ada-colau-2015-im-plenum-von-barcelona-foto-von-marc-lozano-flickr-com-cc-by-2-0.jpg\",\"datePublished\":\"2019-02-15T09:08:24+00:00\",\"description\":\"Ada Colau, sindaca di Barcellona, \u00e8 stata molto critica ieri con gli indipendentisti catalani, che hanno votato contro la legge di bilancio presentata dal\",\"breadcrumb\":{\"@id\":\"https:\/\/www.pressenza.com\/it\/2019\/02\/ada-colau-critica-e-impegnata-allo-stesso-tempo\/#breadcrumb\"},\"inLanguage\":\"it-IT\",\"potentialAction\":[{\"@type\":\"ReadAction\",\"target\":[\"https:\/\/www.pressenza.com\/it\/2019\/02\/ada-colau-critica-e-impegnata-allo-stesso-tempo\/\"]}]},{\"@type\":\"ImageObject\",\"inLanguage\":\"it-IT\",\"@id\":\"https:\/\/www.pressenza.com\/it\/2019\/02\/ada-colau-critica-e-impegnata-allo-stesso-tempo\/#primaryimage\",\"url\":\"https:\/\/www.pressenza.com\/wp-content\/uploads\/2017\/10\/ada-colau-2015-im-plenum-von-barcelona-foto-von-marc-lozano-flickr-com-cc-by-2-0.jpg\",\"contentUrl\":\"https:\/\/www.pressenza.com\/wp-content\/uploads\/2017\/10\/ada-colau-2015-im-plenum-von-barcelona-foto-von-marc-lozano-flickr-com-cc-by-2-0.jpg\",\"width\":750,\"height\":500},{\"@type\":\"BreadcrumbList\",\"@id\":\"https:\/\/www.pressenza.com\/it\/2019\/02\/ada-colau-critica-e-impegnata-allo-stesso-tempo\/#breadcrumb\",\"itemListElement\":[{\"@type\":\"ListItem\",\"position\":1,\"name\":\"Accueil\",\"item\":\"https:\/\/www.pressenza.com\/it\/\"},{\"@type\":\"ListItem\",\"position\":2,\"name\":\"Ada Colau, critica e impegnata allo stesso tempo\"}]},{\"@type\":\"WebSite\",\"@id\":\"https:\/\/www.pressenza.com\/it\/#website\",\"url\":\"https:\/\/www.pressenza.com\/it\/\",\"name\":\"Pressenza\",\"description\":\"Agenzia di Stampa Internazionale\",\"publisher\":{\"@id\":\"https:\/\/www.pressenza.com\/it\/#organization\"},\"potentialAction\":[{\"@type\":\"SearchAction\",\"target\":{\"@type\":\"EntryPoint\",\"urlTemplate\":\"https:\/\/www.pressenza.com\/it\/?s={search_term_string}\"},\"query-input\":{\"@type\":\"PropertyValueSpecification\",\"valueRequired\":true,\"valueName\":\"search_term_string\"}}],\"inLanguage\":\"it-IT\"},{\"@type\":\"Organization\",\"@id\":\"https:\/\/www.pressenza.com\/it\/#organization\",\"name\":\"Pressenza\",\"url\":\"https:\/\/www.pressenza.com\/it\/\",\"logo\":{\"@type\":\"ImageObject\",\"inLanguage\":\"it-IT\",\"@id\":\"https:\/\/www.pressenza.com\/it\/#\/schema\/logo\/image\/\",\"url\":\"https:\/\/www.pressenza.com\/wp-content\/uploads\/2022\/10\/pressenza_logo_200x200.jpg\",\"contentUrl\":\"https:\/\/www.pressenza.com\/wp-content\/uploads\/2022\/10\/pressenza_logo_200x200.jpg\",\"width\":200,\"height\":200,\"caption\":\"Pressenza\"},\"image\":{\"@id\":\"https:\/\/www.pressenza.com\/it\/#\/schema\/logo\/image\/\"},\"sameAs\":[\"https:\/\/www.facebook.com\/PressenzaItalia\",\"https:\/\/x.com\/PressenzaIPA\"]},{\"@type\":\"Person\",\"@id\":\"https:\/\/www.pressenza.com\/it\/#\/schema\/person\/828fc40eeca2ad7be3630e5a46adba94\",\"name\":\"Redacci\u00f3n Madrid\",\"description\":\"News from the Pressenza Bureau in Madrid, Spain\",\"sameAs\":[\"https:\/\/www.facebook.com\/pressenza\",\"https:\/\/x.com\/pressenza\"],\"url\":\"https:\/\/www.pressenza.com\/it\/author\/redaccion-madrid\/\"}]}<\/script>\n<!-- \/ Yoast SEO plugin. -->","yoast_head_json":{"title":"Ada Colau, critica e impegnata allo stesso tempo","description":"Ada Colau, sindaca di Barcellona, \u00e8 stata molto critica ieri con gli indipendentisti catalani, che hanno votato contro la legge di bilancio presentata dal","robots":{"index":"index","follow":"follow","max-snippet":"max-snippet:-1","max-image-preview":"max-image-preview:large","max-video-preview":"max-video-preview:-1"},"canonical":"https:\/\/www.pressenza.com\/it\/2019\/02\/ada-colau-critica-e-impegnata-allo-stesso-tempo\/","og_locale":"it_IT","og_type":"article","og_title":"Ada Colau, critica e impegnata allo stesso tempo","og_description":"Ada Colau, sindaca di Barcellona, \u00e8 stata molto critica ieri con gli indipendentisti catalani, che hanno votato contro la legge di bilancio presentata dal","og_url":"https:\/\/www.pressenza.com\/it\/2019\/02\/ada-colau-critica-e-impegnata-allo-stesso-tempo\/","og_site_name":"Pressenza","article_publisher":"https:\/\/www.facebook.com\/PressenzaItalia","article_author":"https:\/\/www.facebook.com\/pressenza","article_published_time":"2019-02-15T09:08:24+00:00","og_image":[{"width":750,"height":500,"url":"https:\/\/www.pressenza.com\/wp-content\/uploads\/2017\/10\/ada-colau-2015-im-plenum-von-barcelona-foto-von-marc-lozano-flickr-com-cc-by-2-0.jpg","type":"image\/jpeg"}],"author":"Redacci\u00f3n Madrid","twitter_card":"summary_large_image","twitter_creator":"@pressenza","twitter_site":"@PressenzaIPA","twitter_misc":{"Scritto da":"Redacci\u00f3n Madrid","Tempo di lettura stimato":"3 minuti"},"schema":{"@context":"https:\/\/schema.org","@graph":[{"@type":"Article","@id":"https:\/\/www.pressenza.com\/it\/2019\/02\/ada-colau-critica-e-impegnata-allo-stesso-tempo\/#article","isPartOf":{"@id":"https:\/\/www.pressenza.com\/it\/2019\/02\/ada-colau-critica-e-impegnata-allo-stesso-tempo\/"},"author":{"name":"Redacci\u00f3n Madrid","@id":"https:\/\/www.pressenza.com\/it\/#\/schema\/person\/828fc40eeca2ad7be3630e5a46adba94"},"headline":"Ada Colau, critica e impegnata allo stesso tempo","datePublished":"2019-02-15T09:08:24+00:00","mainEntityOfPage":{"@id":"https:\/\/www.pressenza.com\/it\/2019\/02\/ada-colau-critica-e-impegnata-allo-stesso-tempo\/"},"wordCount":590,"publisher":{"@id":"https:\/\/www.pressenza.com\/it\/#organization"},"image":{"@id":"https:\/\/www.pressenza.com\/it\/2019\/02\/ada-colau-critica-e-impegnata-allo-stesso-tempo\/#primaryimage"},"thumbnailUrl":"https:\/\/www.pressenza.com\/wp-content\/uploads\/2017\/10\/ada-colau-2015-im-plenum-von-barcelona-foto-von-marc-lozano-flickr-com-cc-by-2-0.jpg","keywords":["Ada Colau","elezioni","indipendentisti catalani","Spagna"],"articleSection":["contenuti originali","Europa","Opinioni","Politica"],"inLanguage":"it-IT"},{"@type":"WebPage","@id":"https:\/\/www.pressenza.com\/it\/2019\/02\/ada-colau-critica-e-impegnata-allo-stesso-tempo\/","url":"https:\/\/www.pressenza.com\/it\/2019\/02\/ada-colau-critica-e-impegnata-allo-stesso-tempo\/","name":"Ada Colau, critica e impegnata allo stesso tempo","isPartOf":{"@id":"https:\/\/www.pressenza.com\/it\/#website"},"primaryImageOfPage":{"@id":"https:\/\/www.pressenza.com\/it\/2019\/02\/ada-colau-critica-e-impegnata-allo-stesso-tempo\/#primaryimage"},"image":{"@id":"https:\/\/www.pressenza.com\/it\/2019\/02\/ada-colau-critica-e-impegnata-allo-stesso-tempo\/#primaryimage"},"thumbnailUrl":"https:\/\/www.pressenza.com\/wp-content\/uploads\/2017\/10\/ada-colau-2015-im-plenum-von-barcelona-foto-von-marc-lozano-flickr-com-cc-by-2-0.jpg","datePublished":"2019-02-15T09:08:24+00:00","description":"Ada Colau, sindaca di Barcellona, \u00e8 stata molto critica ieri con gli indipendentisti catalani, che hanno votato contro la legge di bilancio presentata dal","breadcrumb":{"@id":"https:\/\/www.pressenza.com\/it\/2019\/02\/ada-colau-critica-e-impegnata-allo-stesso-tempo\/#breadcrumb"},"inLanguage":"it-IT","potentialAction":[{"@type":"ReadAction","target":["https:\/\/www.pressenza.com\/it\/2019\/02\/ada-colau-critica-e-impegnata-allo-stesso-tempo\/"]}]},{"@type":"ImageObject","inLanguage":"it-IT","@id":"https:\/\/www.pressenza.com\/it\/2019\/02\/ada-colau-critica-e-impegnata-allo-stesso-tempo\/#primaryimage","url":"https:\/\/www.pressenza.com\/wp-content\/uploads\/2017\/10\/ada-colau-2015-im-plenum-von-barcelona-foto-von-marc-lozano-flickr-com-cc-by-2-0.jpg","contentUrl":"https:\/\/www.pressenza.com\/wp-content\/uploads\/2017\/10\/ada-colau-2015-im-plenum-von-barcelona-foto-von-marc-lozano-flickr-com-cc-by-2-0.jpg","width":750,"height":500},{"@type":"BreadcrumbList","@id":"https:\/\/www.pressenza.com\/it\/2019\/02\/ada-colau-critica-e-impegnata-allo-stesso-tempo\/#breadcrumb","itemListElement":[{"@type":"ListItem","position":1,"name":"Accueil","item":"https:\/\/www.pressenza.com\/it\/"},{"@type":"ListItem","position":2,"name":"Ada Colau, critica e impegnata allo stesso tempo"}]},{"@type":"WebSite","@id":"https:\/\/www.pressenza.com\/it\/#website","url":"https:\/\/www.pressenza.com\/it\/","name":"Pressenza","description":"Agenzia di Stampa Internazionale","publisher":{"@id":"https:\/\/www.pressenza.com\/it\/#organization"},"potentialAction":[{"@type":"SearchAction","target":{"@type":"EntryPoint","urlTemplate":"https:\/\/www.pressenza.com\/it\/?s={search_term_string}"},"query-input":{"@type":"PropertyValueSpecification","valueRequired":true,"valueName":"search_term_string"}}],"inLanguage":"it-IT"},{"@type":"Organization","@id":"https:\/\/www.pressenza.com\/it\/#organization","name":"Pressenza","url":"https:\/\/www.pressenza.com\/it\/","logo":{"@type":"ImageObject","inLanguage":"it-IT","@id":"https:\/\/www.pressenza.com\/it\/#\/schema\/logo\/image\/","url":"https:\/\/www.pressenza.com\/wp-content\/uploads\/2022\/10\/pressenza_logo_200x200.jpg","contentUrl":"https:\/\/www.pressenza.com\/wp-content\/uploads\/2022\/10\/pressenza_logo_200x200.jpg","width":200,"height":200,"caption":"Pressenza"},"image":{"@id":"https:\/\/www.pressenza.com\/it\/#\/schema\/logo\/image\/"},"sameAs":["https:\/\/www.facebook.com\/PressenzaItalia","https:\/\/x.com\/PressenzaIPA"]},{"@type":"Person","@id":"https:\/\/www.pressenza.com\/it\/#\/schema\/person\/828fc40eeca2ad7be3630e5a46adba94","name":"Redacci\u00f3n Madrid","description":"News from the Pressenza Bureau in Madrid, Spain","sameAs":["https:\/\/www.facebook.com\/pressenza","https:\/\/x.com\/pressenza"],"url":"https:\/\/www.pressenza.com\/it\/author\/redaccion-madrid\/"}]}},"place":"","original_article_url":"","_links":{"self":[{"href":"https:\/\/www.pressenza.com\/it\/wp-json\/wp\/v2\/posts\/807831","targetHints":{"allow":["GET"]}}],"collection":[{"href":"https:\/\/www.pressenza.com\/it\/wp-json\/wp\/v2\/posts"}],"about":[{"href":"https:\/\/www.pressenza.com\/it\/wp-json\/wp\/v2\/types\/post"}],"author":[{"embeddable":true,"href":"https:\/\/www.pressenza.com\/it\/wp-json\/wp\/v2\/users\/94"}],"replies":[{"embeddable":true,"href":"https:\/\/www.pressenza.com\/it\/wp-json\/wp\/v2\/comments?post=807831"}],"version-history":[{"count":0,"href":"https:\/\/www.pressenza.com\/it\/wp-json\/wp\/v2\/posts\/807831\/revisions"}],"wp:featuredmedia":[{"embeddable":true,"href":"https:\/\/www.pressenza.com\/it\/wp-json\/wp\/v2\/media\/532877"}],"wp:attachment":[{"href":"https:\/\/www.pressenza.com\/it\/wp-json\/wp\/v2\/media?parent=807831"}],"wp:term":[{"taxonomy":"category","embeddable":true,"href":"https:\/\/www.pressenza.com\/it\/wp-json\/wp\/v2\/categories?post=807831"},{"taxonomy":"post_tag","embeddable":true,"href":"https:\/\/www.pressenza.com\/it\/wp-json\/wp\/v2\/tags?post=807831"}],"curies":[{"name":"wp","href":"https:\/\/api.w.org\/{rel}","templated":true}]}}