{"id":801449,"date":"2019-02-03T21:56:50","date_gmt":"2019-02-03T21:56:50","guid":{"rendered":"https:\/\/www.pressenza.com\/?p=801449"},"modified":"2019-02-04T07:32:35","modified_gmt":"2019-02-04T07:32:35","slug":"trattato-inf-chi-viola-cosa-perche-e-come","status":"publish","type":"post","link":"https:\/\/www.pressenza.com\/it\/2019\/02\/trattato-inf-chi-viola-cosa-perche-e-come\/","title":{"rendered":"Trattato INF: chi viola cosa, perch\u00e9, e come"},"content":{"rendered":"<p align=\"justify\">Nei giorni scorsi ha fatto irruzione la notizia \u2013 ampiamente annunciata da settimane se non da mesi \u2013 che l\u2019amministrazione Trump rinnega lo storico Trattato INF, su cui ho scritti ripetutamente in passato: 22\/10\/2018, <span lang=\"zxx\"><a href=\"https:\/\/www.pressenza.com\/it\/2018\/10\/trump-rottama-il-trattato-inf-del-1987-e-avvicina-la-guerra-nucleare\/\">https:\/\/www.pressenza.com\/it\/2018\/10\/trump-rottama-il-trattato-inf-del-1987-e-avvicina-la-guerra-nucleare\/<\/a><\/span>; 31\/10\/2018, <span lang=\"zxx\"><a href=\"https:\/\/www.pressenza.com\/it\/2018\/10\/il-trattato-inf-rimane-per-ora-ma-il-futuro-della-proliferazione-nucleare-e-fosco\/\">https:\/\/www.pressenza.com\/it\/2018\/10\/il-trattato-inf-rimane-per-ora-ma-il-futuro-della-proliferazione-nucleare-e-fosco\/<\/a><\/span>.<\/p>\n<p align=\"justify\">Se ormai non ci stupisce pi\u00f9 che le questioni politiche e le scelte internazionali sono mistificate strumentalmente, le questioni degli armamenti nucleari implicano aspetti estremamente complessi, anche molto specialistici (o almeno spacciati come tali), sui quali una persona che non se ne sia occupata si trova inevitabilmente a dipendere dalle tesi ufficiali, sempre contrastanti: la Russia ha violato in Trattato Inf? Non l\u2019ha violato? O l\u2019hanno violato gli Usa? Come? Perch\u00e9?<\/p>\n<p align=\"justify\">I trattati di disarmo nucleare implicano aspetti estremamente delicati, perch\u00e9 fanno necessariamente riferimento alla situazione e al livello degli armamenti che esistono quando vengono negoziati e stabiliti: ma questo contesto cambia profondamente e, a mio parere, pone sfide nuove che il trattato non poteva naturalmente considerare (27\/04\/2017, <span lang=\"zxx\"><a href=\"https:\/\/www.pressenza.com\/it\/2017\/04\/emergenza-nucleare-sabotaggio-del-regime-non-proliferazione\/\">https:\/\/www.pressenza.com\/it\/2017\/04\/emergenza-nucleare-sabotaggio-del-regime-non-proliferazione\/<\/a><\/span>). Io sono convinto che questa sia la situazione dell\u2019intera architettura del sistema detto di non-proliferazione nucleare. Vi sono violazioni di forma e violazioni di sostanza, pi\u00f9 decisive ma pi\u00f9 occulte.<\/p>\n<p align=\"justify\">Vediamo in termini estremamente sintetico come si \u00e8 arrivati a questa situazione negli ultimo due decenni. Quando croll\u00f2 l\u2019Urss, i demenziali arsenali nucleari della Guerra Fredda sviluppati con la mistificazione delle deterrenza (che aveva portato molte volte allo scoppio di una fatale guerra nucleare, v. ad esempio 26\/10\/2018, <span lang=\"zxx\"><a href=\"https:\/\/www.pressenza.com\/it\/2018\/10\/il-27-ottobre-1962-vassili-arkhipov-salvo-il-mondo-dallolocausto-nucleare-21-anni-prima-di-stanislav-petrov\/\">https:\/\/www.pressenza.com\/it\/2018\/10\/il-27-ottobre-1962-vassili-arkhipov-salvo-il-mondo-dallolocausto-nucleare-21-anni-prima-di-stanislav-petrov\/<\/a><\/span>) si rivelarono definitivamente inutili (se mai avessero avuto qualche utilit\u00e0!): si avvi\u00f2 un laborioso processo di disarmo con la stipula dei Trattati Start (Riduzione delle Armi Nucleari), e alla fine del secolo questi arsenali erano quasi dimezzati. Ma alla fine degli anni Novanta esplosero nuove tensioni internazionali e il disarmo sub\u00ec un netto rallentamento: ma \u2013 \u00e8 necessario ricordarlo oggi \u2013 venne fatta una grossa operazione ideologica che ha lasciato nel grosso dell\u2019opinione pubblica la convinzione che ormai le armi nucleari non fossero pi\u00f9 un problema \u2026 se non ci fossero quei pazzi come Saddam Hussein, o Kim Jin un. Si sollevava cos\u00ec un vero paravento sulla vera operazione con cui il ruolo militare assegnato alle armi nucleari veniva letteralmente capovolto, passando a considerarle armi da usare effettivamente in caso di guerra! Ecco perch\u00e9, come viene denunciato da tempo, il rischio di guerra nucleare \u00e8 il pi\u00f9 alto dal 1945 (25\/01\/2018, <span lang=\"zxx\"><a href=\"https:\/\/www.pressenza.com\/it\/2018\/01\/2-minuti-alla-mezzanotte-gli-scienziati-atomici-aggiornato-lorologio\/\">https:\/\/www.pressenza.com\/it\/2018\/01\/2-minuti-alla-mezzanotte-gli-scienziati-atomici-aggiornato-lorologio\/<\/a><\/span>).<\/p>\n<p align=\"justify\">Tornando, letteralmente, \u201ca bomba\u201d, nel 2002 il presidente George Bush Jr introdusse una innovazione militare che minava alle fondamenta l\u2019impianto del regime di non proliferazione nucleare: rescindendo lo storico Trattato ABM con Mosca (la storia si ripete, ma pochi ricordano) decise di sviluppare il colossale (e costosissimo, per somma gioa dell\u2019industria militare)sisema delle difese antimissile: il paese che avesse sviluppato un sistema capace di intercettare e abbattere i missili di un attacco nucleare acquistava una superiorit\u00e0 decisiva perch\u00e9 poteva impunemente effettuare un first-stike senza temere la ritorsione (che fosse vero o, come io sono convinto, illusorio almeno in parte, chi si azzarderebbe a provarci?).<\/p>\n<p align=\"justify\">\u00c8 fondamentale tenere presente che le difese antimissile non violavano certo formalmente i trattati precedenti, poich\u00e9 al loro tempo non esistevano, ma a mio parere hanno costituito una violazione sostanziale dell\u2019intero sistema di non proliferazione, nel suo spirito profondo, che sarebbe dovuto essere di ridurre i rischi dell\u2019uso di queste armi.<\/p>\n<p align=\"justify\">Tant\u2019\u00e8 vero, che quando venne, faticosamente, stipulato il trattato Nuovo Start nel 2010 il tetto di 1.550 testate strategiche per parte venne considerato molto deludente: ma fu Mosca a non accettare riduzioni maggiori, perch\u00e9 un numero considerevole di missili \u00e8 una delle possibilit\u00e0 di saturare le difese antimissile per non farseli (potenzialmente) distruggere tutti.<\/p>\n<p align=\"justify\">Cos\u00ec, per precisa responsabilit\u00e0 degli Usa, il sistema cosiddetto di non proliferazione stato minato ed \u00e8 diventato gravemente carente.<\/p>\n<p align=\"justify\">Ma vi sono anche state violazioni sostanziali, e queste proprio da parte degli Usa, che ora accusano Mosca. Infatti il Nuovo Start vietava esplicitamente lo sviluppo di testate nucleari nuove. Ma proprio il Premo Nobel per la Pace Obama avvi\u00f2 lo sviluppo della pretesa \u201cmodernizzazione\u201d della testata nucleare B-61 che realizza di fatto la testata nuova B-61-12, con il potenziamento sostanziale delle sue capacit\u00e0 militari. E va sottolineato che si tratta di una testata a rigore \u201dtattica\u201d, che indirettamente concerne il trattato INF (non rientra nello SART, che riguarda solo le armi strategiche), per quanto non sia trasportata (per ora) da missili a raggio intermedio ma da bombardieri. Questo basta a sollevare qualche dubbio su chi viola i trattati, come e perch\u00e9! Ma da un\u2019idea della complessit\u00e0 dei problemi.<\/p>\n<p align=\"justify\">A questo punto diventa forse una questione di lana caprina appurare se il Trattato INF \u00e8 stato violato dal missile cruise di Mosca, o dai lanciatori delle difese antimissile (eccole di nuovo!) di Washington schierati in Europa, o pi\u00f9 credibilmente da entrambi!<\/p>\n<p align=\"justify\">Questo non significa in nessun modo che il trattato INF sia un ferro vecchio e tanto valga stracciarlo. Tutto il contrario: deve essere preservato per potere essere aggiornato alla nuova situazione, essere allargato, includere i nuovi sistemi d\u2019arma. Che presentano fra l\u2019altro sfide nuove ben pi\u00f9 insidiose, quali per ricordarne una i prossimi missili ipersonici, il cui sviluppo \u00e8 stato per lo meno innescato proprio dal tentativo di aggirare le difese antimissile.<\/p>\n<p align=\"justify\">Ricordate la favola del lupo e dell\u2019agnello? Anche se qui di agnelli non ce n\u2019\u00e8 proprio!<\/p>\n","protected":false},"excerpt":{"rendered":"<p>Nei giorni scorsi ha fatto irruzione la notizia \u2013 ampiamente annunciata da settimane se non da mesi \u2013 che l\u2019amministrazione Trump rinnega lo storico Trattato INF, su cui ho scritti ripetutamente in passato: 22\/10\/2018, https:\/\/www.pressenza.com\/it\/2018\/10\/trump-rottama-il-trattato-inf-del-1987-e-avvicina-la-guerra-nucleare\/; 31\/10\/2018, https:\/\/www.pressenza.com\/it\/2018\/10\/il-trattato-inf-rimane-per-ora-ma-il-futuro-della-proliferazione-nucleare-e-fosco\/. Se ormai non&hellip;<\/p>\n","protected":false},"author":218,"featured_media":741632,"comment_status":"closed","ping_status":"closed","sticky":false,"template":"","format":"standard","meta":{"footnotes":""},"categories":[11388,38,162,1263,57],"tags":[38992,51031,2804,1453],"class_list":["post-801449","post","type-post","status-publish","format-standard","has-post-thumbnail","hentry","category-contenuti-originali","category-internazionale","category-opinioni","category-pace-disarmo","category-affari-esteri","tag-b-61","tag-inf","tag-russia-it","tag-usa-it"],"yoast_head":"<!-- This site is optimized with the Yoast SEO plugin v27.1.1 - https:\/\/yoast.com\/product\/yoast-seo-wordpress\/ -->\n<title>Trattato INF: chi viola cosa, perch\u00e9, e come<\/title>\n<meta name=\"description\" content=\"Le mistificazioni e la propaganda di una parte e dell&#039;altra sull&#039;uscita di USA e Russia dal trattato INF: una analisi puntuale e il riassunto delle puntate precedenti\" \/>\n<meta name=\"robots\" content=\"index, follow, max-snippet:-1, max-image-preview:large, max-video-preview:-1\" \/>\n<link rel=\"canonical\" href=\"https:\/\/www.pressenza.com\/it\/2019\/02\/trattato-inf-chi-viola-cosa-perche-e-come\/\" \/>\n<meta property=\"og:locale\" content=\"it_IT\" \/>\n<meta property=\"og:type\" content=\"article\" \/>\n<meta property=\"og:title\" content=\"Trattato INF: chi viola cosa, perch\u00e9, e come\" \/>\n<meta property=\"og:description\" content=\"Le mistificazioni e la propaganda di una parte e dell&#039;altra sull&#039;uscita di USA e Russia dal trattato INF: una analisi puntuale e il riassunto delle puntate precedenti\" \/>\n<meta property=\"og:url\" content=\"https:\/\/www.pressenza.com\/it\/2019\/02\/trattato-inf-chi-viola-cosa-perche-e-come\/\" \/>\n<meta property=\"og:site_name\" content=\"Pressenza\" \/>\n<meta property=\"article:publisher\" content=\"https:\/\/www.facebook.com\/PressenzaItalia\" \/>\n<meta property=\"article:published_time\" content=\"2019-02-03T21:56:50+00:00\" \/>\n<meta property=\"article:modified_time\" content=\"2019-02-04T07:32:35+00:00\" \/>\n<meta property=\"og:image\" content=\"https:\/\/www.pressenza.com\/wp-content\/uploads\/2018\/10\/Reagan_and_Gorbachev_signing.jpg\" \/>\n\t<meta property=\"og:image:width\" content=\"750\" \/>\n\t<meta property=\"og:image:height\" content=\"499\" \/>\n\t<meta property=\"og:image:type\" content=\"image\/jpeg\" \/>\n<meta name=\"author\" content=\"Angelo Baracca\" \/>\n<meta name=\"twitter:card\" content=\"summary_large_image\" \/>\n<meta name=\"twitter:creator\" content=\"@PressenzaIPA\" \/>\n<meta name=\"twitter:site\" content=\"@PressenzaIPA\" \/>\n<meta name=\"twitter:label1\" content=\"Scritto da\" \/>\n\t<meta name=\"twitter:data1\" content=\"Angelo Baracca\" \/>\n\t<meta name=\"twitter:label2\" content=\"Tempo di lettura stimato\" \/>\n\t<meta name=\"twitter:data2\" content=\"4 minuti\" \/>\n<script type=\"application\/ld+json\" class=\"yoast-schema-graph\">{\"@context\":\"https:\/\/schema.org\",\"@graph\":[{\"@type\":\"Article\",\"@id\":\"https:\/\/www.pressenza.com\/it\/2019\/02\/trattato-inf-chi-viola-cosa-perche-e-come\/#article\",\"isPartOf\":{\"@id\":\"https:\/\/www.pressenza.com\/it\/2019\/02\/trattato-inf-chi-viola-cosa-perche-e-come\/\"},\"author\":{\"name\":\"Angelo Baracca\",\"@id\":\"https:\/\/www.pressenza.com\/it\/#\/schema\/person\/c37578468de5b0400b2d01b65d64af92\"},\"headline\":\"Trattato INF: chi viola cosa, perch\u00e9, e come\",\"datePublished\":\"2019-02-03T21:56:50+00:00\",\"dateModified\":\"2019-02-04T07:32:35+00:00\",\"mainEntityOfPage\":{\"@id\":\"https:\/\/www.pressenza.com\/it\/2019\/02\/trattato-inf-chi-viola-cosa-perche-e-come\/\"},\"wordCount\":905,\"publisher\":{\"@id\":\"https:\/\/www.pressenza.com\/it\/#organization\"},\"image\":{\"@id\":\"https:\/\/www.pressenza.com\/it\/2019\/02\/trattato-inf-chi-viola-cosa-perche-e-come\/#primaryimage\"},\"thumbnailUrl\":\"https:\/\/www.pressenza.com\/wp-content\/uploads\/2018\/10\/Reagan_and_Gorbachev_signing.jpg\",\"keywords\":[\"B-61\",\"INF\",\"Russia\",\"USA\"],\"articleSection\":[\"contenuti originali\",\"Internazionale\",\"Opinioni\",\"Pace e Disarmo\",\"Questioni internazionali\"],\"inLanguage\":\"it-IT\"},{\"@type\":\"WebPage\",\"@id\":\"https:\/\/www.pressenza.com\/it\/2019\/02\/trattato-inf-chi-viola-cosa-perche-e-come\/\",\"url\":\"https:\/\/www.pressenza.com\/it\/2019\/02\/trattato-inf-chi-viola-cosa-perche-e-come\/\",\"name\":\"Trattato INF: chi viola cosa, perch\u00e9, e come\",\"isPartOf\":{\"@id\":\"https:\/\/www.pressenza.com\/it\/#website\"},\"primaryImageOfPage\":{\"@id\":\"https:\/\/www.pressenza.com\/it\/2019\/02\/trattato-inf-chi-viola-cosa-perche-e-come\/#primaryimage\"},\"image\":{\"@id\":\"https:\/\/www.pressenza.com\/it\/2019\/02\/trattato-inf-chi-viola-cosa-perche-e-come\/#primaryimage\"},\"thumbnailUrl\":\"https:\/\/www.pressenza.com\/wp-content\/uploads\/2018\/10\/Reagan_and_Gorbachev_signing.jpg\",\"datePublished\":\"2019-02-03T21:56:50+00:00\",\"dateModified\":\"2019-02-04T07:32:35+00:00\",\"description\":\"Le mistificazioni e la propaganda di una parte e dell'altra sull'uscita di USA e Russia dal trattato INF: una analisi puntuale e il riassunto delle puntate precedenti\",\"breadcrumb\":{\"@id\":\"https:\/\/www.pressenza.com\/it\/2019\/02\/trattato-inf-chi-viola-cosa-perche-e-come\/#breadcrumb\"},\"inLanguage\":\"it-IT\",\"potentialAction\":[{\"@type\":\"ReadAction\",\"target\":[\"https:\/\/www.pressenza.com\/it\/2019\/02\/trattato-inf-chi-viola-cosa-perche-e-come\/\"]}]},{\"@type\":\"ImageObject\",\"inLanguage\":\"it-IT\",\"@id\":\"https:\/\/www.pressenza.com\/it\/2019\/02\/trattato-inf-chi-viola-cosa-perche-e-come\/#primaryimage\",\"url\":\"https:\/\/www.pressenza.com\/wp-content\/uploads\/2018\/10\/Reagan_and_Gorbachev_signing.jpg\",\"contentUrl\":\"https:\/\/www.pressenza.com\/wp-content\/uploads\/2018\/10\/Reagan_and_Gorbachev_signing.jpg\",\"width\":750,\"height\":499},{\"@type\":\"BreadcrumbList\",\"@id\":\"https:\/\/www.pressenza.com\/it\/2019\/02\/trattato-inf-chi-viola-cosa-perche-e-come\/#breadcrumb\",\"itemListElement\":[{\"@type\":\"ListItem\",\"position\":1,\"name\":\"Accueil\",\"item\":\"https:\/\/www.pressenza.com\/it\/\"},{\"@type\":\"ListItem\",\"position\":2,\"name\":\"Trattato INF: chi viola cosa, perch\u00e9, e come\"}]},{\"@type\":\"WebSite\",\"@id\":\"https:\/\/www.pressenza.com\/it\/#website\",\"url\":\"https:\/\/www.pressenza.com\/it\/\",\"name\":\"Pressenza\",\"description\":\"Agenzia di Stampa Internazionale\",\"publisher\":{\"@id\":\"https:\/\/www.pressenza.com\/it\/#organization\"},\"potentialAction\":[{\"@type\":\"SearchAction\",\"target\":{\"@type\":\"EntryPoint\",\"urlTemplate\":\"https:\/\/www.pressenza.com\/it\/?s={search_term_string}\"},\"query-input\":{\"@type\":\"PropertyValueSpecification\",\"valueRequired\":true,\"valueName\":\"search_term_string\"}}],\"inLanguage\":\"it-IT\"},{\"@type\":\"Organization\",\"@id\":\"https:\/\/www.pressenza.com\/it\/#organization\",\"name\":\"Pressenza\",\"url\":\"https:\/\/www.pressenza.com\/it\/\",\"logo\":{\"@type\":\"ImageObject\",\"inLanguage\":\"it-IT\",\"@id\":\"https:\/\/www.pressenza.com\/it\/#\/schema\/logo\/image\/\",\"url\":\"https:\/\/www.pressenza.com\/wp-content\/uploads\/2022\/10\/pressenza_logo_200x200.jpg\",\"contentUrl\":\"https:\/\/www.pressenza.com\/wp-content\/uploads\/2022\/10\/pressenza_logo_200x200.jpg\",\"width\":200,\"height\":200,\"caption\":\"Pressenza\"},\"image\":{\"@id\":\"https:\/\/www.pressenza.com\/it\/#\/schema\/logo\/image\/\"},\"sameAs\":[\"https:\/\/www.facebook.com\/PressenzaItalia\",\"https:\/\/x.com\/PressenzaIPA\"]},{\"@type\":\"Person\",\"@id\":\"https:\/\/www.pressenza.com\/it\/#\/schema\/person\/c37578468de5b0400b2d01b65d64af92\",\"name\":\"Angelo Baracca\",\"description\":\"Professor of Physics at the University of Florence, Italy. Writer and scientist specialising in nuclear matters; pacifist activist and ecologist. He writes for Pressenza about nuclear questions.\",\"url\":\"https:\/\/www.pressenza.com\/it\/author\/angelo-baracca\/\"}]}<\/script>\n<!-- \/ Yoast SEO plugin. -->","yoast_head_json":{"title":"Trattato INF: chi viola cosa, perch\u00e9, e come","description":"Le mistificazioni e la propaganda di una parte e dell'altra sull'uscita di USA e Russia dal trattato INF: una analisi puntuale e il riassunto delle puntate precedenti","robots":{"index":"index","follow":"follow","max-snippet":"max-snippet:-1","max-image-preview":"max-image-preview:large","max-video-preview":"max-video-preview:-1"},"canonical":"https:\/\/www.pressenza.com\/it\/2019\/02\/trattato-inf-chi-viola-cosa-perche-e-come\/","og_locale":"it_IT","og_type":"article","og_title":"Trattato INF: chi viola cosa, perch\u00e9, e come","og_description":"Le mistificazioni e la propaganda di una parte e dell'altra sull'uscita di USA e Russia dal trattato INF: una analisi puntuale e il riassunto delle puntate precedenti","og_url":"https:\/\/www.pressenza.com\/it\/2019\/02\/trattato-inf-chi-viola-cosa-perche-e-come\/","og_site_name":"Pressenza","article_publisher":"https:\/\/www.facebook.com\/PressenzaItalia","article_published_time":"2019-02-03T21:56:50+00:00","article_modified_time":"2019-02-04T07:32:35+00:00","og_image":[{"width":750,"height":499,"url":"https:\/\/www.pressenza.com\/wp-content\/uploads\/2018\/10\/Reagan_and_Gorbachev_signing.jpg","type":"image\/jpeg"}],"author":"Angelo Baracca","twitter_card":"summary_large_image","twitter_creator":"@PressenzaIPA","twitter_site":"@PressenzaIPA","twitter_misc":{"Scritto da":"Angelo Baracca","Tempo di lettura stimato":"4 minuti"},"schema":{"@context":"https:\/\/schema.org","@graph":[{"@type":"Article","@id":"https:\/\/www.pressenza.com\/it\/2019\/02\/trattato-inf-chi-viola-cosa-perche-e-come\/#article","isPartOf":{"@id":"https:\/\/www.pressenza.com\/it\/2019\/02\/trattato-inf-chi-viola-cosa-perche-e-come\/"},"author":{"name":"Angelo Baracca","@id":"https:\/\/www.pressenza.com\/it\/#\/schema\/person\/c37578468de5b0400b2d01b65d64af92"},"headline":"Trattato INF: chi viola cosa, perch\u00e9, e come","datePublished":"2019-02-03T21:56:50+00:00","dateModified":"2019-02-04T07:32:35+00:00","mainEntityOfPage":{"@id":"https:\/\/www.pressenza.com\/it\/2019\/02\/trattato-inf-chi-viola-cosa-perche-e-come\/"},"wordCount":905,"publisher":{"@id":"https:\/\/www.pressenza.com\/it\/#organization"},"image":{"@id":"https:\/\/www.pressenza.com\/it\/2019\/02\/trattato-inf-chi-viola-cosa-perche-e-come\/#primaryimage"},"thumbnailUrl":"https:\/\/www.pressenza.com\/wp-content\/uploads\/2018\/10\/Reagan_and_Gorbachev_signing.jpg","keywords":["B-61","INF","Russia","USA"],"articleSection":["contenuti originali","Internazionale","Opinioni","Pace e Disarmo","Questioni internazionali"],"inLanguage":"it-IT"},{"@type":"WebPage","@id":"https:\/\/www.pressenza.com\/it\/2019\/02\/trattato-inf-chi-viola-cosa-perche-e-come\/","url":"https:\/\/www.pressenza.com\/it\/2019\/02\/trattato-inf-chi-viola-cosa-perche-e-come\/","name":"Trattato INF: chi viola cosa, perch\u00e9, e come","isPartOf":{"@id":"https:\/\/www.pressenza.com\/it\/#website"},"primaryImageOfPage":{"@id":"https:\/\/www.pressenza.com\/it\/2019\/02\/trattato-inf-chi-viola-cosa-perche-e-come\/#primaryimage"},"image":{"@id":"https:\/\/www.pressenza.com\/it\/2019\/02\/trattato-inf-chi-viola-cosa-perche-e-come\/#primaryimage"},"thumbnailUrl":"https:\/\/www.pressenza.com\/wp-content\/uploads\/2018\/10\/Reagan_and_Gorbachev_signing.jpg","datePublished":"2019-02-03T21:56:50+00:00","dateModified":"2019-02-04T07:32:35+00:00","description":"Le mistificazioni e la propaganda di una parte e dell'altra sull'uscita di USA e Russia dal trattato INF: una analisi puntuale e il riassunto delle puntate precedenti","breadcrumb":{"@id":"https:\/\/www.pressenza.com\/it\/2019\/02\/trattato-inf-chi-viola-cosa-perche-e-come\/#breadcrumb"},"inLanguage":"it-IT","potentialAction":[{"@type":"ReadAction","target":["https:\/\/www.pressenza.com\/it\/2019\/02\/trattato-inf-chi-viola-cosa-perche-e-come\/"]}]},{"@type":"ImageObject","inLanguage":"it-IT","@id":"https:\/\/www.pressenza.com\/it\/2019\/02\/trattato-inf-chi-viola-cosa-perche-e-come\/#primaryimage","url":"https:\/\/www.pressenza.com\/wp-content\/uploads\/2018\/10\/Reagan_and_Gorbachev_signing.jpg","contentUrl":"https:\/\/www.pressenza.com\/wp-content\/uploads\/2018\/10\/Reagan_and_Gorbachev_signing.jpg","width":750,"height":499},{"@type":"BreadcrumbList","@id":"https:\/\/www.pressenza.com\/it\/2019\/02\/trattato-inf-chi-viola-cosa-perche-e-come\/#breadcrumb","itemListElement":[{"@type":"ListItem","position":1,"name":"Accueil","item":"https:\/\/www.pressenza.com\/it\/"},{"@type":"ListItem","position":2,"name":"Trattato INF: chi viola cosa, perch\u00e9, e come"}]},{"@type":"WebSite","@id":"https:\/\/www.pressenza.com\/it\/#website","url":"https:\/\/www.pressenza.com\/it\/","name":"Pressenza","description":"Agenzia di Stampa Internazionale","publisher":{"@id":"https:\/\/www.pressenza.com\/it\/#organization"},"potentialAction":[{"@type":"SearchAction","target":{"@type":"EntryPoint","urlTemplate":"https:\/\/www.pressenza.com\/it\/?s={search_term_string}"},"query-input":{"@type":"PropertyValueSpecification","valueRequired":true,"valueName":"search_term_string"}}],"inLanguage":"it-IT"},{"@type":"Organization","@id":"https:\/\/www.pressenza.com\/it\/#organization","name":"Pressenza","url":"https:\/\/www.pressenza.com\/it\/","logo":{"@type":"ImageObject","inLanguage":"it-IT","@id":"https:\/\/www.pressenza.com\/it\/#\/schema\/logo\/image\/","url":"https:\/\/www.pressenza.com\/wp-content\/uploads\/2022\/10\/pressenza_logo_200x200.jpg","contentUrl":"https:\/\/www.pressenza.com\/wp-content\/uploads\/2022\/10\/pressenza_logo_200x200.jpg","width":200,"height":200,"caption":"Pressenza"},"image":{"@id":"https:\/\/www.pressenza.com\/it\/#\/schema\/logo\/image\/"},"sameAs":["https:\/\/www.facebook.com\/PressenzaItalia","https:\/\/x.com\/PressenzaIPA"]},{"@type":"Person","@id":"https:\/\/www.pressenza.com\/it\/#\/schema\/person\/c37578468de5b0400b2d01b65d64af92","name":"Angelo Baracca","description":"Professor of Physics at the University of Florence, Italy. Writer and scientist specialising in nuclear matters; pacifist activist and ecologist. He writes for Pressenza about nuclear questions.","url":"https:\/\/www.pressenza.com\/it\/author\/angelo-baracca\/"}]}},"place":"","original_article_url":"","_links":{"self":[{"href":"https:\/\/www.pressenza.com\/it\/wp-json\/wp\/v2\/posts\/801449","targetHints":{"allow":["GET"]}}],"collection":[{"href":"https:\/\/www.pressenza.com\/it\/wp-json\/wp\/v2\/posts"}],"about":[{"href":"https:\/\/www.pressenza.com\/it\/wp-json\/wp\/v2\/types\/post"}],"author":[{"embeddable":true,"href":"https:\/\/www.pressenza.com\/it\/wp-json\/wp\/v2\/users\/218"}],"replies":[{"embeddable":true,"href":"https:\/\/www.pressenza.com\/it\/wp-json\/wp\/v2\/comments?post=801449"}],"version-history":[{"count":0,"href":"https:\/\/www.pressenza.com\/it\/wp-json\/wp\/v2\/posts\/801449\/revisions"}],"wp:featuredmedia":[{"embeddable":true,"href":"https:\/\/www.pressenza.com\/it\/wp-json\/wp\/v2\/media\/741632"}],"wp:attachment":[{"href":"https:\/\/www.pressenza.com\/it\/wp-json\/wp\/v2\/media?parent=801449"}],"wp:term":[{"taxonomy":"category","embeddable":true,"href":"https:\/\/www.pressenza.com\/it\/wp-json\/wp\/v2\/categories?post=801449"},{"taxonomy":"post_tag","embeddable":true,"href":"https:\/\/www.pressenza.com\/it\/wp-json\/wp\/v2\/tags?post=801449"}],"curies":[{"name":"wp","href":"https:\/\/api.w.org\/{rel}","templated":true}]}}