{"id":79774,"date":"2013-12-06T18:16:55","date_gmt":"2013-12-06T18:16:55","guid":{"rendered":"http:\/\/www.pressenza.com\/?p=79774"},"modified":"2013-12-06T18:16:55","modified_gmt":"2013-12-06T18:16:55","slug":"fuori-tutti","status":"publish","type":"post","link":"https:\/\/www.pressenza.com\/it\/2013\/12\/fuori-tutti\/","title":{"rendered":"Fuori tutti"},"content":{"rendered":"<div id=\"container950\">\n<div id=\"middle\">\n<div id=\"middledestra\">\n<div id=\"forajax\">\n<div>\n<p><em><img decoding=\"async\" alt=\"\" src=\"http:\/\/www.partitoumanista.it\/3.0\/images\/comunicati\/fuori_tutti.jpg\" \/><\/em><\/p>\n<p>C\u2019\u00e8 qualcosa che non quadra. La Corte costituzionale ha giudicato incostituzionale l\u2019attuale legge elettorale pronunciandosi negativamente su due punti che sin dall\u2019inizio avevano suscitato non poche perplessit\u00e0: il premio di maggioranza assegnato, senza alcuna soglia, alla coalizione che avesse raccolto pi\u00f9 voti e le liste bloccate per tutti i parlamentari, estirpando dalle mani degli elettori il potere di decidere direttamente i propri rappresentanti tramite il voto di preferenza.<\/p>\n<p>A questo punto sorge spontanea una domanda: se questa legge elettorale oggi viene giudicata incostituzionale, perch\u00e9 questo avviene solo dopo ben 8 anni dal suo varo e non \u00e8 stata invece subito bloccata nel 2005, prima che venisse trasformata da disegno a legge dello stato?<br \/>\nPer ben tre volte, nel 2006, nel 2008 e nel 2013 siamo stati costretti a votare con un regolamento che non rispetta la Costituzione. Per ben tre volte si \u00e8 insediato un Parlamento i cui componenti non avevano alcun diritto di occuparne i seggi. Ci \u00e8 voluto un pool di avvocati che presentasse un ricorso alla Corte per far rispettare la Costituzione. Perch\u00e9?<\/p>\n<p><strong>C\u2019\u00e8, a nostro avviso, qualcosa che non funziona nelle istituzioni che dovrebbero garantire il rispetto della nostra Carta fondamentale ogni qualvolta c\u2019\u00e8 una legge che sta per essere approvata.<\/strong><br \/>\nCome possiamo, noi cittadini, sentirci sicuri di essere in uno stato realmente democratico, se coloro che, direttamente o indirettamente, abbiamo eletto sono i primi a dimenticare, ogni volta che fa loro comodo, che esiste una Costituzione?<br \/>\nQuesta vicenda rappresenta un altro segnale che il cuore dello stato \u00e8 malato e chi pu\u00f2 curarlo non pu\u00f2 essere certo chi lo ha fatto ammalare.<\/p>\n<p><strong>Si ritorni al pi\u00f9 presto al sistema proporzionale senza alcuna soglia di sbarramento o premio di maggioranza. Come passo successivo si dovranno aggiungere strumenti di Democrazia Diretta, fondamentali per consentire ai cittadini di diventare Sovrani, come tra l&#8217;altro suggerisce la Costituzione.<\/strong><br \/>\nDa 8 anni \u00e8 in atto una vera e propria occupazione illegittima del Parlamento. Fuori tutti e subito.<\/p>\n<div><a href=\"http:\/\/www.addthis.com\/bookmark.php\"><img decoding=\"async\" alt=\"AddThis Social Bookmark Button\" src=\"http:\/\/s7.addthis.com\/static\/btn\/v2\/lg-share-it.gif\" border=\"0\" \/><\/a><\/div>\n<\/div>\n<\/div>\n<\/div>\n<\/div>\n<\/div>\n","protected":false},"excerpt":{"rendered":"<p>C\u2019\u00e8 qualcosa che non quadra. La Corte costituzionale ha giudicato incostituzionale l\u2019attuale legge elettorale pronunciandosi negativamente su due punti che sin dall\u2019inizio avevano suscitato non poche perplessit\u00e0: il premio di maggioranza assegnato, senza alcuna soglia, alla coalizione che avesse raccolto&hellip;<\/p>\n","protected":false},"author":481,"featured_media":0,"comment_status":"closed","ping_status":"open","sticky":false,"template":"","format":"standard","meta":{"footnotes":""},"categories":[150,55],"tags":[1659,8113],"class_list":["post-79774","post","type-post","status-publish","format-standard","hentry","category-comunicati-stampa","category-politica","tag-legge-elettorale","tag-porcellum"],"yoast_head":"<!-- This site is optimized with the Yoast SEO plugin v27.1.1 - https:\/\/yoast.com\/product\/yoast-seo-wordpress\/ -->\n<title>Fuori tutti<\/title>\n<meta name=\"description\" content=\"C\u2019\u00e8 qualcosa che non quadra. La Corte costituzionale ha giudicato incostituzionale l\u2019attuale legge elettorale pronunciandosi negativamente su due punti\" \/>\n<meta name=\"robots\" content=\"index, follow, max-snippet:-1, max-image-preview:large, max-video-preview:-1\" \/>\n<link rel=\"canonical\" href=\"https:\/\/www.pressenza.com\/it\/2013\/12\/fuori-tutti\/\" \/>\n<meta property=\"og:locale\" content=\"it_IT\" \/>\n<meta property=\"og:type\" content=\"article\" \/>\n<meta property=\"og:title\" content=\"Fuori tutti\" \/>\n<meta property=\"og:description\" content=\"C\u2019\u00e8 qualcosa che non quadra. La Corte costituzionale ha giudicato incostituzionale l\u2019attuale legge elettorale pronunciandosi negativamente su due punti\" \/>\n<meta property=\"og:url\" content=\"https:\/\/www.pressenza.com\/it\/2013\/12\/fuori-tutti\/\" \/>\n<meta property=\"og:site_name\" content=\"Pressenza\" \/>\n<meta property=\"article:publisher\" content=\"https:\/\/www.facebook.com\/PressenzaItalia\" \/>\n<meta property=\"article:author\" content=\"https:\/\/www.facebook.com\/pages\/Partito-Umanista\/\" \/>\n<meta property=\"article:published_time\" content=\"2013-12-06T18:16:55+00:00\" \/>\n<meta property=\"og:image\" content=\"http:\/\/www.partitoumanista.it\/3.0\/images\/comunicati\/fuori_tutti.jpg\" \/>\n<meta name=\"author\" content=\"Partito Umanista\" \/>\n<meta name=\"twitter:card\" content=\"summary_large_image\" \/>\n<meta name=\"twitter:creator\" content=\"@partitoumanista\" \/>\n<meta name=\"twitter:site\" content=\"@PressenzaIPA\" \/>\n<meta name=\"twitter:label1\" content=\"Scritto da\" \/>\n\t<meta name=\"twitter:data1\" content=\"Partito Umanista\" \/>\n\t<meta name=\"twitter:label2\" content=\"Tempo di lettura stimato\" \/>\n\t<meta name=\"twitter:data2\" content=\"2 minuti\" \/>\n<script type=\"application\/ld+json\" class=\"yoast-schema-graph\">{\"@context\":\"https:\/\/schema.org\",\"@graph\":[{\"@type\":\"Article\",\"@id\":\"https:\/\/www.pressenza.com\/it\/2013\/12\/fuori-tutti\/#article\",\"isPartOf\":{\"@id\":\"https:\/\/www.pressenza.com\/it\/2013\/12\/fuori-tutti\/\"},\"author\":{\"name\":\"Partito Umanista\",\"@id\":\"https:\/\/www.pressenza.com\/it\/#\/schema\/person\/444a68b8b263dbd36ac1531293ea9cae\"},\"headline\":\"Fuori tutti\",\"datePublished\":\"2013-12-06T18:16:55+00:00\",\"mainEntityOfPage\":{\"@id\":\"https:\/\/www.pressenza.com\/it\/2013\/12\/fuori-tutti\/\"},\"wordCount\":320,\"publisher\":{\"@id\":\"https:\/\/www.pressenza.com\/it\/#organization\"},\"image\":{\"@id\":\"https:\/\/www.pressenza.com\/it\/2013\/12\/fuori-tutti\/#primaryimage\"},\"thumbnailUrl\":\"http:\/\/www.partitoumanista.it\/3.0\/images\/comunicati\/fuori_tutti.jpg\",\"keywords\":[\"legge elettorale\",\"porcellum\"],\"articleSection\":[\"Comunicati Stampa\",\"Politica\"],\"inLanguage\":\"it-IT\"},{\"@type\":\"WebPage\",\"@id\":\"https:\/\/www.pressenza.com\/it\/2013\/12\/fuori-tutti\/\",\"url\":\"https:\/\/www.pressenza.com\/it\/2013\/12\/fuori-tutti\/\",\"name\":\"Fuori tutti\",\"isPartOf\":{\"@id\":\"https:\/\/www.pressenza.com\/it\/#website\"},\"primaryImageOfPage\":{\"@id\":\"https:\/\/www.pressenza.com\/it\/2013\/12\/fuori-tutti\/#primaryimage\"},\"image\":{\"@id\":\"https:\/\/www.pressenza.com\/it\/2013\/12\/fuori-tutti\/#primaryimage\"},\"thumbnailUrl\":\"http:\/\/www.partitoumanista.it\/3.0\/images\/comunicati\/fuori_tutti.jpg\",\"datePublished\":\"2013-12-06T18:16:55+00:00\",\"description\":\"C\u2019\u00e8 qualcosa che non quadra. La Corte costituzionale ha giudicato incostituzionale l\u2019attuale legge elettorale pronunciandosi negativamente su due punti\",\"breadcrumb\":{\"@id\":\"https:\/\/www.pressenza.com\/it\/2013\/12\/fuori-tutti\/#breadcrumb\"},\"inLanguage\":\"it-IT\",\"potentialAction\":[{\"@type\":\"ReadAction\",\"target\":[\"https:\/\/www.pressenza.com\/it\/2013\/12\/fuori-tutti\/\"]}]},{\"@type\":\"ImageObject\",\"inLanguage\":\"it-IT\",\"@id\":\"https:\/\/www.pressenza.com\/it\/2013\/12\/fuori-tutti\/#primaryimage\",\"url\":\"http:\/\/www.partitoumanista.it\/3.0\/images\/comunicati\/fuori_tutti.jpg\",\"contentUrl\":\"http:\/\/www.partitoumanista.it\/3.0\/images\/comunicati\/fuori_tutti.jpg\"},{\"@type\":\"BreadcrumbList\",\"@id\":\"https:\/\/www.pressenza.com\/it\/2013\/12\/fuori-tutti\/#breadcrumb\",\"itemListElement\":[{\"@type\":\"ListItem\",\"position\":1,\"name\":\"Accueil\",\"item\":\"https:\/\/www.pressenza.com\/it\/\"},{\"@type\":\"ListItem\",\"position\":2,\"name\":\"Fuori tutti\"}]},{\"@type\":\"WebSite\",\"@id\":\"https:\/\/www.pressenza.com\/it\/#website\",\"url\":\"https:\/\/www.pressenza.com\/it\/\",\"name\":\"Pressenza\",\"description\":\"Agenzia di Stampa Internazionale\",\"publisher\":{\"@id\":\"https:\/\/www.pressenza.com\/it\/#organization\"},\"potentialAction\":[{\"@type\":\"SearchAction\",\"target\":{\"@type\":\"EntryPoint\",\"urlTemplate\":\"https:\/\/www.pressenza.com\/it\/?s={search_term_string}\"},\"query-input\":{\"@type\":\"PropertyValueSpecification\",\"valueRequired\":true,\"valueName\":\"search_term_string\"}}],\"inLanguage\":\"it-IT\"},{\"@type\":\"Organization\",\"@id\":\"https:\/\/www.pressenza.com\/it\/#organization\",\"name\":\"Pressenza\",\"url\":\"https:\/\/www.pressenza.com\/it\/\",\"logo\":{\"@type\":\"ImageObject\",\"inLanguage\":\"it-IT\",\"@id\":\"https:\/\/www.pressenza.com\/it\/#\/schema\/logo\/image\/\",\"url\":\"https:\/\/www.pressenza.com\/wp-content\/uploads\/2022\/10\/pressenza_logo_200x200.jpg\",\"contentUrl\":\"https:\/\/www.pressenza.com\/wp-content\/uploads\/2022\/10\/pressenza_logo_200x200.jpg\",\"width\":200,\"height\":200,\"caption\":\"Pressenza\"},\"image\":{\"@id\":\"https:\/\/www.pressenza.com\/it\/#\/schema\/logo\/image\/\"},\"sameAs\":[\"https:\/\/www.facebook.com\/PressenzaItalia\",\"https:\/\/x.com\/PressenzaIPA\"]},{\"@type\":\"Person\",\"@id\":\"https:\/\/www.pressenza.com\/it\/#\/schema\/person\/444a68b8b263dbd36ac1531293ea9cae\",\"name\":\"Partito Umanista\",\"description\":\"www.partitoumanista.it\",\"sameAs\":[\"http:\/\/www.partitoumanista.it\",\"https:\/\/www.facebook.com\/pages\/Partito-Umanista\/\",\"https:\/\/x.com\/partitoumanista\"],\"url\":\"https:\/\/www.pressenza.com\/it\/author\/partito-umanista\/\"}]}<\/script>\n<!-- \/ Yoast SEO plugin. -->","yoast_head_json":{"title":"Fuori tutti","description":"C\u2019\u00e8 qualcosa che non quadra. La Corte costituzionale ha giudicato incostituzionale l\u2019attuale legge elettorale pronunciandosi negativamente su due punti","robots":{"index":"index","follow":"follow","max-snippet":"max-snippet:-1","max-image-preview":"max-image-preview:large","max-video-preview":"max-video-preview:-1"},"canonical":"https:\/\/www.pressenza.com\/it\/2013\/12\/fuori-tutti\/","og_locale":"it_IT","og_type":"article","og_title":"Fuori tutti","og_description":"C\u2019\u00e8 qualcosa che non quadra. La Corte costituzionale ha giudicato incostituzionale l\u2019attuale legge elettorale pronunciandosi negativamente su due punti","og_url":"https:\/\/www.pressenza.com\/it\/2013\/12\/fuori-tutti\/","og_site_name":"Pressenza","article_publisher":"https:\/\/www.facebook.com\/PressenzaItalia","article_author":"https:\/\/www.facebook.com\/pages\/Partito-Umanista\/","article_published_time":"2013-12-06T18:16:55+00:00","og_image":[{"url":"http:\/\/www.partitoumanista.it\/3.0\/images\/comunicati\/fuori_tutti.jpg","type":"","width":"","height":""}],"author":"Partito Umanista","twitter_card":"summary_large_image","twitter_creator":"@partitoumanista","twitter_site":"@PressenzaIPA","twitter_misc":{"Scritto da":"Partito Umanista","Tempo di lettura stimato":"2 minuti"},"schema":{"@context":"https:\/\/schema.org","@graph":[{"@type":"Article","@id":"https:\/\/www.pressenza.com\/it\/2013\/12\/fuori-tutti\/#article","isPartOf":{"@id":"https:\/\/www.pressenza.com\/it\/2013\/12\/fuori-tutti\/"},"author":{"name":"Partito Umanista","@id":"https:\/\/www.pressenza.com\/it\/#\/schema\/person\/444a68b8b263dbd36ac1531293ea9cae"},"headline":"Fuori tutti","datePublished":"2013-12-06T18:16:55+00:00","mainEntityOfPage":{"@id":"https:\/\/www.pressenza.com\/it\/2013\/12\/fuori-tutti\/"},"wordCount":320,"publisher":{"@id":"https:\/\/www.pressenza.com\/it\/#organization"},"image":{"@id":"https:\/\/www.pressenza.com\/it\/2013\/12\/fuori-tutti\/#primaryimage"},"thumbnailUrl":"http:\/\/www.partitoumanista.it\/3.0\/images\/comunicati\/fuori_tutti.jpg","keywords":["legge elettorale","porcellum"],"articleSection":["Comunicati Stampa","Politica"],"inLanguage":"it-IT"},{"@type":"WebPage","@id":"https:\/\/www.pressenza.com\/it\/2013\/12\/fuori-tutti\/","url":"https:\/\/www.pressenza.com\/it\/2013\/12\/fuori-tutti\/","name":"Fuori tutti","isPartOf":{"@id":"https:\/\/www.pressenza.com\/it\/#website"},"primaryImageOfPage":{"@id":"https:\/\/www.pressenza.com\/it\/2013\/12\/fuori-tutti\/#primaryimage"},"image":{"@id":"https:\/\/www.pressenza.com\/it\/2013\/12\/fuori-tutti\/#primaryimage"},"thumbnailUrl":"http:\/\/www.partitoumanista.it\/3.0\/images\/comunicati\/fuori_tutti.jpg","datePublished":"2013-12-06T18:16:55+00:00","description":"C\u2019\u00e8 qualcosa che non quadra. La Corte costituzionale ha giudicato incostituzionale l\u2019attuale legge elettorale pronunciandosi negativamente su due punti","breadcrumb":{"@id":"https:\/\/www.pressenza.com\/it\/2013\/12\/fuori-tutti\/#breadcrumb"},"inLanguage":"it-IT","potentialAction":[{"@type":"ReadAction","target":["https:\/\/www.pressenza.com\/it\/2013\/12\/fuori-tutti\/"]}]},{"@type":"ImageObject","inLanguage":"it-IT","@id":"https:\/\/www.pressenza.com\/it\/2013\/12\/fuori-tutti\/#primaryimage","url":"http:\/\/www.partitoumanista.it\/3.0\/images\/comunicati\/fuori_tutti.jpg","contentUrl":"http:\/\/www.partitoumanista.it\/3.0\/images\/comunicati\/fuori_tutti.jpg"},{"@type":"BreadcrumbList","@id":"https:\/\/www.pressenza.com\/it\/2013\/12\/fuori-tutti\/#breadcrumb","itemListElement":[{"@type":"ListItem","position":1,"name":"Accueil","item":"https:\/\/www.pressenza.com\/it\/"},{"@type":"ListItem","position":2,"name":"Fuori tutti"}]},{"@type":"WebSite","@id":"https:\/\/www.pressenza.com\/it\/#website","url":"https:\/\/www.pressenza.com\/it\/","name":"Pressenza","description":"Agenzia di Stampa Internazionale","publisher":{"@id":"https:\/\/www.pressenza.com\/it\/#organization"},"potentialAction":[{"@type":"SearchAction","target":{"@type":"EntryPoint","urlTemplate":"https:\/\/www.pressenza.com\/it\/?s={search_term_string}"},"query-input":{"@type":"PropertyValueSpecification","valueRequired":true,"valueName":"search_term_string"}}],"inLanguage":"it-IT"},{"@type":"Organization","@id":"https:\/\/www.pressenza.com\/it\/#organization","name":"Pressenza","url":"https:\/\/www.pressenza.com\/it\/","logo":{"@type":"ImageObject","inLanguage":"it-IT","@id":"https:\/\/www.pressenza.com\/it\/#\/schema\/logo\/image\/","url":"https:\/\/www.pressenza.com\/wp-content\/uploads\/2022\/10\/pressenza_logo_200x200.jpg","contentUrl":"https:\/\/www.pressenza.com\/wp-content\/uploads\/2022\/10\/pressenza_logo_200x200.jpg","width":200,"height":200,"caption":"Pressenza"},"image":{"@id":"https:\/\/www.pressenza.com\/it\/#\/schema\/logo\/image\/"},"sameAs":["https:\/\/www.facebook.com\/PressenzaItalia","https:\/\/x.com\/PressenzaIPA"]},{"@type":"Person","@id":"https:\/\/www.pressenza.com\/it\/#\/schema\/person\/444a68b8b263dbd36ac1531293ea9cae","name":"Partito Umanista","description":"www.partitoumanista.it","sameAs":["http:\/\/www.partitoumanista.it","https:\/\/www.facebook.com\/pages\/Partito-Umanista\/","https:\/\/x.com\/partitoumanista"],"url":"https:\/\/www.pressenza.com\/it\/author\/partito-umanista\/"}]}},"place":"","original_article_url":"","_links":{"self":[{"href":"https:\/\/www.pressenza.com\/it\/wp-json\/wp\/v2\/posts\/79774","targetHints":{"allow":["GET"]}}],"collection":[{"href":"https:\/\/www.pressenza.com\/it\/wp-json\/wp\/v2\/posts"}],"about":[{"href":"https:\/\/www.pressenza.com\/it\/wp-json\/wp\/v2\/types\/post"}],"author":[{"embeddable":true,"href":"https:\/\/www.pressenza.com\/it\/wp-json\/wp\/v2\/users\/481"}],"replies":[{"embeddable":true,"href":"https:\/\/www.pressenza.com\/it\/wp-json\/wp\/v2\/comments?post=79774"}],"version-history":[{"count":0,"href":"https:\/\/www.pressenza.com\/it\/wp-json\/wp\/v2\/posts\/79774\/revisions"}],"wp:attachment":[{"href":"https:\/\/www.pressenza.com\/it\/wp-json\/wp\/v2\/media?parent=79774"}],"wp:term":[{"taxonomy":"category","embeddable":true,"href":"https:\/\/www.pressenza.com\/it\/wp-json\/wp\/v2\/categories?post=79774"},{"taxonomy":"post_tag","embeddable":true,"href":"https:\/\/www.pressenza.com\/it\/wp-json\/wp\/v2\/tags?post=79774"}],"curies":[{"name":"wp","href":"https:\/\/api.w.org\/{rel}","templated":true}]}}