{"id":788487,"date":"2019-01-14T12:48:01","date_gmt":"2019-01-14T12:48:01","guid":{"rendered":"https:\/\/www.pressenza.com\/?p=788487"},"modified":"2019-01-14T12:48:01","modified_gmt":"2019-01-14T12:48:01","slug":"giornalisti-siriani-nel-mirino","status":"publish","type":"post","link":"https:\/\/www.pressenza.com\/it\/2019\/01\/giornalisti-siriani-nel-mirino\/","title":{"rendered":"Giornalisti siriani nel mirino"},"content":{"rendered":"<p>A quasi otto anni dall\u2019inizio della guerra in Siria le violenze contro i giornalisti continuano ad essere all\u2019ordine del giorno. Secondo il report diffuso dal Syrian Network for Human Rights \u2013 \u00a0SNHR \u2013 \u00a0nel 2018 sono stati 24 i giornalisti uccisi, compresi i citizen reporter, 28 quelli rimasti feriti e 31 quelli arrestati o sequestrati.<\/p>\n<p>Secondo lo studio, tutte le parti coinvolte nel conflitto \u2013 regime, Isis, gruppi estremisti, forze russe,\u00a0milizie curde PYD, forze d\u2019opposizione armata si sono macchiati di crimini contro i civili, ma l\u201983% delle violazioni sono imputabili al governo di Damasco.\u00a0 Questo drammatico quadro posiziona la Siria al 177\u00b0 posto su 180 nella classifica di Reporters Without Border\u2019s Press Index 2018. Secondo la medesima associazione, 59 dei 60 giornalisti che sono stati rapiti nel 2018 si trovavano tra Siria, Iraq e Yemen.<\/p>\n<p>In base al rapporto, il regime ha ucciso 13 operatori dell\u2019informazione; 4 sono quelli caduti sotto i colpi dell\u2019Isis, 3 quelli uccisi da altre formazioni estremiste, tra cui Hayat Tahrir al Sham, tre quelli uccisi da altre formazioni, due quelli rimasti senza vita a cause delle forze russe, mentre PYD e fazioni dell\u2019opposizione armata hanno rispettivamente provocato la morte di 1 giornalista.<\/p>\n<p>Per tutti i giornalisti siriani non c\u2019\u00e8 pace, e considerato il percorso politico, che volge verso una riabilitazione del regime di al Assad, si pu\u00f2 affermare che mancano completamente i presupposti di un processo per crimini di guerra, che mandi alla sbarra i responsabili, e ridia giustizia alle vittime di violenze, tortura e omicidio.<\/p>\n<p>Le storie degli operatori dell\u2019informazione colpiti mentre svolgevano il proprio lavoro meriterebbero di essere raccontate tutte, una per una. Questa sintesi cerca di ricostruire alcune delle loro vicende. Nel mese di dicembre le forze governative hanno arrestato a Damasco il media-attivista Wissam al-Tair, amministratore di Dimashq al Aan\u2019Network. Di lui non si hanno ancora notizie. Dopo circa un mese di prigionia, la fotografa e operatrice umanitaria Delshan Qarajoul \u00e8 stata rilasciata alle porte di Aleppo.<\/p>\n<p>La reporter di trovava nelle mani di un gruppo legato all\u2019opposizione armata, che l\u2019ha arrestata ad Afrin. \u00a0Il gruppo islamista Hayat Tahrir al Sham \u00e8 colpevole dell\u2019omicidio, lo scorso 23 novembre, di Raed Mahmoud, direttore di Radio Fresh, personaggio simbolo della lotta non violenta del popolo siriano, conosciuto per il suo impegno per la democrazia nella citt\u00e0 di Kafranbel. Insieme a lui, nello stesso agguato mortale, ha perso la vita Hamoud Jneed, membro di Radio Fresh, attivo nel documentare con le sue foto e i suoi documentari le sofferenze dei civili siriani. Con loro \u00e8 morto lo spirito stesso della rivolta siriana, che nel 2011 era scandita dalle parole horriye, libert\u00e0 e karama, dignit\u00e0. Si pu\u00f2 dire, senza rischiare di esagerare, che quello che \u00e8 successo in Siria negli ultimi anni ha minato la libert\u00e0 di stampa in tutto il mondo.<\/p>\n<p>Una notizia buona \u00e8 giunta, in questo quadro drammatico, il 23 ottobre, con il rilascio, che secondo SNHR \u00e8 avvenuto dietro al pagamento di un riscatto, del giornalista giapponese Jumpei Yasuda, sequestrato nel luglio del 2015 a Salhab, nei sobborghi di Idlib.<\/p>\n","protected":false},"excerpt":{"rendered":"<p>A quasi otto anni dall\u2019inizio della guerra in Siria le violenze contro i giornalisti continuano ad essere all\u2019ordine del giorno. Secondo il report diffuso dal Syrian Network for Human Rights \u2013 \u00a0SNHR \u2013 \u00a0nel 2018 sono stati 24 i giornalisti&hellip;<\/p>\n","protected":false},"author":1469,"featured_media":788488,"comment_status":"closed","ping_status":"closed","sticky":false,"template":"","format":"standard","meta":{"footnotes":""},"categories":[60,52,162],"tags":[9217,666,234,53640],"class_list":["post-788487","post","type-post","status-publish","format-standard","has-post-thumbnail","hentry","category-diritti-umani","category-medio-oriente","category-opinioni","tag-liberta-di-espressione","tag-liberta-di-stampa","tag-siria-it","tag-syrian-network-for-human-rights"],"yoast_head":"<!-- This site is optimized with the Yoast SEO plugin v27.1.1 - https:\/\/yoast.com\/product\/yoast-seo-wordpress\/ -->\n<title>Giornalisti siriani nel mirino<\/title>\n<meta name=\"description\" content=\"A quasi otto anni dall\u2019inizio della guerra in Siria le violenze contro i giornalisti continuano ad essere all\u2019ordine del giorno. Secondo il report diffuso\" \/>\n<meta name=\"robots\" content=\"index, follow, max-snippet:-1, max-image-preview:large, max-video-preview:-1\" \/>\n<link rel=\"canonical\" href=\"https:\/\/www.pressenza.com\/it\/2019\/01\/giornalisti-siriani-nel-mirino\/\" \/>\n<meta property=\"og:locale\" content=\"it_IT\" \/>\n<meta property=\"og:type\" content=\"article\" \/>\n<meta property=\"og:title\" content=\"Giornalisti siriani nel mirino\" \/>\n<meta property=\"og:description\" content=\"A quasi otto anni dall\u2019inizio della guerra in Siria le violenze contro i giornalisti continuano ad essere all\u2019ordine del giorno. Secondo il report diffuso\" \/>\n<meta property=\"og:url\" content=\"https:\/\/www.pressenza.com\/it\/2019\/01\/giornalisti-siriani-nel-mirino\/\" \/>\n<meta property=\"og:site_name\" content=\"Pressenza\" \/>\n<meta property=\"article:publisher\" content=\"https:\/\/www.facebook.com\/PressenzaItalia\" \/>\n<meta property=\"article:published_time\" content=\"2019-01-14T12:48:01+00:00\" \/>\n<meta property=\"og:image\" content=\"https:\/\/www.pressenza.com\/wp-content\/uploads\/2019\/01\/siria-giornalisti-vittime-guerra-orig_main.jpg\" \/>\n\t<meta property=\"og:image:width\" content=\"802\" \/>\n\t<meta property=\"og:image:height\" content=\"430\" \/>\n\t<meta property=\"og:image:type\" content=\"image\/jpeg\" \/>\n<meta name=\"author\" content=\"Articolo 21\" \/>\n<meta name=\"twitter:card\" content=\"summary_large_image\" \/>\n<meta name=\"twitter:creator\" content=\"@PressenzaIPA\" \/>\n<meta name=\"twitter:site\" content=\"@PressenzaIPA\" \/>\n<meta name=\"twitter:label1\" content=\"Scritto da\" \/>\n\t<meta name=\"twitter:data1\" content=\"Articolo 21\" \/>\n\t<meta name=\"twitter:label2\" content=\"Tempo di lettura stimato\" \/>\n\t<meta name=\"twitter:data2\" content=\"2 minuti\" \/>\n<script type=\"application\/ld+json\" class=\"yoast-schema-graph\">{\"@context\":\"https:\/\/schema.org\",\"@graph\":[{\"@type\":\"Article\",\"@id\":\"https:\/\/www.pressenza.com\/it\/2019\/01\/giornalisti-siriani-nel-mirino\/#article\",\"isPartOf\":{\"@id\":\"https:\/\/www.pressenza.com\/it\/2019\/01\/giornalisti-siriani-nel-mirino\/\"},\"author\":{\"name\":\"Articolo 21\",\"@id\":\"https:\/\/www.pressenza.com\/it\/#\/schema\/person\/08ea736e2bdeb73186ff26f6bee319d8\"},\"headline\":\"Giornalisti siriani nel mirino\",\"datePublished\":\"2019-01-14T12:48:01+00:00\",\"mainEntityOfPage\":{\"@id\":\"https:\/\/www.pressenza.com\/it\/2019\/01\/giornalisti-siriani-nel-mirino\/\"},\"wordCount\":499,\"publisher\":{\"@id\":\"https:\/\/www.pressenza.com\/it\/#organization\"},\"image\":{\"@id\":\"https:\/\/www.pressenza.com\/it\/2019\/01\/giornalisti-siriani-nel-mirino\/#primaryimage\"},\"thumbnailUrl\":\"https:\/\/www.pressenza.com\/wp-content\/uploads\/2019\/01\/siria-giornalisti-vittime-guerra-orig_main.jpg\",\"keywords\":[\"libert\u00e0 di espressione\",\"libert\u00e0 di stampa\",\"Siria\",\"Syrian Network for Human Rights\"],\"articleSection\":[\"Diritti Umani\",\"Medio Oriente\",\"Opinioni\"],\"inLanguage\":\"it-IT\"},{\"@type\":\"WebPage\",\"@id\":\"https:\/\/www.pressenza.com\/it\/2019\/01\/giornalisti-siriani-nel-mirino\/\",\"url\":\"https:\/\/www.pressenza.com\/it\/2019\/01\/giornalisti-siriani-nel-mirino\/\",\"name\":\"Giornalisti siriani nel mirino\",\"isPartOf\":{\"@id\":\"https:\/\/www.pressenza.com\/it\/#website\"},\"primaryImageOfPage\":{\"@id\":\"https:\/\/www.pressenza.com\/it\/2019\/01\/giornalisti-siriani-nel-mirino\/#primaryimage\"},\"image\":{\"@id\":\"https:\/\/www.pressenza.com\/it\/2019\/01\/giornalisti-siriani-nel-mirino\/#primaryimage\"},\"thumbnailUrl\":\"https:\/\/www.pressenza.com\/wp-content\/uploads\/2019\/01\/siria-giornalisti-vittime-guerra-orig_main.jpg\",\"datePublished\":\"2019-01-14T12:48:01+00:00\",\"description\":\"A quasi otto anni dall\u2019inizio della guerra in Siria le violenze contro i giornalisti continuano ad essere all\u2019ordine del giorno. Secondo il report diffuso\",\"breadcrumb\":{\"@id\":\"https:\/\/www.pressenza.com\/it\/2019\/01\/giornalisti-siriani-nel-mirino\/#breadcrumb\"},\"inLanguage\":\"it-IT\",\"potentialAction\":[{\"@type\":\"ReadAction\",\"target\":[\"https:\/\/www.pressenza.com\/it\/2019\/01\/giornalisti-siriani-nel-mirino\/\"]}]},{\"@type\":\"ImageObject\",\"inLanguage\":\"it-IT\",\"@id\":\"https:\/\/www.pressenza.com\/it\/2019\/01\/giornalisti-siriani-nel-mirino\/#primaryimage\",\"url\":\"https:\/\/www.pressenza.com\/wp-content\/uploads\/2019\/01\/siria-giornalisti-vittime-guerra-orig_main.jpg\",\"contentUrl\":\"https:\/\/www.pressenza.com\/wp-content\/uploads\/2019\/01\/siria-giornalisti-vittime-guerra-orig_main.jpg\",\"width\":802,\"height\":430},{\"@type\":\"BreadcrumbList\",\"@id\":\"https:\/\/www.pressenza.com\/it\/2019\/01\/giornalisti-siriani-nel-mirino\/#breadcrumb\",\"itemListElement\":[{\"@type\":\"ListItem\",\"position\":1,\"name\":\"Accueil\",\"item\":\"https:\/\/www.pressenza.com\/it\/\"},{\"@type\":\"ListItem\",\"position\":2,\"name\":\"Giornalisti siriani nel mirino\"}]},{\"@type\":\"WebSite\",\"@id\":\"https:\/\/www.pressenza.com\/it\/#website\",\"url\":\"https:\/\/www.pressenza.com\/it\/\",\"name\":\"Pressenza\",\"description\":\"Agenzia di Stampa Internazionale\",\"publisher\":{\"@id\":\"https:\/\/www.pressenza.com\/it\/#organization\"},\"potentialAction\":[{\"@type\":\"SearchAction\",\"target\":{\"@type\":\"EntryPoint\",\"urlTemplate\":\"https:\/\/www.pressenza.com\/it\/?s={search_term_string}\"},\"query-input\":{\"@type\":\"PropertyValueSpecification\",\"valueRequired\":true,\"valueName\":\"search_term_string\"}}],\"inLanguage\":\"it-IT\"},{\"@type\":\"Organization\",\"@id\":\"https:\/\/www.pressenza.com\/it\/#organization\",\"name\":\"Pressenza\",\"url\":\"https:\/\/www.pressenza.com\/it\/\",\"logo\":{\"@type\":\"ImageObject\",\"inLanguage\":\"it-IT\",\"@id\":\"https:\/\/www.pressenza.com\/it\/#\/schema\/logo\/image\/\",\"url\":\"https:\/\/www.pressenza.com\/wp-content\/uploads\/2022\/10\/pressenza_logo_200x200.jpg\",\"contentUrl\":\"https:\/\/www.pressenza.com\/wp-content\/uploads\/2022\/10\/pressenza_logo_200x200.jpg\",\"width\":200,\"height\":200,\"caption\":\"Pressenza\"},\"image\":{\"@id\":\"https:\/\/www.pressenza.com\/it\/#\/schema\/logo\/image\/\"},\"sameAs\":[\"https:\/\/www.facebook.com\/PressenzaItalia\",\"https:\/\/x.com\/PressenzaIPA\"]},{\"@type\":\"Person\",\"@id\":\"https:\/\/www.pressenza.com\/it\/#\/schema\/person\/08ea736e2bdeb73186ff26f6bee319d8\",\"name\":\"Articolo 21\",\"description\":\"Articolo 21, liberi di\u2026 \u00e8 un\u2019associazione nata il 27 febbraio 2002 che riunisce esponenti del mondo della comunicazione, della cultura e dello spettacolo; giornalisti, giuristi, economisti che si propongono di promuovere il principio della libert\u00e0 di manifestazione del pensiero (oggetto dell\u2019Articolo 21 della Costituzione italiana da cui il nome).\",\"sameAs\":[\"https:\/\/www.articolo21.org\"],\"url\":\"https:\/\/www.pressenza.com\/it\/author\/articolo-21\/\"}]}<\/script>\n<!-- \/ Yoast SEO plugin. -->","yoast_head_json":{"title":"Giornalisti siriani nel mirino","description":"A quasi otto anni dall\u2019inizio della guerra in Siria le violenze contro i giornalisti continuano ad essere all\u2019ordine del giorno. Secondo il report diffuso","robots":{"index":"index","follow":"follow","max-snippet":"max-snippet:-1","max-image-preview":"max-image-preview:large","max-video-preview":"max-video-preview:-1"},"canonical":"https:\/\/www.pressenza.com\/it\/2019\/01\/giornalisti-siriani-nel-mirino\/","og_locale":"it_IT","og_type":"article","og_title":"Giornalisti siriani nel mirino","og_description":"A quasi otto anni dall\u2019inizio della guerra in Siria le violenze contro i giornalisti continuano ad essere all\u2019ordine del giorno. Secondo il report diffuso","og_url":"https:\/\/www.pressenza.com\/it\/2019\/01\/giornalisti-siriani-nel-mirino\/","og_site_name":"Pressenza","article_publisher":"https:\/\/www.facebook.com\/PressenzaItalia","article_published_time":"2019-01-14T12:48:01+00:00","og_image":[{"width":802,"height":430,"url":"https:\/\/www.pressenza.com\/wp-content\/uploads\/2019\/01\/siria-giornalisti-vittime-guerra-orig_main.jpg","type":"image\/jpeg"}],"author":"Articolo 21","twitter_card":"summary_large_image","twitter_creator":"@PressenzaIPA","twitter_site":"@PressenzaIPA","twitter_misc":{"Scritto da":"Articolo 21","Tempo di lettura stimato":"2 minuti"},"schema":{"@context":"https:\/\/schema.org","@graph":[{"@type":"Article","@id":"https:\/\/www.pressenza.com\/it\/2019\/01\/giornalisti-siriani-nel-mirino\/#article","isPartOf":{"@id":"https:\/\/www.pressenza.com\/it\/2019\/01\/giornalisti-siriani-nel-mirino\/"},"author":{"name":"Articolo 21","@id":"https:\/\/www.pressenza.com\/it\/#\/schema\/person\/08ea736e2bdeb73186ff26f6bee319d8"},"headline":"Giornalisti siriani nel mirino","datePublished":"2019-01-14T12:48:01+00:00","mainEntityOfPage":{"@id":"https:\/\/www.pressenza.com\/it\/2019\/01\/giornalisti-siriani-nel-mirino\/"},"wordCount":499,"publisher":{"@id":"https:\/\/www.pressenza.com\/it\/#organization"},"image":{"@id":"https:\/\/www.pressenza.com\/it\/2019\/01\/giornalisti-siriani-nel-mirino\/#primaryimage"},"thumbnailUrl":"https:\/\/www.pressenza.com\/wp-content\/uploads\/2019\/01\/siria-giornalisti-vittime-guerra-orig_main.jpg","keywords":["libert\u00e0 di espressione","libert\u00e0 di stampa","Siria","Syrian Network for Human Rights"],"articleSection":["Diritti Umani","Medio Oriente","Opinioni"],"inLanguage":"it-IT"},{"@type":"WebPage","@id":"https:\/\/www.pressenza.com\/it\/2019\/01\/giornalisti-siriani-nel-mirino\/","url":"https:\/\/www.pressenza.com\/it\/2019\/01\/giornalisti-siriani-nel-mirino\/","name":"Giornalisti siriani nel mirino","isPartOf":{"@id":"https:\/\/www.pressenza.com\/it\/#website"},"primaryImageOfPage":{"@id":"https:\/\/www.pressenza.com\/it\/2019\/01\/giornalisti-siriani-nel-mirino\/#primaryimage"},"image":{"@id":"https:\/\/www.pressenza.com\/it\/2019\/01\/giornalisti-siriani-nel-mirino\/#primaryimage"},"thumbnailUrl":"https:\/\/www.pressenza.com\/wp-content\/uploads\/2019\/01\/siria-giornalisti-vittime-guerra-orig_main.jpg","datePublished":"2019-01-14T12:48:01+00:00","description":"A quasi otto anni dall\u2019inizio della guerra in Siria le violenze contro i giornalisti continuano ad essere all\u2019ordine del giorno. Secondo il report diffuso","breadcrumb":{"@id":"https:\/\/www.pressenza.com\/it\/2019\/01\/giornalisti-siriani-nel-mirino\/#breadcrumb"},"inLanguage":"it-IT","potentialAction":[{"@type":"ReadAction","target":["https:\/\/www.pressenza.com\/it\/2019\/01\/giornalisti-siriani-nel-mirino\/"]}]},{"@type":"ImageObject","inLanguage":"it-IT","@id":"https:\/\/www.pressenza.com\/it\/2019\/01\/giornalisti-siriani-nel-mirino\/#primaryimage","url":"https:\/\/www.pressenza.com\/wp-content\/uploads\/2019\/01\/siria-giornalisti-vittime-guerra-orig_main.jpg","contentUrl":"https:\/\/www.pressenza.com\/wp-content\/uploads\/2019\/01\/siria-giornalisti-vittime-guerra-orig_main.jpg","width":802,"height":430},{"@type":"BreadcrumbList","@id":"https:\/\/www.pressenza.com\/it\/2019\/01\/giornalisti-siriani-nel-mirino\/#breadcrumb","itemListElement":[{"@type":"ListItem","position":1,"name":"Accueil","item":"https:\/\/www.pressenza.com\/it\/"},{"@type":"ListItem","position":2,"name":"Giornalisti siriani nel mirino"}]},{"@type":"WebSite","@id":"https:\/\/www.pressenza.com\/it\/#website","url":"https:\/\/www.pressenza.com\/it\/","name":"Pressenza","description":"Agenzia di Stampa Internazionale","publisher":{"@id":"https:\/\/www.pressenza.com\/it\/#organization"},"potentialAction":[{"@type":"SearchAction","target":{"@type":"EntryPoint","urlTemplate":"https:\/\/www.pressenza.com\/it\/?s={search_term_string}"},"query-input":{"@type":"PropertyValueSpecification","valueRequired":true,"valueName":"search_term_string"}}],"inLanguage":"it-IT"},{"@type":"Organization","@id":"https:\/\/www.pressenza.com\/it\/#organization","name":"Pressenza","url":"https:\/\/www.pressenza.com\/it\/","logo":{"@type":"ImageObject","inLanguage":"it-IT","@id":"https:\/\/www.pressenza.com\/it\/#\/schema\/logo\/image\/","url":"https:\/\/www.pressenza.com\/wp-content\/uploads\/2022\/10\/pressenza_logo_200x200.jpg","contentUrl":"https:\/\/www.pressenza.com\/wp-content\/uploads\/2022\/10\/pressenza_logo_200x200.jpg","width":200,"height":200,"caption":"Pressenza"},"image":{"@id":"https:\/\/www.pressenza.com\/it\/#\/schema\/logo\/image\/"},"sameAs":["https:\/\/www.facebook.com\/PressenzaItalia","https:\/\/x.com\/PressenzaIPA"]},{"@type":"Person","@id":"https:\/\/www.pressenza.com\/it\/#\/schema\/person\/08ea736e2bdeb73186ff26f6bee319d8","name":"Articolo 21","description":"Articolo 21, liberi di\u2026 \u00e8 un\u2019associazione nata il 27 febbraio 2002 che riunisce esponenti del mondo della comunicazione, della cultura e dello spettacolo; giornalisti, giuristi, economisti che si propongono di promuovere il principio della libert\u00e0 di manifestazione del pensiero (oggetto dell\u2019Articolo 21 della Costituzione italiana da cui il nome).","sameAs":["https:\/\/www.articolo21.org"],"url":"https:\/\/www.pressenza.com\/it\/author\/articolo-21\/"}]}},"place":"","original_article_url":"https:\/\/www.articolo21.org\/2019\/01\/giornalisti-siriani-nel-mirino\/","_links":{"self":[{"href":"https:\/\/www.pressenza.com\/it\/wp-json\/wp\/v2\/posts\/788487","targetHints":{"allow":["GET"]}}],"collection":[{"href":"https:\/\/www.pressenza.com\/it\/wp-json\/wp\/v2\/posts"}],"about":[{"href":"https:\/\/www.pressenza.com\/it\/wp-json\/wp\/v2\/types\/post"}],"author":[{"embeddable":true,"href":"https:\/\/www.pressenza.com\/it\/wp-json\/wp\/v2\/users\/1469"}],"replies":[{"embeddable":true,"href":"https:\/\/www.pressenza.com\/it\/wp-json\/wp\/v2\/comments?post=788487"}],"version-history":[{"count":0,"href":"https:\/\/www.pressenza.com\/it\/wp-json\/wp\/v2\/posts\/788487\/revisions"}],"wp:featuredmedia":[{"embeddable":true,"href":"https:\/\/www.pressenza.com\/it\/wp-json\/wp\/v2\/media\/788488"}],"wp:attachment":[{"href":"https:\/\/www.pressenza.com\/it\/wp-json\/wp\/v2\/media?parent=788487"}],"wp:term":[{"taxonomy":"category","embeddable":true,"href":"https:\/\/www.pressenza.com\/it\/wp-json\/wp\/v2\/categories?post=788487"},{"taxonomy":"post_tag","embeddable":true,"href":"https:\/\/www.pressenza.com\/it\/wp-json\/wp\/v2\/tags?post=788487"}],"curies":[{"name":"wp","href":"https:\/\/api.w.org\/{rel}","templated":true}]}}