{"id":7876,"date":"2012-01-08T00:00:00","date_gmt":"2012-01-08T00:00:00","guid":{"rendered":""},"modified":"2012-01-09T04:19:02","modified_gmt":"2012-01-09T04:19:02","slug":"castro-mette-in-guardia-sui-pericoli-del-cambio-climatico-e-della-minaccia-nuclearex","status":"publish","type":"post","link":"https:\/\/www.pressenza.com\/it\/2012\/01\/castro-mette-in-guardia-sui-pericoli-del-cambio-climatico-e-della-minaccia-nuclearex\/","title":{"rendered":"Castro mette in guardia sui pericoli del cambio climatico e della minaccia nucleare."},"content":{"rendered":"<p>Secondo quanto si legge nell\u2019articolo, sempre pi\u00f9 frequentemente si parla di tecnologie militari in grado di coinvolgere l\u2019intero pianeta, come la bomba atomica appunto.<\/p>\n<p>Oggi, gli ordigni di questo tipo pronti per essere utilizzati, e che sprigionerebbero una potenza assai maggiore e neppure paragonabile a quella delle bombe atomiche lanciate su Hiroshima e Nagasaki, sono migliaia. <\/p>\n<p>Oltre a quelle gi\u00e0 dispiegate grazie ad accordi internazionali, queste armi si trovano anche custodite in vari depositi, raggiungendo il numero impressionante di pi\u00f9 di 20 mila ordigni.<br \/>\nCastro sottolinea che, secondo quanto afferma lo scienziato statunitense  Alan Robock, l\u2019impiego di appena un centinaio di queste armi sarebbe sufficiente a creare un inverno nucleare che provocherebbe in poco tempo la morte degli essere umani.<\/p>\n<p>Coloro che sono ben informati sulle notizie e gli studi internazionali conoscono i rischi di una possibile guerra nucleare e sanno anche che tali rischi crescono con l\u2019aumentare della tensione in Medio Oriente. <\/p>\n<p>Il governo israeliano possiede centinaia di armi pronte ad essere utilizzate, cos\u00ec come la Russia, con il suo potenziale di risposta e minacciata da un possibile scudo nucleare europeo.<br \/>\nIl leader cubano ha evidenziato come gli Stati Uniti siano promotori delle guerre, nonch\u00e9 maggiori produttori e esportatori di armi nel mondo.<br \/>\nIn effetti gli USA hanno sottoscritto un accordo per fornire nei prossimi anni 60 miliardi di dollari all\u2019Arabia Saudita, paese dove le multinazionale nord americane e quelle dei loro alleati estraggono quotidianamente 10 milioni di barili di petrolio.<br \/>\nCastro sostiene anche che l\u2019umanit\u00e0 non ha nessuna garanzia e che lo spazio \u00e8 di fatto saturo di satelliti americani usati per spiare ci\u00f2 che accade anche fino dentro le case di qualsiasi paese del mondo.<br \/>\nUna guerra di proporzioni mondiali \u00e8 una tragedia che potrebbe avverarsi, anzi, probabilmente si avverer\u00e0; ma anche se il genere umano riuscisse a scongiurarla per il pi\u00f9 lungo periodo possibile, un\u2019altra tragedia, ugualmente drammatica, sta gi\u00e0 accadendo a ritmo crescente: il cambiamento climatico. <\/p>\n<p>Ha ricordato che gli Stati Uniti si sono opposti agli accordi di Kyoto sull\u2019ambiente, una linea di condotta che non ha coinciso con quella dei suoi alleati pi\u00f9 vicini, molti dei quali potrebbero subire pesanti conseguenze a causa del cambiamento climatico, mentre altri, come l\u2019Olanda, scomparirebbero quasi totalmente. <\/p>\n<p>Castro ha infine sottolineato che il pianeta oggi non ha una politica di salvaguardia nei confronti di questo grave problema mentre i livelli degli oceani si alzano e le enormi calotte di ghiaccio che coprono l\u2019Antartide e la Groellandia \u2013 dove si concentra il 90% dell\u2019acqua dolce disponibile \u2013 si stanno sciogliendo a ritmo impressionante. <\/p>\n<p>Tradotto da Eleonora Albini<\/p>\n","protected":false},"excerpt":{"rendered":"<p>Il leader cubano Fidel Castro mette in guardia su una possibile guerra nucleare e sui pericoli del cambiamento climatico, questioni lontane dall\u2019essere risolte. Nel suo articolo \u201cIl cammino verso l\u2019abisso\u201d, pubblicato su sito Cuba Debite, Castro scrive che mai nella storia dell\u2019umanit\u00e0 l\u2019uomo ha conosciuto i pericoli che si trova ad affrontare nell\u2019epoca odierna. <\/p>\n","protected":false},"author":90,"featured_media":0,"comment_status":"closed","ping_status":"open","sticky":false,"template":"","format":"standard","meta":{"footnotes":""},"categories":[50,38,162,55],"tags":[],"class_list":["post-7876","post","type-post","status-publish","format-standard","hentry","category-centro-america","category-internazionale","category-opinioni","category-politica"],"yoast_head":"<!-- This site is optimized with the Yoast SEO plugin v27.1.1 - https:\/\/yoast.com\/product\/yoast-seo-wordpress\/ -->\n<title>Castro mette in guardia sui pericoli del cambio climatico e della minaccia nucleare.<\/title>\n<meta name=\"description\" content=\"Il leader cubano Fidel Castro mette in guardia su una possibile guerra nucleare e sui pericoli del cambiamento climatico, questioni lontane dall\u2019essere risolte. Nel suo articolo \u201cIl cammino verso l\u2019abisso\u201d, pubblicato su sito Cuba Debite, Castro scrive che mai nella storia dell\u2019umanit\u00e0 l\u2019uomo ha conosciuto i pericoli che si trova ad affrontare nell\u2019epoca odierna.\" \/>\n<meta name=\"robots\" content=\"index, follow, max-snippet:-1, max-image-preview:large, max-video-preview:-1\" \/>\n<link rel=\"canonical\" href=\"https:\/\/www.pressenza.com\/it\/2012\/01\/castro-mette-in-guardia-sui-pericoli-del-cambio-climatico-e-della-minaccia-nuclearex\/\" \/>\n<meta property=\"og:locale\" content=\"it_IT\" \/>\n<meta property=\"og:type\" content=\"article\" \/>\n<meta property=\"og:title\" content=\"Castro mette in guardia sui pericoli del cambio climatico e della minaccia nucleare.\" \/>\n<meta property=\"og:description\" content=\"Il leader cubano Fidel Castro mette in guardia su una possibile guerra nucleare e sui pericoli del cambiamento climatico, questioni lontane dall\u2019essere risolte. Nel suo articolo \u201cIl cammino verso l\u2019abisso\u201d, pubblicato su sito Cuba Debite, Castro scrive che mai nella storia dell\u2019umanit\u00e0 l\u2019uomo ha conosciuto i pericoli che si trova ad affrontare nell\u2019epoca odierna.\" \/>\n<meta property=\"og:url\" content=\"https:\/\/www.pressenza.com\/it\/2012\/01\/castro-mette-in-guardia-sui-pericoli-del-cambio-climatico-e-della-minaccia-nuclearex\/\" \/>\n<meta property=\"og:site_name\" content=\"Pressenza\" \/>\n<meta property=\"article:publisher\" content=\"https:\/\/www.facebook.com\/PressenzaItalia\" \/>\n<meta property=\"article:author\" content=\"https:\/\/www.facebook.com\/AgenciaPrensaLatina\" \/>\n<meta property=\"article:published_time\" content=\"2012-01-08T00:00:00+00:00\" \/>\n<meta property=\"article:modified_time\" content=\"2012-01-09T04:19:02+00:00\" \/>\n<meta name=\"author\" content=\"Prensa Latina\" \/>\n<meta name=\"twitter:card\" content=\"summary_large_image\" \/>\n<meta name=\"twitter:creator\" content=\"@prensalatina_cu\" \/>\n<meta name=\"twitter:site\" content=\"@PressenzaIPA\" \/>\n<meta name=\"twitter:label1\" content=\"Scritto da\" \/>\n\t<meta name=\"twitter:data1\" content=\"Prensa Latina\" \/>\n\t<meta name=\"twitter:label2\" content=\"Tempo di lettura stimato\" \/>\n\t<meta name=\"twitter:data2\" content=\"2 minuti\" \/>\n<script type=\"application\/ld+json\" class=\"yoast-schema-graph\">{\"@context\":\"https:\/\/schema.org\",\"@graph\":[{\"@type\":\"Article\",\"@id\":\"https:\/\/www.pressenza.com\/it\/2012\/01\/castro-mette-in-guardia-sui-pericoli-del-cambio-climatico-e-della-minaccia-nuclearex\/#article\",\"isPartOf\":{\"@id\":\"https:\/\/www.pressenza.com\/it\/2012\/01\/castro-mette-in-guardia-sui-pericoli-del-cambio-climatico-e-della-minaccia-nuclearex\/\"},\"author\":{\"name\":\"Prensa Latina\",\"@id\":\"https:\/\/www.pressenza.com\/it\/#\/schema\/person\/e35c78ffa242d98f4f49ccb18c8631de\"},\"headline\":\"Castro mette in guardia sui pericoli del cambio climatico e della minaccia nucleare.\",\"datePublished\":\"2012-01-08T00:00:00+00:00\",\"dateModified\":\"2012-01-09T04:19:02+00:00\",\"mainEntityOfPage\":{\"@id\":\"https:\/\/www.pressenza.com\/it\/2012\/01\/castro-mette-in-guardia-sui-pericoli-del-cambio-climatico-e-della-minaccia-nuclearex\/\"},\"wordCount\":444,\"publisher\":{\"@id\":\"https:\/\/www.pressenza.com\/it\/#organization\"},\"articleSection\":[\"America Centrale\",\"Internazionale\",\"Opinioni\",\"Politica\"],\"inLanguage\":\"it-IT\"},{\"@type\":\"WebPage\",\"@id\":\"https:\/\/www.pressenza.com\/it\/2012\/01\/castro-mette-in-guardia-sui-pericoli-del-cambio-climatico-e-della-minaccia-nuclearex\/\",\"url\":\"https:\/\/www.pressenza.com\/it\/2012\/01\/castro-mette-in-guardia-sui-pericoli-del-cambio-climatico-e-della-minaccia-nuclearex\/\",\"name\":\"Castro mette in guardia sui pericoli del cambio climatico e della minaccia nucleare.\",\"isPartOf\":{\"@id\":\"https:\/\/www.pressenza.com\/it\/#website\"},\"datePublished\":\"2012-01-08T00:00:00+00:00\",\"dateModified\":\"2012-01-09T04:19:02+00:00\",\"description\":\"Il leader cubano Fidel Castro mette in guardia su una possibile guerra nucleare e sui pericoli del cambiamento climatico, questioni lontane dall\u2019essere risolte. Nel suo articolo \u201cIl cammino verso l\u2019abisso\u201d, pubblicato su sito Cuba Debite, Castro scrive che mai nella storia dell\u2019umanit\u00e0 l\u2019uomo ha conosciuto i pericoli che si trova ad affrontare nell\u2019epoca odierna.\",\"breadcrumb\":{\"@id\":\"https:\/\/www.pressenza.com\/it\/2012\/01\/castro-mette-in-guardia-sui-pericoli-del-cambio-climatico-e-della-minaccia-nuclearex\/#breadcrumb\"},\"inLanguage\":\"it-IT\",\"potentialAction\":[{\"@type\":\"ReadAction\",\"target\":[\"https:\/\/www.pressenza.com\/it\/2012\/01\/castro-mette-in-guardia-sui-pericoli-del-cambio-climatico-e-della-minaccia-nuclearex\/\"]}]},{\"@type\":\"BreadcrumbList\",\"@id\":\"https:\/\/www.pressenza.com\/it\/2012\/01\/castro-mette-in-guardia-sui-pericoli-del-cambio-climatico-e-della-minaccia-nuclearex\/#breadcrumb\",\"itemListElement\":[{\"@type\":\"ListItem\",\"position\":1,\"name\":\"Accueil\",\"item\":\"https:\/\/www.pressenza.com\/it\/\"},{\"@type\":\"ListItem\",\"position\":2,\"name\":\"Castro mette in guardia sui pericoli del cambio climatico e della minaccia nucleare.\"}]},{\"@type\":\"WebSite\",\"@id\":\"https:\/\/www.pressenza.com\/it\/#website\",\"url\":\"https:\/\/www.pressenza.com\/it\/\",\"name\":\"Pressenza\",\"description\":\"Agenzia di Stampa Internazionale\",\"publisher\":{\"@id\":\"https:\/\/www.pressenza.com\/it\/#organization\"},\"potentialAction\":[{\"@type\":\"SearchAction\",\"target\":{\"@type\":\"EntryPoint\",\"urlTemplate\":\"https:\/\/www.pressenza.com\/it\/?s={search_term_string}\"},\"query-input\":{\"@type\":\"PropertyValueSpecification\",\"valueRequired\":true,\"valueName\":\"search_term_string\"}}],\"inLanguage\":\"it-IT\"},{\"@type\":\"Organization\",\"@id\":\"https:\/\/www.pressenza.com\/it\/#organization\",\"name\":\"Pressenza\",\"url\":\"https:\/\/www.pressenza.com\/it\/\",\"logo\":{\"@type\":\"ImageObject\",\"inLanguage\":\"it-IT\",\"@id\":\"https:\/\/www.pressenza.com\/it\/#\/schema\/logo\/image\/\",\"url\":\"https:\/\/www.pressenza.com\/wp-content\/uploads\/2022\/10\/pressenza_logo_200x200.jpg\",\"contentUrl\":\"https:\/\/www.pressenza.com\/wp-content\/uploads\/2022\/10\/pressenza_logo_200x200.jpg\",\"width\":200,\"height\":200,\"caption\":\"Pressenza\"},\"image\":{\"@id\":\"https:\/\/www.pressenza.com\/it\/#\/schema\/logo\/image\/\"},\"sameAs\":[\"https:\/\/www.facebook.com\/PressenzaItalia\",\"https:\/\/x.com\/PressenzaIPA\"]},{\"@type\":\"Person\",\"@id\":\"https:\/\/www.pressenza.com\/it\/#\/schema\/person\/e35c78ffa242d98f4f49ccb18c8631de\",\"name\":\"Prensa Latina\",\"description\":\"www.prensa-latina.cu\",\"sameAs\":[\"https:\/\/www.facebook.com\/AgenciaPrensaLatina\",\"https:\/\/x.com\/prensalatina_cu\"],\"url\":\"https:\/\/www.pressenza.com\/it\/author\/prensa-latina\/\"}]}<\/script>\n<!-- \/ Yoast SEO plugin. -->","yoast_head_json":{"title":"Castro mette in guardia sui pericoli del cambio climatico e della minaccia nucleare.","description":"Il leader cubano Fidel Castro mette in guardia su una possibile guerra nucleare e sui pericoli del cambiamento climatico, questioni lontane dall\u2019essere risolte. Nel suo articolo \u201cIl cammino verso l\u2019abisso\u201d, pubblicato su sito Cuba Debite, Castro scrive che mai nella storia dell\u2019umanit\u00e0 l\u2019uomo ha conosciuto i pericoli che si trova ad affrontare nell\u2019epoca odierna.","robots":{"index":"index","follow":"follow","max-snippet":"max-snippet:-1","max-image-preview":"max-image-preview:large","max-video-preview":"max-video-preview:-1"},"canonical":"https:\/\/www.pressenza.com\/it\/2012\/01\/castro-mette-in-guardia-sui-pericoli-del-cambio-climatico-e-della-minaccia-nuclearex\/","og_locale":"it_IT","og_type":"article","og_title":"Castro mette in guardia sui pericoli del cambio climatico e della minaccia nucleare.","og_description":"Il leader cubano Fidel Castro mette in guardia su una possibile guerra nucleare e sui pericoli del cambiamento climatico, questioni lontane dall\u2019essere risolte. Nel suo articolo \u201cIl cammino verso l\u2019abisso\u201d, pubblicato su sito Cuba Debite, Castro scrive che mai nella storia dell\u2019umanit\u00e0 l\u2019uomo ha conosciuto i pericoli che si trova ad affrontare nell\u2019epoca odierna.","og_url":"https:\/\/www.pressenza.com\/it\/2012\/01\/castro-mette-in-guardia-sui-pericoli-del-cambio-climatico-e-della-minaccia-nuclearex\/","og_site_name":"Pressenza","article_publisher":"https:\/\/www.facebook.com\/PressenzaItalia","article_author":"https:\/\/www.facebook.com\/AgenciaPrensaLatina","article_published_time":"2012-01-08T00:00:00+00:00","article_modified_time":"2012-01-09T04:19:02+00:00","author":"Prensa Latina","twitter_card":"summary_large_image","twitter_creator":"@prensalatina_cu","twitter_site":"@PressenzaIPA","twitter_misc":{"Scritto da":"Prensa Latina","Tempo di lettura stimato":"2 minuti"},"schema":{"@context":"https:\/\/schema.org","@graph":[{"@type":"Article","@id":"https:\/\/www.pressenza.com\/it\/2012\/01\/castro-mette-in-guardia-sui-pericoli-del-cambio-climatico-e-della-minaccia-nuclearex\/#article","isPartOf":{"@id":"https:\/\/www.pressenza.com\/it\/2012\/01\/castro-mette-in-guardia-sui-pericoli-del-cambio-climatico-e-della-minaccia-nuclearex\/"},"author":{"name":"Prensa Latina","@id":"https:\/\/www.pressenza.com\/it\/#\/schema\/person\/e35c78ffa242d98f4f49ccb18c8631de"},"headline":"Castro mette in guardia sui pericoli del cambio climatico e della minaccia nucleare.","datePublished":"2012-01-08T00:00:00+00:00","dateModified":"2012-01-09T04:19:02+00:00","mainEntityOfPage":{"@id":"https:\/\/www.pressenza.com\/it\/2012\/01\/castro-mette-in-guardia-sui-pericoli-del-cambio-climatico-e-della-minaccia-nuclearex\/"},"wordCount":444,"publisher":{"@id":"https:\/\/www.pressenza.com\/it\/#organization"},"articleSection":["America Centrale","Internazionale","Opinioni","Politica"],"inLanguage":"it-IT"},{"@type":"WebPage","@id":"https:\/\/www.pressenza.com\/it\/2012\/01\/castro-mette-in-guardia-sui-pericoli-del-cambio-climatico-e-della-minaccia-nuclearex\/","url":"https:\/\/www.pressenza.com\/it\/2012\/01\/castro-mette-in-guardia-sui-pericoli-del-cambio-climatico-e-della-minaccia-nuclearex\/","name":"Castro mette in guardia sui pericoli del cambio climatico e della minaccia nucleare.","isPartOf":{"@id":"https:\/\/www.pressenza.com\/it\/#website"},"datePublished":"2012-01-08T00:00:00+00:00","dateModified":"2012-01-09T04:19:02+00:00","description":"Il leader cubano Fidel Castro mette in guardia su una possibile guerra nucleare e sui pericoli del cambiamento climatico, questioni lontane dall\u2019essere risolte. Nel suo articolo \u201cIl cammino verso l\u2019abisso\u201d, pubblicato su sito Cuba Debite, Castro scrive che mai nella storia dell\u2019umanit\u00e0 l\u2019uomo ha conosciuto i pericoli che si trova ad affrontare nell\u2019epoca odierna.","breadcrumb":{"@id":"https:\/\/www.pressenza.com\/it\/2012\/01\/castro-mette-in-guardia-sui-pericoli-del-cambio-climatico-e-della-minaccia-nuclearex\/#breadcrumb"},"inLanguage":"it-IT","potentialAction":[{"@type":"ReadAction","target":["https:\/\/www.pressenza.com\/it\/2012\/01\/castro-mette-in-guardia-sui-pericoli-del-cambio-climatico-e-della-minaccia-nuclearex\/"]}]},{"@type":"BreadcrumbList","@id":"https:\/\/www.pressenza.com\/it\/2012\/01\/castro-mette-in-guardia-sui-pericoli-del-cambio-climatico-e-della-minaccia-nuclearex\/#breadcrumb","itemListElement":[{"@type":"ListItem","position":1,"name":"Accueil","item":"https:\/\/www.pressenza.com\/it\/"},{"@type":"ListItem","position":2,"name":"Castro mette in guardia sui pericoli del cambio climatico e della minaccia nucleare."}]},{"@type":"WebSite","@id":"https:\/\/www.pressenza.com\/it\/#website","url":"https:\/\/www.pressenza.com\/it\/","name":"Pressenza","description":"Agenzia di Stampa Internazionale","publisher":{"@id":"https:\/\/www.pressenza.com\/it\/#organization"},"potentialAction":[{"@type":"SearchAction","target":{"@type":"EntryPoint","urlTemplate":"https:\/\/www.pressenza.com\/it\/?s={search_term_string}"},"query-input":{"@type":"PropertyValueSpecification","valueRequired":true,"valueName":"search_term_string"}}],"inLanguage":"it-IT"},{"@type":"Organization","@id":"https:\/\/www.pressenza.com\/it\/#organization","name":"Pressenza","url":"https:\/\/www.pressenza.com\/it\/","logo":{"@type":"ImageObject","inLanguage":"it-IT","@id":"https:\/\/www.pressenza.com\/it\/#\/schema\/logo\/image\/","url":"https:\/\/www.pressenza.com\/wp-content\/uploads\/2022\/10\/pressenza_logo_200x200.jpg","contentUrl":"https:\/\/www.pressenza.com\/wp-content\/uploads\/2022\/10\/pressenza_logo_200x200.jpg","width":200,"height":200,"caption":"Pressenza"},"image":{"@id":"https:\/\/www.pressenza.com\/it\/#\/schema\/logo\/image\/"},"sameAs":["https:\/\/www.facebook.com\/PressenzaItalia","https:\/\/x.com\/PressenzaIPA"]},{"@type":"Person","@id":"https:\/\/www.pressenza.com\/it\/#\/schema\/person\/e35c78ffa242d98f4f49ccb18c8631de","name":"Prensa Latina","description":"www.prensa-latina.cu","sameAs":["https:\/\/www.facebook.com\/AgenciaPrensaLatina","https:\/\/x.com\/prensalatina_cu"],"url":"https:\/\/www.pressenza.com\/it\/author\/prensa-latina\/"}]}},"place":"La Habana","original_article_url":"","_links":{"self":[{"href":"https:\/\/www.pressenza.com\/it\/wp-json\/wp\/v2\/posts\/7876","targetHints":{"allow":["GET"]}}],"collection":[{"href":"https:\/\/www.pressenza.com\/it\/wp-json\/wp\/v2\/posts"}],"about":[{"href":"https:\/\/www.pressenza.com\/it\/wp-json\/wp\/v2\/types\/post"}],"author":[{"embeddable":true,"href":"https:\/\/www.pressenza.com\/it\/wp-json\/wp\/v2\/users\/90"}],"replies":[{"embeddable":true,"href":"https:\/\/www.pressenza.com\/it\/wp-json\/wp\/v2\/comments?post=7876"}],"version-history":[{"count":0,"href":"https:\/\/www.pressenza.com\/it\/wp-json\/wp\/v2\/posts\/7876\/revisions"}],"wp:attachment":[{"href":"https:\/\/www.pressenza.com\/it\/wp-json\/wp\/v2\/media?parent=7876"}],"wp:term":[{"taxonomy":"category","embeddable":true,"href":"https:\/\/www.pressenza.com\/it\/wp-json\/wp\/v2\/categories?post=7876"},{"taxonomy":"post_tag","embeddable":true,"href":"https:\/\/www.pressenza.com\/it\/wp-json\/wp\/v2\/tags?post=7876"}],"curies":[{"name":"wp","href":"https:\/\/api.w.org\/{rel}","templated":true}]}}