{"id":786964,"date":"2019-01-10T14:29:36","date_gmt":"2019-01-10T14:29:36","guid":{"rendered":"https:\/\/www.pressenza.com\/?p=786964"},"modified":"2019-01-10T14:31:01","modified_gmt":"2019-01-10T14:31:01","slug":"brasile-una-manciata-di-giorni","status":"publish","type":"post","link":"https:\/\/www.pressenza.com\/it\/2019\/01\/brasile-una-manciata-di-giorni\/","title":{"rendered":"Brasile:  una manciata di giorni"},"content":{"rendered":"<p>Il discorso vomitato in Parlamento con tutti i crismi del Potere non diceva nulla di nuovo, una sterile ripetizione di quanto dichiarato mille volte in campagna elettorale. Pochi minuti dopo, dal palco antistante il palazzo presidenziale, l\u2019orrore verborragico esordiva con un emblematico \u201cVamos libertar o pais do socialismo\u201d libereremo il paese dal socialismo. Ecco il nemico di sempre, un socialismo che non \u00e8 mai esistito, un fantomatico marxismo culturale che ha dominato e minato il tessuto sociale. Le parole usate come cortina di fumo per mascherare il progetto economico messo in atto in appena ventiquattro ore. Diminuzione del salario minimo; estinzione della segreteria speciale per le minoranze etniche; proibizione alla FUNAI (l\u2019organo istituzionale di tutela della popolazione indigena) di demarcare nuovi territori per gli indios, affidando la funzione al ministero dell\u2019agricoltura (in mano alle grande compagnie dell\u2019agro-businnes); preparazione del decreto per facilitare il possesso di armi da fuoco; conferma delle condanne in appello senza aspettare la sentenza di cassazione (una decisione contraria alle norme costituzionali); estinzione del Ministero del Lavoro, del Ministero dello Sport e Integrazione Razziale, del Ministero della Cultura; conferma del trasferimento dell\u2019ambasciata da Tel Aviv a Gerusalemme; dimissione sommaria dei dipendenti pubblici che nelle loro pagine private di facebook si sono dimostrati ostili alla politica presidenziale: 320 funzionari ministeriali esonerati in tronco; estinzione del Consiglio di Sicurezza Alimentare, l\u2019organo che studia e definisce la priorit\u00e0 di intervento contro la fame e che orienta l\u2019azione del famoso e premiato programma Bolsa Fam\u00edlia.<\/p>\n<p>Sono bastate ventiquattro ore per sentire i primi colpi di frusta. Ventiquattro ore. Lo sapevamo, ce lo aspettavamo, ma fanno male lo stesso. La tecnica \u00e8 quella di sempre: annunciare per immediatamente smentire e accusare l\u2019opposizione di aver fabbricato la notizia. Una tecnica salviniana elevata all\u2019ennesima potenza. Alcuni posti chiave della Stato sono letteralmente nelle mani di fanatici religiosi o nostalgici di un passato oscuro: \u00a0il ministro degli esteri nel suo primo discorso ufficiale saluta i presenti, tra i quali sua altezza imperiale\u2026 s\u00ec, l\u2019erede al trono! Il super ministro Moro saluta ringrazia l\u2019esercito come \u201cgarante della stabilit\u00e0\u201d. I fondamentalisti delle sette evangeliche dichiarano che Darwin ha contaminato le scuole e d\u2019ora in poi i maschietti vestiranno di azzurro e le femminucce di rosa perch\u00e9 il marxismo culturale aveva preparato una strategia di iniziazione dei bambini al culto satanico, grazie a Dio interrotto dal nuovo presidente.<\/p>\n<p>Qualche anno fa il primo astronauta brasiliano partecip\u00f2 ad una missione della Nasa. Il suo compito nella stazione spaziale fu quello di piantare fagioli ed osservarne la crescita a gravit\u00e0 zero. Piantare fagioli. Niente da eccepire. Per diventare astronauta ce ne vuole: laureato in fisica, pilota di caccia militari, trafila di allenamenti in America, preparazione tecnica e psicologica, insomma, il primo astronauta brasiliano va a piantare fagioli nello spazio. Al suo ritorno, festa in pompa magna, premi e commende varie. Oggi nel suo nuovo ruolo di \u00a0ministro della \u201cScienza, Tecnologia, Innovazioni Comunicazioni\u201d, convoca la comunit\u00e0 scientifica e proferisce un discorso di psicologia motivazionale: non desistite mai dai vostri sogni, bisogna guardare avanti con ottimismo. I professori convocati comprendono attoniti che d\u2019ora in poi sar\u00e0 durissima. Un giornalista domanda se la terra \u00e8 rotonda. Il ministro conferma. S\u00ec, conferma. Infatti \u00e8 necessario confermare: la terra \u00e8 rotonda. Altri ministri ne dubitano. Altri ancora dichiarano che l\u2019insegnamento della chiesa di Dio purtroppo \u00e8 stato soppiantato dalla scienza. La terra \u00e8 rotonda, va bene. Ma d\u2019ora in poi Darwin non si studier\u00e0 pi\u00f9. E neanche la teoria di Einstein che, come quella di Darwin rimane pur sempre una teoria, mentre invece la bibbia \u00e8 la parola di Dio e su quella non si discute: il marxismo culturale \u00e8 finito. Cos\u00ec come \u00e8 finita la pacchia per i migranti. Non mi riferisco ai quelli lasciati alla deriva da un flaccido ministro degli interni, ma a quei pochi haitiani che ogni tanto si presentano alle nostre frontiere, o ai venezuelani morti di fame che attraversano il confine in cerca di un pezzo di pane. Il presidente ha ritirato la sua adesione dal Global Compact for Migration. Si \u00e8 dimenticato che la nostra storia \u00e8 di un paese costituito da popoli originari e da milioni di uomini venuti da altre parti, chi volontariamente dall\u2019Europa, chi trascinato a forza dall\u2019Africa, un paese le cui radici sono sparse per il mondo e meta di giganteschi flussi migratori che ne hanno formato l\u2019essenza. Il presidente spaventato da quelli che ha definito \u201cla scoria dell\u2019umanit\u00e0\u201d si \u00e8 dimenticato che in questo momento ci sono migliaia di brasiliani che vivono all\u2019estero per non desistere dal loro sogno, come direbbe il ministro astronauta.<\/p>\n<p>La continua umiliazione e lo stato di minaccia permanente a cui siamo sottoposti trova il suo coronamento nelle parole del generale Heleno, capo gabinetto dei servizi segreti. Nel suo discorso di insediamento accusa la ex presidente Dilma di non avere mai creduto nella capacit\u00e0 dei servizi e di averli osteggiati con tutte le sue forze. La risposta della ex presidente non lascia alcun dubbio su chi fu il responsabile diretto dello spionaggio del suo telefono in favore del dipartimento di stato americano, come rivelato da Edward Snowden. Era l\u2019epoca in cui si decideva l\u2019uso dei pozzi di petrolio appena scoperti, tanto petrolio da rendere il Brasile totalmente indipendente dal punto di vista energetico. Il telefono presidenziale sotto controllo, le decisioni strategiche spiate, un processo di impeachment con l\u2019accusa di aver violato una norma contabile che il giorno successivo alla deposizione venne abrogata definitivamente. L\u2019accesso al petrolio nazionale da parte delle grandi imprese internazionali conseguito attraverso la distruzione sistematica della Petrobras, l\u2019impeachment di Dilma e l\u2019arresto di Lula. La ex presidente risponde al generale che non si fidava dei servizi e continua a non fidarsi. Davanti alla sede delle Polizia Federale dove Lula \u00e8 tenuto prigioniero, centinaia di persone si stringono in un abbraccio simbolico al presidente.<\/p>\n<p>Tra generali e banchieri, fanatici religiosi, nostalgici e affaristi senza scrupoli, il Brasile comincia l\u2019anno in ginocchio, prostrato e coi nervi tesi. La moglie, nonch\u00e9 portavoce, del super ministro Moro, attraverso la sua pagina facebook, chiede ai brasiliani che smettano di criticare il governo e che per il bene comune si stringano intorno al nostro amato presidente. Il giorno dopo, la signora Moro cancella il post. La tecnica del mordi e fuggi, del fare e disfare, dire e non dire, continua. Basta.<\/p>\n<p>&nbsp;<\/p>\n","protected":false},"excerpt":{"rendered":"<p>Il discorso vomitato in Parlamento con tutti i crismi del Potere non diceva nulla di nuovo, una sterile ripetizione di quanto dichiarato mille volte in campagna elettorale. Pochi minuti dopo, dal palco antistante il palazzo presidenziale, l\u2019orrore verborragico esordiva con&hellip;<\/p>\n","protected":false},"author":1567,"featured_media":786965,"comment_status":"closed","ping_status":"closed","sticky":false,"template":"","format":"standard","meta":{"footnotes":""},"categories":[11388,38,162,55,48],"tags":[5084,3993,5776,34037,27112,26314,43266,10674,2725],"class_list":["post-786964","post","type-post","status-publish","format-standard","has-post-thumbnail","hentry","category-contenuti-originali","category-internazionale","category-opinioni","category-politica","category-sud-america","tag-bolsa-familia","tag-brasile","tag-conai","tag-darwin","tag-dilma-roussef","tag-jair-bolsonaro","tag-luis-inacio-lula-da-silva","tag-marxismo","tag-popoli-originari"],"yoast_head":"<!-- This site is optimized with the Yoast SEO plugin v27.1.1 - https:\/\/yoast.com\/product\/yoast-seo-wordpress\/ -->\n<title>Brasile: una manciata di giorni<\/title>\n<meta name=\"description\" content=\"Il discorso vomitato in Parlamento con tutti i crismi del Potere non diceva nulla di nuovo, una sterile ripetizione di quanto dichiarato mille volte in\" \/>\n<meta name=\"robots\" content=\"index, follow, max-snippet:-1, max-image-preview:large, max-video-preview:-1\" \/>\n<link rel=\"canonical\" href=\"https:\/\/www.pressenza.com\/it\/2019\/01\/brasile-una-manciata-di-giorni\/\" \/>\n<meta property=\"og:locale\" content=\"it_IT\" \/>\n<meta property=\"og:type\" content=\"article\" \/>\n<meta property=\"og:title\" content=\"Brasile: una manciata di giorni\" \/>\n<meta property=\"og:description\" content=\"Il discorso vomitato in Parlamento con tutti i crismi del Potere non diceva nulla di nuovo, una sterile ripetizione di quanto dichiarato mille volte in\" \/>\n<meta property=\"og:url\" content=\"https:\/\/www.pressenza.com\/it\/2019\/01\/brasile-una-manciata-di-giorni\/\" \/>\n<meta property=\"og:site_name\" content=\"Pressenza\" \/>\n<meta property=\"article:publisher\" content=\"https:\/\/www.facebook.com\/PressenzaItalia\" \/>\n<meta property=\"article:published_time\" content=\"2019-01-10T14:29:36+00:00\" \/>\n<meta property=\"article:modified_time\" content=\"2019-01-10T14:31:01+00:00\" \/>\n<meta property=\"og:image\" content=\"https:\/\/www.pressenza.com\/wp-content\/uploads\/2019\/01\/heleno-dilma.jpg\" \/>\n\t<meta property=\"og:image:width\" content=\"997\" \/>\n\t<meta property=\"og:image:height\" content=\"420\" \/>\n\t<meta property=\"og:image:type\" content=\"image\/jpeg\" \/>\n<meta name=\"author\" content=\"Paolo D&#039;Aprile\" \/>\n<meta name=\"twitter:card\" content=\"summary_large_image\" \/>\n<meta name=\"twitter:creator\" content=\"@PressenzaIPA\" \/>\n<meta name=\"twitter:site\" content=\"@PressenzaIPA\" \/>\n<meta name=\"twitter:label1\" content=\"Scritto da\" \/>\n\t<meta name=\"twitter:data1\" content=\"Paolo D&#039;Aprile\" \/>\n\t<meta name=\"twitter:label2\" content=\"Tempo di lettura stimato\" \/>\n\t<meta name=\"twitter:data2\" content=\"5 minuti\" \/>\n<script type=\"application\/ld+json\" class=\"yoast-schema-graph\">{\"@context\":\"https:\/\/schema.org\",\"@graph\":[{\"@type\":\"Article\",\"@id\":\"https:\/\/www.pressenza.com\/it\/2019\/01\/brasile-una-manciata-di-giorni\/#article\",\"isPartOf\":{\"@id\":\"https:\/\/www.pressenza.com\/it\/2019\/01\/brasile-una-manciata-di-giorni\/\"},\"author\":{\"name\":\"Paolo D'Aprile\",\"@id\":\"https:\/\/www.pressenza.com\/it\/#\/schema\/person\/b7683f6cc5b4992d9641abb1dd2b2c7a\"},\"headline\":\"Brasile: una manciata di giorni\",\"datePublished\":\"2019-01-10T14:29:36+00:00\",\"dateModified\":\"2019-01-10T14:31:01+00:00\",\"mainEntityOfPage\":{\"@id\":\"https:\/\/www.pressenza.com\/it\/2019\/01\/brasile-una-manciata-di-giorni\/\"},\"wordCount\":1068,\"publisher\":{\"@id\":\"https:\/\/www.pressenza.com\/it\/#organization\"},\"image\":{\"@id\":\"https:\/\/www.pressenza.com\/it\/2019\/01\/brasile-una-manciata-di-giorni\/#primaryimage\"},\"thumbnailUrl\":\"https:\/\/www.pressenza.com\/wp-content\/uploads\/2019\/01\/heleno-dilma.jpg\",\"keywords\":[\"bolsa familia\",\"Brasile\",\"CONAI\",\"Darwin\",\"Dilma Roussef\",\"Jair Bolsonaro\",\"Luis In\u00e1cio Lula da Silva\",\"marxismo\",\"popoli originari\"],\"articleSection\":[\"contenuti originali\",\"Internazionale\",\"Opinioni\",\"Politica\",\"Sud America\"],\"inLanguage\":\"it-IT\"},{\"@type\":\"WebPage\",\"@id\":\"https:\/\/www.pressenza.com\/it\/2019\/01\/brasile-una-manciata-di-giorni\/\",\"url\":\"https:\/\/www.pressenza.com\/it\/2019\/01\/brasile-una-manciata-di-giorni\/\",\"name\":\"Brasile: una manciata di giorni\",\"isPartOf\":{\"@id\":\"https:\/\/www.pressenza.com\/it\/#website\"},\"primaryImageOfPage\":{\"@id\":\"https:\/\/www.pressenza.com\/it\/2019\/01\/brasile-una-manciata-di-giorni\/#primaryimage\"},\"image\":{\"@id\":\"https:\/\/www.pressenza.com\/it\/2019\/01\/brasile-una-manciata-di-giorni\/#primaryimage\"},\"thumbnailUrl\":\"https:\/\/www.pressenza.com\/wp-content\/uploads\/2019\/01\/heleno-dilma.jpg\",\"datePublished\":\"2019-01-10T14:29:36+00:00\",\"dateModified\":\"2019-01-10T14:31:01+00:00\",\"description\":\"Il discorso vomitato in Parlamento con tutti i crismi del Potere non diceva nulla di nuovo, una sterile ripetizione di quanto dichiarato mille volte in\",\"breadcrumb\":{\"@id\":\"https:\/\/www.pressenza.com\/it\/2019\/01\/brasile-una-manciata-di-giorni\/#breadcrumb\"},\"inLanguage\":\"it-IT\",\"potentialAction\":[{\"@type\":\"ReadAction\",\"target\":[\"https:\/\/www.pressenza.com\/it\/2019\/01\/brasile-una-manciata-di-giorni\/\"]}]},{\"@type\":\"ImageObject\",\"inLanguage\":\"it-IT\",\"@id\":\"https:\/\/www.pressenza.com\/it\/2019\/01\/brasile-una-manciata-di-giorni\/#primaryimage\",\"url\":\"https:\/\/www.pressenza.com\/wp-content\/uploads\/2019\/01\/heleno-dilma.jpg\",\"contentUrl\":\"https:\/\/www.pressenza.com\/wp-content\/uploads\/2019\/01\/heleno-dilma.jpg\",\"width\":997,\"height\":420},{\"@type\":\"BreadcrumbList\",\"@id\":\"https:\/\/www.pressenza.com\/it\/2019\/01\/brasile-una-manciata-di-giorni\/#breadcrumb\",\"itemListElement\":[{\"@type\":\"ListItem\",\"position\":1,\"name\":\"Accueil\",\"item\":\"https:\/\/www.pressenza.com\/it\/\"},{\"@type\":\"ListItem\",\"position\":2,\"name\":\"Brasile: una manciata di giorni\"}]},{\"@type\":\"WebSite\",\"@id\":\"https:\/\/www.pressenza.com\/it\/#website\",\"url\":\"https:\/\/www.pressenza.com\/it\/\",\"name\":\"Pressenza\",\"description\":\"Agenzia di Stampa Internazionale\",\"publisher\":{\"@id\":\"https:\/\/www.pressenza.com\/it\/#organization\"},\"potentialAction\":[{\"@type\":\"SearchAction\",\"target\":{\"@type\":\"EntryPoint\",\"urlTemplate\":\"https:\/\/www.pressenza.com\/it\/?s={search_term_string}\"},\"query-input\":{\"@type\":\"PropertyValueSpecification\",\"valueRequired\":true,\"valueName\":\"search_term_string\"}}],\"inLanguage\":\"it-IT\"},{\"@type\":\"Organization\",\"@id\":\"https:\/\/www.pressenza.com\/it\/#organization\",\"name\":\"Pressenza\",\"url\":\"https:\/\/www.pressenza.com\/it\/\",\"logo\":{\"@type\":\"ImageObject\",\"inLanguage\":\"it-IT\",\"@id\":\"https:\/\/www.pressenza.com\/it\/#\/schema\/logo\/image\/\",\"url\":\"https:\/\/www.pressenza.com\/wp-content\/uploads\/2022\/10\/pressenza_logo_200x200.jpg\",\"contentUrl\":\"https:\/\/www.pressenza.com\/wp-content\/uploads\/2022\/10\/pressenza_logo_200x200.jpg\",\"width\":200,\"height\":200,\"caption\":\"Pressenza\"},\"image\":{\"@id\":\"https:\/\/www.pressenza.com\/it\/#\/schema\/logo\/image\/\"},\"sameAs\":[\"https:\/\/www.facebook.com\/PressenzaItalia\",\"https:\/\/x.com\/PressenzaIPA\"]},{\"@type\":\"Person\",\"@id\":\"https:\/\/www.pressenza.com\/it\/#\/schema\/person\/b7683f6cc5b4992d9641abb1dd2b2c7a\",\"name\":\"Paolo D'Aprile\",\"description\":\"Nasco nel 1963... sono un uomo di mezza et\u00e0! Vivo a S\u00e3o Paulo dal 1989 e il mio lavoro di fisioterapista mi ha portato in contatto con le situazioni estreme della citt\u00e0, dalle favelas ai \\\"meninos de rua\\\". Ho partecipato a vari progetti di inclusione attraverso l'esercizio dei diritti civili. Da grande voglio fare il calciatore, l'astronauta e il pompiere.\",\"url\":\"https:\/\/www.pressenza.com\/it\/author\/paolo-daprile\/\"}]}<\/script>\n<!-- \/ Yoast SEO plugin. -->","yoast_head_json":{"title":"Brasile: una manciata di giorni","description":"Il discorso vomitato in Parlamento con tutti i crismi del Potere non diceva nulla di nuovo, una sterile ripetizione di quanto dichiarato mille volte in","robots":{"index":"index","follow":"follow","max-snippet":"max-snippet:-1","max-image-preview":"max-image-preview:large","max-video-preview":"max-video-preview:-1"},"canonical":"https:\/\/www.pressenza.com\/it\/2019\/01\/brasile-una-manciata-di-giorni\/","og_locale":"it_IT","og_type":"article","og_title":"Brasile: una manciata di giorni","og_description":"Il discorso vomitato in Parlamento con tutti i crismi del Potere non diceva nulla di nuovo, una sterile ripetizione di quanto dichiarato mille volte in","og_url":"https:\/\/www.pressenza.com\/it\/2019\/01\/brasile-una-manciata-di-giorni\/","og_site_name":"Pressenza","article_publisher":"https:\/\/www.facebook.com\/PressenzaItalia","article_published_time":"2019-01-10T14:29:36+00:00","article_modified_time":"2019-01-10T14:31:01+00:00","og_image":[{"width":997,"height":420,"url":"https:\/\/www.pressenza.com\/wp-content\/uploads\/2019\/01\/heleno-dilma.jpg","type":"image\/jpeg"}],"author":"Paolo D'Aprile","twitter_card":"summary_large_image","twitter_creator":"@PressenzaIPA","twitter_site":"@PressenzaIPA","twitter_misc":{"Scritto da":"Paolo D'Aprile","Tempo di lettura stimato":"5 minuti"},"schema":{"@context":"https:\/\/schema.org","@graph":[{"@type":"Article","@id":"https:\/\/www.pressenza.com\/it\/2019\/01\/brasile-una-manciata-di-giorni\/#article","isPartOf":{"@id":"https:\/\/www.pressenza.com\/it\/2019\/01\/brasile-una-manciata-di-giorni\/"},"author":{"name":"Paolo D'Aprile","@id":"https:\/\/www.pressenza.com\/it\/#\/schema\/person\/b7683f6cc5b4992d9641abb1dd2b2c7a"},"headline":"Brasile: una manciata di giorni","datePublished":"2019-01-10T14:29:36+00:00","dateModified":"2019-01-10T14:31:01+00:00","mainEntityOfPage":{"@id":"https:\/\/www.pressenza.com\/it\/2019\/01\/brasile-una-manciata-di-giorni\/"},"wordCount":1068,"publisher":{"@id":"https:\/\/www.pressenza.com\/it\/#organization"},"image":{"@id":"https:\/\/www.pressenza.com\/it\/2019\/01\/brasile-una-manciata-di-giorni\/#primaryimage"},"thumbnailUrl":"https:\/\/www.pressenza.com\/wp-content\/uploads\/2019\/01\/heleno-dilma.jpg","keywords":["bolsa familia","Brasile","CONAI","Darwin","Dilma Roussef","Jair Bolsonaro","Luis In\u00e1cio Lula da Silva","marxismo","popoli originari"],"articleSection":["contenuti originali","Internazionale","Opinioni","Politica","Sud America"],"inLanguage":"it-IT"},{"@type":"WebPage","@id":"https:\/\/www.pressenza.com\/it\/2019\/01\/brasile-una-manciata-di-giorni\/","url":"https:\/\/www.pressenza.com\/it\/2019\/01\/brasile-una-manciata-di-giorni\/","name":"Brasile: una manciata di giorni","isPartOf":{"@id":"https:\/\/www.pressenza.com\/it\/#website"},"primaryImageOfPage":{"@id":"https:\/\/www.pressenza.com\/it\/2019\/01\/brasile-una-manciata-di-giorni\/#primaryimage"},"image":{"@id":"https:\/\/www.pressenza.com\/it\/2019\/01\/brasile-una-manciata-di-giorni\/#primaryimage"},"thumbnailUrl":"https:\/\/www.pressenza.com\/wp-content\/uploads\/2019\/01\/heleno-dilma.jpg","datePublished":"2019-01-10T14:29:36+00:00","dateModified":"2019-01-10T14:31:01+00:00","description":"Il discorso vomitato in Parlamento con tutti i crismi del Potere non diceva nulla di nuovo, una sterile ripetizione di quanto dichiarato mille volte in","breadcrumb":{"@id":"https:\/\/www.pressenza.com\/it\/2019\/01\/brasile-una-manciata-di-giorni\/#breadcrumb"},"inLanguage":"it-IT","potentialAction":[{"@type":"ReadAction","target":["https:\/\/www.pressenza.com\/it\/2019\/01\/brasile-una-manciata-di-giorni\/"]}]},{"@type":"ImageObject","inLanguage":"it-IT","@id":"https:\/\/www.pressenza.com\/it\/2019\/01\/brasile-una-manciata-di-giorni\/#primaryimage","url":"https:\/\/www.pressenza.com\/wp-content\/uploads\/2019\/01\/heleno-dilma.jpg","contentUrl":"https:\/\/www.pressenza.com\/wp-content\/uploads\/2019\/01\/heleno-dilma.jpg","width":997,"height":420},{"@type":"BreadcrumbList","@id":"https:\/\/www.pressenza.com\/it\/2019\/01\/brasile-una-manciata-di-giorni\/#breadcrumb","itemListElement":[{"@type":"ListItem","position":1,"name":"Accueil","item":"https:\/\/www.pressenza.com\/it\/"},{"@type":"ListItem","position":2,"name":"Brasile: una manciata di giorni"}]},{"@type":"WebSite","@id":"https:\/\/www.pressenza.com\/it\/#website","url":"https:\/\/www.pressenza.com\/it\/","name":"Pressenza","description":"Agenzia di Stampa Internazionale","publisher":{"@id":"https:\/\/www.pressenza.com\/it\/#organization"},"potentialAction":[{"@type":"SearchAction","target":{"@type":"EntryPoint","urlTemplate":"https:\/\/www.pressenza.com\/it\/?s={search_term_string}"},"query-input":{"@type":"PropertyValueSpecification","valueRequired":true,"valueName":"search_term_string"}}],"inLanguage":"it-IT"},{"@type":"Organization","@id":"https:\/\/www.pressenza.com\/it\/#organization","name":"Pressenza","url":"https:\/\/www.pressenza.com\/it\/","logo":{"@type":"ImageObject","inLanguage":"it-IT","@id":"https:\/\/www.pressenza.com\/it\/#\/schema\/logo\/image\/","url":"https:\/\/www.pressenza.com\/wp-content\/uploads\/2022\/10\/pressenza_logo_200x200.jpg","contentUrl":"https:\/\/www.pressenza.com\/wp-content\/uploads\/2022\/10\/pressenza_logo_200x200.jpg","width":200,"height":200,"caption":"Pressenza"},"image":{"@id":"https:\/\/www.pressenza.com\/it\/#\/schema\/logo\/image\/"},"sameAs":["https:\/\/www.facebook.com\/PressenzaItalia","https:\/\/x.com\/PressenzaIPA"]},{"@type":"Person","@id":"https:\/\/www.pressenza.com\/it\/#\/schema\/person\/b7683f6cc5b4992d9641abb1dd2b2c7a","name":"Paolo D'Aprile","description":"Nasco nel 1963... sono un uomo di mezza et\u00e0! Vivo a S\u00e3o Paulo dal 1989 e il mio lavoro di fisioterapista mi ha portato in contatto con le situazioni estreme della citt\u00e0, dalle favelas ai \"meninos de rua\". Ho partecipato a vari progetti di inclusione attraverso l'esercizio dei diritti civili. Da grande voglio fare il calciatore, l'astronauta e il pompiere.","url":"https:\/\/www.pressenza.com\/it\/author\/paolo-daprile\/"}]}},"place":"","original_article_url":"","_links":{"self":[{"href":"https:\/\/www.pressenza.com\/it\/wp-json\/wp\/v2\/posts\/786964","targetHints":{"allow":["GET"]}}],"collection":[{"href":"https:\/\/www.pressenza.com\/it\/wp-json\/wp\/v2\/posts"}],"about":[{"href":"https:\/\/www.pressenza.com\/it\/wp-json\/wp\/v2\/types\/post"}],"author":[{"embeddable":true,"href":"https:\/\/www.pressenza.com\/it\/wp-json\/wp\/v2\/users\/1567"}],"replies":[{"embeddable":true,"href":"https:\/\/www.pressenza.com\/it\/wp-json\/wp\/v2\/comments?post=786964"}],"version-history":[{"count":0,"href":"https:\/\/www.pressenza.com\/it\/wp-json\/wp\/v2\/posts\/786964\/revisions"}],"wp:featuredmedia":[{"embeddable":true,"href":"https:\/\/www.pressenza.com\/it\/wp-json\/wp\/v2\/media\/786965"}],"wp:attachment":[{"href":"https:\/\/www.pressenza.com\/it\/wp-json\/wp\/v2\/media?parent=786964"}],"wp:term":[{"taxonomy":"category","embeddable":true,"href":"https:\/\/www.pressenza.com\/it\/wp-json\/wp\/v2\/categories?post=786964"},{"taxonomy":"post_tag","embeddable":true,"href":"https:\/\/www.pressenza.com\/it\/wp-json\/wp\/v2\/tags?post=786964"}],"curies":[{"name":"wp","href":"https:\/\/api.w.org\/{rel}","templated":true}]}}