{"id":78683,"date":"2013-11-28T14:25:45","date_gmt":"2013-11-28T14:25:45","guid":{"rendered":"http:\/\/www.pressenza.com\/?p=78683"},"modified":"2013-11-28T14:26:31","modified_gmt":"2013-11-28T14:26:31","slug":"mi-cercarono-lanima-storia-di-stefano-cucchi","status":"publish","type":"post","link":"https:\/\/www.pressenza.com\/it\/2013\/11\/mi-cercarono-lanima-storia-di-stefano-cucchi\/","title":{"rendered":"Mi cercarono l&#8217;anima: storia di Stefano Cucchi"},"content":{"rendered":"<div>Venerd\u00ec 29 novembre 2013<\/p>\n<p>ore 18.30, Sala dei Matrimoni, Palazzo Reale, Milano <strong><\/strong><\/div>\n<p>A 4 anni dalla morte di Stefano Cucchi, Altreconomia presenta il libro-inchiesta<\/p>\n<div align=\"center\">\n<p><a href=\"http:\/\/www.altreconomia.it\/site\/ec_articolo_dettaglio.php?intId=234\" target=\"_blank\"><img loading=\"lazy\" decoding=\"async\" alt=\"\" src=\"http:\/\/www.altreconomia.it\/img\/cop_micercaronolanima.jpg\" width=\"146\" height=\"236\" align=\"middle\" hspace=\"10\" vspace=\"10\" \/><\/a><\/p>\n<div align=\"left\">\n<div align=\"center\"><\/div>\n<p>Accanto all\u0092autore <strong>Duccio Facchini<\/strong>interverranno i genitori di Stefano, <strong>Rita e Giovanni Cucchi<\/strong>. A portare un saluto iniziale ci sar\u00e0 anche <strong>Basilio Rizzo<\/strong>,<\/p>\n<p>presidente del Consiglio comunale di Milano.<\/p>\n<\/div>\n<\/div>\n<p>\u0093Stefano Cucchi e lo Stato s\u0092&#8217;incontrano gioved\u00ec 15 ottobre 2009\u0094, comincia cos\u00ec il libro-inchiesta <em><strong>\u0093<a href=\"http:\/\/www.altreconomia.it\/site\/ec_articolo_dettaglio.php?intId=234\" target=\"_blank\">Mi cercarono l\u0092&#8217;anima. Storia di Stefano Cucchi<\/a>\u0094<\/strong><\/em>, in uscita il 22 ottobre 2013, quarto anniversario della morte del 31enne geometra romano. Una settimana prima era stato arrestato per possesso di stupefacenti. Stefano trascorrer\u00e0 sette giorni \u0093nelle mani dello Stato\u0094, dai Carabinieri alla Polizia penitenziaria, dai magistrati ai medici del carcere, dell\u0092ospedale e del Pertini.<\/p>\n<p>Morir\u00e0 a Roma il 22 ottobre 2009 in un letto del presidio ospedaliero protetto Pertini. <em><strong>\u0093Presunta morte naturale\u0094<\/strong><\/em> c\u0092&#8217;\u00e8 scritto sul suo certificato di morte. Ma non c&#8217;\u0092\u00e8 nulla di naturale nella sua morte: la famiglia &#8211; che l\u0092&#8217;aveva lasciato una settimana prima in buona salute &#8211; lo rivedr\u00e0 dietro a una teca di vetro. Sul suo corpo, inequivocabili segni di percosse. Ma dopo tre anni e mezzo, la <strong>sentenza<\/strong> del processo commina condanne lievi ai medici, assoluzione per tutti gli altri, compresi i tre agenti di Polizia penitenziaria accusati di averlo pestato.<\/p>\n<div align=\"justify\">Una ricostruzione dalla parte dei \u0093vinti\u0094, aggiornata e fedele &#8211; minuto per minuto, attore per attore &#8211; che recupera testimonianze accantonate &#8211; come quella di <strong>Rolando Degli Angioli <\/strong>e<strong> Samura Yaya<\/strong> -, riporta tutte le contraddizioni delle dichiarazioni e delle perizie e depura i fatti da silenzi e omissioni.<\/div>\n<div align=\"justify\">Stefano non ha avuto una vita facile. Lo racconta <strong>Giovanni Cucchi<\/strong>, che racconta la persona Stefano, suo figlio, con grande delicatezza, e aggiunge: <em>\u0093Poi &#8211; ironia della sorte &#8211; dopo aver corso tanti pericoli anche gravi, uscito da quella palestra, \u00e8 incappato nello Stato, che forse avrebbe dovuto proteggerlo, e qui \u00e8 finita la sua storia\u0094. <\/em><\/div>\n<div align=\"justify\"><strong>Ilaria Cucchi<\/strong>, la sorella, sottolinea il senso profondo di questo libro: \u0093<em>Quanti dubbi, quante domande che restano appese. In un sistema, quello della giustizia, tutto teso a nascondere, o a sminuire in maniera imbarazzante quando proprio \u00e8 impossibile negare, le responsabilit\u00e0 delle istituzioni e dei loro appartenenti.<\/p>\n<p>Stefano era un essere umano, ma negli ingranaggi della giustizia e prima ancora nell\u0092immaginario della societ\u00e0 benpensante questo viene dimenticato. Per quel meccanismo tanto crudele quanto emblematico di colpevolizzazione della vittima. E come lui tanti altri.\u0094<\/em><\/div>\n<div align=\"justify\">\n<p><em>\u0093Questo libro \u00e8 necessario<\/em> &#8211; conclude l\u0092&#8217;autore, il giornalista di <strong><a href=\"http:\/\/www.altreconomia.it\/site\/\" target=\"_blank\">Altreconomia<\/a> Duccio Facchini<\/strong> &#8211; <em>perch\u00e9 racconta la storia di un ragazzo di 31 anni nato a Roma e morto nell\u0092ottobre del 2009 in un ospedale-carcere della sua citt\u00e0. Aveva una madre, un padre, una sorella, degli amici e dei nemici, un cane, una macchina in arrivo, una casa e uno sport preferito. Un gioved\u00ec sera, dopo il lavoro, una cena in famiglia e la palestra, \u00e8 stato arrestato e &#8211; dopo sette giorni &#8211; \u00e8 morto. Una vita normale, con inciampi sofferenze e sbagli normali, finita in un modo che normale non \u00e8. E se \u00e8 molto probabile, ma non certo, che &#8216;possa succedere a chiunque&#8217;, \u00e8 un dato di fatto che ci\u00f2 sia successo a Stefano. Ed \u00e8 normale ricordarlo.<\/em><\/p>\n<p>Un libro scritto con l&#8217;aiuto della famiglia di Stefano, dell&#8217;\u0092avvocato <strong>Fabio Anselmo<\/strong> e con importanti contributi di numerosi esperti su temi quali l\u0092\u0093&#8217;esercizio esclusivo della forza\u0094 da parte dello Stato, <strong>la situazione delle carceri italiane<\/strong>, il <strong>reato di tortura<\/strong>, la <strong>legge Fini-Giovanardi<\/strong> <strong>sulle droghe<\/strong>. Prefazione di <strong>Luigi Manconi<\/strong> fondatore di \u0093A buon diritto\u0094 e <strong>presidente della Commissione straordinaria per la tutela e la promozione dei diritti umani del Senato<\/strong> e Valentina Calderone, giornalista e direttrice di \u0093A buon diritto\u0094. Testi di Ilaria e Giovanni Cucchi, <strong>Patrizio Gonnella<\/strong>, presidente di Antigone, interviste a <strong>Mauro Palma<\/strong>, presidente della Commissione ministeriale sul sovraffollamento degli istituti penitenziari italiani e al giornalista Lorenzo Guadagnucci.<\/p>\n<\/div>\n","protected":false},"excerpt":{"rendered":"<p>Venerd\u00ec 29 novembre 2013 ore 18.30, Sala dei Matrimoni, Palazzo Reale, Milano A 4 anni dalla morte di Stefano Cucchi, Altreconomia presenta il libro-inchiesta Accanto all\u0092autore Duccio Facchiniinterverranno i genitori di Stefano, Rita e Giovanni Cucchi. A portare un saluto&hellip;<\/p>\n","protected":false},"author":594,"featured_media":0,"comment_status":"closed","ping_status":"open","sticky":false,"template":"","format":"standard","meta":{"footnotes":""},"categories":[150,56,47],"tags":[3344,284,1311,286],"class_list":["post-78683","post","type-post","status-publish","format-standard","hentry","category-comunicati-stampa","category-cultura","category-europa","tag-carceri","tag-diritti-civili","tag-libro","tag-milano"],"yoast_head":"<!-- This site is optimized with the Yoast SEO plugin v27.1.1 - https:\/\/yoast.com\/product\/yoast-seo-wordpress\/ -->\n<title>Mi cercarono l&#039;anima: storia di Stefano Cucchi<\/title>\n<meta name=\"description\" content=\"Venerd\u00ec 29 novembre 2013 ore 18.30, Sala dei Matrimoni, Palazzo Reale, Milano A 4 anni dalla morte di Stefano Cucchi, Altreconomia presenta il\" \/>\n<meta name=\"robots\" content=\"index, follow, max-snippet:-1, max-image-preview:large, max-video-preview:-1\" \/>\n<link rel=\"canonical\" href=\"https:\/\/www.pressenza.com\/it\/2013\/11\/mi-cercarono-lanima-storia-di-stefano-cucchi\/\" \/>\n<meta property=\"og:locale\" content=\"it_IT\" \/>\n<meta property=\"og:type\" content=\"article\" \/>\n<meta property=\"og:title\" content=\"Mi cercarono l&#039;anima: storia di Stefano Cucchi\" \/>\n<meta property=\"og:description\" content=\"Venerd\u00ec 29 novembre 2013 ore 18.30, Sala dei Matrimoni, Palazzo Reale, Milano A 4 anni dalla morte di Stefano Cucchi, Altreconomia presenta il\" \/>\n<meta property=\"og:url\" content=\"https:\/\/www.pressenza.com\/it\/2013\/11\/mi-cercarono-lanima-storia-di-stefano-cucchi\/\" \/>\n<meta property=\"og:site_name\" content=\"Pressenza\" \/>\n<meta property=\"article:publisher\" content=\"https:\/\/www.facebook.com\/PressenzaItalia\" \/>\n<meta property=\"article:author\" content=\"https:\/\/www.facebook.com\/PressenzaItalia\" \/>\n<meta property=\"article:published_time\" content=\"2013-11-28T14:25:45+00:00\" \/>\n<meta property=\"article:modified_time\" content=\"2013-11-28T14:26:31+00:00\" \/>\n<meta property=\"og:image\" content=\"http:\/\/www.altreconomia.it\/img\/cop_micercaronolanima.jpg\" \/>\n<meta name=\"author\" content=\"Redazione Italia\" \/>\n<meta name=\"twitter:card\" content=\"summary_large_image\" \/>\n<meta name=\"twitter:creator\" content=\"@pressenza_it\" \/>\n<meta name=\"twitter:site\" content=\"@PressenzaIPA\" \/>\n<meta name=\"twitter:label1\" content=\"Scritto da\" \/>\n\t<meta name=\"twitter:data1\" content=\"Redazione Italia\" \/>\n\t<meta name=\"twitter:label2\" content=\"Tempo di lettura stimato\" \/>\n\t<meta name=\"twitter:data2\" content=\"3 minuti\" \/>\n<script type=\"application\/ld+json\" class=\"yoast-schema-graph\">{\"@context\":\"https:\/\/schema.org\",\"@graph\":[{\"@type\":\"Article\",\"@id\":\"https:\/\/www.pressenza.com\/it\/2013\/11\/mi-cercarono-lanima-storia-di-stefano-cucchi\/#article\",\"isPartOf\":{\"@id\":\"https:\/\/www.pressenza.com\/it\/2013\/11\/mi-cercarono-lanima-storia-di-stefano-cucchi\/\"},\"author\":{\"name\":\"Redazione Italia\",\"@id\":\"https:\/\/www.pressenza.com\/it\/#\/schema\/person\/d983e81827ae24f2c7b1a2123d197f8d\"},\"headline\":\"Mi cercarono l&#8217;anima: storia di Stefano Cucchi\",\"datePublished\":\"2013-11-28T14:25:45+00:00\",\"dateModified\":\"2013-11-28T14:26:31+00:00\",\"mainEntityOfPage\":{\"@id\":\"https:\/\/www.pressenza.com\/it\/2013\/11\/mi-cercarono-lanima-storia-di-stefano-cucchi\/\"},\"wordCount\":638,\"publisher\":{\"@id\":\"https:\/\/www.pressenza.com\/it\/#organization\"},\"image\":{\"@id\":\"https:\/\/www.pressenza.com\/it\/2013\/11\/mi-cercarono-lanima-storia-di-stefano-cucchi\/#primaryimage\"},\"thumbnailUrl\":\"http:\/\/www.altreconomia.it\/img\/cop_micercaronolanima.jpg\",\"keywords\":[\"carceri\",\"Diritti Civili\",\"libro\",\"Milano\"],\"articleSection\":[\"Comunicati Stampa\",\"Cultura e Media\",\"Europa\"],\"inLanguage\":\"it-IT\"},{\"@type\":\"WebPage\",\"@id\":\"https:\/\/www.pressenza.com\/it\/2013\/11\/mi-cercarono-lanima-storia-di-stefano-cucchi\/\",\"url\":\"https:\/\/www.pressenza.com\/it\/2013\/11\/mi-cercarono-lanima-storia-di-stefano-cucchi\/\",\"name\":\"Mi cercarono l'anima: storia di Stefano Cucchi\",\"isPartOf\":{\"@id\":\"https:\/\/www.pressenza.com\/it\/#website\"},\"primaryImageOfPage\":{\"@id\":\"https:\/\/www.pressenza.com\/it\/2013\/11\/mi-cercarono-lanima-storia-di-stefano-cucchi\/#primaryimage\"},\"image\":{\"@id\":\"https:\/\/www.pressenza.com\/it\/2013\/11\/mi-cercarono-lanima-storia-di-stefano-cucchi\/#primaryimage\"},\"thumbnailUrl\":\"http:\/\/www.altreconomia.it\/img\/cop_micercaronolanima.jpg\",\"datePublished\":\"2013-11-28T14:25:45+00:00\",\"dateModified\":\"2013-11-28T14:26:31+00:00\",\"description\":\"Venerd\u00ec 29 novembre 2013 ore 18.30, Sala dei Matrimoni, Palazzo Reale, Milano A 4 anni dalla morte di Stefano Cucchi, Altreconomia presenta il\",\"breadcrumb\":{\"@id\":\"https:\/\/www.pressenza.com\/it\/2013\/11\/mi-cercarono-lanima-storia-di-stefano-cucchi\/#breadcrumb\"},\"inLanguage\":\"it-IT\",\"potentialAction\":[{\"@type\":\"ReadAction\",\"target\":[\"https:\/\/www.pressenza.com\/it\/2013\/11\/mi-cercarono-lanima-storia-di-stefano-cucchi\/\"]}]},{\"@type\":\"ImageObject\",\"inLanguage\":\"it-IT\",\"@id\":\"https:\/\/www.pressenza.com\/it\/2013\/11\/mi-cercarono-lanima-storia-di-stefano-cucchi\/#primaryimage\",\"url\":\"http:\/\/www.altreconomia.it\/img\/cop_micercaronolanima.jpg\",\"contentUrl\":\"http:\/\/www.altreconomia.it\/img\/cop_micercaronolanima.jpg\"},{\"@type\":\"BreadcrumbList\",\"@id\":\"https:\/\/www.pressenza.com\/it\/2013\/11\/mi-cercarono-lanima-storia-di-stefano-cucchi\/#breadcrumb\",\"itemListElement\":[{\"@type\":\"ListItem\",\"position\":1,\"name\":\"Accueil\",\"item\":\"https:\/\/www.pressenza.com\/it\/\"},{\"@type\":\"ListItem\",\"position\":2,\"name\":\"Mi cercarono l&#8217;anima: storia di Stefano Cucchi\"}]},{\"@type\":\"WebSite\",\"@id\":\"https:\/\/www.pressenza.com\/it\/#website\",\"url\":\"https:\/\/www.pressenza.com\/it\/\",\"name\":\"Pressenza\",\"description\":\"Agenzia di Stampa Internazionale\",\"publisher\":{\"@id\":\"https:\/\/www.pressenza.com\/it\/#organization\"},\"potentialAction\":[{\"@type\":\"SearchAction\",\"target\":{\"@type\":\"EntryPoint\",\"urlTemplate\":\"https:\/\/www.pressenza.com\/it\/?s={search_term_string}\"},\"query-input\":{\"@type\":\"PropertyValueSpecification\",\"valueRequired\":true,\"valueName\":\"search_term_string\"}}],\"inLanguage\":\"it-IT\"},{\"@type\":\"Organization\",\"@id\":\"https:\/\/www.pressenza.com\/it\/#organization\",\"name\":\"Pressenza\",\"url\":\"https:\/\/www.pressenza.com\/it\/\",\"logo\":{\"@type\":\"ImageObject\",\"inLanguage\":\"it-IT\",\"@id\":\"https:\/\/www.pressenza.com\/it\/#\/schema\/logo\/image\/\",\"url\":\"https:\/\/www.pressenza.com\/wp-content\/uploads\/2022\/10\/pressenza_logo_200x200.jpg\",\"contentUrl\":\"https:\/\/www.pressenza.com\/wp-content\/uploads\/2022\/10\/pressenza_logo_200x200.jpg\",\"width\":200,\"height\":200,\"caption\":\"Pressenza\"},\"image\":{\"@id\":\"https:\/\/www.pressenza.com\/it\/#\/schema\/logo\/image\/\"},\"sameAs\":[\"https:\/\/www.facebook.com\/PressenzaItalia\",\"https:\/\/x.com\/PressenzaIPA\"]},{\"@type\":\"Person\",\"@id\":\"https:\/\/www.pressenza.com\/it\/#\/schema\/person\/d983e81827ae24f2c7b1a2123d197f8d\",\"name\":\"Redazione Italia\",\"description\":\"News from the Pressenza Bureau in Italy\",\"sameAs\":[\"https:\/\/www.pressenza.com\/it\/author\/redazione-italia\/\",\"https:\/\/www.facebook.com\/PressenzaItalia\",\"https:\/\/www.instagram.com\/pressenza_italia\/\",\"https:\/\/x.com\/pressenza_it\",\"https:\/\/www.youtube.com\/channel\/UCSalEIWjE1RSxkwjfftFuqg\"],\"url\":\"https:\/\/www.pressenza.com\/it\/author\/redazione-italia\/\"}]}<\/script>\n<!-- \/ Yoast SEO plugin. -->","yoast_head_json":{"title":"Mi cercarono l'anima: storia di Stefano Cucchi","description":"Venerd\u00ec 29 novembre 2013 ore 18.30, Sala dei Matrimoni, Palazzo Reale, Milano A 4 anni dalla morte di Stefano Cucchi, Altreconomia presenta il","robots":{"index":"index","follow":"follow","max-snippet":"max-snippet:-1","max-image-preview":"max-image-preview:large","max-video-preview":"max-video-preview:-1"},"canonical":"https:\/\/www.pressenza.com\/it\/2013\/11\/mi-cercarono-lanima-storia-di-stefano-cucchi\/","og_locale":"it_IT","og_type":"article","og_title":"Mi cercarono l'anima: storia di Stefano Cucchi","og_description":"Venerd\u00ec 29 novembre 2013 ore 18.30, Sala dei Matrimoni, Palazzo Reale, Milano A 4 anni dalla morte di Stefano Cucchi, Altreconomia presenta il","og_url":"https:\/\/www.pressenza.com\/it\/2013\/11\/mi-cercarono-lanima-storia-di-stefano-cucchi\/","og_site_name":"Pressenza","article_publisher":"https:\/\/www.facebook.com\/PressenzaItalia","article_author":"https:\/\/www.facebook.com\/PressenzaItalia","article_published_time":"2013-11-28T14:25:45+00:00","article_modified_time":"2013-11-28T14:26:31+00:00","og_image":[{"url":"http:\/\/www.altreconomia.it\/img\/cop_micercaronolanima.jpg","type":"","width":"","height":""}],"author":"Redazione Italia","twitter_card":"summary_large_image","twitter_creator":"@pressenza_it","twitter_site":"@PressenzaIPA","twitter_misc":{"Scritto da":"Redazione Italia","Tempo di lettura stimato":"3 minuti"},"schema":{"@context":"https:\/\/schema.org","@graph":[{"@type":"Article","@id":"https:\/\/www.pressenza.com\/it\/2013\/11\/mi-cercarono-lanima-storia-di-stefano-cucchi\/#article","isPartOf":{"@id":"https:\/\/www.pressenza.com\/it\/2013\/11\/mi-cercarono-lanima-storia-di-stefano-cucchi\/"},"author":{"name":"Redazione Italia","@id":"https:\/\/www.pressenza.com\/it\/#\/schema\/person\/d983e81827ae24f2c7b1a2123d197f8d"},"headline":"Mi cercarono l&#8217;anima: storia di Stefano Cucchi","datePublished":"2013-11-28T14:25:45+00:00","dateModified":"2013-11-28T14:26:31+00:00","mainEntityOfPage":{"@id":"https:\/\/www.pressenza.com\/it\/2013\/11\/mi-cercarono-lanima-storia-di-stefano-cucchi\/"},"wordCount":638,"publisher":{"@id":"https:\/\/www.pressenza.com\/it\/#organization"},"image":{"@id":"https:\/\/www.pressenza.com\/it\/2013\/11\/mi-cercarono-lanima-storia-di-stefano-cucchi\/#primaryimage"},"thumbnailUrl":"http:\/\/www.altreconomia.it\/img\/cop_micercaronolanima.jpg","keywords":["carceri","Diritti Civili","libro","Milano"],"articleSection":["Comunicati Stampa","Cultura e Media","Europa"],"inLanguage":"it-IT"},{"@type":"WebPage","@id":"https:\/\/www.pressenza.com\/it\/2013\/11\/mi-cercarono-lanima-storia-di-stefano-cucchi\/","url":"https:\/\/www.pressenza.com\/it\/2013\/11\/mi-cercarono-lanima-storia-di-stefano-cucchi\/","name":"Mi cercarono l'anima: storia di Stefano Cucchi","isPartOf":{"@id":"https:\/\/www.pressenza.com\/it\/#website"},"primaryImageOfPage":{"@id":"https:\/\/www.pressenza.com\/it\/2013\/11\/mi-cercarono-lanima-storia-di-stefano-cucchi\/#primaryimage"},"image":{"@id":"https:\/\/www.pressenza.com\/it\/2013\/11\/mi-cercarono-lanima-storia-di-stefano-cucchi\/#primaryimage"},"thumbnailUrl":"http:\/\/www.altreconomia.it\/img\/cop_micercaronolanima.jpg","datePublished":"2013-11-28T14:25:45+00:00","dateModified":"2013-11-28T14:26:31+00:00","description":"Venerd\u00ec 29 novembre 2013 ore 18.30, Sala dei Matrimoni, Palazzo Reale, Milano A 4 anni dalla morte di Stefano Cucchi, Altreconomia presenta il","breadcrumb":{"@id":"https:\/\/www.pressenza.com\/it\/2013\/11\/mi-cercarono-lanima-storia-di-stefano-cucchi\/#breadcrumb"},"inLanguage":"it-IT","potentialAction":[{"@type":"ReadAction","target":["https:\/\/www.pressenza.com\/it\/2013\/11\/mi-cercarono-lanima-storia-di-stefano-cucchi\/"]}]},{"@type":"ImageObject","inLanguage":"it-IT","@id":"https:\/\/www.pressenza.com\/it\/2013\/11\/mi-cercarono-lanima-storia-di-stefano-cucchi\/#primaryimage","url":"http:\/\/www.altreconomia.it\/img\/cop_micercaronolanima.jpg","contentUrl":"http:\/\/www.altreconomia.it\/img\/cop_micercaronolanima.jpg"},{"@type":"BreadcrumbList","@id":"https:\/\/www.pressenza.com\/it\/2013\/11\/mi-cercarono-lanima-storia-di-stefano-cucchi\/#breadcrumb","itemListElement":[{"@type":"ListItem","position":1,"name":"Accueil","item":"https:\/\/www.pressenza.com\/it\/"},{"@type":"ListItem","position":2,"name":"Mi cercarono l&#8217;anima: storia di Stefano Cucchi"}]},{"@type":"WebSite","@id":"https:\/\/www.pressenza.com\/it\/#website","url":"https:\/\/www.pressenza.com\/it\/","name":"Pressenza","description":"Agenzia di Stampa Internazionale","publisher":{"@id":"https:\/\/www.pressenza.com\/it\/#organization"},"potentialAction":[{"@type":"SearchAction","target":{"@type":"EntryPoint","urlTemplate":"https:\/\/www.pressenza.com\/it\/?s={search_term_string}"},"query-input":{"@type":"PropertyValueSpecification","valueRequired":true,"valueName":"search_term_string"}}],"inLanguage":"it-IT"},{"@type":"Organization","@id":"https:\/\/www.pressenza.com\/it\/#organization","name":"Pressenza","url":"https:\/\/www.pressenza.com\/it\/","logo":{"@type":"ImageObject","inLanguage":"it-IT","@id":"https:\/\/www.pressenza.com\/it\/#\/schema\/logo\/image\/","url":"https:\/\/www.pressenza.com\/wp-content\/uploads\/2022\/10\/pressenza_logo_200x200.jpg","contentUrl":"https:\/\/www.pressenza.com\/wp-content\/uploads\/2022\/10\/pressenza_logo_200x200.jpg","width":200,"height":200,"caption":"Pressenza"},"image":{"@id":"https:\/\/www.pressenza.com\/it\/#\/schema\/logo\/image\/"},"sameAs":["https:\/\/www.facebook.com\/PressenzaItalia","https:\/\/x.com\/PressenzaIPA"]},{"@type":"Person","@id":"https:\/\/www.pressenza.com\/it\/#\/schema\/person\/d983e81827ae24f2c7b1a2123d197f8d","name":"Redazione Italia","description":"News from the Pressenza Bureau in Italy","sameAs":["https:\/\/www.pressenza.com\/it\/author\/redazione-italia\/","https:\/\/www.facebook.com\/PressenzaItalia","https:\/\/www.instagram.com\/pressenza_italia\/","https:\/\/x.com\/pressenza_it","https:\/\/www.youtube.com\/channel\/UCSalEIWjE1RSxkwjfftFuqg"],"url":"https:\/\/www.pressenza.com\/it\/author\/redazione-italia\/"}]}},"place":"","original_article_url":"","_links":{"self":[{"href":"https:\/\/www.pressenza.com\/it\/wp-json\/wp\/v2\/posts\/78683","targetHints":{"allow":["GET"]}}],"collection":[{"href":"https:\/\/www.pressenza.com\/it\/wp-json\/wp\/v2\/posts"}],"about":[{"href":"https:\/\/www.pressenza.com\/it\/wp-json\/wp\/v2\/types\/post"}],"author":[{"embeddable":true,"href":"https:\/\/www.pressenza.com\/it\/wp-json\/wp\/v2\/users\/594"}],"replies":[{"embeddable":true,"href":"https:\/\/www.pressenza.com\/it\/wp-json\/wp\/v2\/comments?post=78683"}],"version-history":[{"count":0,"href":"https:\/\/www.pressenza.com\/it\/wp-json\/wp\/v2\/posts\/78683\/revisions"}],"wp:attachment":[{"href":"https:\/\/www.pressenza.com\/it\/wp-json\/wp\/v2\/media?parent=78683"}],"wp:term":[{"taxonomy":"category","embeddable":true,"href":"https:\/\/www.pressenza.com\/it\/wp-json\/wp\/v2\/categories?post=78683"},{"taxonomy":"post_tag","embeddable":true,"href":"https:\/\/www.pressenza.com\/it\/wp-json\/wp\/v2\/tags?post=78683"}],"curies":[{"name":"wp","href":"https:\/\/api.w.org\/{rel}","templated":true}]}}